{"id":432,"date":"2021-04-23T18:55:37","date_gmt":"2021-04-23T18:55:37","guid":{"rendered":"https:\/\/samenhaus1.timmeserver.de\/?p=432"},"modified":"2023-07-13T08:12:46","modified_gmt":"2023-07-13T08:12:46","slug":"garten-fruehlingsfit-machen","status":"publish","type":"post","link":"https:\/\/www.samenhaus.de\/gartenblog\/garten-fruehlingsfit-machen","title":{"rendered":"Garten fr\u00fchlingsfit machen"},"content":{"rendered":"<p>Wenn die N\u00e4chte frostfrei bleiben, ist die Gartensaison er\u00f6ffnet und Sie k\u00f6nnen Ihren Garten fr\u00fchlingsfit machen. In der Regel ist dieser Zeitpunkt im M\u00e4rz. Wie Sie Ihren Garten fit f\u00fcr den Fr\u00fchling machen k\u00f6nnen, das erkl\u00e4ren wir Ihnen im folgenden Ratgeber.<\/p>\n<h2><span class=\"ez-toc-section\" id=\"Endlich_wieder_Gartenzeit\"><\/span>Endlich wieder Gartenzeit<span class=\"ez-toc-section-end\"><\/span><\/h2>\n<p><img loading=\"lazy\" decoding=\"async\" class=\"size-medium wp-image-2738 alignright\" src=\"https:\/\/www.samenhaus.de\/gartenblog\/wp-content\/uploads\/2022\/03\/Garten-fruehlingsfit_43752952-300x200.jpeg\" alt=\"Gartenzeit\" width=\"300\" height=\"200\" srcset=\"https:\/\/www.samenhaus.de\/gartenblog\/wp-content\/uploads\/2022\/03\/Garten-fruehlingsfit_43752952-300x200.jpeg 300w, https:\/\/www.samenhaus.de\/gartenblog\/wp-content\/uploads\/2022\/03\/Garten-fruehlingsfit_43752952-600x400.jpeg 600w, https:\/\/www.samenhaus.de\/gartenblog\/wp-content\/uploads\/2022\/03\/Garten-fruehlingsfit_43752952-2048x1365.jpeg 2048w, https:\/\/www.samenhaus.de\/gartenblog\/wp-content\/uploads\/2022\/03\/Garten-fruehlingsfit_43752952-768x512.jpeg 768w, https:\/\/www.samenhaus.de\/gartenblog\/wp-content\/uploads\/2022\/03\/Garten-fruehlingsfit_43752952-1024x683.jpeg 1024w, https:\/\/www.samenhaus.de\/gartenblog\/wp-content\/uploads\/2022\/03\/Garten-fruehlingsfit_43752952-1536x1024.jpeg 1536w\" sizes=\"auto, (max-width: 300px) 100vw, 300px\" \/>Nach dem Winter beginnt die Gartenarbeit mit einem Kontrollgang. \u00dcberpr\u00fcfen Sie in Ihrem Garten Ihre Pflanzen und schauen Sie nach, ob es Pflanzen gibt, die den Winter nicht \u00fcberstanden haben. Entfernen Sie Laub vom Rasen und von den Beeten und planen Sie, welche B\u00e4ume, Stauden oder Blumen Sie neupflanzen m\u00f6chten. Jetzt k\u00f6nnen Sie Ihre Gartenm\u00f6bel nach drau\u00dfen bringen und reinigen. Holzgartenm\u00f6bel m\u00fcssen jedes Jahr neu gestrichen oder ge\u00f6lt werden, damit Sie f\u00fcr Wind und Wetter ger\u00fcstet sind.<\/p>\n<p>Zu den ersten Gartenarbeiten geh\u00f6rt ebenfalls das Schneiden von Rosen, Str\u00e4uchern und B\u00e4umen. Auch Ihr Rasen ben\u00f6tigt einen Fr\u00fchjahrsputz. Vertikulieren Sie Ihre Rasenfl\u00e4che und befreien Sie den Rasen von Moos. Das Vertikutieren sollte nach dem ersten Rasenschnitt stattfinden. Die L\u00fccken k\u00f6nnen Sie nachs\u00e4en, damit sie im Sommer wieder eine l\u00fcckenlose Rasenfl\u00e4che haben. Sollten Sie Ihr Gem\u00fcse selbst anbauen, k\u00f6nnen Sie jetzt Ihre Beete vorbereiten.<\/p>\n<h2><span class=\"ez-toc-section\" id=\"Gemuesebeet_vorbereiten\"><\/span>Gem\u00fcsebeet vorbereiten<span class=\"ez-toc-section-end\"><\/span><\/h2>\n<p><img loading=\"lazy\" decoding=\"async\" class=\"size-medium wp-image-2742 alignright\" src=\"https:\/\/www.samenhaus.de\/gartenblog\/wp-content\/uploads\/2022\/03\/Garten-fruehlingsfit_430205939-300x200.jpeg\" alt=\"Gem\u00fcsebeet\" width=\"300\" height=\"200\" srcset=\"https:\/\/www.samenhaus.de\/gartenblog\/wp-content\/uploads\/2022\/03\/Garten-fruehlingsfit_430205939-300x200.jpeg 300w, https:\/\/www.samenhaus.de\/gartenblog\/wp-content\/uploads\/2022\/03\/Garten-fruehlingsfit_430205939-600x401.jpeg 600w, https:\/\/www.samenhaus.de\/gartenblog\/wp-content\/uploads\/2022\/03\/Garten-fruehlingsfit_430205939-768x513.jpeg 768w, https:\/\/www.samenhaus.de\/gartenblog\/wp-content\/uploads\/2022\/03\/Garten-fruehlingsfit_430205939-1024x684.jpeg 1024w, https:\/\/www.samenhaus.de\/gartenblog\/wp-content\/uploads\/2022\/03\/Garten-fruehlingsfit_430205939-1536x1025.jpeg 1536w, https:\/\/www.samenhaus.de\/gartenblog\/wp-content\/uploads\/2022\/03\/Garten-fruehlingsfit_430205939-2048x1367.jpeg 2048w\" sizes=\"auto, (max-width: 300px) 100vw, 300px\" \/>Bereiten Sie Ihre Gem\u00fcsebeete f\u00fcr die Aussaat vor. Im ersten Schritt m\u00fcssen Sie den Boden mit einer Harke auflockern und umgraben. Ziehen Sie den Boden mit einer Harke glatt und entfernen Sie Steine, Pflanzenreste und harte Erdklumpen. Anschlie\u00dfend arbeiten Sie Ihren Kompost ein. Als Faustformel gilt: F\u00fcr zwei bis drei Quadratmeter einen 10 Liter Eimer Kompost. Sollten Sie keinen eigenen Kompost besitzen, nehmen Sie als Alternative ein biologisches D\u00fcngemittel.<\/p>\n<p align=\"center\"><em>Empfehlenswert ist es, vor der Verwendung eines D\u00fcngemittels eine Bodenuntersuchung durchf\u00fchren zu lassen. Dadurch erfahren Sie, welche N\u00e4hrstoffe Ihr Gartenboden ben\u00f6tigt.<\/em><\/p>\n<p>Im M\u00e4rz k\u00f6nnen Sie beispielsweise Blumenkohl, Kohlrabi, Tomaten, Schnittlauch, Petersilie, Basilikum und Majoran auss\u00e4en. Auch M\u00f6hren, Rucola, Radieschen und Blattsalate eignen sich f\u00fcr die Aussaat im M\u00e4rz. Sind Sie nicht sicher, ob die Temperaturen bereits f\u00fcr eine Aussaat im Freien geeignet sind, k\u00f6nnen Sie Ihre Kr\u00e4uter und Gem\u00fcsepflanzen in T\u00f6pfen im Gew\u00e4chshaus oder auf der Fensterbank vorziehen.<\/p>\n<h2><span class=\"ez-toc-section\" id=\"Blumen_in_den_Garten_pflanzen\"><\/span>Blumen in den Garten pflanzen<span class=\"ez-toc-section-end\"><\/span><\/h2>\n<p><img loading=\"lazy\" decoding=\"async\" class=\"size-medium wp-image-2741 alignright\" src=\"https:\/\/www.samenhaus.de\/gartenblog\/wp-content\/uploads\/2022\/03\/Garten-fruehlingsfit_254008852-300x200.jpeg\" alt=\"Blumen pflanzen\" width=\"300\" height=\"200\" srcset=\"https:\/\/www.samenhaus.de\/gartenblog\/wp-content\/uploads\/2022\/03\/Garten-fruehlingsfit_254008852-300x200.jpeg 300w, https:\/\/www.samenhaus.de\/gartenblog\/wp-content\/uploads\/2022\/03\/Garten-fruehlingsfit_254008852-600x400.jpeg 600w, https:\/\/www.samenhaus.de\/gartenblog\/wp-content\/uploads\/2022\/03\/Garten-fruehlingsfit_254008852-2048x1365.jpeg 2048w, https:\/\/www.samenhaus.de\/gartenblog\/wp-content\/uploads\/2022\/03\/Garten-fruehlingsfit_254008852-768x512.jpeg 768w, https:\/\/www.samenhaus.de\/gartenblog\/wp-content\/uploads\/2022\/03\/Garten-fruehlingsfit_254008852-1024x683.jpeg 1024w, https:\/\/www.samenhaus.de\/gartenblog\/wp-content\/uploads\/2022\/03\/Garten-fruehlingsfit_254008852-1536x1024.jpeg 1536w\" sizes=\"auto, (max-width: 300px) 100vw, 300px\" \/>Blumen d\u00fcrfen im Garten nicht fehlen. Achten Sie beim Kauf der Pflanzen auf die Pflanzzeit und den notwendigen Standort, damit Sie einen bl\u00fchenden Garten genie\u00dfen k\u00f6nnen. Beliebte Blumen, die im Fr\u00fchling bl\u00fchen, sind Tulpen, Krokus, Schneegl\u00f6ckchen, Lilien und Narzissen. Der M\u00e4rz ist ebenfalls ein idealer Zeitpunkt, um Rosen zu pflanzen. Des Weiteren k\u00f6nnen Sie ab M\u00e4rz robuste Pflanzen wie Kornblume, Schleierkraut, Jungfer im Gr\u00fcnen und Ringelblume auss\u00e4en.<\/p>\n<h2><span class=\"ez-toc-section\" id=\"Baeume_und_Stauden_schneiden\"><\/span>B\u00e4ume und Stauden schneiden<span class=\"ez-toc-section-end\"><\/span><\/h2>\n<p><img loading=\"lazy\" decoding=\"async\" class=\"size-medium wp-image-2739 alignright\" src=\"https:\/\/www.samenhaus.de\/gartenblog\/wp-content\/uploads\/2022\/03\/Garten-fruehlingsfit_151615425-300x200.jpeg\" alt=\"Str\u00e4ucher schneiden\" width=\"300\" height=\"200\" srcset=\"https:\/\/www.samenhaus.de\/gartenblog\/wp-content\/uploads\/2022\/03\/Garten-fruehlingsfit_151615425-300x200.jpeg 300w, https:\/\/www.samenhaus.de\/gartenblog\/wp-content\/uploads\/2022\/03\/Garten-fruehlingsfit_151615425-600x400.jpeg 600w, https:\/\/www.samenhaus.de\/gartenblog\/wp-content\/uploads\/2022\/03\/Garten-fruehlingsfit_151615425-1024x683.jpeg 1024w, https:\/\/www.samenhaus.de\/gartenblog\/wp-content\/uploads\/2022\/03\/Garten-fruehlingsfit_151615425-768x513.jpeg 768w, https:\/\/www.samenhaus.de\/gartenblog\/wp-content\/uploads\/2022\/03\/Garten-fruehlingsfit_151615425-1536x1025.jpeg 1536w, https:\/\/www.samenhaus.de\/gartenblog\/wp-content\/uploads\/2022\/03\/Garten-fruehlingsfit_151615425-2048x1367.jpeg 2048w\" sizes=\"auto, (max-width: 300px) 100vw, 300px\" \/>Um den Garten fr\u00fchlingsfit zu machen, geh\u00f6ren auch Schnittarbeiten an B\u00e4umen und Stauden dazu. Sie k\u00f6nnen Stauden gro\u00dfz\u00fcgig schneiden. Damit f\u00f6rdern Sie eine reichhaltige Bl\u00fcte und starkes Wachstum. Auch Rosmarin, Lavendel und andere mehrj\u00e4hrige Kr\u00e4uter k\u00f6nnen zur\u00fcckgeschnitten werden. Es ist m\u00f6glich, dass Sie Ihre Laubh\u00f6lzer im Winter zur\u00fcckschneiden. Bei Obstb\u00e4umen sollten Sie jedoch warten, bis mit keinem Frost mehr zu rechnen ist. Bei Frost k\u00f6nnen die offenen Stellen nur schlecht verheilen. Obstb\u00e4ume sollten Sie nicht radikal schneiden, weil Sie mit einem Radikalschnitt wom\u00f6glich Triebe und Knospen entfernen. Sollte an Ihren B\u00e4umen die Rinde aufgrund des Frostes aufgerissen sein, m\u00fcssen Sie die R\u00e4nder der besch\u00e4digten Stellen aufschneiden und mit einem Wundbalsam bestreichen.<\/p>\n<p align=\"center\"><em>Beseitigen Sie Misteln, die sich in Ihren B\u00e4umen befinden, denn diese nehmen den B\u00e4umen Mineralstoffe weg.<\/em><\/p>\n<h2><span class=\"ez-toc-section\" id=\"Boden_und_Pflanzen_duengen\"><\/span>Boden und Pflanzen d\u00fcngen<span class=\"ez-toc-section-end\"><\/span><\/h2>\n<p><img loading=\"lazy\" decoding=\"async\" class=\"size-medium wp-image-2740 alignright\" src=\"https:\/\/www.samenhaus.de\/gartenblog\/wp-content\/uploads\/2022\/03\/Garten-fruehlingsfit_204287225-300x200.jpeg\" alt=\"D\u00fcngen Fr\u00fchling\" width=\"300\" height=\"200\" srcset=\"https:\/\/www.samenhaus.de\/gartenblog\/wp-content\/uploads\/2022\/03\/Garten-fruehlingsfit_204287225-300x200.jpeg 300w, https:\/\/www.samenhaus.de\/gartenblog\/wp-content\/uploads\/2022\/03\/Garten-fruehlingsfit_204287225-600x401.jpeg 600w, https:\/\/www.samenhaus.de\/gartenblog\/wp-content\/uploads\/2022\/03\/Garten-fruehlingsfit_204287225-768x513.jpeg 768w, https:\/\/www.samenhaus.de\/gartenblog\/wp-content\/uploads\/2022\/03\/Garten-fruehlingsfit_204287225-1024x684.jpeg 1024w, https:\/\/www.samenhaus.de\/gartenblog\/wp-content\/uploads\/2022\/03\/Garten-fruehlingsfit_204287225-1536x1025.jpeg 1536w, https:\/\/www.samenhaus.de\/gartenblog\/wp-content\/uploads\/2022\/03\/Garten-fruehlingsfit_204287225-2048x1367.jpeg 2048w\" sizes=\"auto, (max-width: 300px) 100vw, 300px\" \/>Nach der kalten Jahreszeit sollten Sie Ihren Pflanzen und dem Boden N\u00e4hrstoffe bieten. F\u00fcr Pflanzen, die Fr\u00fcchte und Bl\u00fcten bilden, ist ein Langzeitd\u00fcnger zu empfehlen. Ansonsten hat jede Pflanze ihre eigenen N\u00e4hrstoffbed\u00fcrfnisse. Bevor Sie den falschen D\u00fcnger w\u00e4hlen, sollten Sie sich \u00fcber die Bed\u00fcrfnisse der Pflanzen in Ihrem Garten informieren. Die folgenden Angaben gelten als Anhaltspunkte:<\/p>\n<h3><span class=\"ez-toc-section\" id=\"Kompost\"><\/span>Kompost<span class=\"ez-toc-section-end\"><\/span><\/h3>\n<p>Ein mit Gesteinsmehl angereicherter Gartenkompost enth\u00e4lt alle wichtigen N\u00e4hrstoffe. Au\u00dferdem verbessert Kompost den Gartenboden, da sich in ihm zudem Pilze und Mikroorganismen befinden. Sie k\u00f6nnen den Kompost im Fr\u00fchling in Ihre Beete einarbeiten. Aber Vorsicht: Manche Pflanzen vertragen keinen Kompost, weil er einen hohen Kalkgehalt aufweist. Dazu geh\u00f6ren Rhododendren, Cranberries und andere Moorbeetpflanzen sowie mediterrane Pflanzen.<\/p>\n<h3><span class=\"ez-toc-section\" id=\"Universalduenger\"><\/span>Universald\u00fcnger<span class=\"ez-toc-section-end\"><\/span><\/h3>\n<p>Blaukorn oder andere Volld\u00fcnger, die Sie im Handel bekommen, enthalten verschiedene N\u00e4hrsalze. Auf der Verpackung lesen Sie beispielsweise 14-11-16. Diese Angaben gelten f\u00fcr Nitrogenium (Stickstoff), Phosphor und Kalium. Bei dem Beispiel w\u00fcrden sich im D\u00fcnger 14 Prozent Stickstoff, 11 Prozent Phosphor und 16 Prozent Kalium befinden. Dies sind die drei Hauptn\u00e4hrsalze, wobei Stickstoff f\u00fcr das Wachstum der Bl\u00e4tter, Phosphor f\u00fcr die Fr\u00fcchte und Bl\u00fcten und Kalium f\u00fcr feste und gesunde Pflanzenzellen notwendig sind. In den meisten Universald\u00fcngern befinden sich weitere N\u00e4hrstoffe wie Magnesium, Mangan, Eisen oder Kupfer.<\/p>\n<p>Im Handel erhalten sie mineralische oder organische Universald\u00fcnger. Beide Varianten enthalten alle notwendigen Substanzen. Die Komponenten, die von der Pflanze nicht verwertet werden, bleiben im Gartenboden. Damit keine \u00dcberd\u00fcngung passieren kann, ist ein organischer D\u00fcnger zu empfehlen, denn bei diesem D\u00fcnger sind die Substanzen organisch gebunden. Sie k\u00f6nnen somit von der Pflanze direkt aufgenommen werden, w\u00e4hrend die Substanzen der mineralischen D\u00fcnger zun\u00e4chst von den Organismen im Boden mineralisiert werden m\u00fcssen.<\/p>\n<h3><span class=\"ez-toc-section\" id=\"Hornmehl_oder_Hornspaene\"><\/span>Hornmehl oder Hornsp\u00e4ne<span class=\"ez-toc-section-end\"><\/span><\/h3>\n<p>Bei Hornmehl oder Hornsp\u00e4nen handelt es sich um einen organischen D\u00fcnger, der aus Huf- und Hornh\u00e4cksel besteht. Die Hufe und H\u00f6rner stammen von Schlachttieren und weisen einen hohen Gehalt an Stickstoff vor. Gartenb\u00f6den mit einer \u00dcberversorgung an Kalium und Phosphor w\u00e4ren mit einem Volld\u00fcnger zu stark belastet. In dem Fall ist zu Hornsp\u00e4nen oder Hornmehl zu raten. Hornmehl wird von den Pflanzen schneller verwertet. Hornsp\u00e4ne m\u00fcssen zun\u00e4chst von den Mikroorganismen im Boden zersetzt werden, damit sich die N\u00e4hrstoffe aufspalten und von den Pflanzen aufgenommen werden k\u00f6nnen. Aufgrund der langsamen Verwertung gelten Hornsp\u00e4ne als Langzeitd\u00fcnger.<\/p>\n<h3><span class=\"ez-toc-section\" id=\"Rasenduenger\"><\/span>Rasend\u00fcnger<span class=\"ez-toc-section-end\"><\/span><\/h3>\n<p>Der N\u00e4hrstoffbedarf der Gr\u00e4ser ist bei Rasenfl\u00e4chen besonders hoch. Der Bedarf wird zudem durch das M\u00e4hen des Rasens erh\u00f6ht. Damit Sie wissen, welche N\u00e4hrstoffe Ihr Rasen ben\u00f6tigt, sollten Sie alle drei Jahre eine Bodenanalyse durchf\u00fchren. Um die Rasenfl\u00e4che fr\u00fchlingsfit zu machen, sollten Sie einen Langzeitd\u00fcnger verwenden, der stickstoffbetont ist.<\/p>\n<h3><span class=\"ez-toc-section\" id=\"Spezialduenger_fuer_Zierpflanzen\"><\/span>Speziald\u00fcnger f\u00fcr Zierpflanzen<span class=\"ez-toc-section-end\"><\/span><\/h3>\n<p>Rhododendron, Heidelbeeren, Azaleen und anderen Pflanzen, die in sauren B\u00f6den gedeihen, ben\u00f6tigen einen salzarmen D\u00fcnger, der reichhaltig an Kalium und Phosphat ist und wenig Stickstoff enth\u00e4lt. F\u00fcr diese Pflanzen finden Sie im Handel Rhododendron-D\u00fcnger, den Sie auch f\u00fcr andere Pflanzen verwenden k\u00f6nnen, bei denen der pH-Wert des Bodens niedrig gehalten werden muss. F\u00fcr Orchideen sollten Sie einen Orchideend\u00fcnger kaufen.<\/p>\n<p>&nbsp;<\/p>\n","protected":false},"excerpt":{"rendered":"<p>Wenn die N\u00e4chte frostfrei bleiben, ist die Gartensaison er\u00f6ffnet und Sie k\u00f6nnen Ihren Garten fr\u00fchlingsfit machen. In der Regel ist dieser Zeitpunkt im M\u00e4rz. Wie Sie Ihren Garten fit f\u00fcr den Fr\u00fchling machen k\u00f6nnen, das erkl\u00e4ren wir Ihnen im folgenden Ratgeber. Endlich wieder Gartenzeit Nach dem Winter beginnt die Gartenarbeit mit einem Kontrollgang. \u00dcberpr\u00fcfen Sie in Ihrem Garten Ihre Pflanzen und schauen Sie nach, ob es Pflanzen gibt, die den Winter nicht \u00fcberstanden haben. Entfernen Sie Laub vom Rasen und von den Beeten und planen Sie, welche B\u00e4ume, Stauden oder Blumen Sie neupflanzen m\u00f6chten. Jetzt k\u00f6nnen Sie Ihre Gartenm\u00f6bel nach drau\u00dfen bringen und reinigen. Holzgartenm\u00f6bel m\u00fcssen jedes Jahr neu gestrichen oder ge\u00f6lt werden, damit Sie f\u00fcr Wind und Wetter ger\u00fcstet sind. Zu den ersten Gartenarbeiten geh\u00f6rt ebenfalls das Schneiden von Rosen, Str\u00e4uchern und B\u00e4umen. Auch Ihr Rasen ben\u00f6tigt einen Fr\u00fchjahrsputz. Vertikulieren Sie Ihre Rasenfl\u00e4che und befreien Sie den Rasen von Moos. Das Vertikutieren sollte nach dem ersten Rasenschnitt stattfinden. Die L\u00fccken k\u00f6nnen Sie nachs\u00e4en, damit sie im Sommer wieder eine l\u00fcckenlose Rasenfl\u00e4che haben. Sollten Sie Ihr Gem\u00fcse selbst anbauen, k\u00f6nnen Sie jetzt Ihre Beete vorbereiten. Gem\u00fcsebeet vorbereiten Bereiten Sie Ihre Gem\u00fcsebeete f\u00fcr die Aussaat vor. Im ersten Schritt m\u00fcssen Sie [&hellip;]<\/p>\n","protected":false},"author":7,"featured_media":683,"comment_status":"open","ping_status":"open","sticky":false,"template":"","format":"standard","meta":{"_acf_changed":false,"footnotes":""},"categories":[1],"tags":[],"hersteller":[],"class_list":["post-432","post","type-post","status-publish","format-standard","has-post-thumbnail","hentry","category-allgemein"],"acf":[],"yoast_head":"<!-- This site is optimized with the Yoast SEO plugin v27.4 - https:\/\/yoast.com\/product\/yoast-seo-wordpress\/ -->\n<title>Garten fr\u00fchlingsfit machen - Samenhaus Gartenblog<\/title>\n<meta name=\"description\" content=\"Damit Sie in die neue Saison gut starten k\u00f6nnen, sollten Sie Ihren Garten fit f\u00fcr den Fr\u00fchling machen. Wir geben Ihnen eine kleine Checkliste an die Hand.\" \/>\n<meta name=\"robots\" content=\"index, follow, max-snippet:-1, max-image-preview:large, max-video-preview:-1\" \/>\n<link rel=\"canonical\" href=\"https:\/\/www.samenhaus.de\/gartenblog\/garten-fruehlingsfit-machen\" \/>\n<meta property=\"og:locale\" content=\"de_DE\" \/>\n<meta property=\"og:type\" content=\"article\" \/>\n<meta property=\"og:title\" content=\"Garten fr\u00fchlingsfit machen - Samenhaus Gartenblog\" \/>\n<meta property=\"og:description\" content=\"Damit Sie in die neue Saison gut starten k\u00f6nnen, sollten Sie Ihren Garten fit f\u00fcr den Fr\u00fchling machen. Wir geben Ihnen eine kleine Checkliste an die Hand.\" \/>\n<meta property=\"og:url\" content=\"https:\/\/www.samenhaus.de\/gartenblog\/garten-fruehlingsfit-machen\" \/>\n<meta property=\"og:site_name\" content=\"Samenhaus Gartenblog\" \/>\n<meta property=\"article:publisher\" content=\"https:\/\/de-de.facebook.com\/samenhaus\" \/>\n<meta property=\"article:published_time\" content=\"2021-04-23T18:55:37+00:00\" \/>\n<meta property=\"article:modified_time\" content=\"2023-07-13T08:12:46+00:00\" \/>\n<meta property=\"og:image\" content=\"https:\/\/www.samenhaus.de\/gartenblog\/wp-content\/uploads\/2021\/03\/AdobeStock_301187838.jpg\" \/>\n\t<meta property=\"og:image:width\" content=\"1000\" \/>\n\t<meta property=\"og:image:height\" content=\"563\" \/>\n\t<meta property=\"og:image:type\" content=\"image\/jpeg\" \/>\n<meta name=\"author\" content=\"Fritz\" \/>\n<meta name=\"twitter:card\" content=\"summary_large_image\" \/>\n<meta name=\"twitter:creator\" content=\"@samenhaus\" \/>\n<meta name=\"twitter:site\" content=\"@samenhaus\" \/>\n<meta name=\"twitter:label1\" content=\"Verfasst von\" \/>\n\t<meta name=\"twitter:data1\" content=\"Fritz\" \/>\n\t<meta name=\"twitter:label2\" content=\"Gesch\u00e4tzte Lesezeit\" \/>\n\t<meta name=\"twitter:data2\" content=\"7\u00a0Minuten\" \/>\n<script type=\"application\/ld+json\" class=\"yoast-schema-graph\">{\"@context\":\"https:\\\/\\\/schema.org\",\"@graph\":[{\"@type\":\"Article\",\"@id\":\"https:\\\/\\\/www.samenhaus.de\\\/gartenblog\\\/garten-fruehlingsfit-machen#article\",\"isPartOf\":{\"@id\":\"https:\\\/\\\/www.samenhaus.de\\\/gartenblog\\\/garten-fruehlingsfit-machen\"},\"author\":{\"name\":\"Fritz\",\"@id\":\"https:\\\/\\\/www.samenhaus.de\\\/gartenblog\\\/#\\\/schema\\\/person\\\/a0608c49bb909de7ed33e44abc853c6b\"},\"headline\":\"Garten fr\u00fchlingsfit machen\",\"datePublished\":\"2021-04-23T18:55:37+00:00\",\"dateModified\":\"2023-07-13T08:12:46+00:00\",\"mainEntityOfPage\":{\"@id\":\"https:\\\/\\\/www.samenhaus.de\\\/gartenblog\\\/garten-fruehlingsfit-machen\"},\"wordCount\":1198,\"commentCount\":0,\"publisher\":{\"@id\":\"https:\\\/\\\/www.samenhaus.de\\\/gartenblog\\\/#organization\"},\"image\":{\"@id\":\"https:\\\/\\\/www.samenhaus.de\\\/gartenblog\\\/garten-fruehlingsfit-machen#primaryimage\"},\"thumbnailUrl\":\"https:\\\/\\\/www.samenhaus.de\\\/gartenblog\\\/wp-content\\\/uploads\\\/2021\\\/03\\\/AdobeStock_301187838.jpg\",\"inLanguage\":\"de\",\"potentialAction\":[{\"@type\":\"CommentAction\",\"name\":\"Comment\",\"target\":[\"https:\\\/\\\/www.samenhaus.de\\\/gartenblog\\\/garten-fruehlingsfit-machen#respond\"]}],\"copyrightYear\":\"2021\",\"copyrightHolder\":{\"@id\":\"https:\\\/\\\/www.samenhaus.de\\\/gartenblog\\\/#organization\"}},{\"@type\":\"WebPage\",\"@id\":\"https:\\\/\\\/www.samenhaus.de\\\/gartenblog\\\/garten-fruehlingsfit-machen\",\"url\":\"https:\\\/\\\/www.samenhaus.de\\\/gartenblog\\\/garten-fruehlingsfit-machen\",\"name\":\"Garten fr\u00fchlingsfit machen - Samenhaus Gartenblog\",\"isPartOf\":{\"@id\":\"https:\\\/\\\/www.samenhaus.de\\\/gartenblog\\\/#website\"},\"primaryImageOfPage\":{\"@id\":\"https:\\\/\\\/www.samenhaus.de\\\/gartenblog\\\/garten-fruehlingsfit-machen#primaryimage\"},\"image\":{\"@id\":\"https:\\\/\\\/www.samenhaus.de\\\/gartenblog\\\/garten-fruehlingsfit-machen#primaryimage\"},\"thumbnailUrl\":\"https:\\\/\\\/www.samenhaus.de\\\/gartenblog\\\/wp-content\\\/uploads\\\/2021\\\/03\\\/AdobeStock_301187838.jpg\",\"datePublished\":\"2021-04-23T18:55:37+00:00\",\"dateModified\":\"2023-07-13T08:12:46+00:00\",\"description\":\"Damit Sie in die neue Saison gut starten k\u00f6nnen, sollten Sie Ihren Garten fit f\u00fcr den Fr\u00fchling machen. Wir geben Ihnen eine kleine Checkliste an die Hand.\",\"breadcrumb\":{\"@id\":\"https:\\\/\\\/www.samenhaus.de\\\/gartenblog\\\/garten-fruehlingsfit-machen#breadcrumb\"},\"inLanguage\":\"de\",\"potentialAction\":[{\"@type\":\"ReadAction\",\"target\":[\"https:\\\/\\\/www.samenhaus.de\\\/gartenblog\\\/garten-fruehlingsfit-machen\"]}]},{\"@type\":\"ImageObject\",\"inLanguage\":\"de\",\"@id\":\"https:\\\/\\\/www.samenhaus.de\\\/gartenblog\\\/garten-fruehlingsfit-machen#primaryimage\",\"url\":\"https:\\\/\\\/www.samenhaus.de\\\/gartenblog\\\/wp-content\\\/uploads\\\/2021\\\/03\\\/AdobeStock_301187838.jpg\",\"contentUrl\":\"https:\\\/\\\/www.samenhaus.de\\\/gartenblog\\\/wp-content\\\/uploads\\\/2021\\\/03\\\/AdobeStock_301187838.jpg\",\"width\":1000,\"height\":563,\"caption\":\"Gartenarbeit im Fr\u00fchling\"},{\"@type\":\"BreadcrumbList\",\"@id\":\"https:\\\/\\\/www.samenhaus.de\\\/gartenblog\\\/garten-fruehlingsfit-machen#breadcrumb\",\"itemListElement\":[{\"@type\":\"ListItem\",\"position\":1,\"name\":\"Startseite\",\"item\":\"https:\\\/\\\/www.samenhaus.de\\\/gartenblog\\\/\"},{\"@type\":\"ListItem\",\"position\":2,\"name\":\"Garten fr\u00fchlingsfit machen\"}]},{\"@type\":\"WebSite\",\"@id\":\"https:\\\/\\\/www.samenhaus.de\\\/gartenblog\\\/#website\",\"url\":\"https:\\\/\\\/www.samenhaus.de\\\/gartenblog\\\/\",\"name\":\"Samenhaus Gartenblog\",\"description\":\"\",\"publisher\":{\"@id\":\"https:\\\/\\\/www.samenhaus.de\\\/gartenblog\\\/#organization\"},\"potentialAction\":[{\"@type\":\"SearchAction\",\"target\":{\"@type\":\"EntryPoint\",\"urlTemplate\":\"https:\\\/\\\/www.samenhaus.de\\\/gartenblog\\\/?s={search_term_string}\"},\"query-input\":{\"@type\":\"PropertyValueSpecification\",\"valueRequired\":true,\"valueName\":\"search_term_string\"}}],\"inLanguage\":\"de\"},{\"@type\":\"Organization\",\"@id\":\"https:\\\/\\\/www.samenhaus.de\\\/gartenblog\\\/#organization\",\"name\":\"Samenhaus.de Gartenblog\",\"url\":\"https:\\\/\\\/www.samenhaus.de\\\/gartenblog\\\/\",\"logo\":{\"@type\":\"ImageObject\",\"inLanguage\":\"de\",\"@id\":\"https:\\\/\\\/www.samenhaus.de\\\/gartenblog\\\/#\\\/schema\\\/logo\\\/image\\\/\",\"url\":\"https:\\\/\\\/www.samenhaus.de\\\/gartenblog\\\/wp-content\\\/uploads\\\/2020\\\/11\\\/logo.svg\",\"contentUrl\":\"https:\\\/\\\/www.samenhaus.de\\\/gartenblog\\\/wp-content\\\/uploads\\\/2020\\\/11\\\/logo.svg\",\"width\":1,\"height\":1,\"caption\":\"Samenhaus.de Gartenblog\"},\"image\":{\"@id\":\"https:\\\/\\\/www.samenhaus.de\\\/gartenblog\\\/#\\\/schema\\\/logo\\\/image\\\/\"},\"sameAs\":[\"https:\\\/\\\/de-de.facebook.com\\\/samenhaus\",\"https:\\\/\\\/x.com\\\/samenhaus\"]},{\"@type\":\"Person\",\"@id\":\"https:\\\/\\\/www.samenhaus.de\\\/gartenblog\\\/#\\\/schema\\\/person\\\/a0608c49bb909de7ed33e44abc853c6b\",\"name\":\"Fritz\",\"image\":{\"@type\":\"ImageObject\",\"inLanguage\":\"de\",\"@id\":\"https:\\\/\\\/www.samenhaus.de\\\/gartenblog\\\/wp-content\\\/uploads\\\/2024\\\/11\\\/Tobi-1-150x150.jpg\",\"url\":\"https:\\\/\\\/www.samenhaus.de\\\/gartenblog\\\/wp-content\\\/uploads\\\/2024\\\/11\\\/Tobi-1-150x150.jpg\",\"contentUrl\":\"https:\\\/\\\/www.samenhaus.de\\\/gartenblog\\\/wp-content\\\/uploads\\\/2024\\\/11\\\/Tobi-1-150x150.jpg\",\"caption\":\"Fritz\"},\"description\":\"Das ist Fritz. Er steht f\u00fcr all die erfahrenen G\u00e4rtner und Selbstversorger, die ihr Wissen und ihre Erfahrungen auf dem Gartenblog mit Ihnen teilen. Mit Tipps und Tricks f\u00fcr den Garten, den Balkon und die K\u00fcche steht Fritz Ihnen zur Seite.\",\"url\":\"https:\\\/\\\/www.samenhaus.de\\\/gartenblog\\\/author\\\/tobias\"}]}<\/script>\n<!-- \/ Yoast SEO plugin. -->","yoast_head_json":{"title":"Garten fr\u00fchlingsfit machen - Samenhaus Gartenblog","description":"Damit Sie in die neue Saison gut starten k\u00f6nnen, sollten Sie Ihren Garten fit f\u00fcr den Fr\u00fchling machen. Wir geben Ihnen eine kleine Checkliste an die Hand.","robots":{"index":"index","follow":"follow","max-snippet":"max-snippet:-1","max-image-preview":"max-image-preview:large","max-video-preview":"max-video-preview:-1"},"canonical":"https:\/\/www.samenhaus.de\/gartenblog\/garten-fruehlingsfit-machen","og_locale":"de_DE","og_type":"article","og_title":"Garten fr\u00fchlingsfit machen - Samenhaus Gartenblog","og_description":"Damit Sie in die neue Saison gut starten k\u00f6nnen, sollten Sie Ihren Garten fit f\u00fcr den Fr\u00fchling machen. Wir geben Ihnen eine kleine Checkliste an die Hand.","og_url":"https:\/\/www.samenhaus.de\/gartenblog\/garten-fruehlingsfit-machen","og_site_name":"Samenhaus Gartenblog","article_publisher":"https:\/\/de-de.facebook.com\/samenhaus","article_published_time":"2021-04-23T18:55:37+00:00","article_modified_time":"2023-07-13T08:12:46+00:00","og_image":[{"width":1000,"height":563,"url":"https:\/\/www.samenhaus.de\/gartenblog\/wp-content\/uploads\/2021\/03\/AdobeStock_301187838.jpg","type":"image\/jpeg"}],"author":"Fritz","twitter_card":"summary_large_image","twitter_creator":"@samenhaus","twitter_site":"@samenhaus","twitter_misc":{"Verfasst von":"Fritz","Gesch\u00e4tzte Lesezeit":"7\u00a0Minuten"},"schema":{"@context":"https:\/\/schema.org","@graph":[{"@type":"Article","@id":"https:\/\/www.samenhaus.de\/gartenblog\/garten-fruehlingsfit-machen#article","isPartOf":{"@id":"https:\/\/www.samenhaus.de\/gartenblog\/garten-fruehlingsfit-machen"},"author":{"name":"Fritz","@id":"https:\/\/www.samenhaus.de\/gartenblog\/#\/schema\/person\/a0608c49bb909de7ed33e44abc853c6b"},"headline":"Garten fr\u00fchlingsfit machen","datePublished":"2021-04-23T18:55:37+00:00","dateModified":"2023-07-13T08:12:46+00:00","mainEntityOfPage":{"@id":"https:\/\/www.samenhaus.de\/gartenblog\/garten-fruehlingsfit-machen"},"wordCount":1198,"commentCount":0,"publisher":{"@id":"https:\/\/www.samenhaus.de\/gartenblog\/#organization"},"image":{"@id":"https:\/\/www.samenhaus.de\/gartenblog\/garten-fruehlingsfit-machen#primaryimage"},"thumbnailUrl":"https:\/\/www.samenhaus.de\/gartenblog\/wp-content\/uploads\/2021\/03\/AdobeStock_301187838.jpg","inLanguage":"de","potentialAction":[{"@type":"CommentAction","name":"Comment","target":["https:\/\/www.samenhaus.de\/gartenblog\/garten-fruehlingsfit-machen#respond"]}],"copyrightYear":"2021","copyrightHolder":{"@id":"https:\/\/www.samenhaus.de\/gartenblog\/#organization"}},{"@type":"WebPage","@id":"https:\/\/www.samenhaus.de\/gartenblog\/garten-fruehlingsfit-machen","url":"https:\/\/www.samenhaus.de\/gartenblog\/garten-fruehlingsfit-machen","name":"Garten fr\u00fchlingsfit machen - Samenhaus Gartenblog","isPartOf":{"@id":"https:\/\/www.samenhaus.de\/gartenblog\/#website"},"primaryImageOfPage":{"@id":"https:\/\/www.samenhaus.de\/gartenblog\/garten-fruehlingsfit-machen#primaryimage"},"image":{"@id":"https:\/\/www.samenhaus.de\/gartenblog\/garten-fruehlingsfit-machen#primaryimage"},"thumbnailUrl":"https:\/\/www.samenhaus.de\/gartenblog\/wp-content\/uploads\/2021\/03\/AdobeStock_301187838.jpg","datePublished":"2021-04-23T18:55:37+00:00","dateModified":"2023-07-13T08:12:46+00:00","description":"Damit Sie in die neue Saison gut starten k\u00f6nnen, sollten Sie Ihren Garten fit f\u00fcr den Fr\u00fchling machen. Wir geben Ihnen eine kleine Checkliste an die Hand.","breadcrumb":{"@id":"https:\/\/www.samenhaus.de\/gartenblog\/garten-fruehlingsfit-machen#breadcrumb"},"inLanguage":"de","potentialAction":[{"@type":"ReadAction","target":["https:\/\/www.samenhaus.de\/gartenblog\/garten-fruehlingsfit-machen"]}]},{"@type":"ImageObject","inLanguage":"de","@id":"https:\/\/www.samenhaus.de\/gartenblog\/garten-fruehlingsfit-machen#primaryimage","url":"https:\/\/www.samenhaus.de\/gartenblog\/wp-content\/uploads\/2021\/03\/AdobeStock_301187838.jpg","contentUrl":"https:\/\/www.samenhaus.de\/gartenblog\/wp-content\/uploads\/2021\/03\/AdobeStock_301187838.jpg","width":1000,"height":563,"caption":"Gartenarbeit im Fr\u00fchling"},{"@type":"BreadcrumbList","@id":"https:\/\/www.samenhaus.de\/gartenblog\/garten-fruehlingsfit-machen#breadcrumb","itemListElement":[{"@type":"ListItem","position":1,"name":"Startseite","item":"https:\/\/www.samenhaus.de\/gartenblog\/"},{"@type":"ListItem","position":2,"name":"Garten fr\u00fchlingsfit machen"}]},{"@type":"WebSite","@id":"https:\/\/www.samenhaus.de\/gartenblog\/#website","url":"https:\/\/www.samenhaus.de\/gartenblog\/","name":"Samenhaus Gartenblog","description":"","publisher":{"@id":"https:\/\/www.samenhaus.de\/gartenblog\/#organization"},"potentialAction":[{"@type":"SearchAction","target":{"@type":"EntryPoint","urlTemplate":"https:\/\/www.samenhaus.de\/gartenblog\/?s={search_term_string}"},"query-input":{"@type":"PropertyValueSpecification","valueRequired":true,"valueName":"search_term_string"}}],"inLanguage":"de"},{"@type":"Organization","@id":"https:\/\/www.samenhaus.de\/gartenblog\/#organization","name":"Samenhaus.de Gartenblog","url":"https:\/\/www.samenhaus.de\/gartenblog\/","logo":{"@type":"ImageObject","inLanguage":"de","@id":"https:\/\/www.samenhaus.de\/gartenblog\/#\/schema\/logo\/image\/","url":"https:\/\/www.samenhaus.de\/gartenblog\/wp-content\/uploads\/2020\/11\/logo.svg","contentUrl":"https:\/\/www.samenhaus.de\/gartenblog\/wp-content\/uploads\/2020\/11\/logo.svg","width":1,"height":1,"caption":"Samenhaus.de Gartenblog"},"image":{"@id":"https:\/\/www.samenhaus.de\/gartenblog\/#\/schema\/logo\/image\/"},"sameAs":["https:\/\/de-de.facebook.com\/samenhaus","https:\/\/x.com\/samenhaus"]},{"@type":"Person","@id":"https:\/\/www.samenhaus.de\/gartenblog\/#\/schema\/person\/a0608c49bb909de7ed33e44abc853c6b","name":"Fritz","image":{"@type":"ImageObject","inLanguage":"de","@id":"https:\/\/www.samenhaus.de\/gartenblog\/wp-content\/uploads\/2024\/11\/Tobi-1-150x150.jpg","url":"https:\/\/www.samenhaus.de\/gartenblog\/wp-content\/uploads\/2024\/11\/Tobi-1-150x150.jpg","contentUrl":"https:\/\/www.samenhaus.de\/gartenblog\/wp-content\/uploads\/2024\/11\/Tobi-1-150x150.jpg","caption":"Fritz"},"description":"Das ist Fritz. Er steht f\u00fcr all die erfahrenen G\u00e4rtner und Selbstversorger, die ihr Wissen und ihre Erfahrungen auf dem Gartenblog mit Ihnen teilen. Mit Tipps und Tricks f\u00fcr den Garten, den Balkon und die K\u00fcche steht Fritz Ihnen zur Seite.","url":"https:\/\/www.samenhaus.de\/gartenblog\/author\/tobias"}]}},"wp-worthy-pixel":{"ignored":false,"public":null,"server":null,"url":null},"wp-worthy-type":"normal","_links":{"self":[{"href":"https:\/\/www.samenhaus.de\/gartenblog\/wp-json\/wp\/v2\/posts\/432","targetHints":{"allow":["GET"]}}],"collection":[{"href":"https:\/\/www.samenhaus.de\/gartenblog\/wp-json\/wp\/v2\/posts"}],"about":[{"href":"https:\/\/www.samenhaus.de\/gartenblog\/wp-json\/wp\/v2\/types\/post"}],"author":[{"embeddable":true,"href":"https:\/\/www.samenhaus.de\/gartenblog\/wp-json\/wp\/v2\/users\/7"}],"replies":[{"embeddable":true,"href":"https:\/\/www.samenhaus.de\/gartenblog\/wp-json\/wp\/v2\/comments?post=432"}],"version-history":[{"count":8,"href":"https:\/\/www.samenhaus.de\/gartenblog\/wp-json\/wp\/v2\/posts\/432\/revisions"}],"predecessor-version":[{"id":10007,"href":"https:\/\/www.samenhaus.de\/gartenblog\/wp-json\/wp\/v2\/posts\/432\/revisions\/10007"}],"wp:featuredmedia":[{"embeddable":true,"href":"https:\/\/www.samenhaus.de\/gartenblog\/wp-json\/wp\/v2\/media\/683"}],"wp:attachment":[{"href":"https:\/\/www.samenhaus.de\/gartenblog\/wp-json\/wp\/v2\/media?parent=432"}],"wp:term":[{"taxonomy":"category","embeddable":true,"href":"https:\/\/www.samenhaus.de\/gartenblog\/wp-json\/wp\/v2\/categories?post=432"},{"taxonomy":"post_tag","embeddable":true,"href":"https:\/\/www.samenhaus.de\/gartenblog\/wp-json\/wp\/v2\/tags?post=432"},{"taxonomy":"hersteller","embeddable":true,"href":"https:\/\/www.samenhaus.de\/gartenblog\/wp-json\/wp\/v2\/hersteller?post=432"}],"curies":[{"name":"wp","href":"https:\/\/api.w.org\/{rel}","templated":true}]}}