{"id":473,"date":"2021-04-22T13:51:39","date_gmt":"2021-04-22T13:51:39","guid":{"rendered":"https:\/\/samenhaus1.timmeserver.de\/?p=473"},"modified":"2023-06-26T08:52:06","modified_gmt":"2023-06-26T08:52:06","slug":"einstieg-in-die-mischkultur-so-planen-sie-den-gemuesemix-im-garten","status":"publish","type":"post","link":"https:\/\/www.samenhaus.de\/gartenblog\/einstieg-in-die-mischkultur-so-planen-sie-den-gemuesemix-im-garten","title":{"rendered":"Einstieg in die Mischkultur: So planen Sie den Gem\u00fcsemix im Garten"},"content":{"rendered":"<p>Kam Ihnen schon mal der Begriff Mischkultur zu Ohren, wissen aber nicht so recht, um was genau es dabei geht? In aller K\u00fcrze ausgedr\u00fcckt, unterst\u00fctzt das Nebeneinander diverser Nutzpflanzen auf einem Beet den Bio-Anbau. Es erfordert jedoch systematisches Vorgehen, weil sich ein unwillk\u00fcrlicher Mix negativ auf das Wachstum der Pflanzen auswirken k\u00f6nnte. Auch wenn es zun\u00e4chst kompliziert erscheint, eine optimale Zusammenstellung unterschiedlicher Gem\u00fcsearten ist gar nicht so schwer. Lassen Sie sich von uns inspirieren.<\/p>\n<h2><span class=\"ez-toc-section\" id=\"Klassischer_Gemueseanbau\"><\/span>Klassischer Gem\u00fcseanbau<span class=\"ez-toc-section-end\"><\/span><\/h2>\n<p><img loading=\"lazy\" decoding=\"async\" class=\"size-medium wp-image-2550 alignright\" src=\"https:\/\/www.samenhaus.de\/gartenblog\/wp-content\/uploads\/2022\/02\/Gemuesebeet_219083069-300x200.jpeg\" alt=\"Gem\u00fcsemix\" width=\"300\" height=\"200\" srcset=\"https:\/\/www.samenhaus.de\/gartenblog\/wp-content\/uploads\/2022\/02\/Gemuesebeet_219083069-300x200.jpeg 300w, https:\/\/www.samenhaus.de\/gartenblog\/wp-content\/uploads\/2022\/02\/Gemuesebeet_219083069-600x401.jpeg 600w, https:\/\/www.samenhaus.de\/gartenblog\/wp-content\/uploads\/2022\/02\/Gemuesebeet_219083069-768x513.jpeg 768w, https:\/\/www.samenhaus.de\/gartenblog\/wp-content\/uploads\/2022\/02\/Gemuesebeet_219083069-1024x684.jpeg 1024w, https:\/\/www.samenhaus.de\/gartenblog\/wp-content\/uploads\/2022\/02\/Gemuesebeet_219083069-1536x1025.jpeg 1536w, https:\/\/www.samenhaus.de\/gartenblog\/wp-content\/uploads\/2022\/02\/Gemuesebeet_219083069-2048x1367.jpeg 2048w\" sizes=\"auto, (max-width: 300px) 100vw, 300px\" \/>Die herk\u00f6mmliche Variante sieht pro Beet nur eine einzige Gem\u00fcseart vor. Ein kunterbuntes Durcheinander war fr\u00fcher verp\u00f6nt. Alles musste seine Ordnung haben, auch im Garten. Doch die Zeiten \u00e4ndern sich und ebenso die Gewohnheiten. Was die Breite eines Beets betrifft, erf\u00fcllt nach wie vor ein Ma\u00df von 1,20 bis 1,30 m die ergonomischen Bedingungen. Bei diesem Format ist die Beetmitte von beiden Seiten noch erreichbar. Es sei denn, Sie sind besonders gro\u00df oder klein, dann kommen mehr oder weniger breite Beete in Betracht. Am besten, Sie probieren es selbst aus. Den Boden lockern und Unkraut j\u00e4ten sollte vom Rand aus m\u00f6glich sein, damit sich das Betreten der bepflanzten Fl\u00e4che er\u00fcbrigt. F\u00fcr die Beetl\u00e4nge existiert keine Regel. Sie richtet sich f\u00fcr gew\u00f6hnlich nach Gr\u00f6\u00dfe und Einteilung des Gartens.<\/p>\n<p><strong>Tipp:<\/strong> Hochbeete entlasten den R\u00fccken, erleichtern die Gartenarbeit und sind wie geschaffen f\u00fcr die Mischkultur.<\/p>\n<h2><span class=\"ez-toc-section\" id=\"Vorteile_der_Mischkultur\"><\/span>Vorteile der Mischkultur<span class=\"ez-toc-section-end\"><\/span><\/h2>\n<p>Zur Einstimmung ins Thema zeigen wir Ihnen vorweg die Vorz\u00fcge auf, mit denen der Mischfruchtanbau punktet. Als Leitbild dienen unber\u00fchrte Landschaften, denn dort gibt es keine Monokulturen. In der freien Natur treffen Pflanzen aufeinander, die die gleichen Anspr\u00fcche an den Standort stellen und sich wechselseitig g\u00fcnstig beeinflussen. Die Mischkultur ahmt das Vorbild des \u00d6kosystems nach und bietet folgende positiven Aspekte:<\/p>\n<ul>\n<li>Mischkultur spart Grundfl\u00e4che. Pflanzen mit verschieden tiefen Wurzeln k\u00f6nnen enger beieinanderstehen, ohne dass sie um N\u00e4hrstoffe wetteifern.<\/li>\n<li>Manche Pflanzen verjagen die typischen Sch\u00e4dlinge anderer Gew\u00e4chse. Bekannteste Symbiose: M\u00f6hren wirken der Zwiebelfliege entgegen, w\u00e4hrend die M\u00f6hrenfliege den Geruch von Zwiebeln verabscheut.<\/li>\n<li>Dichteres Bepflanzen schattiert das Erdreich. Aufgrund der geringeren Verdunstung h\u00e4lt sich Feuchtigkeit l\u00e4nger im Boden. Sie m\u00fcssen seltener gie\u00dfen.<\/li>\n<li>Nah vereint breitet sich zwischen dem Gem\u00fcse weniger Unkraut aus.<\/li>\n<li>Differenzierter Nahrungsbedarf der Pflanzen verlangsamt die Bodenm\u00fcdigkeit.<\/li>\n<li>Profitieren Sie von einem reduzierten Arbeitsaufwand im Vergleich zu traditionellen Anbaumethoden.<\/li>\n<\/ul>\n<h2><span class=\"ez-toc-section\" id=\"Einziges_Manko_der_Mischkultur\"><\/span>Einziges Manko der Mischkultur<span class=\"ez-toc-section-end\"><\/span><\/h2>\n<p>Von einer nicht klar nach Gem\u00fcseart gegliederten Struktur abgesehen, wartet die Mischkultur mit keinen Nachteilen auf. Lediglich die Umsetzung bereitet eventuell etwas M\u00fche. Denn eine beliebige Kombination von Pflanzennachbarn f\u00fchrt nicht zwangsweise zum Erfolg. Es bedarf einer gewissen Vorkenntnis, damit das \u201eExperiment Mischkultur\u201c zufriedenstellend gelingt.<\/p>\n<h2><span class=\"ez-toc-section\" id=\"Was_waechst_wo_am_besten_Erst_planen_dann_saeen_und_pflanzen\"><\/span>Was w\u00e4chst wo am besten? Erst planen, dann s\u00e4en und pflanzen<span class=\"ez-toc-section-end\"><\/span><\/h2>\n<p><img loading=\"lazy\" decoding=\"async\" class=\"size-medium wp-image-2552 alignright\" src=\"https:\/\/www.samenhaus.de\/gartenblog\/wp-content\/uploads\/2022\/02\/Gemuesebeet_360690645-300x200.jpeg\" alt=\"Mischkultur\" width=\"300\" height=\"200\" srcset=\"https:\/\/www.samenhaus.de\/gartenblog\/wp-content\/uploads\/2022\/02\/Gemuesebeet_360690645-300x200.jpeg 300w, https:\/\/www.samenhaus.de\/gartenblog\/wp-content\/uploads\/2022\/02\/Gemuesebeet_360690645-600x400.jpeg 600w, https:\/\/www.samenhaus.de\/gartenblog\/wp-content\/uploads\/2022\/02\/Gemuesebeet_360690645-768x512.jpeg 768w, https:\/\/www.samenhaus.de\/gartenblog\/wp-content\/uploads\/2022\/02\/Gemuesebeet_360690645-1024x683.jpeg 1024w, https:\/\/www.samenhaus.de\/gartenblog\/wp-content\/uploads\/2022\/02\/Gemuesebeet_360690645-1536x1025.jpeg 1536w, https:\/\/www.samenhaus.de\/gartenblog\/wp-content\/uploads\/2022\/02\/Gemuesebeet_360690645-2048x1366.jpeg 2048w\" sizes=\"auto, (max-width: 300px) 100vw, 300px\" \/>Das Konzept f\u00fcr die Mischkultur geht zun\u00e4chst mit der Bestimmung des N\u00e4hrstoffbedarfs der einzelnen Gem\u00fcsepflanzen einher. In fr\u00fcheren Zeiten wandten die Bauern die Dreifelderwirtschaft an. Es erfolgte ein stetiger Wechsel der Frucht auf den einzelnen Parzellen. Niemals wurde auf derselben Stelle hintereinander dasselbe Gem\u00fcse angebaut. F\u00fcr den 4-Jahres-Plan wird der Garten in vier Bereiche aufgeteilt mit abwechselnder und zeitgleich unterschiedlicher Nutzung:<\/p>\n<h3><span class=\"ez-toc-section\" id=\"Jahr_1_Gruenduengung\"><\/span>Jahr 1: Gr\u00fcnd\u00fcngung<span class=\"ez-toc-section-end\"><\/span><\/h3>\n<p>Zuerst wachsen Pflanzen zur Bodenverbesserung. Beliebt sind Gelbsenf und Phacelia (B\u00fcschelsch\u00f6n). Ihre langen Wurzeln lockern verdichteten Boden auf. Tiefes Umgraben im Herbst er\u00fcbrigt sich. Au\u00dferdem wird Unkraut unterdr\u00fcckt. Schmetterlingsbl\u00fctler wie Lupinen und Klee assimilieren dar\u00fcber hinaus den Stickstoff aus der Luft und setzen ihn im Boden frei. M\u00e4hen Sie die Gr\u00fcnd\u00fcngerpflanzen ab, bevor sie Samen bilden, und lassen Sie den Schnitt auf dem Beet liegen. Dies ergibt eine Mulchschicht, die verrottet und sich allm\u00e4hlich als Humus mit dem Boden vereint. Die Reste werden lediglich oberfl\u00e4chlich ins Erdreich eingeharkt. In den n\u00e4chsten drei Jahren kommt es auf den N\u00e4hrstoffbedarf der jeweiligen Gem\u00fcsegruppe an.<\/p>\n<h3><span class=\"ez-toc-section\" id=\"Jahr_2_Starkzehrer\"><\/span>Jahr 2: Starkzehrer<span class=\"ez-toc-section-end\"><\/span><\/h3>\n<p>Wie der Begriff vermuten l\u00e4sst, entzieht diese Pflanzengruppe dem Boden sehr viele N\u00e4hrstoffe. Auf einem gehaltvollen Boden entwickeln sich diese Gem\u00fcsesorten pr\u00e4chtig:<\/p>\n<ul>\n<li>Kartoffeln<\/li>\n<li>Blumenkohl<\/li>\n<li>Gr\u00fcnkohl<\/li>\n<li>Rotkohl<\/li>\n<li>Wei\u00dfkohl<\/li>\n<li>Rosenkohl<\/li>\n<li>Brokkoli<\/li>\n<li>Gurken<\/li>\n<li>Tomaten<\/li>\n<li>Sellerie<\/li>\n<li>K\u00fcrbis<\/li>\n<li>Melonen<\/li>\n<li>Zucchini<\/li>\n<li>Artischocken<\/li>\n<\/ul>\n<h3><span class=\"ez-toc-section\" id=\"Jahr_3_Mittelzehrer\"><\/span>Jahr 3: Mittelzehrer<span class=\"ez-toc-section-end\"><\/span><\/h3>\n<p>Nach den Starkzehrern folgen im k\u00fcnftigen Jahr auf dem gleichen St\u00fcck Land Gem\u00fcsearten, die sich mit etwas weniger N\u00e4hrstoffen begn\u00fcgen. Mittelzehrer sind:<\/p>\n<ul>\n<li>Salate<\/li>\n<li>Lauch<\/li>\n<li>Karotten<\/li>\n<li>Kohlrabi<\/li>\n<li>Chinakohl<\/li>\n<li>Mangold<\/li>\n<li>Pastinaken<\/li>\n<li>Spinat<\/li>\n<li>Rettich<\/li>\n<li>Schwarzwurzeln<\/li>\n<li>Rote Bete<\/li>\n<li>Fenchel<\/li>\n<li>Erdbeeren<\/li>\n<\/ul>\n<p><strong>Tipp:<\/strong> Erdbeeren d\u00fcrfen Sie drei Jahre lang am gleichen Platz belassen.<\/p>\n<h3><span class=\"ez-toc-section\" id=\"Jahr_4_Schwachzehrer\"><\/span>Jahr 4: Schwachzehrer<span class=\"ez-toc-section-end\"><\/span><\/h3>\n<p>Alle H\u00fclsenfr\u00fcchte k\u00f6nnen den Stickstoff selbst aus der Luft gewinnen. Mit dem geringsten N\u00e4hrstoffbedarf warten Schwachzehrer, etwa Radieschen, Kresse, Feldsalat, Bohnen und Erbsen.<\/p>\n<p>Tipp: Wenn Sie m\u00f6chten, k\u00f6nnen Sie den Zyklus auf drei Jahre verk\u00fcrzen. Indem Sie nach der Ernte der Schwachzehrer diesen Gem\u00fcsegartenbereich noch im Herbst kr\u00e4ftig mit Kompost d\u00fcngen, entf\u00e4llt das Jahr der Gr\u00fcnd\u00fcngung. Der Boden ist nach dem Winter bereit f\u00fcr Starkzehrer.<\/p>\n<h2><span class=\"ez-toc-section\" id=\"Die_Mischung_macht_den_Unterschied\"><\/span>Die Mischung macht den Unterschied<span class=\"ez-toc-section-end\"><\/span><\/h2>\n<p><img loading=\"lazy\" decoding=\"async\" class=\"size-medium wp-image-2551 alignright\" src=\"https:\/\/www.samenhaus.de\/gartenblog\/wp-content\/uploads\/2022\/02\/Gemuesebeet_264664216-300x199.jpeg\" alt=\"Garten Mischkultur\" width=\"300\" height=\"199\" \/>Die wechselnde Fruchtfolge im Zuge der Jahre stellt eine Form der Ausnutzung von Bodenn\u00e4hrstoffen dar. Mischkultur geht einen Schritt weiter, denn sie praktiziert die Verwertung einer reichhaltigen Bodensubstanz zur selben Zeit. Das hei\u00dft im Klartext, neben einer stark zehrenden Pflanze d\u00fcrfen sich nur mittel und schwach zehrende Gew\u00e4chse befinden, damit kein Konkurrenzdruck entsteht. Bei sich abwechselnden Reihen bleibt die \u00dcbersicht gewahrt. Diese Anordnung empfiehlt sich insbesondere f\u00fcr Anf\u00e4nger auf dem Gebiet Mischkultur. Die K\u00f6nigsdisziplin sieht auch innerhalb der Reihe unterschiedliche Gem\u00fcsesorten vor.<\/p>\n<p>Ein Beispiel aus der Praxis: Auf dem im Herbst mit Kompost ged\u00fcngten und im Fr\u00fchjahr gut aufgelockerten Beet wachsen Gurken (Starkzehrer), Bohnen (Schwachzehrer), Salat (Mittelzehrer), Sellerie (Starkzehrer) und Zwiebeln (Schwachzehrer) jeweils in Reihen nebeneinander. Nicht alle Gem\u00fcsesorten vertragen sich gleich gut, weshalb nicht beliebig kombiniert, sondern gezielt gute Nachbarn ausgew\u00e4hlt werden sollten.<\/p>\n<p><strong>Tipp:<\/strong> Vorher erstellte Skizzen erleichtern die Realisierung.<\/p>\n<h2><span class=\"ez-toc-section\" id=\"Zu_welcher_Kategorie_gehoeren_Kraeuter\"><\/span>Zu welcher Kategorie geh\u00f6ren Kr\u00e4uter?<span class=\"ez-toc-section-end\"><\/span><\/h2>\n<p>Auf diese Frage gibt es keine allgemeinverbindliche Antwort. Einige mediterrane Kr\u00e4uter wie Lavendel, Salbei, Rosmarin, Thymian und Oregano gedeihen als Str\u00e4ucher. G\u00f6nnen Sie den w\u00e4rmeliebenden B\u00fcschen ein sonniges Pl\u00e4tzchen, an dem sie mehrere Jahre lang wachsen k\u00f6nnen.<\/p>\n<p>Der Mischkultur zugute kommen hingegen:<\/p>\n<ul>\n<li>Basilikum (Starkzehrer)<\/li>\n<li>Petersilie (Mittelzehrer)<\/li>\n<li>Borretsch (Mittelzehrer)<\/li>\n<li>Schnittlauch (Schwachzehrer)<\/li>\n<li>Minze (Schwachzehrer)<\/li>\n<\/ul>\n<h2><span class=\"ez-toc-section\" id=\"Gemuese-Allerlei_mit_Blumen\"><\/span>Gem\u00fcse-Allerlei mit Blumen<span class=\"ez-toc-section-end\"><\/span><\/h2>\n<p><img loading=\"lazy\" decoding=\"async\" class=\"size-medium wp-image-2553 alignright\" src=\"https:\/\/www.samenhaus.de\/gartenblog\/wp-content\/uploads\/2022\/02\/Gemuesebeet_379342001-300x200.jpeg\" alt=\"Mischkultur Gem\u00fcse\" width=\"300\" height=\"200\" srcset=\"https:\/\/www.samenhaus.de\/gartenblog\/wp-content\/uploads\/2022\/02\/Gemuesebeet_379342001-300x200.jpeg 300w, https:\/\/www.samenhaus.de\/gartenblog\/wp-content\/uploads\/2022\/02\/Gemuesebeet_379342001-600x400.jpeg 600w, https:\/\/www.samenhaus.de\/gartenblog\/wp-content\/uploads\/2022\/02\/Gemuesebeet_379342001-2048x1365.jpeg 2048w, https:\/\/www.samenhaus.de\/gartenblog\/wp-content\/uploads\/2022\/02\/Gemuesebeet_379342001-768x512.jpeg 768w, https:\/\/www.samenhaus.de\/gartenblog\/wp-content\/uploads\/2022\/02\/Gemuesebeet_379342001-1024x683.jpeg 1024w, https:\/\/www.samenhaus.de\/gartenblog\/wp-content\/uploads\/2022\/02\/Gemuesebeet_379342001-1536x1024.jpeg 1536w\" sizes=\"auto, (max-width: 300px) 100vw, 300px\" \/>Leuchtende Bl\u00fcten bringen Farbe ins Spiel. Auch wenn sich so manches Gem\u00fcse, etwa K\u00fcrbis und Zucchini, nicht hinter Sommerblumen verstecken muss, bereichern einj\u00e4hrige Ziergew\u00e4chse die Mischkultur. Neben der optischen Versch\u00f6nerung besteht auch ein praktischer Nutzen. Wie etwa Tagetes, die mit ihren Wurzelausscheidungen Nematoden im Boden zu Leibe r\u00fccken. Einen \u00e4hnlichen Effekt erzielen Sie mit Ringelblumen. Duft-Wicken binden mit ihren Wurzeln Stickstoff und d\u00fcngen damit das Erdreich. Von den farbenfrohen Bl\u00fcten angelockte Bienen und Hummeln naschen nicht nur am Nektar der Blumen. Bei der gebotenen Gelegenheit lassen sie sich die Gem\u00fcsebl\u00fcten in direkter Nachbarschaft nicht entgehen.<\/p>\n<p>Erfahrungsgem\u00e4\u00df erh\u00f6ht die Mischkultur die Ernte, denn Vergesellschaftungen harmonierender Gem\u00fcsearten f\u00f6rdern das Wachstum im privaten Nutzgarten. Der mannigfaltige Gem\u00fcse-Mix eignet sich insbesondere f\u00fcr kleinere G\u00e4rten, denn er kommt mit einer geringeren Anbaufl\u00e4che aus.<\/p>\n","protected":false},"excerpt":{"rendered":"<p>Kam Ihnen schon mal der Begriff Mischkultur zu Ohren, wissen aber nicht so recht, um was genau es dabei geht? In aller K\u00fcrze ausgedr\u00fcckt, unterst\u00fctzt das Nebeneinander diverser Nutzpflanzen auf einem Beet den Bio-Anbau. Es erfordert jedoch systematisches Vorgehen, weil sich ein unwillk\u00fcrlicher Mix negativ auf das Wachstum der Pflanzen auswirken k\u00f6nnte. Auch wenn es zun\u00e4chst kompliziert erscheint, eine optimale Zusammenstellung unterschiedlicher Gem\u00fcsearten ist gar nicht so schwer. Lassen Sie sich von uns inspirieren. Klassischer Gem\u00fcseanbau Die herk\u00f6mmliche Variante sieht pro Beet nur eine einzige Gem\u00fcseart vor. Ein kunterbuntes Durcheinander war fr\u00fcher verp\u00f6nt. Alles musste seine Ordnung haben, auch im Garten. Doch die Zeiten \u00e4ndern sich und ebenso die Gewohnheiten. Was die Breite eines Beets betrifft, erf\u00fcllt nach wie vor ein Ma\u00df von 1,20 bis 1,30 m die ergonomischen Bedingungen. Bei diesem Format ist die Beetmitte von beiden Seiten noch erreichbar. Es sei denn, Sie sind besonders gro\u00df oder klein, dann kommen mehr oder weniger breite Beete in Betracht. Am besten, Sie probieren es selbst aus. Den Boden lockern und Unkraut j\u00e4ten sollte vom Rand aus m\u00f6glich sein, damit sich das Betreten der bepflanzten Fl\u00e4che er\u00fcbrigt. F\u00fcr die Beetl\u00e4nge existiert keine Regel. Sie richtet sich f\u00fcr gew\u00f6hnlich nach Gr\u00f6\u00dfe und [&hellip;]<\/p>\n","protected":false},"author":11,"featured_media":661,"comment_status":"open","ping_status":"open","sticky":false,"template":"","format":"standard","meta":{"_acf_changed":false,"footnotes":""},"categories":[15],"tags":[],"hersteller":[],"class_list":["post-473","post","type-post","status-publish","format-standard","has-post-thumbnail","hentry","category-selbstversorger-garten"],"acf":[],"yoast_head":"<!-- This site is optimized with the Yoast SEO plugin v27.4 - https:\/\/yoast.com\/product\/yoast-seo-wordpress\/ -->\n<title>Mischkultur - so planen Sie den Gem\u00fcsemix - Samenhaus Gartenblog<\/title>\n<meta name=\"description\" content=\"Mischkultur hat viele Vorteile. Sie sparen Platz, sch\u00fctzen den Boden und und verlangsamen die Bodenm\u00fcdigkeit. Mit unseren Tipps gelingt Mischkultur.\" \/>\n<meta name=\"robots\" content=\"index, follow, max-snippet:-1, max-image-preview:large, max-video-preview:-1\" \/>\n<link rel=\"canonical\" href=\"https:\/\/www.samenhaus.de\/gartenblog\/einstieg-in-die-mischkultur-so-planen-sie-den-gemuesemix-im-garten\" \/>\n<meta property=\"og:locale\" content=\"de_DE\" \/>\n<meta property=\"og:type\" content=\"article\" \/>\n<meta property=\"og:title\" content=\"Mischkultur - so planen Sie den Gem\u00fcsemix - Samenhaus Gartenblog\" \/>\n<meta property=\"og:description\" content=\"Mischkultur hat viele Vorteile. Sie sparen Platz, sch\u00fctzen den Boden und und verlangsamen die Bodenm\u00fcdigkeit. Mit unseren Tipps gelingt Mischkultur.\" \/>\n<meta property=\"og:url\" content=\"https:\/\/www.samenhaus.de\/gartenblog\/einstieg-in-die-mischkultur-so-planen-sie-den-gemuesemix-im-garten\" \/>\n<meta property=\"og:site_name\" content=\"Samenhaus Gartenblog\" \/>\n<meta property=\"article:publisher\" content=\"https:\/\/de-de.facebook.com\/samenhaus\" \/>\n<meta property=\"article:published_time\" content=\"2021-04-22T13:51:39+00:00\" \/>\n<meta property=\"article:modified_time\" content=\"2023-06-26T08:52:06+00:00\" \/>\n<meta property=\"og:image\" content=\"https:\/\/www.samenhaus.de\/gartenblog\/wp-content\/uploads\/2021\/03\/AdobeStock_272674912.jpg\" \/>\n\t<meta property=\"og:image:width\" content=\"1000\" \/>\n\t<meta property=\"og:image:height\" content=\"563\" \/>\n\t<meta property=\"og:image:type\" content=\"image\/jpeg\" \/>\n<meta name=\"author\" content=\"Sabine\" \/>\n<meta name=\"twitter:card\" content=\"summary_large_image\" \/>\n<meta name=\"twitter:creator\" content=\"@samenhaus\" \/>\n<meta name=\"twitter:site\" content=\"@samenhaus\" \/>\n<meta name=\"twitter:label1\" content=\"Verfasst von\" \/>\n\t<meta name=\"twitter:data1\" content=\"Sabine\" \/>\n\t<meta name=\"twitter:label2\" content=\"Gesch\u00e4tzte Lesezeit\" \/>\n\t<meta name=\"twitter:data2\" content=\"7\u00a0Minuten\" \/>\n<script type=\"application\/ld+json\" class=\"yoast-schema-graph\">{\"@context\":\"https:\\\/\\\/schema.org\",\"@graph\":[{\"@type\":\"Article\",\"@id\":\"https:\\\/\\\/www.samenhaus.de\\\/gartenblog\\\/einstieg-in-die-mischkultur-so-planen-sie-den-gemuesemix-im-garten#article\",\"isPartOf\":{\"@id\":\"https:\\\/\\\/www.samenhaus.de\\\/gartenblog\\\/einstieg-in-die-mischkultur-so-planen-sie-den-gemuesemix-im-garten\"},\"author\":{\"name\":\"Sabine\",\"@id\":\"https:\\\/\\\/www.samenhaus.de\\\/gartenblog\\\/#\\\/schema\\\/person\\\/e4c837ea32ec74c39497c1e69976fed5\"},\"headline\":\"Einstieg in die Mischkultur: So planen Sie den Gem\u00fcsemix im Garten\",\"datePublished\":\"2021-04-22T13:51:39+00:00\",\"dateModified\":\"2023-06-26T08:52:06+00:00\",\"mainEntityOfPage\":{\"@id\":\"https:\\\/\\\/www.samenhaus.de\\\/gartenblog\\\/einstieg-in-die-mischkultur-so-planen-sie-den-gemuesemix-im-garten\"},\"wordCount\":1229,\"commentCount\":0,\"publisher\":{\"@id\":\"https:\\\/\\\/www.samenhaus.de\\\/gartenblog\\\/#organization\"},\"image\":{\"@id\":\"https:\\\/\\\/www.samenhaus.de\\\/gartenblog\\\/einstieg-in-die-mischkultur-so-planen-sie-den-gemuesemix-im-garten#primaryimage\"},\"thumbnailUrl\":\"https:\\\/\\\/www.samenhaus.de\\\/gartenblog\\\/wp-content\\\/uploads\\\/2021\\\/03\\\/AdobeStock_272674912.jpg\",\"articleSection\":[\"Selbstversorger-Garten\"],\"inLanguage\":\"de\",\"potentialAction\":[{\"@type\":\"CommentAction\",\"name\":\"Comment\",\"target\":[\"https:\\\/\\\/www.samenhaus.de\\\/gartenblog\\\/einstieg-in-die-mischkultur-so-planen-sie-den-gemuesemix-im-garten#respond\"]}],\"copyrightYear\":\"2021\",\"copyrightHolder\":{\"@id\":\"https:\\\/\\\/www.samenhaus.de\\\/gartenblog\\\/#organization\"}},{\"@type\":\"WebPage\",\"@id\":\"https:\\\/\\\/www.samenhaus.de\\\/gartenblog\\\/einstieg-in-die-mischkultur-so-planen-sie-den-gemuesemix-im-garten\",\"url\":\"https:\\\/\\\/www.samenhaus.de\\\/gartenblog\\\/einstieg-in-die-mischkultur-so-planen-sie-den-gemuesemix-im-garten\",\"name\":\"Mischkultur - so planen Sie den Gem\u00fcsemix - Samenhaus Gartenblog\",\"isPartOf\":{\"@id\":\"https:\\\/\\\/www.samenhaus.de\\\/gartenblog\\\/#website\"},\"primaryImageOfPage\":{\"@id\":\"https:\\\/\\\/www.samenhaus.de\\\/gartenblog\\\/einstieg-in-die-mischkultur-so-planen-sie-den-gemuesemix-im-garten#primaryimage\"},\"image\":{\"@id\":\"https:\\\/\\\/www.samenhaus.de\\\/gartenblog\\\/einstieg-in-die-mischkultur-so-planen-sie-den-gemuesemix-im-garten#primaryimage\"},\"thumbnailUrl\":\"https:\\\/\\\/www.samenhaus.de\\\/gartenblog\\\/wp-content\\\/uploads\\\/2021\\\/03\\\/AdobeStock_272674912.jpg\",\"datePublished\":\"2021-04-22T13:51:39+00:00\",\"dateModified\":\"2023-06-26T08:52:06+00:00\",\"description\":\"Mischkultur hat viele Vorteile. Sie sparen Platz, sch\u00fctzen den Boden und und verlangsamen die Bodenm\u00fcdigkeit. Mit unseren Tipps gelingt Mischkultur.\",\"breadcrumb\":{\"@id\":\"https:\\\/\\\/www.samenhaus.de\\\/gartenblog\\\/einstieg-in-die-mischkultur-so-planen-sie-den-gemuesemix-im-garten#breadcrumb\"},\"inLanguage\":\"de\",\"potentialAction\":[{\"@type\":\"ReadAction\",\"target\":[\"https:\\\/\\\/www.samenhaus.de\\\/gartenblog\\\/einstieg-in-die-mischkultur-so-planen-sie-den-gemuesemix-im-garten\"]}]},{\"@type\":\"ImageObject\",\"inLanguage\":\"de\",\"@id\":\"https:\\\/\\\/www.samenhaus.de\\\/gartenblog\\\/einstieg-in-die-mischkultur-so-planen-sie-den-gemuesemix-im-garten#primaryimage\",\"url\":\"https:\\\/\\\/www.samenhaus.de\\\/gartenblog\\\/wp-content\\\/uploads\\\/2021\\\/03\\\/AdobeStock_272674912.jpg\",\"contentUrl\":\"https:\\\/\\\/www.samenhaus.de\\\/gartenblog\\\/wp-content\\\/uploads\\\/2021\\\/03\\\/AdobeStock_272674912.jpg\",\"width\":1000,\"height\":563,\"caption\":\"Mischkultur im Garten\"},{\"@type\":\"BreadcrumbList\",\"@id\":\"https:\\\/\\\/www.samenhaus.de\\\/gartenblog\\\/einstieg-in-die-mischkultur-so-planen-sie-den-gemuesemix-im-garten#breadcrumb\",\"itemListElement\":[{\"@type\":\"ListItem\",\"position\":1,\"name\":\"Startseite\",\"item\":\"https:\\\/\\\/www.samenhaus.de\\\/gartenblog\\\/\"},{\"@type\":\"ListItem\",\"position\":2,\"name\":\"Einstieg in die Mischkultur: So planen Sie den Gem\u00fcsemix im Garten\"}]},{\"@type\":\"WebSite\",\"@id\":\"https:\\\/\\\/www.samenhaus.de\\\/gartenblog\\\/#website\",\"url\":\"https:\\\/\\\/www.samenhaus.de\\\/gartenblog\\\/\",\"name\":\"Samenhaus Gartenblog\",\"description\":\"\",\"publisher\":{\"@id\":\"https:\\\/\\\/www.samenhaus.de\\\/gartenblog\\\/#organization\"},\"potentialAction\":[{\"@type\":\"SearchAction\",\"target\":{\"@type\":\"EntryPoint\",\"urlTemplate\":\"https:\\\/\\\/www.samenhaus.de\\\/gartenblog\\\/?s={search_term_string}\"},\"query-input\":{\"@type\":\"PropertyValueSpecification\",\"valueRequired\":true,\"valueName\":\"search_term_string\"}}],\"inLanguage\":\"de\"},{\"@type\":\"Organization\",\"@id\":\"https:\\\/\\\/www.samenhaus.de\\\/gartenblog\\\/#organization\",\"name\":\"Samenhaus.de Gartenblog\",\"url\":\"https:\\\/\\\/www.samenhaus.de\\\/gartenblog\\\/\",\"logo\":{\"@type\":\"ImageObject\",\"inLanguage\":\"de\",\"@id\":\"https:\\\/\\\/www.samenhaus.de\\\/gartenblog\\\/#\\\/schema\\\/logo\\\/image\\\/\",\"url\":\"https:\\\/\\\/www.samenhaus.de\\\/gartenblog\\\/wp-content\\\/uploads\\\/2020\\\/11\\\/logo.svg\",\"contentUrl\":\"https:\\\/\\\/www.samenhaus.de\\\/gartenblog\\\/wp-content\\\/uploads\\\/2020\\\/11\\\/logo.svg\",\"width\":1,\"height\":1,\"caption\":\"Samenhaus.de Gartenblog\"},\"image\":{\"@id\":\"https:\\\/\\\/www.samenhaus.de\\\/gartenblog\\\/#\\\/schema\\\/logo\\\/image\\\/\"},\"sameAs\":[\"https:\\\/\\\/de-de.facebook.com\\\/samenhaus\",\"https:\\\/\\\/x.com\\\/samenhaus\"]},{\"@type\":\"Person\",\"@id\":\"https:\\\/\\\/www.samenhaus.de\\\/gartenblog\\\/#\\\/schema\\\/person\\\/e4c837ea32ec74c39497c1e69976fed5\",\"name\":\"Sabine\",\"image\":{\"@type\":\"ImageObject\",\"inLanguage\":\"de\",\"@id\":\"https:\\\/\\\/www.samenhaus.de\\\/gartenblog\\\/wp-content\\\/uploads\\\/2026\\\/03\\\/sabine-150x150.png\",\"url\":\"https:\\\/\\\/www.samenhaus.de\\\/gartenblog\\\/wp-content\\\/uploads\\\/2026\\\/03\\\/sabine-150x150.png\",\"contentUrl\":\"https:\\\/\\\/www.samenhaus.de\\\/gartenblog\\\/wp-content\\\/uploads\\\/2026\\\/03\\\/sabine-150x150.png\",\"caption\":\"Sabine\"},\"description\":\"Sabine schreibt am liebsten \u00fcber Themen rund um den Selbstversorgergarten. Ob Gem\u00fcseanbau, Obstgarten, H\u00fchnerhaltung oder Konservierung und Verarbeitung, sie hat jede Menge eigene Erfahrung beizusteuern. Sie liebt es, den Blick \u00fcber die ersten zarten Pflanzen des Jahres schweifen zu lassen oder die gewaltige Ernte im Sommer und Herbst zu b\u00e4ndigen.\",\"url\":\"https:\\\/\\\/www.samenhaus.de\\\/gartenblog\\\/author\\\/sabine\"}]}<\/script>\n<!-- \/ Yoast SEO plugin. -->","yoast_head_json":{"title":"Mischkultur - so planen Sie den Gem\u00fcsemix - Samenhaus Gartenblog","description":"Mischkultur hat viele Vorteile. Sie sparen Platz, sch\u00fctzen den Boden und und verlangsamen die Bodenm\u00fcdigkeit. Mit unseren Tipps gelingt Mischkultur.","robots":{"index":"index","follow":"follow","max-snippet":"max-snippet:-1","max-image-preview":"max-image-preview:large","max-video-preview":"max-video-preview:-1"},"canonical":"https:\/\/www.samenhaus.de\/gartenblog\/einstieg-in-die-mischkultur-so-planen-sie-den-gemuesemix-im-garten","og_locale":"de_DE","og_type":"article","og_title":"Mischkultur - so planen Sie den Gem\u00fcsemix - Samenhaus Gartenblog","og_description":"Mischkultur hat viele Vorteile. Sie sparen Platz, sch\u00fctzen den Boden und und verlangsamen die Bodenm\u00fcdigkeit. Mit unseren Tipps gelingt Mischkultur.","og_url":"https:\/\/www.samenhaus.de\/gartenblog\/einstieg-in-die-mischkultur-so-planen-sie-den-gemuesemix-im-garten","og_site_name":"Samenhaus Gartenblog","article_publisher":"https:\/\/de-de.facebook.com\/samenhaus","article_published_time":"2021-04-22T13:51:39+00:00","article_modified_time":"2023-06-26T08:52:06+00:00","og_image":[{"width":1000,"height":563,"url":"https:\/\/www.samenhaus.de\/gartenblog\/wp-content\/uploads\/2021\/03\/AdobeStock_272674912.jpg","type":"image\/jpeg"}],"author":"Sabine","twitter_card":"summary_large_image","twitter_creator":"@samenhaus","twitter_site":"@samenhaus","twitter_misc":{"Verfasst von":"Sabine","Gesch\u00e4tzte Lesezeit":"7\u00a0Minuten"},"schema":{"@context":"https:\/\/schema.org","@graph":[{"@type":"Article","@id":"https:\/\/www.samenhaus.de\/gartenblog\/einstieg-in-die-mischkultur-so-planen-sie-den-gemuesemix-im-garten#article","isPartOf":{"@id":"https:\/\/www.samenhaus.de\/gartenblog\/einstieg-in-die-mischkultur-so-planen-sie-den-gemuesemix-im-garten"},"author":{"name":"Sabine","@id":"https:\/\/www.samenhaus.de\/gartenblog\/#\/schema\/person\/e4c837ea32ec74c39497c1e69976fed5"},"headline":"Einstieg in die Mischkultur: So planen Sie den Gem\u00fcsemix im Garten","datePublished":"2021-04-22T13:51:39+00:00","dateModified":"2023-06-26T08:52:06+00:00","mainEntityOfPage":{"@id":"https:\/\/www.samenhaus.de\/gartenblog\/einstieg-in-die-mischkultur-so-planen-sie-den-gemuesemix-im-garten"},"wordCount":1229,"commentCount":0,"publisher":{"@id":"https:\/\/www.samenhaus.de\/gartenblog\/#organization"},"image":{"@id":"https:\/\/www.samenhaus.de\/gartenblog\/einstieg-in-die-mischkultur-so-planen-sie-den-gemuesemix-im-garten#primaryimage"},"thumbnailUrl":"https:\/\/www.samenhaus.de\/gartenblog\/wp-content\/uploads\/2021\/03\/AdobeStock_272674912.jpg","articleSection":["Selbstversorger-Garten"],"inLanguage":"de","potentialAction":[{"@type":"CommentAction","name":"Comment","target":["https:\/\/www.samenhaus.de\/gartenblog\/einstieg-in-die-mischkultur-so-planen-sie-den-gemuesemix-im-garten#respond"]}],"copyrightYear":"2021","copyrightHolder":{"@id":"https:\/\/www.samenhaus.de\/gartenblog\/#organization"}},{"@type":"WebPage","@id":"https:\/\/www.samenhaus.de\/gartenblog\/einstieg-in-die-mischkultur-so-planen-sie-den-gemuesemix-im-garten","url":"https:\/\/www.samenhaus.de\/gartenblog\/einstieg-in-die-mischkultur-so-planen-sie-den-gemuesemix-im-garten","name":"Mischkultur - so planen Sie den Gem\u00fcsemix - Samenhaus Gartenblog","isPartOf":{"@id":"https:\/\/www.samenhaus.de\/gartenblog\/#website"},"primaryImageOfPage":{"@id":"https:\/\/www.samenhaus.de\/gartenblog\/einstieg-in-die-mischkultur-so-planen-sie-den-gemuesemix-im-garten#primaryimage"},"image":{"@id":"https:\/\/www.samenhaus.de\/gartenblog\/einstieg-in-die-mischkultur-so-planen-sie-den-gemuesemix-im-garten#primaryimage"},"thumbnailUrl":"https:\/\/www.samenhaus.de\/gartenblog\/wp-content\/uploads\/2021\/03\/AdobeStock_272674912.jpg","datePublished":"2021-04-22T13:51:39+00:00","dateModified":"2023-06-26T08:52:06+00:00","description":"Mischkultur hat viele Vorteile. Sie sparen Platz, sch\u00fctzen den Boden und und verlangsamen die Bodenm\u00fcdigkeit. Mit unseren Tipps gelingt Mischkultur.","breadcrumb":{"@id":"https:\/\/www.samenhaus.de\/gartenblog\/einstieg-in-die-mischkultur-so-planen-sie-den-gemuesemix-im-garten#breadcrumb"},"inLanguage":"de","potentialAction":[{"@type":"ReadAction","target":["https:\/\/www.samenhaus.de\/gartenblog\/einstieg-in-die-mischkultur-so-planen-sie-den-gemuesemix-im-garten"]}]},{"@type":"ImageObject","inLanguage":"de","@id":"https:\/\/www.samenhaus.de\/gartenblog\/einstieg-in-die-mischkultur-so-planen-sie-den-gemuesemix-im-garten#primaryimage","url":"https:\/\/www.samenhaus.de\/gartenblog\/wp-content\/uploads\/2021\/03\/AdobeStock_272674912.jpg","contentUrl":"https:\/\/www.samenhaus.de\/gartenblog\/wp-content\/uploads\/2021\/03\/AdobeStock_272674912.jpg","width":1000,"height":563,"caption":"Mischkultur im Garten"},{"@type":"BreadcrumbList","@id":"https:\/\/www.samenhaus.de\/gartenblog\/einstieg-in-die-mischkultur-so-planen-sie-den-gemuesemix-im-garten#breadcrumb","itemListElement":[{"@type":"ListItem","position":1,"name":"Startseite","item":"https:\/\/www.samenhaus.de\/gartenblog\/"},{"@type":"ListItem","position":2,"name":"Einstieg in die Mischkultur: So planen Sie den Gem\u00fcsemix im Garten"}]},{"@type":"WebSite","@id":"https:\/\/www.samenhaus.de\/gartenblog\/#website","url":"https:\/\/www.samenhaus.de\/gartenblog\/","name":"Samenhaus Gartenblog","description":"","publisher":{"@id":"https:\/\/www.samenhaus.de\/gartenblog\/#organization"},"potentialAction":[{"@type":"SearchAction","target":{"@type":"EntryPoint","urlTemplate":"https:\/\/www.samenhaus.de\/gartenblog\/?s={search_term_string}"},"query-input":{"@type":"PropertyValueSpecification","valueRequired":true,"valueName":"search_term_string"}}],"inLanguage":"de"},{"@type":"Organization","@id":"https:\/\/www.samenhaus.de\/gartenblog\/#organization","name":"Samenhaus.de Gartenblog","url":"https:\/\/www.samenhaus.de\/gartenblog\/","logo":{"@type":"ImageObject","inLanguage":"de","@id":"https:\/\/www.samenhaus.de\/gartenblog\/#\/schema\/logo\/image\/","url":"https:\/\/www.samenhaus.de\/gartenblog\/wp-content\/uploads\/2020\/11\/logo.svg","contentUrl":"https:\/\/www.samenhaus.de\/gartenblog\/wp-content\/uploads\/2020\/11\/logo.svg","width":1,"height":1,"caption":"Samenhaus.de Gartenblog"},"image":{"@id":"https:\/\/www.samenhaus.de\/gartenblog\/#\/schema\/logo\/image\/"},"sameAs":["https:\/\/de-de.facebook.com\/samenhaus","https:\/\/x.com\/samenhaus"]},{"@type":"Person","@id":"https:\/\/www.samenhaus.de\/gartenblog\/#\/schema\/person\/e4c837ea32ec74c39497c1e69976fed5","name":"Sabine","image":{"@type":"ImageObject","inLanguage":"de","@id":"https:\/\/www.samenhaus.de\/gartenblog\/wp-content\/uploads\/2026\/03\/sabine-150x150.png","url":"https:\/\/www.samenhaus.de\/gartenblog\/wp-content\/uploads\/2026\/03\/sabine-150x150.png","contentUrl":"https:\/\/www.samenhaus.de\/gartenblog\/wp-content\/uploads\/2026\/03\/sabine-150x150.png","caption":"Sabine"},"description":"Sabine schreibt am liebsten \u00fcber Themen rund um den Selbstversorgergarten. Ob Gem\u00fcseanbau, Obstgarten, H\u00fchnerhaltung oder Konservierung und Verarbeitung, sie hat jede Menge eigene Erfahrung beizusteuern. Sie liebt es, den Blick \u00fcber die ersten zarten Pflanzen des Jahres schweifen zu lassen oder die gewaltige Ernte im Sommer und Herbst zu b\u00e4ndigen.","url":"https:\/\/www.samenhaus.de\/gartenblog\/author\/sabine"}]}},"wp-worthy-pixel":{"ignored":false,"public":"66b045429b2343fba9406aace3af7bb2","server":"vg05.met.vgwort.de","url":"https:\/\/vg05.met.vgwort.de\/na\/66b045429b2343fba9406aace3af7bb2"},"wp-worthy-type":"normal","_links":{"self":[{"href":"https:\/\/www.samenhaus.de\/gartenblog\/wp-json\/wp\/v2\/posts\/473","targetHints":{"allow":["GET"]}}],"collection":[{"href":"https:\/\/www.samenhaus.de\/gartenblog\/wp-json\/wp\/v2\/posts"}],"about":[{"href":"https:\/\/www.samenhaus.de\/gartenblog\/wp-json\/wp\/v2\/types\/post"}],"author":[{"embeddable":true,"href":"https:\/\/www.samenhaus.de\/gartenblog\/wp-json\/wp\/v2\/users\/11"}],"replies":[{"embeddable":true,"href":"https:\/\/www.samenhaus.de\/gartenblog\/wp-json\/wp\/v2\/comments?post=473"}],"version-history":[{"count":7,"href":"https:\/\/www.samenhaus.de\/gartenblog\/wp-json\/wp\/v2\/posts\/473\/revisions"}],"predecessor-version":[{"id":11902,"href":"https:\/\/www.samenhaus.de\/gartenblog\/wp-json\/wp\/v2\/posts\/473\/revisions\/11902"}],"wp:featuredmedia":[{"embeddable":true,"href":"https:\/\/www.samenhaus.de\/gartenblog\/wp-json\/wp\/v2\/media\/661"}],"wp:attachment":[{"href":"https:\/\/www.samenhaus.de\/gartenblog\/wp-json\/wp\/v2\/media?parent=473"}],"wp:term":[{"taxonomy":"category","embeddable":true,"href":"https:\/\/www.samenhaus.de\/gartenblog\/wp-json\/wp\/v2\/categories?post=473"},{"taxonomy":"post_tag","embeddable":true,"href":"https:\/\/www.samenhaus.de\/gartenblog\/wp-json\/wp\/v2\/tags?post=473"},{"taxonomy":"hersteller","embeddable":true,"href":"https:\/\/www.samenhaus.de\/gartenblog\/wp-json\/wp\/v2\/hersteller?post=473"}],"curies":[{"name":"wp","href":"https:\/\/api.w.org\/{rel}","templated":true}]}}