{"id":5229,"date":"2022-06-01T09:52:55","date_gmt":"2022-06-01T09:52:55","guid":{"rendered":"https:\/\/www.samenhaus.de\/gartenblog\/?p=5229"},"modified":"2023-08-07T16:54:40","modified_gmt":"2023-08-07T16:54:40","slug":"der-mondkalender-fuer-gaertner-im-juni-2022","status":"publish","type":"post","link":"https:\/\/www.samenhaus.de\/gartenblog\/der-mondkalender-fuer-gaertner-im-juni-2022","title":{"rendered":"Der Mondkalender f\u00fcr G\u00e4rtner im Juni 2022"},"content":{"rendered":"<p>Auch f\u00fcr den Monat Juni halten wir einen Mondkalender bereit, damit Sie nach den Phasen des Mondes g\u00e4rtnern k\u00f6nnen. Selbst wenn es nicht immer m\u00f6glich ist nach dem Mondkalender zu g\u00e4rtnern, da es die Zeit einfach nicht zul\u00e4sst, haben Sie f\u00fcr die meisten Gartenarbeiten mehrere Tage im Monat zur Verf\u00fcgung. So k\u00f6nnen Sie sich schon im Vorfeld darauf einrichten, damit Ihre Pflanzen gut gedeihen und Sie eine au\u00dfergew\u00f6hnlich gute Ernte haben.<\/p>\n<h2>So g\u00e4rtnern Sie nach dem Mondkalender im Juni 2022<\/h2>\n<p><img loading=\"lazy\" decoding=\"async\" class=\"size-medium wp-image-5238 alignright\" src=\"https:\/\/www.samenhaus.de\/gartenblog\/wp-content\/uploads\/2022\/06\/Mondkalender-Juni_321416684-300x200.jpeg\" alt=\"Gartenarbeit Juni\" width=\"300\" height=\"200\" srcset=\"https:\/\/www.samenhaus.de\/gartenblog\/wp-content\/uploads\/2022\/06\/Mondkalender-Juni_321416684-300x200.jpeg 300w, https:\/\/www.samenhaus.de\/gartenblog\/wp-content\/uploads\/2022\/06\/Mondkalender-Juni_321416684-600x400.jpeg 600w, https:\/\/www.samenhaus.de\/gartenblog\/wp-content\/uploads\/2022\/06\/Mondkalender-Juni_321416684-2048x1365.jpeg 2048w, https:\/\/www.samenhaus.de\/gartenblog\/wp-content\/uploads\/2022\/06\/Mondkalender-Juni_321416684-768x512.jpeg 768w, https:\/\/www.samenhaus.de\/gartenblog\/wp-content\/uploads\/2022\/06\/Mondkalender-Juni_321416684-1024x683.jpeg 1024w, https:\/\/www.samenhaus.de\/gartenblog\/wp-content\/uploads\/2022\/06\/Mondkalender-Juni_321416684-1536x1024.jpeg 1536w\" sizes=\"auto, (max-width: 300px) 100vw, 300px\" \/>Die ersten 3 Tage des Junis sind f\u00fcr die Bew\u00e4sserung besonders geeignet. Zudem steht die Aussaat und die Anpflanzung von Blattgem\u00fcse an. Verzichten sollten Sie vom 1. bis 3. Mai allerdings auf die Ernte und Konservierung von Obst. Das Obst h\u00e4lt sich nicht lange und fault schnell.<\/p>\n<p>Am 4. und 5. Juni sollten Sie au\u00dferdem auf chemische D\u00fcnger verzichten, da die Pflanzen sonst austrocknen oder verbrennen k\u00f6nnten. Daf\u00fcr steht aber die Aussaat und Anpflanzung von Obstpflanzen an. Auch die Ernte und das Einfrieren von Obst ist an diesen beiden Tagen besonders gut.<\/p>\n<p>Die Tage vom 6. bis 8. Juni stehen ganz im Zeichen f\u00fcr allgemeine Gartenarbeiten. Diese gehen nicht nur leichter von der Hand, sondern sind auch sehr effektiv. Obst sollten Sie an diesen Tagen aber nicht ernten. Auch die Vorbereitung von Obst ist nicht gut. Ein Obstkuchen k\u00f6nnte schnell schimmlig werden, wenn er nicht schnell verzehrt wird.<\/p>\n<p>Der 9. und 10. Juni sind optimal f\u00fcr die Aussaat und Anpflanzung von Blumen und bl\u00fchenden Kr\u00e4utern. Sie werden erstaunt sein, wie schnell die Blumen und Kr\u00e4uter wachsen und dass sie in einer gro\u00dfen Vielzahl bl\u00fchen werden. Auch die Ausbeute von Kr\u00e4utern wird besonders hoch, wenn Sie zu diesem Zeitpunkt pflanzen und auss\u00e4en. Auf eine Bew\u00e4sserung sollten Sie jedoch verzichten.<\/p>\n<p>Die Aussaat und Anpflanzung von Blattgem\u00fcse ist am 11. und 12. Juni perfekt. Auch hier k\u00f6nnen Sie mit einer \u00fcppigen Ernte rechnen. Zudem sollten Sie Ihre Pflanzen bew\u00e4ssern und auch gleich den Rasen m\u00e4hen, wenn Sie ein bis zwei Wochen des Rasenm\u00e4hens hinausz\u00f6gern m\u00f6chten.<\/p>\n<p>Der 13. und 14. Juni sind f\u00fcr die Aussaat und Anpflanzung von Obstpflanzen ideal. Au\u00dferdem ist eine gute Zeit, um Obst zu ernten, es zu lagern und auch einzufrieren.<\/p>\n<p>Um den Pflanzen etwas Gutes zu tun, ist der 14. Juni ein guter Tag. Die D\u00fcngung mit Kunstd\u00fcnger oder nat\u00fcrlichem D\u00fcnger ist dann besonders zu empfehlen.<\/p>\n<p>Damit Sie l\u00e4nger einen unkrautfreien Garten haben, sollten Sie am 15. und 16. Juni das Unkraut in den Beeten und im Rasen entfernen. Diese Tage sind besonders effektiv. Auch die Ernte und Konservierung von Wurzelgem\u00fcse sowie die Ernte und Lagerung von Obst ist an diesen beiden Tagen empfehlenswert. Dar\u00fcber hinaus steht die Aussaat von Wurzelgem\u00fcse an.<\/p>\n<p>Obst ernten und lagern k\u00f6nnen Sie wieder am 17. und 18. Juni. Dann l\u00e4sst es sich besonders gut einlagern und ist l\u00e4nger haltbar. Allerdings sollten Sie an diesen beiden Tagen die Pflanzen nicht bew\u00e4ssern.<\/p>\n<p>Wer am 11. und 12. keine Zeit zum Rasenm\u00e4hen hatte, sollte dies am 19. und 20. Juni unbedingt nachholen. Auch dann ist das M\u00e4hen des Rasens sehr effektiv und er w\u00e4chst nicht so schnell nach. An diesen beiden Tagen haben Sie auch die M\u00f6glichkeit, die Pflanzen zu bew\u00e4ssern, ohne dass Sch\u00e4dlinge im Anmarsch sind. Obst hingegen sollten Sie nur zum direkten Verzehr ernten. Das Lagern ist an diesen Tagen nicht sehr effektiv und es kann schneller faulen.<\/p>\n<p>Um Obst zu ernten und gut zu lagern, eignen sich der 21. und 22. Juni besser. Das Obst h\u00e4lt l\u00e4nger und auch die Entfernung von Unkraut ist an diesen 2 Tagen sehr effektiv.<\/p>\n<p>Der 23. bis 25. Juni stehen voll im Zeichen von Wurzelgem\u00fcse. An diesen Tagen ist es besonders empfehlenswert, Wurzelgem\u00fcse auszus\u00e4en und anzupflanzen. Doch auch die Ernte und Konservierung sollten an diesen 3 Tagen durchgef\u00fchrt werden. Zudem kann auch Obst geerntet und konserviert werden.<\/p>\n<p>Die Bew\u00e4sserung von Pflanzen sollten Sie vom 26. bis 27. Juni nicht durchf\u00fchren, da es sonst zu einem Sch\u00e4dlingsbefall kommen k\u00f6nnte.<\/p>\n<p>Vom 28. bis 30. Juni ist die Bew\u00e4sserung aber wieder m\u00f6glich. Allerdings sollten die Ernte und Lagerung vom Obst verschoben werden. Der 30. Juni eignet sich au\u00dferdem gut f\u00fcr die Aussaat und Anpflanzung von Blattgem\u00fcse.<\/p>\n<h2>Monat Juni Kurz\u00fcbersicht<\/h2>\n<table width=\"100%\" cellspacing=\"0\" cellpadding=\"4\">\n<tbody>\n<tr valign=\"top\">\n<td width=\"43\" height=\"25\">\n<p align=\"left\">01. Jun 22<\/p>\n<\/td>\n<td width=\"546\">\n<p align=\"left\">Bew\u00e4sserung; Rasen m\u00e4hen, kein guter Tag um Obst zu ernten und zu konservieren; Aussaat und Anpflanzung von Blattgem\u00fcse;<\/p>\n<\/td>\n<\/tr>\n<tr valign=\"top\">\n<td width=\"43\" height=\"27\">\n<p align=\"left\">02. Jun 22<\/p>\n<\/td>\n<td width=\"546\">\n<p align=\"left\">Bew\u00e4sserung; Rasen m\u00e4hen, kein guter Tag, um Obst zu ernten und zu konservieren; Aussaat und Anpflanzung von Blattgem\u00fcse;<\/p>\n<\/td>\n<\/tr>\n<tr valign=\"top\">\n<td width=\"43\" height=\"27\">\n<p align=\"left\">03. Jun 22<\/p>\n<\/td>\n<td width=\"546\">\n<p align=\"left\">Bew\u00e4sserung; Rasen m\u00e4hen, kein guter Tag, um Obst zu ernten und zu konservieren; Aussaat und Anpflanzung von Blattgem\u00fcse;<\/p>\n<\/td>\n<\/tr>\n<tr valign=\"top\">\n<td width=\"43\" height=\"26\">\n<p align=\"left\">04. Jun 22<\/p>\n<\/td>\n<td width=\"546\">\n<p align=\"left\">Keine chemischen D\u00fcnger verwenden; Unkraut j\u00e4ten; Aussaat und Anpflanzung von Obstpflanzen; Ernte und Einfrieren von Obst;<\/p>\n<\/td>\n<\/tr>\n<tr valign=\"top\">\n<td width=\"43\" height=\"26\">\n<p align=\"left\">05. Jun 22<\/p>\n<\/td>\n<td width=\"546\">\n<p align=\"left\">Keine chemischen D\u00fcnger verwenden; Unkraut j\u00e4ten; Aussaat und Anpflanzung von Obstpflanzen; Ernte und Einfrieren von Obst;<\/p>\n<\/td>\n<\/tr>\n<tr valign=\"top\">\n<td width=\"43\" height=\"27\">\n<p align=\"left\">06. Jun 22<\/p>\n<\/td>\n<td width=\"546\">\n<p align=\"left\">Keine Obstprodukte ernten und vorbereiten; guter Tag f\u00fcr allgemeine Gartenarbeiten;<\/p>\n<\/td>\n<\/tr>\n<tr valign=\"top\">\n<td width=\"43\" height=\"26\">\n<p align=\"left\">07. Jun 22<\/p>\n<\/td>\n<td width=\"546\">\n<p align=\"left\">Keine Obstprodukte ernten und vorbereiten; guter Tag f\u00fcr allgemeine Gartenarbeiten;<\/p>\n<\/td>\n<\/tr>\n<tr valign=\"top\">\n<td width=\"43\" height=\"27\">\n<p align=\"left\">08. Jun 22<\/p>\n<\/td>\n<td width=\"546\">\n<p align=\"left\">Keine Obstprodukte ernten und vorbereiten; guter Tag f\u00fcr allgemeine Gartenarbeiten;<\/p>\n<\/td>\n<\/tr>\n<tr valign=\"top\">\n<td width=\"43\" height=\"25\">\n<p align=\"left\">09. Jun 22<\/p>\n<\/td>\n<td width=\"546\">\n<p align=\"left\">Aussaat und Anpflanzung von Blumen und bl\u00fchenden Kr\u00e4utern, keine Bew\u00e4sserung;<\/p>\n<\/td>\n<\/tr>\n<tr valign=\"top\">\n<td width=\"43\" height=\"27\">\n<p align=\"left\">10. Jun 22<\/p>\n<\/td>\n<td width=\"546\">\n<p align=\"left\">Aussaat und Anpflanzung von Blumen und bl\u00fchenden Kr\u00e4utern, keine Bew\u00e4sserung;<\/p>\n<\/td>\n<\/tr>\n<tr valign=\"top\">\n<td width=\"43\" height=\"25\">\n<p align=\"left\">11. Jun 22<\/p>\n<\/td>\n<td width=\"546\">\n<p align=\"left\">Aussaat und Anpflanzung von Blattgem\u00fcse; Bew\u00e4sserung; Rasen m\u00e4hen;<\/p>\n<\/td>\n<\/tr>\n<tr valign=\"top\">\n<td width=\"43\" height=\"26\">\n<p align=\"left\">12. Jun 22<\/p>\n<\/td>\n<td width=\"546\">\n<p align=\"left\">Aussaat und Anpflanzung von Blattgem\u00fcse; Bew\u00e4sserung; Rasen m\u00e4hen;<\/p>\n<\/td>\n<\/tr>\n<tr valign=\"top\">\n<td width=\"43\" height=\"26\">\n<p align=\"left\">13. Jun 22<\/p>\n<\/td>\n<td width=\"546\">\n<p align=\"left\">Gute Zeit, um Obst zu ernten, zu lagern und einzufrieren; Aussaat und Anpflanzung von Obstpflanzen;<\/p>\n<\/td>\n<\/tr>\n<tr valign=\"top\">\n<td width=\"43\" height=\"26\">\n<p align=\"left\">14. Jun 22<\/p>\n<\/td>\n<td width=\"546\">\n<p align=\"left\">Gute Zeit, um Obst zu ernten, zu lagern und einzufrieren; Pflanzen mit Kunstd\u00fcnger oder nat\u00fcrlichem D\u00fcnger behandeln;<\/p>\n<\/td>\n<\/tr>\n<tr valign=\"top\">\n<td width=\"43\" height=\"27\">\n<p align=\"left\">15. Jun 22<\/p>\n<\/td>\n<td width=\"546\">\n<p align=\"left\">Effektive Entfernung von Unkraut; Ernte und Konservierung von Wurzelgem\u00fcse; Aussaat von Wurzelgem\u00fcse; Ernte und Lagerung von Obst;<\/p>\n<\/td>\n<\/tr>\n<tr valign=\"top\">\n<td width=\"43\" height=\"26\">\n<p align=\"left\">16. Jun 22<\/p>\n<\/td>\n<td width=\"546\">\n<p align=\"left\">Effektive Entfernung von Unkraut; Ernte und Konservierung von Wurzelgem\u00fcse; Aussaat von Wurzelgem\u00fcse; Ernte und Lagerung von Obst;<\/p>\n<\/td>\n<\/tr>\n<tr valign=\"top\">\n<td width=\"43\" height=\"25\">\n<p align=\"left\">17. Jun 22<\/p>\n<\/td>\n<td width=\"546\">\n<p align=\"left\">Ernte und Lagerung von Obst; keine Bew\u00e4sserung;<\/p>\n<\/td>\n<\/tr>\n<tr valign=\"top\">\n<td width=\"43\" height=\"27\">\n<p align=\"left\">18. Jun 22<\/p>\n<\/td>\n<td width=\"546\">\n<p align=\"left\">Ernte und Lagerung von Obst; keine Bew\u00e4sserung;<\/p>\n<\/td>\n<\/tr>\n<tr valign=\"top\">\n<td width=\"43\" height=\"25\">\n<p align=\"left\">19. Jun 22<\/p>\n<\/td>\n<td width=\"546\">\n<p align=\"left\">Rasen m\u00e4hen; Bew\u00e4sserung; kein Obst ernten und lagern;<\/p>\n<\/td>\n<\/tr>\n<tr valign=\"top\">\n<td width=\"43\" height=\"26\">\n<p align=\"left\">20. Jun 22<\/p>\n<\/td>\n<td width=\"546\">\n<p align=\"left\">Rasen m\u00e4hen; Bew\u00e4sserung; kein Obst ernten und lagern;<\/p>\n<\/td>\n<\/tr>\n<tr valign=\"top\">\n<td width=\"43\" height=\"26\">\n<p align=\"left\">21. Jun 22<\/p>\n<\/td>\n<td width=\"546\">\n<p align=\"left\">Effektive Entfernung von Unkraut; Ernte und Lagerung von Obst;<\/p>\n<\/td>\n<\/tr>\n<tr valign=\"top\">\n<td width=\"43\" height=\"25\">\n<p align=\"left\">22. Jun 22<\/p>\n<\/td>\n<td width=\"546\">\n<p align=\"left\">Effektive Entfernung von Unkraut; Ernte und Lagerung von Obst;<\/p>\n<\/td>\n<\/tr>\n<tr valign=\"top\">\n<td width=\"43\" height=\"27\">\n<p align=\"left\">23. Jun 22<\/p>\n<\/td>\n<td width=\"546\">\n<p align=\"left\">Aussaat und Anpflanzung von Wurzelgem\u00fcse; Ernte und Konservierung von Wurzelgem\u00fcse und Obst;<\/p>\n<\/td>\n<\/tr>\n<tr valign=\"top\">\n<td width=\"43\" height=\"26\">\n<p align=\"left\">24. Jun 22<\/p>\n<\/td>\n<td width=\"546\">\n<p align=\"left\">Aussaat und Anpflanzung von Wurzelgem\u00fcse; Ernte und Konservierung von Wurzelgem\u00fcse und Obst;<\/p>\n<\/td>\n<\/tr>\n<tr valign=\"top\">\n<td width=\"43\" height=\"25\">\n<p align=\"left\">25. Jun 22<\/p>\n<\/td>\n<td width=\"546\">\n<p align=\"left\">Aussaat und Anpflanzung von Wurzelgem\u00fcse; Ernte und Konservierung von Wurzelgem\u00fcse und Obst;<\/p>\n<\/td>\n<\/tr>\n<tr valign=\"top\">\n<td width=\"43\" height=\"25\">\n<p align=\"left\">26. Jun 22<\/p>\n<\/td>\n<td width=\"546\">\n<p align=\"left\">Keine Bew\u00e4sserung;<\/p>\n<\/td>\n<\/tr>\n<tr valign=\"top\">\n<td width=\"43\" height=\"25\">\n<p align=\"left\">27. Jun 22<\/p>\n<\/td>\n<td width=\"546\">\n<p align=\"left\">Keine Bew\u00e4sserung;<\/p>\n<\/td>\n<\/tr>\n<tr valign=\"top\">\n<td width=\"43\" height=\"25\">\n<p align=\"left\">28. Jun 22<\/p>\n<\/td>\n<td width=\"546\">\n<p align=\"left\">Bew\u00e4sserung; Rasen m\u00e4hen; Keine Ernte und Lagerung von Obst;<\/p>\n<\/td>\n<\/tr>\n<tr valign=\"top\">\n<td width=\"43\" height=\"26\">\n<p align=\"left\">29. Jun 22<\/p>\n<\/td>\n<td width=\"546\">\n<p align=\"left\">Bew\u00e4sserung; Rasen m\u00e4hen; Keine Ernte und Lagerung von Obst;<\/p>\n<\/td>\n<\/tr>\n<tr valign=\"top\">\n<td width=\"43\" height=\"24\">\n<p align=\"left\">30. Jun 22<\/p>\n<\/td>\n<td width=\"546\">\n<p align=\"left\">Bew\u00e4sserung; Rasen m\u00e4hen; Keine Ernte und Lagerung von Obst; Aussaat und Anpflanzung von Blattgem\u00fcse;<\/p>\n<\/td>\n<\/tr>\n<\/tbody>\n<\/table>\n<p>&nbsp;<\/p>\n<p><img loading=\"lazy\" decoding=\"async\" class=\"size-medium wp-image-5239 alignright\" src=\"https:\/\/www.samenhaus.de\/gartenblog\/wp-content\/uploads\/2022\/06\/Mondkalender-Juni_381774519-300x200.jpeg\" alt=\"Hausarbeit Juni\" width=\"300\" height=\"200\" srcset=\"https:\/\/www.samenhaus.de\/gartenblog\/wp-content\/uploads\/2022\/06\/Mondkalender-Juni_381774519-300x200.jpeg 300w, https:\/\/www.samenhaus.de\/gartenblog\/wp-content\/uploads\/2022\/06\/Mondkalender-Juni_381774519-600x400.jpeg 600w, https:\/\/www.samenhaus.de\/gartenblog\/wp-content\/uploads\/2022\/06\/Mondkalender-Juni_381774519-2048x1365.jpeg 2048w, https:\/\/www.samenhaus.de\/gartenblog\/wp-content\/uploads\/2022\/06\/Mondkalender-Juni_381774519-768x512.jpeg 768w, https:\/\/www.samenhaus.de\/gartenblog\/wp-content\/uploads\/2022\/06\/Mondkalender-Juni_381774519-1024x683.jpeg 1024w, https:\/\/www.samenhaus.de\/gartenblog\/wp-content\/uploads\/2022\/06\/Mondkalender-Juni_381774519-1536x1024.jpeg 1536w\" sizes=\"auto, (max-width: 300px) 100vw, 300px\" \/>Damit auch Ihr Haushalt besser von der Hand geht, gibt es hier noch einen kurzen \u00dcberblick \u00fcber die Hausarbeiten im Juni \u2013 nat\u00fcrlich nach dem Mondkalender.<\/p>\n<p>Am 4., 5., 9., 10., 13., 14., 17., 18., 21., 22., und 26. und 27. Juni sollten Sie das Haus gut l\u00fcften. Das Staubwischen ist an diesen Tagen besonders effektiv und deutlich einfacher als sonst.<\/p>\n<p>Anstrich- und Lackierungsarbeiten sowie kleine Renovierungsarbeiten sind vom 15. bis 18. sowie vom 21. bis 27. Juni sehr effektiv. Zum einen fallen Ihnen die Arbeiten leichter und zum anderen h\u00e4lt die Farbe deutlich besser.<\/p>\n<p>Wer streifenfreie und sch\u00f6n saubere Fenster haben m\u00f6chte, sollte diese Arbeiten auf den 17., 18., 21., 22., 26. und 27. Juni verlegen. Das Fensterputzen f\u00e4llt leichter und die Fenster werden streifenfrei.<\/p>\n<p>Haben Sie Flecken auf der Bekleidung, auf Sofas, St\u00fchlen und Teppichen, sind der 19., 20. und 28. Juni bestens daf\u00fcr geeignet, die Flecken effektiv entfernen zu k\u00f6nnen.<\/p>\n<p>Um Putzen und Waschen verlegen Sie am besten auf den 15. bis 28. Juni. Dann ben\u00f6tigen Sie nicht nur weniger Wasch- und Putzmittel, sondern die Arbeit geht Ihnen leichter von der Hand.<\/p>\n<p>Freuen Sie sich auf den n\u00e4chsten Monat, wenn der Mondkalender Juli 2022 online geht. Auch hier werden wir wieder alle anfallenden Gartenarbeiten und auch einige Hausarbeiten auflisten, damit Sie es einfacher haben und die Garten- und Hausarbeit auch wirklich effektiv ist.<\/p>\n","protected":false},"excerpt":{"rendered":"<p>Auch f\u00fcr den Monat Juni halten wir einen Mondkalender bereit, damit Sie nach den Phasen des Mondes g\u00e4rtnern k\u00f6nnen. Selbst wenn es nicht immer m\u00f6glich ist nach dem Mondkalender zu g\u00e4rtnern, da es die Zeit einfach nicht zul\u00e4sst, haben Sie f\u00fcr die meisten Gartenarbeiten mehrere Tage im Monat zur Verf\u00fcgung. So k\u00f6nnen Sie sich schon im Vorfeld darauf einrichten, damit Ihre Pflanzen gut gedeihen und Sie eine au\u00dfergew\u00f6hnlich gute Ernte haben. So g\u00e4rtnern Sie nach dem Mondkalender im Juni 2022 Die ersten 3 Tage des Junis sind f\u00fcr die Bew\u00e4sserung besonders geeignet. Zudem steht die Aussaat und die Anpflanzung von Blattgem\u00fcse an. Verzichten sollten Sie vom 1. bis 3. Mai allerdings auf die Ernte und Konservierung von Obst. Das Obst h\u00e4lt sich nicht lange und fault schnell. Am 4. und 5. Juni sollten Sie au\u00dferdem auf chemische D\u00fcnger verzichten, da die Pflanzen sonst austrocknen oder verbrennen k\u00f6nnten. Daf\u00fcr steht aber die Aussaat und Anpflanzung von Obstpflanzen an. Auch die Ernte und das Einfrieren von Obst ist an diesen beiden Tagen besonders gut. Die Tage vom 6. bis 8. Juni stehen ganz im Zeichen f\u00fcr allgemeine Gartenarbeiten. Diese gehen nicht nur leichter von der Hand, sondern sind auch sehr effektiv. Obst [&hellip;]<\/p>\n","protected":false},"author":12,"featured_media":5240,"comment_status":"open","ping_status":"open","sticky":false,"template":"","format":"standard","meta":{"_acf_changed":false,"footnotes":""},"categories":[24],"tags":[],"hersteller":[],"class_list":["post-5229","post","type-post","status-publish","format-standard","has-post-thumbnail","hentry","category-juni"],"acf":[],"yoast_head":"<!-- This site is optimized with the Yoast SEO plugin v27.4 - https:\/\/yoast.com\/product\/yoast-seo-wordpress\/ -->\n<title>Der Mondkalender f\u00fcr G\u00e4rtner im Juni 2022 - Samenhaus Gartenblog<\/title>\n<meta name=\"description\" content=\"Der Mondkalender f\u00fcr Juni h\u00e4lt wieder jede Menge Gartenarbeiten bereit, die zum richtigen Zeitpunkt einfacher werden sollen.\" \/>\n<meta name=\"robots\" content=\"index, follow, max-snippet:-1, max-image-preview:large, max-video-preview:-1\" \/>\n<link rel=\"canonical\" href=\"https:\/\/www.samenhaus.de\/gartenblog\/der-mondkalender-fuer-gaertner-im-juni-2022\" \/>\n<meta property=\"og:locale\" content=\"de_DE\" \/>\n<meta property=\"og:type\" content=\"article\" \/>\n<meta property=\"og:title\" content=\"Der Mondkalender f\u00fcr G\u00e4rtner im Juni 2022 - Samenhaus Gartenblog\" \/>\n<meta property=\"og:description\" content=\"Der Mondkalender f\u00fcr Juni h\u00e4lt wieder jede Menge Gartenarbeiten bereit, die zum richtigen Zeitpunkt einfacher werden sollen.\" \/>\n<meta property=\"og:url\" content=\"https:\/\/www.samenhaus.de\/gartenblog\/der-mondkalender-fuer-gaertner-im-juni-2022\" \/>\n<meta property=\"og:site_name\" content=\"Samenhaus Gartenblog\" \/>\n<meta property=\"article:publisher\" content=\"https:\/\/de-de.facebook.com\/samenhaus\" \/>\n<meta property=\"article:published_time\" content=\"2022-06-01T09:52:55+00:00\" \/>\n<meta property=\"article:modified_time\" content=\"2023-08-07T16:54:40+00:00\" \/>\n<meta property=\"og:image\" content=\"https:\/\/www.samenhaus.de\/gartenblog\/wp-content\/uploads\/2022\/06\/Mondkalender-Juni_195616196-Kopie-scaled.jpg\" \/>\n\t<meta property=\"og:image:width\" content=\"2560\" \/>\n\t<meta property=\"og:image:height\" content=\"1707\" \/>\n\t<meta property=\"og:image:type\" content=\"image\/jpeg\" \/>\n<meta name=\"author\" content=\"Stephanie\" \/>\n<meta name=\"twitter:card\" content=\"summary_large_image\" \/>\n<meta name=\"twitter:creator\" content=\"@samenhaus\" \/>\n<meta name=\"twitter:site\" content=\"@samenhaus\" \/>\n<meta name=\"twitter:label1\" content=\"Verfasst von\" \/>\n\t<meta name=\"twitter:data1\" content=\"Stephanie\" \/>\n\t<meta name=\"twitter:label2\" content=\"Gesch\u00e4tzte Lesezeit\" \/>\n\t<meta name=\"twitter:data2\" content=\"8\u00a0Minuten\" \/>\n<script type=\"application\/ld+json\" class=\"yoast-schema-graph\">{\"@context\":\"https:\\\/\\\/schema.org\",\"@graph\":[{\"@type\":\"Article\",\"@id\":\"https:\\\/\\\/www.samenhaus.de\\\/gartenblog\\\/der-mondkalender-fuer-gaertner-im-juni-2022#article\",\"isPartOf\":{\"@id\":\"https:\\\/\\\/www.samenhaus.de\\\/gartenblog\\\/der-mondkalender-fuer-gaertner-im-juni-2022\"},\"author\":{\"name\":\"Stephanie\",\"@id\":\"https:\\\/\\\/www.samenhaus.de\\\/gartenblog\\\/#\\\/schema\\\/person\\\/97f059f6e72cec571c88cb48b4582118\"},\"headline\":\"Der Mondkalender f\u00fcr G\u00e4rtner im Juni 2022\",\"datePublished\":\"2022-06-01T09:52:55+00:00\",\"dateModified\":\"2023-08-07T16:54:40+00:00\",\"mainEntityOfPage\":{\"@id\":\"https:\\\/\\\/www.samenhaus.de\\\/gartenblog\\\/der-mondkalender-fuer-gaertner-im-juni-2022\"},\"wordCount\":1370,\"commentCount\":0,\"publisher\":{\"@id\":\"https:\\\/\\\/www.samenhaus.de\\\/gartenblog\\\/#organization\"},\"image\":{\"@id\":\"https:\\\/\\\/www.samenhaus.de\\\/gartenblog\\\/der-mondkalender-fuer-gaertner-im-juni-2022#primaryimage\"},\"thumbnailUrl\":\"https:\\\/\\\/www.samenhaus.de\\\/gartenblog\\\/wp-content\\\/uploads\\\/2022\\\/06\\\/Mondkalender-Juni_195616196-Kopie-scaled.jpg\",\"articleSection\":[\"Juni\"],\"inLanguage\":\"de\",\"potentialAction\":[{\"@type\":\"CommentAction\",\"name\":\"Comment\",\"target\":[\"https:\\\/\\\/www.samenhaus.de\\\/gartenblog\\\/der-mondkalender-fuer-gaertner-im-juni-2022#respond\"]}],\"copyrightYear\":\"2022\",\"copyrightHolder\":{\"@id\":\"https:\\\/\\\/www.samenhaus.de\\\/gartenblog\\\/#organization\"}},{\"@type\":\"WebPage\",\"@id\":\"https:\\\/\\\/www.samenhaus.de\\\/gartenblog\\\/der-mondkalender-fuer-gaertner-im-juni-2022\",\"url\":\"https:\\\/\\\/www.samenhaus.de\\\/gartenblog\\\/der-mondkalender-fuer-gaertner-im-juni-2022\",\"name\":\"Der Mondkalender f\u00fcr G\u00e4rtner im Juni 2022 - Samenhaus Gartenblog\",\"isPartOf\":{\"@id\":\"https:\\\/\\\/www.samenhaus.de\\\/gartenblog\\\/#website\"},\"primaryImageOfPage\":{\"@id\":\"https:\\\/\\\/www.samenhaus.de\\\/gartenblog\\\/der-mondkalender-fuer-gaertner-im-juni-2022#primaryimage\"},\"image\":{\"@id\":\"https:\\\/\\\/www.samenhaus.de\\\/gartenblog\\\/der-mondkalender-fuer-gaertner-im-juni-2022#primaryimage\"},\"thumbnailUrl\":\"https:\\\/\\\/www.samenhaus.de\\\/gartenblog\\\/wp-content\\\/uploads\\\/2022\\\/06\\\/Mondkalender-Juni_195616196-Kopie-scaled.jpg\",\"datePublished\":\"2022-06-01T09:52:55+00:00\",\"dateModified\":\"2023-08-07T16:54:40+00:00\",\"description\":\"Der Mondkalender f\u00fcr Juni h\u00e4lt wieder jede Menge Gartenarbeiten bereit, die zum richtigen Zeitpunkt einfacher werden sollen.\",\"breadcrumb\":{\"@id\":\"https:\\\/\\\/www.samenhaus.de\\\/gartenblog\\\/der-mondkalender-fuer-gaertner-im-juni-2022#breadcrumb\"},\"inLanguage\":\"de\",\"potentialAction\":[{\"@type\":\"ReadAction\",\"target\":[\"https:\\\/\\\/www.samenhaus.de\\\/gartenblog\\\/der-mondkalender-fuer-gaertner-im-juni-2022\"]}]},{\"@type\":\"ImageObject\",\"inLanguage\":\"de\",\"@id\":\"https:\\\/\\\/www.samenhaus.de\\\/gartenblog\\\/der-mondkalender-fuer-gaertner-im-juni-2022#primaryimage\",\"url\":\"https:\\\/\\\/www.samenhaus.de\\\/gartenblog\\\/wp-content\\\/uploads\\\/2022\\\/06\\\/Mondkalender-Juni_195616196-Kopie-scaled.jpg\",\"contentUrl\":\"https:\\\/\\\/www.samenhaus.de\\\/gartenblog\\\/wp-content\\\/uploads\\\/2022\\\/06\\\/Mondkalender-Juni_195616196-Kopie-scaled.jpg\",\"width\":2560,\"height\":1707,\"caption\":\"Mondkalender Juni\"},{\"@type\":\"BreadcrumbList\",\"@id\":\"https:\\\/\\\/www.samenhaus.de\\\/gartenblog\\\/der-mondkalender-fuer-gaertner-im-juni-2022#breadcrumb\",\"itemListElement\":[{\"@type\":\"ListItem\",\"position\":1,\"name\":\"Startseite\",\"item\":\"https:\\\/\\\/www.samenhaus.de\\\/gartenblog\\\/\"},{\"@type\":\"ListItem\",\"position\":2,\"name\":\"Der Mondkalender f\u00fcr G\u00e4rtner im Juni 2022\"}]},{\"@type\":\"WebSite\",\"@id\":\"https:\\\/\\\/www.samenhaus.de\\\/gartenblog\\\/#website\",\"url\":\"https:\\\/\\\/www.samenhaus.de\\\/gartenblog\\\/\",\"name\":\"Samenhaus Gartenblog\",\"description\":\"\",\"publisher\":{\"@id\":\"https:\\\/\\\/www.samenhaus.de\\\/gartenblog\\\/#organization\"},\"potentialAction\":[{\"@type\":\"SearchAction\",\"target\":{\"@type\":\"EntryPoint\",\"urlTemplate\":\"https:\\\/\\\/www.samenhaus.de\\\/gartenblog\\\/?s={search_term_string}\"},\"query-input\":{\"@type\":\"PropertyValueSpecification\",\"valueRequired\":true,\"valueName\":\"search_term_string\"}}],\"inLanguage\":\"de\"},{\"@type\":\"Organization\",\"@id\":\"https:\\\/\\\/www.samenhaus.de\\\/gartenblog\\\/#organization\",\"name\":\"Samenhaus.de Gartenblog\",\"url\":\"https:\\\/\\\/www.samenhaus.de\\\/gartenblog\\\/\",\"logo\":{\"@type\":\"ImageObject\",\"inLanguage\":\"de\",\"@id\":\"https:\\\/\\\/www.samenhaus.de\\\/gartenblog\\\/#\\\/schema\\\/logo\\\/image\\\/\",\"url\":\"https:\\\/\\\/www.samenhaus.de\\\/gartenblog\\\/wp-content\\\/uploads\\\/2020\\\/11\\\/logo.svg\",\"contentUrl\":\"https:\\\/\\\/www.samenhaus.de\\\/gartenblog\\\/wp-content\\\/uploads\\\/2020\\\/11\\\/logo.svg\",\"width\":1,\"height\":1,\"caption\":\"Samenhaus.de Gartenblog\"},\"image\":{\"@id\":\"https:\\\/\\\/www.samenhaus.de\\\/gartenblog\\\/#\\\/schema\\\/logo\\\/image\\\/\"},\"sameAs\":[\"https:\\\/\\\/de-de.facebook.com\\\/samenhaus\",\"https:\\\/\\\/x.com\\\/samenhaus\"]},{\"@type\":\"Person\",\"@id\":\"https:\\\/\\\/www.samenhaus.de\\\/gartenblog\\\/#\\\/schema\\\/person\\\/97f059f6e72cec571c88cb48b4582118\",\"name\":\"Stephanie\",\"image\":{\"@type\":\"ImageObject\",\"inLanguage\":\"de\",\"@id\":\"https:\\\/\\\/www.samenhaus.de\\\/gartenblog\\\/wp-content\\\/uploads\\\/2026\\\/03\\\/stefanie-150x150.png\",\"url\":\"https:\\\/\\\/www.samenhaus.de\\\/gartenblog\\\/wp-content\\\/uploads\\\/2026\\\/03\\\/stefanie-150x150.png\",\"contentUrl\":\"https:\\\/\\\/www.samenhaus.de\\\/gartenblog\\\/wp-content\\\/uploads\\\/2026\\\/03\\\/stefanie-150x150.png\",\"caption\":\"Stephanie\"},\"description\":\"Garten und Pflanzen waren schon immer meine Leidenschaft. Wahrscheinlich deshalb, weil ich damit aufgewachsen bin. Ich verwerte in der Regel alles und mache Lik\u00f6re, Marmeladen und nutze Kr\u00e4uter auch als Heilpflanzen, indem ich \u00d6le und Tinkturen herstelle. Leider habe ich meinen gr\u00fcnen Daumen beim Auswandern nach Spanien in Deutschland vergessen. Langsam kehrt er aber wieder zur\u00fcck und die Anpassung an die neue Klimazone war gar nicht so einfach. Mittlerweile schaffe ich es sogar, dass gekaufter Basilikum \u00fcberlebt.\",\"url\":\"https:\\\/\\\/www.samenhaus.de\\\/gartenblog\\\/author\\\/stephanie\"}]}<\/script>\n<!-- \/ Yoast SEO plugin. -->","yoast_head_json":{"title":"Der Mondkalender f\u00fcr G\u00e4rtner im Juni 2022 - Samenhaus Gartenblog","description":"Der Mondkalender f\u00fcr Juni h\u00e4lt wieder jede Menge Gartenarbeiten bereit, die zum richtigen Zeitpunkt einfacher werden sollen.","robots":{"index":"index","follow":"follow","max-snippet":"max-snippet:-1","max-image-preview":"max-image-preview:large","max-video-preview":"max-video-preview:-1"},"canonical":"https:\/\/www.samenhaus.de\/gartenblog\/der-mondkalender-fuer-gaertner-im-juni-2022","og_locale":"de_DE","og_type":"article","og_title":"Der Mondkalender f\u00fcr G\u00e4rtner im Juni 2022 - Samenhaus Gartenblog","og_description":"Der Mondkalender f\u00fcr Juni h\u00e4lt wieder jede Menge Gartenarbeiten bereit, die zum richtigen Zeitpunkt einfacher werden sollen.","og_url":"https:\/\/www.samenhaus.de\/gartenblog\/der-mondkalender-fuer-gaertner-im-juni-2022","og_site_name":"Samenhaus Gartenblog","article_publisher":"https:\/\/de-de.facebook.com\/samenhaus","article_published_time":"2022-06-01T09:52:55+00:00","article_modified_time":"2023-08-07T16:54:40+00:00","og_image":[{"width":2560,"height":1707,"url":"https:\/\/www.samenhaus.de\/gartenblog\/wp-content\/uploads\/2022\/06\/Mondkalender-Juni_195616196-Kopie-scaled.jpg","type":"image\/jpeg"}],"author":"Stephanie","twitter_card":"summary_large_image","twitter_creator":"@samenhaus","twitter_site":"@samenhaus","twitter_misc":{"Verfasst von":"Stephanie","Gesch\u00e4tzte Lesezeit":"8\u00a0Minuten"},"schema":{"@context":"https:\/\/schema.org","@graph":[{"@type":"Article","@id":"https:\/\/www.samenhaus.de\/gartenblog\/der-mondkalender-fuer-gaertner-im-juni-2022#article","isPartOf":{"@id":"https:\/\/www.samenhaus.de\/gartenblog\/der-mondkalender-fuer-gaertner-im-juni-2022"},"author":{"name":"Stephanie","@id":"https:\/\/www.samenhaus.de\/gartenblog\/#\/schema\/person\/97f059f6e72cec571c88cb48b4582118"},"headline":"Der Mondkalender f\u00fcr G\u00e4rtner im Juni 2022","datePublished":"2022-06-01T09:52:55+00:00","dateModified":"2023-08-07T16:54:40+00:00","mainEntityOfPage":{"@id":"https:\/\/www.samenhaus.de\/gartenblog\/der-mondkalender-fuer-gaertner-im-juni-2022"},"wordCount":1370,"commentCount":0,"publisher":{"@id":"https:\/\/www.samenhaus.de\/gartenblog\/#organization"},"image":{"@id":"https:\/\/www.samenhaus.de\/gartenblog\/der-mondkalender-fuer-gaertner-im-juni-2022#primaryimage"},"thumbnailUrl":"https:\/\/www.samenhaus.de\/gartenblog\/wp-content\/uploads\/2022\/06\/Mondkalender-Juni_195616196-Kopie-scaled.jpg","articleSection":["Juni"],"inLanguage":"de","potentialAction":[{"@type":"CommentAction","name":"Comment","target":["https:\/\/www.samenhaus.de\/gartenblog\/der-mondkalender-fuer-gaertner-im-juni-2022#respond"]}],"copyrightYear":"2022","copyrightHolder":{"@id":"https:\/\/www.samenhaus.de\/gartenblog\/#organization"}},{"@type":"WebPage","@id":"https:\/\/www.samenhaus.de\/gartenblog\/der-mondkalender-fuer-gaertner-im-juni-2022","url":"https:\/\/www.samenhaus.de\/gartenblog\/der-mondkalender-fuer-gaertner-im-juni-2022","name":"Der Mondkalender f\u00fcr G\u00e4rtner im Juni 2022 - Samenhaus Gartenblog","isPartOf":{"@id":"https:\/\/www.samenhaus.de\/gartenblog\/#website"},"primaryImageOfPage":{"@id":"https:\/\/www.samenhaus.de\/gartenblog\/der-mondkalender-fuer-gaertner-im-juni-2022#primaryimage"},"image":{"@id":"https:\/\/www.samenhaus.de\/gartenblog\/der-mondkalender-fuer-gaertner-im-juni-2022#primaryimage"},"thumbnailUrl":"https:\/\/www.samenhaus.de\/gartenblog\/wp-content\/uploads\/2022\/06\/Mondkalender-Juni_195616196-Kopie-scaled.jpg","datePublished":"2022-06-01T09:52:55+00:00","dateModified":"2023-08-07T16:54:40+00:00","description":"Der Mondkalender f\u00fcr Juni h\u00e4lt wieder jede Menge Gartenarbeiten bereit, die zum richtigen Zeitpunkt einfacher werden sollen.","breadcrumb":{"@id":"https:\/\/www.samenhaus.de\/gartenblog\/der-mondkalender-fuer-gaertner-im-juni-2022#breadcrumb"},"inLanguage":"de","potentialAction":[{"@type":"ReadAction","target":["https:\/\/www.samenhaus.de\/gartenblog\/der-mondkalender-fuer-gaertner-im-juni-2022"]}]},{"@type":"ImageObject","inLanguage":"de","@id":"https:\/\/www.samenhaus.de\/gartenblog\/der-mondkalender-fuer-gaertner-im-juni-2022#primaryimage","url":"https:\/\/www.samenhaus.de\/gartenblog\/wp-content\/uploads\/2022\/06\/Mondkalender-Juni_195616196-Kopie-scaled.jpg","contentUrl":"https:\/\/www.samenhaus.de\/gartenblog\/wp-content\/uploads\/2022\/06\/Mondkalender-Juni_195616196-Kopie-scaled.jpg","width":2560,"height":1707,"caption":"Mondkalender Juni"},{"@type":"BreadcrumbList","@id":"https:\/\/www.samenhaus.de\/gartenblog\/der-mondkalender-fuer-gaertner-im-juni-2022#breadcrumb","itemListElement":[{"@type":"ListItem","position":1,"name":"Startseite","item":"https:\/\/www.samenhaus.de\/gartenblog\/"},{"@type":"ListItem","position":2,"name":"Der Mondkalender f\u00fcr G\u00e4rtner im Juni 2022"}]},{"@type":"WebSite","@id":"https:\/\/www.samenhaus.de\/gartenblog\/#website","url":"https:\/\/www.samenhaus.de\/gartenblog\/","name":"Samenhaus Gartenblog","description":"","publisher":{"@id":"https:\/\/www.samenhaus.de\/gartenblog\/#organization"},"potentialAction":[{"@type":"SearchAction","target":{"@type":"EntryPoint","urlTemplate":"https:\/\/www.samenhaus.de\/gartenblog\/?s={search_term_string}"},"query-input":{"@type":"PropertyValueSpecification","valueRequired":true,"valueName":"search_term_string"}}],"inLanguage":"de"},{"@type":"Organization","@id":"https:\/\/www.samenhaus.de\/gartenblog\/#organization","name":"Samenhaus.de Gartenblog","url":"https:\/\/www.samenhaus.de\/gartenblog\/","logo":{"@type":"ImageObject","inLanguage":"de","@id":"https:\/\/www.samenhaus.de\/gartenblog\/#\/schema\/logo\/image\/","url":"https:\/\/www.samenhaus.de\/gartenblog\/wp-content\/uploads\/2020\/11\/logo.svg","contentUrl":"https:\/\/www.samenhaus.de\/gartenblog\/wp-content\/uploads\/2020\/11\/logo.svg","width":1,"height":1,"caption":"Samenhaus.de Gartenblog"},"image":{"@id":"https:\/\/www.samenhaus.de\/gartenblog\/#\/schema\/logo\/image\/"},"sameAs":["https:\/\/de-de.facebook.com\/samenhaus","https:\/\/x.com\/samenhaus"]},{"@type":"Person","@id":"https:\/\/www.samenhaus.de\/gartenblog\/#\/schema\/person\/97f059f6e72cec571c88cb48b4582118","name":"Stephanie","image":{"@type":"ImageObject","inLanguage":"de","@id":"https:\/\/www.samenhaus.de\/gartenblog\/wp-content\/uploads\/2026\/03\/stefanie-150x150.png","url":"https:\/\/www.samenhaus.de\/gartenblog\/wp-content\/uploads\/2026\/03\/stefanie-150x150.png","contentUrl":"https:\/\/www.samenhaus.de\/gartenblog\/wp-content\/uploads\/2026\/03\/stefanie-150x150.png","caption":"Stephanie"},"description":"Garten und Pflanzen waren schon immer meine Leidenschaft. Wahrscheinlich deshalb, weil ich damit aufgewachsen bin. Ich verwerte in der Regel alles und mache Lik\u00f6re, Marmeladen und nutze Kr\u00e4uter auch als Heilpflanzen, indem ich \u00d6le und Tinkturen herstelle. Leider habe ich meinen gr\u00fcnen Daumen beim Auswandern nach Spanien in Deutschland vergessen. Langsam kehrt er aber wieder zur\u00fcck und die Anpassung an die neue Klimazone war gar nicht so einfach. Mittlerweile schaffe ich es sogar, dass gekaufter Basilikum \u00fcberlebt.","url":"https:\/\/www.samenhaus.de\/gartenblog\/author\/stephanie"}]}},"wp-worthy-pixel":{"ignored":false,"public":"4d0e9f59d70540fca9d306be9c28d57d","server":"vg08.met.vgwort.de","url":"https:\/\/vg08.met.vgwort.de\/na\/4d0e9f59d70540fca9d306be9c28d57d"},"wp-worthy-type":"normal","_links":{"self":[{"href":"https:\/\/www.samenhaus.de\/gartenblog\/wp-json\/wp\/v2\/posts\/5229","targetHints":{"allow":["GET"]}}],"collection":[{"href":"https:\/\/www.samenhaus.de\/gartenblog\/wp-json\/wp\/v2\/posts"}],"about":[{"href":"https:\/\/www.samenhaus.de\/gartenblog\/wp-json\/wp\/v2\/types\/post"}],"author":[{"embeddable":true,"href":"https:\/\/www.samenhaus.de\/gartenblog\/wp-json\/wp\/v2\/users\/12"}],"replies":[{"embeddable":true,"href":"https:\/\/www.samenhaus.de\/gartenblog\/wp-json\/wp\/v2\/comments?post=5229"}],"version-history":[{"count":8,"href":"https:\/\/www.samenhaus.de\/gartenblog\/wp-json\/wp\/v2\/posts\/5229\/revisions"}],"predecessor-version":[{"id":12679,"href":"https:\/\/www.samenhaus.de\/gartenblog\/wp-json\/wp\/v2\/posts\/5229\/revisions\/12679"}],"wp:featuredmedia":[{"embeddable":true,"href":"https:\/\/www.samenhaus.de\/gartenblog\/wp-json\/wp\/v2\/media\/5240"}],"wp:attachment":[{"href":"https:\/\/www.samenhaus.de\/gartenblog\/wp-json\/wp\/v2\/media?parent=5229"}],"wp:term":[{"taxonomy":"category","embeddable":true,"href":"https:\/\/www.samenhaus.de\/gartenblog\/wp-json\/wp\/v2\/categories?post=5229"},{"taxonomy":"post_tag","embeddable":true,"href":"https:\/\/www.samenhaus.de\/gartenblog\/wp-json\/wp\/v2\/tags?post=5229"},{"taxonomy":"hersteller","embeddable":true,"href":"https:\/\/www.samenhaus.de\/gartenblog\/wp-json\/wp\/v2\/hersteller?post=5229"}],"curies":[{"name":"wp","href":"https:\/\/api.w.org\/{rel}","templated":true}]}}