{"id":5269,"date":"2022-07-29T09:00:03","date_gmt":"2022-07-29T09:00:03","guid":{"rendered":"https:\/\/www.samenhaus.de\/gartenblog\/?p=5269"},"modified":"2023-08-09T09:54:36","modified_gmt":"2023-08-09T09:54:36","slug":"wein-im-garten-anbauen-auch-in-kuehleren-regionen-moeglich","status":"publish","type":"post","link":"https:\/\/www.samenhaus.de\/gartenblog\/wein-im-garten-anbauen-auch-in-kuehleren-regionen-moeglich","title":{"rendered":"Wein im Garten anbauen: auch in k\u00fchleren Regionen m\u00f6glich"},"content":{"rendered":"<p class=\"western\">M\u00f6chten Sie in Ihrem Garten Wein anbauen, m\u00fcssen Sie daf\u00fcr nicht in einem Weinanbaugebiet wohnen. Auch in k\u00fchleren Regionen gelingt der Anbau, wenn Sie sich f\u00fcr einen sonnigen Standort entscheiden. Neben der Wahl der geeigneten Sorte kommt es auf eine gute Pflege der Reben an.<\/p>\n<h2 class=\"western\"><span class=\"ez-toc-section\" id=\"Standort_fuer_Wein_warm_und_vollsonnig\"><\/span>Standort f\u00fcr Wein: warm und vollsonnig<span class=\"ez-toc-section-end\"><\/span><\/h2>\n<p class=\"western\"><img loading=\"lazy\" decoding=\"async\" class=\"size-medium wp-image-5605 alignright\" src=\"https:\/\/www.samenhaus.de\/gartenblog\/wp-content\/uploads\/2022\/06\/Wein-im-Garten_302245670-300x200.jpeg\" alt=\"Wein Standort\" width=\"300\" height=\"200\" srcset=\"https:\/\/www.samenhaus.de\/gartenblog\/wp-content\/uploads\/2022\/06\/Wein-im-Garten_302245670-300x200.jpeg 300w, https:\/\/www.samenhaus.de\/gartenblog\/wp-content\/uploads\/2022\/06\/Wein-im-Garten_302245670-600x400.jpeg 600w, https:\/\/www.samenhaus.de\/gartenblog\/wp-content\/uploads\/2022\/06\/Wein-im-Garten_302245670-768x512.jpeg 768w, https:\/\/www.samenhaus.de\/gartenblog\/wp-content\/uploads\/2022\/06\/Wein-im-Garten_302245670-1024x683.jpeg 1024w, https:\/\/www.samenhaus.de\/gartenblog\/wp-content\/uploads\/2022\/06\/Wein-im-Garten_302245670-1536x1025.jpeg 1536w, https:\/\/www.samenhaus.de\/gartenblog\/wp-content\/uploads\/2022\/06\/Wein-im-Garten_302245670-2048x1366.jpeg 2048w\" sizes=\"auto, (max-width: 300px) 100vw, 300px\" \/>Bevor Sie Weinreben kaufen, sollten Sie \u00fcberlegen, ob Sie in Ihrem Garten \u00fcber den geeigneten Standort verf\u00fcgen. Sie m\u00fcssen daf\u00fcr nicht in einem Weinanbaugebiet wohnen, da der Weinanbau mit der Wahl der geeigneten Rebsorten auch im Norden gelingt. Sogar auf dem Balkon oder der Terrasse k\u00f6nnen Sie Weinreben kultivieren, wenn Sie daf\u00fcr einen K\u00fcbel und eine Kletterhilfe verwenden.<\/p>\n<p class=\"western\">Grunds\u00e4tzlich braucht Wein einen vollsonnigen, warmen und gesch\u00fctzten Standort. Die S\u00fcdseite des Hauses ist optimal f\u00fcr Weinreben. Wohnen Sie in einer k\u00fchleren Region, muss ein g\u00fcnstiges Kleinklima mit einer gesch\u00fctzten Lage gew\u00e4hrleistet sein.<\/p>\n<p class=\"western\">Achten Sie au\u00dferdem auf gen\u00fcgend Platz, da die Weinreben stark wachsen und klettern. Ohne ein Spalier als Kletterhilfe ist der Anbau nicht m\u00f6glich, doch k\u00f6nnen Sie alternativ dazu auch eine Pergola mit Wein bewachsen lassen.<\/p>\n<p class=\"western\">Weinreben stellen keine hohen Anspr\u00fcche an den Boden, da sie sowohl auf leicht sauren Sandstein-Verwitterungsb\u00f6den als auch auf kalkhaltigen Mergelb\u00f6den gedeihen. Der Boden sollte tiefgr\u00fcndig und nicht zu feucht sein, damit er sich im Fr\u00fchjahr schnell erw\u00e4rmen kann. Nur in den ersten Standjahren kann Wein umgepflanzt werden. Umso wichtiger ist daher die Wahl eines geeigneten Standorts.<\/p>\n<p class=\"western\"><strong>Tipp:<\/strong> Pflanzen Sie Weinreben vor einer Hauswand oder Steinmauer, da die Steine W\u00e4rme speichern und nachts vor K\u00e4lte sch\u00fctzen.<\/p>\n<h2 class=\"western\"><span class=\"ez-toc-section\" id=\"Wein_auf_Balkon_oder_Terrasse_Kuebel_in_der_richtigen_Groesse_waehlen\"><\/span>Wein auf Balkon oder Terrasse: K\u00fcbel in der richtigen Gr\u00f6\u00dfe w\u00e4hlen<span class=\"ez-toc-section-end\"><\/span><\/h2>\n<p class=\"western\">Auf der Terrasse oder dem Balkon k\u00f6nnen Sie Wein im K\u00fcbel anbauen, wenn das Fassungsverm\u00f6gen mindestens bei 100 Litern liegt. Gut geeignet ist auch ein altes Weinfass, das ein Fassungsverm\u00f6gen von ungef\u00e4hr 220 Litern hat. Da die Erde in einem gro\u00dfen Pflanzgef\u00e4\u00df nicht so schnell durchfriert, nehmen die Wurzeln keinen Schaden. Im Sommer speichert die Erde gen\u00fcgend N\u00e4hrstoffe und Feuchtigkeit. Ein schweres Pflanzgef\u00e4\u00df kippt bei Sturm nicht so schnell um.<\/p>\n<p class=\"western\">Bohren Sie L\u00f6cher in den Boden des Fasses oder K\u00fcbels, damit die Feuchtigkeit gut abflie\u00dfen kann und keine Staun\u00e4sse entsteht. Zus\u00e4tzlich geben Sie eine Drainageschicht aus Bl\u00e4hton oder Kies auf den Boden des Pflanzgef\u00e4\u00dfes. Am Fass oder K\u00fcbel verschrauben Sie ein Rankger\u00fcst oder Spalier. Stellen Sie die Weinrebe m\u00f6glichst an der Hauswand auf.<\/p>\n<h2 class=\"western\"><span class=\"ez-toc-section\" id=\"Die_Wahl_der_richtigen_Sorte_Tafeltrauben_fuer_den_Frischverzehr\"><\/span>Die Wahl der richtigen Sorte: Tafeltrauben f\u00fcr den Frischverzehr<span class=\"ez-toc-section-end\"><\/span><\/h2>\n<p class=\"western\"><img loading=\"lazy\" decoding=\"async\" class=\"size-medium wp-image-5604 alignright\" src=\"https:\/\/www.samenhaus.de\/gartenblog\/wp-content\/uploads\/2022\/06\/Wein-im-Garten_221022110-300x200.jpeg\" alt=\"Weinrebe\" width=\"300\" height=\"200\" srcset=\"https:\/\/www.samenhaus.de\/gartenblog\/wp-content\/uploads\/2022\/06\/Wein-im-Garten_221022110-300x200.jpeg 300w, https:\/\/www.samenhaus.de\/gartenblog\/wp-content\/uploads\/2022\/06\/Wein-im-Garten_221022110-600x401.jpeg 600w, https:\/\/www.samenhaus.de\/gartenblog\/wp-content\/uploads\/2022\/06\/Wein-im-Garten_221022110-768x513.jpeg 768w, https:\/\/www.samenhaus.de\/gartenblog\/wp-content\/uploads\/2022\/06\/Wein-im-Garten_221022110-1024x684.jpeg 1024w, https:\/\/www.samenhaus.de\/gartenblog\/wp-content\/uploads\/2022\/06\/Wein-im-Garten_221022110-1536x1025.jpeg 1536w, https:\/\/www.samenhaus.de\/gartenblog\/wp-content\/uploads\/2022\/06\/Wein-im-Garten_221022110-2048x1367.jpeg 2048w\" sizes=\"auto, (max-width: 300px) 100vw, 300px\" \/>Damit Ihre Weinreben gut gedeihen und Sie schmackhafte Fr\u00fcchte ernten, ist die Wahl der richtigen Sorte wichtig. F\u00fcr den Anbau im Hausgarten, auch in einer n\u00f6rdlichen Region Deutschlands, eignen sich Tafelreben. Die Trauben sind nicht vordergr\u00fcndig f\u00fcr die Weinherstellung, sondern zum Frischverzehr geeignet. Die Beeren der Tafeltrauben sind gr\u00f6\u00dfer als die von Rebsorten f\u00fcr die Weinherstellung und mitunter kernlos. Geeignete Sorten f\u00fcr den Anbau im Garten sind:<\/p>\n<ul>\n<li class=\"western\"><strong>Elegant sverhranny<\/strong> mit hellen, gro\u00dfen und kernarmen Trauben, die eine feine Muskatnote haben und ab Mitte August geerntet werden k\u00f6nnen.<\/li>\n<li class=\"western\"><strong>Calastra<\/strong> mit hellen, gro\u00dfen Beeren mit fein-s\u00fc\u00dfem Geschmack, deren Ernte ab Anfang September m\u00f6glich ist.<\/li>\n<li class=\"western\"><strong>Solotoi Don<\/strong> mit hellen, schweren Trauben und knackigen Beeren mit fruchtig-s\u00fc\u00dfem Geschmack, die ab Mitte September erntereif sind.<\/li>\n<li class=\"western\"><strong>Original<\/strong> mit gelb-orangefarbenen, s\u00fc\u00df-fruchtigen Beeren, deren Ernte ab Anfang Oktober erfolgt.<\/li>\n<li class=\"western\"><strong>Moldawa<\/strong> mit blauen, knackigen Beeren, die feinfruchtig und s\u00fc\u00df schmecken und ab Mitte Oktober geerntet werden.<\/li>\n<\/ul>\n<p class=\"western\">Achten Sie unbedingt darauf, dass die von Ihnen gew\u00e4hlte Sorte frosthart ist. Die Sorte Solotoi Don ist sogar bis minus 24 Grad Celsius winterhart.<\/p>\n<h2 class=\"western\"><span class=\"ez-toc-section\" id=\"Weinreben_pflanzen_die_richtige_Pflanzzeit\"><\/span>Weinreben pflanzen: die richtige Pflanzzeit<span class=\"ez-toc-section-end\"><\/span><\/h2>\n<p class=\"western\">Haben Sie einen guten Standort f\u00fcr die Weinreben gefunden und eine Sorte ausgew\u00e4hlt, geht es an das Pflanzen. Sie ben\u00f6tigen keinen Befruchter, da die Tafelreben Zwitterbl\u00fcten haben und selbstfruchtend sind. Die geeignete Pflanzzeit f\u00fcr Weinreben sind die Monate April und Mai. Weinreben k\u00f6nnen Sie auch noch im Herbst pflanzen, doch riskieren Sie dann Sch\u00e4den durch Frost und N\u00e4sse an den frisch gepflanzten Reben.<\/p>\n<p class=\"western\">Eine Pflanzfl\u00e4che von 30 mal 30 Zentimetern reicht f\u00fcr eine Weinrebe aus. Der Abstand zwischen den Reben sollte mindestens einen Meter betragen, doch ist ein Abstand von eineinhalb bis zwei Metern noch besser. Achten Sie auf einen Abstand von ungef\u00e4hr 30 Zentimetern zur Mauer oder Wand. Den Boden m\u00fcssen Sie gut vorbereiten.<\/p>\n<h3 class=\"western\"><span class=\"ez-toc-section\" id=\"Vorbereitung_des_Bodens_gut_lockern\"><\/span>Vorbereitung des Bodens: gut lockern<span class=\"ez-toc-section-end\"><\/span><\/h3>\n<p class=\"western\">Weinreben stellen zwar keine hohen Anspr\u00fcche an den Boden, doch sollten Sie den Boden vor der Pflanzung gut lockern. Da Weinreben tief wurzeln, bereiten Sie den Boden am besten schon im Herbst vor, ehe Sie die Reben pflanzen. Lockern Sie ihn tiefgr\u00fcndig und mischen Sie reifen Kompot darunter. Achten Sie auf einen guten Wasserabzug und bringen Sie Bl\u00e4hton oder Kies als Drainage in den Boden ein.<\/p>\n<h3 class=\"western\"><span class=\"ez-toc-section\" id=\"Pflanzen_der_Reben_Schritt-fuer-Schritt-Anleitung\"><\/span>Pflanzen der Reben: Schritt-f\u00fcr-Schritt-Anleitung<span class=\"ez-toc-section-end\"><\/span><\/h3>\n<p class=\"western\">Bevor Sie die Weinreben pflanzen, sollten Sie an der Hauswand oder Mauer ein Spalier anbringen oder ein freistehendes Spalier errichten. Gehen Sie beim Pflanzen der Reben folgenderma\u00dfen vor:<\/p>\n<ol>\n<li class=\"western\">Heben Sie das Pflanzloch mit 30 mal 30 Zentimetern und einer Tiefe von ungef\u00e4hr 50 Zentimetern aus.<\/li>\n<li class=\"western\">F\u00fcllen Sie bei Bedarf eine Mischung aus Gartenerde und Kompost in den unteren Bereich des Pflanzlochs.<\/li>\n<li class=\"western\">Platzieren Sie den Wurzelballen der Rebe im Pflanzloch.<\/li>\n<li class=\"western\">Setzen Sie die Weinrebe etwas schr\u00e4g geneigt zum Spalier in das Pflanzloch ein und f\u00fcllen Sie die ausgehobene Erde zur H\u00e4lfte auf.<\/li>\n<li class=\"western\">Gie\u00dfen Sie die Weinrebe sofort an.<\/li>\n<li class=\"western\">F\u00fcllen Sie die restliche Erde auf und achten Sie darauf, dass die Veredelungsstelle noch ca. zwei Zentimeter \u00fcber dem Boden liegt.<\/li>\n<li class=\"western\">Dr\u00fccken Sie die Erde gut an.<\/li>\n<li class=\"western\">Formen Sie einen Gie\u00dfrand und gie\u00dfen Sie die Weinrebe gut an.<\/li>\n<\/ol>\n<p class=\"western\">Im ersten Pflanzjahr m\u00fcssen Sie die Weinreben immer gut w\u00e4ssern. In den Folgejahren kommen sie mit weniger Wasser aus und m\u00fcssen nur noch bei l\u00e4ngeren Trockenperioden gew\u00e4ssert werden.<\/p>\n<h2 class=\"western\"><span class=\"ez-toc-section\" id=\"Pflege_der_Weinreben_festbinden_und_zurueckschneiden\"><\/span>Pflege der Weinreben: festbinden und zur\u00fcckschneiden<span class=\"ez-toc-section-end\"><\/span><\/h2>\n<p class=\"western\"><img loading=\"lazy\" decoding=\"async\" class=\"size-medium wp-image-5603 alignright\" src=\"https:\/\/www.samenhaus.de\/gartenblog\/wp-content\/uploads\/2022\/06\/Wein-im-Garten_207938799-300x200.jpeg\" alt=\"Wein schnitt\" width=\"300\" height=\"200\" srcset=\"https:\/\/www.samenhaus.de\/gartenblog\/wp-content\/uploads\/2022\/06\/Wein-im-Garten_207938799-300x200.jpeg 300w, https:\/\/www.samenhaus.de\/gartenblog\/wp-content\/uploads\/2022\/06\/Wein-im-Garten_207938799-600x400.jpeg 600w, https:\/\/www.samenhaus.de\/gartenblog\/wp-content\/uploads\/2022\/06\/Wein-im-Garten_207938799-1024x683.jpeg 1024w, https:\/\/www.samenhaus.de\/gartenblog\/wp-content\/uploads\/2022\/06\/Wein-im-Garten_207938799-768x513.jpeg 768w, https:\/\/www.samenhaus.de\/gartenblog\/wp-content\/uploads\/2022\/06\/Wein-im-Garten_207938799-1536x1025.jpeg 1536w, https:\/\/www.samenhaus.de\/gartenblog\/wp-content\/uploads\/2022\/06\/Wein-im-Garten_207938799-2048x1367.jpeg 2048w\" sizes=\"auto, (max-width: 300px) 100vw, 300px\" \/>Trauben entwickeln sich nur an den neuen Trieben der Weinreben, die aus zweij\u00e4hrigem Holz wachsen. Um eine gute Ernte zu erzielen und zu verhindern, dass die Trauben durch \u00fcbersch\u00fcssige Triebe verschattet werden, m\u00fcssen Sie die Weinreben richtig schneiden und die Triebe am Spalier festbinden. Sind mehrere Triebe vorhanden, lassen Sie nur die kr\u00e4ftigsten davon stehen, die Sie am Spalier befestigen. Die Befestigung am Spalier ist wichtig zum Schutz vor Bruch und f\u00fcr eine gerade Stammbildung.<\/p>\n<p class=\"western\">Entfernen Sie im September die Triebe, die im Pflanzjahr oberhalb der gew\u00fcnschten Stammh\u00f6he wachsen, auf zwei bis drei Bl\u00e4tter. Schneiden Sie den verholzten Haupttrieb in Stammh\u00f6he ungef\u00e4hr drei Zentimeter oberhalb der letzten Knospe ab. F\u00fcr den Fr\u00fchjahrsschnitt entfernen Sie nach den Eisheiligen im Mai die \u00fcbersch\u00fcssigen Fr\u00fchjahrstriebe und lassen nur maximal f\u00fcnf der kr\u00e4ftigsten Triebe stehen. Diese Triebe ziehen Sie waagerecht, senkrecht oder in Gabelform am Spalier entlang und befestigen sie.<\/p>\n<h2 class=\"western\"><span class=\"ez-toc-section\" id=\"Weinreben_im_Winter_auf_den_richtigen_Frostschutz_achten\"><\/span>Weinreben im Winter: auf den richtigen Frostschutz achten<span class=\"ez-toc-section-end\"><\/span><\/h2>\n<p class=\"western\">Auch wenn Sie sich f\u00fcr eine winterharte Rebsorte entschieden haben, sollten Sie gerade in k\u00fchleren Lagen und bei frisch gepflanzten Reben an den richtigen Winterschutz denken. H\u00e4ufeln Sie die Stammbasis bis \u00fcber die Veredelungsstelle mit Erde oder Kompost an. Decken Sie frisch gepflanzte Reben zus\u00e4tzlich mit Tannenreisig ab, um ein starkes Zur\u00fcckfrieren zu verhindern. Entfernen Sie den Winterschutz im M\u00e4rz, damit die Veredelungsstelle wieder gen\u00fcgend Licht bekommt.<\/p>\n","protected":false},"excerpt":{"rendered":"<p>M\u00f6chten Sie in Ihrem Garten Wein anbauen, m\u00fcssen Sie daf\u00fcr nicht in einem Weinanbaugebiet wohnen. Auch in k\u00fchleren Regionen gelingt der Anbau, wenn Sie sich f\u00fcr einen sonnigen Standort entscheiden. Neben der Wahl der geeigneten Sorte kommt es auf eine gute Pflege der Reben an. Standort f\u00fcr Wein: warm und vollsonnig Bevor Sie Weinreben kaufen, sollten Sie \u00fcberlegen, ob Sie in Ihrem Garten \u00fcber den geeigneten Standort verf\u00fcgen. Sie m\u00fcssen daf\u00fcr nicht in einem Weinanbaugebiet wohnen, da der Weinanbau mit der Wahl der geeigneten Rebsorten auch im Norden gelingt. Sogar auf dem Balkon oder der Terrasse k\u00f6nnen Sie Weinreben kultivieren, wenn Sie daf\u00fcr einen K\u00fcbel und eine Kletterhilfe verwenden. Grunds\u00e4tzlich braucht Wein einen vollsonnigen, warmen und gesch\u00fctzten Standort. Die S\u00fcdseite des Hauses ist optimal f\u00fcr Weinreben. Wohnen Sie in einer k\u00fchleren Region, muss ein g\u00fcnstiges Kleinklima mit einer gesch\u00fctzten Lage gew\u00e4hrleistet sein. Achten Sie au\u00dferdem auf gen\u00fcgend Platz, da die Weinreben stark wachsen und klettern. Ohne ein Spalier als Kletterhilfe ist der Anbau nicht m\u00f6glich, doch k\u00f6nnen Sie alternativ dazu auch eine Pergola mit Wein bewachsen lassen. Weinreben stellen keine hohen Anspr\u00fcche an den Boden, da sie sowohl auf leicht sauren Sandstein-Verwitterungsb\u00f6den als auch auf kalkhaltigen Mergelb\u00f6den gedeihen. Der Boden [&hellip;]<\/p>\n","protected":false},"author":11,"featured_media":5602,"comment_status":"open","ping_status":"open","sticky":false,"template":"","format":"standard","meta":{"_acf_changed":false,"footnotes":""},"categories":[3],"tags":[],"hersteller":[],"class_list":["post-5269","post","type-post","status-publish","format-standard","has-post-thumbnail","hentry","category-gartentipps"],"acf":[],"yoast_head":"<!-- This site is optimized with the Yoast SEO plugin v27.4 - https:\/\/yoast.com\/product\/yoast-seo-wordpress\/ -->\n<title>Wein im Garten anbauen: auch in k\u00fchleren Regionen m\u00f6glich - Samenhaus Gartenblog<\/title>\n<meta name=\"description\" content=\"Wein aus dem eigenen Garten? Der Gedanke ist faszinierend. Was es beim Weinanbau zu beachten gibt, erfahren Sie beim Samenhaus.\" \/>\n<meta name=\"robots\" content=\"index, follow, max-snippet:-1, max-image-preview:large, max-video-preview:-1\" \/>\n<link rel=\"canonical\" href=\"https:\/\/www.samenhaus.de\/gartenblog\/wein-im-garten-anbauen-auch-in-kuehleren-regionen-moeglich\" \/>\n<meta property=\"og:locale\" content=\"de_DE\" \/>\n<meta property=\"og:type\" content=\"article\" \/>\n<meta property=\"og:title\" content=\"Wein im Garten anbauen: auch in k\u00fchleren Regionen m\u00f6glich - Samenhaus Gartenblog\" \/>\n<meta property=\"og:description\" content=\"Wein aus dem eigenen Garten? Der Gedanke ist faszinierend. Was es beim Weinanbau zu beachten gibt, erfahren Sie beim Samenhaus.\" \/>\n<meta property=\"og:url\" content=\"https:\/\/www.samenhaus.de\/gartenblog\/wein-im-garten-anbauen-auch-in-kuehleren-regionen-moeglich\" \/>\n<meta property=\"og:site_name\" content=\"Samenhaus Gartenblog\" \/>\n<meta property=\"article:publisher\" content=\"https:\/\/de-de.facebook.com\/samenhaus\" \/>\n<meta property=\"article:published_time\" content=\"2022-07-29T09:00:03+00:00\" \/>\n<meta property=\"article:modified_time\" content=\"2023-08-09T09:54:36+00:00\" \/>\n<meta property=\"og:image\" content=\"https:\/\/www.samenhaus.de\/gartenblog\/wp-content\/uploads\/2022\/06\/Wein-im-Garten_206976045-scaled.jpeg\" \/>\n\t<meta property=\"og:image:width\" content=\"2560\" \/>\n\t<meta property=\"og:image:height\" content=\"1440\" \/>\n\t<meta property=\"og:image:type\" content=\"image\/jpeg\" \/>\n<meta name=\"author\" content=\"Sabine\" \/>\n<meta name=\"twitter:card\" content=\"summary_large_image\" \/>\n<meta name=\"twitter:creator\" content=\"@samenhaus\" \/>\n<meta name=\"twitter:site\" content=\"@samenhaus\" \/>\n<meta name=\"twitter:label1\" content=\"Verfasst von\" \/>\n\t<meta name=\"twitter:data1\" content=\"Sabine\" \/>\n\t<meta name=\"twitter:label2\" content=\"Gesch\u00e4tzte Lesezeit\" \/>\n\t<meta name=\"twitter:data2\" content=\"8\u00a0Minuten\" \/>\n<script type=\"application\/ld+json\" class=\"yoast-schema-graph\">{\"@context\":\"https:\\\/\\\/schema.org\",\"@graph\":[{\"@type\":\"Article\",\"@id\":\"https:\\\/\\\/www.samenhaus.de\\\/gartenblog\\\/wein-im-garten-anbauen-auch-in-kuehleren-regionen-moeglich#article\",\"isPartOf\":{\"@id\":\"https:\\\/\\\/www.samenhaus.de\\\/gartenblog\\\/wein-im-garten-anbauen-auch-in-kuehleren-regionen-moeglich\"},\"author\":{\"name\":\"Sabine\",\"@id\":\"https:\\\/\\\/www.samenhaus.de\\\/gartenblog\\\/#\\\/schema\\\/person\\\/e4c837ea32ec74c39497c1e69976fed5\"},\"headline\":\"Wein im Garten anbauen: auch in k\u00fchleren Regionen m\u00f6glich\",\"datePublished\":\"2022-07-29T09:00:03+00:00\",\"dateModified\":\"2023-08-09T09:54:36+00:00\",\"mainEntityOfPage\":{\"@id\":\"https:\\\/\\\/www.samenhaus.de\\\/gartenblog\\\/wein-im-garten-anbauen-auch-in-kuehleren-regionen-moeglich\"},\"wordCount\":1280,\"commentCount\":0,\"publisher\":{\"@id\":\"https:\\\/\\\/www.samenhaus.de\\\/gartenblog\\\/#organization\"},\"image\":{\"@id\":\"https:\\\/\\\/www.samenhaus.de\\\/gartenblog\\\/wein-im-garten-anbauen-auch-in-kuehleren-regionen-moeglich#primaryimage\"},\"thumbnailUrl\":\"https:\\\/\\\/www.samenhaus.de\\\/gartenblog\\\/wp-content\\\/uploads\\\/2022\\\/06\\\/Wein-im-Garten_206976045-scaled.jpeg\",\"articleSection\":[\"Gartentipps\"],\"inLanguage\":\"de\",\"potentialAction\":[{\"@type\":\"CommentAction\",\"name\":\"Comment\",\"target\":[\"https:\\\/\\\/www.samenhaus.de\\\/gartenblog\\\/wein-im-garten-anbauen-auch-in-kuehleren-regionen-moeglich#respond\"]}],\"copyrightYear\":\"2022\",\"copyrightHolder\":{\"@id\":\"https:\\\/\\\/www.samenhaus.de\\\/gartenblog\\\/#organization\"}},{\"@type\":\"WebPage\",\"@id\":\"https:\\\/\\\/www.samenhaus.de\\\/gartenblog\\\/wein-im-garten-anbauen-auch-in-kuehleren-regionen-moeglich\",\"url\":\"https:\\\/\\\/www.samenhaus.de\\\/gartenblog\\\/wein-im-garten-anbauen-auch-in-kuehleren-regionen-moeglich\",\"name\":\"Wein im Garten anbauen: auch in k\u00fchleren Regionen m\u00f6glich - Samenhaus Gartenblog\",\"isPartOf\":{\"@id\":\"https:\\\/\\\/www.samenhaus.de\\\/gartenblog\\\/#website\"},\"primaryImageOfPage\":{\"@id\":\"https:\\\/\\\/www.samenhaus.de\\\/gartenblog\\\/wein-im-garten-anbauen-auch-in-kuehleren-regionen-moeglich#primaryimage\"},\"image\":{\"@id\":\"https:\\\/\\\/www.samenhaus.de\\\/gartenblog\\\/wein-im-garten-anbauen-auch-in-kuehleren-regionen-moeglich#primaryimage\"},\"thumbnailUrl\":\"https:\\\/\\\/www.samenhaus.de\\\/gartenblog\\\/wp-content\\\/uploads\\\/2022\\\/06\\\/Wein-im-Garten_206976045-scaled.jpeg\",\"datePublished\":\"2022-07-29T09:00:03+00:00\",\"dateModified\":\"2023-08-09T09:54:36+00:00\",\"description\":\"Wein aus dem eigenen Garten? Der Gedanke ist faszinierend. Was es beim Weinanbau zu beachten gibt, erfahren Sie beim Samenhaus.\",\"breadcrumb\":{\"@id\":\"https:\\\/\\\/www.samenhaus.de\\\/gartenblog\\\/wein-im-garten-anbauen-auch-in-kuehleren-regionen-moeglich#breadcrumb\"},\"inLanguage\":\"de\",\"potentialAction\":[{\"@type\":\"ReadAction\",\"target\":[\"https:\\\/\\\/www.samenhaus.de\\\/gartenblog\\\/wein-im-garten-anbauen-auch-in-kuehleren-regionen-moeglich\"]}]},{\"@type\":\"ImageObject\",\"inLanguage\":\"de\",\"@id\":\"https:\\\/\\\/www.samenhaus.de\\\/gartenblog\\\/wein-im-garten-anbauen-auch-in-kuehleren-regionen-moeglich#primaryimage\",\"url\":\"https:\\\/\\\/www.samenhaus.de\\\/gartenblog\\\/wp-content\\\/uploads\\\/2022\\\/06\\\/Wein-im-Garten_206976045-scaled.jpeg\",\"contentUrl\":\"https:\\\/\\\/www.samenhaus.de\\\/gartenblog\\\/wp-content\\\/uploads\\\/2022\\\/06\\\/Wein-im-Garten_206976045-scaled.jpeg\",\"width\":2560,\"height\":1440,\"caption\":\"Wein\"},{\"@type\":\"BreadcrumbList\",\"@id\":\"https:\\\/\\\/www.samenhaus.de\\\/gartenblog\\\/wein-im-garten-anbauen-auch-in-kuehleren-regionen-moeglich#breadcrumb\",\"itemListElement\":[{\"@type\":\"ListItem\",\"position\":1,\"name\":\"Startseite\",\"item\":\"https:\\\/\\\/www.samenhaus.de\\\/gartenblog\\\/\"},{\"@type\":\"ListItem\",\"position\":2,\"name\":\"Wein im Garten anbauen: auch in k\u00fchleren Regionen m\u00f6glich\"}]},{\"@type\":\"WebSite\",\"@id\":\"https:\\\/\\\/www.samenhaus.de\\\/gartenblog\\\/#website\",\"url\":\"https:\\\/\\\/www.samenhaus.de\\\/gartenblog\\\/\",\"name\":\"Samenhaus Gartenblog\",\"description\":\"\",\"publisher\":{\"@id\":\"https:\\\/\\\/www.samenhaus.de\\\/gartenblog\\\/#organization\"},\"potentialAction\":[{\"@type\":\"SearchAction\",\"target\":{\"@type\":\"EntryPoint\",\"urlTemplate\":\"https:\\\/\\\/www.samenhaus.de\\\/gartenblog\\\/?s={search_term_string}\"},\"query-input\":{\"@type\":\"PropertyValueSpecification\",\"valueRequired\":true,\"valueName\":\"search_term_string\"}}],\"inLanguage\":\"de\"},{\"@type\":\"Organization\",\"@id\":\"https:\\\/\\\/www.samenhaus.de\\\/gartenblog\\\/#organization\",\"name\":\"Samenhaus.de Gartenblog\",\"url\":\"https:\\\/\\\/www.samenhaus.de\\\/gartenblog\\\/\",\"logo\":{\"@type\":\"ImageObject\",\"inLanguage\":\"de\",\"@id\":\"https:\\\/\\\/www.samenhaus.de\\\/gartenblog\\\/#\\\/schema\\\/logo\\\/image\\\/\",\"url\":\"https:\\\/\\\/www.samenhaus.de\\\/gartenblog\\\/wp-content\\\/uploads\\\/2020\\\/11\\\/logo.svg\",\"contentUrl\":\"https:\\\/\\\/www.samenhaus.de\\\/gartenblog\\\/wp-content\\\/uploads\\\/2020\\\/11\\\/logo.svg\",\"width\":1,\"height\":1,\"caption\":\"Samenhaus.de Gartenblog\"},\"image\":{\"@id\":\"https:\\\/\\\/www.samenhaus.de\\\/gartenblog\\\/#\\\/schema\\\/logo\\\/image\\\/\"},\"sameAs\":[\"https:\\\/\\\/de-de.facebook.com\\\/samenhaus\",\"https:\\\/\\\/x.com\\\/samenhaus\"]},{\"@type\":\"Person\",\"@id\":\"https:\\\/\\\/www.samenhaus.de\\\/gartenblog\\\/#\\\/schema\\\/person\\\/e4c837ea32ec74c39497c1e69976fed5\",\"name\":\"Sabine\",\"image\":{\"@type\":\"ImageObject\",\"inLanguage\":\"de\",\"@id\":\"https:\\\/\\\/www.samenhaus.de\\\/gartenblog\\\/wp-content\\\/uploads\\\/2026\\\/03\\\/sabine-150x150.png\",\"url\":\"https:\\\/\\\/www.samenhaus.de\\\/gartenblog\\\/wp-content\\\/uploads\\\/2026\\\/03\\\/sabine-150x150.png\",\"contentUrl\":\"https:\\\/\\\/www.samenhaus.de\\\/gartenblog\\\/wp-content\\\/uploads\\\/2026\\\/03\\\/sabine-150x150.png\",\"caption\":\"Sabine\"},\"description\":\"Sabine schreibt am liebsten \u00fcber Themen rund um den Selbstversorgergarten. Ob Gem\u00fcseanbau, Obstgarten, H\u00fchnerhaltung oder Konservierung und Verarbeitung, sie hat jede Menge eigene Erfahrung beizusteuern. Sie liebt es, den Blick \u00fcber die ersten zarten Pflanzen des Jahres schweifen zu lassen oder die gewaltige Ernte im Sommer und Herbst zu b\u00e4ndigen.\",\"url\":\"https:\\\/\\\/www.samenhaus.de\\\/gartenblog\\\/author\\\/sabine\"}]}<\/script>\n<!-- \/ Yoast SEO plugin. -->","yoast_head_json":{"title":"Wein im Garten anbauen: auch in k\u00fchleren Regionen m\u00f6glich - Samenhaus Gartenblog","description":"Wein aus dem eigenen Garten? Der Gedanke ist faszinierend. Was es beim Weinanbau zu beachten gibt, erfahren Sie beim Samenhaus.","robots":{"index":"index","follow":"follow","max-snippet":"max-snippet:-1","max-image-preview":"max-image-preview:large","max-video-preview":"max-video-preview:-1"},"canonical":"https:\/\/www.samenhaus.de\/gartenblog\/wein-im-garten-anbauen-auch-in-kuehleren-regionen-moeglich","og_locale":"de_DE","og_type":"article","og_title":"Wein im Garten anbauen: auch in k\u00fchleren Regionen m\u00f6glich - Samenhaus Gartenblog","og_description":"Wein aus dem eigenen Garten? Der Gedanke ist faszinierend. Was es beim Weinanbau zu beachten gibt, erfahren Sie beim Samenhaus.","og_url":"https:\/\/www.samenhaus.de\/gartenblog\/wein-im-garten-anbauen-auch-in-kuehleren-regionen-moeglich","og_site_name":"Samenhaus Gartenblog","article_publisher":"https:\/\/de-de.facebook.com\/samenhaus","article_published_time":"2022-07-29T09:00:03+00:00","article_modified_time":"2023-08-09T09:54:36+00:00","og_image":[{"width":2560,"height":1440,"url":"https:\/\/www.samenhaus.de\/gartenblog\/wp-content\/uploads\/2022\/06\/Wein-im-Garten_206976045-scaled.jpeg","type":"image\/jpeg"}],"author":"Sabine","twitter_card":"summary_large_image","twitter_creator":"@samenhaus","twitter_site":"@samenhaus","twitter_misc":{"Verfasst von":"Sabine","Gesch\u00e4tzte Lesezeit":"8\u00a0Minuten"},"schema":{"@context":"https:\/\/schema.org","@graph":[{"@type":"Article","@id":"https:\/\/www.samenhaus.de\/gartenblog\/wein-im-garten-anbauen-auch-in-kuehleren-regionen-moeglich#article","isPartOf":{"@id":"https:\/\/www.samenhaus.de\/gartenblog\/wein-im-garten-anbauen-auch-in-kuehleren-regionen-moeglich"},"author":{"name":"Sabine","@id":"https:\/\/www.samenhaus.de\/gartenblog\/#\/schema\/person\/e4c837ea32ec74c39497c1e69976fed5"},"headline":"Wein im Garten anbauen: auch in k\u00fchleren Regionen m\u00f6glich","datePublished":"2022-07-29T09:00:03+00:00","dateModified":"2023-08-09T09:54:36+00:00","mainEntityOfPage":{"@id":"https:\/\/www.samenhaus.de\/gartenblog\/wein-im-garten-anbauen-auch-in-kuehleren-regionen-moeglich"},"wordCount":1280,"commentCount":0,"publisher":{"@id":"https:\/\/www.samenhaus.de\/gartenblog\/#organization"},"image":{"@id":"https:\/\/www.samenhaus.de\/gartenblog\/wein-im-garten-anbauen-auch-in-kuehleren-regionen-moeglich#primaryimage"},"thumbnailUrl":"https:\/\/www.samenhaus.de\/gartenblog\/wp-content\/uploads\/2022\/06\/Wein-im-Garten_206976045-scaled.jpeg","articleSection":["Gartentipps"],"inLanguage":"de","potentialAction":[{"@type":"CommentAction","name":"Comment","target":["https:\/\/www.samenhaus.de\/gartenblog\/wein-im-garten-anbauen-auch-in-kuehleren-regionen-moeglich#respond"]}],"copyrightYear":"2022","copyrightHolder":{"@id":"https:\/\/www.samenhaus.de\/gartenblog\/#organization"}},{"@type":"WebPage","@id":"https:\/\/www.samenhaus.de\/gartenblog\/wein-im-garten-anbauen-auch-in-kuehleren-regionen-moeglich","url":"https:\/\/www.samenhaus.de\/gartenblog\/wein-im-garten-anbauen-auch-in-kuehleren-regionen-moeglich","name":"Wein im Garten anbauen: auch in k\u00fchleren Regionen m\u00f6glich - Samenhaus Gartenblog","isPartOf":{"@id":"https:\/\/www.samenhaus.de\/gartenblog\/#website"},"primaryImageOfPage":{"@id":"https:\/\/www.samenhaus.de\/gartenblog\/wein-im-garten-anbauen-auch-in-kuehleren-regionen-moeglich#primaryimage"},"image":{"@id":"https:\/\/www.samenhaus.de\/gartenblog\/wein-im-garten-anbauen-auch-in-kuehleren-regionen-moeglich#primaryimage"},"thumbnailUrl":"https:\/\/www.samenhaus.de\/gartenblog\/wp-content\/uploads\/2022\/06\/Wein-im-Garten_206976045-scaled.jpeg","datePublished":"2022-07-29T09:00:03+00:00","dateModified":"2023-08-09T09:54:36+00:00","description":"Wein aus dem eigenen Garten? Der Gedanke ist faszinierend. Was es beim Weinanbau zu beachten gibt, erfahren Sie beim Samenhaus.","breadcrumb":{"@id":"https:\/\/www.samenhaus.de\/gartenblog\/wein-im-garten-anbauen-auch-in-kuehleren-regionen-moeglich#breadcrumb"},"inLanguage":"de","potentialAction":[{"@type":"ReadAction","target":["https:\/\/www.samenhaus.de\/gartenblog\/wein-im-garten-anbauen-auch-in-kuehleren-regionen-moeglich"]}]},{"@type":"ImageObject","inLanguage":"de","@id":"https:\/\/www.samenhaus.de\/gartenblog\/wein-im-garten-anbauen-auch-in-kuehleren-regionen-moeglich#primaryimage","url":"https:\/\/www.samenhaus.de\/gartenblog\/wp-content\/uploads\/2022\/06\/Wein-im-Garten_206976045-scaled.jpeg","contentUrl":"https:\/\/www.samenhaus.de\/gartenblog\/wp-content\/uploads\/2022\/06\/Wein-im-Garten_206976045-scaled.jpeg","width":2560,"height":1440,"caption":"Wein"},{"@type":"BreadcrumbList","@id":"https:\/\/www.samenhaus.de\/gartenblog\/wein-im-garten-anbauen-auch-in-kuehleren-regionen-moeglich#breadcrumb","itemListElement":[{"@type":"ListItem","position":1,"name":"Startseite","item":"https:\/\/www.samenhaus.de\/gartenblog\/"},{"@type":"ListItem","position":2,"name":"Wein im Garten anbauen: auch in k\u00fchleren Regionen m\u00f6glich"}]},{"@type":"WebSite","@id":"https:\/\/www.samenhaus.de\/gartenblog\/#website","url":"https:\/\/www.samenhaus.de\/gartenblog\/","name":"Samenhaus Gartenblog","description":"","publisher":{"@id":"https:\/\/www.samenhaus.de\/gartenblog\/#organization"},"potentialAction":[{"@type":"SearchAction","target":{"@type":"EntryPoint","urlTemplate":"https:\/\/www.samenhaus.de\/gartenblog\/?s={search_term_string}"},"query-input":{"@type":"PropertyValueSpecification","valueRequired":true,"valueName":"search_term_string"}}],"inLanguage":"de"},{"@type":"Organization","@id":"https:\/\/www.samenhaus.de\/gartenblog\/#organization","name":"Samenhaus.de Gartenblog","url":"https:\/\/www.samenhaus.de\/gartenblog\/","logo":{"@type":"ImageObject","inLanguage":"de","@id":"https:\/\/www.samenhaus.de\/gartenblog\/#\/schema\/logo\/image\/","url":"https:\/\/www.samenhaus.de\/gartenblog\/wp-content\/uploads\/2020\/11\/logo.svg","contentUrl":"https:\/\/www.samenhaus.de\/gartenblog\/wp-content\/uploads\/2020\/11\/logo.svg","width":1,"height":1,"caption":"Samenhaus.de Gartenblog"},"image":{"@id":"https:\/\/www.samenhaus.de\/gartenblog\/#\/schema\/logo\/image\/"},"sameAs":["https:\/\/de-de.facebook.com\/samenhaus","https:\/\/x.com\/samenhaus"]},{"@type":"Person","@id":"https:\/\/www.samenhaus.de\/gartenblog\/#\/schema\/person\/e4c837ea32ec74c39497c1e69976fed5","name":"Sabine","image":{"@type":"ImageObject","inLanguage":"de","@id":"https:\/\/www.samenhaus.de\/gartenblog\/wp-content\/uploads\/2026\/03\/sabine-150x150.png","url":"https:\/\/www.samenhaus.de\/gartenblog\/wp-content\/uploads\/2026\/03\/sabine-150x150.png","contentUrl":"https:\/\/www.samenhaus.de\/gartenblog\/wp-content\/uploads\/2026\/03\/sabine-150x150.png","caption":"Sabine"},"description":"Sabine schreibt am liebsten \u00fcber Themen rund um den Selbstversorgergarten. Ob Gem\u00fcseanbau, Obstgarten, H\u00fchnerhaltung oder Konservierung und Verarbeitung, sie hat jede Menge eigene Erfahrung beizusteuern. Sie liebt es, den Blick \u00fcber die ersten zarten Pflanzen des Jahres schweifen zu lassen oder die gewaltige Ernte im Sommer und Herbst zu b\u00e4ndigen.","url":"https:\/\/www.samenhaus.de\/gartenblog\/author\/sabine"}]}},"wp-worthy-pixel":{"ignored":false,"public":"0d89838331f14c0291b4b0fe775f73fa","server":"vg04.met.vgwort.de","url":"https:\/\/vg04.met.vgwort.de\/na\/0d89838331f14c0291b4b0fe775f73fa"},"wp-worthy-type":"normal","_links":{"self":[{"href":"https:\/\/www.samenhaus.de\/gartenblog\/wp-json\/wp\/v2\/posts\/5269","targetHints":{"allow":["GET"]}}],"collection":[{"href":"https:\/\/www.samenhaus.de\/gartenblog\/wp-json\/wp\/v2\/posts"}],"about":[{"href":"https:\/\/www.samenhaus.de\/gartenblog\/wp-json\/wp\/v2\/types\/post"}],"author":[{"embeddable":true,"href":"https:\/\/www.samenhaus.de\/gartenblog\/wp-json\/wp\/v2\/users\/11"}],"replies":[{"embeddable":true,"href":"https:\/\/www.samenhaus.de\/gartenblog\/wp-json\/wp\/v2\/comments?post=5269"}],"version-history":[{"count":6,"href":"https:\/\/www.samenhaus.de\/gartenblog\/wp-json\/wp\/v2\/posts\/5269\/revisions"}],"predecessor-version":[{"id":12790,"href":"https:\/\/www.samenhaus.de\/gartenblog\/wp-json\/wp\/v2\/posts\/5269\/revisions\/12790"}],"wp:featuredmedia":[{"embeddable":true,"href":"https:\/\/www.samenhaus.de\/gartenblog\/wp-json\/wp\/v2\/media\/5602"}],"wp:attachment":[{"href":"https:\/\/www.samenhaus.de\/gartenblog\/wp-json\/wp\/v2\/media?parent=5269"}],"wp:term":[{"taxonomy":"category","embeddable":true,"href":"https:\/\/www.samenhaus.de\/gartenblog\/wp-json\/wp\/v2\/categories?post=5269"},{"taxonomy":"post_tag","embeddable":true,"href":"https:\/\/www.samenhaus.de\/gartenblog\/wp-json\/wp\/v2\/tags?post=5269"},{"taxonomy":"hersteller","embeddable":true,"href":"https:\/\/www.samenhaus.de\/gartenblog\/wp-json\/wp\/v2\/hersteller?post=5269"}],"curies":[{"name":"wp","href":"https:\/\/api.w.org\/{rel}","templated":true}]}}