{"id":5271,"date":"2022-07-14T09:00:55","date_gmt":"2022-07-14T09:00:55","guid":{"rendered":"https:\/\/www.samenhaus.de\/gartenblog\/?p=5271"},"modified":"2023-08-08T04:51:54","modified_gmt":"2023-08-08T04:51:54","slug":"straeucher-mit-aussergewoehnlichen-blueten-und-fruechten","status":"publish","type":"post","link":"https:\/\/www.samenhaus.de\/gartenblog\/straeucher-mit-aussergewoehnlichen-blueten-und-fruechten","title":{"rendered":"Str\u00e4ucher mit au\u00dfergew\u00f6hnlichen Bl\u00fcten und Fr\u00fcchten"},"content":{"rendered":"<p class=\"western\">Viele Str\u00e4ucher f\u00fcr den Ziergarten begeistern nicht nur mit einem sch\u00f6nen Blattschmuck, sondern auch mit au\u00dfergew\u00f6hnlichen Bl\u00fcten oder Fr\u00fcchten. \u00dcberlegen Sie, bevor Sie diese Str\u00e4ucher kaufen, ob in Ihrem Garten die geeigneten Bedingungen vorherrschen. Lernen Sie in diesem Artikel die ungew\u00f6hnlichsten Schmuckst\u00fccke kennen.<\/p>\n<h2 class=\"western\"><span class=\"ez-toc-section\" id=\"Aussergewoehnliche_Straeucher_pflanzen_auf_die_Bedingungen_achten\"><\/span>Au\u00dfergew\u00f6hnliche Str\u00e4ucher pflanzen: auf die Bedingungen achten<span class=\"ez-toc-section-end\"><\/span><\/h2>\n<p class=\"western\"><img loading=\"lazy\" decoding=\"async\" class=\"size-medium wp-image-5448 alignright\" src=\"https:\/\/www.samenhaus.de\/gartenblog\/wp-content\/uploads\/2022\/06\/Straeucher-mit-aussergewoehnlichen-Blueten_273866047-300x200.jpeg\" alt=\"Strauch\" width=\"300\" height=\"200\" srcset=\"https:\/\/www.samenhaus.de\/gartenblog\/wp-content\/uploads\/2022\/06\/Straeucher-mit-aussergewoehnlichen-Blueten_273866047-300x200.jpeg 300w, https:\/\/www.samenhaus.de\/gartenblog\/wp-content\/uploads\/2022\/06\/Straeucher-mit-aussergewoehnlichen-Blueten_273866047-600x400.jpeg 600w, https:\/\/www.samenhaus.de\/gartenblog\/wp-content\/uploads\/2022\/06\/Straeucher-mit-aussergewoehnlichen-Blueten_273866047-2048x1365.jpeg 2048w, https:\/\/www.samenhaus.de\/gartenblog\/wp-content\/uploads\/2022\/06\/Straeucher-mit-aussergewoehnlichen-Blueten_273866047-768x512.jpeg 768w, https:\/\/www.samenhaus.de\/gartenblog\/wp-content\/uploads\/2022\/06\/Straeucher-mit-aussergewoehnlichen-Blueten_273866047-1024x683.jpeg 1024w, https:\/\/www.samenhaus.de\/gartenblog\/wp-content\/uploads\/2022\/06\/Straeucher-mit-aussergewoehnlichen-Blueten_273866047-1536x1024.jpeg 1536w\" sizes=\"auto, (max-width: 300px) 100vw, 300px\" \/>Hobbyg\u00e4rtner laufen mitunter Gefahr, dass sie exotische Pflanzen mit wundersch\u00f6nen Bl\u00fcten oder Fr\u00fcchten nur kaufen, da sie ihnen gefallen. Unbeachtet bleibt dabei, welche Anspr\u00fcche diese Str\u00e4ucher an den Standort und die Pflege stellen. Einige der Str\u00e4ucher sind nicht winterhart und sollten daher in K\u00fcbel gepflanzt werden. Teilweise ben\u00f6tigen sie einen warmen, gesch\u00fctzten Standort. Mitunter sind die Str\u00e4ucher giftig, sodass sie nicht gepflanzt werden sollten, wenn sich in Ihrem Garten h\u00e4ufig Kinder aufhalten. Auch die Anspr\u00fcche an die Bew\u00e4sserung sind bei einigen Str\u00e4uchern nicht zu untersch\u00e4tzen.<\/p>\n<h2 class=\"western\"><span class=\"ez-toc-section\" id=\"Wunderschoene_Straeucher_und_ihre_Anforderungen\"><\/span>Wundersch\u00f6ne Str\u00e4ucher und ihre Anforderungen<span class=\"ez-toc-section-end\"><\/span><\/h2>\n<p class=\"western\">Mit der geschickten Auswahl besonderer Str\u00e4ucher werten Sie Ihren Garten optisch auf. Die folgenden Pflanzen sind f\u00fcr einen bezaubernden Ziergarten eine tolle Wahl.<\/p>\n<h3 class=\"western\"><span class=\"ez-toc-section\" id=\"Engelstrompete_giftige_exotische_Schoenheit\"><\/span>Engelstrompete: giftige exotische Sch\u00f6nheit<span class=\"ez-toc-section-end\"><\/span><\/h3>\n<p class=\"western\"><img loading=\"lazy\" decoding=\"async\" class=\"alignleft wp-image-5444 size-thumbnail\" src=\"https:\/\/www.samenhaus.de\/gartenblog\/wp-content\/uploads\/2022\/06\/Straeucher-mit-aussergewoehnlichen-Blueten_199463039-150x150.jpeg\" alt=\"Str\u00e4ucher Engelstrompete\" width=\"150\" height=\"150\" srcset=\"https:\/\/www.samenhaus.de\/gartenblog\/wp-content\/uploads\/2022\/06\/Straeucher-mit-aussergewoehnlichen-Blueten_199463039-150x150.jpeg 150w, https:\/\/www.samenhaus.de\/gartenblog\/wp-content\/uploads\/2022\/06\/Straeucher-mit-aussergewoehnlichen-Blueten_199463039-80x80.jpeg 80w\" sizes=\"auto, (max-width: 150px) 100vw, 150px\" \/>Zu den sch\u00f6nsten exotischen Str\u00e4uchern f\u00fcr den Garten geh\u00f6rt die Engelstrompete, die in den Sommermonaten mit einer Vielzahl wundersch\u00f6ner, trompetenf\u00f6rmiger Bl\u00fcten in Wei\u00df, Orange, Gelb oder Rosa, einfach oder gef\u00fcllt, begeistert. Die Bl\u00fcten werden bis zu 30 Zentimeter lang. Die Engelstrompete kann bis zu vier Meter hoch werden, doch muss sie in einen K\u00fcbel gepflanzt werden, da sie nicht winterhart ist. Sie bildet gro\u00dfe, spindelf\u00f6rmige Fr\u00fcchte aus.<\/p>\n<p class=\"western\">Die Engelstrompete ist stark giftig. Sie ben\u00f6tigt einen sonnigen bis halbschattigen Standort, mag aber keine pralle Mittagssonne. Das Substrat f\u00fcr den K\u00fcbel muss humusreich und mit Bl\u00e4hton angereichert sein. Die Engelstrompete ist ein gro\u00dfer Wasserverbraucher und muss an hei\u00dfen Sommertagen nach M\u00f6glichkeit mehrmals t\u00e4glich gew\u00e4ssert werden. Vor dem Einzug ins Winterquartier bekommt sie einen R\u00fcckschnitt. Zum \u00dcberwintern ist ein heller Standort mit Temperaturen von 12 bis 18 Grad Celsius geeignet.<\/p>\n<h3 class=\"western\"><span class=\"ez-toc-section\" id=\"Zaubernuss_Hamamelis_ein_frostharter_Winterblueher\"><\/span>Zaubernuss (Hamamelis): ein frostharter Winterbl\u00fcher<span class=\"ez-toc-section-end\"><\/span><\/h3>\n<p class=\"western\"><img loading=\"lazy\" decoding=\"async\" class=\"alignleft wp-image-5446 size-thumbnail\" src=\"https:\/\/www.samenhaus.de\/gartenblog\/wp-content\/uploads\/2022\/06\/Straeucher-mit-aussergewoehnlichen-Blueten_248310114-150x150.jpeg\" alt=\"Str\u00e4ucher Zaubernuss\" width=\"150\" height=\"150\" srcset=\"https:\/\/www.samenhaus.de\/gartenblog\/wp-content\/uploads\/2022\/06\/Straeucher-mit-aussergewoehnlichen-Blueten_248310114-150x150.jpeg 150w, https:\/\/www.samenhaus.de\/gartenblog\/wp-content\/uploads\/2022\/06\/Straeucher-mit-aussergewoehnlichen-Blueten_248310114-80x80.jpeg 80w\" sizes=\"auto, (max-width: 150px) 100vw, 150px\" \/>Entscheiden Sie sich f\u00fcr eine Zaubernuss, holen Sie sich einen anspruchslosen und standorttreuen Winterbl\u00fcher in Ihren Garten. Die Zaubernuss ist absolut frosthart, stellt keine hohen Anspr\u00fcche an den Boden und liebt einen sonnigen bis halbschattigen, windgesch\u00fctzten Standort. Der Boden sollte sauer und mit Kompost angereichert sein. Die Hamamelis w\u00e4chst nur langsam, doch kann sie eine H\u00f6he von einigen Metern erreichen. Die Bl\u00fcten mit den fadenf\u00f6rmigen Bl\u00fctenbl\u00e4ttern in Gelb, Orange oder Rot erscheinen schon im Februar und sind eine gute Bienenweide. Die Hamamelis selbst braucht keinen Frostschutz, doch sollten Sie bei starkem Frost die Bl\u00fcten sch\u00fctzen.<\/p>\n<h3 class=\"western\"><span class=\"ez-toc-section\" id=\"Prachtglocke_ein_Schmuckstueck_mit_etwas_hoeheren_Anspruechen\"><\/span>Prachtglocke: ein Schmuckst\u00fcck mit etwas h\u00f6heren Anspr\u00fcchen<span class=\"ez-toc-section-end\"><\/span><\/h3>\n<p class=\"western\"><img loading=\"lazy\" decoding=\"async\" class=\"alignleft wp-image-5445 size-thumbnail\" src=\"https:\/\/www.samenhaus.de\/gartenblog\/wp-content\/uploads\/2022\/06\/Straeucher-mit-aussergewoehnlichen-Blueten_205656540-150x150.jpeg\" alt=\"Str\u00e4ucher Prachtglocke\" width=\"150\" height=\"150\" srcset=\"https:\/\/www.samenhaus.de\/gartenblog\/wp-content\/uploads\/2022\/06\/Straeucher-mit-aussergewoehnlichen-Blueten_205656540-150x150.jpeg 150w, https:\/\/www.samenhaus.de\/gartenblog\/wp-content\/uploads\/2022\/06\/Straeucher-mit-aussergewoehnlichen-Blueten_205656540-80x80.jpeg 80w\" sizes=\"auto, (max-width: 150px) 100vw, 150px\" \/>Die Prachtglocke bringt von Mai bis Juni wundersch\u00f6ne, glockenf\u00f6rmige Bl\u00fcten in Gelb oder Rosa hervor, die an Maigl\u00f6ckchen erinnern. Im Herbst bet\u00f6rt die Prachtglocke mit einer sch\u00f6nen Laubf\u00e4rbung. Der wundersch\u00f6ne Bl\u00fctenstrauch kann bis zu drei Meter hoch werden und ist winterhart sowie ungiftig. Allerdings stellt er etwas h\u00f6here Anspr\u00fcche an Standort und Pflege. Die Prachtglocke braucht einen halbschattigen, windgesch\u00fctzten Standort mit hoher Luftfeuchtigkeit und einen humosen, sauren Boden. Sie wurzelt stark, w\u00e4chst aber ansonsten eher langsam. Die Prachtglocke braucht viel Wasser, doch sie vertr\u00e4gt keine Staun\u00e4sse.<\/p>\n<h3 class=\"western\"><span class=\"ez-toc-section\" id=\"Schneeflockenstrauch_wuchsfreudige_Schoenheit_mit_betoerendem_Bluetenduft\"><\/span>Schneeflockenstrauch: wuchsfreudige Sch\u00f6nheit mit bet\u00f6rendem Bl\u00fctenduft<span class=\"ez-toc-section-end\"><\/span><\/h3>\n<p class=\"western\"><img loading=\"lazy\" decoding=\"async\" class=\"alignleft wp-image-5450 size-thumbnail\" src=\"https:\/\/www.samenhaus.de\/gartenblog\/wp-content\/uploads\/2022\/06\/Straeucher-mit-aussergewoehnlichen-Blueten_359077346-150x150.jpeg\" alt=\"Str\u00e4ucher Schneeflockenstrauch\" width=\"150\" height=\"150\" srcset=\"https:\/\/www.samenhaus.de\/gartenblog\/wp-content\/uploads\/2022\/06\/Straeucher-mit-aussergewoehnlichen-Blueten_359077346-150x150.jpeg 150w, https:\/\/www.samenhaus.de\/gartenblog\/wp-content\/uploads\/2022\/06\/Straeucher-mit-aussergewoehnlichen-Blueten_359077346-80x80.jpeg 80w\" sizes=\"auto, (max-width: 150px) 100vw, 150px\" \/>Eine wundersch\u00f6ne Bl\u00fctenpracht, die an Schneeflocken erinnert, bringt der Schneeflockenstrauch hervor, der seinen Ursprung in den afrikanischen und amerikanischen Tropen hat. Er ist bienenfreundlich, winterhart und kann bis zu f\u00fcnf Meter hoch werden. Die bis zu 20 Zentimeter langen Bl\u00fctenrispen erscheinen von Mai bis Juni. Der Schneeflockenstrauch braucht einen sonnigen, windgesch\u00fctzten Standort mit hoher Luftfeuchtigkeit und einen tiefgr\u00fcndigen, lockeren Boden mit m\u00f6glichst neutralem pH-Wert. Er muss nicht geschnitten werden und ist pflegeleicht, doch braucht er viel Wasser.<\/p>\n<h3 class=\"western\"><span class=\"ez-toc-section\" id=\"Japanische_Scheinkamelie_Exotin_mit_langer_Bluetezeit\"><\/span>Japanische Scheinkamelie: Exotin mit langer Bl\u00fctezeit<span class=\"ez-toc-section-end\"><\/span><\/h3>\n<p class=\"western\"><img loading=\"lazy\" decoding=\"async\" class=\"alignleft wp-image-5443 size-thumbnail\" src=\"https:\/\/www.samenhaus.de\/gartenblog\/wp-content\/uploads\/2022\/06\/Straeucher-mit-aussergewoehnlichen-Blueten_161191136-150x150.jpeg\" alt=\"Str\u00e4ucher Japanische Scheinkamelie\" width=\"150\" height=\"150\" srcset=\"https:\/\/www.samenhaus.de\/gartenblog\/wp-content\/uploads\/2022\/06\/Straeucher-mit-aussergewoehnlichen-Blueten_161191136-150x150.jpeg 150w, https:\/\/www.samenhaus.de\/gartenblog\/wp-content\/uploads\/2022\/06\/Straeucher-mit-aussergewoehnlichen-Blueten_161191136-80x80.jpeg 80w\" sizes=\"auto, (max-width: 150px) 100vw, 150px\" \/>Die Japanische Scheinkamelie geh\u00f6rt zu den Teestrauchgew\u00e4chsen und erreicht in ihrer Heimat eine H\u00f6he von bis zu 18 Metern. In Deutschland wird der Strauch mit den wundersch\u00f6nen wei\u00dfen Bl\u00fcten nur ungef\u00e4hr f\u00fcnf Meter hoch. Die Bl\u00fcten erreichen einen Durchmesser bis zu sechs Zentimeter, erscheinen von Juni bis August und ziehen viele Insekten an.<\/p>\n<p class=\"western\">Die Scheinkamelie braucht einen windgesch\u00fctzten, aber absonnigen oder lichtschattigen Standort. Nur wenn der Boden feucht genug ist, vertr\u00e4gt sie Sonne. Der Boden muss kalkfrei, locker und humusreich sein. Staun\u00e4sse vertr\u00e4gt die Scheinkamelie nicht, doch darf der Boden nicht austrocknen. Die Scheinkamelie ist pflegeleicht und winterhart, doch in den ersten zwei Jahren nach der Pflanzung sollten Sie sie vor Frost sch\u00fctzen.<\/p>\n<h3 class=\"western\"><span class=\"ez-toc-section\" id=\"Perueckenstrauch_furioser_Auftritt_im_Herbst\"><\/span>Per\u00fcckenstrauch: furioser Auftritt im Herbst<span class=\"ez-toc-section-end\"><\/span><\/h3>\n<p class=\"western\"><img loading=\"lazy\" decoding=\"async\" class=\"alignleft wp-image-5452 size-thumbnail\" src=\"https:\/\/www.samenhaus.de\/gartenblog\/wp-content\/uploads\/2022\/06\/Straeucher-mit-aussergewoehnlichen-Blueten_362066808-150x150.jpeg\" alt=\"Str\u00e4ucher Per\u00fcckenstrauch\" width=\"150\" height=\"150\" srcset=\"https:\/\/www.samenhaus.de\/gartenblog\/wp-content\/uploads\/2022\/06\/Straeucher-mit-aussergewoehnlichen-Blueten_362066808-150x150.jpeg 150w, https:\/\/www.samenhaus.de\/gartenblog\/wp-content\/uploads\/2022\/06\/Straeucher-mit-aussergewoehnlichen-Blueten_362066808-80x80.jpeg 80w\" sizes=\"auto, (max-width: 150px) 100vw, 150px\" \/>Der Per\u00fcckenstrauch bringt im Juni und Juli eher unauff\u00e4llige, filigrane Bl\u00fctenst\u00e4nde hervor. Seine eigentliche Pracht entfaltet er im Herbst, wenn das Laub eine sch\u00f6ne rote Farbe annimmt und die Fr\u00fcchte als auff\u00e4llige B\u00fcschel erscheinen, die den Strauch wie ein Schleier \u00fcberziehen. Damit der Per\u00fcckenstrauch seine volle Pracht entwickeln kann, braucht er einen sonnigen, warmen Standort und einen gut durchl\u00e4ssigen, m\u00f6glichst kalkhaltigen Boden. Der Per\u00fcckenstrauch ist winterhart, trockenheitstolerant und kommt mit wenig Pflege aus. Ein R\u00fcckschnitt ist nicht erforderlich.<\/p>\n<p>&nbsp;<\/p>\n<h3 class=\"western\"><span class=\"ez-toc-section\" id=\"Zierquitte_kleiner_Strauch_mit_schoenen_Blueten_und_essbaren_Fruechten\"><\/span>Zierquitte: kleiner Strauch mit sch\u00f6nen Bl\u00fcten und essbaren Fr\u00fcchten<span class=\"ez-toc-section-end\"><\/span><\/h3>\n<p class=\"western\"><img loading=\"lazy\" decoding=\"async\" class=\"alignleft wp-image-5447 size-thumbnail\" src=\"https:\/\/www.samenhaus.de\/gartenblog\/wp-content\/uploads\/2022\/06\/Straeucher-mit-aussergewoehnlichen-Blueten_259626467-150x150.jpeg\" alt=\"Str\u00e4ucher Zierquitte\" width=\"150\" height=\"150\" srcset=\"https:\/\/www.samenhaus.de\/gartenblog\/wp-content\/uploads\/2022\/06\/Straeucher-mit-aussergewoehnlichen-Blueten_259626467-150x150.jpeg 150w, https:\/\/www.samenhaus.de\/gartenblog\/wp-content\/uploads\/2022\/06\/Straeucher-mit-aussergewoehnlichen-Blueten_259626467-80x80.jpeg 80w\" sizes=\"auto, (max-width: 150px) 100vw, 150px\" \/>Die Zierquitte ist mit einer maximalen H\u00f6he von 1,50 Metern ein eher kleinerer Strauch. Oft erscheinen die dekorativen gro\u00dfen Bl\u00fcten in Wei\u00df, Rosa oder Rot schon im M\u00e4rz vor dem Laubaustrieb in gro\u00dfer Anzahl und ziehen viele Insekten an. Die gelben, essbaren Fr\u00fcchte vermitteln mediterranes Flair und k\u00f6nnen, wenn sie Frost bekommen haben, zu Lik\u00f6r oder Gelee verarbeitet werden. Die Zierquitte braucht einen sonnigen bis halbschattigen Standort und einen n\u00e4hrstoffreichen, m\u00f6glichst lehmigen, aber nicht kalkhaltigen Boden. Sie ist winterhart, doch in den ersten Jahren nach der Pflanzung sollten Sie sie vor starken Fr\u00f6sten sch\u00fctzen.<\/p>\n<h3 class=\"western\"><span class=\"ez-toc-section\" id=\"Pfaffenhuetchen_Bienenweide_mit_auffaelligen_Fruechten\"><\/span>Pfaffenh\u00fctchen: Bienenweide mit auff\u00e4lligen Fr\u00fcchten<span class=\"ez-toc-section-end\"><\/span><\/h3>\n<p class=\"western\"><img loading=\"lazy\" decoding=\"async\" class=\"alignleft wp-image-5449 size-thumbnail\" src=\"https:\/\/www.samenhaus.de\/gartenblog\/wp-content\/uploads\/2022\/06\/Straeucher-mit-aussergewoehnlichen-Blueten_294685860-150x150.jpeg\" alt=\"Str\u00e4ucher Pfaffenh\u00fctchen\" width=\"150\" height=\"150\" srcset=\"https:\/\/www.samenhaus.de\/gartenblog\/wp-content\/uploads\/2022\/06\/Straeucher-mit-aussergewoehnlichen-Blueten_294685860-150x150.jpeg 150w, https:\/\/www.samenhaus.de\/gartenblog\/wp-content\/uploads\/2022\/06\/Straeucher-mit-aussergewoehnlichen-Blueten_294685860-80x80.jpeg 80w\" sizes=\"auto, (max-width: 150px) 100vw, 150px\" \/>Das Pfaffenh\u00fctchen bringt im Herbst auff\u00e4llige rote Kapselfr\u00fcchte hervor, die an die Kopfbedeckung von Kardin\u00e4len erinnern und vier orangefarbene Samen enthalten. Die Samen sind bei V\u00f6geln wie Meisen oder Rotkehlchen beliebt, doch sind Fr\u00fcchte und Samen f\u00fcr Menschen stark giftig. Die Bl\u00fcten des bis zu vier Meter hohen Strauchs sind eher unscheinbar, erscheinen im Mai und Juni und ziehen viele Insekten, darunter Honigbienen, an. Das Pfaffenh\u00fctchen braucht einen sonnigen bis halbschattigen Standort, bevorzugt kalkhaltigen Lehmboden und ist anpassungsf\u00e4hig. Es w\u00e4chst im Jahr 20 bis 25 Zentimeter. Der winterharte Strauch kommt ohne Pflege aus.<\/p>\n<h3 class=\"western\"><span class=\"ez-toc-section\" id=\"Liebesperlenstrauch_oder_Schoenfrucht_auffaellige_lilafarbene_Fruechte_im_Herbst\"><\/span>Liebesperlenstrauch oder Sch\u00f6nfrucht: auff\u00e4llige lilafarbene Fr\u00fcchte im Herbst<span class=\"ez-toc-section-end\"><\/span><\/h3>\n<p class=\"western\"><img loading=\"lazy\" decoding=\"async\" class=\"alignleft wp-image-5441 size-thumbnail\" src=\"https:\/\/www.samenhaus.de\/gartenblog\/wp-content\/uploads\/2022\/06\/Straeucher-mit-aussergewoehnlichen-Blueten_124916296-150x150.jpeg\" alt=\"Str\u00e4ucher Liebesperlenstrauch\" width=\"150\" height=\"150\" srcset=\"https:\/\/www.samenhaus.de\/gartenblog\/wp-content\/uploads\/2022\/06\/Straeucher-mit-aussergewoehnlichen-Blueten_124916296-150x150.jpeg 150w, https:\/\/www.samenhaus.de\/gartenblog\/wp-content\/uploads\/2022\/06\/Straeucher-mit-aussergewoehnlichen-Blueten_124916296-80x80.jpeg 80w\" sizes=\"auto, (max-width: 150px) 100vw, 150px\" \/>Der Liebesperlenstrauch bringt von Juli bis September eher unauff\u00e4llige lilafarbene Bl\u00fcten hervor, die viele Insekten anziehen. Der eigentliche Schmuck sind die lilafarbenen, kugelrunden Fr\u00fcchte, die im Herbst in gro\u00dfer Anzahl erscheinen und giftig sind. Der bienenfreundliche Liebesperlenstrauch ist winterhart. Er braucht einen gesch\u00fctzten, warmen und sonnigen Standort und einen humusreichen, nicht zu schweren, durchl\u00e4ssigen Boden. Der Liebesperlenstrauch sollte alle drei Jahre im Februar stark zur\u00fcckgeschnitten werden, da er sonst verkahlt. Er kommt ansonsten mit wenig Pflege aus. Er ist winterhart, doch sollten Sie ihn unbedingt in den ersten Jahren nach der Pflanzung vor Frost sch\u00fctzen.<\/p>\n<h3 class=\"western\"><span class=\"ez-toc-section\" id=\"Gemeiner_Blasenstrauch_Ziergehoelz_mit_eigenwilligen_Fruechten\"><\/span>Gemeiner Blasenstrauch: Ziergeh\u00f6lz mit eigenwilligen Fr\u00fcchten<span class=\"ez-toc-section-end\"><\/span><\/h3>\n<p class=\"western\"><img loading=\"lazy\" decoding=\"async\" class=\"alignleft wp-image-5440 size-thumbnail\" src=\"https:\/\/www.samenhaus.de\/gartenblog\/wp-content\/uploads\/2022\/06\/Straeucher-mit-aussergewoehnlichen-Blueten_84800250-150x150.jpeg\" alt=\"Str\u00e4ucher Gemeiner Blasenstrauch\" width=\"150\" height=\"150\" srcset=\"https:\/\/www.samenhaus.de\/gartenblog\/wp-content\/uploads\/2022\/06\/Straeucher-mit-aussergewoehnlichen-Blueten_84800250-150x150.jpeg 150w, https:\/\/www.samenhaus.de\/gartenblog\/wp-content\/uploads\/2022\/06\/Straeucher-mit-aussergewoehnlichen-Blueten_84800250-80x80.jpeg 80w\" sizes=\"auto, (max-width: 150px) 100vw, 150px\" \/>Der Gemeine Blasenstrauch ist bienenfreundlich und hat seinen Ursprung im Mittelmeerraum und in Nordamerika. Er geh\u00f6rt zu den Schmetterlingsbl\u00fctlern und bringt goldgelbe Bl\u00fctenrispen hervor, die von Mai bis August viele Bienen und Hummeln anziehen. Aus den Bl\u00fcten entwickeln sich bereits im Hochsommer, wenn der Strauch noch nicht abgebl\u00fcht ist, die blasenf\u00f6rmig aufgetriebenen Fr\u00fcchte. Auch wenn die Fr\u00fcchte interessant aussehen m\u00f6gen, sind sie stark giftig. Der Blasenstrauch ben\u00f6tigt einen warmen, gesch\u00fctzten, sonnigen bis halbschattigen Standort und einen durchl\u00e4ssigen Boden, der auch n\u00e4hrstoffarm sein kann. Sauren und zu feuchten Boden mag der Blasenstrauch nicht. Der Gemeine Blasenstrauch ist winterhart und kommt mit wenig Pflege aus, doch sollte er regelm\u00e4\u00dfig zur\u00fcckgeschnitten werden, um eine attraktive Wuchsform zu erzielen.<\/p>\n<h3 class=\"western\"><span class=\"ez-toc-section\" id=\"Blaugurkenbaum_asiatisches_Ziergehoelz_mit_schmackhaften_Fruechten\"><\/span>Blaugurkenbaum: asiatisches Ziergeh\u00f6lz mit schmackhaften Fr\u00fcchten<span class=\"ez-toc-section-end\"><\/span><\/h3>\n<p class=\"western\"><img loading=\"lazy\" decoding=\"async\" class=\"alignleft wp-image-5442 size-thumbnail\" src=\"https:\/\/www.samenhaus.de\/gartenblog\/wp-content\/uploads\/2022\/06\/Straeucher-mit-aussergewoehnlichen-Blueten_125224746-150x150.jpeg\" alt=\"Str\u00e4ucher Blaugurkenbaum\" width=\"150\" height=\"150\" srcset=\"https:\/\/www.samenhaus.de\/gartenblog\/wp-content\/uploads\/2022\/06\/Straeucher-mit-aussergewoehnlichen-Blueten_125224746-150x150.jpeg 150w, https:\/\/www.samenhaus.de\/gartenblog\/wp-content\/uploads\/2022\/06\/Straeucher-mit-aussergewoehnlichen-Blueten_125224746-80x80.jpeg 80w\" sizes=\"auto, (max-width: 150px) 100vw, 150px\" \/>Der Blaugurkenbaum hat seinen Ursprung im Nepal und wird bis zu drei Meter hoch. Von Mai bis Juni erscheinen die gelben, glockenf\u00f6rmigen Bl\u00fcten, die in Trauben wachsen. Er bringt seine dunkelblauen Schoten, die an Gurken erinnern und bis zu 20 Zentimeter lang werden, im Herbst hervor. Die Schoten haben gallertartiges Fruchtfleisch, sind essbar und eignen sich f\u00fcr Desserts. Der Blaugurkenbaum ben\u00f6tigt einen sonnigen bis m\u00e4\u00dfig halbschattigen Standort und einen mageren, gut durchl\u00e4ssigen Boden. Er ist nur bedingt winterhart und kann daher in einen gro\u00dfen K\u00fcbel gepflanzt werden. Er kann auch mit einem Vlies vor Frost gesch\u00fctzt werden.<\/p>\n<h3 class=\"western\"><span class=\"ez-toc-section\" id=\"Indianerbanane_schoene_Blueten_und_grosse_Fruechte\"><\/span>Indianerbanane: sch\u00f6ne Bl\u00fcten und gro\u00dfe Fr\u00fcchte<span class=\"ez-toc-section-end\"><\/span><\/h3>\n<p class=\"western\"><img loading=\"lazy\" decoding=\"async\" class=\"alignleft wp-image-5451 size-thumbnail\" src=\"https:\/\/www.samenhaus.de\/gartenblog\/wp-content\/uploads\/2022\/06\/Straeucher-mit-aussergewoehnlichen-Blueten_360942831-150x150.jpeg\" alt=\"Str\u00e4ucher Indianerbanane\" width=\"150\" height=\"150\" srcset=\"https:\/\/www.samenhaus.de\/gartenblog\/wp-content\/uploads\/2022\/06\/Straeucher-mit-aussergewoehnlichen-Blueten_360942831-150x150.jpeg 150w, https:\/\/www.samenhaus.de\/gartenblog\/wp-content\/uploads\/2022\/06\/Straeucher-mit-aussergewoehnlichen-Blueten_360942831-80x80.jpeg 80w\" sizes=\"auto, (max-width: 150px) 100vw, 150px\" \/>Die Indianerbanane hat mit der Banane nichts gemeinsam, doch erinnern die gro\u00dfen essbaren Fr\u00fcchte in ihrem Geschmack an Bananen. Der Strauch wird bis zu vier Meter hoch und bringt im Mai glockenf\u00f6rmige, rote oder br\u00e4unliche Bl\u00fcten hervor. Von August bis Oktober reifen die gro\u00dfen Fr\u00fcchte, die quirlartig in mehreren Exemplaren an kurzen Stielen wachsen. Die Indianerbanane ist bis zu minus 25 Grad Celsius winterhart und braucht einen m\u00f6glichst sonnigen, nicht zu warmen Standort mit m\u00e4\u00dfig feuchtem sandigem Boden. Da die Indianerbanane auf Fremdbest\u00e4ubung angewiesen ist, pflanzen Sie zwei Str\u00e4ucher von m\u00f6glichst verschiedenen Sorten.<\/p>\n","protected":false},"excerpt":{"rendered":"<p>Viele Str\u00e4ucher f\u00fcr den Ziergarten begeistern nicht nur mit einem sch\u00f6nen Blattschmuck, sondern auch mit au\u00dfergew\u00f6hnlichen Bl\u00fcten oder Fr\u00fcchten. \u00dcberlegen Sie, bevor Sie diese Str\u00e4ucher kaufen, ob in Ihrem Garten die geeigneten Bedingungen vorherrschen. Lernen Sie in diesem Artikel die ungew\u00f6hnlichsten Schmuckst\u00fccke kennen. Au\u00dfergew\u00f6hnliche Str\u00e4ucher pflanzen: auf die Bedingungen achten Hobbyg\u00e4rtner laufen mitunter Gefahr, dass sie exotische Pflanzen mit wundersch\u00f6nen Bl\u00fcten oder Fr\u00fcchten nur kaufen, da sie ihnen gefallen. Unbeachtet bleibt dabei, welche Anspr\u00fcche diese Str\u00e4ucher an den Standort und die Pflege stellen. Einige der Str\u00e4ucher sind nicht winterhart und sollten daher in K\u00fcbel gepflanzt werden. Teilweise ben\u00f6tigen sie einen warmen, gesch\u00fctzten Standort. Mitunter sind die Str\u00e4ucher giftig, sodass sie nicht gepflanzt werden sollten, wenn sich in Ihrem Garten h\u00e4ufig Kinder aufhalten. Auch die Anspr\u00fcche an die Bew\u00e4sserung sind bei einigen Str\u00e4uchern nicht zu untersch\u00e4tzen. Wundersch\u00f6ne Str\u00e4ucher und ihre Anforderungen Mit der geschickten Auswahl besonderer Str\u00e4ucher werten Sie Ihren Garten optisch auf. Die folgenden Pflanzen sind f\u00fcr einen bezaubernden Ziergarten eine tolle Wahl. Engelstrompete: giftige exotische Sch\u00f6nheit Zu den sch\u00f6nsten exotischen Str\u00e4uchern f\u00fcr den Garten geh\u00f6rt die Engelstrompete, die in den Sommermonaten mit einer Vielzahl wundersch\u00f6ner, trompetenf\u00f6rmiger Bl\u00fcten in Wei\u00df, Orange, Gelb oder Rosa, einfach oder gef\u00fcllt, begeistert. Die Bl\u00fcten [&hellip;]<\/p>\n","protected":false},"author":11,"featured_media":5453,"comment_status":"open","ping_status":"open","sticky":false,"template":"","format":"standard","meta":{"_acf_changed":false,"footnotes":""},"categories":[1],"tags":[],"hersteller":[],"class_list":["post-5271","post","type-post","status-publish","format-standard","has-post-thumbnail","hentry","category-allgemein"],"acf":[],"yoast_head":"<!-- This site is optimized with the Yoast SEO plugin v27.4 - https:\/\/yoast.com\/product\/yoast-seo-wordpress\/ -->\n<title>Str\u00e4ucher mit au\u00dfergew\u00f6hnlichen Bl\u00fcten und Fr\u00fcchten - Samenhaus Gartenblog<\/title>\n<meta name=\"description\" content=\"Einige Str\u00e4ucher sind sch\u00f6ner als andere. Au\u00dfergew\u00f6hnliche Bl\u00fcten und Fr\u00fcchte machen die Str\u00e4ucher zu einem tollen Blickfang. Wir stellen Ihnen einige Str\u00e4ucher vor.\" \/>\n<meta name=\"robots\" content=\"index, follow, max-snippet:-1, max-image-preview:large, max-video-preview:-1\" \/>\n<link rel=\"canonical\" href=\"https:\/\/www.samenhaus.de\/gartenblog\/straeucher-mit-aussergewoehnlichen-blueten-und-fruechten\" \/>\n<meta property=\"og:locale\" content=\"de_DE\" \/>\n<meta property=\"og:type\" content=\"article\" \/>\n<meta property=\"og:title\" content=\"Str\u00e4ucher mit au\u00dfergew\u00f6hnlichen Bl\u00fcten und Fr\u00fcchten - Samenhaus Gartenblog\" \/>\n<meta property=\"og:description\" content=\"Einige Str\u00e4ucher sind sch\u00f6ner als andere. Au\u00dfergew\u00f6hnliche Bl\u00fcten und Fr\u00fcchte machen die Str\u00e4ucher zu einem tollen Blickfang. Wir stellen Ihnen einige Str\u00e4ucher vor.\" \/>\n<meta property=\"og:url\" content=\"https:\/\/www.samenhaus.de\/gartenblog\/straeucher-mit-aussergewoehnlichen-blueten-und-fruechten\" \/>\n<meta property=\"og:site_name\" content=\"Samenhaus Gartenblog\" \/>\n<meta property=\"article:publisher\" content=\"https:\/\/de-de.facebook.com\/samenhaus\" \/>\n<meta property=\"article:published_time\" content=\"2022-07-14T09:00:55+00:00\" \/>\n<meta property=\"article:modified_time\" content=\"2023-08-08T04:51:54+00:00\" \/>\n<meta property=\"og:image\" content=\"https:\/\/www.samenhaus.de\/gartenblog\/wp-content\/uploads\/2022\/06\/Straeucher-mit-aussergewoehnlichen-Blueten_504007367-scaled.jpeg\" \/>\n\t<meta property=\"og:image:width\" content=\"2560\" \/>\n\t<meta property=\"og:image:height\" content=\"853\" \/>\n\t<meta property=\"og:image:type\" content=\"image\/jpeg\" \/>\n<meta name=\"author\" content=\"Sabine\" \/>\n<meta name=\"twitter:card\" content=\"summary_large_image\" \/>\n<meta name=\"twitter:creator\" content=\"@samenhaus\" \/>\n<meta name=\"twitter:site\" content=\"@samenhaus\" \/>\n<meta name=\"twitter:label1\" content=\"Verfasst von\" \/>\n\t<meta name=\"twitter:data1\" content=\"Sabine\" \/>\n\t<meta name=\"twitter:label2\" content=\"Gesch\u00e4tzte Lesezeit\" \/>\n\t<meta name=\"twitter:data2\" content=\"11\u00a0Minuten\" \/>\n<script type=\"application\/ld+json\" class=\"yoast-schema-graph\">{\"@context\":\"https:\\\/\\\/schema.org\",\"@graph\":[{\"@type\":\"Article\",\"@id\":\"https:\\\/\\\/www.samenhaus.de\\\/gartenblog\\\/straeucher-mit-aussergewoehnlichen-blueten-und-fruechten#article\",\"isPartOf\":{\"@id\":\"https:\\\/\\\/www.samenhaus.de\\\/gartenblog\\\/straeucher-mit-aussergewoehnlichen-blueten-und-fruechten\"},\"author\":{\"name\":\"Sabine\",\"@id\":\"https:\\\/\\\/www.samenhaus.de\\\/gartenblog\\\/#\\\/schema\\\/person\\\/e4c837ea32ec74c39497c1e69976fed5\"},\"headline\":\"Str\u00e4ucher mit au\u00dfergew\u00f6hnlichen Bl\u00fcten und Fr\u00fcchten\",\"datePublished\":\"2022-07-14T09:00:55+00:00\",\"dateModified\":\"2023-08-08T04:51:54+00:00\",\"mainEntityOfPage\":{\"@id\":\"https:\\\/\\\/www.samenhaus.de\\\/gartenblog\\\/straeucher-mit-aussergewoehnlichen-blueten-und-fruechten\"},\"wordCount\":1622,\"commentCount\":0,\"publisher\":{\"@id\":\"https:\\\/\\\/www.samenhaus.de\\\/gartenblog\\\/#organization\"},\"image\":{\"@id\":\"https:\\\/\\\/www.samenhaus.de\\\/gartenblog\\\/straeucher-mit-aussergewoehnlichen-blueten-und-fruechten#primaryimage\"},\"thumbnailUrl\":\"https:\\\/\\\/www.samenhaus.de\\\/gartenblog\\\/wp-content\\\/uploads\\\/2022\\\/06\\\/Straeucher-mit-aussergewoehnlichen-Blueten_504007367-scaled.jpeg\",\"inLanguage\":\"de\",\"potentialAction\":[{\"@type\":\"CommentAction\",\"name\":\"Comment\",\"target\":[\"https:\\\/\\\/www.samenhaus.de\\\/gartenblog\\\/straeucher-mit-aussergewoehnlichen-blueten-und-fruechten#respond\"]}],\"copyrightYear\":\"2022\",\"copyrightHolder\":{\"@id\":\"https:\\\/\\\/www.samenhaus.de\\\/gartenblog\\\/#organization\"}},{\"@type\":\"WebPage\",\"@id\":\"https:\\\/\\\/www.samenhaus.de\\\/gartenblog\\\/straeucher-mit-aussergewoehnlichen-blueten-und-fruechten\",\"url\":\"https:\\\/\\\/www.samenhaus.de\\\/gartenblog\\\/straeucher-mit-aussergewoehnlichen-blueten-und-fruechten\",\"name\":\"Str\u00e4ucher mit au\u00dfergew\u00f6hnlichen Bl\u00fcten und Fr\u00fcchten - Samenhaus Gartenblog\",\"isPartOf\":{\"@id\":\"https:\\\/\\\/www.samenhaus.de\\\/gartenblog\\\/#website\"},\"primaryImageOfPage\":{\"@id\":\"https:\\\/\\\/www.samenhaus.de\\\/gartenblog\\\/straeucher-mit-aussergewoehnlichen-blueten-und-fruechten#primaryimage\"},\"image\":{\"@id\":\"https:\\\/\\\/www.samenhaus.de\\\/gartenblog\\\/straeucher-mit-aussergewoehnlichen-blueten-und-fruechten#primaryimage\"},\"thumbnailUrl\":\"https:\\\/\\\/www.samenhaus.de\\\/gartenblog\\\/wp-content\\\/uploads\\\/2022\\\/06\\\/Straeucher-mit-aussergewoehnlichen-Blueten_504007367-scaled.jpeg\",\"datePublished\":\"2022-07-14T09:00:55+00:00\",\"dateModified\":\"2023-08-08T04:51:54+00:00\",\"description\":\"Einige Str\u00e4ucher sind sch\u00f6ner als andere. Au\u00dfergew\u00f6hnliche Bl\u00fcten und Fr\u00fcchte machen die Str\u00e4ucher zu einem tollen Blickfang. Wir stellen Ihnen einige Str\u00e4ucher vor.\",\"breadcrumb\":{\"@id\":\"https:\\\/\\\/www.samenhaus.de\\\/gartenblog\\\/straeucher-mit-aussergewoehnlichen-blueten-und-fruechten#breadcrumb\"},\"inLanguage\":\"de\",\"potentialAction\":[{\"@type\":\"ReadAction\",\"target\":[\"https:\\\/\\\/www.samenhaus.de\\\/gartenblog\\\/straeucher-mit-aussergewoehnlichen-blueten-und-fruechten\"]}]},{\"@type\":\"ImageObject\",\"inLanguage\":\"de\",\"@id\":\"https:\\\/\\\/www.samenhaus.de\\\/gartenblog\\\/straeucher-mit-aussergewoehnlichen-blueten-und-fruechten#primaryimage\",\"url\":\"https:\\\/\\\/www.samenhaus.de\\\/gartenblog\\\/wp-content\\\/uploads\\\/2022\\\/06\\\/Straeucher-mit-aussergewoehnlichen-Blueten_504007367-scaled.jpeg\",\"contentUrl\":\"https:\\\/\\\/www.samenhaus.de\\\/gartenblog\\\/wp-content\\\/uploads\\\/2022\\\/06\\\/Straeucher-mit-aussergewoehnlichen-Blueten_504007367-scaled.jpeg\",\"width\":2560,\"height\":853,\"caption\":\"Str\u00e4ucher\"},{\"@type\":\"BreadcrumbList\",\"@id\":\"https:\\\/\\\/www.samenhaus.de\\\/gartenblog\\\/straeucher-mit-aussergewoehnlichen-blueten-und-fruechten#breadcrumb\",\"itemListElement\":[{\"@type\":\"ListItem\",\"position\":1,\"name\":\"Startseite\",\"item\":\"https:\\\/\\\/www.samenhaus.de\\\/gartenblog\\\/\"},{\"@type\":\"ListItem\",\"position\":2,\"name\":\"Str\u00e4ucher mit au\u00dfergew\u00f6hnlichen Bl\u00fcten und Fr\u00fcchten\"}]},{\"@type\":\"WebSite\",\"@id\":\"https:\\\/\\\/www.samenhaus.de\\\/gartenblog\\\/#website\",\"url\":\"https:\\\/\\\/www.samenhaus.de\\\/gartenblog\\\/\",\"name\":\"Samenhaus Gartenblog\",\"description\":\"\",\"publisher\":{\"@id\":\"https:\\\/\\\/www.samenhaus.de\\\/gartenblog\\\/#organization\"},\"potentialAction\":[{\"@type\":\"SearchAction\",\"target\":{\"@type\":\"EntryPoint\",\"urlTemplate\":\"https:\\\/\\\/www.samenhaus.de\\\/gartenblog\\\/?s={search_term_string}\"},\"query-input\":{\"@type\":\"PropertyValueSpecification\",\"valueRequired\":true,\"valueName\":\"search_term_string\"}}],\"inLanguage\":\"de\"},{\"@type\":\"Organization\",\"@id\":\"https:\\\/\\\/www.samenhaus.de\\\/gartenblog\\\/#organization\",\"name\":\"Samenhaus.de Gartenblog\",\"url\":\"https:\\\/\\\/www.samenhaus.de\\\/gartenblog\\\/\",\"logo\":{\"@type\":\"ImageObject\",\"inLanguage\":\"de\",\"@id\":\"https:\\\/\\\/www.samenhaus.de\\\/gartenblog\\\/#\\\/schema\\\/logo\\\/image\\\/\",\"url\":\"https:\\\/\\\/www.samenhaus.de\\\/gartenblog\\\/wp-content\\\/uploads\\\/2020\\\/11\\\/logo.svg\",\"contentUrl\":\"https:\\\/\\\/www.samenhaus.de\\\/gartenblog\\\/wp-content\\\/uploads\\\/2020\\\/11\\\/logo.svg\",\"width\":1,\"height\":1,\"caption\":\"Samenhaus.de Gartenblog\"},\"image\":{\"@id\":\"https:\\\/\\\/www.samenhaus.de\\\/gartenblog\\\/#\\\/schema\\\/logo\\\/image\\\/\"},\"sameAs\":[\"https:\\\/\\\/de-de.facebook.com\\\/samenhaus\",\"https:\\\/\\\/x.com\\\/samenhaus\"]},{\"@type\":\"Person\",\"@id\":\"https:\\\/\\\/www.samenhaus.de\\\/gartenblog\\\/#\\\/schema\\\/person\\\/e4c837ea32ec74c39497c1e69976fed5\",\"name\":\"Sabine\",\"image\":{\"@type\":\"ImageObject\",\"inLanguage\":\"de\",\"@id\":\"https:\\\/\\\/www.samenhaus.de\\\/gartenblog\\\/wp-content\\\/uploads\\\/2026\\\/03\\\/sabine-150x150.png\",\"url\":\"https:\\\/\\\/www.samenhaus.de\\\/gartenblog\\\/wp-content\\\/uploads\\\/2026\\\/03\\\/sabine-150x150.png\",\"contentUrl\":\"https:\\\/\\\/www.samenhaus.de\\\/gartenblog\\\/wp-content\\\/uploads\\\/2026\\\/03\\\/sabine-150x150.png\",\"caption\":\"Sabine\"},\"description\":\"Sabine schreibt am liebsten \u00fcber Themen rund um den Selbstversorgergarten. Ob Gem\u00fcseanbau, Obstgarten, H\u00fchnerhaltung oder Konservierung und Verarbeitung, sie hat jede Menge eigene Erfahrung beizusteuern. Sie liebt es, den Blick \u00fcber die ersten zarten Pflanzen des Jahres schweifen zu lassen oder die gewaltige Ernte im Sommer und Herbst zu b\u00e4ndigen.\",\"url\":\"https:\\\/\\\/www.samenhaus.de\\\/gartenblog\\\/author\\\/sabine\"}]}<\/script>\n<!-- \/ Yoast SEO plugin. -->","yoast_head_json":{"title":"Str\u00e4ucher mit au\u00dfergew\u00f6hnlichen Bl\u00fcten und Fr\u00fcchten - Samenhaus Gartenblog","description":"Einige Str\u00e4ucher sind sch\u00f6ner als andere. Au\u00dfergew\u00f6hnliche Bl\u00fcten und Fr\u00fcchte machen die Str\u00e4ucher zu einem tollen Blickfang. Wir stellen Ihnen einige Str\u00e4ucher vor.","robots":{"index":"index","follow":"follow","max-snippet":"max-snippet:-1","max-image-preview":"max-image-preview:large","max-video-preview":"max-video-preview:-1"},"canonical":"https:\/\/www.samenhaus.de\/gartenblog\/straeucher-mit-aussergewoehnlichen-blueten-und-fruechten","og_locale":"de_DE","og_type":"article","og_title":"Str\u00e4ucher mit au\u00dfergew\u00f6hnlichen Bl\u00fcten und Fr\u00fcchten - Samenhaus Gartenblog","og_description":"Einige Str\u00e4ucher sind sch\u00f6ner als andere. Au\u00dfergew\u00f6hnliche Bl\u00fcten und Fr\u00fcchte machen die Str\u00e4ucher zu einem tollen Blickfang. Wir stellen Ihnen einige Str\u00e4ucher vor.","og_url":"https:\/\/www.samenhaus.de\/gartenblog\/straeucher-mit-aussergewoehnlichen-blueten-und-fruechten","og_site_name":"Samenhaus Gartenblog","article_publisher":"https:\/\/de-de.facebook.com\/samenhaus","article_published_time":"2022-07-14T09:00:55+00:00","article_modified_time":"2023-08-08T04:51:54+00:00","og_image":[{"width":2560,"height":853,"url":"https:\/\/www.samenhaus.de\/gartenblog\/wp-content\/uploads\/2022\/06\/Straeucher-mit-aussergewoehnlichen-Blueten_504007367-scaled.jpeg","type":"image\/jpeg"}],"author":"Sabine","twitter_card":"summary_large_image","twitter_creator":"@samenhaus","twitter_site":"@samenhaus","twitter_misc":{"Verfasst von":"Sabine","Gesch\u00e4tzte Lesezeit":"11\u00a0Minuten"},"schema":{"@context":"https:\/\/schema.org","@graph":[{"@type":"Article","@id":"https:\/\/www.samenhaus.de\/gartenblog\/straeucher-mit-aussergewoehnlichen-blueten-und-fruechten#article","isPartOf":{"@id":"https:\/\/www.samenhaus.de\/gartenblog\/straeucher-mit-aussergewoehnlichen-blueten-und-fruechten"},"author":{"name":"Sabine","@id":"https:\/\/www.samenhaus.de\/gartenblog\/#\/schema\/person\/e4c837ea32ec74c39497c1e69976fed5"},"headline":"Str\u00e4ucher mit au\u00dfergew\u00f6hnlichen Bl\u00fcten und Fr\u00fcchten","datePublished":"2022-07-14T09:00:55+00:00","dateModified":"2023-08-08T04:51:54+00:00","mainEntityOfPage":{"@id":"https:\/\/www.samenhaus.de\/gartenblog\/straeucher-mit-aussergewoehnlichen-blueten-und-fruechten"},"wordCount":1622,"commentCount":0,"publisher":{"@id":"https:\/\/www.samenhaus.de\/gartenblog\/#organization"},"image":{"@id":"https:\/\/www.samenhaus.de\/gartenblog\/straeucher-mit-aussergewoehnlichen-blueten-und-fruechten#primaryimage"},"thumbnailUrl":"https:\/\/www.samenhaus.de\/gartenblog\/wp-content\/uploads\/2022\/06\/Straeucher-mit-aussergewoehnlichen-Blueten_504007367-scaled.jpeg","inLanguage":"de","potentialAction":[{"@type":"CommentAction","name":"Comment","target":["https:\/\/www.samenhaus.de\/gartenblog\/straeucher-mit-aussergewoehnlichen-blueten-und-fruechten#respond"]}],"copyrightYear":"2022","copyrightHolder":{"@id":"https:\/\/www.samenhaus.de\/gartenblog\/#organization"}},{"@type":"WebPage","@id":"https:\/\/www.samenhaus.de\/gartenblog\/straeucher-mit-aussergewoehnlichen-blueten-und-fruechten","url":"https:\/\/www.samenhaus.de\/gartenblog\/straeucher-mit-aussergewoehnlichen-blueten-und-fruechten","name":"Str\u00e4ucher mit au\u00dfergew\u00f6hnlichen Bl\u00fcten und Fr\u00fcchten - Samenhaus Gartenblog","isPartOf":{"@id":"https:\/\/www.samenhaus.de\/gartenblog\/#website"},"primaryImageOfPage":{"@id":"https:\/\/www.samenhaus.de\/gartenblog\/straeucher-mit-aussergewoehnlichen-blueten-und-fruechten#primaryimage"},"image":{"@id":"https:\/\/www.samenhaus.de\/gartenblog\/straeucher-mit-aussergewoehnlichen-blueten-und-fruechten#primaryimage"},"thumbnailUrl":"https:\/\/www.samenhaus.de\/gartenblog\/wp-content\/uploads\/2022\/06\/Straeucher-mit-aussergewoehnlichen-Blueten_504007367-scaled.jpeg","datePublished":"2022-07-14T09:00:55+00:00","dateModified":"2023-08-08T04:51:54+00:00","description":"Einige Str\u00e4ucher sind sch\u00f6ner als andere. Au\u00dfergew\u00f6hnliche Bl\u00fcten und Fr\u00fcchte machen die Str\u00e4ucher zu einem tollen Blickfang. Wir stellen Ihnen einige Str\u00e4ucher vor.","breadcrumb":{"@id":"https:\/\/www.samenhaus.de\/gartenblog\/straeucher-mit-aussergewoehnlichen-blueten-und-fruechten#breadcrumb"},"inLanguage":"de","potentialAction":[{"@type":"ReadAction","target":["https:\/\/www.samenhaus.de\/gartenblog\/straeucher-mit-aussergewoehnlichen-blueten-und-fruechten"]}]},{"@type":"ImageObject","inLanguage":"de","@id":"https:\/\/www.samenhaus.de\/gartenblog\/straeucher-mit-aussergewoehnlichen-blueten-und-fruechten#primaryimage","url":"https:\/\/www.samenhaus.de\/gartenblog\/wp-content\/uploads\/2022\/06\/Straeucher-mit-aussergewoehnlichen-Blueten_504007367-scaled.jpeg","contentUrl":"https:\/\/www.samenhaus.de\/gartenblog\/wp-content\/uploads\/2022\/06\/Straeucher-mit-aussergewoehnlichen-Blueten_504007367-scaled.jpeg","width":2560,"height":853,"caption":"Str\u00e4ucher"},{"@type":"BreadcrumbList","@id":"https:\/\/www.samenhaus.de\/gartenblog\/straeucher-mit-aussergewoehnlichen-blueten-und-fruechten#breadcrumb","itemListElement":[{"@type":"ListItem","position":1,"name":"Startseite","item":"https:\/\/www.samenhaus.de\/gartenblog\/"},{"@type":"ListItem","position":2,"name":"Str\u00e4ucher mit au\u00dfergew\u00f6hnlichen Bl\u00fcten und Fr\u00fcchten"}]},{"@type":"WebSite","@id":"https:\/\/www.samenhaus.de\/gartenblog\/#website","url":"https:\/\/www.samenhaus.de\/gartenblog\/","name":"Samenhaus Gartenblog","description":"","publisher":{"@id":"https:\/\/www.samenhaus.de\/gartenblog\/#organization"},"potentialAction":[{"@type":"SearchAction","target":{"@type":"EntryPoint","urlTemplate":"https:\/\/www.samenhaus.de\/gartenblog\/?s={search_term_string}"},"query-input":{"@type":"PropertyValueSpecification","valueRequired":true,"valueName":"search_term_string"}}],"inLanguage":"de"},{"@type":"Organization","@id":"https:\/\/www.samenhaus.de\/gartenblog\/#organization","name":"Samenhaus.de Gartenblog","url":"https:\/\/www.samenhaus.de\/gartenblog\/","logo":{"@type":"ImageObject","inLanguage":"de","@id":"https:\/\/www.samenhaus.de\/gartenblog\/#\/schema\/logo\/image\/","url":"https:\/\/www.samenhaus.de\/gartenblog\/wp-content\/uploads\/2020\/11\/logo.svg","contentUrl":"https:\/\/www.samenhaus.de\/gartenblog\/wp-content\/uploads\/2020\/11\/logo.svg","width":1,"height":1,"caption":"Samenhaus.de Gartenblog"},"image":{"@id":"https:\/\/www.samenhaus.de\/gartenblog\/#\/schema\/logo\/image\/"},"sameAs":["https:\/\/de-de.facebook.com\/samenhaus","https:\/\/x.com\/samenhaus"]},{"@type":"Person","@id":"https:\/\/www.samenhaus.de\/gartenblog\/#\/schema\/person\/e4c837ea32ec74c39497c1e69976fed5","name":"Sabine","image":{"@type":"ImageObject","inLanguage":"de","@id":"https:\/\/www.samenhaus.de\/gartenblog\/wp-content\/uploads\/2026\/03\/sabine-150x150.png","url":"https:\/\/www.samenhaus.de\/gartenblog\/wp-content\/uploads\/2026\/03\/sabine-150x150.png","contentUrl":"https:\/\/www.samenhaus.de\/gartenblog\/wp-content\/uploads\/2026\/03\/sabine-150x150.png","caption":"Sabine"},"description":"Sabine schreibt am liebsten \u00fcber Themen rund um den Selbstversorgergarten. Ob Gem\u00fcseanbau, Obstgarten, H\u00fchnerhaltung oder Konservierung und Verarbeitung, sie hat jede Menge eigene Erfahrung beizusteuern. Sie liebt es, den Blick \u00fcber die ersten zarten Pflanzen des Jahres schweifen zu lassen oder die gewaltige Ernte im Sommer und Herbst zu b\u00e4ndigen.","url":"https:\/\/www.samenhaus.de\/gartenblog\/author\/sabine"}]}},"wp-worthy-pixel":{"ignored":false,"public":"173e41161bc14b1f958da23538f951e4","server":"vg04.met.vgwort.de","url":"https:\/\/vg04.met.vgwort.de\/na\/173e41161bc14b1f958da23538f951e4"},"wp-worthy-type":"normal","_links":{"self":[{"href":"https:\/\/www.samenhaus.de\/gartenblog\/wp-json\/wp\/v2\/posts\/5271","targetHints":{"allow":["GET"]}}],"collection":[{"href":"https:\/\/www.samenhaus.de\/gartenblog\/wp-json\/wp\/v2\/posts"}],"about":[{"href":"https:\/\/www.samenhaus.de\/gartenblog\/wp-json\/wp\/v2\/types\/post"}],"author":[{"embeddable":true,"href":"https:\/\/www.samenhaus.de\/gartenblog\/wp-json\/wp\/v2\/users\/11"}],"replies":[{"embeddable":true,"href":"https:\/\/www.samenhaus.de\/gartenblog\/wp-json\/wp\/v2\/comments?post=5271"}],"version-history":[{"count":8,"href":"https:\/\/www.samenhaus.de\/gartenblog\/wp-json\/wp\/v2\/posts\/5271\/revisions"}],"predecessor-version":[{"id":12696,"href":"https:\/\/www.samenhaus.de\/gartenblog\/wp-json\/wp\/v2\/posts\/5271\/revisions\/12696"}],"wp:featuredmedia":[{"embeddable":true,"href":"https:\/\/www.samenhaus.de\/gartenblog\/wp-json\/wp\/v2\/media\/5453"}],"wp:attachment":[{"href":"https:\/\/www.samenhaus.de\/gartenblog\/wp-json\/wp\/v2\/media?parent=5271"}],"wp:term":[{"taxonomy":"category","embeddable":true,"href":"https:\/\/www.samenhaus.de\/gartenblog\/wp-json\/wp\/v2\/categories?post=5271"},{"taxonomy":"post_tag","embeddable":true,"href":"https:\/\/www.samenhaus.de\/gartenblog\/wp-json\/wp\/v2\/tags?post=5271"},{"taxonomy":"hersteller","embeddable":true,"href":"https:\/\/www.samenhaus.de\/gartenblog\/wp-json\/wp\/v2\/hersteller?post=5271"}],"curies":[{"name":"wp","href":"https:\/\/api.w.org\/{rel}","templated":true}]}}