{"id":5933,"date":"2022-08-25T09:00:58","date_gmt":"2022-08-25T09:00:58","guid":{"rendered":"https:\/\/www.samenhaus.de\/gartenblog\/?p=5933"},"modified":"2023-08-10T04:42:30","modified_gmt":"2023-08-10T04:42:30","slug":"dunkel-hell-warm-kalt-wie-pflanzen-am-besten-keimen","status":"publish","type":"post","link":"https:\/\/www.samenhaus.de\/gartenblog\/dunkel-hell-warm-kalt-wie-pflanzen-am-besten-keimen","title":{"rendered":"Dunkel, hell, warm, kalt \u2013 wie Pflanzen am besten keimen"},"content":{"rendered":"<p>Es k\u00f6nnte so einfach sein: Samen in die Erde stecken, gut gie\u00dfen und schon in kurzer Zeit keimt das, was man da gerade anges\u00e4t hat. Leider ist es aber bei manchen Pflanzen nicht immer so leicht. Der Grund: Die Samen ben\u00f6tigen bestimmte Bedingungen, um \u00fcberhaupt keimen zu k\u00f6nnen. Hier wird zwischen Dunkelkeimern und Lichtkeimern unterschieden, aber auch zwischen Kaltkeimern und Warmkeimern. Was aber bedeutet das und wie sehen die entsprechenden Bedingungen aus?<\/p>\n<h2><span class=\"ez-toc-section\" id=\"Dunkelkeimer_%E2%80%93_immer_schoen_zudecken\"><\/span>Dunkelkeimer \u2013 immer sch\u00f6n zudecken<span class=\"ez-toc-section-end\"><\/span><\/h2>\n<p><img loading=\"lazy\" decoding=\"async\" class=\"size-medium wp-image-6049 alignright\" src=\"https:\/\/www.samenhaus.de\/gartenblog\/wp-content\/uploads\/2022\/07\/Dunkel-hell-warm-kalt-Keimer_97119821-300x200.jpeg\" alt=\"Dunkelkeimer B\u00e4rlauch\" width=\"300\" height=\"200\" \/>Wie der Name schon vermuten l\u00e4sst, ben\u00f6tigen Samen, die zu den Dunkelkeimern z\u00e4hlen, kein Licht, um sprie\u00dfen zu k\u00f6nnen. Vielmehr noch: Licht w\u00e4re hier sch\u00e4dlich und die Keimung k\u00e4me nicht zustande. Allerdings geht es hierbei nur um das Licht, das wir kennen bzw. sehen, also das sogenannte kurzwellige Licht. Dem gegen\u00fcber steht das langwellige Licht, das wir nicht sehen k\u00f6nnen, das aber f\u00fcr Pflanzen wichtig ist. Sobald die Lichtfrequenz sinkt und eine bestimmte Grenze \u00fcberschreitet, nehmen wir Menschen das Licht nicht mehr wahr, Pflanzen aber durchaus. So vermuten Biologen, dass Dunkelkeimer vom langwelligen Licht profitieren.<\/p>\n<p>Das bedeutet: Samen, die zu den Dunkelkeimern z\u00e4hlen, ben\u00f6tigen immer eine Erdschicht. Allerdings sollten Sie die T\u00f6pfe dennoch an einen hellen Standort stellen (ohne direkte Sonneneinstrahlung), damit das langwellige Licht zu den Samen vordringen kann \u2013 mal ganz abgesehen davon, dass die Pflanze nach der Keimung sowieso Licht ben\u00f6tigt.<\/p>\n<h2><span class=\"ez-toc-section\" id=\"Lichtkeimer_%E2%80%93_hell_muss_es_sein\"><\/span>Lichtkeimer \u2013 hell muss es sein<span class=\"ez-toc-section-end\"><\/span><\/h2>\n<p><img loading=\"lazy\" decoding=\"async\" class=\"size-medium wp-image-6051 alignright\" src=\"https:\/\/www.samenhaus.de\/gartenblog\/wp-content\/uploads\/2022\/07\/Dunkel-hell-warm-kalt-Keimer_166580321-300x200.jpeg\" alt=\"Lichtkeimer Baumspinat\" width=\"300\" height=\"200\" \/>Die Photosynthese kennen wir alle: Pflanzen wandeln Wasser, Kohlendioxid und Licht zu Glucose und Sauerstoff um. Aber kennen Sie auch die Photomorphogenese? Dabei handelt es sich um den Prozess, der Lichtkeimer zum Keimen bringt. Die Samen enthalten sogenannte Phytochromen. Das sind, vereinfacht ausgedr\u00fcckt, Proteine, die auf Lichtreize reagieren. Wie das genau funktioniert ist sehr komplex und w\u00fcrde hier ein wenig zu weit f\u00fchren.<\/p>\n<p>Damit Lichtkeimer sprie\u00dfen k\u00f6nnen, d\u00fcrfen sie also nicht mit Erde bedeckt werden. S\u00e4en Sie die Samen auf das Substrat und dr\u00fccken Sie das Ganze leicht an, damit die Samen den notwendigen Kontakt mit der Erde erhalten. Beim Gie\u00dfen gehen Sie bitte vorsichtig vor: Gie\u00dfen Sie nicht mit der Gie\u00dfkanne, da sich Erde und Samen sonst vermischen. Benetzen Sie die Erde zu Beginn am besten mit einem Wasserzerst\u00e4uber.<\/p>\n<h2><span class=\"ez-toc-section\" id=\"Kaltkeimer_%E2%80%93_frostige_Temperaturen_erwuenscht\"><\/span>Kaltkeimer \u2013 frostige Temperaturen erw\u00fcnscht<span class=\"ez-toc-section-end\"><\/span><\/h2>\n<p><img loading=\"lazy\" decoding=\"async\" class=\"size-medium wp-image-6048 alignright\" src=\"https:\/\/www.samenhaus.de\/gartenblog\/wp-content\/uploads\/2022\/07\/Dunkel-hell-warm-kalt-Keimer_67211161-300x199.jpeg\" alt=\"Kaltkeimer Kornblumen\" width=\"300\" height=\"199\" \/>Wenn die Natur im Winter ruht, dann laufen Kaltkeimer zur H\u00f6chstform auf. Denn die Samen dieser Pflanzen ben\u00f6tigen einen sogenannten K\u00e4ltereiz, um \u00fcberhaupt keimen zu k\u00f6nnen. Daf\u00fcr verantwortlich sind keimhemmende Stoffe im Innern der Samen \u2013 meist handelt es sich dabei um Abscisins\u00e4ure, ein Hormon, das den Samen ruhen l\u00e4sst. Der Grund ist einfach: Der Samen soll daran gehindert werden, bereits im Herbst zu keimen, damit die Pflanze bei Frost nicht eingeht. Die Fr\u00f6ste sorgen daf\u00fcr, dass das Pflanzenhormon abgebaut wird, wodurch der Samen bei h\u00f6heren Temperaturen keimen kann.<\/p>\n<p>F\u00fcr Sie bedeutet das: Kaltkeimer bereits im Herbst in die Erde bringen oder Blument\u00f6pfe rechtzeitig nach drau\u00dfen stellen. Sofern die Kaltkeimer bis zum Fr\u00fchling noch nicht in der Erde sind, k\u00f6nnen Sie den K\u00e4ltereiz auch mechanisch durchf\u00fchren. Dazu s\u00e4en Sie die Samen in kleine T\u00f6pfe und stellen diese ab Januar f\u00fcr mindestens 4 Wochen in den K\u00fchl- oder den Gefrierschrank. Die Temperaturen m\u00fcssen unter 5 Grad liegen. Vergessen Sie nicht, die Erde regelm\u00e4\u00dfig zu gie\u00dfen.<\/p>\n<h2><span class=\"ez-toc-section\" id=\"Warmkeimer_%E2%80%93_ab_5_Grad_aufwaerts\"><\/span>Warmkeimer \u2013 ab 5 Grad aufw\u00e4rts<span class=\"ez-toc-section-end\"><\/span><\/h2>\n<p><img loading=\"lazy\" decoding=\"async\" class=\"size-medium wp-image-6050 alignright\" src=\"https:\/\/www.samenhaus.de\/gartenblog\/wp-content\/uploads\/2022\/07\/Dunkel-hell-warm-kalt-Keimer_107749114-300x200.jpeg\" alt=\"Warmkeimer Pfirsich\" width=\"300\" height=\"200\" \/>Alles was kein Kaltkeimer ist, ist zwangsl\u00e4ufig ein Warmkeimer. So weit, so gut. Doch hei\u00dft das noch nicht, dass alle Pflanzen ab einer Temperatur von 5 Grad automatisch zu keimen beginnen. Das sehen wir ganz deutlich in unseren G\u00e4rten \u2013 w\u00e4re das n\u00e4mlich der Fall, w\u00fcrden alle Pflanzen gleichzeitig sprie\u00dfen. So aber beginnen die ersten Pflanzen zu keimen, die dabei Temperaturen um die 5 Grad ben\u00f6tigen. Andere Pflanzen wachsen erst im Sommer und ben\u00f6tigen nicht selten Temperaturen \u00fcber 20 Grad. Daher ist bei der Vorkultur dieser Pflanzen auf die richtige Keimtemperatur zu achten.<\/p>\n<h2><span class=\"ez-toc-section\" id=\"Dunkelkeimer_vs_Lichtkeimer_%E2%80%93_eine_Uebersicht\"><\/span>Dunkelkeimer vs. Lichtkeimer \u2013 eine \u00dcbersicht<span class=\"ez-toc-section-end\"><\/span><\/h2>\n<p>Wir m\u00f6chten Ihnen eine \u00dcbersicht \u00fcber wichtige Zierpflanzen, Kr\u00e4uter, Obst- und Gem\u00fcsesorten geben und Ihnen zeigen, welche zu den Lichtkeimern geh\u00f6ren. Die nicht genannten geh\u00f6ren dann automatisch zu den Dunkelkeimern.<\/p>\n<p><strong>Gem\u00fcse und Salate<\/strong><\/p>\n<ul>\n<li>Baumspinat<\/li>\n<li>Karotten<\/li>\n<li>Kopfsalat<\/li>\n<li>R\u00f6mersalat<\/li>\n<li>Sellerie<\/li>\n<li>Tomaten<\/li>\n<\/ul>\n<p><strong>Obst<\/strong><\/p>\n<ul>\n<li>Brombeere<\/li>\n<li>Erdbeere<\/li>\n<li>Himbeere<\/li>\n<\/ul>\n<p><strong>Kr\u00e4uter<\/strong><\/p>\n<ul>\n<li>B\u00e4rlauch<\/li>\n<li>Basilikum<\/li>\n<li>Beifu\u00df<\/li>\n<li>Bohnenkraut<\/li>\n<li>Brunnenkresse<\/li>\n<li>Dill<\/li>\n<li>Estragon<\/li>\n<li>Gartenkresse<\/li>\n<li>Kamille<\/li>\n<li>Kerbel<\/li>\n<li>K\u00fcmmel<\/li>\n<li>Liebst\u00f6ckel<\/li>\n<li>Majoran<\/li>\n<li>Melisse<\/li>\n<li>Minze<\/li>\n<li>Oregano<\/li>\n<li>Pfefferminze<\/li>\n<li>Rosmarin<\/li>\n<li>Senf<\/li>\n<li>Thymian<\/li>\n<li>Ysop<\/li>\n<li>Zitronenmelisse<\/li>\n<\/ul>\n<p><strong>Zierpflanzen<\/strong><\/p>\n<ul>\n<li>Akelei<\/li>\n<li>Arnika<\/li>\n<li>Aster<\/li>\n<li>Bergenie<\/li>\n<li>Besenginster<\/li>\n<li>Bischofskraut<\/li>\n<li>Blauschwingel<\/li>\n<li>Brennnessel<\/li>\n<li>Buschwindr\u00f6schen<\/li>\n<li>Echter Baldrian<\/li>\n<li>Ehrenpreis<\/li>\n<li>Eisbegonie<\/li>\n<li>Enzian<\/li>\n<li>Fette Henne<\/li>\n<li>Fingerhut<\/li>\n<li>Flei\u00dfiges Lieschen<\/li>\n<li>Glockenblume<\/li>\n<li>Goldrute<\/li>\n<li>G\u00fcnsel<\/li>\n<li>Hahnenfu\u00df<\/li>\n<li>Hauswurz<\/li>\n<li>Heiligenkraut<\/li>\n<li>Kokarde<\/li>\n<li>K\u00f6nigskerze<\/li>\n<li>Kornblume<\/li>\n<li>Kornrade<\/li>\n<li>Lavendel<\/li>\n<li>Leberbalsam<\/li>\n<li>Lein<\/li>\n<li>Lobelien<\/li>\n<li>L\u00f6wenm\u00e4ulchen<\/li>\n<li>M\u00e4dchenauge<\/li>\n<li>Margerite<\/li>\n<li>M\u00e4rzenbecher<\/li>\n<li>Mauerpfeffer<\/li>\n<li>Mohn<\/li>\n<li>Nachtkerze<\/li>\n<li>Nelke<\/li>\n<li>Pampasgras<\/li>\n<li>Ringelblume<\/li>\n<li>Schafgarbe<\/li>\n<li>Schl\u00fcsselblume<\/li>\n<li>Seifenkraut<\/li>\n<li>Sonnenhut<\/li>\n<li>Tabak<\/li>\n<li>Teufelskralle<\/li>\n<li>Vergissmeinnicht<\/li>\n<li>Wasserdost<\/li>\n<li>Weidenr\u00f6schen<\/li>\n<li>Wiesenschaumkraut<\/li>\n<\/ul>\n<p>\u00dcbrigens: Falls Sie sich unsicher sind, k\u00f6nnen Sie eine Faustregel anwenden. Diese besagt, dass die meisten Samen, die besonders klein und leicht sind, zu den Lichtkeimern geh\u00f6ren. Der Grund: Je kleiner und leichter der Samen, umso weniger Energie ist gespeichert. Diese w\u00fcrde nicht ausreichen, um den Keimling bis an die Erdoberfl\u00e4che zu bringen.<\/p>\n<h2><span class=\"ez-toc-section\" id=\"Kaltkeimer_vs_Warmkeimer_%E2%80%93_eine_Uebersicht\"><\/span>Kaltkeimer vs. Warmkeimer \u2013 eine \u00dcbersicht<span class=\"ez-toc-section-end\"><\/span><\/h2>\n<p>Werfen wir noch einen Blick auf die Pflanzen, die einen K\u00e4ltereiz zum Keimen ben\u00f6tigen und die Warmkeimer inklusive der optimalen Keimtemperatur.<\/p>\n<table class=\"custom-table-1\" width=\"100%\" cellspacing=\"0\" cellpadding=\"4\">\n<tbody>\n<tr valign=\"top\">\n<td width=\"166\"><strong>Gem\u00fcse und Salate<\/strong><\/td>\n<td width=\"192\"><strong>Kaltkeimer<\/strong><\/td>\n<td width=\"210\"><strong>Warmkeimer (inkl. Keimtemperatur)<\/strong><\/td>\n<\/tr>\n<tr valign=\"top\">\n<td width=\"166\"><\/td>\n<td width=\"192\"><\/td>\n<td width=\"210\"><\/td>\n<\/tr>\n<tr valign=\"top\">\n<td width=\"166\"><\/td>\n<td width=\"192\">Kerbelr\u00fcbe<\/td>\n<td width=\"210\">Artischocken, 18-25 Grad<\/td>\n<\/tr>\n<tr valign=\"top\">\n<td width=\"166\"><\/td>\n<td width=\"192\"><\/td>\n<td width=\"210\">Aubergine, 22-28 Grad<\/td>\n<\/tr>\n<tr valign=\"top\">\n<td width=\"166\"><\/td>\n<td width=\"192\"><\/td>\n<td width=\"210\">Blattsalat, 15-18 Grad<\/td>\n<\/tr>\n<tr valign=\"top\">\n<td width=\"166\"><\/td>\n<td width=\"192\"><\/td>\n<td width=\"210\">Blumenkohl, 18-22 Grad<\/td>\n<\/tr>\n<tr valign=\"top\">\n<td width=\"166\"><\/td>\n<td width=\"192\"><\/td>\n<td width=\"210\">Brokkoli, 18-22 Grad<\/td>\n<\/tr>\n<tr valign=\"top\">\n<td width=\"166\"><\/td>\n<td width=\"192\"><\/td>\n<td width=\"210\">Buschbohnen, 18-25 Grad<\/td>\n<\/tr>\n<tr valign=\"top\">\n<td width=\"166\"><\/td>\n<td width=\"192\"><\/td>\n<td width=\"210\">Chicoree, 20-25 Grad<\/td>\n<\/tr>\n<tr valign=\"top\">\n<td width=\"166\"><\/td>\n<td width=\"192\"><\/td>\n<td width=\"210\">Chinakohl, 20-25 Grad<\/td>\n<\/tr>\n<tr valign=\"top\">\n<td width=\"166\"><\/td>\n<td width=\"192\"><\/td>\n<td width=\"210\">Eissalat, 15-18 Grad<\/td>\n<\/tr>\n<tr valign=\"top\">\n<td width=\"166\"><\/td>\n<td width=\"192\"><\/td>\n<td width=\"210\">Endiviensalat, 20-25 Grad<\/td>\n<\/tr>\n<tr valign=\"top\">\n<td width=\"166\"><\/td>\n<td width=\"192\"><\/td>\n<td width=\"210\">Erbsen, 15-20 Grad<\/td>\n<\/tr>\n<tr valign=\"top\">\n<td width=\"166\"><\/td>\n<td width=\"192\"><\/td>\n<td width=\"210\">Feldsalat, 15-20 Grad<\/td>\n<\/tr>\n<tr valign=\"top\">\n<td width=\"166\"><\/td>\n<td width=\"192\"><\/td>\n<td width=\"210\">Fenchel, 22-30 Grad<\/td>\n<\/tr>\n<tr valign=\"top\">\n<td width=\"166\"><\/td>\n<td width=\"192\"><\/td>\n<td width=\"210\">Gr\u00fcnkohl, 18-22 Grad<\/td>\n<\/tr>\n<tr valign=\"top\">\n<td width=\"166\"><\/td>\n<td width=\"192\"><\/td>\n<td width=\"210\">Gurken, 20-30 Grad<\/td>\n<\/tr>\n<tr valign=\"top\">\n<td width=\"166\"><\/td>\n<td width=\"192\"><\/td>\n<td width=\"210\">Karotten, 18-25 Grad<\/td>\n<\/tr>\n<tr valign=\"top\">\n<td width=\"166\"><\/td>\n<td width=\"192\"><\/td>\n<td width=\"210\">Knollensellerie, 22-30 Grad<\/td>\n<\/tr>\n<tr valign=\"top\">\n<td width=\"166\"><\/td>\n<td width=\"192\"><\/td>\n<td width=\"210\">Kohlrabi, 18-22 Grad<\/td>\n<\/tr>\n<tr valign=\"top\">\n<td width=\"166\"><\/td>\n<td width=\"192\"><\/td>\n<td width=\"210\">Kopfsalat, 15-18 Grad<\/td>\n<\/tr>\n<tr valign=\"top\">\n<td width=\"166\"><\/td>\n<td width=\"192\"><\/td>\n<td width=\"210\">K\u00fcrbis, 20-25 Grad<\/td>\n<\/tr>\n<tr valign=\"top\">\n<td width=\"166\"><\/td>\n<td width=\"192\"><\/td>\n<td width=\"210\">Lauch, 20-25 Grad<\/td>\n<\/tr>\n<tr valign=\"top\">\n<td width=\"166\"><\/td>\n<td width=\"192\"><\/td>\n<td width=\"210\">Mangold, 16-22 Grad<\/td>\n<\/tr>\n<tr valign=\"top\">\n<td width=\"166\"><\/td>\n<td width=\"192\"><\/td>\n<td width=\"210\">Melonen, 20-30 Grad<\/td>\n<\/tr>\n<tr valign=\"top\">\n<td width=\"166\"><\/td>\n<td width=\"192\"><\/td>\n<td width=\"210\">Pak Choi, 20-25 Grad<\/td>\n<\/tr>\n<tr valign=\"top\">\n<td width=\"166\"><\/td>\n<td width=\"192\"><\/td>\n<td width=\"210\">Paprika, 20-25 Grad<\/td>\n<\/tr>\n<tr valign=\"top\">\n<td width=\"166\"><\/td>\n<td width=\"192\"><\/td>\n<td width=\"210\">Pastinaken, 15-25 Grad<\/td>\n<\/tr>\n<tr valign=\"top\">\n<td width=\"166\"><\/td>\n<td width=\"192\"><\/td>\n<td width=\"210\">Radicchio, 22-28 Grad<\/td>\n<\/tr>\n<tr valign=\"top\">\n<td width=\"166\"><\/td>\n<td width=\"192\"><\/td>\n<td width=\"210\">Radieschen, 15-22 Grad<\/td>\n<\/tr>\n<tr valign=\"top\">\n<td width=\"166\"><\/td>\n<td width=\"192\"><\/td>\n<td width=\"210\">Rettich, 18-25 Grad<\/td>\n<\/tr>\n<tr valign=\"top\">\n<td width=\"166\"><\/td>\n<td width=\"192\"><\/td>\n<td width=\"210\">Romanasalat, 15-18 Grad<\/td>\n<\/tr>\n<tr valign=\"top\">\n<td width=\"166\"><\/td>\n<td width=\"192\"><\/td>\n<td width=\"210\">Rosenkohl, 18-22 Grad<\/td>\n<\/tr>\n<tr valign=\"top\">\n<td width=\"166\"><\/td>\n<td width=\"192\"><\/td>\n<td width=\"210\">Rote Bete, 16-22 Grad<\/td>\n<\/tr>\n<tr valign=\"top\">\n<td width=\"166\"><\/td>\n<td width=\"192\"><\/td>\n<td width=\"210\">Rotkohl, 18-22 Grad<\/td>\n<\/tr>\n<tr valign=\"top\">\n<td width=\"166\"><\/td>\n<td width=\"192\"><\/td>\n<td width=\"210\">Spinat, 10-20 Grad<\/td>\n<\/tr>\n<tr valign=\"top\">\n<td width=\"166\"><\/td>\n<td width=\"192\"><\/td>\n<td width=\"210\">Stangenbohnen, 18-25 Grad<\/td>\n<\/tr>\n<tr valign=\"top\">\n<td width=\"166\"><\/td>\n<td width=\"192\"><\/td>\n<td width=\"210\">Stangensellerie, 22-30 Grad<\/td>\n<\/tr>\n<tr valign=\"top\">\n<td width=\"166\"><\/td>\n<td width=\"192\"><\/td>\n<td width=\"210\">Tomaten, 22-28 Grad<\/td>\n<\/tr>\n<tr valign=\"top\">\n<td width=\"166\"><\/td>\n<td width=\"192\"><\/td>\n<td width=\"210\">Wei\u00dfkohl, 18-22 Grad<\/td>\n<\/tr>\n<tr valign=\"top\">\n<td width=\"166\"><\/td>\n<td width=\"192\"><\/td>\n<td width=\"210\">Wirsing, 18-22 Grad<\/td>\n<\/tr>\n<tr valign=\"top\">\n<td width=\"166\"><\/td>\n<td width=\"192\"><\/td>\n<td width=\"210\">Zwiebeln, 18-25 Grad<\/td>\n<\/tr>\n<\/tbody>\n<\/table>\n<table class=\"custom-table-1\" width=\"100%\" cellspacing=\"0\" cellpadding=\"4\">\n<tbody>\n<tr valign=\"top\">\n<td width=\"166\"><strong>Obst<\/strong><\/td>\n<td width=\"192\"><strong>Kaltkeimer<\/strong><\/td>\n<td width=\"210\"><strong>Warmkeimer (inkl. Keimtemperatur)<\/strong><\/td>\n<\/tr>\n<tr valign=\"top\">\n<td width=\"166\"><\/td>\n<td width=\"192\"><\/td>\n<td width=\"210\"><\/td>\n<\/tr>\n<tr valign=\"top\">\n<td width=\"166\"><\/td>\n<td width=\"192\">\u00c4pfel<\/td>\n<td width=\"210\">Aprikosen, 15-25 Grad<\/td>\n<\/tr>\n<tr valign=\"top\">\n<td width=\"166\"><\/td>\n<td width=\"192\">Birnen<\/td>\n<td width=\"210\">Erdbeeren, 20-25 Grad<\/td>\n<\/tr>\n<tr valign=\"top\">\n<td width=\"166\"><\/td>\n<td width=\"192\">Kirschen<\/td>\n<td width=\"210\">Heidelbeeren, 15-20 Grad<\/td>\n<\/tr>\n<tr valign=\"top\">\n<td width=\"166\"><\/td>\n<td width=\"192\">Mirabellen<\/td>\n<td width=\"210\">Holunderbeeren, 18-25 Grad<\/td>\n<\/tr>\n<tr valign=\"top\">\n<td width=\"166\"><\/td>\n<td width=\"192\">Zwetschgen<\/td>\n<td width=\"210\">Johannisbeeren, 22-28 Grad<\/td>\n<\/tr>\n<tr valign=\"top\">\n<td width=\"166\"><\/td>\n<td width=\"192\"><\/td>\n<td width=\"210\">Pfirsiche, 25-28 Grad<\/td>\n<\/tr>\n<tr valign=\"top\">\n<td width=\"166\"><\/td>\n<td width=\"192\"><\/td>\n<td width=\"210\">Stachelbeeren, 22-26 Grad<\/td>\n<\/tr>\n<tr valign=\"top\">\n<td width=\"166\"><\/td>\n<td width=\"192\"><\/td>\n<td width=\"210\">Weintrauben, 20-24 Grad<\/td>\n<\/tr>\n<\/tbody>\n<\/table>\n<table class=\"custom-table-1\" width=\"100%\" cellspacing=\"0\" cellpadding=\"4\">\n<tbody>\n<tr valign=\"top\">\n<td width=\"166\"><strong>Kr\u00e4uter<\/strong><\/td>\n<td width=\"192\"><strong>Kaltkeimer<\/strong><\/td>\n<td width=\"210\"><strong>Warmkeimer (inkl. Keimtemperatur)<\/strong><\/td>\n<\/tr>\n<tr valign=\"top\">\n<td width=\"166\"><\/td>\n<td width=\"192\"><\/td>\n<td width=\"210\"><\/td>\n<\/tr>\n<tr valign=\"top\">\n<td width=\"166\"><\/td>\n<td width=\"192\">Arnika<\/td>\n<td width=\"210\">Anis, 15-25 Grad<\/td>\n<\/tr>\n<tr valign=\"top\">\n<td width=\"166\"><\/td>\n<td width=\"192\">B\u00e4rlauch<\/td>\n<td width=\"210\">Basilikum, 20-25 Grad<\/td>\n<\/tr>\n<tr valign=\"top\">\n<td width=\"166\"><\/td>\n<td width=\"192\">Salbei<\/td>\n<td width=\"210\">Beifu\u00df, 16-25 Grad<\/td>\n<\/tr>\n<tr valign=\"top\">\n<td width=\"166\"><\/td>\n<td width=\"192\">Schnittlauch<\/td>\n<td width=\"210\">Bohnenkraut, 20-25 Grad<\/td>\n<\/tr>\n<tr valign=\"top\">\n<td width=\"166\"><\/td>\n<td width=\"192\">Waldmeister<\/td>\n<td width=\"210\">Brunnenkresse, 10-15 Grad<\/td>\n<\/tr>\n<tr valign=\"top\">\n<td width=\"166\"><\/td>\n<td width=\"192\"><\/td>\n<td width=\"210\">Dill, 18-24 Grad<\/td>\n<\/tr>\n<tr valign=\"top\">\n<td width=\"166\"><\/td>\n<td width=\"192\"><\/td>\n<td width=\"210\">Estragon, 18-25 Grad<\/td>\n<\/tr>\n<tr valign=\"top\">\n<td width=\"166\"><\/td>\n<td width=\"192\"><\/td>\n<td width=\"210\">Gartenkresse, 18-24 Grad<\/td>\n<\/tr>\n<tr valign=\"top\">\n<td width=\"166\"><\/td>\n<td width=\"192\"><\/td>\n<td width=\"210\">Kamille, 16-25 Grad<\/td>\n<\/tr>\n<tr valign=\"top\">\n<td width=\"166\"><\/td>\n<td width=\"192\"><\/td>\n<td width=\"210\">Kapuzinerkresse, 18-25 Grad<\/td>\n<\/tr>\n<tr valign=\"top\">\n<td width=\"166\"><\/td>\n<td width=\"192\"><\/td>\n<td width=\"210\">Kerbel, 18-25 Grad<\/td>\n<\/tr>\n<tr valign=\"top\">\n<td width=\"166\"><\/td>\n<td width=\"192\"><\/td>\n<td width=\"210\">K\u00fcmmel, 18-25 Grad<\/td>\n<\/tr>\n<tr valign=\"top\">\n<td width=\"166\"><\/td>\n<td width=\"192\"><\/td>\n<td width=\"210\">Liebst\u00f6ckel, 18-25 Grad<\/td>\n<\/tr>\n<tr valign=\"top\">\n<td width=\"166\"><\/td>\n<td width=\"192\"><\/td>\n<td width=\"210\">Majoran, 18-25 Grad<\/td>\n<\/tr>\n<tr valign=\"top\">\n<td width=\"166\"><\/td>\n<td width=\"192\"><\/td>\n<td width=\"210\">Oregano, 18-25 Grad<\/td>\n<\/tr>\n<tr valign=\"top\">\n<td width=\"166\"><\/td>\n<td width=\"192\"><\/td>\n<td width=\"210\">Petersilie, 18-25 Grad<\/td>\n<\/tr>\n<tr valign=\"top\">\n<td width=\"166\"><\/td>\n<td width=\"192\"><\/td>\n<td width=\"210\">Pfefferminze, 18-25 Grad<\/td>\n<\/tr>\n<tr valign=\"top\">\n<td width=\"166\"><\/td>\n<td width=\"192\"><\/td>\n<td width=\"210\">Rosmarin, 18-25 Grad<\/td>\n<\/tr>\n<tr valign=\"top\">\n<td width=\"166\"><\/td>\n<td width=\"192\"><\/td>\n<td width=\"210\">Salbei, 18-25 Grad<\/td>\n<\/tr>\n<tr valign=\"top\">\n<td width=\"166\"><\/td>\n<td width=\"192\"><\/td>\n<td width=\"210\">Thymian, 16-22 Grad<\/td>\n<\/tr>\n<tr valign=\"top\">\n<td width=\"166\"><\/td>\n<td width=\"192\"><\/td>\n<td width=\"210\">Ysop, 18-25 Grad<\/td>\n<\/tr>\n<tr valign=\"top\">\n<td width=\"166\"><\/td>\n<td width=\"192\"><\/td>\n<td width=\"210\">Zitronenmelisse, 20-30 Grad<\/td>\n<\/tr>\n<tr valign=\"top\">\n<td width=\"166\"><\/td>\n<td width=\"192\"><\/td>\n<td width=\"210\">Zitronenminze, 18-25 Grad<\/td>\n<\/tr>\n<\/tbody>\n<\/table>\n<table class=\"custom-table-1\" width=\"100%\" cellspacing=\"0\" cellpadding=\"4\">\n<tbody>\n<tr valign=\"top\">\n<td width=\"166\"><strong>Zierpflanzen<\/strong><\/td>\n<td width=\"192\"><strong>Kaltkeimer<\/strong><\/td>\n<td width=\"210\"><strong>Warmkeimer (inkl. Keimtemperatur)<\/strong><\/td>\n<\/tr>\n<tr valign=\"top\">\n<td width=\"166\"><\/td>\n<td width=\"192\"><\/td>\n<td width=\"210\"><\/td>\n<\/tr>\n<tr valign=\"top\">\n<td width=\"166\"><\/td>\n<td width=\"192\">Adonisr\u00f6schen<\/td>\n<td width=\"210\">Azalee, 12-16 Grad<\/td>\n<\/tr>\n<tr valign=\"top\">\n<td width=\"166\"><\/td>\n<td width=\"192\">Alpenveilchen<\/td>\n<td width=\"210\">Blaukissen, 20-25 Grad<\/td>\n<\/tr>\n<tr valign=\"top\">\n<td width=\"166\"><\/td>\n<td width=\"192\">Akelei<\/td>\n<td width=\"210\">Buntnessel, 20-25 Grad<\/td>\n<\/tr>\n<tr valign=\"top\">\n<td width=\"166\"><\/td>\n<td width=\"192\">Alraune<\/td>\n<td width=\"210\">Dahlien, 18-22 Grad<\/td>\n<\/tr>\n<tr valign=\"top\">\n<td width=\"166\"><\/td>\n<td width=\"192\">Aster<\/td>\n<td width=\"210\">Distel, 25-30 Grad<\/td>\n<\/tr>\n<tr valign=\"top\">\n<td width=\"166\"><\/td>\n<td width=\"192\">Bergenie<\/td>\n<td width=\"210\">Fingerhut, 18-22 Grad<\/td>\n<\/tr>\n<tr valign=\"top\">\n<td width=\"166\"><\/td>\n<td width=\"192\">Blaustern<\/td>\n<td width=\"210\">Flei\u00dfiges Lieschen, 16-20 Grad<\/td>\n<\/tr>\n<tr valign=\"top\">\n<td width=\"166\"><\/td>\n<td width=\"192\">Buschwindr\u00f6schen<\/td>\n<td width=\"210\">Fuchsschwanz, 15-20 Grad<\/td>\n<\/tr>\n<tr valign=\"top\">\n<td width=\"166\"><\/td>\n<td width=\"192\">Christrose<\/td>\n<td width=\"210\">G\u00e4nsebl\u00fcmchen, 15-20 Grad<\/td>\n<\/tr>\n<tr valign=\"top\">\n<td width=\"166\"><\/td>\n<td width=\"192\">Clematis<\/td>\n<td width=\"210\">Geranien, 20-24 Grad<\/td>\n<\/tr>\n<tr valign=\"top\">\n<td width=\"166\"><\/td>\n<td width=\"192\">Enzian<\/td>\n<td width=\"210\">Kokardenblume, 18-21 Grad<\/td>\n<\/tr>\n<tr valign=\"top\">\n<td width=\"166\"><\/td>\n<td width=\"192\">Fette Henne<\/td>\n<td width=\"210\">Leberbalsam, 20-22 Grad<\/td>\n<\/tr>\n<tr valign=\"top\">\n<td width=\"166\"><\/td>\n<td width=\"192\">Funkie<\/td>\n<td width=\"210\">L\u00f6wenm\u00e4ulchen, 15-18 Grad<\/td>\n<\/tr>\n<tr valign=\"top\">\n<td width=\"166\"><\/td>\n<td width=\"192\">Glockenblume<\/td>\n<td width=\"210\">Malve,15-20 Grad<\/td>\n<\/tr>\n<tr valign=\"top\">\n<td width=\"166\"><\/td>\n<td width=\"192\">Herbstzeitlose<\/td>\n<td width=\"210\">M\u00e4nnertreu, 16-18 Grad<\/td>\n<\/tr>\n<tr valign=\"top\">\n<td width=\"166\"><\/td>\n<td width=\"192\">Hopfen<\/td>\n<td width=\"210\">Margerite, 16-20 Grad<\/td>\n<\/tr>\n<tr valign=\"top\">\n<td width=\"166\"><\/td>\n<td width=\"192\">Hyazinthe<\/td>\n<td width=\"210\">Mohn, 12-18 Grad<\/td>\n<\/tr>\n<tr valign=\"top\">\n<td width=\"166\"><\/td>\n<td width=\"192\">Kornblume<\/td>\n<td width=\"210\">Nelke, 15-20 Grad<\/td>\n<\/tr>\n<tr valign=\"top\">\n<td width=\"166\"><\/td>\n<td width=\"192\">Krokus<\/td>\n<td width=\"210\">Petunie, 20-25 Grad<\/td>\n<\/tr>\n<tr valign=\"top\">\n<td width=\"166\"><\/td>\n<td width=\"192\">Lampionblume<\/td>\n<td width=\"210\">Ringelblume, 15-20 Grad<\/td>\n<\/tr>\n<tr valign=\"top\">\n<td width=\"166\"><\/td>\n<td width=\"192\">Lupine<\/td>\n<td width=\"210\">Rittersporn, 10-15 Grad<\/td>\n<\/tr>\n<tr valign=\"top\">\n<td width=\"166\"><\/td>\n<td width=\"192\">Narzisse<\/td>\n<td width=\"210\">Schwarz\u00e4ugige Susanne, 18-22 Grad<\/td>\n<\/tr>\n<tr valign=\"top\">\n<td width=\"166\"><\/td>\n<td width=\"192\">Pfingstrose<\/td>\n<td width=\"210\">Sonnenblume, 18-20 Grad<\/td>\n<\/tr>\n<tr valign=\"top\">\n<td width=\"166\"><\/td>\n<td width=\"192\">Phlox<\/td>\n<td width=\"210\">Strohblume, 18-22 Grad<\/td>\n<\/tr>\n<tr valign=\"top\">\n<td width=\"166\"><\/td>\n<td width=\"192\">Riesenschleierkraut<\/td>\n<td width=\"210\">Studentenblume, 15-18 Grad<\/td>\n<\/tr>\n<tr valign=\"top\">\n<td width=\"166\"><\/td>\n<td width=\"192\">Schl\u00fcsselblume<\/td>\n<td width=\"210\">Vergissmeinnicht, 18-20 Grad<\/td>\n<\/tr>\n<tr valign=\"top\">\n<td width=\"166\"><\/td>\n<td width=\"192\">Schneegl\u00f6ckchen<\/td>\n<td width=\"210\">Wicke, 15-18 Grad<\/td>\n<\/tr>\n<tr valign=\"top\">\n<td width=\"166\"><\/td>\n<td width=\"192\">Schwertlilie<\/td>\n<td width=\"210\">Winde, 18-20 Grad<\/td>\n<\/tr>\n<tr valign=\"top\">\n<td width=\"166\"><\/td>\n<td width=\"192\">Silberdistel<\/td>\n<td width=\"210\">Wucherblume, 12-15 Gra<\/td>\n<\/tr>\n<tr valign=\"top\">\n<td width=\"166\"><\/td>\n<td width=\"192\">Sonnenhut<\/td>\n<td width=\"210\">Zinnie, 18-20 Grad<\/td>\n<\/tr>\n<tr valign=\"top\">\n<td width=\"166\"><\/td>\n<td width=\"192\">Steinbrech<\/td>\n<td width=\"210\"><\/td>\n<\/tr>\n<tr valign=\"top\">\n<td width=\"166\"><\/td>\n<td width=\"192\">Steppenkerze<\/td>\n<td width=\"210\"><\/td>\n<\/tr>\n<tr valign=\"top\">\n<td width=\"166\"><\/td>\n<td width=\"192\">Stockrose<\/td>\n<td width=\"210\"><\/td>\n<\/tr>\n<tr valign=\"top\">\n<td width=\"166\"><\/td>\n<td width=\"192\">Tr\u00e4nendes Herz<\/td>\n<td width=\"210\"><\/td>\n<\/tr>\n<tr valign=\"top\">\n<td width=\"166\"><\/td>\n<td width=\"192\">Tulpen<\/td>\n<td width=\"210\"><\/td>\n<\/tr>\n<tr valign=\"top\">\n<td width=\"166\"><\/td>\n<td width=\"192\">Veilchen<\/td>\n<td width=\"210\"><\/td>\n<\/tr>\n<tr valign=\"top\">\n<td width=\"166\"><\/td>\n<td width=\"192\">Winterling<\/td>\n<td width=\"210\"><\/td>\n<\/tr>\n<tr valign=\"top\">\n<td width=\"166\"><\/td>\n<td width=\"192\">Wolfsmilch<\/td>\n<td width=\"210\"><\/td>\n<\/tr>\n<tr valign=\"top\">\n<td width=\"166\"><\/td>\n<td width=\"192\">Zierlauch<\/td>\n<td width=\"210\"><\/td>\n<\/tr>\n<\/tbody>\n<\/table>\n<p>Unter den Warmkeimern gibt es durchaus auch Pflanzen, die bei niedrigeren Temperaturen zu keimen beginnen k\u00f6nnen. Dazu z\u00e4hlen zum Beispiel Gr\u00fcnkohl, Karotten oder auch die Zwiebeln, die eine Mindestkeimtemperatur von 3 Grad ben\u00f6tigen. Trotzdem werden diese Pflanzen nicht zu den Kaltkeimern gez\u00e4hlt, da diese keinen K\u00e4ltereiz ben\u00f6tigen, um keimen zu k\u00f6nnen.<\/p>\n","protected":false},"excerpt":{"rendered":"<p>Es k\u00f6nnte so einfach sein: Samen in die Erde stecken, gut gie\u00dfen und schon in kurzer Zeit keimt das, was man da gerade anges\u00e4t hat. Leider ist es aber bei manchen Pflanzen nicht immer so leicht. Der Grund: Die Samen ben\u00f6tigen bestimmte Bedingungen, um \u00fcberhaupt keimen zu k\u00f6nnen. Hier wird zwischen Dunkelkeimern und Lichtkeimern unterschieden, aber auch zwischen Kaltkeimern und Warmkeimern. Was aber bedeutet das und wie sehen die entsprechenden Bedingungen aus? Dunkelkeimer \u2013 immer sch\u00f6n zudecken Wie der Name schon vermuten l\u00e4sst, ben\u00f6tigen Samen, die zu den Dunkelkeimern z\u00e4hlen, kein Licht, um sprie\u00dfen zu k\u00f6nnen. Vielmehr noch: Licht w\u00e4re hier sch\u00e4dlich und die Keimung k\u00e4me nicht zustande. Allerdings geht es hierbei nur um das Licht, das wir kennen bzw. sehen, also das sogenannte kurzwellige Licht. Dem gegen\u00fcber steht das langwellige Licht, das wir nicht sehen k\u00f6nnen, das aber f\u00fcr Pflanzen wichtig ist. Sobald die Lichtfrequenz sinkt und eine bestimmte Grenze \u00fcberschreitet, nehmen wir Menschen das Licht nicht mehr wahr, Pflanzen aber durchaus. So vermuten Biologen, dass Dunkelkeimer vom langwelligen Licht profitieren. Das bedeutet: Samen, die zu den Dunkelkeimern z\u00e4hlen, ben\u00f6tigen immer eine Erdschicht. Allerdings sollten Sie die T\u00f6pfe dennoch an einen hellen Standort stellen (ohne direkte Sonneneinstrahlung), damit das [&hellip;]<\/p>\n","protected":false},"author":13,"featured_media":6052,"comment_status":"open","ping_status":"open","sticky":false,"template":"","format":"standard","meta":{"_acf_changed":false,"footnotes":""},"categories":[1],"tags":[],"hersteller":[],"class_list":["post-5933","post","type-post","status-publish","format-standard","has-post-thumbnail","hentry","category-allgemein"],"acf":[],"yoast_head":"<!-- This site is optimized with the Yoast SEO plugin v27.4 - https:\/\/yoast.com\/product\/yoast-seo-wordpress\/ -->\n<title>Dunkel, hell, warm, kalt \u2013 wie Pflanzen am besten keimen - Samenhaus Gartenblog<\/title>\n<meta name=\"description\" content=\"Dunkelkeimer oder Lichtkeimer? Nicht jeder Samen will mit Erde bedeckt werden und braucht warme Temperaturen zum Keimen.\" \/>\n<meta name=\"robots\" content=\"index, follow, max-snippet:-1, max-image-preview:large, max-video-preview:-1\" \/>\n<link rel=\"canonical\" href=\"https:\/\/www.samenhaus.de\/gartenblog\/dunkel-hell-warm-kalt-wie-pflanzen-am-besten-keimen\" \/>\n<meta property=\"og:locale\" content=\"de_DE\" \/>\n<meta property=\"og:type\" content=\"article\" \/>\n<meta property=\"og:title\" content=\"Dunkel, hell, warm, kalt \u2013 wie Pflanzen am besten keimen - Samenhaus Gartenblog\" \/>\n<meta property=\"og:description\" content=\"Dunkelkeimer oder Lichtkeimer? Nicht jeder Samen will mit Erde bedeckt werden und braucht warme Temperaturen zum Keimen.\" \/>\n<meta property=\"og:url\" content=\"https:\/\/www.samenhaus.de\/gartenblog\/dunkel-hell-warm-kalt-wie-pflanzen-am-besten-keimen\" \/>\n<meta property=\"og:site_name\" content=\"Samenhaus Gartenblog\" \/>\n<meta property=\"article:publisher\" content=\"https:\/\/de-de.facebook.com\/samenhaus\" \/>\n<meta property=\"article:published_time\" content=\"2022-08-25T09:00:58+00:00\" \/>\n<meta property=\"article:modified_time\" content=\"2023-08-10T04:42:30+00:00\" \/>\n<meta property=\"og:image\" content=\"https:\/\/www.samenhaus.de\/gartenblog\/wp-content\/uploads\/2022\/07\/Dunkel-hell-warm-kalt-Keimer_282351651-scaled.jpeg\" \/>\n\t<meta property=\"og:image:width\" content=\"2560\" \/>\n\t<meta property=\"og:image:height\" content=\"1707\" \/>\n\t<meta property=\"og:image:type\" content=\"image\/jpeg\" \/>\n<meta name=\"author\" content=\"Holger\" \/>\n<meta name=\"twitter:card\" content=\"summary_large_image\" \/>\n<meta name=\"twitter:creator\" content=\"@samenhaus\" \/>\n<meta name=\"twitter:site\" content=\"@samenhaus\" \/>\n<meta name=\"twitter:label1\" content=\"Verfasst von\" \/>\n\t<meta name=\"twitter:data1\" content=\"Holger\" \/>\n\t<meta name=\"twitter:label2\" content=\"Gesch\u00e4tzte Lesezeit\" \/>\n\t<meta name=\"twitter:data2\" content=\"8\u00a0Minuten\" \/>\n<script type=\"application\/ld+json\" class=\"yoast-schema-graph\">{\"@context\":\"https:\\\/\\\/schema.org\",\"@graph\":[{\"@type\":\"Article\",\"@id\":\"https:\\\/\\\/www.samenhaus.de\\\/gartenblog\\\/dunkel-hell-warm-kalt-wie-pflanzen-am-besten-keimen#article\",\"isPartOf\":{\"@id\":\"https:\\\/\\\/www.samenhaus.de\\\/gartenblog\\\/dunkel-hell-warm-kalt-wie-pflanzen-am-besten-keimen\"},\"author\":{\"name\":\"Holger\",\"@id\":\"https:\\\/\\\/www.samenhaus.de\\\/gartenblog\\\/#\\\/schema\\\/person\\\/de169769587431893823f62b2ce06c04\"},\"headline\":\"Dunkel, hell, warm, kalt \u2013 wie Pflanzen am besten keimen\",\"datePublished\":\"2022-08-25T09:00:58+00:00\",\"dateModified\":\"2023-08-10T04:42:30+00:00\",\"mainEntityOfPage\":{\"@id\":\"https:\\\/\\\/www.samenhaus.de\\\/gartenblog\\\/dunkel-hell-warm-kalt-wie-pflanzen-am-besten-keimen\"},\"wordCount\":1380,\"commentCount\":1,\"publisher\":{\"@id\":\"https:\\\/\\\/www.samenhaus.de\\\/gartenblog\\\/#organization\"},\"image\":{\"@id\":\"https:\\\/\\\/www.samenhaus.de\\\/gartenblog\\\/dunkel-hell-warm-kalt-wie-pflanzen-am-besten-keimen#primaryimage\"},\"thumbnailUrl\":\"https:\\\/\\\/www.samenhaus.de\\\/gartenblog\\\/wp-content\\\/uploads\\\/2022\\\/07\\\/Dunkel-hell-warm-kalt-Keimer_282351651-scaled.jpeg\",\"inLanguage\":\"de\",\"potentialAction\":[{\"@type\":\"CommentAction\",\"name\":\"Comment\",\"target\":[\"https:\\\/\\\/www.samenhaus.de\\\/gartenblog\\\/dunkel-hell-warm-kalt-wie-pflanzen-am-besten-keimen#respond\"]}],\"copyrightYear\":\"2022\",\"copyrightHolder\":{\"@id\":\"https:\\\/\\\/www.samenhaus.de\\\/gartenblog\\\/#organization\"}},{\"@type\":\"WebPage\",\"@id\":\"https:\\\/\\\/www.samenhaus.de\\\/gartenblog\\\/dunkel-hell-warm-kalt-wie-pflanzen-am-besten-keimen\",\"url\":\"https:\\\/\\\/www.samenhaus.de\\\/gartenblog\\\/dunkel-hell-warm-kalt-wie-pflanzen-am-besten-keimen\",\"name\":\"Dunkel, hell, warm, kalt \u2013 wie Pflanzen am besten keimen - Samenhaus Gartenblog\",\"isPartOf\":{\"@id\":\"https:\\\/\\\/www.samenhaus.de\\\/gartenblog\\\/#website\"},\"primaryImageOfPage\":{\"@id\":\"https:\\\/\\\/www.samenhaus.de\\\/gartenblog\\\/dunkel-hell-warm-kalt-wie-pflanzen-am-besten-keimen#primaryimage\"},\"image\":{\"@id\":\"https:\\\/\\\/www.samenhaus.de\\\/gartenblog\\\/dunkel-hell-warm-kalt-wie-pflanzen-am-besten-keimen#primaryimage\"},\"thumbnailUrl\":\"https:\\\/\\\/www.samenhaus.de\\\/gartenblog\\\/wp-content\\\/uploads\\\/2022\\\/07\\\/Dunkel-hell-warm-kalt-Keimer_282351651-scaled.jpeg\",\"datePublished\":\"2022-08-25T09:00:58+00:00\",\"dateModified\":\"2023-08-10T04:42:30+00:00\",\"description\":\"Dunkelkeimer oder Lichtkeimer? Nicht jeder Samen will mit Erde bedeckt werden und braucht warme Temperaturen zum Keimen.\",\"breadcrumb\":{\"@id\":\"https:\\\/\\\/www.samenhaus.de\\\/gartenblog\\\/dunkel-hell-warm-kalt-wie-pflanzen-am-besten-keimen#breadcrumb\"},\"inLanguage\":\"de\",\"potentialAction\":[{\"@type\":\"ReadAction\",\"target\":[\"https:\\\/\\\/www.samenhaus.de\\\/gartenblog\\\/dunkel-hell-warm-kalt-wie-pflanzen-am-besten-keimen\"]}]},{\"@type\":\"ImageObject\",\"inLanguage\":\"de\",\"@id\":\"https:\\\/\\\/www.samenhaus.de\\\/gartenblog\\\/dunkel-hell-warm-kalt-wie-pflanzen-am-besten-keimen#primaryimage\",\"url\":\"https:\\\/\\\/www.samenhaus.de\\\/gartenblog\\\/wp-content\\\/uploads\\\/2022\\\/07\\\/Dunkel-hell-warm-kalt-Keimer_282351651-scaled.jpeg\",\"contentUrl\":\"https:\\\/\\\/www.samenhaus.de\\\/gartenblog\\\/wp-content\\\/uploads\\\/2022\\\/07\\\/Dunkel-hell-warm-kalt-Keimer_282351651-scaled.jpeg\",\"width\":1500,\"height\":1000,\"caption\":\"Keimprozess\"},{\"@type\":\"BreadcrumbList\",\"@id\":\"https:\\\/\\\/www.samenhaus.de\\\/gartenblog\\\/dunkel-hell-warm-kalt-wie-pflanzen-am-besten-keimen#breadcrumb\",\"itemListElement\":[{\"@type\":\"ListItem\",\"position\":1,\"name\":\"Startseite\",\"item\":\"https:\\\/\\\/www.samenhaus.de\\\/gartenblog\\\/\"},{\"@type\":\"ListItem\",\"position\":2,\"name\":\"Dunkel, hell, warm, kalt \u2013 wie Pflanzen am besten keimen\"}]},{\"@type\":\"WebSite\",\"@id\":\"https:\\\/\\\/www.samenhaus.de\\\/gartenblog\\\/#website\",\"url\":\"https:\\\/\\\/www.samenhaus.de\\\/gartenblog\\\/\",\"name\":\"Samenhaus Gartenblog\",\"description\":\"\",\"publisher\":{\"@id\":\"https:\\\/\\\/www.samenhaus.de\\\/gartenblog\\\/#organization\"},\"potentialAction\":[{\"@type\":\"SearchAction\",\"target\":{\"@type\":\"EntryPoint\",\"urlTemplate\":\"https:\\\/\\\/www.samenhaus.de\\\/gartenblog\\\/?s={search_term_string}\"},\"query-input\":{\"@type\":\"PropertyValueSpecification\",\"valueRequired\":true,\"valueName\":\"search_term_string\"}}],\"inLanguage\":\"de\"},{\"@type\":\"Organization\",\"@id\":\"https:\\\/\\\/www.samenhaus.de\\\/gartenblog\\\/#organization\",\"name\":\"Samenhaus.de Gartenblog\",\"url\":\"https:\\\/\\\/www.samenhaus.de\\\/gartenblog\\\/\",\"logo\":{\"@type\":\"ImageObject\",\"inLanguage\":\"de\",\"@id\":\"https:\\\/\\\/www.samenhaus.de\\\/gartenblog\\\/#\\\/schema\\\/logo\\\/image\\\/\",\"url\":\"https:\\\/\\\/www.samenhaus.de\\\/gartenblog\\\/wp-content\\\/uploads\\\/2020\\\/11\\\/logo.svg\",\"contentUrl\":\"https:\\\/\\\/www.samenhaus.de\\\/gartenblog\\\/wp-content\\\/uploads\\\/2020\\\/11\\\/logo.svg\",\"width\":1,\"height\":1,\"caption\":\"Samenhaus.de Gartenblog\"},\"image\":{\"@id\":\"https:\\\/\\\/www.samenhaus.de\\\/gartenblog\\\/#\\\/schema\\\/logo\\\/image\\\/\"},\"sameAs\":[\"https:\\\/\\\/de-de.facebook.com\\\/samenhaus\",\"https:\\\/\\\/x.com\\\/samenhaus\"]},{\"@type\":\"Person\",\"@id\":\"https:\\\/\\\/www.samenhaus.de\\\/gartenblog\\\/#\\\/schema\\\/person\\\/de169769587431893823f62b2ce06c04\",\"name\":\"Holger\",\"image\":{\"@type\":\"ImageObject\",\"inLanguage\":\"de\",\"@id\":\"https:\\\/\\\/www.samenhaus.de\\\/gartenblog\\\/wp-content\\\/uploads\\\/2026\\\/03\\\/Holger-150x150.png\",\"url\":\"https:\\\/\\\/www.samenhaus.de\\\/gartenblog\\\/wp-content\\\/uploads\\\/2026\\\/03\\\/Holger-150x150.png\",\"contentUrl\":\"https:\\\/\\\/www.samenhaus.de\\\/gartenblog\\\/wp-content\\\/uploads\\\/2026\\\/03\\\/Holger-150x150.png\",\"caption\":\"Holger\"},\"description\":\"6.000.000 W\u00f6rter \u2013 so viel k\u00f6nnen Sie in etwa von mir online lesen. Das F\u00fcllen des Internets entwickelte sich nach meiner Ausbildung zum TV-Redakteur und der langj\u00e4hrigen Arbeit bei SAT.1 zu einem Fulltime-Job. Trotzdem finde ich noch gen\u00fcgend Zeit, um in meinem Garten zu werkeln. Eine Staude hier, ein Bl\u00fcmchen dort und ein bisschen Gem\u00fcse darf auch nicht fehlen \u2013 einen Schnitzelbaum gibt es ja noch nicht \u2026 Die besten geistigen Erg\u00fcsse habe ich \u00fcbrigens, wenn ich IM Garten \u00dcBER den Garten schreiben kann. So vereinen sich Beruf und Hobby perfekt \u2013 was gibt es Sch\u00f6neres?\",\"url\":\"https:\\\/\\\/www.samenhaus.de\\\/gartenblog\\\/author\\\/holger\"}]}<\/script>\n<!-- \/ Yoast SEO plugin. -->","yoast_head_json":{"title":"Dunkel, hell, warm, kalt \u2013 wie Pflanzen am besten keimen - Samenhaus Gartenblog","description":"Dunkelkeimer oder Lichtkeimer? Nicht jeder Samen will mit Erde bedeckt werden und braucht warme Temperaturen zum Keimen.","robots":{"index":"index","follow":"follow","max-snippet":"max-snippet:-1","max-image-preview":"max-image-preview:large","max-video-preview":"max-video-preview:-1"},"canonical":"https:\/\/www.samenhaus.de\/gartenblog\/dunkel-hell-warm-kalt-wie-pflanzen-am-besten-keimen","og_locale":"de_DE","og_type":"article","og_title":"Dunkel, hell, warm, kalt \u2013 wie Pflanzen am besten keimen - Samenhaus Gartenblog","og_description":"Dunkelkeimer oder Lichtkeimer? Nicht jeder Samen will mit Erde bedeckt werden und braucht warme Temperaturen zum Keimen.","og_url":"https:\/\/www.samenhaus.de\/gartenblog\/dunkel-hell-warm-kalt-wie-pflanzen-am-besten-keimen","og_site_name":"Samenhaus Gartenblog","article_publisher":"https:\/\/de-de.facebook.com\/samenhaus","article_published_time":"2022-08-25T09:00:58+00:00","article_modified_time":"2023-08-10T04:42:30+00:00","og_image":[{"width":2560,"height":1707,"url":"https:\/\/www.samenhaus.de\/gartenblog\/wp-content\/uploads\/2022\/07\/Dunkel-hell-warm-kalt-Keimer_282351651-scaled.jpeg","type":"image\/jpeg"}],"author":"Holger","twitter_card":"summary_large_image","twitter_creator":"@samenhaus","twitter_site":"@samenhaus","twitter_misc":{"Verfasst von":"Holger","Gesch\u00e4tzte Lesezeit":"8\u00a0Minuten"},"schema":{"@context":"https:\/\/schema.org","@graph":[{"@type":"Article","@id":"https:\/\/www.samenhaus.de\/gartenblog\/dunkel-hell-warm-kalt-wie-pflanzen-am-besten-keimen#article","isPartOf":{"@id":"https:\/\/www.samenhaus.de\/gartenblog\/dunkel-hell-warm-kalt-wie-pflanzen-am-besten-keimen"},"author":{"name":"Holger","@id":"https:\/\/www.samenhaus.de\/gartenblog\/#\/schema\/person\/de169769587431893823f62b2ce06c04"},"headline":"Dunkel, hell, warm, kalt \u2013 wie Pflanzen am besten keimen","datePublished":"2022-08-25T09:00:58+00:00","dateModified":"2023-08-10T04:42:30+00:00","mainEntityOfPage":{"@id":"https:\/\/www.samenhaus.de\/gartenblog\/dunkel-hell-warm-kalt-wie-pflanzen-am-besten-keimen"},"wordCount":1380,"commentCount":1,"publisher":{"@id":"https:\/\/www.samenhaus.de\/gartenblog\/#organization"},"image":{"@id":"https:\/\/www.samenhaus.de\/gartenblog\/dunkel-hell-warm-kalt-wie-pflanzen-am-besten-keimen#primaryimage"},"thumbnailUrl":"https:\/\/www.samenhaus.de\/gartenblog\/wp-content\/uploads\/2022\/07\/Dunkel-hell-warm-kalt-Keimer_282351651-scaled.jpeg","inLanguage":"de","potentialAction":[{"@type":"CommentAction","name":"Comment","target":["https:\/\/www.samenhaus.de\/gartenblog\/dunkel-hell-warm-kalt-wie-pflanzen-am-besten-keimen#respond"]}],"copyrightYear":"2022","copyrightHolder":{"@id":"https:\/\/www.samenhaus.de\/gartenblog\/#organization"}},{"@type":"WebPage","@id":"https:\/\/www.samenhaus.de\/gartenblog\/dunkel-hell-warm-kalt-wie-pflanzen-am-besten-keimen","url":"https:\/\/www.samenhaus.de\/gartenblog\/dunkel-hell-warm-kalt-wie-pflanzen-am-besten-keimen","name":"Dunkel, hell, warm, kalt \u2013 wie Pflanzen am besten keimen - Samenhaus Gartenblog","isPartOf":{"@id":"https:\/\/www.samenhaus.de\/gartenblog\/#website"},"primaryImageOfPage":{"@id":"https:\/\/www.samenhaus.de\/gartenblog\/dunkel-hell-warm-kalt-wie-pflanzen-am-besten-keimen#primaryimage"},"image":{"@id":"https:\/\/www.samenhaus.de\/gartenblog\/dunkel-hell-warm-kalt-wie-pflanzen-am-besten-keimen#primaryimage"},"thumbnailUrl":"https:\/\/www.samenhaus.de\/gartenblog\/wp-content\/uploads\/2022\/07\/Dunkel-hell-warm-kalt-Keimer_282351651-scaled.jpeg","datePublished":"2022-08-25T09:00:58+00:00","dateModified":"2023-08-10T04:42:30+00:00","description":"Dunkelkeimer oder Lichtkeimer? Nicht jeder Samen will mit Erde bedeckt werden und braucht warme Temperaturen zum Keimen.","breadcrumb":{"@id":"https:\/\/www.samenhaus.de\/gartenblog\/dunkel-hell-warm-kalt-wie-pflanzen-am-besten-keimen#breadcrumb"},"inLanguage":"de","potentialAction":[{"@type":"ReadAction","target":["https:\/\/www.samenhaus.de\/gartenblog\/dunkel-hell-warm-kalt-wie-pflanzen-am-besten-keimen"]}]},{"@type":"ImageObject","inLanguage":"de","@id":"https:\/\/www.samenhaus.de\/gartenblog\/dunkel-hell-warm-kalt-wie-pflanzen-am-besten-keimen#primaryimage","url":"https:\/\/www.samenhaus.de\/gartenblog\/wp-content\/uploads\/2022\/07\/Dunkel-hell-warm-kalt-Keimer_282351651-scaled.jpeg","contentUrl":"https:\/\/www.samenhaus.de\/gartenblog\/wp-content\/uploads\/2022\/07\/Dunkel-hell-warm-kalt-Keimer_282351651-scaled.jpeg","width":1500,"height":1000,"caption":"Keimprozess"},{"@type":"BreadcrumbList","@id":"https:\/\/www.samenhaus.de\/gartenblog\/dunkel-hell-warm-kalt-wie-pflanzen-am-besten-keimen#breadcrumb","itemListElement":[{"@type":"ListItem","position":1,"name":"Startseite","item":"https:\/\/www.samenhaus.de\/gartenblog\/"},{"@type":"ListItem","position":2,"name":"Dunkel, hell, warm, kalt \u2013 wie Pflanzen am besten keimen"}]},{"@type":"WebSite","@id":"https:\/\/www.samenhaus.de\/gartenblog\/#website","url":"https:\/\/www.samenhaus.de\/gartenblog\/","name":"Samenhaus Gartenblog","description":"","publisher":{"@id":"https:\/\/www.samenhaus.de\/gartenblog\/#organization"},"potentialAction":[{"@type":"SearchAction","target":{"@type":"EntryPoint","urlTemplate":"https:\/\/www.samenhaus.de\/gartenblog\/?s={search_term_string}"},"query-input":{"@type":"PropertyValueSpecification","valueRequired":true,"valueName":"search_term_string"}}],"inLanguage":"de"},{"@type":"Organization","@id":"https:\/\/www.samenhaus.de\/gartenblog\/#organization","name":"Samenhaus.de Gartenblog","url":"https:\/\/www.samenhaus.de\/gartenblog\/","logo":{"@type":"ImageObject","inLanguage":"de","@id":"https:\/\/www.samenhaus.de\/gartenblog\/#\/schema\/logo\/image\/","url":"https:\/\/www.samenhaus.de\/gartenblog\/wp-content\/uploads\/2020\/11\/logo.svg","contentUrl":"https:\/\/www.samenhaus.de\/gartenblog\/wp-content\/uploads\/2020\/11\/logo.svg","width":1,"height":1,"caption":"Samenhaus.de Gartenblog"},"image":{"@id":"https:\/\/www.samenhaus.de\/gartenblog\/#\/schema\/logo\/image\/"},"sameAs":["https:\/\/de-de.facebook.com\/samenhaus","https:\/\/x.com\/samenhaus"]},{"@type":"Person","@id":"https:\/\/www.samenhaus.de\/gartenblog\/#\/schema\/person\/de169769587431893823f62b2ce06c04","name":"Holger","image":{"@type":"ImageObject","inLanguage":"de","@id":"https:\/\/www.samenhaus.de\/gartenblog\/wp-content\/uploads\/2026\/03\/Holger-150x150.png","url":"https:\/\/www.samenhaus.de\/gartenblog\/wp-content\/uploads\/2026\/03\/Holger-150x150.png","contentUrl":"https:\/\/www.samenhaus.de\/gartenblog\/wp-content\/uploads\/2026\/03\/Holger-150x150.png","caption":"Holger"},"description":"6.000.000 W\u00f6rter \u2013 so viel k\u00f6nnen Sie in etwa von mir online lesen. Das F\u00fcllen des Internets entwickelte sich nach meiner Ausbildung zum TV-Redakteur und der langj\u00e4hrigen Arbeit bei SAT.1 zu einem Fulltime-Job. Trotzdem finde ich noch gen\u00fcgend Zeit, um in meinem Garten zu werkeln. Eine Staude hier, ein Bl\u00fcmchen dort und ein bisschen Gem\u00fcse darf auch nicht fehlen \u2013 einen Schnitzelbaum gibt es ja noch nicht \u2026 Die besten geistigen Erg\u00fcsse habe ich \u00fcbrigens, wenn ich IM Garten \u00dcBER den Garten schreiben kann. So vereinen sich Beruf und Hobby perfekt \u2013 was gibt es Sch\u00f6neres?","url":"https:\/\/www.samenhaus.de\/gartenblog\/author\/holger"}]}},"wp-worthy-pixel":{"ignored":false,"public":"0eb59360a5af4ca38c36d2165c612190","server":"vg06.met.vgwort.de","url":"https:\/\/vg06.met.vgwort.de\/na\/0eb59360a5af4ca38c36d2165c612190"},"wp-worthy-type":"normal","_links":{"self":[{"href":"https:\/\/www.samenhaus.de\/gartenblog\/wp-json\/wp\/v2\/posts\/5933","targetHints":{"allow":["GET"]}}],"collection":[{"href":"https:\/\/www.samenhaus.de\/gartenblog\/wp-json\/wp\/v2\/posts"}],"about":[{"href":"https:\/\/www.samenhaus.de\/gartenblog\/wp-json\/wp\/v2\/types\/post"}],"author":[{"embeddable":true,"href":"https:\/\/www.samenhaus.de\/gartenblog\/wp-json\/wp\/v2\/users\/13"}],"replies":[{"embeddable":true,"href":"https:\/\/www.samenhaus.de\/gartenblog\/wp-json\/wp\/v2\/comments?post=5933"}],"version-history":[{"count":7,"href":"https:\/\/www.samenhaus.de\/gartenblog\/wp-json\/wp\/v2\/posts\/5933\/revisions"}],"predecessor-version":[{"id":12833,"href":"https:\/\/www.samenhaus.de\/gartenblog\/wp-json\/wp\/v2\/posts\/5933\/revisions\/12833"}],"wp:featuredmedia":[{"embeddable":true,"href":"https:\/\/www.samenhaus.de\/gartenblog\/wp-json\/wp\/v2\/media\/6052"}],"wp:attachment":[{"href":"https:\/\/www.samenhaus.de\/gartenblog\/wp-json\/wp\/v2\/media?parent=5933"}],"wp:term":[{"taxonomy":"category","embeddable":true,"href":"https:\/\/www.samenhaus.de\/gartenblog\/wp-json\/wp\/v2\/categories?post=5933"},{"taxonomy":"post_tag","embeddable":true,"href":"https:\/\/www.samenhaus.de\/gartenblog\/wp-json\/wp\/v2\/tags?post=5933"},{"taxonomy":"hersteller","embeddable":true,"href":"https:\/\/www.samenhaus.de\/gartenblog\/wp-json\/wp\/v2\/hersteller?post=5933"}],"curies":[{"name":"wp","href":"https:\/\/api.w.org\/{rel}","templated":true}]}}