{"id":6260,"date":"2022-09-16T09:00:09","date_gmt":"2022-09-16T09:00:09","guid":{"rendered":"https:\/\/www.samenhaus.de\/gartenblog\/?p=6260"},"modified":"2023-08-10T11:17:01","modified_gmt":"2023-08-10T11:17:01","slug":"sumpfpflanzen-fuer-nasse-boeden","status":"publish","type":"post","link":"https:\/\/www.samenhaus.de\/gartenblog\/sumpfpflanzen-fuer-nasse-boeden","title":{"rendered":"Sumpfpflanzen f\u00fcr nasse B\u00f6den"},"content":{"rendered":"<p>Es gibt in manchen G\u00e4rten Ecken, an denen G\u00e4rtner \u00fcberzeugt sind, dass nichts w\u00e4chst. Die Rede ist von Staun\u00e4sse und insgesamt sehr nassen B\u00f6den. Denn wir alle wissen, dass Staun\u00e4sse nur die wenigsten Pflanzen vertragen. Doch es gibt sie tats\u00e4chlich \u2013 die Pflanzen, die auch nasse F\u00fc\u00dfe m\u00f6gen. Und genau das kann so manche Gartenplanung retten. Auch wenn in der Regel Staun\u00e4sse durch Bodenbearbeitung reduziert werden kann, ist es leider nicht immer der Fall. Damit Sie auch an diesen Pl\u00e4tzen Pflanzen setzen k\u00f6nnen, erfahren Sie heute, welche Pflanzen es lieben, wenn sie nasse F\u00fc\u00dfe haben.<\/p>\n<h2 class=\"western\"><span class=\"ez-toc-section\" id=\"Pflanzen_fuer_nasse_Boeden\"><\/span>Pflanzen f\u00fcr nasse B\u00f6den<span class=\"ez-toc-section-end\"><\/span><\/h2>\n<p>Die meisten Pflanzen vertragen zwar N\u00e4sse, sind aber zwingend auf durchl\u00e4ssige B\u00f6den angewiesen. So kann das Wasser abflie\u00dfen und es bildet sich keine Staun\u00e4sse. In der Regel sind die B\u00f6den bei Staun\u00e4sse verdichtet, weshalb nur wenige Pflanzen hier gedeihen k\u00f6nnen. Doch die Natur h\u00e4lt f\u00fcr uns alles bereit, was wir ben\u00f6tigen \u2013 somit auch Pflanzen, die feuchte B\u00f6den m\u00f6gen. Welche das sind, finden Sie hier im Kurzprofil:<\/p>\n<h3 class=\"western\"><span class=\"ez-toc-section\" id=\"Fruehlingsblueher_fuer_nasse_Boeden\"><\/span>Fr\u00fchlingsbl\u00fcher f\u00fcr nasse B\u00f6den<span class=\"ez-toc-section-end\"><\/span><\/h3>\n<h4 class=\"western\"><span class=\"ez-toc-section\" id=\"Bachbunge_Veronica_beccabunga_%E2%80%93_winterharte_immergruene_Staude\"><\/span><img loading=\"lazy\" decoding=\"async\" class=\"alignleft wp-image-6947 size-thumbnail\" src=\"https:\/\/www.samenhaus.de\/gartenblog\/wp-content\/uploads\/2022\/09\/Sumpfpflanzen_308646770-150x150.jpeg\" alt=\"Sumpfpflanze Bachbunge\" width=\"150\" height=\"150\" srcset=\"https:\/\/www.samenhaus.de\/gartenblog\/wp-content\/uploads\/2022\/09\/Sumpfpflanzen_308646770-150x150.jpeg 150w, https:\/\/www.samenhaus.de\/gartenblog\/wp-content\/uploads\/2022\/09\/Sumpfpflanzen_308646770-80x80.jpeg 80w\" sizes=\"auto, (max-width: 150px) 100vw, 150px\" \/>Bachbunge (Veronica beccabunga) \u2013 winterharte, immergr\u00fcne Staude<span class=\"ez-toc-section-end\"><\/span><\/h4>\n<ul>\n<li>Wuchsh\u00f6he: bis zu 30 cm<\/li>\n<li>Bl\u00fctezeit: Mai bis August<\/li>\n<li>Bl\u00fctenfarbe: himmelblau bis blau<\/li>\n<li>Besonderheiten: Bienenmagnet, Bl\u00e4tter als Blattgem\u00fcse oder Salat geeignet<\/li>\n<\/ul>\n<p>&nbsp;<\/p>\n<h4 class=\"western\"><span class=\"ez-toc-section\" id=\"Drachenwurz_Calla_palustris_%E2%80%93_winterharte_Staude_mit_Rhizom\"><\/span><img loading=\"lazy\" decoding=\"async\" class=\"alignleft wp-image-6966 size-thumbnail\" src=\"https:\/\/www.samenhaus.de\/gartenblog\/wp-content\/uploads\/2022\/09\/Sumpfpflanzen_510007665-150x150.jpeg\" alt=\"Sumpfpflanzen Drachenwurz\" width=\"150\" height=\"150\" srcset=\"https:\/\/www.samenhaus.de\/gartenblog\/wp-content\/uploads\/2022\/09\/Sumpfpflanzen_510007665-150x150.jpeg 150w, https:\/\/www.samenhaus.de\/gartenblog\/wp-content\/uploads\/2022\/09\/Sumpfpflanzen_510007665-80x80.jpeg 80w\" sizes=\"auto, (max-width: 150px) 100vw, 150px\" \/>Drachenwurz (<em>Calla palustris<\/em>) \u2013 winterharte Staude mit Rhizom<span class=\"ez-toc-section-end\"><\/span><\/h4>\n<ul>\n<li>Wuchsh\u00f6he: bis zu 30 cm<\/li>\n<li>Bl\u00fctezeit: Mai bis Juli<\/li>\n<li>Bl\u00fctenfarbe: gelb-gr\u00fcn<\/li>\n<li>Besonderheiten: giftig, wildwachsend steht die Pflanze unter Naturschutz, wird durch Aasfliegen und K\u00e4fer best\u00e4ubt<\/li>\n<\/ul>\n<h4 class=\"western\"><span class=\"ez-toc-section\" id=\"Gelbe_Gauklerblume_Mimulus_guttatus_%E2%80%93_winterharte_Staude\"><\/span><img loading=\"lazy\" decoding=\"async\" class=\"alignleft wp-image-6958 size-thumbnail\" src=\"https:\/\/www.samenhaus.de\/gartenblog\/wp-content\/uploads\/2022\/09\/Sumpfpflanzen_423577268-150x150.jpeg\" alt=\"Sumpfpflanze Gelbe Gauklerblume\" width=\"150\" height=\"150\" srcset=\"https:\/\/www.samenhaus.de\/gartenblog\/wp-content\/uploads\/2022\/09\/Sumpfpflanzen_423577268-150x150.jpeg 150w, https:\/\/www.samenhaus.de\/gartenblog\/wp-content\/uploads\/2022\/09\/Sumpfpflanzen_423577268-80x80.jpeg 80w\" sizes=\"auto, (max-width: 150px) 100vw, 150px\" \/>Gelbe Gauklerblume (<em>Mimulus guttatus<\/em>) \u2013 winterharte Staude<span class=\"ez-toc-section-end\"><\/span><\/h4>\n<ul>\n<li>Wuchsh\u00f6he: bis zu 40 cm<\/li>\n<li>Bl\u00fctezeit: Mai bis September<\/li>\n<li>Bl\u00fctenfarbe: gelb<\/li>\n<li>Besonderheiten: Bienen- und Insektenmagnet, Maskenblume<\/li>\n<\/ul>\n<p>&nbsp;<\/p>\n<h4 class=\"western\"><span class=\"ez-toc-section\" id=\"Hohe_Schluesselblume_Primula_elatior_%E2%80%93_winterharte_mehrjaehrige_Staude\"><\/span><img loading=\"lazy\" decoding=\"async\" class=\"alignleft wp-image-6938 size-thumbnail\" src=\"https:\/\/www.samenhaus.de\/gartenblog\/wp-content\/uploads\/2022\/09\/Sumpfpflanzen_100023303-150x150.jpeg\" alt=\"Sumpfpflanze Hohe Schl\u00fcsselblume\" width=\"150\" height=\"150\" srcset=\"https:\/\/www.samenhaus.de\/gartenblog\/wp-content\/uploads\/2022\/09\/Sumpfpflanzen_100023303-150x150.jpeg 150w, https:\/\/www.samenhaus.de\/gartenblog\/wp-content\/uploads\/2022\/09\/Sumpfpflanzen_100023303-80x80.jpeg 80w\" sizes=\"auto, (max-width: 150px) 100vw, 150px\" \/>Hohe Schl\u00fcsselblume (<em>Primula elatior<\/em>) \u2013 winterharte, mehrj\u00e4hrige Staude<span class=\"ez-toc-section-end\"><\/span><\/h4>\n<ul>\n<li>Wuchsh\u00f6he: bis 20 cm, bei einem g\u00fcnstigen Standort auch bis zu 30 cm<\/li>\n<li>Bl\u00fctezeit: M\u00e4rz bis April<\/li>\n<li>Bl\u00fctenfarbe: gelb<\/li>\n<li>Besonderheiten: wildwachsende Pflanzen stehen unter Naturschutz, Pflanze kann als Heilkraut verwendet werden<span style=\"color: #222222;\"><br \/>\n<\/span><\/li>\n<\/ul>\n<h4 class=\"western\"><span class=\"ez-toc-section\" id=\"Kaukasus-Gedenkemein_Omphalodes_cappadocica_%E2%80%93_winterharte_immergruene_Staude\"><\/span><img loading=\"lazy\" decoding=\"async\" class=\"alignleft wp-image-6940 size-thumbnail\" src=\"https:\/\/www.samenhaus.de\/gartenblog\/wp-content\/uploads\/2022\/09\/Sumpfpflanzen_176351403-150x150.jpeg\" alt=\"Sumpfpflanze Kaukasus-Gedenkemein\" width=\"150\" height=\"150\" srcset=\"https:\/\/www.samenhaus.de\/gartenblog\/wp-content\/uploads\/2022\/09\/Sumpfpflanzen_176351403-150x150.jpeg 150w, https:\/\/www.samenhaus.de\/gartenblog\/wp-content\/uploads\/2022\/09\/Sumpfpflanzen_176351403-80x80.jpeg 80w\" sizes=\"auto, (max-width: 150px) 100vw, 150px\" \/>Kaukasus-Gedenkemein (<em>Omphalodes cappadocica<\/em>) \u2013 winterharte, immergr\u00fcne Staude<span class=\"ez-toc-section-end\"><\/span><\/h4>\n<ul>\n<li>Wuchsh\u00f6he: bis zu 15 cm<\/li>\n<li>Bl\u00fctezeit: April bis Juni<\/li>\n<li>Bl\u00fctenfarbe: blau-violett<\/li>\n<li>Besonderheiten: Bodendeckende Sumpfpflanze<\/li>\n<\/ul>\n<p>&nbsp;<\/p>\n<h4 class=\"western\"><span class=\"ez-toc-section\" id=\"Kuckucks-Lichtnelke_Lychnis_flos-cuculi_Syn_Silene_flos-cuculi_%E2%80%93_winterharte_immergruene_Staude\"><\/span><img loading=\"lazy\" decoding=\"async\" class=\"alignleft wp-image-6956 size-thumbnail\" src=\"https:\/\/www.samenhaus.de\/gartenblog\/wp-content\/uploads\/2022\/09\/Sumpfpflanzen_374490473-150x150.jpeg\" alt=\"Sumpfpflanze Kuckucks-Lichtnelke\" width=\"150\" height=\"150\" srcset=\"https:\/\/www.samenhaus.de\/gartenblog\/wp-content\/uploads\/2022\/09\/Sumpfpflanzen_374490473-150x150.jpeg 150w, https:\/\/www.samenhaus.de\/gartenblog\/wp-content\/uploads\/2022\/09\/Sumpfpflanzen_374490473-80x80.jpeg 80w\" sizes=\"auto, (max-width: 150px) 100vw, 150px\" \/>Kuckucks-Lichtnelke (<em>Lychnis flos-cuculi. Syn.: Silene flos-cuculi<\/em>) \u2013 winterharte, immergr\u00fcne Staude<span class=\"ez-toc-section-end\"><\/span><\/h4>\n<ul>\n<li>Wuchsh\u00f6he: bis zu 60 cm<\/li>\n<li>Bl\u00fctezeit: Mai bis Juli<\/li>\n<li>Bl\u00fctenfarbe: rosa-rot oder wei\u00df<\/li>\n<li>Besonderheiten: Bienenweide<\/li>\n<\/ul>\n<h4 class=\"western\"><span class=\"ez-toc-section\" id=\"Ostsibirische_Schwertlilie_Iris_sanguinea_%E2%80%93_winterharte_Staude\"><\/span><img loading=\"lazy\" decoding=\"async\" class=\"alignleft wp-image-6948 size-thumbnail\" src=\"https:\/\/www.samenhaus.de\/gartenblog\/wp-content\/uploads\/2022\/09\/Sumpfpflanzen_309514405-150x150.jpeg\" alt=\"Sumpfpflanze Ostsibirische Schwertlilie\" width=\"150\" height=\"150\" srcset=\"https:\/\/www.samenhaus.de\/gartenblog\/wp-content\/uploads\/2022\/09\/Sumpfpflanzen_309514405-150x150.jpeg 150w, https:\/\/www.samenhaus.de\/gartenblog\/wp-content\/uploads\/2022\/09\/Sumpfpflanzen_309514405-80x80.jpeg 80w\" sizes=\"auto, (max-width: 150px) 100vw, 150px\" \/>Ostsibirische Schwertlilie (<em>Iris sanguinea<\/em>) \u2013 winterharte Staude<span class=\"ez-toc-section-end\"><\/span><\/h4>\n<ul>\n<li>Wuchsh\u00f6he: bis zu 60 cm<\/li>\n<li>Bl\u00fctezeit Mai bis Juli<\/li>\n<li>Bl\u00fctenfarbe: purpur-violett oder wei\u00df<\/li>\n<\/ul>\n<p>&nbsp;<\/p>\n<h4 class=\"western\"><span class=\"ez-toc-section\" id=\"Pfennigkraut_Lysmachia_nummularia_%E2%80%93_winterharte_immergruene_Staude\"><\/span><img loading=\"lazy\" decoding=\"async\" class=\"alignleft wp-image-6946 size-thumbnail\" src=\"https:\/\/www.samenhaus.de\/gartenblog\/wp-content\/uploads\/2022\/09\/Sumpfpflanzen_274823262-150x150.jpeg\" alt=\"Sumpfpflanze Pfennigkraut\" width=\"150\" height=\"150\" srcset=\"https:\/\/www.samenhaus.de\/gartenblog\/wp-content\/uploads\/2022\/09\/Sumpfpflanzen_274823262-150x150.jpeg 150w, https:\/\/www.samenhaus.de\/gartenblog\/wp-content\/uploads\/2022\/09\/Sumpfpflanzen_274823262-80x80.jpeg 80w\" sizes=\"auto, (max-width: 150px) 100vw, 150px\" \/>Pfennigkraut (<em>Lysmachia nummularia<\/em>) \u2013 winterharte, immergr\u00fcne Staude<span class=\"ez-toc-section-end\"><\/span><\/h4>\n<ul>\n<li>Wuchsh\u00f6he: bis zu 10 cm<\/li>\n<li>Bl\u00fctezeit: Mai bis Juli<\/li>\n<li>Bl\u00fctenfarbe: gelb<\/li>\n<\/ul>\n<p>&nbsp;<\/p>\n<h4 class=\"western\"><span class=\"ez-toc-section\" id=\"Rote_Lichtnelke_Silene_dioica_%E2%80%93_zweijaehrig\"><\/span><img loading=\"lazy\" decoding=\"async\" class=\"alignleft wp-image-6959 size-thumbnail\" src=\"https:\/\/www.samenhaus.de\/gartenblog\/wp-content\/uploads\/2022\/09\/Sumpfpflanzen_425674825-150x150.jpeg\" alt=\"Sumpfpflanze Rote Lichtnelke\" width=\"150\" height=\"150\" srcset=\"https:\/\/www.samenhaus.de\/gartenblog\/wp-content\/uploads\/2022\/09\/Sumpfpflanzen_425674825-150x150.jpeg 150w, https:\/\/www.samenhaus.de\/gartenblog\/wp-content\/uploads\/2022\/09\/Sumpfpflanzen_425674825-80x80.jpeg 80w\" sizes=\"auto, (max-width: 150px) 100vw, 150px\" \/>Rote Lichtnelke (<em>Silene dioica<\/em>) \u2013 zweij\u00e4hrig<span class=\"ez-toc-section-end\"><\/span><\/h4>\n<ul>\n<li>Wuchsh\u00f6he: bis zu 90 cm<\/li>\n<li>Bl\u00fctezeit: April bis Oktober<\/li>\n<li>Bl\u00fctenfarbe: rosa-rot<\/li>\n<li>Besonderheiten: Bienenweide, Schwebfliegen und Tagfalter lieben die Bl\u00fcten ebenfalls<\/li>\n<\/ul>\n<p>&nbsp;<\/p>\n<h4 class=\"western\"><span class=\"ez-toc-section\" id=\"Schachbrettblume_Fritillaria_meleagris_%E2%80%93_winterharte_mehrjaehrige_Staude\"><\/span><img loading=\"lazy\" decoding=\"async\" class=\"alignleft wp-image-6961 size-thumbnail\" src=\"https:\/\/www.samenhaus.de\/gartenblog\/wp-content\/uploads\/2022\/09\/Sumpfpflanzen_431371019-150x150.jpeg\" alt=\"Sumpfpflanze Schachbrettblume\" width=\"150\" height=\"150\" srcset=\"https:\/\/www.samenhaus.de\/gartenblog\/wp-content\/uploads\/2022\/09\/Sumpfpflanzen_431371019-150x150.jpeg 150w, https:\/\/www.samenhaus.de\/gartenblog\/wp-content\/uploads\/2022\/09\/Sumpfpflanzen_431371019-80x80.jpeg 80w\" sizes=\"auto, (max-width: 150px) 100vw, 150px\" \/>Schachbrettblume (<em>Fritillaria meleagris<\/em>) \u2013 winterharte, mehrj\u00e4hrige Staude<span class=\"ez-toc-section-end\"><\/span><\/h4>\n<ul>\n<li>Wuchsh\u00f6he: bis zu 35 cm<\/li>\n<li>Bl\u00fctezeit: April bis Mai<\/li>\n<li>Bl\u00fctenfarbe: lila-purpur oder gr\u00fcn-wei\u00df<\/li>\n<li>Besonderheiten: Best\u00e4ubung durch Bienen und Hummeln,\u00a0die Zwiebel soll W\u00fchlm\u00e4use fernhalten<\/li>\n<\/ul>\n<p>&nbsp;<\/p>\n<h4 class=\"western\"><span class=\"ez-toc-section\" id=\"Schildblatt_Darmera_peltata_Syn_Peltiphyllum_peltatum_%E2%80%93_winterharte_mehrjaehrige_Staude_mit_Rhizom\"><\/span><img loading=\"lazy\" decoding=\"async\" class=\"alignleft wp-image-6954 size-thumbnail\" src=\"https:\/\/www.samenhaus.de\/gartenblog\/wp-content\/uploads\/2022\/09\/Sumpfpflanzen_361857991-150x150.jpeg\" alt=\"Sumpfpflanze Schildblatt\" width=\"150\" height=\"150\" srcset=\"https:\/\/www.samenhaus.de\/gartenblog\/wp-content\/uploads\/2022\/09\/Sumpfpflanzen_361857991-150x150.jpeg 150w, https:\/\/www.samenhaus.de\/gartenblog\/wp-content\/uploads\/2022\/09\/Sumpfpflanzen_361857991-80x80.jpeg 80w\" sizes=\"auto, (max-width: 150px) 100vw, 150px\" \/>Schildblatt (<em>Darmera peltata. Syn.: Peltiphyllum peltatum<\/em>) \u2013 winterharte, mehrj\u00e4hrige Staude mit Rhizom<span class=\"ez-toc-section-end\"><\/span><\/h4>\n<ul>\n<li>Wuchsh\u00f6he: bis 150 cm<\/li>\n<li>Bl\u00fctezeit: April bis Juni<\/li>\n<li>Bl\u00fctenfarbe: wei\u00df mit purpurfarbener Mitte oder rosa<\/li>\n<li>Besonderheiten: Bienenweide, Insektenmagnet, Rhizomsperre n\u00f6tig<\/li>\n<\/ul>\n<h4 class=\"western\"><span class=\"ez-toc-section\" id=\"Sumpfdotterblume_Caltha_palustris_%E2%80%93_winterharte_Staude_mit_Rhizom\"><\/span><span lang=\"en-US\"><img loading=\"lazy\" decoding=\"async\" class=\"alignleft wp-image-6934 size-thumbnail\" src=\"https:\/\/www.samenhaus.de\/gartenblog\/wp-content\/uploads\/2022\/09\/Sumpfpflanzen_41933695-150x150.jpeg\" alt=\"Sumpfpflanze Sumpfdotterblume\" width=\"150\" height=\"150\" srcset=\"https:\/\/www.samenhaus.de\/gartenblog\/wp-content\/uploads\/2022\/09\/Sumpfpflanzen_41933695-150x150.jpeg 150w, https:\/\/www.samenhaus.de\/gartenblog\/wp-content\/uploads\/2022\/09\/Sumpfpflanzen_41933695-80x80.jpeg 80w\" sizes=\"auto, (max-width: 150px) 100vw, 150px\" \/>Sumpfdotterblume (<em>Caltha palustris<\/em>) \u2013 winterharte Staude mit Rhizom<\/span><span class=\"ez-toc-section-end\"><\/span><\/h4>\n<ul>\n<li>Wuchsh\u00f6he: bis zu 30 cm, als Solit\u00e4rpflanze sogar bis zu 60 cm<\/li>\n<li>Bl\u00fctezeit: M\u00e4rz bis Juni<\/li>\n<li>Bl\u00fctenfarbe: wei\u00df, gelb<\/li>\n<li>Besonderheiten: Fr\u00fchbl\u00fcher, Weide f\u00fcr zahlreiche Insekten, leicht giftig<\/li>\n<\/ul>\n<p>&nbsp;<\/p>\n<h4 class=\"western\"><span class=\"ez-toc-section\" id=\"Sumpf-Primel_Primula_rosea_%E2%80%93_winterharte_Staude\"><\/span><span lang=\"en-US\"><img loading=\"lazy\" decoding=\"async\" class=\"alignleft wp-image-6965 size-thumbnail\" src=\"https:\/\/www.samenhaus.de\/gartenblog\/wp-content\/uploads\/2022\/09\/Sumpfpflanzen_501909267-150x150.jpeg\" alt=\"Sumpfpflanze Sumpf-Primel\" width=\"150\" height=\"150\" srcset=\"https:\/\/www.samenhaus.de\/gartenblog\/wp-content\/uploads\/2022\/09\/Sumpfpflanzen_501909267-150x150.jpeg 150w, https:\/\/www.samenhaus.de\/gartenblog\/wp-content\/uploads\/2022\/09\/Sumpfpflanzen_501909267-80x80.jpeg 80w\" sizes=\"auto, (max-width: 150px) 100vw, 150px\" \/>Sumpf-Primel (<em>Primula rosea<\/em>) \u2013 winterharte Staude<\/span><span class=\"ez-toc-section-end\"><\/span><\/h4>\n<ul>\n<li><span lang=\"en-US\">Wuchsh\u00f6he: bis zu 15 cm<\/span><\/li>\n<li><span lang=\"en-US\">Bl\u00fctezeit: M\u00e4rz bis April<\/span><\/li>\n<li><span lang=\"en-US\">Bl\u00fctenfarbe: rosa-rot<\/span><\/li>\n<li>Besonderheiten: wildwachsend steht die Pflanze unter Naturschutz<\/li>\n<\/ul>\n<p>&nbsp;<\/p>\n<h4 class=\"western\"><span class=\"ez-toc-section\" id=\"Sumpf-Schwertlilie_Iris_pseudacorus_%E2%80%93_winterharte_Staude_mit_Rhizom\"><\/span><img loading=\"lazy\" decoding=\"async\" class=\"alignleft wp-image-6953 size-thumbnail\" src=\"https:\/\/www.samenhaus.de\/gartenblog\/wp-content\/uploads\/2022\/09\/Sumpfpflanzen_359068346-150x150.jpeg\" alt=\"Sumpfpflanze Sumpf-Schwertlilie\" width=\"150\" height=\"150\" srcset=\"https:\/\/www.samenhaus.de\/gartenblog\/wp-content\/uploads\/2022\/09\/Sumpfpflanzen_359068346-150x150.jpeg 150w, https:\/\/www.samenhaus.de\/gartenblog\/wp-content\/uploads\/2022\/09\/Sumpfpflanzen_359068346-80x80.jpeg 80w\" sizes=\"auto, (max-width: 150px) 100vw, 150px\" \/>Sumpf-Schwertlilie (<em>Iris pseudacorus<\/em>) \u2013 winterharte Staude mit Rhizom<span class=\"ez-toc-section-end\"><\/span><\/h4>\n<ul>\n<li>Wuchsh\u00f6he: bis zu 100 cm<\/li>\n<li>Bl\u00fctezeit: Mai bis Juli<\/li>\n<li>Bl\u00fctenfarbe: gelb<\/li>\n<li>Besonderheiten: giftig, kann nur im Wasser wachsen, Insektenweide, reinigt das Wasser<\/li>\n<\/ul>\n<p>&nbsp;<\/p>\n<h4 class=\"western\"><span class=\"ez-toc-section\" id=\"Sumpf_Vergissmeinnicht_Myosotis_palustris_%E2%80%93_winterharte_immergruene_Staude\"><\/span><img loading=\"lazy\" decoding=\"async\" class=\"alignleft wp-image-6937 size-thumbnail\" src=\"https:\/\/www.samenhaus.de\/gartenblog\/wp-content\/uploads\/2022\/09\/Sumpfpflanzen_95128663-150x150.jpeg\" alt=\"Sumpfpflanze Sumpf Vergissmeinnicht\" width=\"150\" height=\"150\" srcset=\"https:\/\/www.samenhaus.de\/gartenblog\/wp-content\/uploads\/2022\/09\/Sumpfpflanzen_95128663-150x150.jpeg 150w, https:\/\/www.samenhaus.de\/gartenblog\/wp-content\/uploads\/2022\/09\/Sumpfpflanzen_95128663-80x80.jpeg 80w\" sizes=\"auto, (max-width: 150px) 100vw, 150px\" \/>Sumpf Vergissmeinnicht (<em>Myosotis palustris<\/em>) \u2013 winterharte, immergr\u00fcne Staude<span class=\"ez-toc-section-end\"><\/span><\/h4>\n<ul>\n<li>Wuchsh\u00f6he: bis 40 cm, in seltenen F\u00e4llen auch bis zu 80 cm<\/li>\n<li>Bl\u00fctezeit: April bis Oktober<\/li>\n<li>Bl\u00fctenfarbe: himmelblau<\/li>\n<li>Besonderheiten: Weide f\u00fcr Schmetterlinge, Bienen und Hummeln<\/li>\n<\/ul>\n<p>&nbsp;<\/p>\n<h4 class=\"western\"><span class=\"ez-toc-section\" id=\"Sumpf_Wolfsmilch_Euphorbia_palustris_%E2%80%93_winterharte_Staude_mit_Rhizom\"><\/span><img loading=\"lazy\" decoding=\"async\" class=\"alignleft wp-image-6962 size-thumbnail\" src=\"https:\/\/www.samenhaus.de\/gartenblog\/wp-content\/uploads\/2022\/09\/Sumpfpflanzen_435860746-150x150.jpeg\" alt=\"Sumpfpflanze Sumpf Wolfsmilch\" width=\"150\" height=\"150\" srcset=\"https:\/\/www.samenhaus.de\/gartenblog\/wp-content\/uploads\/2022\/09\/Sumpfpflanzen_435860746-150x150.jpeg 150w, https:\/\/www.samenhaus.de\/gartenblog\/wp-content\/uploads\/2022\/09\/Sumpfpflanzen_435860746-80x80.jpeg 80w\" sizes=\"auto, (max-width: 150px) 100vw, 150px\" \/>Sumpf Wolfsmilch (<em>Euphorbia palustris<\/em>) \u2013 winterharte Staude mit Rhizom<span class=\"ez-toc-section-end\"><\/span><\/h4>\n<ul>\n<li>Wuchsh\u00f6he: bis 150 cm<\/li>\n<li>Bl\u00fctezeit: Mai bis Juni<\/li>\n<li>Bl\u00fctenfarbe: gr\u00fcn-gelb<\/li>\n<li>Besonderheiten: Insektenweide, Pflanzengiftstoffe<\/li>\n<\/ul>\n<p>&nbsp;<\/p>\n<h4 class=\"western\"><span class=\"ez-toc-section\" id=\"Trollblume_Trollius_Europaeus_Hybride_%E2%80%93_winterharte_Staude_mit_Rhizom\"><\/span><img loading=\"lazy\" decoding=\"async\" class=\"alignleft wp-image-6964 size-thumbnail\" src=\"https:\/\/www.samenhaus.de\/gartenblog\/wp-content\/uploads\/2022\/09\/Sumpfpflanzen_499386715-150x150.jpeg\" alt=\"Sumpfpflanze Trollblume\" width=\"150\" height=\"150\" srcset=\"https:\/\/www.samenhaus.de\/gartenblog\/wp-content\/uploads\/2022\/09\/Sumpfpflanzen_499386715-150x150.jpeg 150w, https:\/\/www.samenhaus.de\/gartenblog\/wp-content\/uploads\/2022\/09\/Sumpfpflanzen_499386715-80x80.jpeg 80w\" sizes=\"auto, (max-width: 150px) 100vw, 150px\" \/>Trollblume (<em>Trollius Europaeus Hybride<\/em>) \u2013 winterharte Staude mit Rhizom<span class=\"ez-toc-section-end\"><\/span><\/h4>\n<ul>\n<li>Wuchsh\u00f6he: bis zu 60 cm<\/li>\n<li>Bl\u00fctezeit: Mai bis Juli<\/li>\n<li>Bl\u00fctenfarbe: orange, gelb oder mehrfarbig<\/li>\n<li>Besonderheiten: steht unter Naturschutz, schwach giftig<\/li>\n<\/ul>\n<p>&nbsp;<\/p>\n<h4 class=\"western\"><span class=\"ez-toc-section\" id=\"Wechselblaettriges_Milzkraut_Chrysosplenium_alternifolium_%E2%80%93_winterharte_Staude_mit_Auslaeufern\"><\/span><img loading=\"lazy\" decoding=\"async\" class=\"alignleft wp-image-6945 size-thumbnail\" src=\"https:\/\/www.samenhaus.de\/gartenblog\/wp-content\/uploads\/2022\/09\/Sumpfpflanzen_264917433-150x150.jpeg\" alt=\"Sumpfpflanze Wechselbl\u00e4ttriges Milzkraut\" width=\"150\" height=\"150\" srcset=\"https:\/\/www.samenhaus.de\/gartenblog\/wp-content\/uploads\/2022\/09\/Sumpfpflanzen_264917433-150x150.jpeg 150w, https:\/\/www.samenhaus.de\/gartenblog\/wp-content\/uploads\/2022\/09\/Sumpfpflanzen_264917433-80x80.jpeg 80w\" sizes=\"auto, (max-width: 150px) 100vw, 150px\" \/>Wechselbl\u00e4ttriges Milzkraut (<em>Chrysosplenium alternifolium<\/em>) \u2013 winterharte Staude mit Ausl\u00e4ufern<span class=\"ez-toc-section-end\"><\/span><\/h4>\n<ul>\n<li>Wuchsh\u00f6he: bis zu 15 cm<\/li>\n<li>Bl\u00fctezeit: M\u00e4rz bis Juni<\/li>\n<li>Bl\u00fctenfarbe: gelb-gr\u00fcn<\/li>\n<li>Besonderheiten: bildet Pflanzenpolster, ziehen Insekten an, wird durch Fliegen und K\u00e4fer best\u00e4ubt<\/li>\n<\/ul>\n<h4 class=\"western\"><span class=\"ez-toc-section\" id=\"Weisser_Pestwurz_Petasites_albus_%E2%80%93_winterharte_Staude\"><\/span><img loading=\"lazy\" decoding=\"async\" class=\"alignleft wp-image-6960 size-thumbnail\" src=\"https:\/\/www.samenhaus.de\/gartenblog\/wp-content\/uploads\/2022\/09\/Sumpfpflanzen_425994049-150x150.jpeg\" alt=\"Sumpfpflanze Wei\u00dfer Pestwurz\" width=\"150\" height=\"150\" srcset=\"https:\/\/www.samenhaus.de\/gartenblog\/wp-content\/uploads\/2022\/09\/Sumpfpflanzen_425994049-150x150.jpeg 150w, https:\/\/www.samenhaus.de\/gartenblog\/wp-content\/uploads\/2022\/09\/Sumpfpflanzen_425994049-80x80.jpeg 80w\" sizes=\"auto, (max-width: 150px) 100vw, 150px\" \/>Wei\u00dfer Pestwurz (<em>Petasites albus<\/em>) \u2013 winterharte Staude<span class=\"ez-toc-section-end\"><\/span><\/h4>\n<ul>\n<li>Wuchsh\u00f6he: nach der Bl\u00fcte bis zu 80 cm<\/li>\n<li>Bl\u00fctezeit: April bis Mai<\/li>\n<li>Bl\u00fctenfarbe: wei\u00df<\/li>\n<li>Besonderheiten: Bl\u00e4tter f\u00e4rben sich nach der Fr\u00fchjahrsbl\u00fcte gelb-gr\u00fcn<\/li>\n<\/ul>\n<p>&nbsp;<\/p>\n<h4 class=\"western\"><span class=\"ez-toc-section\" id=\"Wiesen-Schaumkraut_Cardamine_pratensis_%E2%80%93_winterharte_mehrjaehrige_Staude\"><\/span><img loading=\"lazy\" decoding=\"async\" class=\"alignleft wp-image-6941 size-thumbnail\" src=\"https:\/\/www.samenhaus.de\/gartenblog\/wp-content\/uploads\/2022\/09\/Sumpfpflanzen_199986365-150x150.jpeg\" alt=\"Sumpfpflanze Wiesen-Schaumkraut\" width=\"150\" height=\"150\" srcset=\"https:\/\/www.samenhaus.de\/gartenblog\/wp-content\/uploads\/2022\/09\/Sumpfpflanzen_199986365-150x150.jpeg 150w, https:\/\/www.samenhaus.de\/gartenblog\/wp-content\/uploads\/2022\/09\/Sumpfpflanzen_199986365-80x80.jpeg 80w\" sizes=\"auto, (max-width: 150px) 100vw, 150px\" \/>Wiesen-Schaumkraut (<em>Cardamine pratensis<\/em>) \u2013 winterharte, mehrj\u00e4hrige Staude<span class=\"ez-toc-section-end\"><\/span><\/h4>\n<ul>\n<li>Wuchsh\u00f6he: bis zu 50 cm<\/li>\n<li>Bl\u00fctezeit: April bis Juni<\/li>\n<li>Bl\u00fctenfarbe: rosa, wei\u00df<\/li>\n<\/ul>\n<p>&nbsp;<\/p>\n<h2 class=\"western\"><span class=\"ez-toc-section\" id=\"Sommerblueher_fuer_nasse_Boeden\"><\/span>Sommerbl\u00fcher f\u00fcr nasse B\u00f6den<span class=\"ez-toc-section-end\"><\/span><\/h2>\n<p>Damit Sie auch im Sommer ein Bl\u00fctenmeer haben, finden Sie hier die Sommerbl\u00fcher, die sich auf nassen B\u00f6den wohl f\u00fchlen.<\/p>\n<h4 class=\"western\"><span class=\"ez-toc-section\" id=\"Gewoehnlicher_Blutweiderich_Lythrum_salicaria_%E2%80%93_winterharte_Staude_mit_Rhizom\"><\/span><img loading=\"lazy\" decoding=\"async\" class=\"alignleft wp-image-6944 size-thumbnail\" src=\"https:\/\/www.samenhaus.de\/gartenblog\/wp-content\/uploads\/2022\/09\/Sumpfpflanzen_240771321-150x150.jpeg\" alt=\"Sumpfpflanze Gew\u00f6hnlicher Blutweiderich\" width=\"150\" height=\"150\" srcset=\"https:\/\/www.samenhaus.de\/gartenblog\/wp-content\/uploads\/2022\/09\/Sumpfpflanzen_240771321-150x150.jpeg 150w, https:\/\/www.samenhaus.de\/gartenblog\/wp-content\/uploads\/2022\/09\/Sumpfpflanzen_240771321-80x80.jpeg 80w\" sizes=\"auto, (max-width: 150px) 100vw, 150px\" \/>Gew\u00f6hnlicher Blutweiderich (<em>Lythrum salicaria<\/em>) \u2013 winterharte Staude mit Rhizom<span class=\"ez-toc-section-end\"><\/span><\/h4>\n<ul>\n<li>Wuchsh\u00f6he: bis 120 cm<\/li>\n<li>Bl\u00fctenzeit: Juni bis September<\/li>\n<li>Bl\u00fctenfarbe: dunkel-rosa oder purpur-rot<\/li>\n<li>Besonderheiten: Insektenweide<\/li>\n<\/ul>\n<p>&nbsp;<\/p>\n<h4 class=\"western\"><span class=\"ez-toc-section\" id=\"Echter_Eibisch_Althaea_officinalis_%E2%80%93_winterharte_Staude_mit_Rhizom\"><\/span><img loading=\"lazy\" decoding=\"async\" class=\"alignleft wp-image-6952 size-thumbnail\" src=\"https:\/\/www.samenhaus.de\/gartenblog\/wp-content\/uploads\/2022\/09\/Sumpfpflanzen_341061288-150x150.jpeg\" alt=\"Sumpfpflanze Echter Eibisch\" width=\"150\" height=\"150\" srcset=\"https:\/\/www.samenhaus.de\/gartenblog\/wp-content\/uploads\/2022\/09\/Sumpfpflanzen_341061288-150x150.jpeg 150w, https:\/\/www.samenhaus.de\/gartenblog\/wp-content\/uploads\/2022\/09\/Sumpfpflanzen_341061288-80x80.jpeg 80w\" sizes=\"auto, (max-width: 150px) 100vw, 150px\" \/>Echter Eibisch (<em>Althaea officinalis<\/em>) \u2013 winterharte Staude mit Rhizom<span class=\"ez-toc-section-end\"><\/span><\/h4>\n<ul>\n<li>Wuchsh\u00f6he: bis 200 cm<\/li>\n<li>Bl\u00fctezeit: Juli bis September<\/li>\n<li>Bl\u00fctenfarbe: wei\u00df mit rosa Mitte<\/li>\n<li>Besonderheiten: Insektenweide, Arzneipflanze in Klosterg\u00e4rten, eignet sich als K\u00fcbelpflanze<\/li>\n<\/ul>\n<p>&nbsp;<\/p>\n<h4 class=\"western\"><span class=\"ez-toc-section\" id=\"Blauer_Eisenhut_Aconitum_napellus_%E2%80%93_winterharte_mehrjaehrige_Staude\"><\/span><img loading=\"lazy\" decoding=\"async\" class=\"alignleft wp-image-6963 size-thumbnail\" src=\"https:\/\/www.samenhaus.de\/gartenblog\/wp-content\/uploads\/2022\/09\/Sumpfpflanzen_453083987-150x150.jpeg\" alt=\"Sumpfpflanze Blauer Eisenhut\" width=\"150\" height=\"150\" srcset=\"https:\/\/www.samenhaus.de\/gartenblog\/wp-content\/uploads\/2022\/09\/Sumpfpflanzen_453083987-150x150.jpeg 150w, https:\/\/www.samenhaus.de\/gartenblog\/wp-content\/uploads\/2022\/09\/Sumpfpflanzen_453083987-80x80.jpeg 80w\" sizes=\"auto, (max-width: 150px) 100vw, 150px\" \/>Blauer Eisenhut (<em>Aconitum napellus<\/em>) \u2013 winterharte, mehrj\u00e4hrige Staude<span class=\"ez-toc-section-end\"><\/span><\/h4>\n<ul>\n<li>Wuchsh\u00f6he: bis 100 cm<\/li>\n<li>Bl\u00fctezeit: Juli bis September<\/li>\n<li>Bl\u00fctenfarbe: blau-lila<\/li>\n<li>Besonderheiten: unter Naturschutz, wenn sie wild w\u00e4chst, Europas giftigste Pflanze<\/li>\n<\/ul>\n<p>&nbsp;<\/p>\n<h4 class=\"western\"><span class=\"ez-toc-section\" id=\"Weicher_Frauenmantel_Alchemilla_mollis\"><\/span><img loading=\"lazy\" decoding=\"async\" class=\"alignleft wp-image-6957 size-thumbnail\" src=\"https:\/\/www.samenhaus.de\/gartenblog\/wp-content\/uploads\/2022\/09\/Sumpfpflanzen_420264114-150x150.jpeg\" alt=\"Sumpfpflanze Weicher Frauenmantel\" width=\"150\" height=\"150\" srcset=\"https:\/\/www.samenhaus.de\/gartenblog\/wp-content\/uploads\/2022\/09\/Sumpfpflanzen_420264114-150x150.jpeg 150w, https:\/\/www.samenhaus.de\/gartenblog\/wp-content\/uploads\/2022\/09\/Sumpfpflanzen_420264114-80x80.jpeg 80w\" sizes=\"auto, (max-width: 150px) 100vw, 150px\" \/>Weicher Frauenmantel (<em>Alchemilla mollis<\/em>)<span class=\"ez-toc-section-end\"><\/span><\/h4>\n<ul>\n<li>Wuchsh\u00f6he: bis 60 cm<\/li>\n<li>Bl\u00fctezeit: Juni bis August<\/li>\n<li>Bl\u00fctenfarbe: gelb-gr\u00fcn oder gelb<\/li>\n<li>Besonderheiten: Insektenweide, Bodendecker f\u00fcr nasse B\u00f6den, Heilpflanze<\/li>\n<\/ul>\n<p>&nbsp;<\/p>\n<h4 class=\"western\"><span class=\"ez-toc-section\" id=\"Sumpf_Gladiole_Gladiolus_palustris_%E2%80%93_winterharte_Staude_mit_Knolle_leichter_Winterschutz_noetig\"><\/span><img loading=\"lazy\" decoding=\"async\" class=\"alignleft wp-image-6939 size-thumbnail\" src=\"https:\/\/www.samenhaus.de\/gartenblog\/wp-content\/uploads\/2022\/09\/Sumpfpflanzen_143075423-150x150.jpeg\" alt=\"Sunpfpflanze Sumpf Gladiole\" width=\"150\" height=\"150\" srcset=\"https:\/\/www.samenhaus.de\/gartenblog\/wp-content\/uploads\/2022\/09\/Sumpfpflanzen_143075423-150x150.jpeg 150w, https:\/\/www.samenhaus.de\/gartenblog\/wp-content\/uploads\/2022\/09\/Sumpfpflanzen_143075423-80x80.jpeg 80w\" sizes=\"auto, (max-width: 150px) 100vw, 150px\" \/>Sumpf Gladiole (<em>Gladiolus palustris<\/em>) \u2013 winterharte Staude mit Knolle, leichter Winterschutz n\u00f6tig<span class=\"ez-toc-section-end\"><\/span><\/h4>\n<ul>\n<li>Wuchsh\u00f6he: bis 60 cm<\/li>\n<li>Bl\u00fctezeit: Juni bis Juli<\/li>\n<li>Bl\u00fctenfarbe: rose, purpur, rot<\/li>\n<li>Besonderheiten: Pflanze steht unter Naturschutz<\/li>\n<\/ul>\n<h4 class=\"western\"><span class=\"ez-toc-section\" id=\"Goldfelberich_Lysimachia_punctata_%E2%80%93_winterharte_Staude\"><\/span><img loading=\"lazy\" decoding=\"async\" class=\"alignleft wp-image-6967 size-thumbnail\" src=\"https:\/\/www.samenhaus.de\/gartenblog\/wp-content\/uploads\/2022\/09\/Sumpfpflanzen_523866502-150x150.jpeg\" alt=\"Sumpfpflanze Goldfelberich\" width=\"150\" height=\"150\" srcset=\"https:\/\/www.samenhaus.de\/gartenblog\/wp-content\/uploads\/2022\/09\/Sumpfpflanzen_523866502-150x150.jpeg 150w, https:\/\/www.samenhaus.de\/gartenblog\/wp-content\/uploads\/2022\/09\/Sumpfpflanzen_523866502-80x80.jpeg 80w\" sizes=\"auto, (max-width: 150px) 100vw, 150px\" \/>Goldfelberich (<em>Lysimachia punctata<\/em>) \u2013 winterharte Staude<span class=\"ez-toc-section-end\"><\/span><\/h4>\n<ul>\n<li>Wuchsh\u00f6he: bis 80 cm<\/li>\n<li>Bl\u00fctezeit: Juni bis August<\/li>\n<li>Bl\u00fctenfarbe: gelb<\/li>\n<\/ul>\n<p>&nbsp;<\/p>\n<h4 class=\"western\"><span class=\"ez-toc-section\" id=\"Kraehenfuss_Laugenblume_Cotula_coronopifolia_%E2%80%93_einjaehrige_Pflanze_wenn_starker_Frost_ist\"><\/span><img loading=\"lazy\" decoding=\"async\" class=\"alignleft wp-image-6955 size-thumbnail\" src=\"https:\/\/www.samenhaus.de\/gartenblog\/wp-content\/uploads\/2022\/09\/Sumpfpflanzen_363684618-150x150.jpeg\" alt=\"Sumpfpflanze Kr\u00e4henfu\u00df Laugenblume\" width=\"150\" height=\"150\" srcset=\"https:\/\/www.samenhaus.de\/gartenblog\/wp-content\/uploads\/2022\/09\/Sumpfpflanzen_363684618-150x150.jpeg 150w, https:\/\/www.samenhaus.de\/gartenblog\/wp-content\/uploads\/2022\/09\/Sumpfpflanzen_363684618-80x80.jpeg 80w\" sizes=\"auto, (max-width: 150px) 100vw, 150px\" \/>Kr\u00e4henfu\u00df Laugenblume (<em>Cotula coronopifolia<\/em>) \u2013 einj\u00e4hrige Pflanze, wenn starker Frost ist<span class=\"ez-toc-section-end\"><\/span><\/h4>\n<ul>\n<li>Wuchsh\u00f6he: bis 30 cm<\/li>\n<li>Bl\u00fctezeit: Juni bis August<\/li>\n<li>Bl\u00fctenfarbe: gelb<\/li>\n<li>Besonderheiten: verstr\u00f6mt einen leichten Zitronenduft, wenn die Bl\u00e4tter zerrieben werden<\/li>\n<\/ul>\n<p>&nbsp;<\/p>\n<h4 class=\"western\"><span class=\"ez-toc-section\" id=\"Echtes_Maedesuesse_Filipendula_ulmaria_%E2%80%93_winterharte_Staude\"><\/span><img loading=\"lazy\" decoding=\"async\" class=\"alignleft wp-image-6943 size-thumbnail\" src=\"https:\/\/www.samenhaus.de\/gartenblog\/wp-content\/uploads\/2022\/09\/Sumpfpflanzen_207748231-150x150.jpeg\" alt=\"Sumpfpflanze Echtes M\u00e4des\u00fc\u00dfe\" width=\"150\" height=\"150\" srcset=\"https:\/\/www.samenhaus.de\/gartenblog\/wp-content\/uploads\/2022\/09\/Sumpfpflanzen_207748231-150x150.jpeg 150w, https:\/\/www.samenhaus.de\/gartenblog\/wp-content\/uploads\/2022\/09\/Sumpfpflanzen_207748231-80x80.jpeg 80w\" sizes=\"auto, (max-width: 150px) 100vw, 150px\" \/>Echtes M\u00e4des\u00fc\u00dfe (<em>Filipendula ulmaria<\/em>) \u2013 winterharte Staude<span class=\"ez-toc-section-end\"><\/span><\/h4>\n<ul>\n<li>Wuchsh\u00f6he: bis 150 cm<\/li>\n<li>Bl\u00fctezeit: Juni bis Juli<\/li>\n<li>Bl\u00fctenfarbe: wei\u00df<\/li>\n<li>Besonderheiten: Pollen-Weide f\u00fcr zahlreiche Insekten, Pflanze enth\u00e4lt Salicyls\u00e4ure<\/li>\n<\/ul>\n<p>&nbsp;<\/p>\n<h4 class=\"western\"><span class=\"ez-toc-section\" id=\"Sumpf_Schafgarbe_Achillea_ptarmica_winterharte_mehrjaehrige_Staude\"><\/span><img loading=\"lazy\" decoding=\"async\" class=\"alignleft wp-image-6935 size-thumbnail\" src=\"https:\/\/www.samenhaus.de\/gartenblog\/wp-content\/uploads\/2022\/09\/Sumpfpflanzen_43834734-150x150.jpeg\" alt=\"Sumpfpflanze Sumpf Schafgarbe\" width=\"150\" height=\"150\" srcset=\"https:\/\/www.samenhaus.de\/gartenblog\/wp-content\/uploads\/2022\/09\/Sumpfpflanzen_43834734-150x150.jpeg 150w, https:\/\/www.samenhaus.de\/gartenblog\/wp-content\/uploads\/2022\/09\/Sumpfpflanzen_43834734-80x80.jpeg 80w\" sizes=\"auto, (max-width: 150px) 100vw, 150px\" \/>Sumpf Schafgarbe (<em>Achillea ptarmica<\/em>) winterharte, mehrj\u00e4hrige Staude<span class=\"ez-toc-section-end\"><\/span><\/h4>\n<ul>\n<li>Wuchsh\u00f6he: bis 60 cm<\/li>\n<li>Bl\u00fctezeit: Juni bis September<\/li>\n<li>Bl\u00fctenfarbe: wei\u00df<\/li>\n<li>Besonderheiten: Magnet f\u00fcr Fliegen, Bienen und Hummeln<\/li>\n<\/ul>\n<p>&nbsp;<\/p>\n<h4 class=\"western\"><span class=\"ez-toc-section\" id=\"Sumpf_Storchenschnabel_Geranium_palustre_%E2%80%93_mehrjaehrige_winterharte_Staude\"><\/span><img loading=\"lazy\" decoding=\"async\" class=\"alignleft wp-image-6942 size-thumbnail\" src=\"https:\/\/www.samenhaus.de\/gartenblog\/wp-content\/uploads\/2022\/09\/Sumpfpflanzen_205620765-150x150.jpeg\" alt=\"Sumpfpflanze Sumpf Storchenschnabel\" width=\"150\" height=\"150\" srcset=\"https:\/\/www.samenhaus.de\/gartenblog\/wp-content\/uploads\/2022\/09\/Sumpfpflanzen_205620765-150x150.jpeg 150w, https:\/\/www.samenhaus.de\/gartenblog\/wp-content\/uploads\/2022\/09\/Sumpfpflanzen_205620765-80x80.jpeg 80w\" sizes=\"auto, (max-width: 150px) 100vw, 150px\" \/>Sumpf Storchenschnabel (<em>Geranium palustre<\/em>) \u2013 mehrj\u00e4hrige, winterharte Staude<span class=\"ez-toc-section-end\"><\/span><\/h4>\n<ul>\n<li>Wuchsh\u00f6he: bis 60 cm<\/li>\n<li>Bl\u00fctezeig: Juni bis September<\/li>\n<li>Bl\u00fctenfarbe: lila<\/li>\n<li>Besonderheiten: Insektenweide<\/li>\n<\/ul>\n<p>&nbsp;<\/p>\n<h4 class=\"western\"><span class=\"ez-toc-section\" id=\"Gewoehnlicher_Wasserdost_Eupatorium_Cannabinum_%E2%80%93_winterharte_Staude_mit_Rhizom\"><\/span><img loading=\"lazy\" decoding=\"async\" class=\"alignleft wp-image-6951 size-thumbnail\" src=\"https:\/\/www.samenhaus.de\/gartenblog\/wp-content\/uploads\/2022\/09\/Sumpfpflanzen_335215526-150x150.jpeg\" alt=\"Sumpfpflanze Gew\u00f6hnlicher Wasserdost\" width=\"150\" height=\"150\" srcset=\"https:\/\/www.samenhaus.de\/gartenblog\/wp-content\/uploads\/2022\/09\/Sumpfpflanzen_335215526-150x150.jpeg 150w, https:\/\/www.samenhaus.de\/gartenblog\/wp-content\/uploads\/2022\/09\/Sumpfpflanzen_335215526-80x80.jpeg 80w\" sizes=\"auto, (max-width: 150px) 100vw, 150px\" \/>Gew\u00f6hnlicher Wasserdost (<em>Eupatorium Cannabinum<\/em>) \u2013 winterharte Staude mit Rhizom<span class=\"ez-toc-section-end\"><\/span><\/h4>\n<ul>\n<li>Wuchsh\u00f6he: bis 150 cm<\/li>\n<li>Bl\u00fctezeit: Juli bis September<\/li>\n<li>Bl\u00fctenfarbe: wei\u00df-rosa<\/li>\n<li>Besonderheiten: Insektenweide, Giftpflanze und zugleich Heilpflanze<\/li>\n<\/ul>\n<p>&nbsp;<\/p>\n<h4 class=\"western\"><span class=\"ez-toc-section\" id=\"Grosser_Wasserdost_Eupatorium_fistulosum_Glutball_%E2%80%93_winterharte_Staude_mit_Rhizom\"><\/span><img loading=\"lazy\" decoding=\"async\" class=\"alignleft wp-image-6936 size-thumbnail\" src=\"https:\/\/www.samenhaus.de\/gartenblog\/wp-content\/uploads\/2022\/09\/Sumpfpflanzen_76908494-150x150.jpeg\" alt=\"Sumpfpflanze Gro\u00dfer Wasserdost\" width=\"150\" height=\"150\" srcset=\"https:\/\/www.samenhaus.de\/gartenblog\/wp-content\/uploads\/2022\/09\/Sumpfpflanzen_76908494-150x150.jpeg 150w, https:\/\/www.samenhaus.de\/gartenblog\/wp-content\/uploads\/2022\/09\/Sumpfpflanzen_76908494-80x80.jpeg 80w\" sizes=\"auto, (max-width: 150px) 100vw, 150px\" \/>Gro\u00dfer Wasserdost (<em>Eupatorium fistulosum Glutball<\/em>) \u2013 winterharte Staude mit Rhizom<span class=\"ez-toc-section-end\"><\/span><\/h4>\n<ul>\n<li>Wuchsh\u00f6he: bis 200 cm<\/li>\n<li>Bl\u00fctezeit: Juli bis Oktober<\/li>\n<li>Bl\u00fctenfarbe: wei\u00df, purpur, rot<\/li>\n<li>Besonderheiten: gro\u00dfe Bl\u00fcten bis zu 15 cm, Insektenweide<\/li>\n<\/ul>\n<p>&nbsp;<\/p>\n<h2 class=\"western\"><span class=\"ez-toc-section\" id=\"Herbstblueher_fuer_nasse_Boeden\"><\/span>Herbstbl\u00fcher f\u00fcr nasse B\u00f6den<span class=\"ez-toc-section-end\"><\/span><\/h2>\n<p>Herbstbl\u00fcher in diesem Sinne gibt es nicht f\u00fcr feuchte B\u00f6den. Hier sollten Sie aus der obigen Auswahl einige Dauerbl\u00fcher aussuchen, die bis in den Oktober hinein bl\u00fchen, um sich auch im Herbst an wundersch\u00f6nen Bl\u00fcten zu erfreuen.<\/p>\n<h2 class=\"western\"><span class=\"ez-toc-section\" id=\"Winterblueher_fuer_nasse_Boeden\"><\/span>Winterbl\u00fcher f\u00fcr nasse B\u00f6den<span class=\"ez-toc-section-end\"><\/span><\/h2>\n<p>Leider finden Sie auch nur wenige Winterbl\u00fcher. Hier k\u00f6nnen Sie auf die Fr\u00fchbl\u00fcher zur\u00fcckgreifen, die teilweise bereits ab M\u00e4rz bl\u00fchen.<\/p>\n<h2 class=\"western\"><span class=\"ez-toc-section\" id=\"Sumpfpflanzen_fuer_Bachlaeufe_Feuchtwiesen_oder_den_Teichrand\"><\/span>Sumpfpflanzen f\u00fcr Bachl\u00e4ufe, Feuchtwiesen oder den Teichrand<span class=\"ez-toc-section-end\"><\/span><\/h2>\n<p><img loading=\"lazy\" decoding=\"async\" class=\"size-medium wp-image-6949 alignright\" src=\"https:\/\/www.samenhaus.de\/gartenblog\/wp-content\/uploads\/2022\/09\/Sumpfpflanzen_314961167-300x200.jpeg\" alt=\"Sumpfpflanze Farn\" width=\"300\" height=\"200\" srcset=\"https:\/\/www.samenhaus.de\/gartenblog\/wp-content\/uploads\/2022\/09\/Sumpfpflanzen_314961167-300x200.jpeg 300w, https:\/\/www.samenhaus.de\/gartenblog\/wp-content\/uploads\/2022\/09\/Sumpfpflanzen_314961167-600x401.jpeg 600w, https:\/\/www.samenhaus.de\/gartenblog\/wp-content\/uploads\/2022\/09\/Sumpfpflanzen_314961167-768x513.jpeg 768w, https:\/\/www.samenhaus.de\/gartenblog\/wp-content\/uploads\/2022\/09\/Sumpfpflanzen_314961167-1024x684.jpeg 1024w, https:\/\/www.samenhaus.de\/gartenblog\/wp-content\/uploads\/2022\/09\/Sumpfpflanzen_314961167-1536x1025.jpeg 1536w, https:\/\/www.samenhaus.de\/gartenblog\/wp-content\/uploads\/2022\/09\/Sumpfpflanzen_314961167-2048x1367.jpeg 2048w\" sizes=\"auto, (max-width: 300px) 100vw, 300px\" \/>Wenn Sie \u00fcber einen Teich verf\u00fcgen, k\u00f6nnen Sie auch verschiedene Farnarten f\u00fcr den Teichrand nutzen, die gerne nasse F\u00fc\u00dfe haben. Zudem sind sie als begleitende Sumpfpflanzen hervorragend f\u00fcr oben genannte Pflanzen geeignet. Doch auch Ziergr\u00e4ser wie Hainsimsen oder Seggen sowie Schilf- und Bambuspflanzen kommen gut mit feuchten B\u00f6den klar.<\/p>\n<p>Als Farne kommen K\u00f6nigsfarn, Strau\u00dfenfarn, Sumpf Lappenfarn wie auch Kamm Wurmfarn oder Zimtfarn in Betracht.<\/p>\n<p>&nbsp;<\/p>\n<p>&nbsp;<\/p>\n<p>&nbsp;<\/p>\n","protected":false},"excerpt":{"rendered":"<p>Es gibt in manchen G\u00e4rten Ecken, an denen G\u00e4rtner \u00fcberzeugt sind, dass nichts w\u00e4chst. Die Rede ist von Staun\u00e4sse und insgesamt sehr nassen B\u00f6den. Denn wir alle wissen, dass Staun\u00e4sse nur die wenigsten Pflanzen vertragen. Doch es gibt sie tats\u00e4chlich \u2013 die Pflanzen, die auch nasse F\u00fc\u00dfe m\u00f6gen. Und genau das kann so manche Gartenplanung retten. Auch wenn in der Regel Staun\u00e4sse durch Bodenbearbeitung reduziert werden kann, ist es leider nicht immer der Fall. Damit Sie auch an diesen Pl\u00e4tzen Pflanzen setzen k\u00f6nnen, erfahren Sie heute, welche Pflanzen es lieben, wenn sie nasse F\u00fc\u00dfe haben. Pflanzen f\u00fcr nasse B\u00f6den Die meisten Pflanzen vertragen zwar N\u00e4sse, sind aber zwingend auf durchl\u00e4ssige B\u00f6den angewiesen. So kann das Wasser abflie\u00dfen und es bildet sich keine Staun\u00e4sse. In der Regel sind die B\u00f6den bei Staun\u00e4sse verdichtet, weshalb nur wenige Pflanzen hier gedeihen k\u00f6nnen. Doch die Natur h\u00e4lt f\u00fcr uns alles bereit, was wir ben\u00f6tigen \u2013 somit auch Pflanzen, die feuchte B\u00f6den m\u00f6gen. Welche das sind, finden Sie hier im Kurzprofil: Fr\u00fchlingsbl\u00fcher f\u00fcr nasse B\u00f6den Bachbunge (Veronica beccabunga) \u2013 winterharte, immergr\u00fcne Staude Wuchsh\u00f6he: bis zu 30 cm Bl\u00fctezeit: Mai bis August Bl\u00fctenfarbe: himmelblau bis blau Besonderheiten: Bienenmagnet, Bl\u00e4tter als Blattgem\u00fcse oder Salat geeignet &nbsp; Drachenwurz [&hellip;]<\/p>\n","protected":false},"author":12,"featured_media":6950,"comment_status":"open","ping_status":"open","sticky":false,"template":"","format":"standard","meta":{"_acf_changed":false,"footnotes":""},"categories":[13],"tags":[],"hersteller":[],"class_list":["post-6260","post","type-post","status-publish","format-standard","has-post-thumbnail","hentry","category-blumen"],"acf":[],"yoast_head":"<!-- This site is optimized with the Yoast SEO plugin v27.4 - https:\/\/yoast.com\/product\/yoast-seo-wordpress\/ -->\n<title>Sumpfpflanzen f\u00fcr nasse B\u00f6den - Samenhaus Gartenblog<\/title>\n<meta name=\"description\" content=\"Sumpfpflanzen sind f\u00fcr feuchte Pl\u00e4tze im Garten ideal. Auch als Teichbepflanzung in der Uferzone k\u00f6nnen Sie die Pflanzen nutzen.\" \/>\n<meta name=\"robots\" content=\"index, follow, max-snippet:-1, max-image-preview:large, max-video-preview:-1\" \/>\n<link rel=\"canonical\" href=\"https:\/\/www.samenhaus.de\/gartenblog\/sumpfpflanzen-fuer-nasse-boeden\" \/>\n<meta property=\"og:locale\" content=\"de_DE\" \/>\n<meta property=\"og:type\" content=\"article\" \/>\n<meta property=\"og:title\" content=\"Sumpfpflanzen f\u00fcr nasse B\u00f6den - Samenhaus Gartenblog\" \/>\n<meta property=\"og:description\" content=\"Sumpfpflanzen sind f\u00fcr feuchte Pl\u00e4tze im Garten ideal. Auch als Teichbepflanzung in der Uferzone k\u00f6nnen Sie die Pflanzen nutzen.\" \/>\n<meta property=\"og:url\" content=\"https:\/\/www.samenhaus.de\/gartenblog\/sumpfpflanzen-fuer-nasse-boeden\" \/>\n<meta property=\"og:site_name\" content=\"Samenhaus Gartenblog\" \/>\n<meta property=\"article:publisher\" content=\"https:\/\/de-de.facebook.com\/samenhaus\" \/>\n<meta property=\"article:published_time\" content=\"2022-09-16T09:00:09+00:00\" \/>\n<meta property=\"article:modified_time\" content=\"2023-08-10T11:17:01+00:00\" \/>\n<meta property=\"og:image\" content=\"https:\/\/www.samenhaus.de\/gartenblog\/wp-content\/uploads\/2022\/09\/Sumpfpflanzen_327499961-scaled.jpeg\" \/>\n\t<meta property=\"og:image:width\" content=\"2560\" \/>\n\t<meta property=\"og:image:height\" content=\"1907\" \/>\n\t<meta property=\"og:image:type\" content=\"image\/jpeg\" \/>\n<meta name=\"author\" content=\"Stephanie\" \/>\n<meta name=\"twitter:card\" content=\"summary_large_image\" \/>\n<meta name=\"twitter:creator\" content=\"@samenhaus\" \/>\n<meta name=\"twitter:site\" content=\"@samenhaus\" \/>\n<meta name=\"twitter:label1\" content=\"Verfasst von\" \/>\n\t<meta name=\"twitter:data1\" content=\"Stephanie\" \/>\n\t<meta name=\"twitter:label2\" content=\"Gesch\u00e4tzte Lesezeit\" \/>\n\t<meta name=\"twitter:data2\" content=\"14\u00a0Minuten\" \/>\n<script type=\"application\/ld+json\" class=\"yoast-schema-graph\">{\"@context\":\"https:\\\/\\\/schema.org\",\"@graph\":[{\"@type\":\"Article\",\"@id\":\"https:\\\/\\\/www.samenhaus.de\\\/gartenblog\\\/sumpfpflanzen-fuer-nasse-boeden#article\",\"isPartOf\":{\"@id\":\"https:\\\/\\\/www.samenhaus.de\\\/gartenblog\\\/sumpfpflanzen-fuer-nasse-boeden\"},\"author\":{\"name\":\"Stephanie\",\"@id\":\"https:\\\/\\\/www.samenhaus.de\\\/gartenblog\\\/#\\\/schema\\\/person\\\/97f059f6e72cec571c88cb48b4582118\"},\"headline\":\"Sumpfpflanzen f\u00fcr nasse B\u00f6den\",\"datePublished\":\"2022-09-16T09:00:09+00:00\",\"dateModified\":\"2023-08-10T11:17:01+00:00\",\"mainEntityOfPage\":{\"@id\":\"https:\\\/\\\/www.samenhaus.de\\\/gartenblog\\\/sumpfpflanzen-fuer-nasse-boeden\"},\"wordCount\":1389,\"commentCount\":0,\"publisher\":{\"@id\":\"https:\\\/\\\/www.samenhaus.de\\\/gartenblog\\\/#organization\"},\"image\":{\"@id\":\"https:\\\/\\\/www.samenhaus.de\\\/gartenblog\\\/sumpfpflanzen-fuer-nasse-boeden#primaryimage\"},\"thumbnailUrl\":\"https:\\\/\\\/www.samenhaus.de\\\/gartenblog\\\/wp-content\\\/uploads\\\/2022\\\/09\\\/Sumpfpflanzen_327499961-scaled.jpeg\",\"articleSection\":[\"Blumen\"],\"inLanguage\":\"de\",\"potentialAction\":[{\"@type\":\"CommentAction\",\"name\":\"Comment\",\"target\":[\"https:\\\/\\\/www.samenhaus.de\\\/gartenblog\\\/sumpfpflanzen-fuer-nasse-boeden#respond\"]}],\"copyrightYear\":\"2022\",\"copyrightHolder\":{\"@id\":\"https:\\\/\\\/www.samenhaus.de\\\/gartenblog\\\/#organization\"}},{\"@type\":\"WebPage\",\"@id\":\"https:\\\/\\\/www.samenhaus.de\\\/gartenblog\\\/sumpfpflanzen-fuer-nasse-boeden\",\"url\":\"https:\\\/\\\/www.samenhaus.de\\\/gartenblog\\\/sumpfpflanzen-fuer-nasse-boeden\",\"name\":\"Sumpfpflanzen f\u00fcr nasse B\u00f6den - Samenhaus Gartenblog\",\"isPartOf\":{\"@id\":\"https:\\\/\\\/www.samenhaus.de\\\/gartenblog\\\/#website\"},\"primaryImageOfPage\":{\"@id\":\"https:\\\/\\\/www.samenhaus.de\\\/gartenblog\\\/sumpfpflanzen-fuer-nasse-boeden#primaryimage\"},\"image\":{\"@id\":\"https:\\\/\\\/www.samenhaus.de\\\/gartenblog\\\/sumpfpflanzen-fuer-nasse-boeden#primaryimage\"},\"thumbnailUrl\":\"https:\\\/\\\/www.samenhaus.de\\\/gartenblog\\\/wp-content\\\/uploads\\\/2022\\\/09\\\/Sumpfpflanzen_327499961-scaled.jpeg\",\"datePublished\":\"2022-09-16T09:00:09+00:00\",\"dateModified\":\"2023-08-10T11:17:01+00:00\",\"description\":\"Sumpfpflanzen sind f\u00fcr feuchte Pl\u00e4tze im Garten ideal. Auch als Teichbepflanzung in der Uferzone k\u00f6nnen Sie die Pflanzen nutzen.\",\"breadcrumb\":{\"@id\":\"https:\\\/\\\/www.samenhaus.de\\\/gartenblog\\\/sumpfpflanzen-fuer-nasse-boeden#breadcrumb\"},\"inLanguage\":\"de\",\"potentialAction\":[{\"@type\":\"ReadAction\",\"target\":[\"https:\\\/\\\/www.samenhaus.de\\\/gartenblog\\\/sumpfpflanzen-fuer-nasse-boeden\"]}]},{\"@type\":\"ImageObject\",\"inLanguage\":\"de\",\"@id\":\"https:\\\/\\\/www.samenhaus.de\\\/gartenblog\\\/sumpfpflanzen-fuer-nasse-boeden#primaryimage\",\"url\":\"https:\\\/\\\/www.samenhaus.de\\\/gartenblog\\\/wp-content\\\/uploads\\\/2022\\\/09\\\/Sumpfpflanzen_327499961-scaled.jpeg\",\"contentUrl\":\"https:\\\/\\\/www.samenhaus.de\\\/gartenblog\\\/wp-content\\\/uploads\\\/2022\\\/09\\\/Sumpfpflanzen_327499961-scaled.jpeg\",\"width\":2560,\"height\":1907,\"caption\":\"Sumpfpflanzen\"},{\"@type\":\"BreadcrumbList\",\"@id\":\"https:\\\/\\\/www.samenhaus.de\\\/gartenblog\\\/sumpfpflanzen-fuer-nasse-boeden#breadcrumb\",\"itemListElement\":[{\"@type\":\"ListItem\",\"position\":1,\"name\":\"Startseite\",\"item\":\"https:\\\/\\\/www.samenhaus.de\\\/gartenblog\\\/\"},{\"@type\":\"ListItem\",\"position\":2,\"name\":\"Sumpfpflanzen f\u00fcr nasse B\u00f6den\"}]},{\"@type\":\"WebSite\",\"@id\":\"https:\\\/\\\/www.samenhaus.de\\\/gartenblog\\\/#website\",\"url\":\"https:\\\/\\\/www.samenhaus.de\\\/gartenblog\\\/\",\"name\":\"Samenhaus Gartenblog\",\"description\":\"\",\"publisher\":{\"@id\":\"https:\\\/\\\/www.samenhaus.de\\\/gartenblog\\\/#organization\"},\"potentialAction\":[{\"@type\":\"SearchAction\",\"target\":{\"@type\":\"EntryPoint\",\"urlTemplate\":\"https:\\\/\\\/www.samenhaus.de\\\/gartenblog\\\/?s={search_term_string}\"},\"query-input\":{\"@type\":\"PropertyValueSpecification\",\"valueRequired\":true,\"valueName\":\"search_term_string\"}}],\"inLanguage\":\"de\"},{\"@type\":\"Organization\",\"@id\":\"https:\\\/\\\/www.samenhaus.de\\\/gartenblog\\\/#organization\",\"name\":\"Samenhaus.de Gartenblog\",\"url\":\"https:\\\/\\\/www.samenhaus.de\\\/gartenblog\\\/\",\"logo\":{\"@type\":\"ImageObject\",\"inLanguage\":\"de\",\"@id\":\"https:\\\/\\\/www.samenhaus.de\\\/gartenblog\\\/#\\\/schema\\\/logo\\\/image\\\/\",\"url\":\"https:\\\/\\\/www.samenhaus.de\\\/gartenblog\\\/wp-content\\\/uploads\\\/2020\\\/11\\\/logo.svg\",\"contentUrl\":\"https:\\\/\\\/www.samenhaus.de\\\/gartenblog\\\/wp-content\\\/uploads\\\/2020\\\/11\\\/logo.svg\",\"width\":1,\"height\":1,\"caption\":\"Samenhaus.de Gartenblog\"},\"image\":{\"@id\":\"https:\\\/\\\/www.samenhaus.de\\\/gartenblog\\\/#\\\/schema\\\/logo\\\/image\\\/\"},\"sameAs\":[\"https:\\\/\\\/de-de.facebook.com\\\/samenhaus\",\"https:\\\/\\\/x.com\\\/samenhaus\"]},{\"@type\":\"Person\",\"@id\":\"https:\\\/\\\/www.samenhaus.de\\\/gartenblog\\\/#\\\/schema\\\/person\\\/97f059f6e72cec571c88cb48b4582118\",\"name\":\"Stephanie\",\"image\":{\"@type\":\"ImageObject\",\"inLanguage\":\"de\",\"@id\":\"https:\\\/\\\/www.samenhaus.de\\\/gartenblog\\\/wp-content\\\/uploads\\\/2026\\\/03\\\/stefanie-150x150.png\",\"url\":\"https:\\\/\\\/www.samenhaus.de\\\/gartenblog\\\/wp-content\\\/uploads\\\/2026\\\/03\\\/stefanie-150x150.png\",\"contentUrl\":\"https:\\\/\\\/www.samenhaus.de\\\/gartenblog\\\/wp-content\\\/uploads\\\/2026\\\/03\\\/stefanie-150x150.png\",\"caption\":\"Stephanie\"},\"description\":\"Garten und Pflanzen waren schon immer meine Leidenschaft. Wahrscheinlich deshalb, weil ich damit aufgewachsen bin. Ich verwerte in der Regel alles und mache Lik\u00f6re, Marmeladen und nutze Kr\u00e4uter auch als Heilpflanzen, indem ich \u00d6le und Tinkturen herstelle. Leider habe ich meinen gr\u00fcnen Daumen beim Auswandern nach Spanien in Deutschland vergessen. Langsam kehrt er aber wieder zur\u00fcck und die Anpassung an die neue Klimazone war gar nicht so einfach. Mittlerweile schaffe ich es sogar, dass gekaufter Basilikum \u00fcberlebt.\",\"url\":\"https:\\\/\\\/www.samenhaus.de\\\/gartenblog\\\/author\\\/stephanie\"}]}<\/script>\n<!-- \/ Yoast SEO plugin. -->","yoast_head_json":{"title":"Sumpfpflanzen f\u00fcr nasse B\u00f6den - Samenhaus Gartenblog","description":"Sumpfpflanzen sind f\u00fcr feuchte Pl\u00e4tze im Garten ideal. Auch als Teichbepflanzung in der Uferzone k\u00f6nnen Sie die Pflanzen nutzen.","robots":{"index":"index","follow":"follow","max-snippet":"max-snippet:-1","max-image-preview":"max-image-preview:large","max-video-preview":"max-video-preview:-1"},"canonical":"https:\/\/www.samenhaus.de\/gartenblog\/sumpfpflanzen-fuer-nasse-boeden","og_locale":"de_DE","og_type":"article","og_title":"Sumpfpflanzen f\u00fcr nasse B\u00f6den - Samenhaus Gartenblog","og_description":"Sumpfpflanzen sind f\u00fcr feuchte Pl\u00e4tze im Garten ideal. Auch als Teichbepflanzung in der Uferzone k\u00f6nnen Sie die Pflanzen nutzen.","og_url":"https:\/\/www.samenhaus.de\/gartenblog\/sumpfpflanzen-fuer-nasse-boeden","og_site_name":"Samenhaus Gartenblog","article_publisher":"https:\/\/de-de.facebook.com\/samenhaus","article_published_time":"2022-09-16T09:00:09+00:00","article_modified_time":"2023-08-10T11:17:01+00:00","og_image":[{"width":2560,"height":1907,"url":"https:\/\/www.samenhaus.de\/gartenblog\/wp-content\/uploads\/2022\/09\/Sumpfpflanzen_327499961-scaled.jpeg","type":"image\/jpeg"}],"author":"Stephanie","twitter_card":"summary_large_image","twitter_creator":"@samenhaus","twitter_site":"@samenhaus","twitter_misc":{"Verfasst von":"Stephanie","Gesch\u00e4tzte Lesezeit":"14\u00a0Minuten"},"schema":{"@context":"https:\/\/schema.org","@graph":[{"@type":"Article","@id":"https:\/\/www.samenhaus.de\/gartenblog\/sumpfpflanzen-fuer-nasse-boeden#article","isPartOf":{"@id":"https:\/\/www.samenhaus.de\/gartenblog\/sumpfpflanzen-fuer-nasse-boeden"},"author":{"name":"Stephanie","@id":"https:\/\/www.samenhaus.de\/gartenblog\/#\/schema\/person\/97f059f6e72cec571c88cb48b4582118"},"headline":"Sumpfpflanzen f\u00fcr nasse B\u00f6den","datePublished":"2022-09-16T09:00:09+00:00","dateModified":"2023-08-10T11:17:01+00:00","mainEntityOfPage":{"@id":"https:\/\/www.samenhaus.de\/gartenblog\/sumpfpflanzen-fuer-nasse-boeden"},"wordCount":1389,"commentCount":0,"publisher":{"@id":"https:\/\/www.samenhaus.de\/gartenblog\/#organization"},"image":{"@id":"https:\/\/www.samenhaus.de\/gartenblog\/sumpfpflanzen-fuer-nasse-boeden#primaryimage"},"thumbnailUrl":"https:\/\/www.samenhaus.de\/gartenblog\/wp-content\/uploads\/2022\/09\/Sumpfpflanzen_327499961-scaled.jpeg","articleSection":["Blumen"],"inLanguage":"de","potentialAction":[{"@type":"CommentAction","name":"Comment","target":["https:\/\/www.samenhaus.de\/gartenblog\/sumpfpflanzen-fuer-nasse-boeden#respond"]}],"copyrightYear":"2022","copyrightHolder":{"@id":"https:\/\/www.samenhaus.de\/gartenblog\/#organization"}},{"@type":"WebPage","@id":"https:\/\/www.samenhaus.de\/gartenblog\/sumpfpflanzen-fuer-nasse-boeden","url":"https:\/\/www.samenhaus.de\/gartenblog\/sumpfpflanzen-fuer-nasse-boeden","name":"Sumpfpflanzen f\u00fcr nasse B\u00f6den - Samenhaus Gartenblog","isPartOf":{"@id":"https:\/\/www.samenhaus.de\/gartenblog\/#website"},"primaryImageOfPage":{"@id":"https:\/\/www.samenhaus.de\/gartenblog\/sumpfpflanzen-fuer-nasse-boeden#primaryimage"},"image":{"@id":"https:\/\/www.samenhaus.de\/gartenblog\/sumpfpflanzen-fuer-nasse-boeden#primaryimage"},"thumbnailUrl":"https:\/\/www.samenhaus.de\/gartenblog\/wp-content\/uploads\/2022\/09\/Sumpfpflanzen_327499961-scaled.jpeg","datePublished":"2022-09-16T09:00:09+00:00","dateModified":"2023-08-10T11:17:01+00:00","description":"Sumpfpflanzen sind f\u00fcr feuchte Pl\u00e4tze im Garten ideal. Auch als Teichbepflanzung in der Uferzone k\u00f6nnen Sie die Pflanzen nutzen.","breadcrumb":{"@id":"https:\/\/www.samenhaus.de\/gartenblog\/sumpfpflanzen-fuer-nasse-boeden#breadcrumb"},"inLanguage":"de","potentialAction":[{"@type":"ReadAction","target":["https:\/\/www.samenhaus.de\/gartenblog\/sumpfpflanzen-fuer-nasse-boeden"]}]},{"@type":"ImageObject","inLanguage":"de","@id":"https:\/\/www.samenhaus.de\/gartenblog\/sumpfpflanzen-fuer-nasse-boeden#primaryimage","url":"https:\/\/www.samenhaus.de\/gartenblog\/wp-content\/uploads\/2022\/09\/Sumpfpflanzen_327499961-scaled.jpeg","contentUrl":"https:\/\/www.samenhaus.de\/gartenblog\/wp-content\/uploads\/2022\/09\/Sumpfpflanzen_327499961-scaled.jpeg","width":2560,"height":1907,"caption":"Sumpfpflanzen"},{"@type":"BreadcrumbList","@id":"https:\/\/www.samenhaus.de\/gartenblog\/sumpfpflanzen-fuer-nasse-boeden#breadcrumb","itemListElement":[{"@type":"ListItem","position":1,"name":"Startseite","item":"https:\/\/www.samenhaus.de\/gartenblog\/"},{"@type":"ListItem","position":2,"name":"Sumpfpflanzen f\u00fcr nasse B\u00f6den"}]},{"@type":"WebSite","@id":"https:\/\/www.samenhaus.de\/gartenblog\/#website","url":"https:\/\/www.samenhaus.de\/gartenblog\/","name":"Samenhaus Gartenblog","description":"","publisher":{"@id":"https:\/\/www.samenhaus.de\/gartenblog\/#organization"},"potentialAction":[{"@type":"SearchAction","target":{"@type":"EntryPoint","urlTemplate":"https:\/\/www.samenhaus.de\/gartenblog\/?s={search_term_string}"},"query-input":{"@type":"PropertyValueSpecification","valueRequired":true,"valueName":"search_term_string"}}],"inLanguage":"de"},{"@type":"Organization","@id":"https:\/\/www.samenhaus.de\/gartenblog\/#organization","name":"Samenhaus.de Gartenblog","url":"https:\/\/www.samenhaus.de\/gartenblog\/","logo":{"@type":"ImageObject","inLanguage":"de","@id":"https:\/\/www.samenhaus.de\/gartenblog\/#\/schema\/logo\/image\/","url":"https:\/\/www.samenhaus.de\/gartenblog\/wp-content\/uploads\/2020\/11\/logo.svg","contentUrl":"https:\/\/www.samenhaus.de\/gartenblog\/wp-content\/uploads\/2020\/11\/logo.svg","width":1,"height":1,"caption":"Samenhaus.de Gartenblog"},"image":{"@id":"https:\/\/www.samenhaus.de\/gartenblog\/#\/schema\/logo\/image\/"},"sameAs":["https:\/\/de-de.facebook.com\/samenhaus","https:\/\/x.com\/samenhaus"]},{"@type":"Person","@id":"https:\/\/www.samenhaus.de\/gartenblog\/#\/schema\/person\/97f059f6e72cec571c88cb48b4582118","name":"Stephanie","image":{"@type":"ImageObject","inLanguage":"de","@id":"https:\/\/www.samenhaus.de\/gartenblog\/wp-content\/uploads\/2026\/03\/stefanie-150x150.png","url":"https:\/\/www.samenhaus.de\/gartenblog\/wp-content\/uploads\/2026\/03\/stefanie-150x150.png","contentUrl":"https:\/\/www.samenhaus.de\/gartenblog\/wp-content\/uploads\/2026\/03\/stefanie-150x150.png","caption":"Stephanie"},"description":"Garten und Pflanzen waren schon immer meine Leidenschaft. Wahrscheinlich deshalb, weil ich damit aufgewachsen bin. Ich verwerte in der Regel alles und mache Lik\u00f6re, Marmeladen und nutze Kr\u00e4uter auch als Heilpflanzen, indem ich \u00d6le und Tinkturen herstelle. Leider habe ich meinen gr\u00fcnen Daumen beim Auswandern nach Spanien in Deutschland vergessen. Langsam kehrt er aber wieder zur\u00fcck und die Anpassung an die neue Klimazone war gar nicht so einfach. Mittlerweile schaffe ich es sogar, dass gekaufter Basilikum \u00fcberlebt.","url":"https:\/\/www.samenhaus.de\/gartenblog\/author\/stephanie"}]}},"wp-worthy-pixel":{"ignored":false,"public":"d77da782c1be43648a8446be1c384db6","server":"vg08.met.vgwort.de","url":"https:\/\/vg08.met.vgwort.de\/na\/d77da782c1be43648a8446be1c384db6"},"wp-worthy-type":"normal","_links":{"self":[{"href":"https:\/\/www.samenhaus.de\/gartenblog\/wp-json\/wp\/v2\/posts\/6260","targetHints":{"allow":["GET"]}}],"collection":[{"href":"https:\/\/www.samenhaus.de\/gartenblog\/wp-json\/wp\/v2\/posts"}],"about":[{"href":"https:\/\/www.samenhaus.de\/gartenblog\/wp-json\/wp\/v2\/types\/post"}],"author":[{"embeddable":true,"href":"https:\/\/www.samenhaus.de\/gartenblog\/wp-json\/wp\/v2\/users\/12"}],"replies":[{"embeddable":true,"href":"https:\/\/www.samenhaus.de\/gartenblog\/wp-json\/wp\/v2\/comments?post=6260"}],"version-history":[{"count":17,"href":"https:\/\/www.samenhaus.de\/gartenblog\/wp-json\/wp\/v2\/posts\/6260\/revisions"}],"predecessor-version":[{"id":12873,"href":"https:\/\/www.samenhaus.de\/gartenblog\/wp-json\/wp\/v2\/posts\/6260\/revisions\/12873"}],"wp:featuredmedia":[{"embeddable":true,"href":"https:\/\/www.samenhaus.de\/gartenblog\/wp-json\/wp\/v2\/media\/6950"}],"wp:attachment":[{"href":"https:\/\/www.samenhaus.de\/gartenblog\/wp-json\/wp\/v2\/media?parent=6260"}],"wp:term":[{"taxonomy":"category","embeddable":true,"href":"https:\/\/www.samenhaus.de\/gartenblog\/wp-json\/wp\/v2\/categories?post=6260"},{"taxonomy":"post_tag","embeddable":true,"href":"https:\/\/www.samenhaus.de\/gartenblog\/wp-json\/wp\/v2\/tags?post=6260"},{"taxonomy":"hersteller","embeddable":true,"href":"https:\/\/www.samenhaus.de\/gartenblog\/wp-json\/wp\/v2\/hersteller?post=6260"}],"curies":[{"name":"wp","href":"https:\/\/api.w.org\/{rel}","templated":true}]}}