{"id":6284,"date":"2022-10-31T09:00:29","date_gmt":"2022-10-31T09:00:29","guid":{"rendered":"https:\/\/www.samenhaus.de\/gartenblog\/?p=6284"},"modified":"2023-08-14T07:11:30","modified_gmt":"2023-08-14T07:11:30","slug":"weihnachten-im-garten-so-wirds-auch-draussen-festlich","status":"publish","type":"post","link":"https:\/\/www.samenhaus.de\/gartenblog\/weihnachten-im-garten-so-wirds-auch-draussen-festlich","title":{"rendered":"Weihnachten im Garten \u2013 so wird\u2019s auch drau\u00dfen festlich"},"content":{"rendered":"<p>Nicht nur drinnen im Warmen wird sp\u00e4testens ab Ende November die Vorweihnachtszeit eingel\u00e4utet, auch der Garten darf h\u00fcbsch dekoriert werden. Wenn man an kalten Winterabenden vom Haus aus in das verschneite Kleinod blickt, gr\u00fc\u00dfen von dort ein geschm\u00fcckter Tannenbaum, Weihnachtsmann, Elche und viele h\u00fcbsche Lichter. Ideen gibt es wahlreich viele, wir m\u00f6chten Ihnen einige besonders sch\u00f6ne etwas n\u00e4her bringen.<\/p>\n<h2><span class=\"ez-toc-section\" id=\"Der_Weihnachtsbaum_fuer_Tiere\"><\/span>Der Weihnachtsbaum f\u00fcr Tiere<span class=\"ez-toc-section-end\"><\/span><\/h2>\n<p><img loading=\"lazy\" decoding=\"async\" class=\"size-medium wp-image-7218 alignright\" src=\"https:\/\/www.samenhaus.de\/gartenblog\/wp-content\/uploads\/2022\/10\/Weihnachten-im-Garten_308506836-300x200.jpeg\" alt=\"Weihnachtsbaum Tiere\" width=\"300\" height=\"200\" srcset=\"https:\/\/www.samenhaus.de\/gartenblog\/wp-content\/uploads\/2022\/10\/Weihnachten-im-Garten_308506836-300x200.jpeg 300w, https:\/\/www.samenhaus.de\/gartenblog\/wp-content\/uploads\/2022\/10\/Weihnachten-im-Garten_308506836-600x400.jpeg 600w, https:\/\/www.samenhaus.de\/gartenblog\/wp-content\/uploads\/2022\/10\/Weihnachten-im-Garten_308506836-2048x1365.jpeg 2048w, https:\/\/www.samenhaus.de\/gartenblog\/wp-content\/uploads\/2022\/10\/Weihnachten-im-Garten_308506836-768x512.jpeg 768w, https:\/\/www.samenhaus.de\/gartenblog\/wp-content\/uploads\/2022\/10\/Weihnachten-im-Garten_308506836-1024x683.jpeg 1024w, https:\/\/www.samenhaus.de\/gartenblog\/wp-content\/uploads\/2022\/10\/Weihnachten-im-Garten_308506836-1536x1024.jpeg 1536w\" sizes=\"auto, (max-width: 300px) 100vw, 300px\" \/>Warum sollen eigentlich nur wir Menschen uns \u00fcber einen tollen Weihnachtsbaum freuen? Warum nicht auch unsere heimischen Tiere? Schm\u00fccken Sie doch gemeinsam mit Ihren Kids einen Baum, der im Garten festlich aussieht, und an dem Tiere ihre wahre Freude haben werden. Und so geht\u00b4s:<\/p>\n<ul>\n<li>Christbaumkugeln werden durch schmackhafte \u00c4pfel und Birnen ersetzt.<\/li>\n<li>Die Eiszapfen tauschen Sie einfach gegen Karotten aus.<\/li>\n<li>Strohsterne werden drinnen aufgeh\u00e4ngt, drau\u00dfen sind es Futtersterne. Diese k\u00f6nnen Sie selbst herstellen, indem Sie Vogelfutter und Kokosfett vermengen und in Pl\u00e4tzchenformen gie\u00dfen. So entstehen schmackhafte Sterne, Weihnachtsm\u00e4nner, Engel und Rentiere.<\/li>\n<li>Sammeln Sie gro\u00dfe Tannenzapfen, stecken Sie in die Zwischenr\u00e4ume N\u00fcsse und h\u00e4ngen Sie diese verkehrtherum auf.<\/li>\n<li>Binden Sie Heu oder Stroh zusammen, beispielsweise zu einem Ring oder zu einem B\u00fcndel, das Sie einfach in den Baum h\u00e4ngen. Damit k\u00f6nnen die Tiere Ihr Nest ausbauen.<\/li>\n<li>Befestigen Sie kleine leere Einmachgl\u00e4ser und f\u00fcllen Sie diese mit Vogelfutter.<\/li>\n<\/ul>\n<p>Mit einem solchen Weihnachtsbaum haben V\u00f6gel, Eichh\u00f6rnchen oder M\u00e4use ein wahres Futterparadies und Sie k\u00f6nnen die Tiere von drinnen aus beobachten. Kontrollieren Sie Obst und Gem\u00fcse regelm\u00e4\u00dfig auf F\u00e4ulnis und Schimmel und tauschen Sie es gegebenenfalls aus. Im Idealfall steht der Baum windgesch\u00fctzt und nicht zu nah am Haus, damit sich die Tiere auch hintrauen.<\/p>\n<h2><span class=\"ez-toc-section\" id=\"Der_Weihnachtsbaum_aus_Kiefernzapfen\"><\/span>Der Weihnachtsbaum aus Kiefernzapfen<span class=\"ez-toc-section-end\"><\/span><\/h2>\n<p>Basteln Sie Ihren Weihnachtsbaum doch einfach selbst \u2013 und zwar aus Kiefernzapfen. Dazu brauchen Sie nat\u00fcrlich sehr viele Kiefernzapfen, die Sie auf herbstlichen Waldspazierg\u00e4ngen sammeln k\u00f6nnen. Um den Baum zu bauen, legen Sie einen Ring aus den Zapfen vor sich auf den Tisch und verkleben Sie die Zapfen miteinander. Der Durchmesser sollte nicht zu klein sein, damit der Zapfenbaum im Garten auch zur Geltung kommt. Nun arbeiten Sie sich Zapfen f\u00fcr Zapfen nach oben und lassen den Baum spitz zulaufen. Verwenden Sie am besten Hei\u00dfkleber, da dieser schnell trocknet und besonders gut h\u00e4lt. Ist der Zapfenbaum fertig, k\u00f6nnen Sie ihn beispielsweise noch mit roten Schleifchen oder Watte als Schneeersatz schm\u00fccken.<\/p>\n<h2><span class=\"ez-toc-section\" id=\"Ueberdimensionale_Weihnachtskerzen_aus_Holz\"><\/span>\u00dcberdimensionale Weihnachtskerzen aus Holz<span class=\"ez-toc-section-end\"><\/span><\/h2>\n<p><img loading=\"lazy\" decoding=\"async\" class=\"size-medium wp-image-7215 alignright\" src=\"https:\/\/www.samenhaus.de\/gartenblog\/wp-content\/uploads\/2022\/10\/Weihnachten-im-Garten_185008347-300x199.jpeg\" alt=\"Weihnachtskerzen Baumstamm\" width=\"300\" height=\"199\" \/>Sind Sie geschickt im Umgang mit der S\u00e4ge? Dann sammeln Sie doch ein paar Holzst\u00e4mme und basteln Sie daraus gro\u00dfe Weihnachtskerzen, die den Garten versch\u00f6nern. Die Holzst\u00e4mme d\u00fcrfen gerne einen Durchmesser von ca. 10 bis 15 Zentimetern haben. Eine gute H\u00f6he ist etwa bei 30 bis 40 Zentimetern. Schneiden Sie den Stamm entsprechend zu. F\u00fcr die Flamme nehmen Sie ein Holzbrett mit einer St\u00e4rke, die zum Stamm passt. Zeichnen Sie eine Flamme auf das Brett und schneiden Sie diese aus. Bemalen Sie den Stamm am besten in Rot, die Flamme in Gelb oder Orange und verbinden Sie beides, indem Sie es aufeinander kleben. Alternativ k\u00f6nnen Sie auch in den Stamm und in die Flamme ein kleines Loch bohren und mit einem Nagelstift verbinden. Schlagen Sie f\u00fcr einen besseren Halt unten in den Stamm einen gro\u00dfen Nagel und stellen Sie die Kerzen so auf dem Rasen oder im winterlichen Blumenbeet auf.<\/p>\n<h2><span class=\"ez-toc-section\" id=\"Weihnachtswichtel_aus_Holz\"><\/span>Weihnachtswichtel aus Holz<span class=\"ez-toc-section-end\"><\/span><\/h2>\n<p>Ebenfalls mit Holzst\u00e4mmen arbeiten Sie, wenn Sie Weihnachtswichtel selbst basteln m\u00f6chten. Dazu sollte der Stamm unten standfest und gerade, oben in einem Winkel von etwa 45 Grad abgeflacht sein. Die schr\u00e4ge Fl\u00e4che k\u00f6nnen Sie einfach mit einer S\u00e4ge herstellen. Nun brauchen Sie wasserfeste Farben und k\u00f6nnen so eine Wichtelm\u00fctze, das Gesicht und einen Bart aufmalen. Wenn Sie m\u00f6gen geben Sie den Wichteln noch einen w\u00e4rmenden Umhang aus Gr\u00fcnschnitt aus Thuja oder Nadelgeh\u00f6lzen.<\/p>\n<h2><span class=\"ez-toc-section\" id=\"Weihnachtswichtel_aus_Tannenzweigen\"><\/span>Weihnachtswichtel aus Tannenzweigen<span class=\"ez-toc-section-end\"><\/span><\/h2>\n<p><img loading=\"lazy\" decoding=\"async\" class=\"size-medium wp-image-7217 alignright\" src=\"https:\/\/www.samenhaus.de\/gartenblog\/wp-content\/uploads\/2022\/10\/Weihnachten-im-Garten_307390452-300x200.jpeg\" alt=\"Weihnachtswichtel\" width=\"300\" height=\"200\" srcset=\"https:\/\/www.samenhaus.de\/gartenblog\/wp-content\/uploads\/2022\/10\/Weihnachten-im-Garten_307390452-300x200.jpeg 300w, https:\/\/www.samenhaus.de\/gartenblog\/wp-content\/uploads\/2022\/10\/Weihnachten-im-Garten_307390452-600x400.jpeg 600w, https:\/\/www.samenhaus.de\/gartenblog\/wp-content\/uploads\/2022\/10\/Weihnachten-im-Garten_307390452-768x513.jpeg 768w, https:\/\/www.samenhaus.de\/gartenblog\/wp-content\/uploads\/2022\/10\/Weihnachten-im-Garten_307390452-2048x1367.jpeg 2048w, https:\/\/www.samenhaus.de\/gartenblog\/wp-content\/uploads\/2022\/10\/Weihnachten-im-Garten_307390452-1024x683.jpeg 1024w, https:\/\/www.samenhaus.de\/gartenblog\/wp-content\/uploads\/2022\/10\/Weihnachten-im-Garten_307390452-1536x1025.jpeg 1536w\" sizes=\"auto, (max-width: 300px) 100vw, 300px\" \/>Dieser niedliche Geselle wird aus Tannenzweigen hergestellt, die Sie zu einem Strau\u00df gut zusammenbinden und anschlie\u00dfend herumdrehen. St\u00fclpen Sie an der spitzen Stelle, an der die Zweige zusammengebunden sind, einfach eine Zipfelm\u00fctze \u00fcber. Den Bart k\u00f6nnen Sie mit Watte oder Bast anfertigen und an den Zweigen befestigen. Nase und Augen sind mit kleinen Christbaumkugeln schnell montiert. Fertig ist der Weihnachtswichtel, der im Garten ein echter Hingucker ist.<\/p>\n<h2><span class=\"ez-toc-section\" id=\"Weihnachtliche_Blumentoepfe\"><\/span>Weihnachtliche Blument\u00f6pfe<span class=\"ez-toc-section-end\"><\/span><\/h2>\n<p>Wenn Sie mit Kindern basteln, dann bieten sich Blument\u00f6pfe an, die Sie festlich gestalten k\u00f6nnen und anschlie\u00dfend auf der Terrasse aufh\u00e4ngen oder auf dem Terrassentisch h\u00fcbsch drapieren. Der Blumentopf wird mit wei\u00dfem Sand oder mit feinem Kies gef\u00fcllt, damit es wie Schnee aussieht. In die Mitte kommt ein Windlicht mit Kerze. Das Glas k\u00f6nnen Sie nat\u00fcrlich ebenfalls weihnachtlich bemalen. Verzieren Sie die Topfkante mit einem roten Band, an das Sie zus\u00e4tzlich kleine Kugeln oder Sterne aufh\u00e4ngen. Zum Schluss wird noch ein wenig Tannengr\u00fcn in den Topf gesteckt, schon sieht das Ganze festlich aus. Nat\u00fcrlich k\u00f6nnen Sie auch variieren und Ihrer Fantasie freien Lauf lassen. Es bieten sich zur Dekoration zum Beispiel Tannen- oder Kiefernzapfen an, Christbaumkugeln, Strohsterne oder auch Wachsmodeln. Haben Sie eine immergr\u00fcne Topfpflanze oder vielleicht einen Christstern, dann k\u00f6nnen Sie den Topf nat\u00fcrlich ebenfalls weihnachtlich versch\u00f6nern und die Pflanze als Mittelpunkt nehmen.<\/p>\n<h2><span class=\"ez-toc-section\" id=\"Geeiste_Windlichter\"><\/span>Geeiste Windlichter<span class=\"ez-toc-section-end\"><\/span><\/h2>\n<p><img loading=\"lazy\" decoding=\"async\" class=\"size-medium wp-image-7216 alignright\" src=\"https:\/\/www.samenhaus.de\/gartenblog\/wp-content\/uploads\/2022\/10\/Weihnachten-im-Garten_235382620-300x193.jpeg\" alt=\"Geeiste Windlichter\" width=\"300\" height=\"193\" \/>Man nehme ein Glas, beispielsweise ein leeres Gurken- oder Marmeladenglas oder ein Einweckglas. In dieses Glas kommt etwa zwei Zentimeter hoch grobes Salz, das nun mit Wasser gut getr\u00e4nkt wird, sich aber nicht aufl\u00f6st. Stellen Sie das Glas an einem warmen Ort, idealerweise \u00fcber eine Heizung und bringen Sie ein paar Tage Geduld mit. In dieser Zeit bilden sich n\u00e4mlich Salzkristalle, die langsam im Glas nach oben wandern. Das restliche Salz am Boden kann im Glas bleiben, es dient als Unterlage f\u00fcr ein Teelicht, das nun in das Glas kommt. Diese Windlichter an einem gesch\u00fctzten Ort im Garten bzw. auf der Terrasse aufgestellt oder aufgeh\u00e4ngt l\u00e4sst sicherlich die passende Weihnachtsstimmung aufkommen.<\/p>\n<h2><span class=\"ez-toc-section\" id=\"Die_Weihnachtsgabione\"><\/span>Die Weihnachtsgabione<span class=\"ez-toc-section-end\"><\/span><\/h2>\n<p>Kennen Sie Gabionen? Haben Sie mit Sicherheit schon gesehen. Dabei handelt es sich um stabile Gitterk\u00f6rbe, in die in der Regel Steine gef\u00fcllt werden, um sie als Grenzbefestigung oder als Pflanzkorb zu nutzen. Solche Gabionen gibt es in unterschiedlichen Gr\u00f6\u00dfen \u2013 und f\u00fcr den weihnachtlichen Garten sind sie perfekt geeignet. Bef\u00fcllen Sie die Gabione doch anstatt mit Steinen einfach mit kunterbunten Christbaumkugeln \u2013 schon haben Sie einen weihnachtlichen Hingucker im Garten. Wenn dann noch eine Lichterkette auch im Dunkeln f\u00fcr Stimmung sorgt, steht dem Fest nichts mehr im Wege.<\/p>\n<p>Es gibt so viele unz\u00e4hlige Ideen, wie Sie Ihren Garten weihnachtlich schm\u00fccken k\u00f6nnen. Vielleicht gef\u00e4llt Ihnen eine unserer Ideen oder Sie haben selbst welche. Dann viel Spa\u00df beim Schm\u00fccken und ein frohes Fest!<\/p>\n","protected":false},"excerpt":{"rendered":"<p>Nicht nur drinnen im Warmen wird sp\u00e4testens ab Ende November die Vorweihnachtszeit eingel\u00e4utet, auch der Garten darf h\u00fcbsch dekoriert werden. Wenn man an kalten Winterabenden vom Haus aus in das verschneite Kleinod blickt, gr\u00fc\u00dfen von dort ein geschm\u00fcckter Tannenbaum, Weihnachtsmann, Elche und viele h\u00fcbsche Lichter. Ideen gibt es wahlreich viele, wir m\u00f6chten Ihnen einige besonders sch\u00f6ne etwas n\u00e4her bringen. Der Weihnachtsbaum f\u00fcr Tiere Warum sollen eigentlich nur wir Menschen uns \u00fcber einen tollen Weihnachtsbaum freuen? Warum nicht auch unsere heimischen Tiere? Schm\u00fccken Sie doch gemeinsam mit Ihren Kids einen Baum, der im Garten festlich aussieht, und an dem Tiere ihre wahre Freude haben werden. Und so geht\u00b4s: Christbaumkugeln werden durch schmackhafte \u00c4pfel und Birnen ersetzt. Die Eiszapfen tauschen Sie einfach gegen Karotten aus. Strohsterne werden drinnen aufgeh\u00e4ngt, drau\u00dfen sind es Futtersterne. Diese k\u00f6nnen Sie selbst herstellen, indem Sie Vogelfutter und Kokosfett vermengen und in Pl\u00e4tzchenformen gie\u00dfen. So entstehen schmackhafte Sterne, Weihnachtsm\u00e4nner, Engel und Rentiere. Sammeln Sie gro\u00dfe Tannenzapfen, stecken Sie in die Zwischenr\u00e4ume N\u00fcsse und h\u00e4ngen Sie diese verkehrtherum auf. Binden Sie Heu oder Stroh zusammen, beispielsweise zu einem Ring oder zu einem B\u00fcndel, das Sie einfach in den Baum h\u00e4ngen. Damit k\u00f6nnen die Tiere Ihr Nest ausbauen. Befestigen Sie [&hellip;]<\/p>\n","protected":false},"author":13,"featured_media":7214,"comment_status":"open","ping_status":"open","sticky":false,"template":"","format":"standard","meta":{"_acf_changed":false,"footnotes":""},"categories":[1],"tags":[],"hersteller":[],"class_list":["post-6284","post","type-post","status-publish","format-standard","has-post-thumbnail","hentry","category-allgemein"],"acf":[],"yoast_head":"<!-- This site is optimized with the Yoast SEO plugin v27.4 - https:\/\/yoast.com\/product\/yoast-seo-wordpress\/ -->\n<title>Weihnachten im Garten \u2013 so wird\u2019s auch drau\u00dfen festlich - Samenhaus Gartenblog<\/title>\n<meta name=\"description\" content=\"Weihnachten im Garten kann wunderbar sein. Mit wenigen HAndgriffen k\u00f6nnen Sie Ihren Garten in ein Winter Wonderland verwandeln.\" \/>\n<meta name=\"robots\" content=\"index, follow, max-snippet:-1, max-image-preview:large, max-video-preview:-1\" \/>\n<link rel=\"canonical\" href=\"https:\/\/www.samenhaus.de\/gartenblog\/weihnachten-im-garten-so-wirds-auch-draussen-festlich\" \/>\n<meta property=\"og:locale\" content=\"de_DE\" \/>\n<meta property=\"og:type\" content=\"article\" \/>\n<meta property=\"og:title\" content=\"Weihnachten im Garten \u2013 so wird\u2019s auch drau\u00dfen festlich - Samenhaus Gartenblog\" \/>\n<meta property=\"og:description\" content=\"Weihnachten im Garten kann wunderbar sein. Mit wenigen HAndgriffen k\u00f6nnen Sie Ihren Garten in ein Winter Wonderland verwandeln.\" \/>\n<meta property=\"og:url\" content=\"https:\/\/www.samenhaus.de\/gartenblog\/weihnachten-im-garten-so-wirds-auch-draussen-festlich\" \/>\n<meta property=\"og:site_name\" content=\"Samenhaus Gartenblog\" \/>\n<meta property=\"article:publisher\" content=\"https:\/\/de-de.facebook.com\/samenhaus\" \/>\n<meta property=\"article:published_time\" content=\"2022-10-31T09:00:29+00:00\" \/>\n<meta property=\"article:modified_time\" content=\"2023-08-14T07:11:30+00:00\" \/>\n<meta property=\"og:image\" content=\"https:\/\/www.samenhaus.de\/gartenblog\/wp-content\/uploads\/2022\/10\/Weihnachten-im-Garten_32816423-scaled.jpeg\" \/>\n\t<meta property=\"og:image:width\" content=\"2560\" \/>\n\t<meta property=\"og:image:height\" content=\"1700\" \/>\n\t<meta property=\"og:image:type\" content=\"image\/jpeg\" \/>\n<meta name=\"author\" content=\"Holger\" \/>\n<meta name=\"twitter:card\" content=\"summary_large_image\" \/>\n<meta name=\"twitter:creator\" content=\"@samenhaus\" \/>\n<meta name=\"twitter:site\" content=\"@samenhaus\" \/>\n<meta name=\"twitter:label1\" content=\"Verfasst von\" \/>\n\t<meta name=\"twitter:data1\" content=\"Holger\" \/>\n\t<meta name=\"twitter:label2\" content=\"Gesch\u00e4tzte Lesezeit\" \/>\n\t<meta name=\"twitter:data2\" content=\"7\u00a0Minuten\" \/>\n<script type=\"application\/ld+json\" class=\"yoast-schema-graph\">{\"@context\":\"https:\\\/\\\/schema.org\",\"@graph\":[{\"@type\":\"Article\",\"@id\":\"https:\\\/\\\/www.samenhaus.de\\\/gartenblog\\\/weihnachten-im-garten-so-wirds-auch-draussen-festlich#article\",\"isPartOf\":{\"@id\":\"https:\\\/\\\/www.samenhaus.de\\\/gartenblog\\\/weihnachten-im-garten-so-wirds-auch-draussen-festlich\"},\"author\":{\"name\":\"Holger\",\"@id\":\"https:\\\/\\\/www.samenhaus.de\\\/gartenblog\\\/#\\\/schema\\\/person\\\/de169769587431893823f62b2ce06c04\"},\"headline\":\"Weihnachten im Garten \u2013 so wird\u2019s auch drau\u00dfen festlich\",\"datePublished\":\"2022-10-31T09:00:29+00:00\",\"dateModified\":\"2023-08-14T07:11:30+00:00\",\"mainEntityOfPage\":{\"@id\":\"https:\\\/\\\/www.samenhaus.de\\\/gartenblog\\\/weihnachten-im-garten-so-wirds-auch-draussen-festlich\"},\"wordCount\":1170,\"commentCount\":0,\"publisher\":{\"@id\":\"https:\\\/\\\/www.samenhaus.de\\\/gartenblog\\\/#organization\"},\"image\":{\"@id\":\"https:\\\/\\\/www.samenhaus.de\\\/gartenblog\\\/weihnachten-im-garten-so-wirds-auch-draussen-festlich#primaryimage\"},\"thumbnailUrl\":\"https:\\\/\\\/www.samenhaus.de\\\/gartenblog\\\/wp-content\\\/uploads\\\/2022\\\/10\\\/Weihnachten-im-Garten_32816423-scaled.jpeg\",\"inLanguage\":\"de\",\"potentialAction\":[{\"@type\":\"CommentAction\",\"name\":\"Comment\",\"target\":[\"https:\\\/\\\/www.samenhaus.de\\\/gartenblog\\\/weihnachten-im-garten-so-wirds-auch-draussen-festlich#respond\"]}],\"copyrightYear\":\"2022\",\"copyrightHolder\":{\"@id\":\"https:\\\/\\\/www.samenhaus.de\\\/gartenblog\\\/#organization\"}},{\"@type\":\"WebPage\",\"@id\":\"https:\\\/\\\/www.samenhaus.de\\\/gartenblog\\\/weihnachten-im-garten-so-wirds-auch-draussen-festlich\",\"url\":\"https:\\\/\\\/www.samenhaus.de\\\/gartenblog\\\/weihnachten-im-garten-so-wirds-auch-draussen-festlich\",\"name\":\"Weihnachten im Garten \u2013 so wird\u2019s auch drau\u00dfen festlich - Samenhaus Gartenblog\",\"isPartOf\":{\"@id\":\"https:\\\/\\\/www.samenhaus.de\\\/gartenblog\\\/#website\"},\"primaryImageOfPage\":{\"@id\":\"https:\\\/\\\/www.samenhaus.de\\\/gartenblog\\\/weihnachten-im-garten-so-wirds-auch-draussen-festlich#primaryimage\"},\"image\":{\"@id\":\"https:\\\/\\\/www.samenhaus.de\\\/gartenblog\\\/weihnachten-im-garten-so-wirds-auch-draussen-festlich#primaryimage\"},\"thumbnailUrl\":\"https:\\\/\\\/www.samenhaus.de\\\/gartenblog\\\/wp-content\\\/uploads\\\/2022\\\/10\\\/Weihnachten-im-Garten_32816423-scaled.jpeg\",\"datePublished\":\"2022-10-31T09:00:29+00:00\",\"dateModified\":\"2023-08-14T07:11:30+00:00\",\"description\":\"Weihnachten im Garten kann wunderbar sein. Mit wenigen HAndgriffen k\u00f6nnen Sie Ihren Garten in ein Winter Wonderland verwandeln.\",\"breadcrumb\":{\"@id\":\"https:\\\/\\\/www.samenhaus.de\\\/gartenblog\\\/weihnachten-im-garten-so-wirds-auch-draussen-festlich#breadcrumb\"},\"inLanguage\":\"de\",\"potentialAction\":[{\"@type\":\"ReadAction\",\"target\":[\"https:\\\/\\\/www.samenhaus.de\\\/gartenblog\\\/weihnachten-im-garten-so-wirds-auch-draussen-festlich\"]}]},{\"@type\":\"ImageObject\",\"inLanguage\":\"de\",\"@id\":\"https:\\\/\\\/www.samenhaus.de\\\/gartenblog\\\/weihnachten-im-garten-so-wirds-auch-draussen-festlich#primaryimage\",\"url\":\"https:\\\/\\\/www.samenhaus.de\\\/gartenblog\\\/wp-content\\\/uploads\\\/2022\\\/10\\\/Weihnachten-im-Garten_32816423-scaled.jpeg\",\"contentUrl\":\"https:\\\/\\\/www.samenhaus.de\\\/gartenblog\\\/wp-content\\\/uploads\\\/2022\\\/10\\\/Weihnachten-im-Garten_32816423-scaled.jpeg\",\"width\":2560,\"height\":1700,\"caption\":\"Weihnachten im Garten\"},{\"@type\":\"BreadcrumbList\",\"@id\":\"https:\\\/\\\/www.samenhaus.de\\\/gartenblog\\\/weihnachten-im-garten-so-wirds-auch-draussen-festlich#breadcrumb\",\"itemListElement\":[{\"@type\":\"ListItem\",\"position\":1,\"name\":\"Startseite\",\"item\":\"https:\\\/\\\/www.samenhaus.de\\\/gartenblog\\\/\"},{\"@type\":\"ListItem\",\"position\":2,\"name\":\"Weihnachten im Garten \u2013 so wird\u2019s auch drau\u00dfen festlich\"}]},{\"@type\":\"WebSite\",\"@id\":\"https:\\\/\\\/www.samenhaus.de\\\/gartenblog\\\/#website\",\"url\":\"https:\\\/\\\/www.samenhaus.de\\\/gartenblog\\\/\",\"name\":\"Samenhaus Gartenblog\",\"description\":\"\",\"publisher\":{\"@id\":\"https:\\\/\\\/www.samenhaus.de\\\/gartenblog\\\/#organization\"},\"potentialAction\":[{\"@type\":\"SearchAction\",\"target\":{\"@type\":\"EntryPoint\",\"urlTemplate\":\"https:\\\/\\\/www.samenhaus.de\\\/gartenblog\\\/?s={search_term_string}\"},\"query-input\":{\"@type\":\"PropertyValueSpecification\",\"valueRequired\":true,\"valueName\":\"search_term_string\"}}],\"inLanguage\":\"de\"},{\"@type\":\"Organization\",\"@id\":\"https:\\\/\\\/www.samenhaus.de\\\/gartenblog\\\/#organization\",\"name\":\"Samenhaus.de Gartenblog\",\"url\":\"https:\\\/\\\/www.samenhaus.de\\\/gartenblog\\\/\",\"logo\":{\"@type\":\"ImageObject\",\"inLanguage\":\"de\",\"@id\":\"https:\\\/\\\/www.samenhaus.de\\\/gartenblog\\\/#\\\/schema\\\/logo\\\/image\\\/\",\"url\":\"https:\\\/\\\/www.samenhaus.de\\\/gartenblog\\\/wp-content\\\/uploads\\\/2020\\\/11\\\/logo.svg\",\"contentUrl\":\"https:\\\/\\\/www.samenhaus.de\\\/gartenblog\\\/wp-content\\\/uploads\\\/2020\\\/11\\\/logo.svg\",\"width\":1,\"height\":1,\"caption\":\"Samenhaus.de Gartenblog\"},\"image\":{\"@id\":\"https:\\\/\\\/www.samenhaus.de\\\/gartenblog\\\/#\\\/schema\\\/logo\\\/image\\\/\"},\"sameAs\":[\"https:\\\/\\\/de-de.facebook.com\\\/samenhaus\",\"https:\\\/\\\/x.com\\\/samenhaus\"]},{\"@type\":\"Person\",\"@id\":\"https:\\\/\\\/www.samenhaus.de\\\/gartenblog\\\/#\\\/schema\\\/person\\\/de169769587431893823f62b2ce06c04\",\"name\":\"Holger\",\"image\":{\"@type\":\"ImageObject\",\"inLanguage\":\"de\",\"@id\":\"https:\\\/\\\/www.samenhaus.de\\\/gartenblog\\\/wp-content\\\/uploads\\\/2026\\\/03\\\/Holger-150x150.png\",\"url\":\"https:\\\/\\\/www.samenhaus.de\\\/gartenblog\\\/wp-content\\\/uploads\\\/2026\\\/03\\\/Holger-150x150.png\",\"contentUrl\":\"https:\\\/\\\/www.samenhaus.de\\\/gartenblog\\\/wp-content\\\/uploads\\\/2026\\\/03\\\/Holger-150x150.png\",\"caption\":\"Holger\"},\"description\":\"6.000.000 W\u00f6rter \u2013 so viel k\u00f6nnen Sie in etwa von mir online lesen. Das F\u00fcllen des Internets entwickelte sich nach meiner Ausbildung zum TV-Redakteur und der langj\u00e4hrigen Arbeit bei SAT.1 zu einem Fulltime-Job. Trotzdem finde ich noch gen\u00fcgend Zeit, um in meinem Garten zu werkeln. Eine Staude hier, ein Bl\u00fcmchen dort und ein bisschen Gem\u00fcse darf auch nicht fehlen \u2013 einen Schnitzelbaum gibt es ja noch nicht \u2026 Die besten geistigen Erg\u00fcsse habe ich \u00fcbrigens, wenn ich IM Garten \u00dcBER den Garten schreiben kann. So vereinen sich Beruf und Hobby perfekt \u2013 was gibt es Sch\u00f6neres?\",\"url\":\"https:\\\/\\\/www.samenhaus.de\\\/gartenblog\\\/author\\\/holger\"}]}<\/script>\n<!-- \/ Yoast SEO plugin. -->","yoast_head_json":{"title":"Weihnachten im Garten \u2013 so wird\u2019s auch drau\u00dfen festlich - Samenhaus Gartenblog","description":"Weihnachten im Garten kann wunderbar sein. Mit wenigen HAndgriffen k\u00f6nnen Sie Ihren Garten in ein Winter Wonderland verwandeln.","robots":{"index":"index","follow":"follow","max-snippet":"max-snippet:-1","max-image-preview":"max-image-preview:large","max-video-preview":"max-video-preview:-1"},"canonical":"https:\/\/www.samenhaus.de\/gartenblog\/weihnachten-im-garten-so-wirds-auch-draussen-festlich","og_locale":"de_DE","og_type":"article","og_title":"Weihnachten im Garten \u2013 so wird\u2019s auch drau\u00dfen festlich - Samenhaus Gartenblog","og_description":"Weihnachten im Garten kann wunderbar sein. Mit wenigen HAndgriffen k\u00f6nnen Sie Ihren Garten in ein Winter Wonderland verwandeln.","og_url":"https:\/\/www.samenhaus.de\/gartenblog\/weihnachten-im-garten-so-wirds-auch-draussen-festlich","og_site_name":"Samenhaus Gartenblog","article_publisher":"https:\/\/de-de.facebook.com\/samenhaus","article_published_time":"2022-10-31T09:00:29+00:00","article_modified_time":"2023-08-14T07:11:30+00:00","og_image":[{"width":2560,"height":1700,"url":"https:\/\/www.samenhaus.de\/gartenblog\/wp-content\/uploads\/2022\/10\/Weihnachten-im-Garten_32816423-scaled.jpeg","type":"image\/jpeg"}],"author":"Holger","twitter_card":"summary_large_image","twitter_creator":"@samenhaus","twitter_site":"@samenhaus","twitter_misc":{"Verfasst von":"Holger","Gesch\u00e4tzte Lesezeit":"7\u00a0Minuten"},"schema":{"@context":"https:\/\/schema.org","@graph":[{"@type":"Article","@id":"https:\/\/www.samenhaus.de\/gartenblog\/weihnachten-im-garten-so-wirds-auch-draussen-festlich#article","isPartOf":{"@id":"https:\/\/www.samenhaus.de\/gartenblog\/weihnachten-im-garten-so-wirds-auch-draussen-festlich"},"author":{"name":"Holger","@id":"https:\/\/www.samenhaus.de\/gartenblog\/#\/schema\/person\/de169769587431893823f62b2ce06c04"},"headline":"Weihnachten im Garten \u2013 so wird\u2019s auch drau\u00dfen festlich","datePublished":"2022-10-31T09:00:29+00:00","dateModified":"2023-08-14T07:11:30+00:00","mainEntityOfPage":{"@id":"https:\/\/www.samenhaus.de\/gartenblog\/weihnachten-im-garten-so-wirds-auch-draussen-festlich"},"wordCount":1170,"commentCount":0,"publisher":{"@id":"https:\/\/www.samenhaus.de\/gartenblog\/#organization"},"image":{"@id":"https:\/\/www.samenhaus.de\/gartenblog\/weihnachten-im-garten-so-wirds-auch-draussen-festlich#primaryimage"},"thumbnailUrl":"https:\/\/www.samenhaus.de\/gartenblog\/wp-content\/uploads\/2022\/10\/Weihnachten-im-Garten_32816423-scaled.jpeg","inLanguage":"de","potentialAction":[{"@type":"CommentAction","name":"Comment","target":["https:\/\/www.samenhaus.de\/gartenblog\/weihnachten-im-garten-so-wirds-auch-draussen-festlich#respond"]}],"copyrightYear":"2022","copyrightHolder":{"@id":"https:\/\/www.samenhaus.de\/gartenblog\/#organization"}},{"@type":"WebPage","@id":"https:\/\/www.samenhaus.de\/gartenblog\/weihnachten-im-garten-so-wirds-auch-draussen-festlich","url":"https:\/\/www.samenhaus.de\/gartenblog\/weihnachten-im-garten-so-wirds-auch-draussen-festlich","name":"Weihnachten im Garten \u2013 so wird\u2019s auch drau\u00dfen festlich - Samenhaus Gartenblog","isPartOf":{"@id":"https:\/\/www.samenhaus.de\/gartenblog\/#website"},"primaryImageOfPage":{"@id":"https:\/\/www.samenhaus.de\/gartenblog\/weihnachten-im-garten-so-wirds-auch-draussen-festlich#primaryimage"},"image":{"@id":"https:\/\/www.samenhaus.de\/gartenblog\/weihnachten-im-garten-so-wirds-auch-draussen-festlich#primaryimage"},"thumbnailUrl":"https:\/\/www.samenhaus.de\/gartenblog\/wp-content\/uploads\/2022\/10\/Weihnachten-im-Garten_32816423-scaled.jpeg","datePublished":"2022-10-31T09:00:29+00:00","dateModified":"2023-08-14T07:11:30+00:00","description":"Weihnachten im Garten kann wunderbar sein. Mit wenigen HAndgriffen k\u00f6nnen Sie Ihren Garten in ein Winter Wonderland verwandeln.","breadcrumb":{"@id":"https:\/\/www.samenhaus.de\/gartenblog\/weihnachten-im-garten-so-wirds-auch-draussen-festlich#breadcrumb"},"inLanguage":"de","potentialAction":[{"@type":"ReadAction","target":["https:\/\/www.samenhaus.de\/gartenblog\/weihnachten-im-garten-so-wirds-auch-draussen-festlich"]}]},{"@type":"ImageObject","inLanguage":"de","@id":"https:\/\/www.samenhaus.de\/gartenblog\/weihnachten-im-garten-so-wirds-auch-draussen-festlich#primaryimage","url":"https:\/\/www.samenhaus.de\/gartenblog\/wp-content\/uploads\/2022\/10\/Weihnachten-im-Garten_32816423-scaled.jpeg","contentUrl":"https:\/\/www.samenhaus.de\/gartenblog\/wp-content\/uploads\/2022\/10\/Weihnachten-im-Garten_32816423-scaled.jpeg","width":2560,"height":1700,"caption":"Weihnachten im Garten"},{"@type":"BreadcrumbList","@id":"https:\/\/www.samenhaus.de\/gartenblog\/weihnachten-im-garten-so-wirds-auch-draussen-festlich#breadcrumb","itemListElement":[{"@type":"ListItem","position":1,"name":"Startseite","item":"https:\/\/www.samenhaus.de\/gartenblog\/"},{"@type":"ListItem","position":2,"name":"Weihnachten im Garten \u2013 so wird\u2019s auch drau\u00dfen festlich"}]},{"@type":"WebSite","@id":"https:\/\/www.samenhaus.de\/gartenblog\/#website","url":"https:\/\/www.samenhaus.de\/gartenblog\/","name":"Samenhaus Gartenblog","description":"","publisher":{"@id":"https:\/\/www.samenhaus.de\/gartenblog\/#organization"},"potentialAction":[{"@type":"SearchAction","target":{"@type":"EntryPoint","urlTemplate":"https:\/\/www.samenhaus.de\/gartenblog\/?s={search_term_string}"},"query-input":{"@type":"PropertyValueSpecification","valueRequired":true,"valueName":"search_term_string"}}],"inLanguage":"de"},{"@type":"Organization","@id":"https:\/\/www.samenhaus.de\/gartenblog\/#organization","name":"Samenhaus.de Gartenblog","url":"https:\/\/www.samenhaus.de\/gartenblog\/","logo":{"@type":"ImageObject","inLanguage":"de","@id":"https:\/\/www.samenhaus.de\/gartenblog\/#\/schema\/logo\/image\/","url":"https:\/\/www.samenhaus.de\/gartenblog\/wp-content\/uploads\/2020\/11\/logo.svg","contentUrl":"https:\/\/www.samenhaus.de\/gartenblog\/wp-content\/uploads\/2020\/11\/logo.svg","width":1,"height":1,"caption":"Samenhaus.de Gartenblog"},"image":{"@id":"https:\/\/www.samenhaus.de\/gartenblog\/#\/schema\/logo\/image\/"},"sameAs":["https:\/\/de-de.facebook.com\/samenhaus","https:\/\/x.com\/samenhaus"]},{"@type":"Person","@id":"https:\/\/www.samenhaus.de\/gartenblog\/#\/schema\/person\/de169769587431893823f62b2ce06c04","name":"Holger","image":{"@type":"ImageObject","inLanguage":"de","@id":"https:\/\/www.samenhaus.de\/gartenblog\/wp-content\/uploads\/2026\/03\/Holger-150x150.png","url":"https:\/\/www.samenhaus.de\/gartenblog\/wp-content\/uploads\/2026\/03\/Holger-150x150.png","contentUrl":"https:\/\/www.samenhaus.de\/gartenblog\/wp-content\/uploads\/2026\/03\/Holger-150x150.png","caption":"Holger"},"description":"6.000.000 W\u00f6rter \u2013 so viel k\u00f6nnen Sie in etwa von mir online lesen. Das F\u00fcllen des Internets entwickelte sich nach meiner Ausbildung zum TV-Redakteur und der langj\u00e4hrigen Arbeit bei SAT.1 zu einem Fulltime-Job. Trotzdem finde ich noch gen\u00fcgend Zeit, um in meinem Garten zu werkeln. Eine Staude hier, ein Bl\u00fcmchen dort und ein bisschen Gem\u00fcse darf auch nicht fehlen \u2013 einen Schnitzelbaum gibt es ja noch nicht \u2026 Die besten geistigen Erg\u00fcsse habe ich \u00fcbrigens, wenn ich IM Garten \u00dcBER den Garten schreiben kann. So vereinen sich Beruf und Hobby perfekt \u2013 was gibt es Sch\u00f6neres?","url":"https:\/\/www.samenhaus.de\/gartenblog\/author\/holger"}]}},"wp-worthy-pixel":{"ignored":false,"public":"f244108dd07d4ddc9b30518d7682db94","server":"vg06.met.vgwort.de","url":"https:\/\/vg06.met.vgwort.de\/na\/f244108dd07d4ddc9b30518d7682db94"},"wp-worthy-type":"normal","_links":{"self":[{"href":"https:\/\/www.samenhaus.de\/gartenblog\/wp-json\/wp\/v2\/posts\/6284","targetHints":{"allow":["GET"]}}],"collection":[{"href":"https:\/\/www.samenhaus.de\/gartenblog\/wp-json\/wp\/v2\/posts"}],"about":[{"href":"https:\/\/www.samenhaus.de\/gartenblog\/wp-json\/wp\/v2\/types\/post"}],"author":[{"embeddable":true,"href":"https:\/\/www.samenhaus.de\/gartenblog\/wp-json\/wp\/v2\/users\/13"}],"replies":[{"embeddable":true,"href":"https:\/\/www.samenhaus.de\/gartenblog\/wp-json\/wp\/v2\/comments?post=6284"}],"version-history":[{"count":5,"href":"https:\/\/www.samenhaus.de\/gartenblog\/wp-json\/wp\/v2\/posts\/6284\/revisions"}],"predecessor-version":[{"id":7219,"href":"https:\/\/www.samenhaus.de\/gartenblog\/wp-json\/wp\/v2\/posts\/6284\/revisions\/7219"}],"wp:featuredmedia":[{"embeddable":true,"href":"https:\/\/www.samenhaus.de\/gartenblog\/wp-json\/wp\/v2\/media\/7214"}],"wp:attachment":[{"href":"https:\/\/www.samenhaus.de\/gartenblog\/wp-json\/wp\/v2\/media?parent=6284"}],"wp:term":[{"taxonomy":"category","embeddable":true,"href":"https:\/\/www.samenhaus.de\/gartenblog\/wp-json\/wp\/v2\/categories?post=6284"},{"taxonomy":"post_tag","embeddable":true,"href":"https:\/\/www.samenhaus.de\/gartenblog\/wp-json\/wp\/v2\/tags?post=6284"},{"taxonomy":"hersteller","embeddable":true,"href":"https:\/\/www.samenhaus.de\/gartenblog\/wp-json\/wp\/v2\/hersteller?post=6284"}],"curies":[{"name":"wp","href":"https:\/\/api.w.org\/{rel}","templated":true}]}}