{"id":6648,"date":"2022-08-22T12:06:29","date_gmt":"2022-08-22T12:06:29","guid":{"rendered":"https:\/\/www.samenhaus.de\/gartenblog\/?p=6648"},"modified":"2023-08-10T04:20:42","modified_gmt":"2023-08-10T04:20:42","slug":"flortus-winterkraeuter-ein-set-voller-duftender-kraeuter-fuer-den-winter","status":"publish","type":"post","link":"https:\/\/www.samenhaus.de\/gartenblog\/flortus-winterkraeuter-ein-set-voller-duftender-kraeuter-fuer-den-winter","title":{"rendered":"FLORTUS Winterkr\u00e4uter \u2013 ein Set voller duftender Kr\u00e4uter f\u00fcr den Winter"},"content":{"rendered":"<p>Kr\u00e4uter werden immer in der K\u00fcche ben\u00f6tigt. Und das nicht nur im Sommer. Mit den neuen Sets FLORTUS Winterkr\u00e4uter und FLORTUS BIO-Winterkr\u00e4uter bekommen Sie das Saatgut f\u00fcr acht wundervolle Kr\u00e4uter, die gerade im Winter beliebt sind. Schnittlauch, Petersilie und Oregano hat immer Saison und wird in der K\u00fcche st\u00e4ndig ben\u00f6tigt. Ganz gleich, ob Sie ein R\u00fchrei f\u00fcrs Fr\u00fchst\u00fcck oder ein leckeres Pfannengericht f\u00fcr den Abend zubereiten.<\/p>\n<p align=\"justify\">Einige Kr\u00e4uter k\u00f6nnen Sie im Garten auss\u00e4en und im Winter ernten. Zu den winterharten Kr\u00e4utern geh\u00f6ren Rosmarin, Thymian und Salbei. Aus Thymian und Salbei lassen sich tolle Tees zubereiten, die dann bei einer Erk\u00e4ltung willkommene Helfer sind. Kerbel ist ein echtes Aromawunder und verfeinert die ber\u00fchmte H\u00fchnersuppe, die bei Erk\u00e4ltungen gern gegessen wird.<\/p>\n<p>Aus Zitronenmelisse k\u00f6nnen Sie feine Salben herstellen, die der rauen Winterhaut den Garaus macht, denn die Melisse hat heilende und entz\u00fcndungshemmende Wirkstoffe. Jedes der Kr\u00e4uter ist ein echtes Winterkraut und passt gerade zu winterlichen Gerichten, Tees und Salben hervorragend.<\/p>\n<p>Sie k\u00f6nnen das Saatgut der FLORTUS Winterkr\u00e4uter im Garten oder im Topf auf dem Balkon anziehen. Kr\u00e4uter, die nicht frosthart sind, k\u00f6nnen Sie als Topf mit in die K\u00fcche nehmen, sobald die Temperaturen sinken.<\/p>\n<p>Nat\u00fcrlich gibt es unser FLORTUS Winterkr\u00e4uter-Set sowohl mit konventionellem Saatgut als auch mit Bio-Saatgut. Die FLORTUS Winterkr\u00e4uter und FLORTUS Bio-Winterkr\u00e4uter finden Sie bei uns im Gartenshop.<\/p>\n","protected":false},"excerpt":{"rendered":"<p>Kr\u00e4uter werden immer in der K\u00fcche ben\u00f6tigt. Und das nicht nur im Sommer. Mit den neuen Sets FLORTUS Winterkr\u00e4uter und FLORTUS BIO-Winterkr\u00e4uter bekommen Sie das Saatgut f\u00fcr acht wundervolle Kr\u00e4uter, die gerade im Winter beliebt sind. Schnittlauch, Petersilie und Oregano hat immer Saison und wird in der K\u00fcche st\u00e4ndig ben\u00f6tigt. Ganz gleich, ob Sie ein R\u00fchrei f\u00fcrs Fr\u00fchst\u00fcck oder ein leckeres Pfannengericht f\u00fcr den Abend zubereiten. Einige Kr\u00e4uter k\u00f6nnen Sie im Garten auss\u00e4en und im Winter ernten. Zu den winterharten Kr\u00e4utern geh\u00f6ren Rosmarin, Thymian und Salbei. Aus Thymian und Salbei lassen sich tolle Tees zubereiten, die dann bei einer Erk\u00e4ltung willkommene Helfer sind. Kerbel ist ein echtes Aromawunder und verfeinert die ber\u00fchmte H\u00fchnersuppe, die bei Erk\u00e4ltungen gern gegessen wird. Aus Zitronenmelisse k\u00f6nnen Sie feine Salben herstellen, die der rauen Winterhaut den Garaus macht, denn die Melisse hat heilende und entz\u00fcndungshemmende Wirkstoffe. Jedes der Kr\u00e4uter ist ein echtes Winterkraut und passt gerade zu winterlichen Gerichten, Tees und Salben hervorragend. Sie k\u00f6nnen das Saatgut der FLORTUS Winterkr\u00e4uter im Garten oder im Topf auf dem Balkon anziehen. Kr\u00e4uter, die nicht frosthart sind, k\u00f6nnen Sie als Topf mit in die K\u00fcche nehmen, sobald die Temperaturen sinken. Nat\u00fcrlich gibt es unser FLORTUS Winterkr\u00e4uter-Set sowohl mit [&hellip;]<\/p>\n","protected":false},"author":7,"featured_media":6649,"comment_status":"open","ping_status":"open","sticky":false,"template":"","format":"standard","meta":{"_acf_changed":false,"footnotes":""},"categories":[30],"tags":[],"hersteller":[],"class_list":["post-6648","post","type-post","status-publish","format-standard","has-post-thumbnail","hentry","category-news"],"acf":[],"yoast_head":"<!-- This site is optimized with the Yoast SEO plugin v27.4 - https:\/\/yoast.com\/product\/yoast-seo-wordpress\/ -->\n<title>FLORTUS Winterkr\u00e4uter \u2013 ein Set voller duftender Kr\u00e4uter f\u00fcr den Winter - Samenhaus Gartenblog<\/title>\n<meta name=\"description\" content=\"Kr\u00e4uter f\u00fcr den Winter sind immer eine willkommene Abwechslung in der K\u00fcche. Neu ist bei uns das Winterkr\u00e4uter-Set, mit dem Sie viele Kr\u00e4uter f\u00fcr den Winter ans\u00e4en k\u00f6nnen.\" \/>\n<meta name=\"robots\" content=\"index, follow, max-snippet:-1, max-image-preview:large, max-video-preview:-1\" \/>\n<link rel=\"canonical\" href=\"https:\/\/www.samenhaus.de\/gartenblog\/flortus-winterkraeuter-ein-set-voller-duftender-kraeuter-fuer-den-winter\" \/>\n<meta property=\"og:locale\" content=\"de_DE\" \/>\n<meta property=\"og:type\" content=\"article\" \/>\n<meta property=\"og:title\" content=\"FLORTUS Winterkr\u00e4uter \u2013 ein Set voller duftender Kr\u00e4uter f\u00fcr den Winter - Samenhaus Gartenblog\" \/>\n<meta property=\"og:description\" content=\"Kr\u00e4uter f\u00fcr den Winter sind immer eine willkommene Abwechslung in der K\u00fcche. Neu ist bei uns das Winterkr\u00e4uter-Set, mit dem Sie viele Kr\u00e4uter f\u00fcr den Winter ans\u00e4en k\u00f6nnen.\" \/>\n<meta property=\"og:url\" content=\"https:\/\/www.samenhaus.de\/gartenblog\/flortus-winterkraeuter-ein-set-voller-duftender-kraeuter-fuer-den-winter\" \/>\n<meta property=\"og:site_name\" content=\"Samenhaus Gartenblog\" \/>\n<meta property=\"article:publisher\" content=\"https:\/\/de-de.facebook.com\/samenhaus\" \/>\n<meta property=\"article:published_time\" content=\"2022-08-22T12:06:29+00:00\" \/>\n<meta property=\"article:modified_time\" content=\"2023-08-10T04:20:42+00:00\" \/>\n<meta property=\"og:image\" content=\"https:\/\/www.samenhaus.de\/gartenblog\/wp-content\/uploads\/2022\/08\/Blog-Winterkraeuter.jpg\" \/>\n\t<meta property=\"og:image:width\" content=\"1000\" \/>\n\t<meta property=\"og:image:height\" content=\"563\" \/>\n\t<meta property=\"og:image:type\" content=\"image\/jpeg\" \/>\n<meta name=\"author\" content=\"Fritz\" \/>\n<meta name=\"twitter:card\" content=\"summary_large_image\" \/>\n<meta name=\"twitter:creator\" content=\"@samenhaus\" \/>\n<meta name=\"twitter:site\" content=\"@samenhaus\" \/>\n<meta name=\"twitter:label1\" content=\"Verfasst von\" \/>\n\t<meta name=\"twitter:data1\" content=\"Fritz\" \/>\n\t<meta name=\"twitter:label2\" content=\"Gesch\u00e4tzte Lesezeit\" \/>\n\t<meta name=\"twitter:data2\" content=\"2\u00a0Minuten\" \/>\n<script type=\"application\/ld+json\" class=\"yoast-schema-graph\">{\"@context\":\"https:\\\/\\\/schema.org\",\"@graph\":[{\"@type\":\"Article\",\"@id\":\"https:\\\/\\\/www.samenhaus.de\\\/gartenblog\\\/flortus-winterkraeuter-ein-set-voller-duftender-kraeuter-fuer-den-winter#article\",\"isPartOf\":{\"@id\":\"https:\\\/\\\/www.samenhaus.de\\\/gartenblog\\\/flortus-winterkraeuter-ein-set-voller-duftender-kraeuter-fuer-den-winter\"},\"author\":{\"name\":\"Fritz\",\"@id\":\"https:\\\/\\\/www.samenhaus.de\\\/gartenblog\\\/#\\\/schema\\\/person\\\/a0608c49bb909de7ed33e44abc853c6b\"},\"headline\":\"FLORTUS Winterkr\u00e4uter \u2013 ein Set voller duftender Kr\u00e4uter f\u00fcr den Winter\",\"datePublished\":\"2022-08-22T12:06:29+00:00\",\"dateModified\":\"2023-08-10T04:20:42+00:00\",\"mainEntityOfPage\":{\"@id\":\"https:\\\/\\\/www.samenhaus.de\\\/gartenblog\\\/flortus-winterkraeuter-ein-set-voller-duftender-kraeuter-fuer-den-winter\"},\"wordCount\":267,\"commentCount\":0,\"publisher\":{\"@id\":\"https:\\\/\\\/www.samenhaus.de\\\/gartenblog\\\/#organization\"},\"image\":{\"@id\":\"https:\\\/\\\/www.samenhaus.de\\\/gartenblog\\\/flortus-winterkraeuter-ein-set-voller-duftender-kraeuter-fuer-den-winter#primaryimage\"},\"thumbnailUrl\":\"https:\\\/\\\/www.samenhaus.de\\\/gartenblog\\\/wp-content\\\/uploads\\\/2022\\\/08\\\/Blog-Winterkraeuter.jpg\",\"articleSection\":[\"News\"],\"inLanguage\":\"de\",\"potentialAction\":[{\"@type\":\"CommentAction\",\"name\":\"Comment\",\"target\":[\"https:\\\/\\\/www.samenhaus.de\\\/gartenblog\\\/flortus-winterkraeuter-ein-set-voller-duftender-kraeuter-fuer-den-winter#respond\"]}],\"copyrightYear\":\"2022\",\"copyrightHolder\":{\"@id\":\"https:\\\/\\\/www.samenhaus.de\\\/gartenblog\\\/#organization\"}},{\"@type\":\"WebPage\",\"@id\":\"https:\\\/\\\/www.samenhaus.de\\\/gartenblog\\\/flortus-winterkraeuter-ein-set-voller-duftender-kraeuter-fuer-den-winter\",\"url\":\"https:\\\/\\\/www.samenhaus.de\\\/gartenblog\\\/flortus-winterkraeuter-ein-set-voller-duftender-kraeuter-fuer-den-winter\",\"name\":\"FLORTUS Winterkr\u00e4uter \u2013 ein Set voller duftender Kr\u00e4uter f\u00fcr den Winter - Samenhaus Gartenblog\",\"isPartOf\":{\"@id\":\"https:\\\/\\\/www.samenhaus.de\\\/gartenblog\\\/#website\"},\"primaryImageOfPage\":{\"@id\":\"https:\\\/\\\/www.samenhaus.de\\\/gartenblog\\\/flortus-winterkraeuter-ein-set-voller-duftender-kraeuter-fuer-den-winter#primaryimage\"},\"image\":{\"@id\":\"https:\\\/\\\/www.samenhaus.de\\\/gartenblog\\\/flortus-winterkraeuter-ein-set-voller-duftender-kraeuter-fuer-den-winter#primaryimage\"},\"thumbnailUrl\":\"https:\\\/\\\/www.samenhaus.de\\\/gartenblog\\\/wp-content\\\/uploads\\\/2022\\\/08\\\/Blog-Winterkraeuter.jpg\",\"datePublished\":\"2022-08-22T12:06:29+00:00\",\"dateModified\":\"2023-08-10T04:20:42+00:00\",\"description\":\"Kr\u00e4uter f\u00fcr den Winter sind immer eine willkommene Abwechslung in der K\u00fcche. Neu ist bei uns das Winterkr\u00e4uter-Set, mit dem Sie viele Kr\u00e4uter f\u00fcr den Winter ans\u00e4en k\u00f6nnen.\",\"breadcrumb\":{\"@id\":\"https:\\\/\\\/www.samenhaus.de\\\/gartenblog\\\/flortus-winterkraeuter-ein-set-voller-duftender-kraeuter-fuer-den-winter#breadcrumb\"},\"inLanguage\":\"de\",\"potentialAction\":[{\"@type\":\"ReadAction\",\"target\":[\"https:\\\/\\\/www.samenhaus.de\\\/gartenblog\\\/flortus-winterkraeuter-ein-set-voller-duftender-kraeuter-fuer-den-winter\"]}]},{\"@type\":\"ImageObject\",\"inLanguage\":\"de\",\"@id\":\"https:\\\/\\\/www.samenhaus.de\\\/gartenblog\\\/flortus-winterkraeuter-ein-set-voller-duftender-kraeuter-fuer-den-winter#primaryimage\",\"url\":\"https:\\\/\\\/www.samenhaus.de\\\/gartenblog\\\/wp-content\\\/uploads\\\/2022\\\/08\\\/Blog-Winterkraeuter.jpg\",\"contentUrl\":\"https:\\\/\\\/www.samenhaus.de\\\/gartenblog\\\/wp-content\\\/uploads\\\/2022\\\/08\\\/Blog-Winterkraeuter.jpg\",\"width\":1000,\"height\":563,\"caption\":\"Winterkr\u00e4uter\"},{\"@type\":\"BreadcrumbList\",\"@id\":\"https:\\\/\\\/www.samenhaus.de\\\/gartenblog\\\/flortus-winterkraeuter-ein-set-voller-duftender-kraeuter-fuer-den-winter#breadcrumb\",\"itemListElement\":[{\"@type\":\"ListItem\",\"position\":1,\"name\":\"Startseite\",\"item\":\"https:\\\/\\\/www.samenhaus.de\\\/gartenblog\\\/\"},{\"@type\":\"ListItem\",\"position\":2,\"name\":\"FLORTUS Winterkr\u00e4uter \u2013 ein Set voller duftender Kr\u00e4uter f\u00fcr den Winter\"}]},{\"@type\":\"WebSite\",\"@id\":\"https:\\\/\\\/www.samenhaus.de\\\/gartenblog\\\/#website\",\"url\":\"https:\\\/\\\/www.samenhaus.de\\\/gartenblog\\\/\",\"name\":\"Samenhaus Gartenblog\",\"description\":\"\",\"publisher\":{\"@id\":\"https:\\\/\\\/www.samenhaus.de\\\/gartenblog\\\/#organization\"},\"potentialAction\":[{\"@type\":\"SearchAction\",\"target\":{\"@type\":\"EntryPoint\",\"urlTemplate\":\"https:\\\/\\\/www.samenhaus.de\\\/gartenblog\\\/?s={search_term_string}\"},\"query-input\":{\"@type\":\"PropertyValueSpecification\",\"valueRequired\":true,\"valueName\":\"search_term_string\"}}],\"inLanguage\":\"de\"},{\"@type\":\"Organization\",\"@id\":\"https:\\\/\\\/www.samenhaus.de\\\/gartenblog\\\/#organization\",\"name\":\"Samenhaus.de Gartenblog\",\"url\":\"https:\\\/\\\/www.samenhaus.de\\\/gartenblog\\\/\",\"logo\":{\"@type\":\"ImageObject\",\"inLanguage\":\"de\",\"@id\":\"https:\\\/\\\/www.samenhaus.de\\\/gartenblog\\\/#\\\/schema\\\/logo\\\/image\\\/\",\"url\":\"https:\\\/\\\/www.samenhaus.de\\\/gartenblog\\\/wp-content\\\/uploads\\\/2020\\\/11\\\/logo.svg\",\"contentUrl\":\"https:\\\/\\\/www.samenhaus.de\\\/gartenblog\\\/wp-content\\\/uploads\\\/2020\\\/11\\\/logo.svg\",\"width\":1,\"height\":1,\"caption\":\"Samenhaus.de Gartenblog\"},\"image\":{\"@id\":\"https:\\\/\\\/www.samenhaus.de\\\/gartenblog\\\/#\\\/schema\\\/logo\\\/image\\\/\"},\"sameAs\":[\"https:\\\/\\\/de-de.facebook.com\\\/samenhaus\",\"https:\\\/\\\/x.com\\\/samenhaus\"]},{\"@type\":\"Person\",\"@id\":\"https:\\\/\\\/www.samenhaus.de\\\/gartenblog\\\/#\\\/schema\\\/person\\\/a0608c49bb909de7ed33e44abc853c6b\",\"name\":\"Fritz\",\"image\":{\"@type\":\"ImageObject\",\"inLanguage\":\"de\",\"@id\":\"https:\\\/\\\/www.samenhaus.de\\\/gartenblog\\\/wp-content\\\/uploads\\\/2024\\\/11\\\/Tobi-1-150x150.jpg\",\"url\":\"https:\\\/\\\/www.samenhaus.de\\\/gartenblog\\\/wp-content\\\/uploads\\\/2024\\\/11\\\/Tobi-1-150x150.jpg\",\"contentUrl\":\"https:\\\/\\\/www.samenhaus.de\\\/gartenblog\\\/wp-content\\\/uploads\\\/2024\\\/11\\\/Tobi-1-150x150.jpg\",\"caption\":\"Fritz\"},\"description\":\"Das ist Fritz. Er steht f\u00fcr all die erfahrenen G\u00e4rtner und Selbstversorger, die ihr Wissen und ihre Erfahrungen auf dem Gartenblog mit Ihnen teilen. Mit Tipps und Tricks f\u00fcr den Garten, den Balkon und die K\u00fcche steht Fritz Ihnen zur Seite.\",\"url\":\"https:\\\/\\\/www.samenhaus.de\\\/gartenblog\\\/author\\\/tobias\"}]}<\/script>\n<!-- \/ Yoast SEO plugin. -->","yoast_head_json":{"title":"FLORTUS Winterkr\u00e4uter \u2013 ein Set voller duftender Kr\u00e4uter f\u00fcr den Winter - Samenhaus Gartenblog","description":"Kr\u00e4uter f\u00fcr den Winter sind immer eine willkommene Abwechslung in der K\u00fcche. Neu ist bei uns das Winterkr\u00e4uter-Set, mit dem Sie viele Kr\u00e4uter f\u00fcr den Winter ans\u00e4en k\u00f6nnen.","robots":{"index":"index","follow":"follow","max-snippet":"max-snippet:-1","max-image-preview":"max-image-preview:large","max-video-preview":"max-video-preview:-1"},"canonical":"https:\/\/www.samenhaus.de\/gartenblog\/flortus-winterkraeuter-ein-set-voller-duftender-kraeuter-fuer-den-winter","og_locale":"de_DE","og_type":"article","og_title":"FLORTUS Winterkr\u00e4uter \u2013 ein Set voller duftender Kr\u00e4uter f\u00fcr den Winter - Samenhaus Gartenblog","og_description":"Kr\u00e4uter f\u00fcr den Winter sind immer eine willkommene Abwechslung in der K\u00fcche. Neu ist bei uns das Winterkr\u00e4uter-Set, mit dem Sie viele Kr\u00e4uter f\u00fcr den Winter ans\u00e4en k\u00f6nnen.","og_url":"https:\/\/www.samenhaus.de\/gartenblog\/flortus-winterkraeuter-ein-set-voller-duftender-kraeuter-fuer-den-winter","og_site_name":"Samenhaus Gartenblog","article_publisher":"https:\/\/de-de.facebook.com\/samenhaus","article_published_time":"2022-08-22T12:06:29+00:00","article_modified_time":"2023-08-10T04:20:42+00:00","og_image":[{"width":1000,"height":563,"url":"https:\/\/www.samenhaus.de\/gartenblog\/wp-content\/uploads\/2022\/08\/Blog-Winterkraeuter.jpg","type":"image\/jpeg"}],"author":"Fritz","twitter_card":"summary_large_image","twitter_creator":"@samenhaus","twitter_site":"@samenhaus","twitter_misc":{"Verfasst von":"Fritz","Gesch\u00e4tzte Lesezeit":"2\u00a0Minuten"},"schema":{"@context":"https:\/\/schema.org","@graph":[{"@type":"Article","@id":"https:\/\/www.samenhaus.de\/gartenblog\/flortus-winterkraeuter-ein-set-voller-duftender-kraeuter-fuer-den-winter#article","isPartOf":{"@id":"https:\/\/www.samenhaus.de\/gartenblog\/flortus-winterkraeuter-ein-set-voller-duftender-kraeuter-fuer-den-winter"},"author":{"name":"Fritz","@id":"https:\/\/www.samenhaus.de\/gartenblog\/#\/schema\/person\/a0608c49bb909de7ed33e44abc853c6b"},"headline":"FLORTUS Winterkr\u00e4uter \u2013 ein Set voller duftender Kr\u00e4uter f\u00fcr den Winter","datePublished":"2022-08-22T12:06:29+00:00","dateModified":"2023-08-10T04:20:42+00:00","mainEntityOfPage":{"@id":"https:\/\/www.samenhaus.de\/gartenblog\/flortus-winterkraeuter-ein-set-voller-duftender-kraeuter-fuer-den-winter"},"wordCount":267,"commentCount":0,"publisher":{"@id":"https:\/\/www.samenhaus.de\/gartenblog\/#organization"},"image":{"@id":"https:\/\/www.samenhaus.de\/gartenblog\/flortus-winterkraeuter-ein-set-voller-duftender-kraeuter-fuer-den-winter#primaryimage"},"thumbnailUrl":"https:\/\/www.samenhaus.de\/gartenblog\/wp-content\/uploads\/2022\/08\/Blog-Winterkraeuter.jpg","articleSection":["News"],"inLanguage":"de","potentialAction":[{"@type":"CommentAction","name":"Comment","target":["https:\/\/www.samenhaus.de\/gartenblog\/flortus-winterkraeuter-ein-set-voller-duftender-kraeuter-fuer-den-winter#respond"]}],"copyrightYear":"2022","copyrightHolder":{"@id":"https:\/\/www.samenhaus.de\/gartenblog\/#organization"}},{"@type":"WebPage","@id":"https:\/\/www.samenhaus.de\/gartenblog\/flortus-winterkraeuter-ein-set-voller-duftender-kraeuter-fuer-den-winter","url":"https:\/\/www.samenhaus.de\/gartenblog\/flortus-winterkraeuter-ein-set-voller-duftender-kraeuter-fuer-den-winter","name":"FLORTUS Winterkr\u00e4uter \u2013 ein Set voller duftender Kr\u00e4uter f\u00fcr den Winter - Samenhaus Gartenblog","isPartOf":{"@id":"https:\/\/www.samenhaus.de\/gartenblog\/#website"},"primaryImageOfPage":{"@id":"https:\/\/www.samenhaus.de\/gartenblog\/flortus-winterkraeuter-ein-set-voller-duftender-kraeuter-fuer-den-winter#primaryimage"},"image":{"@id":"https:\/\/www.samenhaus.de\/gartenblog\/flortus-winterkraeuter-ein-set-voller-duftender-kraeuter-fuer-den-winter#primaryimage"},"thumbnailUrl":"https:\/\/www.samenhaus.de\/gartenblog\/wp-content\/uploads\/2022\/08\/Blog-Winterkraeuter.jpg","datePublished":"2022-08-22T12:06:29+00:00","dateModified":"2023-08-10T04:20:42+00:00","description":"Kr\u00e4uter f\u00fcr den Winter sind immer eine willkommene Abwechslung in der K\u00fcche. Neu ist bei uns das Winterkr\u00e4uter-Set, mit dem Sie viele Kr\u00e4uter f\u00fcr den Winter ans\u00e4en k\u00f6nnen.","breadcrumb":{"@id":"https:\/\/www.samenhaus.de\/gartenblog\/flortus-winterkraeuter-ein-set-voller-duftender-kraeuter-fuer-den-winter#breadcrumb"},"inLanguage":"de","potentialAction":[{"@type":"ReadAction","target":["https:\/\/www.samenhaus.de\/gartenblog\/flortus-winterkraeuter-ein-set-voller-duftender-kraeuter-fuer-den-winter"]}]},{"@type":"ImageObject","inLanguage":"de","@id":"https:\/\/www.samenhaus.de\/gartenblog\/flortus-winterkraeuter-ein-set-voller-duftender-kraeuter-fuer-den-winter#primaryimage","url":"https:\/\/www.samenhaus.de\/gartenblog\/wp-content\/uploads\/2022\/08\/Blog-Winterkraeuter.jpg","contentUrl":"https:\/\/www.samenhaus.de\/gartenblog\/wp-content\/uploads\/2022\/08\/Blog-Winterkraeuter.jpg","width":1000,"height":563,"caption":"Winterkr\u00e4uter"},{"@type":"BreadcrumbList","@id":"https:\/\/www.samenhaus.de\/gartenblog\/flortus-winterkraeuter-ein-set-voller-duftender-kraeuter-fuer-den-winter#breadcrumb","itemListElement":[{"@type":"ListItem","position":1,"name":"Startseite","item":"https:\/\/www.samenhaus.de\/gartenblog\/"},{"@type":"ListItem","position":2,"name":"FLORTUS Winterkr\u00e4uter \u2013 ein Set voller duftender Kr\u00e4uter f\u00fcr den Winter"}]},{"@type":"WebSite","@id":"https:\/\/www.samenhaus.de\/gartenblog\/#website","url":"https:\/\/www.samenhaus.de\/gartenblog\/","name":"Samenhaus Gartenblog","description":"","publisher":{"@id":"https:\/\/www.samenhaus.de\/gartenblog\/#organization"},"potentialAction":[{"@type":"SearchAction","target":{"@type":"EntryPoint","urlTemplate":"https:\/\/www.samenhaus.de\/gartenblog\/?s={search_term_string}"},"query-input":{"@type":"PropertyValueSpecification","valueRequired":true,"valueName":"search_term_string"}}],"inLanguage":"de"},{"@type":"Organization","@id":"https:\/\/www.samenhaus.de\/gartenblog\/#organization","name":"Samenhaus.de Gartenblog","url":"https:\/\/www.samenhaus.de\/gartenblog\/","logo":{"@type":"ImageObject","inLanguage":"de","@id":"https:\/\/www.samenhaus.de\/gartenblog\/#\/schema\/logo\/image\/","url":"https:\/\/www.samenhaus.de\/gartenblog\/wp-content\/uploads\/2020\/11\/logo.svg","contentUrl":"https:\/\/www.samenhaus.de\/gartenblog\/wp-content\/uploads\/2020\/11\/logo.svg","width":1,"height":1,"caption":"Samenhaus.de Gartenblog"},"image":{"@id":"https:\/\/www.samenhaus.de\/gartenblog\/#\/schema\/logo\/image\/"},"sameAs":["https:\/\/de-de.facebook.com\/samenhaus","https:\/\/x.com\/samenhaus"]},{"@type":"Person","@id":"https:\/\/www.samenhaus.de\/gartenblog\/#\/schema\/person\/a0608c49bb909de7ed33e44abc853c6b","name":"Fritz","image":{"@type":"ImageObject","inLanguage":"de","@id":"https:\/\/www.samenhaus.de\/gartenblog\/wp-content\/uploads\/2024\/11\/Tobi-1-150x150.jpg","url":"https:\/\/www.samenhaus.de\/gartenblog\/wp-content\/uploads\/2024\/11\/Tobi-1-150x150.jpg","contentUrl":"https:\/\/www.samenhaus.de\/gartenblog\/wp-content\/uploads\/2024\/11\/Tobi-1-150x150.jpg","caption":"Fritz"},"description":"Das ist Fritz. Er steht f\u00fcr all die erfahrenen G\u00e4rtner und Selbstversorger, die ihr Wissen und ihre Erfahrungen auf dem Gartenblog mit Ihnen teilen. Mit Tipps und Tricks f\u00fcr den Garten, den Balkon und die K\u00fcche steht Fritz Ihnen zur Seite.","url":"https:\/\/www.samenhaus.de\/gartenblog\/author\/tobias"}]}},"wp-worthy-pixel":{"ignored":false,"public":null,"server":null,"url":null},"wp-worthy-type":"normal","_links":{"self":[{"href":"https:\/\/www.samenhaus.de\/gartenblog\/wp-json\/wp\/v2\/posts\/6648","targetHints":{"allow":["GET"]}}],"collection":[{"href":"https:\/\/www.samenhaus.de\/gartenblog\/wp-json\/wp\/v2\/posts"}],"about":[{"href":"https:\/\/www.samenhaus.de\/gartenblog\/wp-json\/wp\/v2\/types\/post"}],"author":[{"embeddable":true,"href":"https:\/\/www.samenhaus.de\/gartenblog\/wp-json\/wp\/v2\/users\/7"}],"replies":[{"embeddable":true,"href":"https:\/\/www.samenhaus.de\/gartenblog\/wp-json\/wp\/v2\/comments?post=6648"}],"version-history":[{"count":4,"href":"https:\/\/www.samenhaus.de\/gartenblog\/wp-json\/wp\/v2\/posts\/6648\/revisions"}],"predecessor-version":[{"id":12829,"href":"https:\/\/www.samenhaus.de\/gartenblog\/wp-json\/wp\/v2\/posts\/6648\/revisions\/12829"}],"wp:featuredmedia":[{"embeddable":true,"href":"https:\/\/www.samenhaus.de\/gartenblog\/wp-json\/wp\/v2\/media\/6649"}],"wp:attachment":[{"href":"https:\/\/www.samenhaus.de\/gartenblog\/wp-json\/wp\/v2\/media?parent=6648"}],"wp:term":[{"taxonomy":"category","embeddable":true,"href":"https:\/\/www.samenhaus.de\/gartenblog\/wp-json\/wp\/v2\/categories?post=6648"},{"taxonomy":"post_tag","embeddable":true,"href":"https:\/\/www.samenhaus.de\/gartenblog\/wp-json\/wp\/v2\/tags?post=6648"},{"taxonomy":"hersteller","embeddable":true,"href":"https:\/\/www.samenhaus.de\/gartenblog\/wp-json\/wp\/v2\/hersteller?post=6648"}],"curies":[{"name":"wp","href":"https:\/\/api.w.org\/{rel}","templated":true}]}}