{"id":6660,"date":"2023-04-02T09:00:42","date_gmt":"2023-04-02T09:00:42","guid":{"rendered":"https:\/\/www.samenhaus.de\/gartenblog\/?p=6660"},"modified":"2023-03-08T10:04:01","modified_gmt":"2023-03-08T10:04:01","slug":"balkonarbeiten-im-april","status":"publish","type":"post","link":"https:\/\/www.samenhaus.de\/gartenblog\/balkonarbeiten-im-april","title":{"rendered":"Balkonarbeiten im April"},"content":{"rendered":"<p>Jetzt wird es aber gewaltig Fr\u00fchling. Nach einem langen Winter sehen wir uns, endlich wieder mehr Zeit drau\u00dfen verbringen zu k\u00f6nnen. Selbst wenn der April oftmals noch sehr launisch ist und neben warmen Fr\u00fchlingstagen auch Schnee fallen kann, wird es jetzt doch merklich w\u00e4rmer und sch\u00f6ner. Damit werden die Arbeiten, die Sie auf Balkon oder Terrasse erledigen k\u00f6nnen, wieder deutlich mehr. Was es im April alles zu erledigen gibt, verraten wir Ihnen hier.<\/p>\n<h2><span class=\"ez-toc-section\" id=\"Pflanzen_duengen\"><\/span>Pflanzen d\u00fcngen<span class=\"ez-toc-section-end\"><\/span><\/h2>\n<p><img loading=\"lazy\" decoding=\"async\" class=\"size-medium wp-image-10729 alignright\" src=\"https:\/\/www.samenhaus.de\/gartenblog\/wp-content\/uploads\/2023\/03\/Balkonarbeiten-April_335484868-300x225.jpeg\" alt=\"D\u00fcngen\" width=\"300\" height=\"225\" \/>Nach der Winterperiode erwachen die Pflanzen langsam wieder und beginnen mit dem Neuaustrieb. Damit sie wieder zu Kr\u00e4ften kommen, sollten Sie jetzt damit beginnen, Ihre Pflanzen zu d\u00fcngen. Sowohl die, die den Winter drau\u00dfen verbracht haben, wie auch die, die jetzt erst wieder aus Ihrem Quartier kommen. Sollten Sie Pflanzen in ein neues Substrat umtopfen, ist eine sofortige D\u00fcngergabe nicht zwingend notwendig, diese kann auch in zwei bis drei Wochen erfolgen, da neue Erde noch ausreichend N\u00e4hrstoffe bietet. Denken Sie immer daran, moderat zu d\u00fcngen, denn zu viel kann den Pflanzen schaden.<\/p>\n<h2><span class=\"ez-toc-section\" id=\"Zitruspflanzen_auf_den_Fruehling_vorbereiten\"><\/span>Zitruspflanzen auf den Fr\u00fchling vorbereiten<span class=\"ez-toc-section-end\"><\/span><\/h2>\n<p>In der Regel verbringen Zitruspflanzen die kalte Jahreszeit im Winterquartier. Bevor es im April wieder nach drau\u00dfen geht (sofern kein Dauerfrost herrscht, leichte Nachtfr\u00f6ste \u00fcberstehen die Pflanzen mit einem leichten Abdeckvlies) werden sie zur\u00fcckgeschnitten. Dazu abgestorbene sowie zu lange Triebe entfernen. Triebe, die nach innen wachsen, werden komplett entfernt, au\u00dfer, es befinden sich Knospen daran. Ein Umtopfen ist nur dann n\u00f6tig, wenn die Wurzeln bereits zum Abflussloch herauswachsen.<\/p>\n<h2><span class=\"ez-toc-section\" id=\"Bluehzeiten_verlaengern\"><\/span>Bl\u00fchzeiten verl\u00e4ngern<span class=\"ez-toc-section-end\"><\/span><\/h2>\n<p><img loading=\"lazy\" decoding=\"async\" class=\"size-medium wp-image-10730 alignright\" src=\"https:\/\/www.samenhaus.de\/gartenblog\/wp-content\/uploads\/2023\/03\/Balkonarbeiten-April_493096087-300x198.jpeg\" alt=\"Verwelkte Bl\u00fcte\" width=\"300\" height=\"198\" \/>Wie bei Sommerblumen auch, k\u00f6nnen Sie die im April bl\u00fchenden Pflanzen durch das Entfernen von vergangenen Bl\u00fcten und verbl\u00fchten St\u00e4ngeln verl\u00e4ngern. So bildet die Pflanze immer wieder neue Bl\u00fcten und erfreut Sie \u00fcber einen langen Zeitraum.<\/p>\n<h2><span class=\"ez-toc-section\" id=\"Obstbaeume_bestaeuben\"><\/span>Obstb\u00e4ume best\u00e4uben<span class=\"ez-toc-section-end\"><\/span><\/h2>\n<p>Wenn Sie einen Obstbaum im K\u00fcbel auf dem Balkon haben, beginnt dieser im April mit der Bl\u00fcte. Da Obstb\u00e4ume f\u00fcr die Best\u00e4ubung einen Partner ben\u00f6tigen, w\u00e4re es sinnvoll, zwei B\u00e4umchen derselben Sorte zu besitzen. Ist das nicht der Fall, k\u00f6nnen Sie mit einem bl\u00fchenden Zweig nachhelfen, den Sie aus dem eigenen Garten, von Freunden oder Nachbarn erhalten. Der Zweig wird in eine Vase gegeben, die direkt neben dem Obstb\u00e4umchen platziert wird. Den Rest erledigen die Bienen.<\/p>\n<h2><span class=\"ez-toc-section\" id=\"Jungpflanzen_pikieren\"><\/span>Jungpflanzen pikieren<span class=\"ez-toc-section-end\"><\/span><\/h2>\n<p><img loading=\"lazy\" decoding=\"async\" class=\"size-medium wp-image-10726 alignright\" src=\"https:\/\/www.samenhaus.de\/gartenblog\/wp-content\/uploads\/2023\/03\/Balkonarbeiten-April_39325593-300x200.jpeg\" alt=\"Pflanzen pikieren\" width=\"300\" height=\"200\" srcset=\"https:\/\/www.samenhaus.de\/gartenblog\/wp-content\/uploads\/2023\/03\/Balkonarbeiten-April_39325593-300x200.jpeg 300w, https:\/\/www.samenhaus.de\/gartenblog\/wp-content\/uploads\/2023\/03\/Balkonarbeiten-April_39325593-2048x1365.jpeg 2048w, https:\/\/www.samenhaus.de\/gartenblog\/wp-content\/uploads\/2023\/03\/Balkonarbeiten-April_39325593-600x400.jpeg 600w, https:\/\/www.samenhaus.de\/gartenblog\/wp-content\/uploads\/2023\/03\/Balkonarbeiten-April_39325593-768x512.jpeg 768w, https:\/\/www.samenhaus.de\/gartenblog\/wp-content\/uploads\/2023\/03\/Balkonarbeiten-April_39325593-1024x683.jpeg 1024w, https:\/\/www.samenhaus.de\/gartenblog\/wp-content\/uploads\/2023\/03\/Balkonarbeiten-April_39325593-1536x1024.jpeg 1536w\" sizes=\"auto, (max-width: 300px) 100vw, 300px\" \/>Wenn sich bei S\u00e4mlingen in Anzuchtschalen die ersten Bl\u00e4tter zeigen, sollten Sie diese pikieren. Das bedeutet, dass die Pflanzen, die sich gemeinsam mit anderen in einer Anzuchtschale befinden, mit einem Pikierstab vorsichtig herausgestochen und in Einzelt\u00f6pfe gesetzt werden. Der Grund ist einleuchtend: Durch das Wachstum machen sich die Jungpflanzen nicht nur den Platz, sondern auch die N\u00e4hrstoffe streitig. Im eigenen Topf k\u00f6nnen sie sich dagegen richtig ausbreiten.<\/p>\n<h2><span class=\"ez-toc-section\" id=\"Ableger_von_Chrysanthemen\"><\/span>Ableger von Chrysanthemen<span class=\"ez-toc-section-end\"><\/span><\/h2>\n<p>Chrysanthemen im Topf versch\u00f6nern gerade im Sp\u00e4tsommer und Herbst unsere Freisitze. M\u00f6chten Sie mehr davon oder wollen Sie die Pflanzen verj\u00fcngen, dann sollten Sie jetzt Ableger Ihrer Chrysanthemen schneiden. Dazu werden Jungtriebe an der Basis entfernt. Die unteren Bl\u00e4tter schneiden Sie ab, den Steckling k\u00fcrzen Sie etwas ein und geben ihn in einen Topf mit Anzuchterde. St\u00fclpen Sie eine durchsichtige Folie mit kleinen L\u00f6chern dar\u00fcber, damit sich die Feuchtigkeit gut halten kann, die Pflanze aber auch gen\u00fcgend Sauerstoff bekommt. Wenn Sie die Erde regelm\u00e4\u00dfig feucht halten und den Steckling an einen halbschattigen Standort stellen, bilden sich in wenigen Wochen ausreichend Wurzeln, um die Chrysantheme in einen gr\u00f6\u00dferen Topf direkt auf dem Balkon auszupflanzen.<\/p>\n<h2><span class=\"ez-toc-section\" id=\"Aussaat_im_April\"><\/span>Aussaat im April<span class=\"ez-toc-section-end\"><\/span><\/h2>\n<p><img loading=\"lazy\" decoding=\"async\" class=\"size-medium wp-image-10727 alignright\" src=\"https:\/\/www.samenhaus.de\/gartenblog\/wp-content\/uploads\/2023\/03\/Balkonarbeiten-April_135345985-300x200.jpeg\" alt=\"Pflanzlinge\" width=\"300\" height=\"200\" srcset=\"https:\/\/www.samenhaus.de\/gartenblog\/wp-content\/uploads\/2023\/03\/Balkonarbeiten-April_135345985-300x200.jpeg 300w, https:\/\/www.samenhaus.de\/gartenblog\/wp-content\/uploads\/2023\/03\/Balkonarbeiten-April_135345985-600x401.jpeg 600w, https:\/\/www.samenhaus.de\/gartenblog\/wp-content\/uploads\/2023\/03\/Balkonarbeiten-April_135345985-768x513.jpeg 768w, https:\/\/www.samenhaus.de\/gartenblog\/wp-content\/uploads\/2023\/03\/Balkonarbeiten-April_135345985-1024x684.jpeg 1024w, https:\/\/www.samenhaus.de\/gartenblog\/wp-content\/uploads\/2023\/03\/Balkonarbeiten-April_135345985-1536x1025.jpeg 1536w, https:\/\/www.samenhaus.de\/gartenblog\/wp-content\/uploads\/2023\/03\/Balkonarbeiten-April_135345985-2048x1367.jpeg 2048w\" sizes=\"auto, (max-width: 300px) 100vw, 300px\" \/>Die Anzahl der M\u00f6glichkeiten, Gem\u00fcse, Kr\u00e4uter und Blumen nun direkt in K\u00e4sten und K\u00fcbel drau\u00dfen auszus\u00e4en, wird immer gr\u00f6\u00dfer. Dennoch gibt es noch immer Pflanzen, die Sie drinnen vorziehen k\u00f6nnen und die aufgrund der weiterhin bestehenden Frostgefahr auf keinen Fall raus d\u00fcrfen.<\/p>\n<p>Wer als Selbstversorgen auf seinem Balkon oder der Terrasse gerne Gem\u00fcse anbauen m\u00f6chte, der kann folgende Sorten auch im April auf dem Fensterbrett vorziehen:<\/p>\n<ul>\n<li>Aubergine<\/li>\n<li>Fenchel<\/li>\n<li>Kohlrabi<\/li>\n<li>K\u00fcrbis<\/li>\n<li>Lauch<\/li>\n<li>Lauchzwiebeln<\/li>\n<li>Paprika<\/li>\n<li>Rosenkohl<\/li>\n<li>Salatgurke<\/li>\n<li>Spinat<\/li>\n<li>Stangensellerie<\/li>\n<li>Tomaten<\/li>\n<li>Wei\u00dfkohl<\/li>\n<li>Zucchini<\/li>\n<li>Zwiebeln<\/li>\n<\/ul>\n<p>Ohne Kr\u00e4uter geht es nicht? Dann sollten Sie jetzt mit der Vorzucht von Basilikum, Koriander, Majoran, Rosmarin, Salbei, Schnittknoblauch, Thymian und Zitronenmelisse beginnen.<\/p>\n<p>Sie lieben viele farbenfrohe Bl\u00fcten auf dem Balkon? Prima, denn folgende Blumen d\u00fcrfen Sie im April auf der Fensterbank auss\u00e4en: Astern, Begonien, Fuchsschwanz, Primel, Kapuzinerkresse, Kornblumen, Lavendel, L\u00f6wenm\u00e4ulchen, Mittagsblumen, Nelken, Ringelblumen, Roter Sonnenhut, Schwarz\u00e4ugige Susanne, Strohblumen, Tagetes.<\/p>\n<p>Auch eine Direktaussaat in den Blumenk\u00fcbel oder den Blumenkasten ist an frostfreien Tagen m\u00f6glich. Folgende Pflanzen d\u00fcrfen Sie direkt drau\u00dfen ans\u00e4en:<\/p>\n<table class=\"custom-table-1\" width=\"100%\" cellspacing=\"0\" cellpadding=\"4\">\n<tbody>\n<tr valign=\"top\">\n<td width=\"182\"><strong>Gem\u00fcse<\/strong><\/td>\n<td width=\"191\"><strong>Kr\u00e4uter<\/strong><\/td>\n<td width=\"190\"><strong>Blumen<\/strong><\/td>\n<\/tr>\n<tr valign=\"top\">\n<td width=\"182\"><\/td>\n<td width=\"191\"><\/td>\n<td width=\"190\"><\/td>\n<\/tr>\n<tr valign=\"top\">\n<td width=\"182\">\n<ul>\n<li>Dicke Bohnen<\/li>\n<li>Fenchel<\/li>\n<li>Karotten<\/li>\n<li>Knoblauch<\/li>\n<li>Kohlrabi<\/li>\n<li>Lauch<\/li>\n<li>Lauchzwiebeln<\/li>\n<li>Mangold<\/li>\n<li>Pastinaken<\/li>\n<li>Pfl\u00fccksalate<\/li>\n<li>Radieschen<\/li>\n<li>Rettich<\/li>\n<li>Rote Bete<\/li>\n<li>Rosenkohl<\/li>\n<li>Rotkohl<\/li>\n<li>Rucola<\/li>\n<li>Salatgurken<\/li>\n<li>Spinat<\/li>\n<li>Stangensellerie<\/li>\n<li>Wei\u00dfkohl<\/li>\n<li>Wirsing<\/li>\n<li>Zucchini<\/li>\n<li>Zuckererbsen<\/li>\n<li>Zwiebeln<\/li>\n<\/ul>\n<\/td>\n<td width=\"191\">\n<ul>\n<li>Beifu\u00df<\/li>\n<li>Bohnenkraut<\/li>\n<li>Dill<\/li>\n<li>Gartenkresse<\/li>\n<li>Kerbel<\/li>\n<li>Koriander<\/li>\n<li>Liebst\u00f6ckel<\/li>\n<li>Petersilie<\/li>\n<li>Pfefferminze<\/li>\n<li>Rosmarin<\/li>\n<li>Salbei<\/li>\n<li>Schnittlauch<\/li>\n<\/ul>\n<\/td>\n<td width=\"190\">\n<ul>\n<li>Chrysanthemen<\/li>\n<li>Goldlack<\/li>\n<li>Kapuzinerkresse<\/li>\n<li>Lupinen<\/li>\n<li>Seifenkraut<\/li>\n<li>Sommerazaleen<\/li>\n<li>Sonnenblumen<\/li>\n<li>Waldmeister<\/li>\n<li>Wegwarte<\/li>\n<li>Wicken<\/li>\n<\/ul>\n<\/td>\n<\/tr>\n<\/tbody>\n<\/table>\n<h2><span class=\"ez-toc-section\" id=\"Pflanzen_die_im_April_bluehen\"><\/span>Pflanzen, die im April bl\u00fchen<span class=\"ez-toc-section-end\"><\/span><\/h2>\n<p>Zwar sind wir vom Bl\u00fctenmeer vieler Pflanzen, die uns im Sommer mit \u00fcppigem Flor begeistern, noch etwas entfernt. Dennoch k\u00f6nnen Sie mit zahlreichen Blumen bereits im April farbliche Akzente setzen:<\/p>\n<ul>\n<li>Amur-Adonisr\u00f6schen<\/li>\n<li>Christrosen<\/li>\n<li>Gedenkemein<\/li>\n<li>Hornveilchen<\/li>\n<li>Hyazinthen<\/li>\n<li>Kamelien<\/li>\n<li>Krokusse<\/li>\n<li>Leberbl\u00fcmchen<\/li>\n<li>M\u00e4rzenbecher<\/li>\n<li>Mahonie<\/li>\n<li>Narzissen<\/li>\n<li>Palmblatt-Schneerose<\/li>\n<li>Rote Teppichbeere<\/li>\n<li>Stiefm\u00fctterchen<\/li>\n<li>Tulpen<\/li>\n<li>Walzen-Wolfsmilch<\/li>\n<li>Winterheide<\/li>\n<li>Zaubernuss<\/li>\n<\/ul>\n<h2><span class=\"ez-toc-section\" id=\"Weitere_Arbeiten\"><\/span>Weitere Arbeiten<span class=\"ez-toc-section-end\"><\/span><\/h2>\n<p><img loading=\"lazy\" decoding=\"async\" class=\"size-medium wp-image-10728 alignright\" src=\"https:\/\/www.samenhaus.de\/gartenblog\/wp-content\/uploads\/2023\/03\/Balkonarbeiten-April_229821575-300x200.jpeg\" alt=\"R\u00fcckschnitt Rosen\" width=\"300\" height=\"200\" srcset=\"https:\/\/www.samenhaus.de\/gartenblog\/wp-content\/uploads\/2023\/03\/Balkonarbeiten-April_229821575-300x200.jpeg 300w, https:\/\/www.samenhaus.de\/gartenblog\/wp-content\/uploads\/2023\/03\/Balkonarbeiten-April_229821575-2048x1365.jpeg 2048w, https:\/\/www.samenhaus.de\/gartenblog\/wp-content\/uploads\/2023\/03\/Balkonarbeiten-April_229821575-600x400.jpeg 600w, https:\/\/www.samenhaus.de\/gartenblog\/wp-content\/uploads\/2023\/03\/Balkonarbeiten-April_229821575-768x512.jpeg 768w, https:\/\/www.samenhaus.de\/gartenblog\/wp-content\/uploads\/2023\/03\/Balkonarbeiten-April_229821575-1024x683.jpeg 1024w, https:\/\/www.samenhaus.de\/gartenblog\/wp-content\/uploads\/2023\/03\/Balkonarbeiten-April_229821575-1536x1024.jpeg 1536w\" sizes=\"auto, (max-width: 300px) 100vw, 300px\" \/>Manche Balkonarbeiten, die wir Ihnen im Januar, Februar und M\u00e4rz bereits ausf\u00fchrlich vorgestellt haben, k\u00f6nnen oder sollten ebenso im April durchgef\u00fchrt werden. Dazu geh\u00f6ren folgende Arbeiten:<\/p>\n<ul>\n<li>Wer sagt denn, dass es im April nicht noch kalt ist und schneien kann? Auch in diesem Monat d\u00fcrfen und sollen Sie unseren heimischen V\u00f6geln ein Futterangebot bereitstellen. Nicht vergessen regelm\u00e4\u00dfig nachzuf\u00fcllen und f\u00fcr Sauberkeit zu sorgen.<\/li>\n<li>Winterharte K\u00fcbelpflanzen beginnen jetzt wieder auszutreiben. Das bedeutet, dass sie deutlich \u00f6fter gegossen werden m\u00fcssen als in der kalten Jahreszeit.<\/li>\n<li>Zwiebelblumen, die im Sommer bl\u00fchen, wie Dahlien oder Gladiolen, k\u00f6nnen Sie auch im April noch im Haus vorziehen.<\/li>\n<li>Haben Sie den R\u00fcckschnitt Ihrer K\u00fcbelrosen bisher noch nicht erledigt, dann wird es jetzt h\u00f6chste Zeit! Schlie\u00dflich beginnen die Rosen bei entsprechender Witterung bereits mit dem Austrieb.<\/li>\n<li>Sofern sich Ihre K\u00fcbelpflanzen noch im Winterquartier befinden, sollten Sie jetzt damit beginnen, diese langsam an die Au\u00dfentemperaturen zu gew\u00f6hnen \u2013 aber nur dann, wenn es keinen Dauerfrost mehr gibt.<\/li>\n<li>Auch Geranien werden sp\u00e4testens jetzt aus dem Winterschlaf geholt, zur\u00fcckgeschnitten und umgetopft.<\/li>\n<li>Sofern es das Wetter im M\u00e4rz noch nicht zugelassen hat, sollten Sie jetzt Ihren Balkon s\u00e4ubern und die Balkonm\u00f6bel wieder nach drau\u00dfen bringen.<\/li>\n<\/ul>\n","protected":false},"excerpt":{"rendered":"<p>Jetzt wird es aber gewaltig Fr\u00fchling. Nach einem langen Winter sehen wir uns, endlich wieder mehr Zeit drau\u00dfen verbringen zu k\u00f6nnen. Selbst wenn der April oftmals noch sehr launisch ist und neben warmen Fr\u00fchlingstagen auch Schnee fallen kann, wird es jetzt doch merklich w\u00e4rmer und sch\u00f6ner. Damit werden die Arbeiten, die Sie auf Balkon oder Terrasse erledigen k\u00f6nnen, wieder deutlich mehr. Was es im April alles zu erledigen gibt, verraten wir Ihnen hier. Pflanzen d\u00fcngen Nach der Winterperiode erwachen die Pflanzen langsam wieder und beginnen mit dem Neuaustrieb. Damit sie wieder zu Kr\u00e4ften kommen, sollten Sie jetzt damit beginnen, Ihre Pflanzen zu d\u00fcngen. Sowohl die, die den Winter drau\u00dfen verbracht haben, wie auch die, die jetzt erst wieder aus Ihrem Quartier kommen. Sollten Sie Pflanzen in ein neues Substrat umtopfen, ist eine sofortige D\u00fcngergabe nicht zwingend notwendig, diese kann auch in zwei bis drei Wochen erfolgen, da neue Erde noch ausreichend N\u00e4hrstoffe bietet. Denken Sie immer daran, moderat zu d\u00fcngen, denn zu viel kann den Pflanzen schaden. Zitruspflanzen auf den Fr\u00fchling vorbereiten In der Regel verbringen Zitruspflanzen die kalte Jahreszeit im Winterquartier. Bevor es im April wieder nach drau\u00dfen geht (sofern kein Dauerfrost herrscht, leichte Nachtfr\u00f6ste \u00fcberstehen die Pflanzen mit [&hellip;]<\/p>\n","protected":false},"author":13,"featured_media":10725,"comment_status":"open","ping_status":"open","sticky":false,"template":"","format":"standard","meta":{"_acf_changed":false,"footnotes":""},"categories":[22],"tags":[],"hersteller":[],"class_list":["post-6660","post","type-post","status-publish","format-standard","has-post-thumbnail","hentry","category-april"],"acf":[],"yoast_head":"<!-- This site is optimized with the Yoast SEO plugin v27.4 - https:\/\/yoast.com\/product\/yoast-seo-wordpress\/ -->\n<title>Balkonarbeiten im April - Samenhaus Gartenblog<\/title>\n<meta name=\"description\" content=\"Einiges k\u00f6nnen Sie jetzt schon auf den Balkon pflanzen, um sp\u00e4ter eine gute Ernte zu haben. Auch Blumen und die Sitzecke d\u00fcrfen jetzt wieder nach drau\u00dfen.\" \/>\n<meta name=\"robots\" content=\"index, follow, max-snippet:-1, max-image-preview:large, max-video-preview:-1\" \/>\n<link rel=\"canonical\" href=\"https:\/\/www.samenhaus.de\/gartenblog\/balkonarbeiten-im-april\" \/>\n<meta property=\"og:locale\" content=\"de_DE\" \/>\n<meta property=\"og:type\" content=\"article\" \/>\n<meta property=\"og:title\" content=\"Balkonarbeiten im April - Samenhaus Gartenblog\" \/>\n<meta property=\"og:description\" content=\"Einiges k\u00f6nnen Sie jetzt schon auf den Balkon pflanzen, um sp\u00e4ter eine gute Ernte zu haben. Auch Blumen und die Sitzecke d\u00fcrfen jetzt wieder nach drau\u00dfen.\" \/>\n<meta property=\"og:url\" content=\"https:\/\/www.samenhaus.de\/gartenblog\/balkonarbeiten-im-april\" \/>\n<meta property=\"og:site_name\" content=\"Samenhaus Gartenblog\" \/>\n<meta property=\"article:publisher\" content=\"https:\/\/de-de.facebook.com\/samenhaus\" \/>\n<meta property=\"article:published_time\" content=\"2023-04-02T09:00:42+00:00\" \/>\n<meta property=\"og:image\" content=\"https:\/\/www.samenhaus.de\/gartenblog\/wp-content\/uploads\/2023\/03\/Balkonarbeiten-April-scaled.jpg\" \/>\n\t<meta property=\"og:image:width\" content=\"2560\" \/>\n\t<meta property=\"og:image:height\" content=\"1702\" \/>\n\t<meta property=\"og:image:type\" content=\"image\/jpeg\" \/>\n<meta name=\"author\" content=\"Holger\" \/>\n<meta name=\"twitter:card\" content=\"summary_large_image\" \/>\n<meta name=\"twitter:creator\" content=\"@samenhaus\" \/>\n<meta name=\"twitter:site\" content=\"@samenhaus\" \/>\n<meta name=\"twitter:label1\" content=\"Verfasst von\" \/>\n\t<meta name=\"twitter:data1\" content=\"Holger\" \/>\n\t<meta name=\"twitter:label2\" content=\"Gesch\u00e4tzte Lesezeit\" \/>\n\t<meta name=\"twitter:data2\" content=\"7\u00a0Minuten\" \/>\n<script type=\"application\/ld+json\" class=\"yoast-schema-graph\">{\"@context\":\"https:\\\/\\\/schema.org\",\"@graph\":[{\"@type\":\"Article\",\"@id\":\"https:\\\/\\\/www.samenhaus.de\\\/gartenblog\\\/balkonarbeiten-im-april#article\",\"isPartOf\":{\"@id\":\"https:\\\/\\\/www.samenhaus.de\\\/gartenblog\\\/balkonarbeiten-im-april\"},\"author\":{\"name\":\"Holger\",\"@id\":\"https:\\\/\\\/www.samenhaus.de\\\/gartenblog\\\/#\\\/schema\\\/person\\\/de169769587431893823f62b2ce06c04\"},\"headline\":\"Balkonarbeiten im April\",\"datePublished\":\"2023-04-02T09:00:42+00:00\",\"mainEntityOfPage\":{\"@id\":\"https:\\\/\\\/www.samenhaus.de\\\/gartenblog\\\/balkonarbeiten-im-april\"},\"wordCount\":1132,\"commentCount\":0,\"publisher\":{\"@id\":\"https:\\\/\\\/www.samenhaus.de\\\/gartenblog\\\/#organization\"},\"image\":{\"@id\":\"https:\\\/\\\/www.samenhaus.de\\\/gartenblog\\\/balkonarbeiten-im-april#primaryimage\"},\"thumbnailUrl\":\"https:\\\/\\\/www.samenhaus.de\\\/gartenblog\\\/wp-content\\\/uploads\\\/2023\\\/03\\\/Balkonarbeiten-April-scaled.jpg\",\"articleSection\":[\"April\"],\"inLanguage\":\"de\",\"potentialAction\":[{\"@type\":\"CommentAction\",\"name\":\"Comment\",\"target\":[\"https:\\\/\\\/www.samenhaus.de\\\/gartenblog\\\/balkonarbeiten-im-april#respond\"]}],\"copyrightYear\":\"2023\",\"copyrightHolder\":{\"@id\":\"https:\\\/\\\/www.samenhaus.de\\\/gartenblog\\\/#organization\"}},{\"@type\":\"WebPage\",\"@id\":\"https:\\\/\\\/www.samenhaus.de\\\/gartenblog\\\/balkonarbeiten-im-april\",\"url\":\"https:\\\/\\\/www.samenhaus.de\\\/gartenblog\\\/balkonarbeiten-im-april\",\"name\":\"Balkonarbeiten im April - Samenhaus Gartenblog\",\"isPartOf\":{\"@id\":\"https:\\\/\\\/www.samenhaus.de\\\/gartenblog\\\/#website\"},\"primaryImageOfPage\":{\"@id\":\"https:\\\/\\\/www.samenhaus.de\\\/gartenblog\\\/balkonarbeiten-im-april#primaryimage\"},\"image\":{\"@id\":\"https:\\\/\\\/www.samenhaus.de\\\/gartenblog\\\/balkonarbeiten-im-april#primaryimage\"},\"thumbnailUrl\":\"https:\\\/\\\/www.samenhaus.de\\\/gartenblog\\\/wp-content\\\/uploads\\\/2023\\\/03\\\/Balkonarbeiten-April-scaled.jpg\",\"datePublished\":\"2023-04-02T09:00:42+00:00\",\"description\":\"Einiges k\u00f6nnen Sie jetzt schon auf den Balkon pflanzen, um sp\u00e4ter eine gute Ernte zu haben. Auch Blumen und die Sitzecke d\u00fcrfen jetzt wieder nach drau\u00dfen.\",\"breadcrumb\":{\"@id\":\"https:\\\/\\\/www.samenhaus.de\\\/gartenblog\\\/balkonarbeiten-im-april#breadcrumb\"},\"inLanguage\":\"de\",\"potentialAction\":[{\"@type\":\"ReadAction\",\"target\":[\"https:\\\/\\\/www.samenhaus.de\\\/gartenblog\\\/balkonarbeiten-im-april\"]}]},{\"@type\":\"ImageObject\",\"inLanguage\":\"de\",\"@id\":\"https:\\\/\\\/www.samenhaus.de\\\/gartenblog\\\/balkonarbeiten-im-april#primaryimage\",\"url\":\"https:\\\/\\\/www.samenhaus.de\\\/gartenblog\\\/wp-content\\\/uploads\\\/2023\\\/03\\\/Balkonarbeiten-April-scaled.jpg\",\"contentUrl\":\"https:\\\/\\\/www.samenhaus.de\\\/gartenblog\\\/wp-content\\\/uploads\\\/2023\\\/03\\\/Balkonarbeiten-April-scaled.jpg\",\"width\":2560,\"height\":1702,\"caption\":\"Balkonarbeiten April\"},{\"@type\":\"BreadcrumbList\",\"@id\":\"https:\\\/\\\/www.samenhaus.de\\\/gartenblog\\\/balkonarbeiten-im-april#breadcrumb\",\"itemListElement\":[{\"@type\":\"ListItem\",\"position\":1,\"name\":\"Startseite\",\"item\":\"https:\\\/\\\/www.samenhaus.de\\\/gartenblog\\\/\"},{\"@type\":\"ListItem\",\"position\":2,\"name\":\"Balkonarbeiten im April\"}]},{\"@type\":\"WebSite\",\"@id\":\"https:\\\/\\\/www.samenhaus.de\\\/gartenblog\\\/#website\",\"url\":\"https:\\\/\\\/www.samenhaus.de\\\/gartenblog\\\/\",\"name\":\"Samenhaus Gartenblog\",\"description\":\"\",\"publisher\":{\"@id\":\"https:\\\/\\\/www.samenhaus.de\\\/gartenblog\\\/#organization\"},\"potentialAction\":[{\"@type\":\"SearchAction\",\"target\":{\"@type\":\"EntryPoint\",\"urlTemplate\":\"https:\\\/\\\/www.samenhaus.de\\\/gartenblog\\\/?s={search_term_string}\"},\"query-input\":{\"@type\":\"PropertyValueSpecification\",\"valueRequired\":true,\"valueName\":\"search_term_string\"}}],\"inLanguage\":\"de\"},{\"@type\":\"Organization\",\"@id\":\"https:\\\/\\\/www.samenhaus.de\\\/gartenblog\\\/#organization\",\"name\":\"Samenhaus.de Gartenblog\",\"url\":\"https:\\\/\\\/www.samenhaus.de\\\/gartenblog\\\/\",\"logo\":{\"@type\":\"ImageObject\",\"inLanguage\":\"de\",\"@id\":\"https:\\\/\\\/www.samenhaus.de\\\/gartenblog\\\/#\\\/schema\\\/logo\\\/image\\\/\",\"url\":\"https:\\\/\\\/www.samenhaus.de\\\/gartenblog\\\/wp-content\\\/uploads\\\/2020\\\/11\\\/logo.svg\",\"contentUrl\":\"https:\\\/\\\/www.samenhaus.de\\\/gartenblog\\\/wp-content\\\/uploads\\\/2020\\\/11\\\/logo.svg\",\"width\":1,\"height\":1,\"caption\":\"Samenhaus.de Gartenblog\"},\"image\":{\"@id\":\"https:\\\/\\\/www.samenhaus.de\\\/gartenblog\\\/#\\\/schema\\\/logo\\\/image\\\/\"},\"sameAs\":[\"https:\\\/\\\/de-de.facebook.com\\\/samenhaus\",\"https:\\\/\\\/x.com\\\/samenhaus\"]},{\"@type\":\"Person\",\"@id\":\"https:\\\/\\\/www.samenhaus.de\\\/gartenblog\\\/#\\\/schema\\\/person\\\/de169769587431893823f62b2ce06c04\",\"name\":\"Holger\",\"image\":{\"@type\":\"ImageObject\",\"inLanguage\":\"de\",\"@id\":\"https:\\\/\\\/www.samenhaus.de\\\/gartenblog\\\/wp-content\\\/uploads\\\/2026\\\/03\\\/Holger-150x150.png\",\"url\":\"https:\\\/\\\/www.samenhaus.de\\\/gartenblog\\\/wp-content\\\/uploads\\\/2026\\\/03\\\/Holger-150x150.png\",\"contentUrl\":\"https:\\\/\\\/www.samenhaus.de\\\/gartenblog\\\/wp-content\\\/uploads\\\/2026\\\/03\\\/Holger-150x150.png\",\"caption\":\"Holger\"},\"description\":\"6.000.000 W\u00f6rter \u2013 so viel k\u00f6nnen Sie in etwa von mir online lesen. Das F\u00fcllen des Internets entwickelte sich nach meiner Ausbildung zum TV-Redakteur und der langj\u00e4hrigen Arbeit bei SAT.1 zu einem Fulltime-Job. Trotzdem finde ich noch gen\u00fcgend Zeit, um in meinem Garten zu werkeln. Eine Staude hier, ein Bl\u00fcmchen dort und ein bisschen Gem\u00fcse darf auch nicht fehlen \u2013 einen Schnitzelbaum gibt es ja noch nicht \u2026 Die besten geistigen Erg\u00fcsse habe ich \u00fcbrigens, wenn ich IM Garten \u00dcBER den Garten schreiben kann. So vereinen sich Beruf und Hobby perfekt \u2013 was gibt es Sch\u00f6neres?\",\"url\":\"https:\\\/\\\/www.samenhaus.de\\\/gartenblog\\\/author\\\/holger\"}]}<\/script>\n<!-- \/ Yoast SEO plugin. -->","yoast_head_json":{"title":"Balkonarbeiten im April - Samenhaus Gartenblog","description":"Einiges k\u00f6nnen Sie jetzt schon auf den Balkon pflanzen, um sp\u00e4ter eine gute Ernte zu haben. Auch Blumen und die Sitzecke d\u00fcrfen jetzt wieder nach drau\u00dfen.","robots":{"index":"index","follow":"follow","max-snippet":"max-snippet:-1","max-image-preview":"max-image-preview:large","max-video-preview":"max-video-preview:-1"},"canonical":"https:\/\/www.samenhaus.de\/gartenblog\/balkonarbeiten-im-april","og_locale":"de_DE","og_type":"article","og_title":"Balkonarbeiten im April - Samenhaus Gartenblog","og_description":"Einiges k\u00f6nnen Sie jetzt schon auf den Balkon pflanzen, um sp\u00e4ter eine gute Ernte zu haben. Auch Blumen und die Sitzecke d\u00fcrfen jetzt wieder nach drau\u00dfen.","og_url":"https:\/\/www.samenhaus.de\/gartenblog\/balkonarbeiten-im-april","og_site_name":"Samenhaus Gartenblog","article_publisher":"https:\/\/de-de.facebook.com\/samenhaus","article_published_time":"2023-04-02T09:00:42+00:00","og_image":[{"width":2560,"height":1702,"url":"https:\/\/www.samenhaus.de\/gartenblog\/wp-content\/uploads\/2023\/03\/Balkonarbeiten-April-scaled.jpg","type":"image\/jpeg"}],"author":"Holger","twitter_card":"summary_large_image","twitter_creator":"@samenhaus","twitter_site":"@samenhaus","twitter_misc":{"Verfasst von":"Holger","Gesch\u00e4tzte Lesezeit":"7\u00a0Minuten"},"schema":{"@context":"https:\/\/schema.org","@graph":[{"@type":"Article","@id":"https:\/\/www.samenhaus.de\/gartenblog\/balkonarbeiten-im-april#article","isPartOf":{"@id":"https:\/\/www.samenhaus.de\/gartenblog\/balkonarbeiten-im-april"},"author":{"name":"Holger","@id":"https:\/\/www.samenhaus.de\/gartenblog\/#\/schema\/person\/de169769587431893823f62b2ce06c04"},"headline":"Balkonarbeiten im April","datePublished":"2023-04-02T09:00:42+00:00","mainEntityOfPage":{"@id":"https:\/\/www.samenhaus.de\/gartenblog\/balkonarbeiten-im-april"},"wordCount":1132,"commentCount":0,"publisher":{"@id":"https:\/\/www.samenhaus.de\/gartenblog\/#organization"},"image":{"@id":"https:\/\/www.samenhaus.de\/gartenblog\/balkonarbeiten-im-april#primaryimage"},"thumbnailUrl":"https:\/\/www.samenhaus.de\/gartenblog\/wp-content\/uploads\/2023\/03\/Balkonarbeiten-April-scaled.jpg","articleSection":["April"],"inLanguage":"de","potentialAction":[{"@type":"CommentAction","name":"Comment","target":["https:\/\/www.samenhaus.de\/gartenblog\/balkonarbeiten-im-april#respond"]}],"copyrightYear":"2023","copyrightHolder":{"@id":"https:\/\/www.samenhaus.de\/gartenblog\/#organization"}},{"@type":"WebPage","@id":"https:\/\/www.samenhaus.de\/gartenblog\/balkonarbeiten-im-april","url":"https:\/\/www.samenhaus.de\/gartenblog\/balkonarbeiten-im-april","name":"Balkonarbeiten im April - Samenhaus Gartenblog","isPartOf":{"@id":"https:\/\/www.samenhaus.de\/gartenblog\/#website"},"primaryImageOfPage":{"@id":"https:\/\/www.samenhaus.de\/gartenblog\/balkonarbeiten-im-april#primaryimage"},"image":{"@id":"https:\/\/www.samenhaus.de\/gartenblog\/balkonarbeiten-im-april#primaryimage"},"thumbnailUrl":"https:\/\/www.samenhaus.de\/gartenblog\/wp-content\/uploads\/2023\/03\/Balkonarbeiten-April-scaled.jpg","datePublished":"2023-04-02T09:00:42+00:00","description":"Einiges k\u00f6nnen Sie jetzt schon auf den Balkon pflanzen, um sp\u00e4ter eine gute Ernte zu haben. Auch Blumen und die Sitzecke d\u00fcrfen jetzt wieder nach drau\u00dfen.","breadcrumb":{"@id":"https:\/\/www.samenhaus.de\/gartenblog\/balkonarbeiten-im-april#breadcrumb"},"inLanguage":"de","potentialAction":[{"@type":"ReadAction","target":["https:\/\/www.samenhaus.de\/gartenblog\/balkonarbeiten-im-april"]}]},{"@type":"ImageObject","inLanguage":"de","@id":"https:\/\/www.samenhaus.de\/gartenblog\/balkonarbeiten-im-april#primaryimage","url":"https:\/\/www.samenhaus.de\/gartenblog\/wp-content\/uploads\/2023\/03\/Balkonarbeiten-April-scaled.jpg","contentUrl":"https:\/\/www.samenhaus.de\/gartenblog\/wp-content\/uploads\/2023\/03\/Balkonarbeiten-April-scaled.jpg","width":2560,"height":1702,"caption":"Balkonarbeiten April"},{"@type":"BreadcrumbList","@id":"https:\/\/www.samenhaus.de\/gartenblog\/balkonarbeiten-im-april#breadcrumb","itemListElement":[{"@type":"ListItem","position":1,"name":"Startseite","item":"https:\/\/www.samenhaus.de\/gartenblog\/"},{"@type":"ListItem","position":2,"name":"Balkonarbeiten im April"}]},{"@type":"WebSite","@id":"https:\/\/www.samenhaus.de\/gartenblog\/#website","url":"https:\/\/www.samenhaus.de\/gartenblog\/","name":"Samenhaus Gartenblog","description":"","publisher":{"@id":"https:\/\/www.samenhaus.de\/gartenblog\/#organization"},"potentialAction":[{"@type":"SearchAction","target":{"@type":"EntryPoint","urlTemplate":"https:\/\/www.samenhaus.de\/gartenblog\/?s={search_term_string}"},"query-input":{"@type":"PropertyValueSpecification","valueRequired":true,"valueName":"search_term_string"}}],"inLanguage":"de"},{"@type":"Organization","@id":"https:\/\/www.samenhaus.de\/gartenblog\/#organization","name":"Samenhaus.de Gartenblog","url":"https:\/\/www.samenhaus.de\/gartenblog\/","logo":{"@type":"ImageObject","inLanguage":"de","@id":"https:\/\/www.samenhaus.de\/gartenblog\/#\/schema\/logo\/image\/","url":"https:\/\/www.samenhaus.de\/gartenblog\/wp-content\/uploads\/2020\/11\/logo.svg","contentUrl":"https:\/\/www.samenhaus.de\/gartenblog\/wp-content\/uploads\/2020\/11\/logo.svg","width":1,"height":1,"caption":"Samenhaus.de Gartenblog"},"image":{"@id":"https:\/\/www.samenhaus.de\/gartenblog\/#\/schema\/logo\/image\/"},"sameAs":["https:\/\/de-de.facebook.com\/samenhaus","https:\/\/x.com\/samenhaus"]},{"@type":"Person","@id":"https:\/\/www.samenhaus.de\/gartenblog\/#\/schema\/person\/de169769587431893823f62b2ce06c04","name":"Holger","image":{"@type":"ImageObject","inLanguage":"de","@id":"https:\/\/www.samenhaus.de\/gartenblog\/wp-content\/uploads\/2026\/03\/Holger-150x150.png","url":"https:\/\/www.samenhaus.de\/gartenblog\/wp-content\/uploads\/2026\/03\/Holger-150x150.png","contentUrl":"https:\/\/www.samenhaus.de\/gartenblog\/wp-content\/uploads\/2026\/03\/Holger-150x150.png","caption":"Holger"},"description":"6.000.000 W\u00f6rter \u2013 so viel k\u00f6nnen Sie in etwa von mir online lesen. Das F\u00fcllen des Internets entwickelte sich nach meiner Ausbildung zum TV-Redakteur und der langj\u00e4hrigen Arbeit bei SAT.1 zu einem Fulltime-Job. Trotzdem finde ich noch gen\u00fcgend Zeit, um in meinem Garten zu werkeln. Eine Staude hier, ein Bl\u00fcmchen dort und ein bisschen Gem\u00fcse darf auch nicht fehlen \u2013 einen Schnitzelbaum gibt es ja noch nicht \u2026 Die besten geistigen Erg\u00fcsse habe ich \u00fcbrigens, wenn ich IM Garten \u00dcBER den Garten schreiben kann. So vereinen sich Beruf und Hobby perfekt \u2013 was gibt es Sch\u00f6neres?","url":"https:\/\/www.samenhaus.de\/gartenblog\/author\/holger"}]}},"wp-worthy-pixel":{"ignored":false,"public":"ab20046ba6874c119d0cd874ff0eccc7","server":"vg08.met.vgwort.de","url":"https:\/\/vg08.met.vgwort.de\/na\/ab20046ba6874c119d0cd874ff0eccc7"},"wp-worthy-type":"normal","_links":{"self":[{"href":"https:\/\/www.samenhaus.de\/gartenblog\/wp-json\/wp\/v2\/posts\/6660","targetHints":{"allow":["GET"]}}],"collection":[{"href":"https:\/\/www.samenhaus.de\/gartenblog\/wp-json\/wp\/v2\/posts"}],"about":[{"href":"https:\/\/www.samenhaus.de\/gartenblog\/wp-json\/wp\/v2\/types\/post"}],"author":[{"embeddable":true,"href":"https:\/\/www.samenhaus.de\/gartenblog\/wp-json\/wp\/v2\/users\/13"}],"replies":[{"embeddable":true,"href":"https:\/\/www.samenhaus.de\/gartenblog\/wp-json\/wp\/v2\/comments?post=6660"}],"version-history":[{"count":6,"href":"https:\/\/www.samenhaus.de\/gartenblog\/wp-json\/wp\/v2\/posts\/6660\/revisions"}],"predecessor-version":[{"id":10731,"href":"https:\/\/www.samenhaus.de\/gartenblog\/wp-json\/wp\/v2\/posts\/6660\/revisions\/10731"}],"wp:featuredmedia":[{"embeddable":true,"href":"https:\/\/www.samenhaus.de\/gartenblog\/wp-json\/wp\/v2\/media\/10725"}],"wp:attachment":[{"href":"https:\/\/www.samenhaus.de\/gartenblog\/wp-json\/wp\/v2\/media?parent=6660"}],"wp:term":[{"taxonomy":"category","embeddable":true,"href":"https:\/\/www.samenhaus.de\/gartenblog\/wp-json\/wp\/v2\/categories?post=6660"},{"taxonomy":"post_tag","embeddable":true,"href":"https:\/\/www.samenhaus.de\/gartenblog\/wp-json\/wp\/v2\/tags?post=6660"},{"taxonomy":"hersteller","embeddable":true,"href":"https:\/\/www.samenhaus.de\/gartenblog\/wp-json\/wp\/v2\/hersteller?post=6660"}],"curies":[{"name":"wp","href":"https:\/\/api.w.org\/{rel}","templated":true}]}}