{"id":7250,"date":"2022-10-01T15:00:12","date_gmt":"2022-10-01T15:00:12","guid":{"rendered":"https:\/\/www.samenhaus.de\/gartenblog\/?p=7250"},"modified":"2023-08-10T11:42:13","modified_gmt":"2023-08-10T11:42:13","slug":"aussaat-im-oktober-vorbereitung-auf-den-winter","status":"publish","type":"post","link":"https:\/\/www.samenhaus.de\/gartenblog\/aussaat-im-oktober-vorbereitung-auf-den-winter","title":{"rendered":"Aussaat im Oktober \u2013 Vorbereitung auf den Winter"},"content":{"rendered":"<p>Die meisten Pflanzen bereiten sich langsam auf die Winterruhe vor. Das bedeutet, dass jetzt Aussaaten kaum mehr m\u00f6glich sind. Wenngleich es doch immer wieder Gem\u00fcse, Salate, Kr\u00e4uter oder auch Blumen gibt, die Sie ins Freiland s\u00e4en oder damit in Vorkultur gehen k\u00f6nnen. Viel ist es aber tats\u00e4chlich nicht mehr. Stattdessen steht jetzt noch immer einiges an Arbeit bei der Ernte an.<\/p>\n<h2><span class=\"ez-toc-section\" id=\"Aussaat_im_Oktober_%E2%80%93_Gemuese_und_Salate_fuer_draussen\"><\/span>Aussaat im Oktober \u2013 Gem\u00fcse und Salate f\u00fcr drau\u00dfen<span class=\"ez-toc-section-end\"><\/span><\/h2>\n<p>Bei manchen Gem\u00fcsesorten denken wir im Oktober schon wieder an das neue Jahr. Denn es gibt ein paar Samen, die jetzt noch in die Erde kommen.<\/p>\n<table class=\"custom-table-1\" width=\"100%\" cellspacing=\"0\" cellpadding=\"4\">\n<tbody>\n<tr valign=\"top\">\n<td width=\"101\"><strong>Gem\u00fcsesorte<\/strong><\/td>\n<td width=\"109\"><strong>Standort<\/strong><\/td>\n<td width=\"109\"><strong>Pflanzabstand<\/strong><\/td>\n<td width=\"109\"><strong>Ernte<\/strong><\/td>\n<td width=\"108\"><strong>Pflege<\/strong><\/td>\n<\/tr>\n<tr valign=\"top\">\n<td width=\"101\"><\/td>\n<td width=\"109\"><\/td>\n<td width=\"109\"><\/td>\n<td width=\"109\"><\/td>\n<td width=\"108\"><\/td>\n<\/tr>\n<tr valign=\"top\">\n<td width=\"101\">Feldsalat<\/td>\n<td width=\"109\">Sonne<\/td>\n<td width=\"109\">5 cm<\/td>\n<td width=\"109\">Ab April<\/td>\n<td width=\"108\">\n<ul>\n<li>M\u00e4\u00dfig gie\u00dfen<\/li>\n<li>Muss nicht ged\u00fcngt werden<\/li>\n<\/ul>\n<\/td>\n<\/tr>\n<tr valign=\"top\">\n<td width=\"101\">Kerbelr\u00fcbe<\/td>\n<td width=\"109\">Halbschatten<\/td>\n<td width=\"109\">5 bis 10 cm<\/td>\n<td width=\"109\">Ab Juni<\/td>\n<td width=\"108\">\n<ul>\n<li>Feucht halten<\/li>\n<li>Dicht s\u00e4en, da Keimf\u00e4higkeit niedrig ist<\/li>\n<li>D\u00fcngen nicht notwendig<\/li>\n<li>Unkraut entfernen<\/li>\n<\/ul>\n<\/td>\n<\/tr>\n<tr valign=\"top\">\n<td width=\"101\">Knoblauch<\/td>\n<td width=\"109\">Sonne<\/td>\n<td width=\"109\">10 bis 15 cm<\/td>\n<td width=\"109\">Ab Juni<\/td>\n<td width=\"108\">\n<ul>\n<li>Wenig gie\u00dfen<\/li>\n<li>Keine Staun\u00e4sse<\/li>\n<li>D\u00fcngen nicht notwendig<\/li>\n<li>Unkrautfrei halten<\/li>\n<\/ul>\n<\/td>\n<\/tr>\n<tr valign=\"top\">\n<td width=\"101\">Mangold<\/td>\n<td width=\"109\">Sonne bis Halbschatten<\/td>\n<td width=\"109\">30 cm<\/td>\n<td width=\"109\">Ab Juni<\/td>\n<td width=\"108\">\n<ul>\n<li>Regelm\u00e4\u00dfig gie\u00dfen<\/li>\n<li>Kompost aufbringen<\/li>\n<\/ul>\n<\/td>\n<\/tr>\n<tr valign=\"top\">\n<td width=\"101\">Rhabarber<\/td>\n<td width=\"109\">Sonne bis Halbschatten<\/td>\n<td width=\"109\">50 cm<\/td>\n<td width=\"109\">Ab April<\/td>\n<td width=\"108\">\n<ul>\n<li>Gut gie\u00dfen<\/li>\n<li>Regelm\u00e4\u00dfig d\u00fcngen<\/li>\n<li>Kompost oder Hornsp\u00e4ne ausbringen<\/li>\n<\/ul>\n<\/td>\n<\/tr>\n<tr valign=\"top\">\n<td width=\"101\">Spinat<\/td>\n<td width=\"109\">Sonne bis Halbschatten<\/td>\n<td width=\"109\">7 cm<\/td>\n<td width=\"109\">Ab April<\/td>\n<td width=\"108\">\n<ul>\n<li>Gut gie\u00dfen<\/li>\n<li>Nicht d\u00fcngen<\/li>\n<\/ul>\n<\/td>\n<\/tr>\n<\/tbody>\n<\/table>\n<h2><\/h2>\n<h2><span class=\"ez-toc-section\" id=\"Aussaat_im_Oktober_%E2%80%93_Kraeuter_fuer_draussen\"><\/span>Aussaat im Oktober \u2013 Kr\u00e4uter f\u00fcr drau\u00dfen<span class=\"ez-toc-section-end\"><\/span><\/h2>\n<p>W\u00e4hrend die meisten Kr\u00e4uter nun nicht mehr drau\u00dfen angepflanzt werden k\u00f6nnen, ist das beim B\u00e4rlauch anders. Bei dieser Pflanze muss die Aussaat ab Oktober beginnen, damit das Kraut im Fr\u00fchling geerntet werden kann.<\/p>\n<table class=\"custom-table-1\" width=\"100%\" cellspacing=\"0\" cellpadding=\"4\">\n<tbody>\n<tr valign=\"top\">\n<td width=\"101\"><strong>Kr\u00e4utersorte<\/strong><\/td>\n<td width=\"109\"><strong>Standort<\/strong><\/td>\n<td width=\"109\"><strong>Pflanzabstand<\/strong><\/td>\n<td width=\"109\"><strong>Ernte<\/strong><\/td>\n<td width=\"108\"><strong>Pflege<\/strong><\/td>\n<\/tr>\n<tr valign=\"top\">\n<td width=\"101\"><\/td>\n<td width=\"109\"><\/td>\n<td width=\"109\"><\/td>\n<td width=\"109\"><\/td>\n<td width=\"108\"><\/td>\n<\/tr>\n<tr valign=\"top\">\n<td width=\"101\">B\u00e4rlauch<\/td>\n<td width=\"109\">Schatten<\/td>\n<td width=\"109\">15 bis 20 cm<\/td>\n<td width=\"109\">Ab M\u00e4rz<\/td>\n<td width=\"108\">\n<ul>\n<li>Feucht halten<\/li>\n<li>Laubkompost ausbringen<\/li>\n<\/ul>\n<\/td>\n<\/tr>\n<\/tbody>\n<\/table>\n<h2><\/h2>\n<h2><span class=\"ez-toc-section\" id=\"Aussaat_im_Oktober_%E2%80%93_Blumen_fuer_draussen\"><\/span>Aussaat im Oktober \u2013 Blumen f\u00fcr drau\u00dfen<span class=\"ez-toc-section-end\"><\/span><\/h2>\n<p>Noch immer verzaubern uns so manche Blumen bei entsprechender Witterung mit tollen Bl\u00fcten. An Aussaat denken die jetzt die wenigsten. Doch ein paar Blumensamen d\u00fcrfen Sie vor dem Winter noch in die Erde bringen, vor allem, wenn es sich um zweij\u00e4hrige Pflanzen handelt, bei denen sich im ersten Jahr die Bl\u00e4tter bilden und die im zweiten Jahr bl\u00fchen.<\/p>\n<table class=\"custom-table-1\" width=\"100%\" cellspacing=\"0\" cellpadding=\"4\">\n<tbody>\n<tr valign=\"top\">\n<td width=\"101\"><strong>Pflanzensorte<\/strong><\/td>\n<td width=\"108\"><strong>Standort<\/strong><\/td>\n<td width=\"108\"><strong>Pflanzabstand<\/strong><\/td>\n<td width=\"108\"><strong>Bl\u00fcte<\/strong><\/td>\n<td width=\"115\"><strong>Pflege<\/strong><\/td>\n<\/tr>\n<tr valign=\"top\">\n<td width=\"101\"><\/td>\n<td width=\"108\"><\/td>\n<td width=\"108\"><\/td>\n<td width=\"108\"><\/td>\n<td width=\"115\"><\/td>\n<\/tr>\n<tr valign=\"top\">\n<td width=\"101\">Buntnesseln<\/td>\n<td width=\"108\">Halbschatten<\/td>\n<td width=\"108\">20 cm<\/td>\n<td width=\"108\">Hier sind die Bl\u00fcten nicht relevant, da die Buntnessel vor allem durch ihre bunten Bl\u00e4tter \u00fcberzeugt.<\/td>\n<td width=\"115\">\n<ul>\n<li>Regelm\u00e4\u00dfig gie\u00dfen<\/li>\n<li>D\u00fcngen nicht notwendig<\/li>\n<li>Nicht winterhart<\/li>\n<\/ul>\n<\/td>\n<\/tr>\n<tr valign=\"top\">\n<td width=\"101\">Echtes Duftveilchen<\/td>\n<td width=\"108\">Halbschatten bis Schatten<\/td>\n<td width=\"108\">20 cm<\/td>\n<td width=\"108\">Ab M\u00e4rz<\/td>\n<td width=\"115\">\n<ul>\n<li>Gie\u00dfen nur bei l\u00e4ngeren Trockenperioden<\/li>\n<li>Nicht d\u00fcngen<\/li>\n<li>Winterhart<\/li>\n<li>Bl\u00fcht im 2. Jahr<\/li>\n<\/ul>\n<\/td>\n<\/tr>\n<tr valign=\"top\">\n<td width=\"101\">Fingerhut<\/td>\n<td width=\"108\">Halbschatten bis Schatten<\/td>\n<td width=\"108\">30 bis 60 cm<\/td>\n<td width=\"108\">Ab Juni<\/td>\n<td width=\"115\">\n<ul>\n<li>Regelm\u00e4\u00dfig gie\u00dfen<\/li>\n<li>Boden mulchen<\/li>\n<li>Winterhart<\/li>\n<li>Giftig<\/li>\n<\/ul>\n<\/td>\n<\/tr>\n<tr valign=\"top\">\n<td width=\"101\">Glockenblumen<\/td>\n<td width=\"108\">Sonne bis Halbschatten<\/td>\n<td width=\"108\">20 bis 30 cm<\/td>\n<td width=\"108\">Ab Juni<\/td>\n<td width=\"115\">\n<ul>\n<li>Gut gie\u00dfen<\/li>\n<li>Keine Staun\u00e4sse<\/li>\n<li>Regelm\u00e4\u00dfig d\u00fcngen<\/li>\n<li>Nicht winterhart<\/li>\n<li>Bl\u00fcht im 2. Jahr<\/li>\n<\/ul>\n<\/td>\n<\/tr>\n<tr valign=\"top\">\n<td width=\"101\">Goldlack<\/td>\n<td width=\"108\">Sonne<\/td>\n<td width=\"108\">25 bis 30 cm<\/td>\n<td width=\"108\">Ab April<\/td>\n<td width=\"115\">\n<ul>\n<li>Regelm\u00e4\u00dfig gie\u00dfen<\/li>\n<li>D\u00fcngen nicht notwendig<\/li>\n<li>Frostempfindlich<\/li>\n<li>Giftig<\/li>\n<li>Bl\u00fcht im 2. Jahr<\/li>\n<\/ul>\n<\/td>\n<\/tr>\n<tr valign=\"top\">\n<td width=\"101\">Kornblumen<\/td>\n<td width=\"108\">Sonne<\/td>\n<td width=\"108\">15 cm<\/td>\n<td width=\"108\">Ab Juni<\/td>\n<td width=\"115\">\n<ul>\n<li>Sparsam gie\u00dfen<\/li>\n<li>Nicht d\u00fcngen<\/li>\n<li>Nicht winterhart<\/li>\n<\/ul>\n<\/td>\n<\/tr>\n<tr valign=\"top\">\n<td width=\"101\">Lupine<\/td>\n<td width=\"108\">Sonne bis Halbschatten<\/td>\n<td width=\"108\">50 cm<\/td>\n<td width=\"108\">Ab Juli<\/td>\n<td width=\"115\">\n<ul>\n<li>Wenig gie\u00dfen<\/li>\n<li>Nicht d\u00fcngen<\/li>\n<li>Als Gr\u00fcnd\u00fcngung zu verwenden<\/li>\n<li>Winterhart<\/li>\n<li>Giftig<\/li>\n<\/ul>\n<\/td>\n<\/tr>\n<tr valign=\"top\">\n<td width=\"101\">Ringelblumen<\/td>\n<td width=\"108\">Sonne bis Halbschatten<\/td>\n<td width=\"108\">25 bis 30 cm<\/td>\n<td width=\"108\">Ab Juli<\/td>\n<td width=\"115\">\n<ul>\n<li>M\u00e4\u00dfig gie\u00dfen<\/li>\n<li>Regelm\u00e4\u00dfig d\u00fcngen<\/li>\n<li>Nicht winterhart<\/li>\n<\/ul>\n<\/td>\n<\/tr>\n<tr valign=\"top\">\n<td width=\"101\">Schleierkraut<\/td>\n<td width=\"108\">Sonne<\/td>\n<td width=\"108\">80 cm<\/td>\n<td width=\"108\">Ab Juni<\/td>\n<td width=\"115\">\n<ul>\n<li>Wenig gie\u00dfen<\/li>\n<li>Nicht d\u00fcngen<\/li>\n<li>Winterhart<\/li>\n<li>Bl\u00fcht im 2. Jahr<\/li>\n<\/ul>\n<\/td>\n<\/tr>\n<tr valign=\"top\">\n<td width=\"101\">Spiegeleiblume<\/td>\n<td width=\"108\">Sonne bis Halbschatten<\/td>\n<td width=\"108\">15 bis 20 cm<\/td>\n<td width=\"108\">Ab M\u00e4rz<\/td>\n<td width=\"115\">\n<ul>\n<li>Feucht halten<\/li>\n<li>D\u00fcngen nicht notwendig<\/li>\n<li>Winterhart<\/li>\n<li>Bl\u00fcht im 2. Jahr<\/li>\n<\/ul>\n<\/td>\n<\/tr>\n<tr valign=\"top\">\n<td width=\"101\">Stiefm\u00fctterchen<\/td>\n<td width=\"108\">Sonne bis Halbschatten<\/td>\n<td width=\"108\">10 cm<\/td>\n<td width=\"108\">Ab M\u00e4rz<\/td>\n<td width=\"115\">\n<ul>\n<li>Feucht halten<\/li>\n<li>Ab und zu d\u00fcngen<\/li>\n<li>Winterhart<\/li>\n<\/ul>\n<\/td>\n<\/tr>\n<tr valign=\"top\">\n<td width=\"101\">Stockrosen<\/td>\n<td width=\"108\">Sonne<\/td>\n<td width=\"108\">50 bis 60 cm<\/td>\n<td width=\"108\">Ab Juli<\/td>\n<td width=\"115\">\n<ul>\n<li>Regelm\u00e4\u00dfig gie\u00dfen<\/li>\n<li>Wenig d\u00fcngen<\/li>\n<li>Kompost einarbeiten<\/li>\n<li>An St\u00fctzhilfe denken<\/li>\n<\/ul>\n<\/td>\n<\/tr>\n<tr valign=\"top\">\n<td width=\"101\">Veilchen<\/td>\n<td width=\"108\">Halbschatten<\/td>\n<td width=\"108\">20 cm<\/td>\n<td width=\"108\">Ab April<\/td>\n<td width=\"115\">\n<ul>\n<li>Feucht halten<\/li>\n<li>D\u00fcngen nicht notwendig<\/li>\n<li>Nach Bl\u00fcte teilen<\/li>\n<li>Bl\u00fchen im 2. Jahr<\/li>\n<\/ul>\n<\/td>\n<\/tr>\n<\/tbody>\n<\/table>\n<h2><\/h2>\n<h2><span class=\"ez-toc-section\" id=\"Aussaat_im_Oktober_%E2%80%93_Gemuese_in_Vorkultur\"><\/span>Aussaat im Oktober \u2013 Gem\u00fcse in Vorkultur<span class=\"ez-toc-section-end\"><\/span><\/h2>\n<p>In Sachen Vorkultur von Gem\u00fcse ist der Oktober ein Ruhemonat. Jetzt werden keine Gem\u00fcsesorten oder Salate unter Glas ausges\u00e4t, das beginnt erst wieder im neuen Jahr.<\/p>\n<h2><span class=\"ez-toc-section\" id=\"Aussaat_im_Oktober_%E2%80%93_Kraeuter_in_Vorkultur\"><\/span>Aussaat im Oktober \u2013 Kr\u00e4uter in Vorkultur<span class=\"ez-toc-section-end\"><\/span><\/h2>\n<p>\u00c4hnlich wie beim Gem\u00fcse ist es auch bei der Aussaat von Kr\u00e4utern. Bis auf die bekannten drei Kr\u00e4uter Basilikum, Dill und Zitronenmelisse ist eine Aussaat unter Glas jetzt nicht mehr m\u00f6glich.<\/p>\n<table class=\"custom-table-1\" width=\"100%\" cellspacing=\"0\" cellpadding=\"4\">\n<tbody>\n<tr valign=\"top\">\n<td width=\"101\"><strong>Kr\u00e4utersorte<\/strong><\/td>\n<td width=\"109\"><strong>Standort<\/strong><\/td>\n<td width=\"109\"><strong>Pflanzabstand<\/strong><\/td>\n<td width=\"109\"><strong>Ernte<\/strong><\/td>\n<td width=\"108\"><strong>Pflege<\/strong><\/td>\n<\/tr>\n<tr valign=\"top\">\n<td width=\"101\"><\/td>\n<td width=\"109\"><\/td>\n<td width=\"109\"><\/td>\n<td width=\"109\"><\/td>\n<td width=\"108\"><\/td>\n<\/tr>\n<tr valign=\"top\">\n<td width=\"101\">Basilikum<\/td>\n<td width=\"109\">Sonne<\/td>\n<td width=\"109\">25 cm<\/td>\n<td width=\"109\">Ab Juli<\/td>\n<td width=\"108\">\n<ul>\n<li>Gut gie\u00dfen<\/li>\n<li>Ab und zu d\u00fcngen<\/li>\n<\/ul>\n<\/td>\n<\/tr>\n<tr valign=\"top\">\n<td width=\"101\">Dill<\/td>\n<td width=\"109\">Sonne<\/td>\n<td width=\"109\">15 cm<\/td>\n<td width=\"109\">Ab Juni<\/td>\n<td width=\"108\">\n<ul>\n<li>Feucht halten<\/li>\n<li>Nicht zwingend d\u00fcngen<\/li>\n<\/ul>\n<\/td>\n<\/tr>\n<tr valign=\"top\">\n<td width=\"101\">Zitronenmelisse<\/td>\n<td width=\"109\">Sonne bis Halbschatten<\/td>\n<td width=\"109\">45 cm<\/td>\n<td width=\"109\">Ab Juli<\/td>\n<td width=\"108\">\n<ul>\n<li>Feucht halten<\/li>\n<li>D\u00fcngen nicht n\u00f6tig<\/li>\n<li>An Wurzelsperre denken<\/li>\n<\/ul>\n<\/td>\n<\/tr>\n<\/tbody>\n<\/table>\n<h2><\/h2>\n<h2><span class=\"ez-toc-section\" id=\"Aussaat_im_Oktober_%E2%80%93_Blumen_in_Vorkultur\"><\/span>Aussaat im Oktober \u2013 Blumen in Vorkultur<span class=\"ez-toc-section-end\"><\/span><\/h2>\n<p>Und ebenfalls nichts los ist bei der Vorkultur von Blumen und Stauden. Genie\u00dfen Sie die ruhigen Monate und \u00fcberlegen Sie sich schon jetzt, welche Pflanzen Sie im neuen Jahr gerne im Garten h\u00e4tten.<\/p>\n","protected":false},"excerpt":{"rendered":"<p>Die meisten Pflanzen bereiten sich langsam auf die Winterruhe vor. Das bedeutet, dass jetzt Aussaaten kaum mehr m\u00f6glich sind. Wenngleich es doch immer wieder Gem\u00fcse, Salate, Kr\u00e4uter oder auch Blumen gibt, die Sie ins Freiland s\u00e4en oder damit in Vorkultur gehen k\u00f6nnen. Viel ist es aber tats\u00e4chlich nicht mehr. Stattdessen steht jetzt noch immer einiges an Arbeit bei der Ernte an. Aussaat im Oktober \u2013 Gem\u00fcse und Salate f\u00fcr drau\u00dfen Bei manchen Gem\u00fcsesorten denken wir im Oktober schon wieder an das neue Jahr. Denn es gibt ein paar Samen, die jetzt noch in die Erde kommen. Gem\u00fcsesorte Standort Pflanzabstand Ernte Pflege Feldsalat Sonne 5 cm Ab April M\u00e4\u00dfig gie\u00dfen Muss nicht ged\u00fcngt werden Kerbelr\u00fcbe Halbschatten 5 bis 10 cm Ab Juni Feucht halten Dicht s\u00e4en, da Keimf\u00e4higkeit niedrig ist D\u00fcngen nicht notwendig Unkraut entfernen Knoblauch Sonne 10 bis 15 cm Ab Juni Wenig gie\u00dfen Keine Staun\u00e4sse D\u00fcngen nicht notwendig Unkrautfrei halten Mangold Sonne bis Halbschatten 30 cm Ab Juni Regelm\u00e4\u00dfig gie\u00dfen Kompost aufbringen Rhabarber Sonne bis Halbschatten 50 cm Ab April Gut gie\u00dfen Regelm\u00e4\u00dfig d\u00fcngen Kompost oder Hornsp\u00e4ne ausbringen Spinat Sonne bis Halbschatten 7 cm Ab April Gut gie\u00dfen Nicht d\u00fcngen Aussaat im Oktober \u2013 Kr\u00e4uter f\u00fcr drau\u00dfen W\u00e4hrend die [&hellip;]<\/p>\n","protected":false},"author":13,"featured_media":7263,"comment_status":"open","ping_status":"open","sticky":false,"template":"","format":"standard","meta":{"_acf_changed":false,"footnotes":""},"categories":[28],"tags":[],"hersteller":[],"class_list":["post-7250","post","type-post","status-publish","format-standard","has-post-thumbnail","hentry","category-oktober"],"acf":[],"yoast_head":"<!-- This site is optimized with the Yoast SEO plugin v27.4 - https:\/\/yoast.com\/product\/yoast-seo-wordpress\/ -->\n<title>Aussaat im Oktober \u2013 Vorbereitung auf den Winter - Samenhaus Gartenblog<\/title>\n<meta name=\"description\" content=\"Aussaat im Oktober - geht da noch was? Aber sicher, das eine oder andere k\u00f6nnen Sie immer noch auss\u00e4en und im Winter ernten. Auch Zwiebeln und Knoblauch kommen jetzt noch ins Beet.\" \/>\n<meta name=\"robots\" content=\"index, follow, max-snippet:-1, max-image-preview:large, max-video-preview:-1\" \/>\n<link rel=\"canonical\" href=\"https:\/\/www.samenhaus.de\/gartenblog\/aussaat-im-oktober-vorbereitung-auf-den-winter\" \/>\n<meta property=\"og:locale\" content=\"de_DE\" \/>\n<meta property=\"og:type\" content=\"article\" \/>\n<meta property=\"og:title\" content=\"Aussaat im Oktober \u2013 Vorbereitung auf den Winter - Samenhaus Gartenblog\" \/>\n<meta property=\"og:description\" content=\"Aussaat im Oktober - geht da noch was? Aber sicher, das eine oder andere k\u00f6nnen Sie immer noch auss\u00e4en und im Winter ernten. Auch Zwiebeln und Knoblauch kommen jetzt noch ins Beet.\" \/>\n<meta property=\"og:url\" content=\"https:\/\/www.samenhaus.de\/gartenblog\/aussaat-im-oktober-vorbereitung-auf-den-winter\" \/>\n<meta property=\"og:site_name\" content=\"Samenhaus Gartenblog\" \/>\n<meta property=\"article:publisher\" content=\"https:\/\/de-de.facebook.com\/samenhaus\" \/>\n<meta property=\"article:published_time\" content=\"2022-10-01T15:00:12+00:00\" \/>\n<meta property=\"article:modified_time\" content=\"2023-08-10T11:42:13+00:00\" \/>\n<meta property=\"og:image\" content=\"https:\/\/www.samenhaus.de\/gartenblog\/wp-content\/uploads\/2022\/10\/Aussaat-Oktober_482749636-scaled.jpg\" \/>\n\t<meta property=\"og:image:width\" content=\"2560\" \/>\n\t<meta property=\"og:image:height\" content=\"973\" \/>\n\t<meta property=\"og:image:type\" content=\"image\/jpeg\" \/>\n<meta name=\"author\" content=\"Holger\" \/>\n<meta name=\"twitter:card\" content=\"summary_large_image\" \/>\n<meta name=\"twitter:creator\" content=\"@samenhaus\" \/>\n<meta name=\"twitter:site\" content=\"@samenhaus\" \/>\n<meta name=\"twitter:label1\" content=\"Verfasst von\" \/>\n\t<meta name=\"twitter:data1\" content=\"Holger\" \/>\n\t<meta name=\"twitter:label2\" content=\"Gesch\u00e4tzte Lesezeit\" \/>\n\t<meta name=\"twitter:data2\" content=\"4\u00a0Minuten\" \/>\n<script type=\"application\/ld+json\" class=\"yoast-schema-graph\">{\"@context\":\"https:\\\/\\\/schema.org\",\"@graph\":[{\"@type\":\"Article\",\"@id\":\"https:\\\/\\\/www.samenhaus.de\\\/gartenblog\\\/aussaat-im-oktober-vorbereitung-auf-den-winter#article\",\"isPartOf\":{\"@id\":\"https:\\\/\\\/www.samenhaus.de\\\/gartenblog\\\/aussaat-im-oktober-vorbereitung-auf-den-winter\"},\"author\":{\"name\":\"Holger\",\"@id\":\"https:\\\/\\\/www.samenhaus.de\\\/gartenblog\\\/#\\\/schema\\\/person\\\/de169769587431893823f62b2ce06c04\"},\"headline\":\"Aussaat im Oktober \u2013 Vorbereitung auf den Winter\",\"datePublished\":\"2022-10-01T15:00:12+00:00\",\"dateModified\":\"2023-08-10T11:42:13+00:00\",\"mainEntityOfPage\":{\"@id\":\"https:\\\/\\\/www.samenhaus.de\\\/gartenblog\\\/aussaat-im-oktober-vorbereitung-auf-den-winter\"},\"wordCount\":785,\"commentCount\":0,\"publisher\":{\"@id\":\"https:\\\/\\\/www.samenhaus.de\\\/gartenblog\\\/#organization\"},\"image\":{\"@id\":\"https:\\\/\\\/www.samenhaus.de\\\/gartenblog\\\/aussaat-im-oktober-vorbereitung-auf-den-winter#primaryimage\"},\"thumbnailUrl\":\"https:\\\/\\\/www.samenhaus.de\\\/gartenblog\\\/wp-content\\\/uploads\\\/2022\\\/10\\\/Aussaat-Oktober_482749636-scaled.jpg\",\"articleSection\":[\"Oktober\"],\"inLanguage\":\"de\",\"potentialAction\":[{\"@type\":\"CommentAction\",\"name\":\"Comment\",\"target\":[\"https:\\\/\\\/www.samenhaus.de\\\/gartenblog\\\/aussaat-im-oktober-vorbereitung-auf-den-winter#respond\"]}],\"copyrightYear\":\"2022\",\"copyrightHolder\":{\"@id\":\"https:\\\/\\\/www.samenhaus.de\\\/gartenblog\\\/#organization\"}},{\"@type\":\"WebPage\",\"@id\":\"https:\\\/\\\/www.samenhaus.de\\\/gartenblog\\\/aussaat-im-oktober-vorbereitung-auf-den-winter\",\"url\":\"https:\\\/\\\/www.samenhaus.de\\\/gartenblog\\\/aussaat-im-oktober-vorbereitung-auf-den-winter\",\"name\":\"Aussaat im Oktober \u2013 Vorbereitung auf den Winter - Samenhaus Gartenblog\",\"isPartOf\":{\"@id\":\"https:\\\/\\\/www.samenhaus.de\\\/gartenblog\\\/#website\"},\"primaryImageOfPage\":{\"@id\":\"https:\\\/\\\/www.samenhaus.de\\\/gartenblog\\\/aussaat-im-oktober-vorbereitung-auf-den-winter#primaryimage\"},\"image\":{\"@id\":\"https:\\\/\\\/www.samenhaus.de\\\/gartenblog\\\/aussaat-im-oktober-vorbereitung-auf-den-winter#primaryimage\"},\"thumbnailUrl\":\"https:\\\/\\\/www.samenhaus.de\\\/gartenblog\\\/wp-content\\\/uploads\\\/2022\\\/10\\\/Aussaat-Oktober_482749636-scaled.jpg\",\"datePublished\":\"2022-10-01T15:00:12+00:00\",\"dateModified\":\"2023-08-10T11:42:13+00:00\",\"description\":\"Aussaat im Oktober - geht da noch was? Aber sicher, das eine oder andere k\u00f6nnen Sie immer noch auss\u00e4en und im Winter ernten. Auch Zwiebeln und Knoblauch kommen jetzt noch ins Beet.\",\"breadcrumb\":{\"@id\":\"https:\\\/\\\/www.samenhaus.de\\\/gartenblog\\\/aussaat-im-oktober-vorbereitung-auf-den-winter#breadcrumb\"},\"inLanguage\":\"de\",\"potentialAction\":[{\"@type\":\"ReadAction\",\"target\":[\"https:\\\/\\\/www.samenhaus.de\\\/gartenblog\\\/aussaat-im-oktober-vorbereitung-auf-den-winter\"]}]},{\"@type\":\"ImageObject\",\"inLanguage\":\"de\",\"@id\":\"https:\\\/\\\/www.samenhaus.de\\\/gartenblog\\\/aussaat-im-oktober-vorbereitung-auf-den-winter#primaryimage\",\"url\":\"https:\\\/\\\/www.samenhaus.de\\\/gartenblog\\\/wp-content\\\/uploads\\\/2022\\\/10\\\/Aussaat-Oktober_482749636-scaled.jpg\",\"contentUrl\":\"https:\\\/\\\/www.samenhaus.de\\\/gartenblog\\\/wp-content\\\/uploads\\\/2022\\\/10\\\/Aussaat-Oktober_482749636-scaled.jpg\",\"width\":2560,\"height\":973,\"caption\":\"Aussaat Oktober\"},{\"@type\":\"BreadcrumbList\",\"@id\":\"https:\\\/\\\/www.samenhaus.de\\\/gartenblog\\\/aussaat-im-oktober-vorbereitung-auf-den-winter#breadcrumb\",\"itemListElement\":[{\"@type\":\"ListItem\",\"position\":1,\"name\":\"Startseite\",\"item\":\"https:\\\/\\\/www.samenhaus.de\\\/gartenblog\\\/\"},{\"@type\":\"ListItem\",\"position\":2,\"name\":\"Aussaat im Oktober \u2013 Vorbereitung auf den Winter\"}]},{\"@type\":\"WebSite\",\"@id\":\"https:\\\/\\\/www.samenhaus.de\\\/gartenblog\\\/#website\",\"url\":\"https:\\\/\\\/www.samenhaus.de\\\/gartenblog\\\/\",\"name\":\"Samenhaus Gartenblog\",\"description\":\"\",\"publisher\":{\"@id\":\"https:\\\/\\\/www.samenhaus.de\\\/gartenblog\\\/#organization\"},\"potentialAction\":[{\"@type\":\"SearchAction\",\"target\":{\"@type\":\"EntryPoint\",\"urlTemplate\":\"https:\\\/\\\/www.samenhaus.de\\\/gartenblog\\\/?s={search_term_string}\"},\"query-input\":{\"@type\":\"PropertyValueSpecification\",\"valueRequired\":true,\"valueName\":\"search_term_string\"}}],\"inLanguage\":\"de\"},{\"@type\":\"Organization\",\"@id\":\"https:\\\/\\\/www.samenhaus.de\\\/gartenblog\\\/#organization\",\"name\":\"Samenhaus.de Gartenblog\",\"url\":\"https:\\\/\\\/www.samenhaus.de\\\/gartenblog\\\/\",\"logo\":{\"@type\":\"ImageObject\",\"inLanguage\":\"de\",\"@id\":\"https:\\\/\\\/www.samenhaus.de\\\/gartenblog\\\/#\\\/schema\\\/logo\\\/image\\\/\",\"url\":\"https:\\\/\\\/www.samenhaus.de\\\/gartenblog\\\/wp-content\\\/uploads\\\/2020\\\/11\\\/logo.svg\",\"contentUrl\":\"https:\\\/\\\/www.samenhaus.de\\\/gartenblog\\\/wp-content\\\/uploads\\\/2020\\\/11\\\/logo.svg\",\"width\":1,\"height\":1,\"caption\":\"Samenhaus.de Gartenblog\"},\"image\":{\"@id\":\"https:\\\/\\\/www.samenhaus.de\\\/gartenblog\\\/#\\\/schema\\\/logo\\\/image\\\/\"},\"sameAs\":[\"https:\\\/\\\/de-de.facebook.com\\\/samenhaus\",\"https:\\\/\\\/x.com\\\/samenhaus\"]},{\"@type\":\"Person\",\"@id\":\"https:\\\/\\\/www.samenhaus.de\\\/gartenblog\\\/#\\\/schema\\\/person\\\/de169769587431893823f62b2ce06c04\",\"name\":\"Holger\",\"image\":{\"@type\":\"ImageObject\",\"inLanguage\":\"de\",\"@id\":\"https:\\\/\\\/www.samenhaus.de\\\/gartenblog\\\/wp-content\\\/uploads\\\/2026\\\/03\\\/Holger-150x150.png\",\"url\":\"https:\\\/\\\/www.samenhaus.de\\\/gartenblog\\\/wp-content\\\/uploads\\\/2026\\\/03\\\/Holger-150x150.png\",\"contentUrl\":\"https:\\\/\\\/www.samenhaus.de\\\/gartenblog\\\/wp-content\\\/uploads\\\/2026\\\/03\\\/Holger-150x150.png\",\"caption\":\"Holger\"},\"description\":\"6.000.000 W\u00f6rter \u2013 so viel k\u00f6nnen Sie in etwa von mir online lesen. Das F\u00fcllen des Internets entwickelte sich nach meiner Ausbildung zum TV-Redakteur und der langj\u00e4hrigen Arbeit bei SAT.1 zu einem Fulltime-Job. Trotzdem finde ich noch gen\u00fcgend Zeit, um in meinem Garten zu werkeln. Eine Staude hier, ein Bl\u00fcmchen dort und ein bisschen Gem\u00fcse darf auch nicht fehlen \u2013 einen Schnitzelbaum gibt es ja noch nicht \u2026 Die besten geistigen Erg\u00fcsse habe ich \u00fcbrigens, wenn ich IM Garten \u00dcBER den Garten schreiben kann. So vereinen sich Beruf und Hobby perfekt \u2013 was gibt es Sch\u00f6neres?\",\"url\":\"https:\\\/\\\/www.samenhaus.de\\\/gartenblog\\\/author\\\/holger\"}]}<\/script>\n<!-- \/ Yoast SEO plugin. -->","yoast_head_json":{"title":"Aussaat im Oktober \u2013 Vorbereitung auf den Winter - Samenhaus Gartenblog","description":"Aussaat im Oktober - geht da noch was? Aber sicher, das eine oder andere k\u00f6nnen Sie immer noch auss\u00e4en und im Winter ernten. Auch Zwiebeln und Knoblauch kommen jetzt noch ins Beet.","robots":{"index":"index","follow":"follow","max-snippet":"max-snippet:-1","max-image-preview":"max-image-preview:large","max-video-preview":"max-video-preview:-1"},"canonical":"https:\/\/www.samenhaus.de\/gartenblog\/aussaat-im-oktober-vorbereitung-auf-den-winter","og_locale":"de_DE","og_type":"article","og_title":"Aussaat im Oktober \u2013 Vorbereitung auf den Winter - Samenhaus Gartenblog","og_description":"Aussaat im Oktober - geht da noch was? Aber sicher, das eine oder andere k\u00f6nnen Sie immer noch auss\u00e4en und im Winter ernten. Auch Zwiebeln und Knoblauch kommen jetzt noch ins Beet.","og_url":"https:\/\/www.samenhaus.de\/gartenblog\/aussaat-im-oktober-vorbereitung-auf-den-winter","og_site_name":"Samenhaus Gartenblog","article_publisher":"https:\/\/de-de.facebook.com\/samenhaus","article_published_time":"2022-10-01T15:00:12+00:00","article_modified_time":"2023-08-10T11:42:13+00:00","og_image":[{"width":2560,"height":973,"url":"https:\/\/www.samenhaus.de\/gartenblog\/wp-content\/uploads\/2022\/10\/Aussaat-Oktober_482749636-scaled.jpg","type":"image\/jpeg"}],"author":"Holger","twitter_card":"summary_large_image","twitter_creator":"@samenhaus","twitter_site":"@samenhaus","twitter_misc":{"Verfasst von":"Holger","Gesch\u00e4tzte Lesezeit":"4\u00a0Minuten"},"schema":{"@context":"https:\/\/schema.org","@graph":[{"@type":"Article","@id":"https:\/\/www.samenhaus.de\/gartenblog\/aussaat-im-oktober-vorbereitung-auf-den-winter#article","isPartOf":{"@id":"https:\/\/www.samenhaus.de\/gartenblog\/aussaat-im-oktober-vorbereitung-auf-den-winter"},"author":{"name":"Holger","@id":"https:\/\/www.samenhaus.de\/gartenblog\/#\/schema\/person\/de169769587431893823f62b2ce06c04"},"headline":"Aussaat im Oktober \u2013 Vorbereitung auf den Winter","datePublished":"2022-10-01T15:00:12+00:00","dateModified":"2023-08-10T11:42:13+00:00","mainEntityOfPage":{"@id":"https:\/\/www.samenhaus.de\/gartenblog\/aussaat-im-oktober-vorbereitung-auf-den-winter"},"wordCount":785,"commentCount":0,"publisher":{"@id":"https:\/\/www.samenhaus.de\/gartenblog\/#organization"},"image":{"@id":"https:\/\/www.samenhaus.de\/gartenblog\/aussaat-im-oktober-vorbereitung-auf-den-winter#primaryimage"},"thumbnailUrl":"https:\/\/www.samenhaus.de\/gartenblog\/wp-content\/uploads\/2022\/10\/Aussaat-Oktober_482749636-scaled.jpg","articleSection":["Oktober"],"inLanguage":"de","potentialAction":[{"@type":"CommentAction","name":"Comment","target":["https:\/\/www.samenhaus.de\/gartenblog\/aussaat-im-oktober-vorbereitung-auf-den-winter#respond"]}],"copyrightYear":"2022","copyrightHolder":{"@id":"https:\/\/www.samenhaus.de\/gartenblog\/#organization"}},{"@type":"WebPage","@id":"https:\/\/www.samenhaus.de\/gartenblog\/aussaat-im-oktober-vorbereitung-auf-den-winter","url":"https:\/\/www.samenhaus.de\/gartenblog\/aussaat-im-oktober-vorbereitung-auf-den-winter","name":"Aussaat im Oktober \u2013 Vorbereitung auf den Winter - Samenhaus Gartenblog","isPartOf":{"@id":"https:\/\/www.samenhaus.de\/gartenblog\/#website"},"primaryImageOfPage":{"@id":"https:\/\/www.samenhaus.de\/gartenblog\/aussaat-im-oktober-vorbereitung-auf-den-winter#primaryimage"},"image":{"@id":"https:\/\/www.samenhaus.de\/gartenblog\/aussaat-im-oktober-vorbereitung-auf-den-winter#primaryimage"},"thumbnailUrl":"https:\/\/www.samenhaus.de\/gartenblog\/wp-content\/uploads\/2022\/10\/Aussaat-Oktober_482749636-scaled.jpg","datePublished":"2022-10-01T15:00:12+00:00","dateModified":"2023-08-10T11:42:13+00:00","description":"Aussaat im Oktober - geht da noch was? Aber sicher, das eine oder andere k\u00f6nnen Sie immer noch auss\u00e4en und im Winter ernten. Auch Zwiebeln und Knoblauch kommen jetzt noch ins Beet.","breadcrumb":{"@id":"https:\/\/www.samenhaus.de\/gartenblog\/aussaat-im-oktober-vorbereitung-auf-den-winter#breadcrumb"},"inLanguage":"de","potentialAction":[{"@type":"ReadAction","target":["https:\/\/www.samenhaus.de\/gartenblog\/aussaat-im-oktober-vorbereitung-auf-den-winter"]}]},{"@type":"ImageObject","inLanguage":"de","@id":"https:\/\/www.samenhaus.de\/gartenblog\/aussaat-im-oktober-vorbereitung-auf-den-winter#primaryimage","url":"https:\/\/www.samenhaus.de\/gartenblog\/wp-content\/uploads\/2022\/10\/Aussaat-Oktober_482749636-scaled.jpg","contentUrl":"https:\/\/www.samenhaus.de\/gartenblog\/wp-content\/uploads\/2022\/10\/Aussaat-Oktober_482749636-scaled.jpg","width":2560,"height":973,"caption":"Aussaat Oktober"},{"@type":"BreadcrumbList","@id":"https:\/\/www.samenhaus.de\/gartenblog\/aussaat-im-oktober-vorbereitung-auf-den-winter#breadcrumb","itemListElement":[{"@type":"ListItem","position":1,"name":"Startseite","item":"https:\/\/www.samenhaus.de\/gartenblog\/"},{"@type":"ListItem","position":2,"name":"Aussaat im Oktober \u2013 Vorbereitung auf den Winter"}]},{"@type":"WebSite","@id":"https:\/\/www.samenhaus.de\/gartenblog\/#website","url":"https:\/\/www.samenhaus.de\/gartenblog\/","name":"Samenhaus Gartenblog","description":"","publisher":{"@id":"https:\/\/www.samenhaus.de\/gartenblog\/#organization"},"potentialAction":[{"@type":"SearchAction","target":{"@type":"EntryPoint","urlTemplate":"https:\/\/www.samenhaus.de\/gartenblog\/?s={search_term_string}"},"query-input":{"@type":"PropertyValueSpecification","valueRequired":true,"valueName":"search_term_string"}}],"inLanguage":"de"},{"@type":"Organization","@id":"https:\/\/www.samenhaus.de\/gartenblog\/#organization","name":"Samenhaus.de Gartenblog","url":"https:\/\/www.samenhaus.de\/gartenblog\/","logo":{"@type":"ImageObject","inLanguage":"de","@id":"https:\/\/www.samenhaus.de\/gartenblog\/#\/schema\/logo\/image\/","url":"https:\/\/www.samenhaus.de\/gartenblog\/wp-content\/uploads\/2020\/11\/logo.svg","contentUrl":"https:\/\/www.samenhaus.de\/gartenblog\/wp-content\/uploads\/2020\/11\/logo.svg","width":1,"height":1,"caption":"Samenhaus.de Gartenblog"},"image":{"@id":"https:\/\/www.samenhaus.de\/gartenblog\/#\/schema\/logo\/image\/"},"sameAs":["https:\/\/de-de.facebook.com\/samenhaus","https:\/\/x.com\/samenhaus"]},{"@type":"Person","@id":"https:\/\/www.samenhaus.de\/gartenblog\/#\/schema\/person\/de169769587431893823f62b2ce06c04","name":"Holger","image":{"@type":"ImageObject","inLanguage":"de","@id":"https:\/\/www.samenhaus.de\/gartenblog\/wp-content\/uploads\/2026\/03\/Holger-150x150.png","url":"https:\/\/www.samenhaus.de\/gartenblog\/wp-content\/uploads\/2026\/03\/Holger-150x150.png","contentUrl":"https:\/\/www.samenhaus.de\/gartenblog\/wp-content\/uploads\/2026\/03\/Holger-150x150.png","caption":"Holger"},"description":"6.000.000 W\u00f6rter \u2013 so viel k\u00f6nnen Sie in etwa von mir online lesen. Das F\u00fcllen des Internets entwickelte sich nach meiner Ausbildung zum TV-Redakteur und der langj\u00e4hrigen Arbeit bei SAT.1 zu einem Fulltime-Job. Trotzdem finde ich noch gen\u00fcgend Zeit, um in meinem Garten zu werkeln. Eine Staude hier, ein Bl\u00fcmchen dort und ein bisschen Gem\u00fcse darf auch nicht fehlen \u2013 einen Schnitzelbaum gibt es ja noch nicht \u2026 Die besten geistigen Erg\u00fcsse habe ich \u00fcbrigens, wenn ich IM Garten \u00dcBER den Garten schreiben kann. So vereinen sich Beruf und Hobby perfekt \u2013 was gibt es Sch\u00f6neres?","url":"https:\/\/www.samenhaus.de\/gartenblog\/author\/holger"}]}},"wp-worthy-pixel":{"ignored":false,"public":"2494846c503a44118d4ee2d191aca632","server":"vg06.met.vgwort.de","url":"https:\/\/vg06.met.vgwort.de\/na\/2494846c503a44118d4ee2d191aca632"},"wp-worthy-type":"normal","_links":{"self":[{"href":"https:\/\/www.samenhaus.de\/gartenblog\/wp-json\/wp\/v2\/posts\/7250","targetHints":{"allow":["GET"]}}],"collection":[{"href":"https:\/\/www.samenhaus.de\/gartenblog\/wp-json\/wp\/v2\/posts"}],"about":[{"href":"https:\/\/www.samenhaus.de\/gartenblog\/wp-json\/wp\/v2\/types\/post"}],"author":[{"embeddable":true,"href":"https:\/\/www.samenhaus.de\/gartenblog\/wp-json\/wp\/v2\/users\/13"}],"replies":[{"embeddable":true,"href":"https:\/\/www.samenhaus.de\/gartenblog\/wp-json\/wp\/v2\/comments?post=7250"}],"version-history":[{"count":8,"href":"https:\/\/www.samenhaus.de\/gartenblog\/wp-json\/wp\/v2\/posts\/7250\/revisions"}],"predecessor-version":[{"id":12877,"href":"https:\/\/www.samenhaus.de\/gartenblog\/wp-json\/wp\/v2\/posts\/7250\/revisions\/12877"}],"wp:featuredmedia":[{"embeddable":true,"href":"https:\/\/www.samenhaus.de\/gartenblog\/wp-json\/wp\/v2\/media\/7263"}],"wp:attachment":[{"href":"https:\/\/www.samenhaus.de\/gartenblog\/wp-json\/wp\/v2\/media?parent=7250"}],"wp:term":[{"taxonomy":"category","embeddable":true,"href":"https:\/\/www.samenhaus.de\/gartenblog\/wp-json\/wp\/v2\/categories?post=7250"},{"taxonomy":"post_tag","embeddable":true,"href":"https:\/\/www.samenhaus.de\/gartenblog\/wp-json\/wp\/v2\/tags?post=7250"},{"taxonomy":"hersteller","embeddable":true,"href":"https:\/\/www.samenhaus.de\/gartenblog\/wp-json\/wp\/v2\/hersteller?post=7250"}],"curies":[{"name":"wp","href":"https:\/\/api.w.org\/{rel}","templated":true}]}}