{"id":741,"date":"2022-02-07T10:22:12","date_gmt":"2022-02-07T10:22:12","guid":{"rendered":"https:\/\/samenhaus1.timmeserver.de\/?p=741"},"modified":"2023-07-04T04:44:40","modified_gmt":"2023-07-04T04:44:40","slug":"gartenkalender-juli-viel-arbeit-im-nutz-und-ziergarten","status":"publish","type":"post","link":"https:\/\/www.samenhaus.de\/gartenblog\/gartenkalender-juli-viel-arbeit-im-nutz-und-ziergarten","title":{"rendered":"Gartenkalender Juli: viel Arbeit im Nutz- und Ziergarten"},"content":{"rendered":"<p class=\"western\">Der Juli bringt viel Arbeit im Obst- und Gem\u00fcsegarten, da viele Obst- und Gem\u00fcsesorten reif f\u00fcr die Ernte sind. Im Ziergarten schneiden Sie verbl\u00fchte Bl\u00fcten ab. Viel zu tun haben Sie mit dem W\u00e4ssern und Unkrautj\u00e4ten.<\/p>\n<h2 class=\"western\"><span class=\"ez-toc-section\" id=\"Arbeiten_im_Gemuesegarten_Ernte_steht_im_Vordergrund\"><\/span>Arbeiten im Gem\u00fcsegarten: Ernte steht im Vordergrund<span class=\"ez-toc-section-end\"><\/span><\/h2>\n<p class=\"western\"><img loading=\"lazy\" decoding=\"async\" class=\"size-medium wp-image-2191 alignright\" src=\"https:\/\/www.samenhaus.de\/gartenblog\/wp-content\/uploads\/2022\/02\/Gartenkalender-Juli_124125182-300x200.jpeg\" alt=\"Gem\u00fcse\" width=\"300\" height=\"200\" srcset=\"https:\/\/www.samenhaus.de\/gartenblog\/wp-content\/uploads\/2022\/02\/Gartenkalender-Juli_124125182-300x200.jpeg 300w, https:\/\/www.samenhaus.de\/gartenblog\/wp-content\/uploads\/2022\/02\/Gartenkalender-Juli_124125182-600x400.jpeg 600w, https:\/\/www.samenhaus.de\/gartenblog\/wp-content\/uploads\/2022\/02\/Gartenkalender-Juli_124125182-2048x1365.jpeg 2048w, https:\/\/www.samenhaus.de\/gartenblog\/wp-content\/uploads\/2022\/02\/Gartenkalender-Juli_124125182-768x512.jpeg 768w, https:\/\/www.samenhaus.de\/gartenblog\/wp-content\/uploads\/2022\/02\/Gartenkalender-Juli_124125182-1024x683.jpeg 1024w, https:\/\/www.samenhaus.de\/gartenblog\/wp-content\/uploads\/2022\/02\/Gartenkalender-Juli_124125182-1536x1024.jpeg 1536w\" sizes=\"auto, (max-width: 300px) 100vw, 300px\" \/>Im Gem\u00fcsegarten ist die Ernte im Juli im vollen Gange. Verschiedene Gem\u00fcsesorten s\u00e4en Sie im Juli noch nach, damit Sie im Herbst noch ernten k\u00f6nnen. Nicht vergessen d\u00fcrfen Sie die Bew\u00e4sserung, die Auflockerung des Bodens und das Unkrautj\u00e4ten.<\/p>\n<h3 class=\"western\"><span class=\"ez-toc-section\" id=\"Gemuese_ernten_richtigen_Zeitpunkt_erkennen\"><\/span>Gem\u00fcse ernten: richtigen Zeitpunkt erkennen<span class=\"ez-toc-section-end\"><\/span><\/h3>\n<p class=\"western\">Im Juli kommt es bei vielen Gem\u00fcsesorten auf den richtigen Zeitpunkt f\u00fcr die Ernte an, damit sie aufgrund der Hitze und Trockenheit nicht holzig oder bitter werden. Verschiedene Wurzel- und Knollengem\u00fcse ernten Sie besser etwas zu fr\u00fch als zu sp\u00e4t. Erntezeit ist f\u00fcr<\/p>\n<ul>\n<li class=\"western\">Busch- und Stangenbohnen sowie Mark- und Zuckererbsen, etwa alle drei Tage. Regelm\u00e4\u00dfige Ernte f\u00f6rdert das Nachwachsen neuer Fr\u00fcchte.<\/li>\n<li class=\"western\">M\u00f6hren, Radieschen und Rettich, von denen Sie die kr\u00e4ftigsten nehmen, damit die \u00fcbrigen Wurzeln sich besser ausbreiten k\u00f6nnen.<\/li>\n<li class=\"western\">Kohlrabi, da sie bei gro\u00dfer Hitze holzig oder wattig werden.<\/li>\n<li class=\"western\">die kr\u00e4ftigsten Knollen von Knollensellerie, um gleichzeitig die Reihen auszud\u00fcnnen und die Bildung kr\u00e4ftiger Knollen der \u00fcbrigen Pflanzen zu f\u00f6rdern.<\/li>\n<li class=\"western\">Zucchini, mindestens jeden zweiten Tag, damit sie nicht zu gro\u00df werden und das Nachwachsen gef\u00f6rdert wird.<\/li>\n<li class=\"western\">Gurken, Paprika und Tomaten.<\/li>\n<\/ul>\n<p class=\"western\"><strong>Tipp:<\/strong> Verwenden Sie keine bitter schmeckenden Zucchini, da sie giftige Curcubitacine enthalten, die zu schweren gesundheitlichen Beschwerden f\u00fchren k\u00f6nnen. Diese Bitterstoffe k\u00f6nnen von giftigen Zierk\u00fcrbissen stammen. Entfernen Sie am besten die gesamte betroffene Pflanze aus dem Beet.<\/p>\n<h3 class=\"western\"><span class=\"ez-toc-section\" id=\"Ernte_von_Fruehkartoffeln_wenn_das_Laub_vergilbt_ist\"><\/span>Ernte von Fr\u00fchkartoffeln: wenn das Laub vergilbt ist<span class=\"ez-toc-section-end\"><\/span><\/h3>\n<p class=\"western\">Ist bei den Kartoffeln das Laub noch gr\u00fcn, wachsen die Knollen noch im Boden. Ernten Sie nach Bedarf, bis das Laub vergilbt und abstirbt. Regelm\u00e4\u00dfiges Anh\u00e4ufeln vor der Ernte f\u00f6rdert das Wachstum der Knollen. Ist das Laub komplett abgestorben, ernten Sie den Rest.<\/p>\n<h3 class=\"western\"><span class=\"ez-toc-section\" id=\"Ernte_von_Kraeutern_Die_richtigen_Signale_beachten\"><\/span>Ernte von Kr\u00e4utern: Die richtigen Signale beachten<span class=\"ez-toc-section-end\"><\/span><\/h3>\n<p class=\"western\">Verschiedene Kr\u00e4uter wie Dill, Salbei, Petersilie oder Basilikum ernten Sie vor der Bl\u00fcte, da sie dann den besten Geschmack haben. Andere Kr\u00e4uter wie Oregano, Thymian oder Majoran entfalten ihren vollen Gehalt an \u00e4therischen \u00d6len und ihr Aroma erst, wenn die Bl\u00fcten aufgebl\u00fcht sind. Auch beim Trocknen gewinnen diese Kr\u00e4uter an Aroma. Kommen Bienen und andere n\u00fctzliche Insekten an die Bl\u00fcten, ist der richtige Zeitpunkt f\u00fcr die Ernte, da die Bl\u00e4tter dann die meisten \u00e4therischen \u00d6le enthalten.<\/p>\n<p class=\"western\">Die Ernte ist eine gute Gelegenheit, um Rosmarin, Oregano oder Lavendel zu vermehren. Schneiden Sie die Triebe bis zum holzigen Ansatz ab, entbl\u00e4ttern Sie den unteren Bereich und stecken Sie sie in T\u00f6pfe mit Ansaaterde.<\/p>\n<p class=\"western\"><strong>Tipp:<\/strong> W\u00e4ssern Sie die Kr\u00e4uter ein bis zwei Tage vor der Ernte nicht, da sich dadurch der Geschmack verbessert.<\/p>\n<h3 class=\"western\"><span class=\"ez-toc-section\" id=\"Zwiebeln_ernten_wenn_die_Roehrenblaetter_vergilben\"><\/span>Zwiebeln ernten: wenn die R\u00f6hrenbl\u00e4tter vergilben<span class=\"ez-toc-section-end\"><\/span><\/h3>\n<p class=\"western\">Weit verbreitet unter Gartenfreunden ist der Irrglaube, die Reifung von Zwiebeln zu f\u00f6rdern, indem die R\u00f6hrenbl\u00e4tter umgeknickt werden. Das wirkt sich nachteilig auf die Zwiebeln aus, da eine Notreife einsetzt, die Zwiebeln schneller von innen faulen und vorzeitig austreiben l\u00e4sst. Die richtige Zeit f\u00fcr die Ernte ist gekommen, wenn die R\u00f6hrenbl\u00e4tter umgeknickt und fast schon komplett vergilbt sind. Mit einer Grabegabel heben Sie die Zwiebeln vorsichtig aus der Erde und lassen sie in Kisten mit Gitterboden etwa zwei Wochen an einem regensicheren Ort nachtrocknen.<\/p>\n<h3 class=\"western\"><span class=\"ez-toc-section\" id=\"Letzter_Termin_fuer_die_Aussaat_Sichern_Sie_sich_eine_spaete_Ernte\"><\/span>Letzter Termin f\u00fcr die Aussaat: Sichern Sie sich eine sp\u00e4te Ernte<span class=\"ez-toc-section-end\"><\/span><\/h3>\n<p class=\"western\">Um verschiedene Gem\u00fcsesorten noch bis in den Herbst hinein zu ernten, ist der Juli der letzte Termin f\u00fcr die Aussaat. Haben Sie im Juni die Aussaat Ihrer Buschbohnen verpasst, ist jetzt noch Gelegenheit dazu, um noch vor den ersten Fr\u00f6sten Bohnen zu ernten. Dort, wo Sie Fr\u00fchkartoffeln oder Kohlrabi abgeerntet haben, bilden Bohnen eine gute Nachfrucht.<\/p>\n<p class=\"western\">M\u00f6hren s\u00e4en Sie zuletzt Anfang Juli aus, um sie im Herbst zu ernten. Mischen Sie den M\u00f6hrensamen mit Dillsamen als Markierung. Die Keimdauer ist aufgrund der w\u00e4rmeren Bodentemperatur im Sommer k\u00fcrzer als im Fr\u00fchjahr. Zum Schutz vor der M\u00f6hrenfliege decken Sie das Beet bis Ende August mit einem Netz ab.<\/p>\n<p class=\"western\">Feldsalat s\u00e4en Sie f\u00fcr eine sp\u00e4te Ernte an einem sonnigen Platz aus. Bedecken Sie die Samen nur leicht mit Erde. Petersilie keimt im Sommer bei h\u00f6heren Bodentemperaturen besser und freut sich \u00fcber einen halbschattigen Standort. Halten Sie die Ansaat immer gleichm\u00e4\u00dfig feucht.<\/p>\n<p class=\"western\">Der Juli ist der ideale Zeitpunkt f\u00fcr die Aussaat von Chinakohl, da er bei einer Temperatur \u00fcber 22 Grad am besten keimt und die unerw\u00fcnschte Bl\u00fctenbildung verhindert wird. Dort, wo Sie Markerbsen oder Fr\u00fchkartoffeln abgeerntet haben, ist ein idealer Standort. Vereinzeln Sie die Pfl\u00e4nzchen, sobald sie drei bis vier Laubbl\u00e4tter gebildet haben, auf einen Abstand von 30 bis 40 Zentimetern.<\/p>\n<p class=\"western\"><strong>Tipp:<\/strong> Geben Sie bei der Pflanzung von Chinakohl etwas Algenkalk in die Pflanzl\u00f6cher, um der Kohlhernie vorzubeugen.<\/p>\n<h3 class=\"western\"><span class=\"ez-toc-section\" id=\"Hacken_der_Gemuesebeete_Wirken_Sie_der_Verdunstung_entgegen\"><\/span>Hacken der Gem\u00fcsebeete: Wirken Sie der Verdunstung entgegen<span class=\"ez-toc-section-end\"><\/span><\/h3>\n<p class=\"western\">Ihre Gem\u00fcsebeete hacken Sie regelm\u00e4\u00dfig, um<\/p>\n<ul>\n<li class=\"western\">Unkraut zu entfernen,<\/li>\n<li class=\"western\">den Boden aufzulockern und durchl\u00e4ssiger zu machen und<\/li>\n<li class=\"western\">die Verdunstung zu verhindern.<\/li>\n<\/ul>\n<p class=\"western\">Hacken Sie am besten nach l\u00e4ngeren Regenperioden. Die Oberfl\u00e4che ist verschl\u00e4mmt, da der Boden viel Feuchtigkeit aufgenommen hat. So vermeiden Sie die Verdunstung des Wassers, da die feinen Wasserkan\u00e4le der oberen Erdschicht durch das Hacken zerst\u00f6rt werden.<\/p>\n<h2 class=\"western\"><span class=\"ez-toc-section\" id=\"Arbeiten_im_Obstgarten_Ernte_und_Pflege\"><\/span>Arbeiten im Obstgarten: Ernte und Pflege<span class=\"ez-toc-section-end\"><\/span><\/h2>\n<p class=\"western\"><img loading=\"lazy\" decoding=\"async\" class=\"size-medium wp-image-2193 alignright\" src=\"https:\/\/www.samenhaus.de\/gartenblog\/wp-content\/uploads\/2022\/02\/Gartenkalender-Juli_213059429-300x187.jpeg\" alt=\"Sauerkirschen\" width=\"300\" height=\"187\" \/>Im Juli freuen Sie sich \u00fcber Kirschen, fr\u00fche Pflaumen und Aprikosen, die auf die Ernte warten. Nach der Ernte brauchen Ihre B\u00e4ume, aber auch die Erdbeerpflanzen die richtige Pflege. Vergessen Sie nicht die regelm\u00e4\u00dfige Bew\u00e4sserung.<\/p>\n<h3 class=\"western\"><span class=\"ez-toc-section\" id=\"Pflege_der_Erdbeerpflanzen_wichtig_fuer_die_Regenerierung\"><\/span>Pflege der Erdbeerpflanzen: wichtig f\u00fcr die Regenerierung<span class=\"ez-toc-section-end\"><\/span><\/h3>\n<p class=\"western\">Nach der Erntezeit brauchen Ihre Erdbeerpflanzen Pflege, damit sie sich erholen k\u00f6nnen. Fleckige Bl\u00e4tter schneiden Sie direkt \u00fcber dem Boden ab. Die Ausl\u00e4ufer kappen Sie, damit die Mutterpflanze daf\u00fcr keine Kraft aufwenden muss. Beim Lockern des Bodens achten Sie darauf, die Wurzeln nicht zu besch\u00e4digen. Mit ein bis zwei Litern Kompost pro Quadratmeter oder einem Beerend\u00fcnger f\u00f6rdern Sie die Bl\u00fctenbildung f\u00fcr die n\u00e4chste Saison und die Entwicklung kr\u00e4ftiger Bl\u00e4tter.<\/p>\n<h3 class=\"western\"><span class=\"ez-toc-section\" id=\"Rueckschnitt_von_Sauerkirschen_Ertraege_im_naechsten_Jahr_foerdern\"><\/span>R\u00fcckschnitt von Sauerkirschen: Ertr\u00e4ge im n\u00e4chsten Jahr f\u00f6rdern<span class=\"ez-toc-section-end\"><\/span><\/h3>\n<p class=\"western\">Sauerkirschen brauchen einen R\u00fcckschnitt nach der Ernte, damit sie neue Triebe entwickeln und im n\u00e4chsten Jahr h\u00f6here Ertr\u00e4ge bringen. Die Zweige, die getragen haben, schneiden Sie bis zu einem Austrieb zur\u00fcck, den Sie am alten Zweig sehen k\u00f6nnen. Verpassen Sie diesen R\u00fcckschnitt, werden die Triebe peitschenartig lang und entwickeln nur noch an ihren Enden Fr\u00fcchte.<\/p>\n<h3 class=\"western\"><span class=\"ez-toc-section\" id=\"Rueckschnitt_junger_Birnbaeume_Vermeiden_Sie_einen_zu_hohen_Wuchs\"><\/span>R\u00fcckschnitt junger Birnb\u00e4ume: Vermeiden Sie einen zu hohen Wuchs<span class=\"ez-toc-section-end\"><\/span><\/h3>\n<p class=\"western\">Bei jungen Birnb\u00e4umen l\u00e4sst sich die Wuchsh\u00f6he mit einem sommerlichen R\u00fcckschnitt gut regulieren. Der Mitteltrieb sollte die oberen Seitentriebe um nicht mehr als 20 Zentimeter \u00fcberragen. Senkrecht am Stamm wachsende Triebe und Wasserschosse entfernen Sie bei dieser Gelegenheit.<\/p>\n<h3 class=\"western\"><span class=\"ez-toc-section\" id=\"Johannisbeeren_vermehren_Schnitt_von_Stecklingen\"><\/span>Johannisbeeren vermehren: Schnitt von Stecklingen<span class=\"ez-toc-section-end\"><\/span><\/h3>\n<p class=\"western\">Im Juli vermehren Sie Johannisbeeren, indem Sie 20 bis 30 Zentimeter lange Stecklinge von den einj\u00e4hrigen Trieben schneiden. Streifen Sie die unteren Bl\u00e4tter ab und stecken Sie die Ruten in ein Beet mit sandiger Erde. Sorgen Sie bis zur Bewurzelung f\u00fcr eine gleichm\u00e4\u00dfige Bew\u00e4sserung und pflanzen Sie die jungen Str\u00e4ucher im n\u00e4chsten Fr\u00fchjahr an ihren endg\u00fcltigen Platz.<\/p>\n<h3 class=\"western\"><span class=\"ez-toc-section\" id=\"Pflege_Ihrer_Himbeeren_Mulchen_und_Sommerhimbeeren_zurueckschneiden\"><\/span>Pflege Ihrer Himbeeren: Mulchen und Sommerhimbeeren zur\u00fcckschneiden<span class=\"ez-toc-section-end\"><\/span><\/h3>\n<p class=\"western\">Himbeeren mulchen Sie mit geh\u00e4ckseltem Strauchschnitt und abgetrocknetem Rasenschnitt, um eine bessere N\u00e4hrstoffversorgung zu gew\u00e4hrleisten und das Austrocknen zu verhindern. Ihre Beerenstr\u00e4ucher ben\u00f6tigen nach der Ernte weniger Wasser, wenn sie eine Mulchschicht bekommen.<\/p>\n<p class=\"western\">Die Himbeerrutenkrankheit verhindern Sie, indem Sie von den Sommerhimbeeren die Ruten, die getragen haben, nach der Ernte bodennah abschneiden. Lassen Sie pro Pflanze nur noch f\u00fcnf Jungruten stehen.<\/p>\n<h2 class=\"western\"><span class=\"ez-toc-section\" id=\"Arbeiten_im_Ziergarten_Rueckschnitt_und_gute_Pflege\"><\/span>Arbeiten im Ziergarten: R\u00fcckschnitt und gute Pflege<span class=\"ez-toc-section-end\"><\/span><\/h2>\n<p class=\"western\"><img loading=\"lazy\" decoding=\"async\" class=\"size-medium wp-image-2190 alignright\" src=\"https:\/\/www.samenhaus.de\/gartenblog\/wp-content\/uploads\/2022\/02\/Gartenkalender-Juli_109756545-300x200.jpeg\" alt=\"Bew\u00e4ssern Rasen\" width=\"300\" height=\"200\" srcset=\"https:\/\/www.samenhaus.de\/gartenblog\/wp-content\/uploads\/2022\/02\/Gartenkalender-Juli_109756545-300x200.jpeg 300w, https:\/\/www.samenhaus.de\/gartenblog\/wp-content\/uploads\/2022\/02\/Gartenkalender-Juli_109756545-600x400.jpeg 600w, https:\/\/www.samenhaus.de\/gartenblog\/wp-content\/uploads\/2022\/02\/Gartenkalender-Juli_109756545-2048x1365.jpeg 2048w, https:\/\/www.samenhaus.de\/gartenblog\/wp-content\/uploads\/2022\/02\/Gartenkalender-Juli_109756545-768x512.jpeg 768w, https:\/\/www.samenhaus.de\/gartenblog\/wp-content\/uploads\/2022\/02\/Gartenkalender-Juli_109756545-1024x683.jpeg 1024w, https:\/\/www.samenhaus.de\/gartenblog\/wp-content\/uploads\/2022\/02\/Gartenkalender-Juli_109756545-1536x1024.jpeg 1536w\" sizes=\"auto, (max-width: 300px) 100vw, 300px\" \/>Im Ziergarten schneiden Sie Bl\u00fchpflanzen und Ziergeh\u00f6lze zur\u00fcck. Der R\u00fcckschnitt ist bei verschiedenen Bl\u00fchpflanzen eine gute Gelegenheit f\u00fcr die Vermehrung. Auch das W\u00e4ssern und J\u00e4ten d\u00fcrfen Sie im Juli nicht vergessen.<\/p>\n<h3 class=\"western\"><span class=\"ez-toc-section\" id=\"Rosen_zum_letzten_Mal_duengen_Waessern_nicht_vergessen\"><\/span>Rosen zum letzten Mal d\u00fcngen: W\u00e4ssern nicht vergessen<span class=\"ez-toc-section-end\"><\/span><\/h3>\n<p class=\"western\">Im Juli bekommen Ihre Rosen ihre letzte D\u00fcngung, damit die Zweige vor dem Winter ausreifen k\u00f6nnen. Beim D\u00fcngen m\u00fcssen Sie gro\u00dfz\u00fcgig bew\u00e4ssern, damit der D\u00fcnger zu den Wurzeln vordringen kann. Organischen D\u00fcnger harken Sie in den Boden ein. Der Boden muss regelm\u00e4\u00dfig aufgelockert werden, ohne jedoch die Wurzeln zu verletzen. Unkraut entfernen Sie regelm\u00e4\u00dfig.<\/p>\n<h3 class=\"western\"><span class=\"ez-toc-section\" id=\"Rueckschnitt_von_verbluehten_Stauden_Foerderung_von_neuen_Blueten\"><\/span>R\u00fcckschnitt von verbl\u00fchten Stauden: F\u00f6rderung von neuen Bl\u00fcten<span class=\"ez-toc-section-end\"><\/span><\/h3>\n<p class=\"western\">Verschiedene Stauden wie Katzenminze, Storchschnabel, Kaukasusvergissmeinnicht oder Frauenmantel schneiden Sie im Juli vollst\u00e4ndig oder teilweise zur\u00fcck. Sie verhindern dadurch, dass sich die Pflanzen aus ihren alten Bl\u00fcten von selbst aussamen, f\u00f6rdern einen \u00fcppigen Neuaustrieb und beg\u00fcnstigen die zweite Bl\u00fcte. Bei Sonnenauge und Phlox entfernen Sie nur die verwelkten Rispen, damit die vorhandenen Knospenaugen Bl\u00fcten bilden. Eine unkontrollierte Selbstaussaat verhindern Sie auch bei Akelei oder Fingerhut mit dem R\u00fcckschnitt verbl\u00fchter Bl\u00fcten. Bei Sommerflieder regen Sie mit dem Entfernen verbl\u00fchter Rispen die Bl\u00fctenbildung an.<\/p>\n<h3 class=\"western\"><span class=\"ez-toc-section\" id=\"Narzissen_teilen_wenn_die_Bluete_im_Fruehjahr_spaerlich_war\"><\/span>Narzissen teilen: wenn die Bl\u00fcte im Fr\u00fchjahr sp\u00e4rlich war<span class=\"ez-toc-section-end\"><\/span><\/h3>\n<p class=\"western\">Haben Ihre Narzissen im Fr\u00fchjahr nur sp\u00e4rlich gebl\u00fcht, graben Sie die Zwiebeln im Juli aus, wenn die Bl\u00e4tter eingezogen sind. Sch\u00fctteln Sie die Erde von den Zwiebeln und trennen Sie die Tochterzwiebeln von der Mutterzwiebel ab, die nicht mehr \u00fcber eine Au\u00dfenhaut verbunden sind. Lagern Sie die Zwiebeln in feuchtem Sand k\u00fchl und dunkel, bevor Sie sie Ende September wieder auspflanzen.<\/p>\n<h3 class=\"western\"><span class=\"ez-toc-section\" id=\"Duengung_fuer_Sommerblumen_Verlaengern_Sie_die_Bluehdauer\"><\/span>D\u00fcngung f\u00fcr Sommerblumen: Verl\u00e4ngern Sie die Bl\u00fchdauer<span class=\"ez-toc-section-end\"><\/span><\/h3>\n<p class=\"western\">Zwiebelpflanzen, die im Sommer bl\u00fchen, aber auch Dahlien und Gladiolen ben\u00f6tigen eine D\u00fcngung, um l\u00e4nger zu bl\u00fchen. Anfang Juli streuen Sie einen mineralischen Volld\u00fcnger aus und arbeiten ihn in den Boden ein.<\/p>\n<p class=\"western\">Alle zwei bis vier Wochen sollten Sie auch reich bl\u00fchende Sommerblumen wie<\/p>\n<ul>\n<li class=\"western\">Flei\u00dfiges Lieschen,<\/li>\n<li class=\"western\">Astern,<\/li>\n<li class=\"western\">Zinnien,<\/li>\n<li class=\"western\">L\u00f6wenmaul oder<\/li>\n<li class=\"western\">Begonien<\/li>\n<\/ul>\n<p class=\"western\">d\u00fcngen.<\/p>\n<h3 class=\"western\"><span class=\"ez-toc-section\" id=\"Pflanzzeit_fuer_Fruehsommerblueher_Bluehfreude_im_naechsten_Sommer\"><\/span>Pflanzzeit f\u00fcr Fr\u00fchsommerbl\u00fcher: Bl\u00fchfreude im n\u00e4chsten Sommer<span class=\"ez-toc-section-end\"><\/span><\/h3>\n<p class=\"western\">Um sich im n\u00e4chsten Jahr an einer \u00fcppigen Bl\u00fctenpracht zu erfreuen, pflanzen Sie im Juli Ihre Fr\u00fchsommerbl\u00fcher. F\u00fcr Bartiris heben Sie ein Pflanzloch aus. Formen Sie in dessen Mitte einen kleinen H\u00fcgel, auf den Sie das Rhizom setzen. Die Wurzelst\u00f6cke breiten Sie nach allen Seiten aus. Anschlie\u00dfend sch\u00fctten Sie das Pflanzloch zu und gie\u00dfen die Pflanze gut an. Im Juli pflanzen Sie auch andere Irissorten, Pfingstrosen und Kaiserkronen.<\/p>\n<h3 class=\"western\"><span class=\"ez-toc-section\" id=\"Zweijaehrige_Bluehpflanzen_aussaeen_schoene_Blueten_im_naechsten_Jahr\"><\/span>Zweij\u00e4hrige Bl\u00fchpflanzen auss\u00e4en: sch\u00f6ne Bl\u00fcten im n\u00e4chsten Jahr<span class=\"ez-toc-section-end\"><\/span><\/h3>\n<p class=\"western\">Zweij\u00e4hrige Sommerbl\u00fcher wie Stockrosen oder Fingerhut s\u00e4en Sie im Juli aus, damit diese Blumen Sie im n\u00e4chsten Jahr mit ihren wundersch\u00f6nen Bl\u00fcten erfreuen. Verwenden Sie f\u00fcr die Aussaat Anzuchtt\u00f6pfe, in die Sie Ansaaterde f\u00fcllen, und legen Sie in jeden Topf einige Samenk\u00f6rner. Im September pflanzen Sie die Sommerblumen an ihren endg\u00fcltigen Platz im Garten.<\/p>\n<h3 class=\"western\"><span class=\"ez-toc-section\" id=\"Rueckschnitt_frisch_gepflanzter_Bodendecker_Verzweigung_foerdern\"><\/span>R\u00fcckschnitt frisch gepflanzter Bodendecker: Verzweigung f\u00f6rdern<span class=\"ez-toc-section-end\"><\/span><\/h3>\n<p class=\"western\">Bodendecker, die Sie erst frisch gepflanzt haben, schneiden Sie im Juli zur\u00fcck, damit sich die Triebe besser verzweigen k\u00f6nnen. Efeu, Johanniskraut oder Cotoneaster bilden dann einen dichten Teppich, bei dem Unkraut kaum eine Chance hat.<\/p>\n<h3 class=\"western\"><span class=\"ez-toc-section\" id=\"Rasen_waessern_Dauerhafte_Schaeden_vermeiden\"><\/span>Rasen w\u00e4ssern: Dauerhafte Sch\u00e4den vermeiden<span class=\"ez-toc-section-end\"><\/span><\/h3>\n<p class=\"western\">Aufgrund der l\u00e4ngeren Trockenperioden im Juli muss Ihr Rasen gut bew\u00e4ssert werden, damit er nicht verbrennt und keine dauerhaften Sch\u00e4den erleidet. Etwa alle vier Tage lassen Sie den Regner mindestens eine Stunde lang laufen. Es ist besser, den Rasen in gr\u00f6\u00dferen Abst\u00e4nden reichlich zu bew\u00e4ssern als h\u00e4ufig und nur wenig zu w\u00e4ssern.<\/p>\n","protected":false},"excerpt":{"rendered":"<p>Der Juli bringt viel Arbeit im Obst- und Gem\u00fcsegarten, da viele Obst- und Gem\u00fcsesorten reif f\u00fcr die Ernte sind. Im Ziergarten schneiden Sie verbl\u00fchte Bl\u00fcten ab. Viel zu tun haben Sie mit dem W\u00e4ssern und Unkrautj\u00e4ten. Arbeiten im Gem\u00fcsegarten: Ernte steht im Vordergrund Im Gem\u00fcsegarten ist die Ernte im Juli im vollen Gange. Verschiedene Gem\u00fcsesorten s\u00e4en Sie im Juli noch nach, damit Sie im Herbst noch ernten k\u00f6nnen. Nicht vergessen d\u00fcrfen Sie die Bew\u00e4sserung, die Auflockerung des Bodens und das Unkrautj\u00e4ten. Gem\u00fcse ernten: richtigen Zeitpunkt erkennen Im Juli kommt es bei vielen Gem\u00fcsesorten auf den richtigen Zeitpunkt f\u00fcr die Ernte an, damit sie aufgrund der Hitze und Trockenheit nicht holzig oder bitter werden. Verschiedene Wurzel- und Knollengem\u00fcse ernten Sie besser etwas zu fr\u00fch als zu sp\u00e4t. Erntezeit ist f\u00fcr Busch- und Stangenbohnen sowie Mark- und Zuckererbsen, etwa alle drei Tage. Regelm\u00e4\u00dfige Ernte f\u00f6rdert das Nachwachsen neuer Fr\u00fcchte. M\u00f6hren, Radieschen und Rettich, von denen Sie die kr\u00e4ftigsten nehmen, damit die \u00fcbrigen Wurzeln sich besser ausbreiten k\u00f6nnen. Kohlrabi, da sie bei gro\u00dfer Hitze holzig oder wattig werden. die kr\u00e4ftigsten Knollen von Knollensellerie, um gleichzeitig die Reihen auszud\u00fcnnen und die Bildung kr\u00e4ftiger Knollen der \u00fcbrigen Pflanzen zu f\u00f6rdern. Zucchini, mindestens jeden zweiten Tag, [&hellip;]<\/p>\n","protected":false},"author":11,"featured_media":2192,"comment_status":"open","ping_status":"open","sticky":false,"template":"","format":"standard","meta":{"_acf_changed":false,"footnotes":""},"categories":[25],"tags":[],"hersteller":[],"class_list":["post-741","post","type-post","status-publish","format-standard","has-post-thumbnail","hentry","category-juli"],"acf":[],"yoast_head":"<!-- This site is optimized with the Yoast SEO plugin v27.4 - https:\/\/yoast.com\/product\/yoast-seo-wordpress\/ -->\n<title>Gartenkalender Juli - Samenhaus Gartenblog<\/title>\n<meta name=\"description\" content=\"Die meiste Arbeit gibt es im Juli im Ziergarten und im Nutzgarten. Und nat\u00fcrlich muss nun auch gut gew\u00e4ssert werden, damit das Gem\u00fcse und Obst gedeiht.\" \/>\n<meta name=\"robots\" content=\"index, follow, max-snippet:-1, max-image-preview:large, max-video-preview:-1\" \/>\n<link rel=\"canonical\" href=\"https:\/\/www.samenhaus.de\/gartenblog\/gartenkalender-juli-viel-arbeit-im-nutz-und-ziergarten\" \/>\n<meta property=\"og:locale\" content=\"de_DE\" \/>\n<meta property=\"og:type\" content=\"article\" \/>\n<meta property=\"og:title\" content=\"Gartenkalender Juli - Samenhaus Gartenblog\" \/>\n<meta property=\"og:description\" content=\"Die meiste Arbeit gibt es im Juli im Ziergarten und im Nutzgarten. Und nat\u00fcrlich muss nun auch gut gew\u00e4ssert werden, damit das Gem\u00fcse und Obst gedeiht.\" \/>\n<meta property=\"og:url\" content=\"https:\/\/www.samenhaus.de\/gartenblog\/gartenkalender-juli-viel-arbeit-im-nutz-und-ziergarten\" \/>\n<meta property=\"og:site_name\" content=\"Samenhaus Gartenblog\" \/>\n<meta property=\"article:publisher\" content=\"https:\/\/de-de.facebook.com\/samenhaus\" \/>\n<meta property=\"article:published_time\" content=\"2022-02-07T10:22:12+00:00\" \/>\n<meta property=\"article:modified_time\" content=\"2023-07-04T04:44:40+00:00\" \/>\n<meta property=\"og:image\" content=\"https:\/\/www.samenhaus.de\/gartenblog\/wp-content\/uploads\/2022\/02\/Gartenkalender-Juli_163438256-scaled.jpeg\" \/>\n\t<meta property=\"og:image:width\" content=\"2560\" \/>\n\t<meta property=\"og:image:height\" content=\"1702\" \/>\n\t<meta property=\"og:image:type\" content=\"image\/jpeg\" \/>\n<meta name=\"author\" content=\"Sabine\" \/>\n<meta name=\"twitter:card\" content=\"summary_large_image\" \/>\n<meta name=\"twitter:creator\" content=\"@samenhaus\" \/>\n<meta name=\"twitter:site\" content=\"@samenhaus\" \/>\n<meta name=\"twitter:label1\" content=\"Verfasst von\" \/>\n\t<meta name=\"twitter:data1\" content=\"Sabine\" \/>\n\t<meta name=\"twitter:label2\" content=\"Gesch\u00e4tzte Lesezeit\" \/>\n\t<meta name=\"twitter:data2\" content=\"11\u00a0Minuten\" \/>\n<script type=\"application\/ld+json\" class=\"yoast-schema-graph\">{\"@context\":\"https:\\\/\\\/schema.org\",\"@graph\":[{\"@type\":\"Article\",\"@id\":\"https:\\\/\\\/www.samenhaus.de\\\/gartenblog\\\/gartenkalender-juli-viel-arbeit-im-nutz-und-ziergarten#article\",\"isPartOf\":{\"@id\":\"https:\\\/\\\/www.samenhaus.de\\\/gartenblog\\\/gartenkalender-juli-viel-arbeit-im-nutz-und-ziergarten\"},\"author\":{\"name\":\"Sabine\",\"@id\":\"https:\\\/\\\/www.samenhaus.de\\\/gartenblog\\\/#\\\/schema\\\/person\\\/e4c837ea32ec74c39497c1e69976fed5\"},\"headline\":\"Gartenkalender Juli: viel Arbeit im Nutz- und Ziergarten\",\"datePublished\":\"2022-02-07T10:22:12+00:00\",\"dateModified\":\"2023-07-04T04:44:40+00:00\",\"mainEntityOfPage\":{\"@id\":\"https:\\\/\\\/www.samenhaus.de\\\/gartenblog\\\/gartenkalender-juli-viel-arbeit-im-nutz-und-ziergarten\"},\"wordCount\":2006,\"commentCount\":0,\"publisher\":{\"@id\":\"https:\\\/\\\/www.samenhaus.de\\\/gartenblog\\\/#organization\"},\"image\":{\"@id\":\"https:\\\/\\\/www.samenhaus.de\\\/gartenblog\\\/gartenkalender-juli-viel-arbeit-im-nutz-und-ziergarten#primaryimage\"},\"thumbnailUrl\":\"https:\\\/\\\/www.samenhaus.de\\\/gartenblog\\\/wp-content\\\/uploads\\\/2022\\\/02\\\/Gartenkalender-Juli_163438256-scaled.jpeg\",\"articleSection\":[\"Juli\"],\"inLanguage\":\"de\",\"potentialAction\":[{\"@type\":\"CommentAction\",\"name\":\"Comment\",\"target\":[\"https:\\\/\\\/www.samenhaus.de\\\/gartenblog\\\/gartenkalender-juli-viel-arbeit-im-nutz-und-ziergarten#respond\"]}],\"copyrightYear\":\"2022\",\"copyrightHolder\":{\"@id\":\"https:\\\/\\\/www.samenhaus.de\\\/gartenblog\\\/#organization\"}},{\"@type\":\"WebPage\",\"@id\":\"https:\\\/\\\/www.samenhaus.de\\\/gartenblog\\\/gartenkalender-juli-viel-arbeit-im-nutz-und-ziergarten\",\"url\":\"https:\\\/\\\/www.samenhaus.de\\\/gartenblog\\\/gartenkalender-juli-viel-arbeit-im-nutz-und-ziergarten\",\"name\":\"Gartenkalender Juli - Samenhaus Gartenblog\",\"isPartOf\":{\"@id\":\"https:\\\/\\\/www.samenhaus.de\\\/gartenblog\\\/#website\"},\"primaryImageOfPage\":{\"@id\":\"https:\\\/\\\/www.samenhaus.de\\\/gartenblog\\\/gartenkalender-juli-viel-arbeit-im-nutz-und-ziergarten#primaryimage\"},\"image\":{\"@id\":\"https:\\\/\\\/www.samenhaus.de\\\/gartenblog\\\/gartenkalender-juli-viel-arbeit-im-nutz-und-ziergarten#primaryimage\"},\"thumbnailUrl\":\"https:\\\/\\\/www.samenhaus.de\\\/gartenblog\\\/wp-content\\\/uploads\\\/2022\\\/02\\\/Gartenkalender-Juli_163438256-scaled.jpeg\",\"datePublished\":\"2022-02-07T10:22:12+00:00\",\"dateModified\":\"2023-07-04T04:44:40+00:00\",\"description\":\"Die meiste Arbeit gibt es im Juli im Ziergarten und im Nutzgarten. Und nat\u00fcrlich muss nun auch gut gew\u00e4ssert werden, damit das Gem\u00fcse und Obst gedeiht.\",\"breadcrumb\":{\"@id\":\"https:\\\/\\\/www.samenhaus.de\\\/gartenblog\\\/gartenkalender-juli-viel-arbeit-im-nutz-und-ziergarten#breadcrumb\"},\"inLanguage\":\"de\",\"potentialAction\":[{\"@type\":\"ReadAction\",\"target\":[\"https:\\\/\\\/www.samenhaus.de\\\/gartenblog\\\/gartenkalender-juli-viel-arbeit-im-nutz-und-ziergarten\"]}]},{\"@type\":\"ImageObject\",\"inLanguage\":\"de\",\"@id\":\"https:\\\/\\\/www.samenhaus.de\\\/gartenblog\\\/gartenkalender-juli-viel-arbeit-im-nutz-und-ziergarten#primaryimage\",\"url\":\"https:\\\/\\\/www.samenhaus.de\\\/gartenblog\\\/wp-content\\\/uploads\\\/2022\\\/02\\\/Gartenkalender-Juli_163438256-scaled.jpeg\",\"contentUrl\":\"https:\\\/\\\/www.samenhaus.de\\\/gartenblog\\\/wp-content\\\/uploads\\\/2022\\\/02\\\/Gartenkalender-Juli_163438256-scaled.jpeg\",\"width\":2560,\"height\":1702,\"caption\":\"Juli\"},{\"@type\":\"BreadcrumbList\",\"@id\":\"https:\\\/\\\/www.samenhaus.de\\\/gartenblog\\\/gartenkalender-juli-viel-arbeit-im-nutz-und-ziergarten#breadcrumb\",\"itemListElement\":[{\"@type\":\"ListItem\",\"position\":1,\"name\":\"Startseite\",\"item\":\"https:\\\/\\\/www.samenhaus.de\\\/gartenblog\\\/\"},{\"@type\":\"ListItem\",\"position\":2,\"name\":\"Gartenkalender Juli: viel Arbeit im Nutz- und Ziergarten\"}]},{\"@type\":\"WebSite\",\"@id\":\"https:\\\/\\\/www.samenhaus.de\\\/gartenblog\\\/#website\",\"url\":\"https:\\\/\\\/www.samenhaus.de\\\/gartenblog\\\/\",\"name\":\"Samenhaus Gartenblog\",\"description\":\"\",\"publisher\":{\"@id\":\"https:\\\/\\\/www.samenhaus.de\\\/gartenblog\\\/#organization\"},\"potentialAction\":[{\"@type\":\"SearchAction\",\"target\":{\"@type\":\"EntryPoint\",\"urlTemplate\":\"https:\\\/\\\/www.samenhaus.de\\\/gartenblog\\\/?s={search_term_string}\"},\"query-input\":{\"@type\":\"PropertyValueSpecification\",\"valueRequired\":true,\"valueName\":\"search_term_string\"}}],\"inLanguage\":\"de\"},{\"@type\":\"Organization\",\"@id\":\"https:\\\/\\\/www.samenhaus.de\\\/gartenblog\\\/#organization\",\"name\":\"Samenhaus.de Gartenblog\",\"url\":\"https:\\\/\\\/www.samenhaus.de\\\/gartenblog\\\/\",\"logo\":{\"@type\":\"ImageObject\",\"inLanguage\":\"de\",\"@id\":\"https:\\\/\\\/www.samenhaus.de\\\/gartenblog\\\/#\\\/schema\\\/logo\\\/image\\\/\",\"url\":\"https:\\\/\\\/www.samenhaus.de\\\/gartenblog\\\/wp-content\\\/uploads\\\/2020\\\/11\\\/logo.svg\",\"contentUrl\":\"https:\\\/\\\/www.samenhaus.de\\\/gartenblog\\\/wp-content\\\/uploads\\\/2020\\\/11\\\/logo.svg\",\"width\":1,\"height\":1,\"caption\":\"Samenhaus.de Gartenblog\"},\"image\":{\"@id\":\"https:\\\/\\\/www.samenhaus.de\\\/gartenblog\\\/#\\\/schema\\\/logo\\\/image\\\/\"},\"sameAs\":[\"https:\\\/\\\/de-de.facebook.com\\\/samenhaus\",\"https:\\\/\\\/x.com\\\/samenhaus\"]},{\"@type\":\"Person\",\"@id\":\"https:\\\/\\\/www.samenhaus.de\\\/gartenblog\\\/#\\\/schema\\\/person\\\/e4c837ea32ec74c39497c1e69976fed5\",\"name\":\"Sabine\",\"image\":{\"@type\":\"ImageObject\",\"inLanguage\":\"de\",\"@id\":\"https:\\\/\\\/www.samenhaus.de\\\/gartenblog\\\/wp-content\\\/uploads\\\/2026\\\/03\\\/sabine-150x150.png\",\"url\":\"https:\\\/\\\/www.samenhaus.de\\\/gartenblog\\\/wp-content\\\/uploads\\\/2026\\\/03\\\/sabine-150x150.png\",\"contentUrl\":\"https:\\\/\\\/www.samenhaus.de\\\/gartenblog\\\/wp-content\\\/uploads\\\/2026\\\/03\\\/sabine-150x150.png\",\"caption\":\"Sabine\"},\"description\":\"Sabine schreibt am liebsten \u00fcber Themen rund um den Selbstversorgergarten. Ob Gem\u00fcseanbau, Obstgarten, H\u00fchnerhaltung oder Konservierung und Verarbeitung, sie hat jede Menge eigene Erfahrung beizusteuern. Sie liebt es, den Blick \u00fcber die ersten zarten Pflanzen des Jahres schweifen zu lassen oder die gewaltige Ernte im Sommer und Herbst zu b\u00e4ndigen.\",\"url\":\"https:\\\/\\\/www.samenhaus.de\\\/gartenblog\\\/author\\\/sabine\"}]}<\/script>\n<!-- \/ Yoast SEO plugin. -->","yoast_head_json":{"title":"Gartenkalender Juli - Samenhaus Gartenblog","description":"Die meiste Arbeit gibt es im Juli im Ziergarten und im Nutzgarten. Und nat\u00fcrlich muss nun auch gut gew\u00e4ssert werden, damit das Gem\u00fcse und Obst gedeiht.","robots":{"index":"index","follow":"follow","max-snippet":"max-snippet:-1","max-image-preview":"max-image-preview:large","max-video-preview":"max-video-preview:-1"},"canonical":"https:\/\/www.samenhaus.de\/gartenblog\/gartenkalender-juli-viel-arbeit-im-nutz-und-ziergarten","og_locale":"de_DE","og_type":"article","og_title":"Gartenkalender Juli - Samenhaus Gartenblog","og_description":"Die meiste Arbeit gibt es im Juli im Ziergarten und im Nutzgarten. Und nat\u00fcrlich muss nun auch gut gew\u00e4ssert werden, damit das Gem\u00fcse und Obst gedeiht.","og_url":"https:\/\/www.samenhaus.de\/gartenblog\/gartenkalender-juli-viel-arbeit-im-nutz-und-ziergarten","og_site_name":"Samenhaus Gartenblog","article_publisher":"https:\/\/de-de.facebook.com\/samenhaus","article_published_time":"2022-02-07T10:22:12+00:00","article_modified_time":"2023-07-04T04:44:40+00:00","og_image":[{"width":2560,"height":1702,"url":"https:\/\/www.samenhaus.de\/gartenblog\/wp-content\/uploads\/2022\/02\/Gartenkalender-Juli_163438256-scaled.jpeg","type":"image\/jpeg"}],"author":"Sabine","twitter_card":"summary_large_image","twitter_creator":"@samenhaus","twitter_site":"@samenhaus","twitter_misc":{"Verfasst von":"Sabine","Gesch\u00e4tzte Lesezeit":"11\u00a0Minuten"},"schema":{"@context":"https:\/\/schema.org","@graph":[{"@type":"Article","@id":"https:\/\/www.samenhaus.de\/gartenblog\/gartenkalender-juli-viel-arbeit-im-nutz-und-ziergarten#article","isPartOf":{"@id":"https:\/\/www.samenhaus.de\/gartenblog\/gartenkalender-juli-viel-arbeit-im-nutz-und-ziergarten"},"author":{"name":"Sabine","@id":"https:\/\/www.samenhaus.de\/gartenblog\/#\/schema\/person\/e4c837ea32ec74c39497c1e69976fed5"},"headline":"Gartenkalender Juli: viel Arbeit im Nutz- und Ziergarten","datePublished":"2022-02-07T10:22:12+00:00","dateModified":"2023-07-04T04:44:40+00:00","mainEntityOfPage":{"@id":"https:\/\/www.samenhaus.de\/gartenblog\/gartenkalender-juli-viel-arbeit-im-nutz-und-ziergarten"},"wordCount":2006,"commentCount":0,"publisher":{"@id":"https:\/\/www.samenhaus.de\/gartenblog\/#organization"},"image":{"@id":"https:\/\/www.samenhaus.de\/gartenblog\/gartenkalender-juli-viel-arbeit-im-nutz-und-ziergarten#primaryimage"},"thumbnailUrl":"https:\/\/www.samenhaus.de\/gartenblog\/wp-content\/uploads\/2022\/02\/Gartenkalender-Juli_163438256-scaled.jpeg","articleSection":["Juli"],"inLanguage":"de","potentialAction":[{"@type":"CommentAction","name":"Comment","target":["https:\/\/www.samenhaus.de\/gartenblog\/gartenkalender-juli-viel-arbeit-im-nutz-und-ziergarten#respond"]}],"copyrightYear":"2022","copyrightHolder":{"@id":"https:\/\/www.samenhaus.de\/gartenblog\/#organization"}},{"@type":"WebPage","@id":"https:\/\/www.samenhaus.de\/gartenblog\/gartenkalender-juli-viel-arbeit-im-nutz-und-ziergarten","url":"https:\/\/www.samenhaus.de\/gartenblog\/gartenkalender-juli-viel-arbeit-im-nutz-und-ziergarten","name":"Gartenkalender Juli - Samenhaus Gartenblog","isPartOf":{"@id":"https:\/\/www.samenhaus.de\/gartenblog\/#website"},"primaryImageOfPage":{"@id":"https:\/\/www.samenhaus.de\/gartenblog\/gartenkalender-juli-viel-arbeit-im-nutz-und-ziergarten#primaryimage"},"image":{"@id":"https:\/\/www.samenhaus.de\/gartenblog\/gartenkalender-juli-viel-arbeit-im-nutz-und-ziergarten#primaryimage"},"thumbnailUrl":"https:\/\/www.samenhaus.de\/gartenblog\/wp-content\/uploads\/2022\/02\/Gartenkalender-Juli_163438256-scaled.jpeg","datePublished":"2022-02-07T10:22:12+00:00","dateModified":"2023-07-04T04:44:40+00:00","description":"Die meiste Arbeit gibt es im Juli im Ziergarten und im Nutzgarten. Und nat\u00fcrlich muss nun auch gut gew\u00e4ssert werden, damit das Gem\u00fcse und Obst gedeiht.","breadcrumb":{"@id":"https:\/\/www.samenhaus.de\/gartenblog\/gartenkalender-juli-viel-arbeit-im-nutz-und-ziergarten#breadcrumb"},"inLanguage":"de","potentialAction":[{"@type":"ReadAction","target":["https:\/\/www.samenhaus.de\/gartenblog\/gartenkalender-juli-viel-arbeit-im-nutz-und-ziergarten"]}]},{"@type":"ImageObject","inLanguage":"de","@id":"https:\/\/www.samenhaus.de\/gartenblog\/gartenkalender-juli-viel-arbeit-im-nutz-und-ziergarten#primaryimage","url":"https:\/\/www.samenhaus.de\/gartenblog\/wp-content\/uploads\/2022\/02\/Gartenkalender-Juli_163438256-scaled.jpeg","contentUrl":"https:\/\/www.samenhaus.de\/gartenblog\/wp-content\/uploads\/2022\/02\/Gartenkalender-Juli_163438256-scaled.jpeg","width":2560,"height":1702,"caption":"Juli"},{"@type":"BreadcrumbList","@id":"https:\/\/www.samenhaus.de\/gartenblog\/gartenkalender-juli-viel-arbeit-im-nutz-und-ziergarten#breadcrumb","itemListElement":[{"@type":"ListItem","position":1,"name":"Startseite","item":"https:\/\/www.samenhaus.de\/gartenblog\/"},{"@type":"ListItem","position":2,"name":"Gartenkalender Juli: viel Arbeit im Nutz- und Ziergarten"}]},{"@type":"WebSite","@id":"https:\/\/www.samenhaus.de\/gartenblog\/#website","url":"https:\/\/www.samenhaus.de\/gartenblog\/","name":"Samenhaus Gartenblog","description":"","publisher":{"@id":"https:\/\/www.samenhaus.de\/gartenblog\/#organization"},"potentialAction":[{"@type":"SearchAction","target":{"@type":"EntryPoint","urlTemplate":"https:\/\/www.samenhaus.de\/gartenblog\/?s={search_term_string}"},"query-input":{"@type":"PropertyValueSpecification","valueRequired":true,"valueName":"search_term_string"}}],"inLanguage":"de"},{"@type":"Organization","@id":"https:\/\/www.samenhaus.de\/gartenblog\/#organization","name":"Samenhaus.de Gartenblog","url":"https:\/\/www.samenhaus.de\/gartenblog\/","logo":{"@type":"ImageObject","inLanguage":"de","@id":"https:\/\/www.samenhaus.de\/gartenblog\/#\/schema\/logo\/image\/","url":"https:\/\/www.samenhaus.de\/gartenblog\/wp-content\/uploads\/2020\/11\/logo.svg","contentUrl":"https:\/\/www.samenhaus.de\/gartenblog\/wp-content\/uploads\/2020\/11\/logo.svg","width":1,"height":1,"caption":"Samenhaus.de Gartenblog"},"image":{"@id":"https:\/\/www.samenhaus.de\/gartenblog\/#\/schema\/logo\/image\/"},"sameAs":["https:\/\/de-de.facebook.com\/samenhaus","https:\/\/x.com\/samenhaus"]},{"@type":"Person","@id":"https:\/\/www.samenhaus.de\/gartenblog\/#\/schema\/person\/e4c837ea32ec74c39497c1e69976fed5","name":"Sabine","image":{"@type":"ImageObject","inLanguage":"de","@id":"https:\/\/www.samenhaus.de\/gartenblog\/wp-content\/uploads\/2026\/03\/sabine-150x150.png","url":"https:\/\/www.samenhaus.de\/gartenblog\/wp-content\/uploads\/2026\/03\/sabine-150x150.png","contentUrl":"https:\/\/www.samenhaus.de\/gartenblog\/wp-content\/uploads\/2026\/03\/sabine-150x150.png","caption":"Sabine"},"description":"Sabine schreibt am liebsten \u00fcber Themen rund um den Selbstversorgergarten. Ob Gem\u00fcseanbau, Obstgarten, H\u00fchnerhaltung oder Konservierung und Verarbeitung, sie hat jede Menge eigene Erfahrung beizusteuern. Sie liebt es, den Blick \u00fcber die ersten zarten Pflanzen des Jahres schweifen zu lassen oder die gewaltige Ernte im Sommer und Herbst zu b\u00e4ndigen.","url":"https:\/\/www.samenhaus.de\/gartenblog\/author\/sabine"}]}},"wp-worthy-pixel":{"ignored":false,"public":"a8304f3296324a399c8f2bf91c58c2dc","server":"vg05.met.vgwort.de","url":"https:\/\/vg05.met.vgwort.de\/na\/a8304f3296324a399c8f2bf91c58c2dc"},"wp-worthy-type":"normal","_links":{"self":[{"href":"https:\/\/www.samenhaus.de\/gartenblog\/wp-json\/wp\/v2\/posts\/741","targetHints":{"allow":["GET"]}}],"collection":[{"href":"https:\/\/www.samenhaus.de\/gartenblog\/wp-json\/wp\/v2\/posts"}],"about":[{"href":"https:\/\/www.samenhaus.de\/gartenblog\/wp-json\/wp\/v2\/types\/post"}],"author":[{"embeddable":true,"href":"https:\/\/www.samenhaus.de\/gartenblog\/wp-json\/wp\/v2\/users\/11"}],"replies":[{"embeddable":true,"href":"https:\/\/www.samenhaus.de\/gartenblog\/wp-json\/wp\/v2\/comments?post=741"}],"version-history":[{"count":5,"href":"https:\/\/www.samenhaus.de\/gartenblog\/wp-json\/wp\/v2\/posts\/741\/revisions"}],"predecessor-version":[{"id":12286,"href":"https:\/\/www.samenhaus.de\/gartenblog\/wp-json\/wp\/v2\/posts\/741\/revisions\/12286"}],"wp:featuredmedia":[{"embeddable":true,"href":"https:\/\/www.samenhaus.de\/gartenblog\/wp-json\/wp\/v2\/media\/2192"}],"wp:attachment":[{"href":"https:\/\/www.samenhaus.de\/gartenblog\/wp-json\/wp\/v2\/media?parent=741"}],"wp:term":[{"taxonomy":"category","embeddable":true,"href":"https:\/\/www.samenhaus.de\/gartenblog\/wp-json\/wp\/v2\/categories?post=741"},{"taxonomy":"post_tag","embeddable":true,"href":"https:\/\/www.samenhaus.de\/gartenblog\/wp-json\/wp\/v2\/tags?post=741"},{"taxonomy":"hersteller","embeddable":true,"href":"https:\/\/www.samenhaus.de\/gartenblog\/wp-json\/wp\/v2\/hersteller?post=741"}],"curies":[{"name":"wp","href":"https:\/\/api.w.org\/{rel}","templated":true}]}}