{"id":749,"date":"2022-02-07T09:41:24","date_gmt":"2022-02-07T09:41:24","guid":{"rendered":"https:\/\/samenhaus1.timmeserver.de\/?p=749"},"modified":"2023-07-04T03:48:30","modified_gmt":"2023-07-04T03:48:30","slug":"gartenkalender-november-noch-keine-zeit-zum-ausruhen","status":"publish","type":"post","link":"https:\/\/www.samenhaus.de\/gartenblog\/gartenkalender-november-noch-keine-zeit-zum-ausruhen","title":{"rendered":"Gartenkalender November: noch keine Zeit zum Ausruhen"},"content":{"rendered":"<p class=\"western\">Wer glaubt, dass es im November keine Arbeit im Garten gibt, der irrt. Die Beete werden ger\u00e4umt und f\u00fcr die neue Gartensaison vorbereitet. Obstb\u00e4ume kontrollieren Sie auf Krankheitsbefall und entsorgen das Herbstlaub.<\/p>\n<h2 class=\"western\"><span class=\"ez-toc-section\" id=\"Arbeiten_im_Gemuesegarten_Raeumung_der_Beete\"><\/span>Arbeiten im Gem\u00fcsegarten: R\u00e4umung der Beete<span class=\"ez-toc-section-end\"><\/span><\/h2>\n<p class=\"western\"><img loading=\"lazy\" decoding=\"async\" class=\"size-medium wp-image-2168 alignright\" src=\"https:\/\/www.samenhaus.de\/gartenblog\/wp-content\/uploads\/2022\/02\/Gartenkalender-November_301693590-300x200.jpeg\" alt=\"Meerrettich\" width=\"300\" height=\"200\" srcset=\"https:\/\/www.samenhaus.de\/gartenblog\/wp-content\/uploads\/2022\/02\/Gartenkalender-November_301693590-300x200.jpeg 300w, https:\/\/www.samenhaus.de\/gartenblog\/wp-content\/uploads\/2022\/02\/Gartenkalender-November_301693590-600x400.jpeg 600w, https:\/\/www.samenhaus.de\/gartenblog\/wp-content\/uploads\/2022\/02\/Gartenkalender-November_301693590-2048x1365.jpeg 2048w, https:\/\/www.samenhaus.de\/gartenblog\/wp-content\/uploads\/2022\/02\/Gartenkalender-November_301693590-768x512.jpeg 768w, https:\/\/www.samenhaus.de\/gartenblog\/wp-content\/uploads\/2022\/02\/Gartenkalender-November_301693590-1024x683.jpeg 1024w, https:\/\/www.samenhaus.de\/gartenblog\/wp-content\/uploads\/2022\/02\/Gartenkalender-November_301693590-1536x1024.jpeg 1536w\" sizes=\"auto, (max-width: 300px) 100vw, 300px\" \/>Das meiste ist im November bereits abgeerntet, doch k\u00f6nnen Sie jetzt noch Gr\u00fcnkohl und Rosenkohl pfl\u00fccken. Um die Ansiedlung von Sch\u00e4dlingen zu verhindern, r\u00e4umen Sie die Beete und bereiten sie f\u00fcr die neue Saison vor. Wurzelgem\u00fcse, das noch in der Erde ist, verlangt Ihre Aufmerksamkeit.<\/p>\n<h3 class=\"western\"><span class=\"ez-toc-section\" id=\"Wurzelgemuese_pflegen_Schutz_mit_Mulchschicht\"><\/span>Wurzelgem\u00fcse pflegen: Schutz mit Mulchschicht<span class=\"ez-toc-section-end\"><\/span><\/h3>\n<p class=\"western\">Wurzelgem\u00fcse wie<\/p>\n<ul>\n<li class=\"western\">Wurzelpetersilie,<\/li>\n<li class=\"western\">Schwarzwurzeln,<\/li>\n<li class=\"western\">M\u00f6hren und<\/li>\n<li class=\"western\">Pastinaken<\/li>\n<\/ul>\n<p class=\"western\">sind winterhart und k\u00f6nnen in gesch\u00fctzten Lagen sogar noch bis zum M\u00e4rz in der Erde bleiben. Sinnvoll ist aber eine Mulchschicht aus reifem Kompost und Stroh. Diese Schicht sch\u00fctzt nicht nur vor starken Fr\u00f6sten, sondern sie h\u00e4lt auch den Boden offen, damit Sie das Gem\u00fcse besser ernten k\u00f6nnen. Die Mulchschicht sollte nur ein Drittel der Bl\u00e4tter bedecken. Die Wurzeln der Gem\u00fcsesorten wachsen unter der w\u00e4rmenden Schicht noch etwas weiter.<\/p>\n<h3 class=\"western\"><span class=\"ez-toc-section\" id=\"Meerrettich_ernten_nach_dem_Absterben_der_Blaetter\"><\/span>Meerrettich ernten: nach dem Absterben der Bl\u00e4tter<span class=\"ez-toc-section-end\"><\/span><\/h3>\n<p class=\"western\">Meerrettich bildet nur im ersten Jahr dicke Wurzeln aus, die Sie ernten, wenn die Bl\u00e4tter abgestorben sind. Dicke Wurzeln verwenden Sie zum Verzehr, w\u00e4hrend Sie von einigen d\u00fcnnen Wurzeln die Seitentriebe entfernen, bevor Sie sie an einem anderen Platz neu einpflanzen.<\/p>\n<h3 class=\"western\"><span class=\"ez-toc-section\" id=\"Beete_abraeumen_Schutz_vor_Krankheiten\"><\/span>Beete abr\u00e4umen: Schutz vor Krankheiten<span class=\"ez-toc-section-end\"><\/span><\/h3>\n<p class=\"western\">Im November r\u00e4umen Sie Ihre Gem\u00fcsebeete ab:<\/p>\n<ul>\n<li class=\"western\">Wurzeln von Bohnen und Spinat lassen Sie im Boden, da sie wertvolle N\u00e4hrstoffe f\u00fcr die Nachfrucht in der n\u00e4chsten Saison liefern.<\/li>\n<li class=\"western\">Entfernen Sie Kohlstr\u00fcnke, um der Kohlhernie vorzubeugen.<\/li>\n<li class=\"western\">Schneiden Sie Spargelkraut und entsorgen Sie es in der Biotonne.<\/li>\n<\/ul>\n<h2 class=\"western\"><span class=\"ez-toc-section\" id=\"Arbeiten_im_Obstgarten_Schutz_fuer_den_Winter\"><\/span>Arbeiten im Obstgarten: Schutz f\u00fcr den Winter<span class=\"ez-toc-section-end\"><\/span><\/h2>\n<p class=\"western\"><img loading=\"lazy\" decoding=\"async\" class=\"size-medium wp-image-2166 alignright\" src=\"https:\/\/www.samenhaus.de\/gartenblog\/wp-content\/uploads\/2022\/02\/Gartenkalender-November_37418963-300x200.jpeg\" alt=\"Laub\" width=\"300\" height=\"200\" srcset=\"https:\/\/www.samenhaus.de\/gartenblog\/wp-content\/uploads\/2022\/02\/Gartenkalender-November_37418963-300x200.jpeg 300w, https:\/\/www.samenhaus.de\/gartenblog\/wp-content\/uploads\/2022\/02\/Gartenkalender-November_37418963-600x400.jpeg 600w, https:\/\/www.samenhaus.de\/gartenblog\/wp-content\/uploads\/2022\/02\/Gartenkalender-November_37418963-2048x1365.jpeg 2048w, https:\/\/www.samenhaus.de\/gartenblog\/wp-content\/uploads\/2022\/02\/Gartenkalender-November_37418963-768x512.jpeg 768w, https:\/\/www.samenhaus.de\/gartenblog\/wp-content\/uploads\/2022\/02\/Gartenkalender-November_37418963-1024x683.jpeg 1024w, https:\/\/www.samenhaus.de\/gartenblog\/wp-content\/uploads\/2022\/02\/Gartenkalender-November_37418963-1536x1024.jpeg 1536w\" sizes=\"auto, (max-width: 300px) 100vw, 300px\" \/>Im Obstgarten gibt es noch einige Arbeiten zur Vorbereitung f\u00fcr den Winter. Heidelbeeren vertragen jetzt einen R\u00fcckschnitt. Bei Ihren Obstb\u00e4umen wei\u00dfen Sie die St\u00e4mme zum Schutz vor Rissen. Bei frisch gepflanzten B\u00e4umen m\u00fcssen Sie auf gen\u00fcgend Feuchtigkeit achten, damit sie gut anwurzeln.<\/p>\n<h3 class=\"western\"><span class=\"ez-toc-section\" id=\"Rueckschnitt_fuer_Heidelbeeren_spaetestens_nach_dem_vierten_Jahr\"><\/span>R\u00fcckschnitt f\u00fcr Heidelbeeren: sp\u00e4testens nach dem vierten Jahr<span class=\"ez-toc-section-end\"><\/span><\/h3>\n<p class=\"western\">Heidelbeeren brauchen sp\u00e4testens nach dem vierten Pflanzjahr einen R\u00fcckschnitt, damit sie weiterhin schmackhafte Fr\u00fcchte tragen. Entfernen Sie<\/p>\n<ul>\n<li class=\"western\">Seitentriebe, die sich kreuzen,<\/li>\n<li class=\"western\">Triebe, die aneinander scheuern,<\/li>\n<li class=\"western\">Zweige, die nach innen wachsen,<\/li>\n<li class=\"western\">Triebe, die \u00e4lter als drei Jahre sind, und<\/li>\n<li class=\"western\">bodennahe und verdorrte Ruten,<\/li>\n<\/ul>\n<p class=\"western\">um Pilzbefall zu vermeiden. Altes Holz erkennen Sie an Rindenrissen, graubrauner Farbe und borkigem Aussehen. Junge Zweige sind glatt und haben eine gr\u00fcne oder r\u00f6tliche Farbe.<\/p>\n<h3 class=\"western\"><span class=\"ez-toc-section\" id=\"Junge_Obstbaeume_weissen_Schutz_vor_Rissen\"><\/span>Junge Obstb\u00e4ume wei\u00dfen: Schutz vor Rissen<span class=\"ez-toc-section-end\"><\/span><\/h3>\n<p class=\"western\">Um Ihre jungen Obstb\u00e4ume vor Spannungsrissen bei einseitiger Erw\u00e4rmung durch die Wintersonne und Frosteinwirkung zu sch\u00fctzen, ben\u00f6tigen sie einen wei\u00dfen Anstrich. Verwenden Sie dazu wei\u00dfe Kalkfarbe aus dem Fachhandel, die Sie mit Wasser anr\u00fchren. Der Anstrich sch\u00fctzt auch vor Sch\u00e4dlingsbefall und Krankheiten.<\/p>\n<p class=\"western\"><strong>Tipp:<\/strong> Achten Sie bei den jungen Obstb\u00e4umen darauf, dass der Boden nicht austrocknet. Ist es frostfrei, gie\u00dfen Sie die B\u00e4ume an der Baumscheibe.<\/p>\n<h3 class=\"western\"><span class=\"ez-toc-section\" id=\"Jungbaeume_fit_fuer_den_Winter_machen_Mulchen_und_abdecken\"><\/span>Jungb\u00e4ume fit f\u00fcr den Winter machen: Mulchen und abdecken<span class=\"ez-toc-section-end\"><\/span><\/h3>\n<p class=\"western\">Junge Obstb\u00e4ume sch\u00fctzen Sie im Winter mit einer Mulchschicht aus Laub, Stroh oder Rindenmulch vor K\u00e4lteeinbr\u00fcchen. Bringen Sie sie nicht zu dick auf, damit sich keine M\u00e4use ansiedeln. Zus\u00e4tzlich k\u00f6nnen Sie den Stamm mit Schilfmatten und kleinere Kronen mit Jutes\u00e4cken sch\u00fctzen.<\/p>\n<h3 class=\"western\"><span class=\"ez-toc-section\" id=\"Laub_entsorgen_Ausbreitung_von_Krankheiten_vermeiden\"><\/span>Laub entsorgen: Ausbreitung von Krankheiten vermeiden<span class=\"ez-toc-section-end\"><\/span><\/h3>\n<p class=\"western\">Laub von Apfelb\u00e4umen, deren Fr\u00fcchte stark mit Apfelschorf befallen waren, entsorgen Sie, um die Ausbreitung des Erregers in der kommenden Saison zu verhindern. Aus gesunden Bl\u00e4ttern stellen Sie Laubkompost oder Lauberde her, indem Sie sie zerkleinern und mit einigen Schaufeln von fertigem Kompost mischen, um das Verkleben zu verhindern und die Zersetzung zu f\u00f6rdern.<\/p>\n<h2 class=\"western\"><span class=\"ez-toc-section\" id=\"Arbeiten_im_Ziergarten_Machen_Sie_alles_wintersicher\"><\/span>Arbeiten im Ziergarten: Machen Sie alles wintersicher<span class=\"ez-toc-section-end\"><\/span><\/h2>\n<p class=\"western\"><img loading=\"lazy\" decoding=\"async\" class=\"size-medium wp-image-2169 alignright\" src=\"https:\/\/www.samenhaus.de\/gartenblog\/wp-content\/uploads\/2022\/02\/Gartenkalender-November_311026788-300x173.jpeg\" alt=\"Zierstrauch\" width=\"300\" height=\"173\" \/>Im November machen Sie im Ziergarten alles winterfest. Ist das Wetter frostfrei, pflanzen Sie Fr\u00fchjahrsstauden und Geh\u00f6lze. Den Boden bereiten Sie f\u00fcr die neue Saison vor.<\/p>\n<h3 class=\"western\"><span class=\"ez-toc-section\" id=\"Pfingstrosen_abschneiden_wenn_das_Laub_verfaerbt_ist\"><\/span>Pfingstrosen abschneiden, wenn das Laub verf\u00e4rbt ist<span class=\"ez-toc-section-end\"><\/span><\/h3>\n<p class=\"western\">Von den Pfingstrosen schneiden Sie das Laub bodennah ab, wenn es sich gelblich-braun verf\u00e4rbt hat. Sie verhindern dadurch die Infektion mit Grauschimmel im n\u00e4chsten Jahr, der die Knospen braun macht und eintrocknen l\u00e4sst. Um die \u00dcbertragung des Pilzes auf andere Pflanzen zu verhindern, desinfizieren Sie das Schnittwerkzeug.<\/p>\n<h3 class=\"western\"><span class=\"ez-toc-section\" id=\"Hecke_pflanzen_Boden_mit_Kompost_verbessern\"><\/span>Hecke pflanzen: Boden mit Kompost verbessern<span class=\"ez-toc-section-end\"><\/span><\/h3>\n<p class=\"western\">Laubabwerfende Hecken wie Rotbuche oder Hainbuche pflanzen Sie im November in Erde, die Sie mit reifem Kompost verbessert haben. W\u00e4hlen Sie einen regelm\u00e4\u00dfigen Abstand zwischen den einzelnen Pflanzen von ungef\u00e4hr 60 Zentimetern. Damit sich die Hecke besser verzweigt, schneiden Sie die Pflanzen zur\u00fcck. Treten Sie die Erde gut fest und vergessen Sie nicht das W\u00e4ssern.<\/p>\n<h3 class=\"western\"><span class=\"ez-toc-section\" id=\"Zierstraeucher_pflanzen_bessere_Bewurzelung_foerdern\"><\/span>Zierstr\u00e4ucher pflanzen: bessere Bewurzelung f\u00f6rdern<span class=\"ez-toc-section-end\"><\/span><\/h3>\n<p class=\"western\">Pflanzen Sie Zierstr\u00e4ucher wie Forsythie oder Duftjasmin in entsprechend gro\u00dfe Pflanzl\u00f6cher, da die Geh\u00f6lze dann besser Wurzeln schlagen als bei der Pflanzung im Fr\u00fchjahr. Die Pflanzen haben f\u00fcr die kommende Saison einen Wachstumsvorsprung. Die Erde verbessern Sie mit Kompost. Entwirren Sie die Wurzeln der Geh\u00f6lze, decken Sie sie gut mit Erde ab und gie\u00dfen Sie gut an.<\/p>\n<h3 class=\"western\"><span class=\"ez-toc-section\" id=\"Fruehjahrsstauden_pflanzen_fuer_mehr_Bluetenreichtum\"><\/span>Fr\u00fchjahrsstauden pflanzen f\u00fcr mehr Bl\u00fctenreichtum<span class=\"ez-toc-section-end\"><\/span><\/h3>\n<p class=\"western\">Stauden, die schon im Fr\u00fchjahr bl\u00fchen, k\u00f6nnen Sie im November bei frostfreiem Wetter noch pflanzen. Die winterharten Stauden bl\u00fchen im Fr\u00fchjahr \u00fcppiger, wenn sie schon im Fr\u00fchjahr gepflanzt werden. Kontrollieren Sie an den Stauden regelm\u00e4\u00dfig, ob die Wurzeln hochgefroren sind. Dr\u00fccken Sie sie bei frostfreiem Wetter in die Erde.<\/p>\n<h3 class=\"western\"><span class=\"ez-toc-section\" id=\"Vorbereitung_der_Beete_Bodenverbesserung_fuer_die_neue_Saison\"><\/span>Vorbereitung der Beete: Bodenverbesserung f\u00fcr die neue Saison<span class=\"ez-toc-section-end\"><\/span><\/h3>\n<p class=\"western\">Um im Fr\u00fchjahr Blumenbeete anzulegen, graben Sie die Erde schon im November um. Arbeiten Sie halbzersetzten Kompost unter, damit die Erde n\u00e4hrstoffreicher wird. Im Fr\u00fchjahr ist die Erde dann lockerer und feinkr\u00fcmeliger.<\/p>\n","protected":false},"excerpt":{"rendered":"<p>Wer glaubt, dass es im November keine Arbeit im Garten gibt, der irrt. Die Beete werden ger\u00e4umt und f\u00fcr die neue Gartensaison vorbereitet. Obstb\u00e4ume kontrollieren Sie auf Krankheitsbefall und entsorgen das Herbstlaub. Arbeiten im Gem\u00fcsegarten: R\u00e4umung der Beete Das meiste ist im November bereits abgeerntet, doch k\u00f6nnen Sie jetzt noch Gr\u00fcnkohl und Rosenkohl pfl\u00fccken. Um die Ansiedlung von Sch\u00e4dlingen zu verhindern, r\u00e4umen Sie die Beete und bereiten sie f\u00fcr die neue Saison vor. Wurzelgem\u00fcse, das noch in der Erde ist, verlangt Ihre Aufmerksamkeit. Wurzelgem\u00fcse pflegen: Schutz mit Mulchschicht Wurzelgem\u00fcse wie Wurzelpetersilie, Schwarzwurzeln, M\u00f6hren und Pastinaken sind winterhart und k\u00f6nnen in gesch\u00fctzten Lagen sogar noch bis zum M\u00e4rz in der Erde bleiben. Sinnvoll ist aber eine Mulchschicht aus reifem Kompost und Stroh. Diese Schicht sch\u00fctzt nicht nur vor starken Fr\u00f6sten, sondern sie h\u00e4lt auch den Boden offen, damit Sie das Gem\u00fcse besser ernten k\u00f6nnen. Die Mulchschicht sollte nur ein Drittel der Bl\u00e4tter bedecken. Die Wurzeln der Gem\u00fcsesorten wachsen unter der w\u00e4rmenden Schicht noch etwas weiter. Meerrettich ernten: nach dem Absterben der Bl\u00e4tter Meerrettich bildet nur im ersten Jahr dicke Wurzeln aus, die Sie ernten, wenn die Bl\u00e4tter abgestorben sind. Dicke Wurzeln verwenden Sie zum Verzehr, w\u00e4hrend Sie von einigen d\u00fcnnen Wurzeln [&hellip;]<\/p>\n","protected":false},"author":11,"featured_media":2167,"comment_status":"open","ping_status":"open","sticky":false,"template":"","format":"standard","meta":{"_acf_changed":false,"footnotes":""},"categories":[10],"tags":[],"hersteller":[],"class_list":["post-749","post","type-post","status-publish","format-standard","has-post-thumbnail","hentry","category-november"],"acf":[],"yoast_head":"<!-- This site is optimized with the Yoast SEO plugin v27.4 - https:\/\/yoast.com\/product\/yoast-seo-wordpress\/ -->\n<title>Gartenkalender November - Samenhaus Gartenblog<\/title>\n<meta name=\"description\" content=\"Auch im November gibt es noch keine Zeit zum Ausruhen. Aber die Gartenarbeit wird weniger. Es geht mit gro\u00dfen Schritten auf den Winter zu.\" \/>\n<meta name=\"robots\" content=\"index, follow, max-snippet:-1, max-image-preview:large, max-video-preview:-1\" \/>\n<link rel=\"canonical\" href=\"https:\/\/www.samenhaus.de\/gartenblog\/gartenkalender-november-noch-keine-zeit-zum-ausruhen\" \/>\n<meta property=\"og:locale\" content=\"de_DE\" \/>\n<meta property=\"og:type\" content=\"article\" \/>\n<meta property=\"og:title\" content=\"Gartenkalender November - Samenhaus Gartenblog\" \/>\n<meta property=\"og:description\" content=\"Auch im November gibt es noch keine Zeit zum Ausruhen. Aber die Gartenarbeit wird weniger. Es geht mit gro\u00dfen Schritten auf den Winter zu.\" \/>\n<meta property=\"og:url\" content=\"https:\/\/www.samenhaus.de\/gartenblog\/gartenkalender-november-noch-keine-zeit-zum-ausruhen\" \/>\n<meta property=\"og:site_name\" content=\"Samenhaus Gartenblog\" \/>\n<meta property=\"article:publisher\" content=\"https:\/\/de-de.facebook.com\/samenhaus\" \/>\n<meta property=\"article:published_time\" content=\"2022-02-07T09:41:24+00:00\" \/>\n<meta property=\"article:modified_time\" content=\"2023-07-04T03:48:30+00:00\" \/>\n<meta property=\"og:image\" content=\"https:\/\/www.samenhaus.de\/gartenblog\/wp-content\/uploads\/2022\/02\/Gartenkalender-November_128496794-scaled.jpeg\" \/>\n\t<meta property=\"og:image:width\" content=\"2560\" \/>\n\t<meta property=\"og:image:height\" content=\"853\" \/>\n\t<meta property=\"og:image:type\" content=\"image\/jpeg\" \/>\n<meta name=\"author\" content=\"Sabine\" \/>\n<meta name=\"twitter:card\" content=\"summary_large_image\" \/>\n<meta name=\"twitter:creator\" content=\"@samenhaus\" \/>\n<meta name=\"twitter:site\" content=\"@samenhaus\" \/>\n<meta name=\"twitter:label1\" content=\"Verfasst von\" \/>\n\t<meta name=\"twitter:data1\" content=\"Sabine\" \/>\n\t<meta name=\"twitter:label2\" content=\"Gesch\u00e4tzte Lesezeit\" \/>\n\t<meta name=\"twitter:data2\" content=\"6\u00a0Minuten\" \/>\n<script type=\"application\/ld+json\" class=\"yoast-schema-graph\">{\"@context\":\"https:\\\/\\\/schema.org\",\"@graph\":[{\"@type\":\"Article\",\"@id\":\"https:\\\/\\\/www.samenhaus.de\\\/gartenblog\\\/gartenkalender-november-noch-keine-zeit-zum-ausruhen#article\",\"isPartOf\":{\"@id\":\"https:\\\/\\\/www.samenhaus.de\\\/gartenblog\\\/gartenkalender-november-noch-keine-zeit-zum-ausruhen\"},\"author\":{\"name\":\"Sabine\",\"@id\":\"https:\\\/\\\/www.samenhaus.de\\\/gartenblog\\\/#\\\/schema\\\/person\\\/e4c837ea32ec74c39497c1e69976fed5\"},\"headline\":\"Gartenkalender November: noch keine Zeit zum Ausruhen\",\"datePublished\":\"2022-02-07T09:41:24+00:00\",\"dateModified\":\"2023-07-04T03:48:30+00:00\",\"mainEntityOfPage\":{\"@id\":\"https:\\\/\\\/www.samenhaus.de\\\/gartenblog\\\/gartenkalender-november-noch-keine-zeit-zum-ausruhen\"},\"wordCount\":999,\"commentCount\":0,\"publisher\":{\"@id\":\"https:\\\/\\\/www.samenhaus.de\\\/gartenblog\\\/#organization\"},\"image\":{\"@id\":\"https:\\\/\\\/www.samenhaus.de\\\/gartenblog\\\/gartenkalender-november-noch-keine-zeit-zum-ausruhen#primaryimage\"},\"thumbnailUrl\":\"https:\\\/\\\/www.samenhaus.de\\\/gartenblog\\\/wp-content\\\/uploads\\\/2022\\\/02\\\/Gartenkalender-November_128496794-scaled.jpeg\",\"articleSection\":[\"November\"],\"inLanguage\":\"de\",\"potentialAction\":[{\"@type\":\"CommentAction\",\"name\":\"Comment\",\"target\":[\"https:\\\/\\\/www.samenhaus.de\\\/gartenblog\\\/gartenkalender-november-noch-keine-zeit-zum-ausruhen#respond\"]}],\"copyrightYear\":\"2022\",\"copyrightHolder\":{\"@id\":\"https:\\\/\\\/www.samenhaus.de\\\/gartenblog\\\/#organization\"}},{\"@type\":\"WebPage\",\"@id\":\"https:\\\/\\\/www.samenhaus.de\\\/gartenblog\\\/gartenkalender-november-noch-keine-zeit-zum-ausruhen\",\"url\":\"https:\\\/\\\/www.samenhaus.de\\\/gartenblog\\\/gartenkalender-november-noch-keine-zeit-zum-ausruhen\",\"name\":\"Gartenkalender November - Samenhaus Gartenblog\",\"isPartOf\":{\"@id\":\"https:\\\/\\\/www.samenhaus.de\\\/gartenblog\\\/#website\"},\"primaryImageOfPage\":{\"@id\":\"https:\\\/\\\/www.samenhaus.de\\\/gartenblog\\\/gartenkalender-november-noch-keine-zeit-zum-ausruhen#primaryimage\"},\"image\":{\"@id\":\"https:\\\/\\\/www.samenhaus.de\\\/gartenblog\\\/gartenkalender-november-noch-keine-zeit-zum-ausruhen#primaryimage\"},\"thumbnailUrl\":\"https:\\\/\\\/www.samenhaus.de\\\/gartenblog\\\/wp-content\\\/uploads\\\/2022\\\/02\\\/Gartenkalender-November_128496794-scaled.jpeg\",\"datePublished\":\"2022-02-07T09:41:24+00:00\",\"dateModified\":\"2023-07-04T03:48:30+00:00\",\"description\":\"Auch im November gibt es noch keine Zeit zum Ausruhen. Aber die Gartenarbeit wird weniger. Es geht mit gro\u00dfen Schritten auf den Winter zu.\",\"breadcrumb\":{\"@id\":\"https:\\\/\\\/www.samenhaus.de\\\/gartenblog\\\/gartenkalender-november-noch-keine-zeit-zum-ausruhen#breadcrumb\"},\"inLanguage\":\"de\",\"potentialAction\":[{\"@type\":\"ReadAction\",\"target\":[\"https:\\\/\\\/www.samenhaus.de\\\/gartenblog\\\/gartenkalender-november-noch-keine-zeit-zum-ausruhen\"]}]},{\"@type\":\"ImageObject\",\"inLanguage\":\"de\",\"@id\":\"https:\\\/\\\/www.samenhaus.de\\\/gartenblog\\\/gartenkalender-november-noch-keine-zeit-zum-ausruhen#primaryimage\",\"url\":\"https:\\\/\\\/www.samenhaus.de\\\/gartenblog\\\/wp-content\\\/uploads\\\/2022\\\/02\\\/Gartenkalender-November_128496794-scaled.jpeg\",\"contentUrl\":\"https:\\\/\\\/www.samenhaus.de\\\/gartenblog\\\/wp-content\\\/uploads\\\/2022\\\/02\\\/Gartenkalender-November_128496794-scaled.jpeg\",\"width\":2560,\"height\":853,\"caption\":\"Frost November\"},{\"@type\":\"BreadcrumbList\",\"@id\":\"https:\\\/\\\/www.samenhaus.de\\\/gartenblog\\\/gartenkalender-november-noch-keine-zeit-zum-ausruhen#breadcrumb\",\"itemListElement\":[{\"@type\":\"ListItem\",\"position\":1,\"name\":\"Startseite\",\"item\":\"https:\\\/\\\/www.samenhaus.de\\\/gartenblog\\\/\"},{\"@type\":\"ListItem\",\"position\":2,\"name\":\"Gartenkalender November: noch keine Zeit zum Ausruhen\"}]},{\"@type\":\"WebSite\",\"@id\":\"https:\\\/\\\/www.samenhaus.de\\\/gartenblog\\\/#website\",\"url\":\"https:\\\/\\\/www.samenhaus.de\\\/gartenblog\\\/\",\"name\":\"Samenhaus Gartenblog\",\"description\":\"\",\"publisher\":{\"@id\":\"https:\\\/\\\/www.samenhaus.de\\\/gartenblog\\\/#organization\"},\"potentialAction\":[{\"@type\":\"SearchAction\",\"target\":{\"@type\":\"EntryPoint\",\"urlTemplate\":\"https:\\\/\\\/www.samenhaus.de\\\/gartenblog\\\/?s={search_term_string}\"},\"query-input\":{\"@type\":\"PropertyValueSpecification\",\"valueRequired\":true,\"valueName\":\"search_term_string\"}}],\"inLanguage\":\"de\"},{\"@type\":\"Organization\",\"@id\":\"https:\\\/\\\/www.samenhaus.de\\\/gartenblog\\\/#organization\",\"name\":\"Samenhaus.de Gartenblog\",\"url\":\"https:\\\/\\\/www.samenhaus.de\\\/gartenblog\\\/\",\"logo\":{\"@type\":\"ImageObject\",\"inLanguage\":\"de\",\"@id\":\"https:\\\/\\\/www.samenhaus.de\\\/gartenblog\\\/#\\\/schema\\\/logo\\\/image\\\/\",\"url\":\"https:\\\/\\\/www.samenhaus.de\\\/gartenblog\\\/wp-content\\\/uploads\\\/2020\\\/11\\\/logo.svg\",\"contentUrl\":\"https:\\\/\\\/www.samenhaus.de\\\/gartenblog\\\/wp-content\\\/uploads\\\/2020\\\/11\\\/logo.svg\",\"width\":1,\"height\":1,\"caption\":\"Samenhaus.de Gartenblog\"},\"image\":{\"@id\":\"https:\\\/\\\/www.samenhaus.de\\\/gartenblog\\\/#\\\/schema\\\/logo\\\/image\\\/\"},\"sameAs\":[\"https:\\\/\\\/de-de.facebook.com\\\/samenhaus\",\"https:\\\/\\\/x.com\\\/samenhaus\"]},{\"@type\":\"Person\",\"@id\":\"https:\\\/\\\/www.samenhaus.de\\\/gartenblog\\\/#\\\/schema\\\/person\\\/e4c837ea32ec74c39497c1e69976fed5\",\"name\":\"Sabine\",\"image\":{\"@type\":\"ImageObject\",\"inLanguage\":\"de\",\"@id\":\"https:\\\/\\\/www.samenhaus.de\\\/gartenblog\\\/wp-content\\\/uploads\\\/2026\\\/03\\\/sabine-150x150.png\",\"url\":\"https:\\\/\\\/www.samenhaus.de\\\/gartenblog\\\/wp-content\\\/uploads\\\/2026\\\/03\\\/sabine-150x150.png\",\"contentUrl\":\"https:\\\/\\\/www.samenhaus.de\\\/gartenblog\\\/wp-content\\\/uploads\\\/2026\\\/03\\\/sabine-150x150.png\",\"caption\":\"Sabine\"},\"description\":\"Sabine schreibt am liebsten \u00fcber Themen rund um den Selbstversorgergarten. Ob Gem\u00fcseanbau, Obstgarten, H\u00fchnerhaltung oder Konservierung und Verarbeitung, sie hat jede Menge eigene Erfahrung beizusteuern. Sie liebt es, den Blick \u00fcber die ersten zarten Pflanzen des Jahres schweifen zu lassen oder die gewaltige Ernte im Sommer und Herbst zu b\u00e4ndigen.\",\"url\":\"https:\\\/\\\/www.samenhaus.de\\\/gartenblog\\\/author\\\/sabine\"}]}<\/script>\n<!-- \/ Yoast SEO plugin. -->","yoast_head_json":{"title":"Gartenkalender November - Samenhaus Gartenblog","description":"Auch im November gibt es noch keine Zeit zum Ausruhen. Aber die Gartenarbeit wird weniger. Es geht mit gro\u00dfen Schritten auf den Winter zu.","robots":{"index":"index","follow":"follow","max-snippet":"max-snippet:-1","max-image-preview":"max-image-preview:large","max-video-preview":"max-video-preview:-1"},"canonical":"https:\/\/www.samenhaus.de\/gartenblog\/gartenkalender-november-noch-keine-zeit-zum-ausruhen","og_locale":"de_DE","og_type":"article","og_title":"Gartenkalender November - Samenhaus Gartenblog","og_description":"Auch im November gibt es noch keine Zeit zum Ausruhen. Aber die Gartenarbeit wird weniger. Es geht mit gro\u00dfen Schritten auf den Winter zu.","og_url":"https:\/\/www.samenhaus.de\/gartenblog\/gartenkalender-november-noch-keine-zeit-zum-ausruhen","og_site_name":"Samenhaus Gartenblog","article_publisher":"https:\/\/de-de.facebook.com\/samenhaus","article_published_time":"2022-02-07T09:41:24+00:00","article_modified_time":"2023-07-04T03:48:30+00:00","og_image":[{"width":2560,"height":853,"url":"https:\/\/www.samenhaus.de\/gartenblog\/wp-content\/uploads\/2022\/02\/Gartenkalender-November_128496794-scaled.jpeg","type":"image\/jpeg"}],"author":"Sabine","twitter_card":"summary_large_image","twitter_creator":"@samenhaus","twitter_site":"@samenhaus","twitter_misc":{"Verfasst von":"Sabine","Gesch\u00e4tzte Lesezeit":"6\u00a0Minuten"},"schema":{"@context":"https:\/\/schema.org","@graph":[{"@type":"Article","@id":"https:\/\/www.samenhaus.de\/gartenblog\/gartenkalender-november-noch-keine-zeit-zum-ausruhen#article","isPartOf":{"@id":"https:\/\/www.samenhaus.de\/gartenblog\/gartenkalender-november-noch-keine-zeit-zum-ausruhen"},"author":{"name":"Sabine","@id":"https:\/\/www.samenhaus.de\/gartenblog\/#\/schema\/person\/e4c837ea32ec74c39497c1e69976fed5"},"headline":"Gartenkalender November: noch keine Zeit zum Ausruhen","datePublished":"2022-02-07T09:41:24+00:00","dateModified":"2023-07-04T03:48:30+00:00","mainEntityOfPage":{"@id":"https:\/\/www.samenhaus.de\/gartenblog\/gartenkalender-november-noch-keine-zeit-zum-ausruhen"},"wordCount":999,"commentCount":0,"publisher":{"@id":"https:\/\/www.samenhaus.de\/gartenblog\/#organization"},"image":{"@id":"https:\/\/www.samenhaus.de\/gartenblog\/gartenkalender-november-noch-keine-zeit-zum-ausruhen#primaryimage"},"thumbnailUrl":"https:\/\/www.samenhaus.de\/gartenblog\/wp-content\/uploads\/2022\/02\/Gartenkalender-November_128496794-scaled.jpeg","articleSection":["November"],"inLanguage":"de","potentialAction":[{"@type":"CommentAction","name":"Comment","target":["https:\/\/www.samenhaus.de\/gartenblog\/gartenkalender-november-noch-keine-zeit-zum-ausruhen#respond"]}],"copyrightYear":"2022","copyrightHolder":{"@id":"https:\/\/www.samenhaus.de\/gartenblog\/#organization"}},{"@type":"WebPage","@id":"https:\/\/www.samenhaus.de\/gartenblog\/gartenkalender-november-noch-keine-zeit-zum-ausruhen","url":"https:\/\/www.samenhaus.de\/gartenblog\/gartenkalender-november-noch-keine-zeit-zum-ausruhen","name":"Gartenkalender November - Samenhaus Gartenblog","isPartOf":{"@id":"https:\/\/www.samenhaus.de\/gartenblog\/#website"},"primaryImageOfPage":{"@id":"https:\/\/www.samenhaus.de\/gartenblog\/gartenkalender-november-noch-keine-zeit-zum-ausruhen#primaryimage"},"image":{"@id":"https:\/\/www.samenhaus.de\/gartenblog\/gartenkalender-november-noch-keine-zeit-zum-ausruhen#primaryimage"},"thumbnailUrl":"https:\/\/www.samenhaus.de\/gartenblog\/wp-content\/uploads\/2022\/02\/Gartenkalender-November_128496794-scaled.jpeg","datePublished":"2022-02-07T09:41:24+00:00","dateModified":"2023-07-04T03:48:30+00:00","description":"Auch im November gibt es noch keine Zeit zum Ausruhen. Aber die Gartenarbeit wird weniger. Es geht mit gro\u00dfen Schritten auf den Winter zu.","breadcrumb":{"@id":"https:\/\/www.samenhaus.de\/gartenblog\/gartenkalender-november-noch-keine-zeit-zum-ausruhen#breadcrumb"},"inLanguage":"de","potentialAction":[{"@type":"ReadAction","target":["https:\/\/www.samenhaus.de\/gartenblog\/gartenkalender-november-noch-keine-zeit-zum-ausruhen"]}]},{"@type":"ImageObject","inLanguage":"de","@id":"https:\/\/www.samenhaus.de\/gartenblog\/gartenkalender-november-noch-keine-zeit-zum-ausruhen#primaryimage","url":"https:\/\/www.samenhaus.de\/gartenblog\/wp-content\/uploads\/2022\/02\/Gartenkalender-November_128496794-scaled.jpeg","contentUrl":"https:\/\/www.samenhaus.de\/gartenblog\/wp-content\/uploads\/2022\/02\/Gartenkalender-November_128496794-scaled.jpeg","width":2560,"height":853,"caption":"Frost November"},{"@type":"BreadcrumbList","@id":"https:\/\/www.samenhaus.de\/gartenblog\/gartenkalender-november-noch-keine-zeit-zum-ausruhen#breadcrumb","itemListElement":[{"@type":"ListItem","position":1,"name":"Startseite","item":"https:\/\/www.samenhaus.de\/gartenblog\/"},{"@type":"ListItem","position":2,"name":"Gartenkalender November: noch keine Zeit zum Ausruhen"}]},{"@type":"WebSite","@id":"https:\/\/www.samenhaus.de\/gartenblog\/#website","url":"https:\/\/www.samenhaus.de\/gartenblog\/","name":"Samenhaus Gartenblog","description":"","publisher":{"@id":"https:\/\/www.samenhaus.de\/gartenblog\/#organization"},"potentialAction":[{"@type":"SearchAction","target":{"@type":"EntryPoint","urlTemplate":"https:\/\/www.samenhaus.de\/gartenblog\/?s={search_term_string}"},"query-input":{"@type":"PropertyValueSpecification","valueRequired":true,"valueName":"search_term_string"}}],"inLanguage":"de"},{"@type":"Organization","@id":"https:\/\/www.samenhaus.de\/gartenblog\/#organization","name":"Samenhaus.de Gartenblog","url":"https:\/\/www.samenhaus.de\/gartenblog\/","logo":{"@type":"ImageObject","inLanguage":"de","@id":"https:\/\/www.samenhaus.de\/gartenblog\/#\/schema\/logo\/image\/","url":"https:\/\/www.samenhaus.de\/gartenblog\/wp-content\/uploads\/2020\/11\/logo.svg","contentUrl":"https:\/\/www.samenhaus.de\/gartenblog\/wp-content\/uploads\/2020\/11\/logo.svg","width":1,"height":1,"caption":"Samenhaus.de Gartenblog"},"image":{"@id":"https:\/\/www.samenhaus.de\/gartenblog\/#\/schema\/logo\/image\/"},"sameAs":["https:\/\/de-de.facebook.com\/samenhaus","https:\/\/x.com\/samenhaus"]},{"@type":"Person","@id":"https:\/\/www.samenhaus.de\/gartenblog\/#\/schema\/person\/e4c837ea32ec74c39497c1e69976fed5","name":"Sabine","image":{"@type":"ImageObject","inLanguage":"de","@id":"https:\/\/www.samenhaus.de\/gartenblog\/wp-content\/uploads\/2026\/03\/sabine-150x150.png","url":"https:\/\/www.samenhaus.de\/gartenblog\/wp-content\/uploads\/2026\/03\/sabine-150x150.png","contentUrl":"https:\/\/www.samenhaus.de\/gartenblog\/wp-content\/uploads\/2026\/03\/sabine-150x150.png","caption":"Sabine"},"description":"Sabine schreibt am liebsten \u00fcber Themen rund um den Selbstversorgergarten. Ob Gem\u00fcseanbau, Obstgarten, H\u00fchnerhaltung oder Konservierung und Verarbeitung, sie hat jede Menge eigene Erfahrung beizusteuern. Sie liebt es, den Blick \u00fcber die ersten zarten Pflanzen des Jahres schweifen zu lassen oder die gewaltige Ernte im Sommer und Herbst zu b\u00e4ndigen.","url":"https:\/\/www.samenhaus.de\/gartenblog\/author\/sabine"}]}},"wp-worthy-pixel":{"ignored":false,"public":"f91f2df389f945dcbe1cbd68bf36db9d","server":"vg05.met.vgwort.de","url":"https:\/\/vg05.met.vgwort.de\/na\/f91f2df389f945dcbe1cbd68bf36db9d"},"wp-worthy-type":"normal","_links":{"self":[{"href":"https:\/\/www.samenhaus.de\/gartenblog\/wp-json\/wp\/v2\/posts\/749","targetHints":{"allow":["GET"]}}],"collection":[{"href":"https:\/\/www.samenhaus.de\/gartenblog\/wp-json\/wp\/v2\/posts"}],"about":[{"href":"https:\/\/www.samenhaus.de\/gartenblog\/wp-json\/wp\/v2\/types\/post"}],"author":[{"embeddable":true,"href":"https:\/\/www.samenhaus.de\/gartenblog\/wp-json\/wp\/v2\/users\/11"}],"replies":[{"embeddable":true,"href":"https:\/\/www.samenhaus.de\/gartenblog\/wp-json\/wp\/v2\/comments?post=749"}],"version-history":[{"count":5,"href":"https:\/\/www.samenhaus.de\/gartenblog\/wp-json\/wp\/v2\/posts\/749\/revisions"}],"predecessor-version":[{"id":12282,"href":"https:\/\/www.samenhaus.de\/gartenblog\/wp-json\/wp\/v2\/posts\/749\/revisions\/12282"}],"wp:featuredmedia":[{"embeddable":true,"href":"https:\/\/www.samenhaus.de\/gartenblog\/wp-json\/wp\/v2\/media\/2167"}],"wp:attachment":[{"href":"https:\/\/www.samenhaus.de\/gartenblog\/wp-json\/wp\/v2\/media?parent=749"}],"wp:term":[{"taxonomy":"category","embeddable":true,"href":"https:\/\/www.samenhaus.de\/gartenblog\/wp-json\/wp\/v2\/categories?post=749"},{"taxonomy":"post_tag","embeddable":true,"href":"https:\/\/www.samenhaus.de\/gartenblog\/wp-json\/wp\/v2\/tags?post=749"},{"taxonomy":"hersteller","embeddable":true,"href":"https:\/\/www.samenhaus.de\/gartenblog\/wp-json\/wp\/v2\/hersteller?post=749"}],"curies":[{"name":"wp","href":"https:\/\/api.w.org\/{rel}","templated":true}]}}