{"id":7625,"date":"2023-02-19T09:00:37","date_gmt":"2023-02-19T09:00:37","guid":{"rendered":"https:\/\/www.samenhaus.de\/gartenblog\/?p=7625"},"modified":"2023-02-13T10:33:13","modified_gmt":"2023-02-13T10:33:13","slug":"tief-mittel-und-flachwurzler-bei-gemuese-richtiger-anbau","status":"publish","type":"post","link":"https:\/\/www.samenhaus.de\/gartenblog\/tief-mittel-und-flachwurzler-bei-gemuese-richtiger-anbau","title":{"rendered":"Tief-, Mittel- und Flachwurzler bei Gem\u00fcse richtiger Anbau"},"content":{"rendered":"<p>Gem\u00fcsesorten wurzeln unterschiedlich tief, weshalb Tief-, Mittel- und Flachwurzler unterschieden werden. Diese Gem\u00fcsesorten stellen variierende Anforderungen an Aussaat und Aufzucht, die Sie auch bei der Mischkultur beachten m\u00fcssen. Die Kombination der verschiedenen Wurzler schlie\u00dft die N\u00e4hrstoffe der verschiedenen Bodenschichten optimal auf.<\/p>\n<h2 class=\"western\"><span class=\"ez-toc-section\" id=\"Unterschiede_beim_Wurzelsystem_Woran_sie_zu_erkennen_sind\"><\/span>Unterschiede beim Wurzelsystem: Woran sie zu erkennen sind<span class=\"ez-toc-section-end\"><\/span><\/h2>\n<p><img loading=\"lazy\" decoding=\"async\" class=\"size-medium wp-image-9944 alignright\" src=\"https:\/\/www.samenhaus.de\/gartenblog\/wp-content\/uploads\/2023\/02\/Tief-Mittel-Flachwurzler_564577414-300x182.jpeg\" alt=\"Wurzelsysteme\" width=\"300\" height=\"182\" \/>Genau wie bei den B\u00e4umen werden bei den Gem\u00fcsesorten unterschiedliche Wurzelsysteme unterschieden. Das ist bei Mischkulturen zu beachten, da sich die verschiedenen Wurzler erg\u00e4nzen und untereinander N\u00e4hrstoffe austauschen. Die N\u00e4hrstoffe der einzelnen Bodenschichten werden optimal ausgenutzt. Sie erkennen die verschiedenen Wurzeltypen an bestimmten Merkmalen. Die Gem\u00fcsesorten mit ihren verschiedenen Wurzeltypen stellen unterschiedliche Anspr\u00fcche an Anbau und Pflege.<\/p>\n<h3 class=\"western\"><span class=\"ez-toc-section\" id=\"Tiefwurzler_lange_Wurzelfortsaetze\"><\/span>Tiefwurzler: lange Wurzelforts\u00e4tze<span class=\"ez-toc-section-end\"><\/span><\/h3>\n<p>Tiefwurzler sind an ihren langen Wurzelforts\u00e4tzen leicht erkennbar, mit denen sie Wasser und N\u00e4hrstoffe aus den tieferen Schichten des Bodens holen. H\u00e4ufig dringen diese Gem\u00fcsesorten mit ihren Wurzeln wie ein Pfahl in die Erde ein. Typische Tiefwurzler sind<\/p>\n<ul>\n<li>Rote Bete<\/li>\n<li>Artischocke<\/li>\n<li>Rettich<\/li>\n<li>M\u00f6hre<\/li>\n<li>Pastinake<\/li>\n<li>Schwarzwurzel<\/li>\n<li>Winterendivie<\/li>\n<li>Paprika<\/li>\n<li>Tomate<\/li>\n<\/ul>\n<p>Auch einige Kohlsorten wie Blumenkohl, Wei\u00dfkohl und Wirsingkohl geh\u00f6ren zu den Tiefwurzlern. Diese Gem\u00fcsesorten brauchen einen lockeren, durchl\u00e4ssigen Boden, der frei von Steinen ist. So k\u00f6nnen sich die Wurzeln gut entwickeln, was vor allem bei Wurzelgem\u00fcse wie M\u00f6hren, Schwarzwurzeln oder Pastinaken wichtig ist.<\/p>\n<p><b>Tipp<\/b>: Reichern Sie Ihren Boden mit Kompost an und bauen Sie sukzessive tiefwurzelnde Gem\u00fcsesorten an, die den Boden auflockern und die N\u00e4hrstoffe nach oben transportieren.<\/p>\n<h3 class=\"western\"><span class=\"ez-toc-section\" id=\"Mittelwurzler_ballenfoermiger_Wurzelstock\"><\/span>Mittelwurzler: ballenf\u00f6rmiger Wurzelstock<span class=\"ez-toc-section-end\"><\/span><\/h3>\n<p>Mittelwurzler erkennen Sie an ihrem ballenf\u00f6rmigen Wurzelstock, weshalb solche Gem\u00fcsesorten auch als Herzwurzler bezeichnet werden. Der ballenf\u00f6rmige Wurzelstock bildet viele Wurzelforts\u00e4tze aus, die gleichm\u00e4\u00dfig kr\u00e4ftig sind. Zu den Mittelwurzlern geh\u00f6ren<\/p>\n<ul>\n<li>Bohnen<\/li>\n<li>Erbsen<\/li>\n<li>Kohlrabi<\/li>\n<li>Porree<\/li>\n<li>Erdbeeren<\/li>\n<li>Spinat<\/li>\n<li>Gr\u00fcnkohl<\/li>\n<li>Asia-Salat<\/li>\n<\/ul>\n<h3 class=\"western\"><span class=\"ez-toc-section\" id=\"Flachwurzler_tellerfoermiges_Wurzelnetz\"><\/span>Flachwurzler: tellerf\u00f6rmiges Wurzelnetz<span class=\"ez-toc-section-end\"><\/span><\/h3>\n<p>Flachwurzler bilden ein tellerf\u00f6rmiges Wurzelnetz aus, das sich flach in den oberen Bodenschichten ausbreitet. Das Wurzelnetz dringt nicht tief in den Boden ein, sondern es bleibt flach an der Oberfl\u00e4che, doch kann es weit verzweigt sein. Typische Vertreter der Flachwurzler sind<\/p>\n<ul>\n<li>Kartoffeln<\/li>\n<li>Zwiebeln<\/li>\n<li>Sellerie<\/li>\n<li>Feldsalat<\/li>\n<\/ul>\n<h3 class=\"western\"><span class=\"ez-toc-section\" id=\"Gemuesesorten_mit_Besonderheiten_Anpassung_an_die_Bedingungen_des_Bodens\"><\/span>Gem\u00fcsesorten mit Besonderheiten: Anpassung an die Bedingungen des Bodens<span class=\"ez-toc-section-end\"><\/span><\/h3>\n<p>Gem\u00fcsesorten wie Tomaten, Gurken, K\u00fcrbis und Mais, aber auch Erbsen und Bohnen k\u00f6nnen sowohl den Tiefwurzlern als auch den Flachwurzlern zugeordnet werden. Abh\u00e4ngig von der Bodenbeschaffenheit und vom verf\u00fcgbaren Wasser k\u00f6nnen sie lange Pfahlwurzeln, aber auch flache Wurzeln ausbilden.<\/p>\n<h2 class=\"western\"><span class=\"ez-toc-section\" id=\"Anforderungen_an_den_Anbau_die_richtige_Kombination\"><\/span>Anforderungen an den Anbau: die richtige Kombination<span class=\"ez-toc-section-end\"><\/span><\/h2>\n<p>Flach-, Mittel- und Tiefwurzler kombinieren Sie in Mischkultur, damit die Pflanzen den Boden optimal ausnutzen und sich gegenseitig mit N\u00e4hrstoffen versorgen. Zwiebeln als Flachwurzler sind gute Partner im Beet bei M\u00f6hren oder Schwarzwurzeln. Die Wurzelspitzen der verschiedenartigen Wurzler konkurrieren nicht um N\u00e4hrstoffe und Wasser. Ertr\u00e4ge lassen sich steigern, da eine Sorte die N\u00e4hrstoffe aus den oberen Schichten und die andere Sorte aus den unteren Schichten holt.<\/p>\n<h2 class=\"western\"><span class=\"ez-toc-section\" id=\"Richtige_Erde_fuer_die_Mischkultur_gut_aufgelockert_fuer_reichhaltige_Naehrstoffversorgung\"><\/span>Richtige Erde f\u00fcr die Mischkultur: gut aufgelockert f\u00fcr reichhaltige N\u00e4hrstoffversorgung<span class=\"ez-toc-section-end\"><\/span><\/h2>\n<p><img loading=\"lazy\" decoding=\"async\" class=\"size-medium wp-image-9945 alignright\" src=\"https:\/\/www.samenhaus.de\/gartenblog\/wp-content\/uploads\/2023\/02\/Tief-Mittel-Flachwurzler_566214427-300x200.jpeg\" alt=\"Erde Wurzel\" width=\"300\" height=\"200\" srcset=\"https:\/\/www.samenhaus.de\/gartenblog\/wp-content\/uploads\/2023\/02\/Tief-Mittel-Flachwurzler_566214427-300x200.jpeg 300w, https:\/\/www.samenhaus.de\/gartenblog\/wp-content\/uploads\/2023\/02\/Tief-Mittel-Flachwurzler_566214427-2048x1365.jpeg 2048w, https:\/\/www.samenhaus.de\/gartenblog\/wp-content\/uploads\/2023\/02\/Tief-Mittel-Flachwurzler_566214427-600x400.jpeg 600w, https:\/\/www.samenhaus.de\/gartenblog\/wp-content\/uploads\/2023\/02\/Tief-Mittel-Flachwurzler_566214427-768x512.jpeg 768w, https:\/\/www.samenhaus.de\/gartenblog\/wp-content\/uploads\/2023\/02\/Tief-Mittel-Flachwurzler_566214427-1024x683.jpeg 1024w, https:\/\/www.samenhaus.de\/gartenblog\/wp-content\/uploads\/2023\/02\/Tief-Mittel-Flachwurzler_566214427-1536x1024.jpeg 1536w\" sizes=\"auto, (max-width: 300px) 100vw, 300px\" \/>Bauen Sie Gem\u00fcsesorten mit unterschiedlichen Wurzelsystemen im Beet an, muss die Erde gut gelockert sein. Durch Sieben zerkleinern Sie die Erde und machen sie feinkr\u00fcmelig. Beim Siebeprozess k\u00f6nnen Sie Kompost hinzuf\u00fcgen. Als D\u00fcnger eignen sich auch Pferdemist und Hornsp\u00e4ne. Kohlpflanzen sind Starkzehrer und brauchen in jedem Fall n\u00e4hrstoffreiche Erde.<\/p>\n<p>Zur Bodenverbesserung eignen sich Tiefwurzler, da sie den Boden auflockern und die N\u00e4hrstoffe nach oben bef\u00f6rdern. Hervorragend geeignet sind auch Leguminosen wie Bohnen, Erbsen oder Lupinen, da sie in ihren Wurzeln Kn\u00f6llchenbakterien speichern und mit ihnen eine Symbiose eingehen. Die Kn\u00f6llchenbakterien binden Stickstoff aus der Luft und stellen ihn den Pflanzen zur Verf\u00fcgung. Der Stickstoff gelangt durch die Gr\u00fcnd\u00fcngung in den Boden. Beim Anbau von Erbsen m\u00fcssen Sie beachten, dass dort, wo Erbsen gestanden haben, in den folgenden f\u00fcnf Jahren keine Erbsen mehr angebaut werden d\u00fcrfen, da sie dann nicht gut gedeihen.<\/p>\n<p><b>Tipp<\/b>: Haben Sie Bohnen oder Erbsen angebaut, lassen Sie die Pflanzen nach der Ernte im Beet und pfl\u00fcgen Sie sie unter. Der Boden wird dann besser mit N\u00e4hrstoffen versorgt.<\/p>\n","protected":false},"excerpt":{"rendered":"<p>Gem\u00fcsesorten wurzeln unterschiedlich tief, weshalb Tief-, Mittel- und Flachwurzler unterschieden werden. Diese Gem\u00fcsesorten stellen variierende Anforderungen an Aussaat und Aufzucht, die Sie auch bei der Mischkultur beachten m\u00fcssen. Die Kombination der verschiedenen Wurzler schlie\u00dft die N\u00e4hrstoffe der verschiedenen Bodenschichten optimal auf. Unterschiede beim Wurzelsystem: Woran sie zu erkennen sind Genau wie bei den B\u00e4umen werden bei den Gem\u00fcsesorten unterschiedliche Wurzelsysteme unterschieden. Das ist bei Mischkulturen zu beachten, da sich die verschiedenen Wurzler erg\u00e4nzen und untereinander N\u00e4hrstoffe austauschen. Die N\u00e4hrstoffe der einzelnen Bodenschichten werden optimal ausgenutzt. Sie erkennen die verschiedenen Wurzeltypen an bestimmten Merkmalen. Die Gem\u00fcsesorten mit ihren verschiedenen Wurzeltypen stellen unterschiedliche Anspr\u00fcche an Anbau und Pflege. Tiefwurzler: lange Wurzelforts\u00e4tze Tiefwurzler sind an ihren langen Wurzelforts\u00e4tzen leicht erkennbar, mit denen sie Wasser und N\u00e4hrstoffe aus den tieferen Schichten des Bodens holen. H\u00e4ufig dringen diese Gem\u00fcsesorten mit ihren Wurzeln wie ein Pfahl in die Erde ein. Typische Tiefwurzler sind Rote Bete Artischocke Rettich M\u00f6hre Pastinake Schwarzwurzel Winterendivie Paprika Tomate Auch einige Kohlsorten wie Blumenkohl, Wei\u00dfkohl und Wirsingkohl geh\u00f6ren zu den Tiefwurzlern. Diese Gem\u00fcsesorten brauchen einen lockeren, durchl\u00e4ssigen Boden, der frei von Steinen ist. So k\u00f6nnen sich die Wurzeln gut entwickeln, was vor allem bei Wurzelgem\u00fcse wie M\u00f6hren, Schwarzwurzeln oder Pastinaken wichtig ist. [&hellip;]<\/p>\n","protected":false},"author":11,"featured_media":9943,"comment_status":"open","ping_status":"open","sticky":false,"template":"","format":"standard","meta":{"_acf_changed":false,"footnotes":""},"categories":[1],"tags":[],"hersteller":[],"class_list":["post-7625","post","type-post","status-publish","format-standard","has-post-thumbnail","hentry","category-allgemein"],"acf":[],"yoast_head":"<!-- This site is optimized with the Yoast SEO plugin v27.4 - https:\/\/yoast.com\/product\/yoast-seo-wordpress\/ -->\n<title>Tief-, Mittel- und Flachwurzler bei Gem\u00fcse richtiger Anbau - Samenhaus Gartenblog<\/title>\n<meta name=\"description\" content=\"Eine optimale Kombination aus Tief-, Mittel- und Flachwurzlern erreicht alle N\u00e4hrstoffe im Boden und sorgt f\u00fcr bessere Ertr\u00e4ge.\" \/>\n<meta name=\"robots\" content=\"index, follow, max-snippet:-1, max-image-preview:large, max-video-preview:-1\" \/>\n<link rel=\"canonical\" href=\"https:\/\/www.samenhaus.de\/gartenblog\/tief-mittel-und-flachwurzler-bei-gemuese-richtiger-anbau\" \/>\n<meta property=\"og:locale\" content=\"de_DE\" \/>\n<meta property=\"og:type\" content=\"article\" \/>\n<meta property=\"og:title\" content=\"Tief-, Mittel- und Flachwurzler bei Gem\u00fcse richtiger Anbau - Samenhaus Gartenblog\" \/>\n<meta property=\"og:description\" content=\"Eine optimale Kombination aus Tief-, Mittel- und Flachwurzlern erreicht alle N\u00e4hrstoffe im Boden und sorgt f\u00fcr bessere Ertr\u00e4ge.\" \/>\n<meta property=\"og:url\" content=\"https:\/\/www.samenhaus.de\/gartenblog\/tief-mittel-und-flachwurzler-bei-gemuese-richtiger-anbau\" \/>\n<meta property=\"og:site_name\" content=\"Samenhaus Gartenblog\" \/>\n<meta property=\"article:publisher\" content=\"https:\/\/de-de.facebook.com\/samenhaus\" \/>\n<meta property=\"article:published_time\" content=\"2023-02-19T09:00:37+00:00\" \/>\n<meta property=\"og:image\" content=\"https:\/\/www.samenhaus.de\/gartenblog\/wp-content\/uploads\/2023\/02\/Tief-Mittel-Flachwurzler_376864391-scaled.jpeg\" \/>\n\t<meta property=\"og:image:width\" content=\"2560\" \/>\n\t<meta property=\"og:image:height\" content=\"1280\" \/>\n\t<meta property=\"og:image:type\" content=\"image\/jpeg\" \/>\n<meta name=\"author\" content=\"Sabine\" \/>\n<meta name=\"twitter:card\" content=\"summary_large_image\" \/>\n<meta name=\"twitter:creator\" content=\"@samenhaus\" \/>\n<meta name=\"twitter:site\" content=\"@samenhaus\" \/>\n<meta name=\"twitter:label1\" content=\"Verfasst von\" \/>\n\t<meta name=\"twitter:data1\" content=\"Sabine\" \/>\n\t<meta name=\"twitter:label2\" content=\"Gesch\u00e4tzte Lesezeit\" \/>\n\t<meta name=\"twitter:data2\" content=\"4\u00a0Minuten\" \/>\n<script type=\"application\/ld+json\" class=\"yoast-schema-graph\">{\"@context\":\"https:\\\/\\\/schema.org\",\"@graph\":[{\"@type\":\"Article\",\"@id\":\"https:\\\/\\\/www.samenhaus.de\\\/gartenblog\\\/tief-mittel-und-flachwurzler-bei-gemuese-richtiger-anbau#article\",\"isPartOf\":{\"@id\":\"https:\\\/\\\/www.samenhaus.de\\\/gartenblog\\\/tief-mittel-und-flachwurzler-bei-gemuese-richtiger-anbau\"},\"author\":{\"name\":\"Sabine\",\"@id\":\"https:\\\/\\\/www.samenhaus.de\\\/gartenblog\\\/#\\\/schema\\\/person\\\/e4c837ea32ec74c39497c1e69976fed5\"},\"headline\":\"Tief-, Mittel- und Flachwurzler bei Gem\u00fcse richtiger Anbau\",\"datePublished\":\"2023-02-19T09:00:37+00:00\",\"mainEntityOfPage\":{\"@id\":\"https:\\\/\\\/www.samenhaus.de\\\/gartenblog\\\/tief-mittel-und-flachwurzler-bei-gemuese-richtiger-anbau\"},\"wordCount\":697,\"commentCount\":0,\"publisher\":{\"@id\":\"https:\\\/\\\/www.samenhaus.de\\\/gartenblog\\\/#organization\"},\"image\":{\"@id\":\"https:\\\/\\\/www.samenhaus.de\\\/gartenblog\\\/tief-mittel-und-flachwurzler-bei-gemuese-richtiger-anbau#primaryimage\"},\"thumbnailUrl\":\"https:\\\/\\\/www.samenhaus.de\\\/gartenblog\\\/wp-content\\\/uploads\\\/2023\\\/02\\\/Tief-Mittel-Flachwurzler_376864391-scaled.jpeg\",\"inLanguage\":\"de\",\"potentialAction\":[{\"@type\":\"CommentAction\",\"name\":\"Comment\",\"target\":[\"https:\\\/\\\/www.samenhaus.de\\\/gartenblog\\\/tief-mittel-und-flachwurzler-bei-gemuese-richtiger-anbau#respond\"]}],\"copyrightYear\":\"2023\",\"copyrightHolder\":{\"@id\":\"https:\\\/\\\/www.samenhaus.de\\\/gartenblog\\\/#organization\"}},{\"@type\":\"WebPage\",\"@id\":\"https:\\\/\\\/www.samenhaus.de\\\/gartenblog\\\/tief-mittel-und-flachwurzler-bei-gemuese-richtiger-anbau\",\"url\":\"https:\\\/\\\/www.samenhaus.de\\\/gartenblog\\\/tief-mittel-und-flachwurzler-bei-gemuese-richtiger-anbau\",\"name\":\"Tief-, Mittel- und Flachwurzler bei Gem\u00fcse richtiger Anbau - Samenhaus Gartenblog\",\"isPartOf\":{\"@id\":\"https:\\\/\\\/www.samenhaus.de\\\/gartenblog\\\/#website\"},\"primaryImageOfPage\":{\"@id\":\"https:\\\/\\\/www.samenhaus.de\\\/gartenblog\\\/tief-mittel-und-flachwurzler-bei-gemuese-richtiger-anbau#primaryimage\"},\"image\":{\"@id\":\"https:\\\/\\\/www.samenhaus.de\\\/gartenblog\\\/tief-mittel-und-flachwurzler-bei-gemuese-richtiger-anbau#primaryimage\"},\"thumbnailUrl\":\"https:\\\/\\\/www.samenhaus.de\\\/gartenblog\\\/wp-content\\\/uploads\\\/2023\\\/02\\\/Tief-Mittel-Flachwurzler_376864391-scaled.jpeg\",\"datePublished\":\"2023-02-19T09:00:37+00:00\",\"description\":\"Eine optimale Kombination aus Tief-, Mittel- und Flachwurzlern erreicht alle N\u00e4hrstoffe im Boden und sorgt f\u00fcr bessere Ertr\u00e4ge.\",\"breadcrumb\":{\"@id\":\"https:\\\/\\\/www.samenhaus.de\\\/gartenblog\\\/tief-mittel-und-flachwurzler-bei-gemuese-richtiger-anbau#breadcrumb\"},\"inLanguage\":\"de\",\"potentialAction\":[{\"@type\":\"ReadAction\",\"target\":[\"https:\\\/\\\/www.samenhaus.de\\\/gartenblog\\\/tief-mittel-und-flachwurzler-bei-gemuese-richtiger-anbau\"]}]},{\"@type\":\"ImageObject\",\"inLanguage\":\"de\",\"@id\":\"https:\\\/\\\/www.samenhaus.de\\\/gartenblog\\\/tief-mittel-und-flachwurzler-bei-gemuese-richtiger-anbau#primaryimage\",\"url\":\"https:\\\/\\\/www.samenhaus.de\\\/gartenblog\\\/wp-content\\\/uploads\\\/2023\\\/02\\\/Tief-Mittel-Flachwurzler_376864391-scaled.jpeg\",\"contentUrl\":\"https:\\\/\\\/www.samenhaus.de\\\/gartenblog\\\/wp-content\\\/uploads\\\/2023\\\/02\\\/Tief-Mittel-Flachwurzler_376864391-scaled.jpeg\",\"width\":2560,\"height\":1280,\"caption\":\"Tief-, Mitte-, Flachwurzler\"},{\"@type\":\"BreadcrumbList\",\"@id\":\"https:\\\/\\\/www.samenhaus.de\\\/gartenblog\\\/tief-mittel-und-flachwurzler-bei-gemuese-richtiger-anbau#breadcrumb\",\"itemListElement\":[{\"@type\":\"ListItem\",\"position\":1,\"name\":\"Startseite\",\"item\":\"https:\\\/\\\/www.samenhaus.de\\\/gartenblog\\\/\"},{\"@type\":\"ListItem\",\"position\":2,\"name\":\"Tief-, Mittel- und Flachwurzler bei Gem\u00fcse richtiger Anbau\"}]},{\"@type\":\"WebSite\",\"@id\":\"https:\\\/\\\/www.samenhaus.de\\\/gartenblog\\\/#website\",\"url\":\"https:\\\/\\\/www.samenhaus.de\\\/gartenblog\\\/\",\"name\":\"Samenhaus Gartenblog\",\"description\":\"\",\"publisher\":{\"@id\":\"https:\\\/\\\/www.samenhaus.de\\\/gartenblog\\\/#organization\"},\"potentialAction\":[{\"@type\":\"SearchAction\",\"target\":{\"@type\":\"EntryPoint\",\"urlTemplate\":\"https:\\\/\\\/www.samenhaus.de\\\/gartenblog\\\/?s={search_term_string}\"},\"query-input\":{\"@type\":\"PropertyValueSpecification\",\"valueRequired\":true,\"valueName\":\"search_term_string\"}}],\"inLanguage\":\"de\"},{\"@type\":\"Organization\",\"@id\":\"https:\\\/\\\/www.samenhaus.de\\\/gartenblog\\\/#organization\",\"name\":\"Samenhaus.de Gartenblog\",\"url\":\"https:\\\/\\\/www.samenhaus.de\\\/gartenblog\\\/\",\"logo\":{\"@type\":\"ImageObject\",\"inLanguage\":\"de\",\"@id\":\"https:\\\/\\\/www.samenhaus.de\\\/gartenblog\\\/#\\\/schema\\\/logo\\\/image\\\/\",\"url\":\"https:\\\/\\\/www.samenhaus.de\\\/gartenblog\\\/wp-content\\\/uploads\\\/2020\\\/11\\\/logo.svg\",\"contentUrl\":\"https:\\\/\\\/www.samenhaus.de\\\/gartenblog\\\/wp-content\\\/uploads\\\/2020\\\/11\\\/logo.svg\",\"width\":1,\"height\":1,\"caption\":\"Samenhaus.de Gartenblog\"},\"image\":{\"@id\":\"https:\\\/\\\/www.samenhaus.de\\\/gartenblog\\\/#\\\/schema\\\/logo\\\/image\\\/\"},\"sameAs\":[\"https:\\\/\\\/de-de.facebook.com\\\/samenhaus\",\"https:\\\/\\\/x.com\\\/samenhaus\"]},{\"@type\":\"Person\",\"@id\":\"https:\\\/\\\/www.samenhaus.de\\\/gartenblog\\\/#\\\/schema\\\/person\\\/e4c837ea32ec74c39497c1e69976fed5\",\"name\":\"Sabine\",\"image\":{\"@type\":\"ImageObject\",\"inLanguage\":\"de\",\"@id\":\"https:\\\/\\\/www.samenhaus.de\\\/gartenblog\\\/wp-content\\\/uploads\\\/2026\\\/03\\\/sabine-150x150.png\",\"url\":\"https:\\\/\\\/www.samenhaus.de\\\/gartenblog\\\/wp-content\\\/uploads\\\/2026\\\/03\\\/sabine-150x150.png\",\"contentUrl\":\"https:\\\/\\\/www.samenhaus.de\\\/gartenblog\\\/wp-content\\\/uploads\\\/2026\\\/03\\\/sabine-150x150.png\",\"caption\":\"Sabine\"},\"description\":\"Sabine schreibt am liebsten \u00fcber Themen rund um den Selbstversorgergarten. Ob Gem\u00fcseanbau, Obstgarten, H\u00fchnerhaltung oder Konservierung und Verarbeitung, sie hat jede Menge eigene Erfahrung beizusteuern. Sie liebt es, den Blick \u00fcber die ersten zarten Pflanzen des Jahres schweifen zu lassen oder die gewaltige Ernte im Sommer und Herbst zu b\u00e4ndigen.\",\"url\":\"https:\\\/\\\/www.samenhaus.de\\\/gartenblog\\\/author\\\/sabine\"}]}<\/script>\n<!-- \/ Yoast SEO plugin. -->","yoast_head_json":{"title":"Tief-, Mittel- und Flachwurzler bei Gem\u00fcse richtiger Anbau - Samenhaus Gartenblog","description":"Eine optimale Kombination aus Tief-, Mittel- und Flachwurzlern erreicht alle N\u00e4hrstoffe im Boden und sorgt f\u00fcr bessere Ertr\u00e4ge.","robots":{"index":"index","follow":"follow","max-snippet":"max-snippet:-1","max-image-preview":"max-image-preview:large","max-video-preview":"max-video-preview:-1"},"canonical":"https:\/\/www.samenhaus.de\/gartenblog\/tief-mittel-und-flachwurzler-bei-gemuese-richtiger-anbau","og_locale":"de_DE","og_type":"article","og_title":"Tief-, Mittel- und Flachwurzler bei Gem\u00fcse richtiger Anbau - Samenhaus Gartenblog","og_description":"Eine optimale Kombination aus Tief-, Mittel- und Flachwurzlern erreicht alle N\u00e4hrstoffe im Boden und sorgt f\u00fcr bessere Ertr\u00e4ge.","og_url":"https:\/\/www.samenhaus.de\/gartenblog\/tief-mittel-und-flachwurzler-bei-gemuese-richtiger-anbau","og_site_name":"Samenhaus Gartenblog","article_publisher":"https:\/\/de-de.facebook.com\/samenhaus","article_published_time":"2023-02-19T09:00:37+00:00","og_image":[{"width":2560,"height":1280,"url":"https:\/\/www.samenhaus.de\/gartenblog\/wp-content\/uploads\/2023\/02\/Tief-Mittel-Flachwurzler_376864391-scaled.jpeg","type":"image\/jpeg"}],"author":"Sabine","twitter_card":"summary_large_image","twitter_creator":"@samenhaus","twitter_site":"@samenhaus","twitter_misc":{"Verfasst von":"Sabine","Gesch\u00e4tzte Lesezeit":"4\u00a0Minuten"},"schema":{"@context":"https:\/\/schema.org","@graph":[{"@type":"Article","@id":"https:\/\/www.samenhaus.de\/gartenblog\/tief-mittel-und-flachwurzler-bei-gemuese-richtiger-anbau#article","isPartOf":{"@id":"https:\/\/www.samenhaus.de\/gartenblog\/tief-mittel-und-flachwurzler-bei-gemuese-richtiger-anbau"},"author":{"name":"Sabine","@id":"https:\/\/www.samenhaus.de\/gartenblog\/#\/schema\/person\/e4c837ea32ec74c39497c1e69976fed5"},"headline":"Tief-, Mittel- und Flachwurzler bei Gem\u00fcse richtiger Anbau","datePublished":"2023-02-19T09:00:37+00:00","mainEntityOfPage":{"@id":"https:\/\/www.samenhaus.de\/gartenblog\/tief-mittel-und-flachwurzler-bei-gemuese-richtiger-anbau"},"wordCount":697,"commentCount":0,"publisher":{"@id":"https:\/\/www.samenhaus.de\/gartenblog\/#organization"},"image":{"@id":"https:\/\/www.samenhaus.de\/gartenblog\/tief-mittel-und-flachwurzler-bei-gemuese-richtiger-anbau#primaryimage"},"thumbnailUrl":"https:\/\/www.samenhaus.de\/gartenblog\/wp-content\/uploads\/2023\/02\/Tief-Mittel-Flachwurzler_376864391-scaled.jpeg","inLanguage":"de","potentialAction":[{"@type":"CommentAction","name":"Comment","target":["https:\/\/www.samenhaus.de\/gartenblog\/tief-mittel-und-flachwurzler-bei-gemuese-richtiger-anbau#respond"]}],"copyrightYear":"2023","copyrightHolder":{"@id":"https:\/\/www.samenhaus.de\/gartenblog\/#organization"}},{"@type":"WebPage","@id":"https:\/\/www.samenhaus.de\/gartenblog\/tief-mittel-und-flachwurzler-bei-gemuese-richtiger-anbau","url":"https:\/\/www.samenhaus.de\/gartenblog\/tief-mittel-und-flachwurzler-bei-gemuese-richtiger-anbau","name":"Tief-, Mittel- und Flachwurzler bei Gem\u00fcse richtiger Anbau - Samenhaus Gartenblog","isPartOf":{"@id":"https:\/\/www.samenhaus.de\/gartenblog\/#website"},"primaryImageOfPage":{"@id":"https:\/\/www.samenhaus.de\/gartenblog\/tief-mittel-und-flachwurzler-bei-gemuese-richtiger-anbau#primaryimage"},"image":{"@id":"https:\/\/www.samenhaus.de\/gartenblog\/tief-mittel-und-flachwurzler-bei-gemuese-richtiger-anbau#primaryimage"},"thumbnailUrl":"https:\/\/www.samenhaus.de\/gartenblog\/wp-content\/uploads\/2023\/02\/Tief-Mittel-Flachwurzler_376864391-scaled.jpeg","datePublished":"2023-02-19T09:00:37+00:00","description":"Eine optimale Kombination aus Tief-, Mittel- und Flachwurzlern erreicht alle N\u00e4hrstoffe im Boden und sorgt f\u00fcr bessere Ertr\u00e4ge.","breadcrumb":{"@id":"https:\/\/www.samenhaus.de\/gartenblog\/tief-mittel-und-flachwurzler-bei-gemuese-richtiger-anbau#breadcrumb"},"inLanguage":"de","potentialAction":[{"@type":"ReadAction","target":["https:\/\/www.samenhaus.de\/gartenblog\/tief-mittel-und-flachwurzler-bei-gemuese-richtiger-anbau"]}]},{"@type":"ImageObject","inLanguage":"de","@id":"https:\/\/www.samenhaus.de\/gartenblog\/tief-mittel-und-flachwurzler-bei-gemuese-richtiger-anbau#primaryimage","url":"https:\/\/www.samenhaus.de\/gartenblog\/wp-content\/uploads\/2023\/02\/Tief-Mittel-Flachwurzler_376864391-scaled.jpeg","contentUrl":"https:\/\/www.samenhaus.de\/gartenblog\/wp-content\/uploads\/2023\/02\/Tief-Mittel-Flachwurzler_376864391-scaled.jpeg","width":2560,"height":1280,"caption":"Tief-, Mitte-, Flachwurzler"},{"@type":"BreadcrumbList","@id":"https:\/\/www.samenhaus.de\/gartenblog\/tief-mittel-und-flachwurzler-bei-gemuese-richtiger-anbau#breadcrumb","itemListElement":[{"@type":"ListItem","position":1,"name":"Startseite","item":"https:\/\/www.samenhaus.de\/gartenblog\/"},{"@type":"ListItem","position":2,"name":"Tief-, Mittel- und Flachwurzler bei Gem\u00fcse richtiger Anbau"}]},{"@type":"WebSite","@id":"https:\/\/www.samenhaus.de\/gartenblog\/#website","url":"https:\/\/www.samenhaus.de\/gartenblog\/","name":"Samenhaus Gartenblog","description":"","publisher":{"@id":"https:\/\/www.samenhaus.de\/gartenblog\/#organization"},"potentialAction":[{"@type":"SearchAction","target":{"@type":"EntryPoint","urlTemplate":"https:\/\/www.samenhaus.de\/gartenblog\/?s={search_term_string}"},"query-input":{"@type":"PropertyValueSpecification","valueRequired":true,"valueName":"search_term_string"}}],"inLanguage":"de"},{"@type":"Organization","@id":"https:\/\/www.samenhaus.de\/gartenblog\/#organization","name":"Samenhaus.de Gartenblog","url":"https:\/\/www.samenhaus.de\/gartenblog\/","logo":{"@type":"ImageObject","inLanguage":"de","@id":"https:\/\/www.samenhaus.de\/gartenblog\/#\/schema\/logo\/image\/","url":"https:\/\/www.samenhaus.de\/gartenblog\/wp-content\/uploads\/2020\/11\/logo.svg","contentUrl":"https:\/\/www.samenhaus.de\/gartenblog\/wp-content\/uploads\/2020\/11\/logo.svg","width":1,"height":1,"caption":"Samenhaus.de Gartenblog"},"image":{"@id":"https:\/\/www.samenhaus.de\/gartenblog\/#\/schema\/logo\/image\/"},"sameAs":["https:\/\/de-de.facebook.com\/samenhaus","https:\/\/x.com\/samenhaus"]},{"@type":"Person","@id":"https:\/\/www.samenhaus.de\/gartenblog\/#\/schema\/person\/e4c837ea32ec74c39497c1e69976fed5","name":"Sabine","image":{"@type":"ImageObject","inLanguage":"de","@id":"https:\/\/www.samenhaus.de\/gartenblog\/wp-content\/uploads\/2026\/03\/sabine-150x150.png","url":"https:\/\/www.samenhaus.de\/gartenblog\/wp-content\/uploads\/2026\/03\/sabine-150x150.png","contentUrl":"https:\/\/www.samenhaus.de\/gartenblog\/wp-content\/uploads\/2026\/03\/sabine-150x150.png","caption":"Sabine"},"description":"Sabine schreibt am liebsten \u00fcber Themen rund um den Selbstversorgergarten. Ob Gem\u00fcseanbau, Obstgarten, H\u00fchnerhaltung oder Konservierung und Verarbeitung, sie hat jede Menge eigene Erfahrung beizusteuern. Sie liebt es, den Blick \u00fcber die ersten zarten Pflanzen des Jahres schweifen zu lassen oder die gewaltige Ernte im Sommer und Herbst zu b\u00e4ndigen.","url":"https:\/\/www.samenhaus.de\/gartenblog\/author\/sabine"}]}},"wp-worthy-pixel":{"ignored":false,"public":"86ce0370b67d45fc8c9c8f7870634b62","server":"vg07.met.vgwort.de","url":"https:\/\/vg07.met.vgwort.de\/na\/86ce0370b67d45fc8c9c8f7870634b62"},"wp-worthy-type":"normal","_links":{"self":[{"href":"https:\/\/www.samenhaus.de\/gartenblog\/wp-json\/wp\/v2\/posts\/7625","targetHints":{"allow":["GET"]}}],"collection":[{"href":"https:\/\/www.samenhaus.de\/gartenblog\/wp-json\/wp\/v2\/posts"}],"about":[{"href":"https:\/\/www.samenhaus.de\/gartenblog\/wp-json\/wp\/v2\/types\/post"}],"author":[{"embeddable":true,"href":"https:\/\/www.samenhaus.de\/gartenblog\/wp-json\/wp\/v2\/users\/11"}],"replies":[{"embeddable":true,"href":"https:\/\/www.samenhaus.de\/gartenblog\/wp-json\/wp\/v2\/comments?post=7625"}],"version-history":[{"count":6,"href":"https:\/\/www.samenhaus.de\/gartenblog\/wp-json\/wp\/v2\/posts\/7625\/revisions"}],"predecessor-version":[{"id":9946,"href":"https:\/\/www.samenhaus.de\/gartenblog\/wp-json\/wp\/v2\/posts\/7625\/revisions\/9946"}],"wp:featuredmedia":[{"embeddable":true,"href":"https:\/\/www.samenhaus.de\/gartenblog\/wp-json\/wp\/v2\/media\/9943"}],"wp:attachment":[{"href":"https:\/\/www.samenhaus.de\/gartenblog\/wp-json\/wp\/v2\/media?parent=7625"}],"wp:term":[{"taxonomy":"category","embeddable":true,"href":"https:\/\/www.samenhaus.de\/gartenblog\/wp-json\/wp\/v2\/categories?post=7625"},{"taxonomy":"post_tag","embeddable":true,"href":"https:\/\/www.samenhaus.de\/gartenblog\/wp-json\/wp\/v2\/tags?post=7625"},{"taxonomy":"hersteller","embeddable":true,"href":"https:\/\/www.samenhaus.de\/gartenblog\/wp-json\/wp\/v2\/hersteller?post=7625"}],"curies":[{"name":"wp","href":"https:\/\/api.w.org\/{rel}","templated":true}]}}