{"id":7680,"date":"2023-01-20T09:00:30","date_gmt":"2023-01-20T09:00:30","guid":{"rendered":"https:\/\/www.samenhaus.de\/gartenblog\/?p=7680"},"modified":"2023-08-16T07:05:14","modified_gmt":"2023-08-16T07:05:14","slug":"von-der-brachflaeche-zum-ersten-eigenen-garten-die-schritt-fuer-schritt-anleitung","status":"publish","type":"post","link":"https:\/\/www.samenhaus.de\/gartenblog\/von-der-brachflaeche-zum-ersten-eigenen-garten-die-schritt-fuer-schritt-anleitung","title":{"rendered":"Von der Brachfl\u00e4che zum ersten eigenen Garten: die Schritt-f\u00fcr-Schritt-Anleitung"},"content":{"rendered":"<p>Haben Sie auf Ihrem Grundst\u00fcck Brachfl\u00e4chen und m\u00f6chten k\u00fcnftig g\u00e4rtnern, m\u00fcssen Sie diese Fl\u00e4chen zun\u00e4chst urbar machen. Was Sie anbauen, h\u00e4ngt von der Bodenbeschaffenheit und vom Standort ab. Die Schritt-f\u00fcr-Schritt-Anleitung zeigt Ihnen, wie Sie Brachfl\u00e4chen in Ihren ersten eigenen Garten verwandeln.<\/p>\n<h2 class=\"western\"><span class=\"ez-toc-section\" id=\"Brachflaechen_urbar_machen_umgraben_oder_umfraesen\"><\/span>Brachfl\u00e4chen urbar machen: umgraben oder umfr\u00e4sen<span class=\"ez-toc-section-end\"><\/span><\/h2>\n<p><img loading=\"lazy\" decoding=\"async\" class=\"size-medium wp-image-8764 alignright\" src=\"https:\/\/www.samenhaus.de\/gartenblog\/wp-content\/uploads\/2023\/01\/Von-Brachflaeche-zu-Garten_333123719-300x200.jpeg\" alt=\"Brachfl\u00e4che umgraben\" width=\"300\" height=\"200\" srcset=\"https:\/\/www.samenhaus.de\/gartenblog\/wp-content\/uploads\/2023\/01\/Von-Brachflaeche-zu-Garten_333123719-300x200.jpeg 300w, https:\/\/www.samenhaus.de\/gartenblog\/wp-content\/uploads\/2023\/01\/Von-Brachflaeche-zu-Garten_333123719-2048x1365.jpeg 2048w, https:\/\/www.samenhaus.de\/gartenblog\/wp-content\/uploads\/2023\/01\/Von-Brachflaeche-zu-Garten_333123719-600x400.jpeg 600w, https:\/\/www.samenhaus.de\/gartenblog\/wp-content\/uploads\/2023\/01\/Von-Brachflaeche-zu-Garten_333123719-768x512.jpeg 768w, https:\/\/www.samenhaus.de\/gartenblog\/wp-content\/uploads\/2023\/01\/Von-Brachflaeche-zu-Garten_333123719-1024x683.jpeg 1024w, https:\/\/www.samenhaus.de\/gartenblog\/wp-content\/uploads\/2023\/01\/Von-Brachflaeche-zu-Garten_333123719-1536x1024.jpeg 1536w\" sizes=\"auto, (max-width: 300px) 100vw, 300px\" \/>Der erste Schritt, um aus einer Brachfl\u00e4che einen Garten zu machen, ist das Urbarmachen. Wie Sie vorgehen, h\u00e4ngt vom Bewuchs und der Gr\u00f6\u00dfe der Brachfl\u00e4chen, aber auch davon ab, was Sie anbauen m\u00f6chten. Befinden sich unerw\u00fcnschte B\u00e4ume und Str\u00e4ucher auf der Brachfl\u00e4che, m\u00fcssen Sie sie zuerst entfernen. Erkundigen Sie sich bei der zust\u00e4ndigen Stelle Ihrer Kommune, ob Sie f\u00fcr das F\u00e4llen von B\u00e4umen eine F\u00e4llgenehmigung ben\u00f6tigen.<\/p>\n<p>Sie m\u00fcssen auch die Wurzeln entfernen, doch ist Graben daf\u00fcr mitunter nicht effizient genug und zu m\u00fchevoll. Fragen Sie bei einer Gartenbaufirma oder einem Abbruchunternehmen nach und lassen Sie die Wurzeln roden. Solche Unternehmen haben schweres Ger\u00e4t, mit denen sie den Wurzeln den Kampf ansagen. Sind die Wurzeln entfernt, m\u00fcssen Sie auch noch den anderen Bewuchs entfernen. Daf\u00fcr gibt es mehrere M\u00f6glichkeiten.<\/p>\n<h3 class=\"western\"><span class=\"ez-toc-section\" id=\"Abdeckung_mit_Folie_urbar_machen_von_kleineren_Brachflaechen\"><\/span>Abdeckung mit Folie: urbar machen von kleineren Brachfl\u00e4chen<span class=\"ez-toc-section-end\"><\/span><\/h3>\n<p>Sind die Brachfl\u00e4chen eher klein, aber ziemlich stark mit Unkraut bewachsen, k\u00f6nnen Sie eine Folie dar\u00fcber decken. Das Unkraut erstickt unter der Folie, neues Unkraut geht nicht auf. Die abgestorbenen Unkr\u00e4uter lassen sich sp\u00e4ter m\u00fchelos entfernen. Diese Methode funktioniert jedoch nicht bei hartn\u00e4ckigen Wurzelunkr\u00e4utern wie Giersch, Brennnessel oder Quecke. Solche Unkr\u00e4uter m\u00fcssen Sie zus\u00e4tlich mit dem Grubber oder dem Spaten entfernen. Um Wurzelunkr\u00e4uter zu entfernen, m\u00fcssten Sie die Folie \u00fcber lange Zeit auf der Fl\u00e4che belassen, was nicht sinnvoll ist, wenn Sie nach kurzer Zeit einen Garten anlegen m\u00f6chten.<\/p>\n<h3 class=\"western\"><span class=\"ez-toc-section\" id=\"Brachflaeche_umgraben_kleine_Flaechen_mit_geringem_Bewuchs\"><\/span>Brachfl\u00e4che umgraben: kleine Fl\u00e4chen mit geringem Bewuchs<span class=\"ez-toc-section-end\"><\/span><\/h3>\n<p>M\u00f6chten Sie nur wenig anbauen, sind die Brachfl\u00e4chen nur klein und der Unkrautbewuchs gering, k\u00f6nnen Sie die Fl\u00e4chen auch durch Umgraben urbar machen. Versuchen Sie, m\u00f6glichst tief in den Boden zu gelangen, um den Boden gut zu lockern und das Unkraut effizient zu entfernen. F\u00fcr Wurzelunkr\u00e4uter wie Giersch, Quecke oder Brennnessel ben\u00f6tigen Sie einen Grubber, w\u00e4hrend Sie f\u00fcr tiefwurzelnde Unkr\u00e4uter wie K\u00e4sepappel oder L\u00f6wenzahn einen speziellen Unkrautstecher verwenden sollten. Lassen Sie den Boden eine Weile ruhen, bevor Sie an die weiteren Schritte gehen.<\/p>\n<h3 class=\"western\"><span class=\"ez-toc-section\" id=\"Urbar_machen_mit_der_Gartenfraese_fuer_groessere_Flaechen\"><\/span>Urbar machen mit der Gartenfr\u00e4se: f\u00fcr gr\u00f6\u00dfere Fl\u00e4chen<span class=\"ez-toc-section-end\"><\/span><\/h3>\n<p>Um gr\u00f6\u00dfere Brachfl\u00e4chen urbar zu machen, sollten Sie eine Gartenfr\u00e4se, auch als Motorhacke bezeichnet, verwenden. M\u00f6chten Sie selbst keine Gartenfr\u00e4se kaufen, k\u00f6nnen Sie solche Ger\u00e4te auch in Bau- und Gartenm\u00e4rkten ausleihen. Mit der Gartenfr\u00e4se bearbeiten Sie problemlos gr\u00f6\u00dfere Fl\u00e4chen. Wurzeln von Quecke oder Brennnessel werden dabei jedoch kleingehackt, weshalb Sie darauf achten sollten, die Wurzeln gr\u00fcndlich zu entfernen. Mit einem Grubber und einer Harke entfernen Sie die restlichen Wurzeln und Unkr\u00e4uter. Lassen Sie auch hier den Boden einige Tage ruhen, bevor Sie weitere Arbeiten vornehmen.<\/p>\n<h2 class=\"western\"><span class=\"ez-toc-section\" id=\"Bodenverbesserung_als_naechster_Schritt_pruefen_was_der_Boden_braucht\"><\/span>Bodenverbesserung als n\u00e4chster Schritt: pr\u00fcfen, was der Boden braucht<span class=\"ez-toc-section-end\"><\/span><\/h2>\n<p>Im n\u00e4chsten Schritt muss die Bodenverbesserung erfolgen, damit Ihre Pflanzen einen guten Start haben. Lassen Sie in einem Labor eine Bodenprobe vornehmen, um den pH-Wert, aber auch den Gehalt an Mineralstoffen zu pr\u00fcfen. Im Ergebnis der Bodenprobe erfahren Sie, was der Boden noch braucht. Es h\u00e4ngt aber auch von den Anspr\u00fcchen der angebauten Pflanzen, ab, wie Sie den Boden verbessern:<\/p>\n<ul>\n<li>F\u00fcr Starkzehrer wie Kohlpflanzen ben\u00f6tigen Sie Stallmist, denn er ist reich an N\u00e4hrstoffen. Lassen Sie den Mist einige Tage liegen, bevor Sie ihn unterarbeiten. Bringen Sie die Samen oder Pflanzen nicht gleich ins Beet, sondern lassen Sie das Beet erst ca. 10 Tage ruhen.<\/li>\n<li>Kompost bietet f\u00fcr die meisten Pflanzen eine gute Starthilfe. Wie stark Sie die Kompostd\u00fcngung vornehmen, h\u00e4ngt von den Anspr\u00fcchen der Pflanzen ab.<\/li>\n<li>Viele Pflanzen haben einen hohen Stickstoffbedarf. Verbessern Sie den Boden mit Stickstoffd\u00fcnger, bevor Sie ihn bestellen.<\/li>\n<li>Eine Gr\u00fcnd\u00fcngung ist f\u00fcr verschiedene Gem\u00fcsepflanzen sinnvoll, da sie den Boden mit Stickstoff versorgt. Im Herbst k\u00f6nnen Sie solche Pflanzen auss\u00e4en, um sie dann im Fr\u00fchjahr unterzupfl\u00fcgen. Einige Wochen sp\u00e4ter k\u00f6nnen Sie den Boden dann bestellen.<\/li>\n<li>Um Lehmboden durchl\u00e4ssiger zu machen, arbeiten Sie Sand unter.<\/li>\n<\/ul>\n<h3 class=\"western\"><span class=\"ez-toc-section\" id=\"Boden_mit_Erde_verbessern_auf_torffreie_Erde_achten\"><\/span>Boden mit Erde verbessern: auf torffreie Erde achten<span class=\"ez-toc-section-end\"><\/span><\/h3>\n<p>Ist der Boden nur n\u00e4hrstoffarm und k\u00f6nnen Sie auch mit Stallmist oder Kompost noch keine guten Ergebnisse erzielen, m\u00fcssen Sie Pflanzerde aufbringen. Achten Sie darauf, dass es sich um torffreie Erde handelt, damit die Moore als wertvolle Biotope f\u00fcr seltene Tiere nicht gesch\u00e4digt werden. Muttererde erhalten Sie von Baustellen, aber auch von G\u00e4rtnereien. In der G\u00e4rtnerei bekommen Sie mitunter wertvolle Tipps, woher Sie Muttererde beziehen k\u00f6nnen. Haben Sie die Muttererde auf den Boden aufgetragen, brauchen Sie noch Pflanzerde, die Sie mit Kompost mischen k\u00f6nnen. Bevor Sie Samen oder Pflanzen in die Erde bringen, braucht der Boden noch ungef\u00e4hr sieben bis zehn Tage Ruhe.<\/p>\n<h2 class=\"western\"><span class=\"ez-toc-section\" id=\"Einteilen_der_Beete_Erstellen_Sie_einen_Pflanzplan\"><\/span>Einteilen der Beete: Erstellen Sie einen Pflanzplan<span class=\"ez-toc-section-end\"><\/span><\/h2>\n<p><img loading=\"lazy\" decoding=\"async\" class=\"size-medium wp-image-8763 alignright\" src=\"https:\/\/www.samenhaus.de\/gartenblog\/wp-content\/uploads\/2023\/01\/Von-Brachflaeche-zu-Garten_318592876-300x200.jpeg\" alt=\"Pflanzplan\" width=\"300\" height=\"200\" srcset=\"https:\/\/www.samenhaus.de\/gartenblog\/wp-content\/uploads\/2023\/01\/Von-Brachflaeche-zu-Garten_318592876-300x200.jpeg 300w, https:\/\/www.samenhaus.de\/gartenblog\/wp-content\/uploads\/2023\/01\/Von-Brachflaeche-zu-Garten_318592876-2048x1365.jpeg 2048w, https:\/\/www.samenhaus.de\/gartenblog\/wp-content\/uploads\/2023\/01\/Von-Brachflaeche-zu-Garten_318592876-600x400.jpeg 600w, https:\/\/www.samenhaus.de\/gartenblog\/wp-content\/uploads\/2023\/01\/Von-Brachflaeche-zu-Garten_318592876-768x512.jpeg 768w, https:\/\/www.samenhaus.de\/gartenblog\/wp-content\/uploads\/2023\/01\/Von-Brachflaeche-zu-Garten_318592876-1024x683.jpeg 1024w, https:\/\/www.samenhaus.de\/gartenblog\/wp-content\/uploads\/2023\/01\/Von-Brachflaeche-zu-Garten_318592876-1536x1024.jpeg 1536w\" sizes=\"auto, (max-width: 300px) 100vw, 300px\" \/>Bevor Sie die Samen oder Pflanzen in die Erde bringen, erstellen Sie einen Pflanzplan. Beachten Sie die Anspr\u00fcche der verschiedenen Pflanzen an<\/p>\n<ul>\n<li>Boden,<\/li>\n<li>Lichtverh\u00e4ltnisse,<\/li>\n<li>Wind und<\/li>\n<li>Platzbedarf.<\/li>\n<\/ul>\n<p>Weiterhin kommt es auf die Mischkultur an, damit die Pflanzen voneinander profitieren. Gute Nachbarn im Beet m\u00fcssen Sie bei Ihrem Pflanzplan und beim Anlegen der Beete beachten. Die Beete k\u00f6nnen Sie mit Brettern oder Steinen einfassen, damit die Erde beim Bew\u00e4ssern nicht weggeschwemmt wird. Heben Sie den Pflanzplan gut auf, damit Sie im n\u00e4chsten Jahr auf die Fruchtfolge achten k\u00f6nnen. Bei einigen Pflanzen wie Dill, Erdbeeren oder Kohl m\u00fcssen Sie mehrere Jahre warten, um sie wieder am urspr\u00fcnglichen Standort anbauen zu k\u00f6nnen.<\/p>\n<h2 class=\"western\"><span class=\"ez-toc-section\" id=\"Pflanzen_ins_Beet_bringen_Boden_gut_durcharbeiten\"><\/span>Pflanzen ins Beet bringen: Boden gut durcharbeiten<span class=\"ez-toc-section-end\"><\/span><\/h2>\n<p>Arbeiten Sie den Boden gut durch, bevor Sie die Samen oder Pflanzen ins Beet bringen. Achten Sie auf die Reihen- und Pflanzabst\u00e4nde, wenn Sie die Beete einteilen. Beginnen Sie mit der Bestellung in der Mitte der Beete und arbeiten Sie sich an die Seiten vor. Vergessen Sie nicht die Bew\u00e4sserung. Von Zeit zu Zeit m\u00fcssen Sie auch Unkraut j\u00e4ten, damit sich die Pflanzen gut ausbreiten k\u00f6nnen.<\/p>\n","protected":false},"excerpt":{"rendered":"<p>Haben Sie auf Ihrem Grundst\u00fcck Brachfl\u00e4chen und m\u00f6chten k\u00fcnftig g\u00e4rtnern, m\u00fcssen Sie diese Fl\u00e4chen zun\u00e4chst urbar machen. Was Sie anbauen, h\u00e4ngt von der Bodenbeschaffenheit und vom Standort ab. Die Schritt-f\u00fcr-Schritt-Anleitung zeigt Ihnen, wie Sie Brachfl\u00e4chen in Ihren ersten eigenen Garten verwandeln. Brachfl\u00e4chen urbar machen: umgraben oder umfr\u00e4sen Der erste Schritt, um aus einer Brachfl\u00e4che einen Garten zu machen, ist das Urbarmachen. Wie Sie vorgehen, h\u00e4ngt vom Bewuchs und der Gr\u00f6\u00dfe der Brachfl\u00e4chen, aber auch davon ab, was Sie anbauen m\u00f6chten. Befinden sich unerw\u00fcnschte B\u00e4ume und Str\u00e4ucher auf der Brachfl\u00e4che, m\u00fcssen Sie sie zuerst entfernen. Erkundigen Sie sich bei der zust\u00e4ndigen Stelle Ihrer Kommune, ob Sie f\u00fcr das F\u00e4llen von B\u00e4umen eine F\u00e4llgenehmigung ben\u00f6tigen. Sie m\u00fcssen auch die Wurzeln entfernen, doch ist Graben daf\u00fcr mitunter nicht effizient genug und zu m\u00fchevoll. Fragen Sie bei einer Gartenbaufirma oder einem Abbruchunternehmen nach und lassen Sie die Wurzeln roden. Solche Unternehmen haben schweres Ger\u00e4t, mit denen sie den Wurzeln den Kampf ansagen. Sind die Wurzeln entfernt, m\u00fcssen Sie auch noch den anderen Bewuchs entfernen. Daf\u00fcr gibt es mehrere M\u00f6glichkeiten. Abdeckung mit Folie: urbar machen von kleineren Brachfl\u00e4chen Sind die Brachfl\u00e4chen eher klein, aber ziemlich stark mit Unkraut bewachsen, k\u00f6nnen Sie eine Folie dar\u00fcber decken. [&hellip;]<\/p>\n","protected":false},"author":11,"featured_media":8765,"comment_status":"open","ping_status":"open","sticky":false,"template":"","format":"standard","meta":{"_acf_changed":false,"footnotes":""},"categories":[1],"tags":[],"hersteller":[],"class_list":["post-7680","post","type-post","status-publish","format-standard","has-post-thumbnail","hentry","category-allgemein"],"acf":[],"yoast_head":"<!-- This site is optimized with the Yoast SEO plugin v27.4 - https:\/\/yoast.com\/product\/yoast-seo-wordpress\/ -->\n<title>Von der Brachfl\u00e4che zum ersten eigenen Garten: die Schritt-f\u00fcr-Schritt-Anleitung - Samenhaus Gartenblog<\/title>\n<meta name=\"description\" content=\"Wer eine Brachfl\u00e4che bewirtschaften m\u00f6chte, muss einiges beachten. Welches Gem\u00fcse es in den Garten schafft, h\u00e4ngt von der Bodenqualit\u00e4t und dem Standort ab.\" \/>\n<meta name=\"robots\" content=\"index, follow, max-snippet:-1, max-image-preview:large, max-video-preview:-1\" \/>\n<link rel=\"canonical\" href=\"https:\/\/www.samenhaus.de\/gartenblog\/von-der-brachflaeche-zum-ersten-eigenen-garten-die-schritt-fuer-schritt-anleitung\" \/>\n<meta property=\"og:locale\" content=\"de_DE\" \/>\n<meta property=\"og:type\" content=\"article\" \/>\n<meta property=\"og:title\" content=\"Von der Brachfl\u00e4che zum ersten eigenen Garten: die Schritt-f\u00fcr-Schritt-Anleitung - Samenhaus Gartenblog\" \/>\n<meta property=\"og:description\" content=\"Wer eine Brachfl\u00e4che bewirtschaften m\u00f6chte, muss einiges beachten. Welches Gem\u00fcse es in den Garten schafft, h\u00e4ngt von der Bodenqualit\u00e4t und dem Standort ab.\" \/>\n<meta property=\"og:url\" content=\"https:\/\/www.samenhaus.de\/gartenblog\/von-der-brachflaeche-zum-ersten-eigenen-garten-die-schritt-fuer-schritt-anleitung\" \/>\n<meta property=\"og:site_name\" content=\"Samenhaus Gartenblog\" \/>\n<meta property=\"article:publisher\" content=\"https:\/\/de-de.facebook.com\/samenhaus\" \/>\n<meta property=\"article:published_time\" content=\"2023-01-20T09:00:30+00:00\" \/>\n<meta property=\"article:modified_time\" content=\"2023-08-16T07:05:14+00:00\" \/>\n<meta property=\"og:image\" content=\"https:\/\/www.samenhaus.de\/gartenblog\/wp-content\/uploads\/2023\/01\/Von-Brachflaeche-zu-Garten_334552096-scaled.jpeg\" \/>\n\t<meta property=\"og:image:width\" content=\"2560\" \/>\n\t<meta property=\"og:image:height\" content=\"960\" \/>\n\t<meta property=\"og:image:type\" content=\"image\/jpeg\" \/>\n<meta name=\"author\" content=\"Sabine\" \/>\n<meta name=\"twitter:card\" content=\"summary_large_image\" \/>\n<meta name=\"twitter:creator\" content=\"@samenhaus\" \/>\n<meta name=\"twitter:site\" content=\"@samenhaus\" \/>\n<meta name=\"twitter:label1\" content=\"Verfasst von\" \/>\n\t<meta name=\"twitter:data1\" content=\"Sabine\" \/>\n\t<meta name=\"twitter:label2\" content=\"Gesch\u00e4tzte Lesezeit\" \/>\n\t<meta name=\"twitter:data2\" content=\"6\u00a0Minuten\" \/>\n<script type=\"application\/ld+json\" class=\"yoast-schema-graph\">{\"@context\":\"https:\\\/\\\/schema.org\",\"@graph\":[{\"@type\":\"Article\",\"@id\":\"https:\\\/\\\/www.samenhaus.de\\\/gartenblog\\\/von-der-brachflaeche-zum-ersten-eigenen-garten-die-schritt-fuer-schritt-anleitung#article\",\"isPartOf\":{\"@id\":\"https:\\\/\\\/www.samenhaus.de\\\/gartenblog\\\/von-der-brachflaeche-zum-ersten-eigenen-garten-die-schritt-fuer-schritt-anleitung\"},\"author\":{\"name\":\"Sabine\",\"@id\":\"https:\\\/\\\/www.samenhaus.de\\\/gartenblog\\\/#\\\/schema\\\/person\\\/e4c837ea32ec74c39497c1e69976fed5\"},\"headline\":\"Von der Brachfl\u00e4che zum ersten eigenen Garten: die Schritt-f\u00fcr-Schritt-Anleitung\",\"datePublished\":\"2023-01-20T09:00:30+00:00\",\"dateModified\":\"2023-08-16T07:05:14+00:00\",\"mainEntityOfPage\":{\"@id\":\"https:\\\/\\\/www.samenhaus.de\\\/gartenblog\\\/von-der-brachflaeche-zum-ersten-eigenen-garten-die-schritt-fuer-schritt-anleitung\"},\"wordCount\":1095,\"commentCount\":0,\"publisher\":{\"@id\":\"https:\\\/\\\/www.samenhaus.de\\\/gartenblog\\\/#organization\"},\"image\":{\"@id\":\"https:\\\/\\\/www.samenhaus.de\\\/gartenblog\\\/von-der-brachflaeche-zum-ersten-eigenen-garten-die-schritt-fuer-schritt-anleitung#primaryimage\"},\"thumbnailUrl\":\"https:\\\/\\\/www.samenhaus.de\\\/gartenblog\\\/wp-content\\\/uploads\\\/2023\\\/01\\\/Von-Brachflaeche-zu-Garten_334552096-scaled.jpeg\",\"inLanguage\":\"de\",\"potentialAction\":[{\"@type\":\"CommentAction\",\"name\":\"Comment\",\"target\":[\"https:\\\/\\\/www.samenhaus.de\\\/gartenblog\\\/von-der-brachflaeche-zum-ersten-eigenen-garten-die-schritt-fuer-schritt-anleitung#respond\"]}],\"copyrightYear\":\"2023\",\"copyrightHolder\":{\"@id\":\"https:\\\/\\\/www.samenhaus.de\\\/gartenblog\\\/#organization\"}},{\"@type\":\"WebPage\",\"@id\":\"https:\\\/\\\/www.samenhaus.de\\\/gartenblog\\\/von-der-brachflaeche-zum-ersten-eigenen-garten-die-schritt-fuer-schritt-anleitung\",\"url\":\"https:\\\/\\\/www.samenhaus.de\\\/gartenblog\\\/von-der-brachflaeche-zum-ersten-eigenen-garten-die-schritt-fuer-schritt-anleitung\",\"name\":\"Von der Brachfl\u00e4che zum ersten eigenen Garten: die Schritt-f\u00fcr-Schritt-Anleitung - Samenhaus Gartenblog\",\"isPartOf\":{\"@id\":\"https:\\\/\\\/www.samenhaus.de\\\/gartenblog\\\/#website\"},\"primaryImageOfPage\":{\"@id\":\"https:\\\/\\\/www.samenhaus.de\\\/gartenblog\\\/von-der-brachflaeche-zum-ersten-eigenen-garten-die-schritt-fuer-schritt-anleitung#primaryimage\"},\"image\":{\"@id\":\"https:\\\/\\\/www.samenhaus.de\\\/gartenblog\\\/von-der-brachflaeche-zum-ersten-eigenen-garten-die-schritt-fuer-schritt-anleitung#primaryimage\"},\"thumbnailUrl\":\"https:\\\/\\\/www.samenhaus.de\\\/gartenblog\\\/wp-content\\\/uploads\\\/2023\\\/01\\\/Von-Brachflaeche-zu-Garten_334552096-scaled.jpeg\",\"datePublished\":\"2023-01-20T09:00:30+00:00\",\"dateModified\":\"2023-08-16T07:05:14+00:00\",\"description\":\"Wer eine Brachfl\u00e4che bewirtschaften m\u00f6chte, muss einiges beachten. Welches Gem\u00fcse es in den Garten schafft, h\u00e4ngt von der Bodenqualit\u00e4t und dem Standort ab.\",\"breadcrumb\":{\"@id\":\"https:\\\/\\\/www.samenhaus.de\\\/gartenblog\\\/von-der-brachflaeche-zum-ersten-eigenen-garten-die-schritt-fuer-schritt-anleitung#breadcrumb\"},\"inLanguage\":\"de\",\"potentialAction\":[{\"@type\":\"ReadAction\",\"target\":[\"https:\\\/\\\/www.samenhaus.de\\\/gartenblog\\\/von-der-brachflaeche-zum-ersten-eigenen-garten-die-schritt-fuer-schritt-anleitung\"]}]},{\"@type\":\"ImageObject\",\"inLanguage\":\"de\",\"@id\":\"https:\\\/\\\/www.samenhaus.de\\\/gartenblog\\\/von-der-brachflaeche-zum-ersten-eigenen-garten-die-schritt-fuer-schritt-anleitung#primaryimage\",\"url\":\"https:\\\/\\\/www.samenhaus.de\\\/gartenblog\\\/wp-content\\\/uploads\\\/2023\\\/01\\\/Von-Brachflaeche-zu-Garten_334552096-scaled.jpeg\",\"contentUrl\":\"https:\\\/\\\/www.samenhaus.de\\\/gartenblog\\\/wp-content\\\/uploads\\\/2023\\\/01\\\/Von-Brachflaeche-zu-Garten_334552096-scaled.jpeg\",\"width\":2560,\"height\":960,\"caption\":\"Garten\"},{\"@type\":\"BreadcrumbList\",\"@id\":\"https:\\\/\\\/www.samenhaus.de\\\/gartenblog\\\/von-der-brachflaeche-zum-ersten-eigenen-garten-die-schritt-fuer-schritt-anleitung#breadcrumb\",\"itemListElement\":[{\"@type\":\"ListItem\",\"position\":1,\"name\":\"Startseite\",\"item\":\"https:\\\/\\\/www.samenhaus.de\\\/gartenblog\\\/\"},{\"@type\":\"ListItem\",\"position\":2,\"name\":\"Von der Brachfl\u00e4che zum ersten eigenen Garten: die Schritt-f\u00fcr-Schritt-Anleitung\"}]},{\"@type\":\"WebSite\",\"@id\":\"https:\\\/\\\/www.samenhaus.de\\\/gartenblog\\\/#website\",\"url\":\"https:\\\/\\\/www.samenhaus.de\\\/gartenblog\\\/\",\"name\":\"Samenhaus Gartenblog\",\"description\":\"\",\"publisher\":{\"@id\":\"https:\\\/\\\/www.samenhaus.de\\\/gartenblog\\\/#organization\"},\"potentialAction\":[{\"@type\":\"SearchAction\",\"target\":{\"@type\":\"EntryPoint\",\"urlTemplate\":\"https:\\\/\\\/www.samenhaus.de\\\/gartenblog\\\/?s={search_term_string}\"},\"query-input\":{\"@type\":\"PropertyValueSpecification\",\"valueRequired\":true,\"valueName\":\"search_term_string\"}}],\"inLanguage\":\"de\"},{\"@type\":\"Organization\",\"@id\":\"https:\\\/\\\/www.samenhaus.de\\\/gartenblog\\\/#organization\",\"name\":\"Samenhaus.de Gartenblog\",\"url\":\"https:\\\/\\\/www.samenhaus.de\\\/gartenblog\\\/\",\"logo\":{\"@type\":\"ImageObject\",\"inLanguage\":\"de\",\"@id\":\"https:\\\/\\\/www.samenhaus.de\\\/gartenblog\\\/#\\\/schema\\\/logo\\\/image\\\/\",\"url\":\"https:\\\/\\\/www.samenhaus.de\\\/gartenblog\\\/wp-content\\\/uploads\\\/2020\\\/11\\\/logo.svg\",\"contentUrl\":\"https:\\\/\\\/www.samenhaus.de\\\/gartenblog\\\/wp-content\\\/uploads\\\/2020\\\/11\\\/logo.svg\",\"width\":1,\"height\":1,\"caption\":\"Samenhaus.de Gartenblog\"},\"image\":{\"@id\":\"https:\\\/\\\/www.samenhaus.de\\\/gartenblog\\\/#\\\/schema\\\/logo\\\/image\\\/\"},\"sameAs\":[\"https:\\\/\\\/de-de.facebook.com\\\/samenhaus\",\"https:\\\/\\\/x.com\\\/samenhaus\"]},{\"@type\":\"Person\",\"@id\":\"https:\\\/\\\/www.samenhaus.de\\\/gartenblog\\\/#\\\/schema\\\/person\\\/e4c837ea32ec74c39497c1e69976fed5\",\"name\":\"Sabine\",\"image\":{\"@type\":\"ImageObject\",\"inLanguage\":\"de\",\"@id\":\"https:\\\/\\\/www.samenhaus.de\\\/gartenblog\\\/wp-content\\\/uploads\\\/2026\\\/03\\\/sabine-150x150.png\",\"url\":\"https:\\\/\\\/www.samenhaus.de\\\/gartenblog\\\/wp-content\\\/uploads\\\/2026\\\/03\\\/sabine-150x150.png\",\"contentUrl\":\"https:\\\/\\\/www.samenhaus.de\\\/gartenblog\\\/wp-content\\\/uploads\\\/2026\\\/03\\\/sabine-150x150.png\",\"caption\":\"Sabine\"},\"description\":\"Sabine schreibt am liebsten \u00fcber Themen rund um den Selbstversorgergarten. Ob Gem\u00fcseanbau, Obstgarten, H\u00fchnerhaltung oder Konservierung und Verarbeitung, sie hat jede Menge eigene Erfahrung beizusteuern. Sie liebt es, den Blick \u00fcber die ersten zarten Pflanzen des Jahres schweifen zu lassen oder die gewaltige Ernte im Sommer und Herbst zu b\u00e4ndigen.\",\"url\":\"https:\\\/\\\/www.samenhaus.de\\\/gartenblog\\\/author\\\/sabine\"}]}<\/script>\n<!-- \/ Yoast SEO plugin. -->","yoast_head_json":{"title":"Von der Brachfl\u00e4che zum ersten eigenen Garten: die Schritt-f\u00fcr-Schritt-Anleitung - Samenhaus Gartenblog","description":"Wer eine Brachfl\u00e4che bewirtschaften m\u00f6chte, muss einiges beachten. Welches Gem\u00fcse es in den Garten schafft, h\u00e4ngt von der Bodenqualit\u00e4t und dem Standort ab.","robots":{"index":"index","follow":"follow","max-snippet":"max-snippet:-1","max-image-preview":"max-image-preview:large","max-video-preview":"max-video-preview:-1"},"canonical":"https:\/\/www.samenhaus.de\/gartenblog\/von-der-brachflaeche-zum-ersten-eigenen-garten-die-schritt-fuer-schritt-anleitung","og_locale":"de_DE","og_type":"article","og_title":"Von der Brachfl\u00e4che zum ersten eigenen Garten: die Schritt-f\u00fcr-Schritt-Anleitung - Samenhaus Gartenblog","og_description":"Wer eine Brachfl\u00e4che bewirtschaften m\u00f6chte, muss einiges beachten. Welches Gem\u00fcse es in den Garten schafft, h\u00e4ngt von der Bodenqualit\u00e4t und dem Standort ab.","og_url":"https:\/\/www.samenhaus.de\/gartenblog\/von-der-brachflaeche-zum-ersten-eigenen-garten-die-schritt-fuer-schritt-anleitung","og_site_name":"Samenhaus Gartenblog","article_publisher":"https:\/\/de-de.facebook.com\/samenhaus","article_published_time":"2023-01-20T09:00:30+00:00","article_modified_time":"2023-08-16T07:05:14+00:00","og_image":[{"width":2560,"height":960,"url":"https:\/\/www.samenhaus.de\/gartenblog\/wp-content\/uploads\/2023\/01\/Von-Brachflaeche-zu-Garten_334552096-scaled.jpeg","type":"image\/jpeg"}],"author":"Sabine","twitter_card":"summary_large_image","twitter_creator":"@samenhaus","twitter_site":"@samenhaus","twitter_misc":{"Verfasst von":"Sabine","Gesch\u00e4tzte Lesezeit":"6\u00a0Minuten"},"schema":{"@context":"https:\/\/schema.org","@graph":[{"@type":"Article","@id":"https:\/\/www.samenhaus.de\/gartenblog\/von-der-brachflaeche-zum-ersten-eigenen-garten-die-schritt-fuer-schritt-anleitung#article","isPartOf":{"@id":"https:\/\/www.samenhaus.de\/gartenblog\/von-der-brachflaeche-zum-ersten-eigenen-garten-die-schritt-fuer-schritt-anleitung"},"author":{"name":"Sabine","@id":"https:\/\/www.samenhaus.de\/gartenblog\/#\/schema\/person\/e4c837ea32ec74c39497c1e69976fed5"},"headline":"Von der Brachfl\u00e4che zum ersten eigenen Garten: die Schritt-f\u00fcr-Schritt-Anleitung","datePublished":"2023-01-20T09:00:30+00:00","dateModified":"2023-08-16T07:05:14+00:00","mainEntityOfPage":{"@id":"https:\/\/www.samenhaus.de\/gartenblog\/von-der-brachflaeche-zum-ersten-eigenen-garten-die-schritt-fuer-schritt-anleitung"},"wordCount":1095,"commentCount":0,"publisher":{"@id":"https:\/\/www.samenhaus.de\/gartenblog\/#organization"},"image":{"@id":"https:\/\/www.samenhaus.de\/gartenblog\/von-der-brachflaeche-zum-ersten-eigenen-garten-die-schritt-fuer-schritt-anleitung#primaryimage"},"thumbnailUrl":"https:\/\/www.samenhaus.de\/gartenblog\/wp-content\/uploads\/2023\/01\/Von-Brachflaeche-zu-Garten_334552096-scaled.jpeg","inLanguage":"de","potentialAction":[{"@type":"CommentAction","name":"Comment","target":["https:\/\/www.samenhaus.de\/gartenblog\/von-der-brachflaeche-zum-ersten-eigenen-garten-die-schritt-fuer-schritt-anleitung#respond"]}],"copyrightYear":"2023","copyrightHolder":{"@id":"https:\/\/www.samenhaus.de\/gartenblog\/#organization"}},{"@type":"WebPage","@id":"https:\/\/www.samenhaus.de\/gartenblog\/von-der-brachflaeche-zum-ersten-eigenen-garten-die-schritt-fuer-schritt-anleitung","url":"https:\/\/www.samenhaus.de\/gartenblog\/von-der-brachflaeche-zum-ersten-eigenen-garten-die-schritt-fuer-schritt-anleitung","name":"Von der Brachfl\u00e4che zum ersten eigenen Garten: die Schritt-f\u00fcr-Schritt-Anleitung - Samenhaus Gartenblog","isPartOf":{"@id":"https:\/\/www.samenhaus.de\/gartenblog\/#website"},"primaryImageOfPage":{"@id":"https:\/\/www.samenhaus.de\/gartenblog\/von-der-brachflaeche-zum-ersten-eigenen-garten-die-schritt-fuer-schritt-anleitung#primaryimage"},"image":{"@id":"https:\/\/www.samenhaus.de\/gartenblog\/von-der-brachflaeche-zum-ersten-eigenen-garten-die-schritt-fuer-schritt-anleitung#primaryimage"},"thumbnailUrl":"https:\/\/www.samenhaus.de\/gartenblog\/wp-content\/uploads\/2023\/01\/Von-Brachflaeche-zu-Garten_334552096-scaled.jpeg","datePublished":"2023-01-20T09:00:30+00:00","dateModified":"2023-08-16T07:05:14+00:00","description":"Wer eine Brachfl\u00e4che bewirtschaften m\u00f6chte, muss einiges beachten. Welches Gem\u00fcse es in den Garten schafft, h\u00e4ngt von der Bodenqualit\u00e4t und dem Standort ab.","breadcrumb":{"@id":"https:\/\/www.samenhaus.de\/gartenblog\/von-der-brachflaeche-zum-ersten-eigenen-garten-die-schritt-fuer-schritt-anleitung#breadcrumb"},"inLanguage":"de","potentialAction":[{"@type":"ReadAction","target":["https:\/\/www.samenhaus.de\/gartenblog\/von-der-brachflaeche-zum-ersten-eigenen-garten-die-schritt-fuer-schritt-anleitung"]}]},{"@type":"ImageObject","inLanguage":"de","@id":"https:\/\/www.samenhaus.de\/gartenblog\/von-der-brachflaeche-zum-ersten-eigenen-garten-die-schritt-fuer-schritt-anleitung#primaryimage","url":"https:\/\/www.samenhaus.de\/gartenblog\/wp-content\/uploads\/2023\/01\/Von-Brachflaeche-zu-Garten_334552096-scaled.jpeg","contentUrl":"https:\/\/www.samenhaus.de\/gartenblog\/wp-content\/uploads\/2023\/01\/Von-Brachflaeche-zu-Garten_334552096-scaled.jpeg","width":2560,"height":960,"caption":"Garten"},{"@type":"BreadcrumbList","@id":"https:\/\/www.samenhaus.de\/gartenblog\/von-der-brachflaeche-zum-ersten-eigenen-garten-die-schritt-fuer-schritt-anleitung#breadcrumb","itemListElement":[{"@type":"ListItem","position":1,"name":"Startseite","item":"https:\/\/www.samenhaus.de\/gartenblog\/"},{"@type":"ListItem","position":2,"name":"Von der Brachfl\u00e4che zum ersten eigenen Garten: die Schritt-f\u00fcr-Schritt-Anleitung"}]},{"@type":"WebSite","@id":"https:\/\/www.samenhaus.de\/gartenblog\/#website","url":"https:\/\/www.samenhaus.de\/gartenblog\/","name":"Samenhaus Gartenblog","description":"","publisher":{"@id":"https:\/\/www.samenhaus.de\/gartenblog\/#organization"},"potentialAction":[{"@type":"SearchAction","target":{"@type":"EntryPoint","urlTemplate":"https:\/\/www.samenhaus.de\/gartenblog\/?s={search_term_string}"},"query-input":{"@type":"PropertyValueSpecification","valueRequired":true,"valueName":"search_term_string"}}],"inLanguage":"de"},{"@type":"Organization","@id":"https:\/\/www.samenhaus.de\/gartenblog\/#organization","name":"Samenhaus.de Gartenblog","url":"https:\/\/www.samenhaus.de\/gartenblog\/","logo":{"@type":"ImageObject","inLanguage":"de","@id":"https:\/\/www.samenhaus.de\/gartenblog\/#\/schema\/logo\/image\/","url":"https:\/\/www.samenhaus.de\/gartenblog\/wp-content\/uploads\/2020\/11\/logo.svg","contentUrl":"https:\/\/www.samenhaus.de\/gartenblog\/wp-content\/uploads\/2020\/11\/logo.svg","width":1,"height":1,"caption":"Samenhaus.de Gartenblog"},"image":{"@id":"https:\/\/www.samenhaus.de\/gartenblog\/#\/schema\/logo\/image\/"},"sameAs":["https:\/\/de-de.facebook.com\/samenhaus","https:\/\/x.com\/samenhaus"]},{"@type":"Person","@id":"https:\/\/www.samenhaus.de\/gartenblog\/#\/schema\/person\/e4c837ea32ec74c39497c1e69976fed5","name":"Sabine","image":{"@type":"ImageObject","inLanguage":"de","@id":"https:\/\/www.samenhaus.de\/gartenblog\/wp-content\/uploads\/2026\/03\/sabine-150x150.png","url":"https:\/\/www.samenhaus.de\/gartenblog\/wp-content\/uploads\/2026\/03\/sabine-150x150.png","contentUrl":"https:\/\/www.samenhaus.de\/gartenblog\/wp-content\/uploads\/2026\/03\/sabine-150x150.png","caption":"Sabine"},"description":"Sabine schreibt am liebsten \u00fcber Themen rund um den Selbstversorgergarten. Ob Gem\u00fcseanbau, Obstgarten, H\u00fchnerhaltung oder Konservierung und Verarbeitung, sie hat jede Menge eigene Erfahrung beizusteuern. Sie liebt es, den Blick \u00fcber die ersten zarten Pflanzen des Jahres schweifen zu lassen oder die gewaltige Ernte im Sommer und Herbst zu b\u00e4ndigen.","url":"https:\/\/www.samenhaus.de\/gartenblog\/author\/sabine"}]}},"wp-worthy-pixel":{"ignored":false,"public":"63da835fc28f4b418f26ae1c09ca81ff","server":"vg04.met.vgwort.de","url":"https:\/\/vg04.met.vgwort.de\/na\/63da835fc28f4b418f26ae1c09ca81ff"},"wp-worthy-type":"normal","_links":{"self":[{"href":"https:\/\/www.samenhaus.de\/gartenblog\/wp-json\/wp\/v2\/posts\/7680","targetHints":{"allow":["GET"]}}],"collection":[{"href":"https:\/\/www.samenhaus.de\/gartenblog\/wp-json\/wp\/v2\/posts"}],"about":[{"href":"https:\/\/www.samenhaus.de\/gartenblog\/wp-json\/wp\/v2\/types\/post"}],"author":[{"embeddable":true,"href":"https:\/\/www.samenhaus.de\/gartenblog\/wp-json\/wp\/v2\/users\/11"}],"replies":[{"embeddable":true,"href":"https:\/\/www.samenhaus.de\/gartenblog\/wp-json\/wp\/v2\/comments?post=7680"}],"version-history":[{"count":6,"href":"https:\/\/www.samenhaus.de\/gartenblog\/wp-json\/wp\/v2\/posts\/7680\/revisions"}],"predecessor-version":[{"id":13062,"href":"https:\/\/www.samenhaus.de\/gartenblog\/wp-json\/wp\/v2\/posts\/7680\/revisions\/13062"}],"wp:featuredmedia":[{"embeddable":true,"href":"https:\/\/www.samenhaus.de\/gartenblog\/wp-json\/wp\/v2\/media\/8765"}],"wp:attachment":[{"href":"https:\/\/www.samenhaus.de\/gartenblog\/wp-json\/wp\/v2\/media?parent=7680"}],"wp:term":[{"taxonomy":"category","embeddable":true,"href":"https:\/\/www.samenhaus.de\/gartenblog\/wp-json\/wp\/v2\/categories?post=7680"},{"taxonomy":"post_tag","embeddable":true,"href":"https:\/\/www.samenhaus.de\/gartenblog\/wp-json\/wp\/v2\/tags?post=7680"},{"taxonomy":"hersteller","embeddable":true,"href":"https:\/\/www.samenhaus.de\/gartenblog\/wp-json\/wp\/v2\/hersteller?post=7680"}],"curies":[{"name":"wp","href":"https:\/\/api.w.org\/{rel}","templated":true}]}}