{"id":7701,"date":"2023-01-18T09:00:42","date_gmt":"2023-01-18T09:00:42","guid":{"rendered":"https:\/\/www.samenhaus.de\/gartenblog\/?p=7701"},"modified":"2023-08-31T05:14:23","modified_gmt":"2023-08-31T05:14:23","slug":"der-erste-eigene-garten-wie-starte-ich","status":"publish","type":"post","link":"https:\/\/www.samenhaus.de\/gartenblog\/der-erste-eigene-garten-wie-starte-ich","title":{"rendered":"Der erste eigene Garten &#8211; wie starte ich?"},"content":{"rendered":"<p>Haben Sie ein Gartengrundst\u00fcck oder ein Haus mit Grundst\u00fcck erworben und m\u00f6chten Ihren ersten eigenen Garten anlegen, ist eine gute Vorbereitung erforderlich. \u00dcberlegen Sie, was Sie anbauen m\u00f6chten, und w\u00e4hlen Sie den richtigen Standort aus. Dieser Beitrag zeigt Ihnen die wichtigsten \u00dcberlegungen und Schritte f\u00fcr den ersten eigenen Garten.<\/p>\n<h2 class=\"western\"><span class=\"ez-toc-section\" id=\"Koennen_Sie_sich_einen_Garten_leisten_Rechte_Pflichten_und_Budget\"><\/span>K\u00f6nnen Sie sich einen Garten leisten? Rechte, Pflichten und Budget<span class=\"ez-toc-section-end\"><\/span><\/h2>\n<p><img loading=\"lazy\" decoding=\"async\" class=\"size-medium wp-image-8751 alignright\" src=\"https:\/\/www.samenhaus.de\/gartenblog\/wp-content\/uploads\/2023\/01\/Der-erste-eigene-Garten_506760206-300x157.jpeg\" alt=\"Rechte und Pflichten\" width=\"300\" height=\"157\" \/>Bevor Sie an die Planung Ihres Gartens gehen, sollten Sie sich \u00fcber die Rechte und Pflichten bewusst werden, die Sie als Gartenbesitzer haben. Erkundigen Sie sich, was Sie in Ihrer Region anbauen d\u00fcrfen und ob eventuell Pflanzen verboten sind. Informieren Sie sich auch, welche Abst\u00e4nde zum Nachbargrundst\u00fcck eingehalten werden m\u00fcssen, wenn Sie ein Gartenhaus oder einen Ger\u00e4teschuppen aufstellen oder B\u00e4ume pflanzen.<\/p>\n<p>Ein Garten ist mit Arbeit verbunden, denn er muss gepflegt und bew\u00e4ssert werden. \u00dcberlegen Sie, wie viel Zeit Sie in jeder Woche in den Garten investieren k\u00f6nnen. Sie brauchen verschiedene Dinge, um mit dem Garten zu starten, die Sie finanzieren m\u00fcssen:<\/p>\n<ul>\n<li>Material f\u00fcr Wege, Sitzbereiche, Einfriedungen usw.<\/li>\n<li>eventuell Beleuchtung und Bew\u00e4sserung, wenn noch nicht vorhanden<\/li>\n<li>Gartenger\u00e4te, eventuell auch Ger\u00e4te mit Akkubetrieb wie Rasenm\u00e4her, Motorhacke usw.<\/li>\n<li>Saatgut und Pflanzen.<\/li>\n<\/ul>\n<p>Sie k\u00f6nnen Gartenger\u00e4te eventuell auch gebraucht kaufen oder beim Nachbarn ausleihen, um zu sparen. Auch die Pflanzen haben ihren Preis. Saatgut und Gem\u00fcse-Jungpflanzen kosten nicht viel. Teurer wird es, wenn Sie Obstb\u00e4ume oder Ziergeh\u00f6lze pflanzen m\u00f6chten. Denken Sie auch an die Betriebskosten, denn Sie m\u00fcssen Wasser, Strom, Pflanzerde, Hornsp\u00e4ne und Gem\u00fcsed\u00fcnger bezahlen. \u00dcberlegen Sie, welches Budget Ihnen in jedem Monat f\u00fcr Ihren Garten zur Verf\u00fcgung steht.<\/p>\n<h2 class=\"western\"><span class=\"ez-toc-section\" id=\"Wie_soll_der_Garten_aussehen_Gedanken_zur_Gestaltung_und_zum_Anbau\"><\/span>Wie soll der Garten aussehen? Gedanken zur Gestaltung und zum Anbau<span class=\"ez-toc-section-end\"><\/span><\/h2>\n<p>Bevor Sie sich f\u00fcr Standort und die eigentliche Gr\u00f6\u00dfe Ihrer Anbaufl\u00e4che entscheiden, \u00fcberlegen Sie, wie Ihr Garten aussehen soll und was Sie eigentlich anbauen m\u00f6chten. Geht es Ihnen in erster Linie darum, Selbstversorger zu sein, legen Sie einen einfachen Gem\u00fcsegarten an, den Sie auch sukzessive vergr\u00f6\u00dfern k\u00f6nnen, wenn es der vorhandene Platz erlaubt. In einem Bauerngarten kombinieren Sie Nutzpflanzen mit Blumen.<\/p>\n<p>Ein Naturgarten ist pflegeleicht und ber\u00fccksichtigt die \u00f6kologischen Aspekte. Die naturnahe Gestaltung erlaubt den Anbau von heimischen Blumen, die gerne auch bienenfreundliche Wildblumen sein k\u00f6nnen, beispielsweise Natternkopf oder Wiesensalbei. Kr\u00e4uter und Gem\u00fcsepflanzen lassen sich gut in den Naturgarten integrieren.<\/p>\n<p>Ist nur wenig Platz vorhanden, eignet sich ein Topfgarten, den Sie auch auf dem Balkon oder der Terrasse anlegen k\u00f6nnen. F\u00fcr den Topfgarten w\u00e4hlen Sie platzsparende Obstb\u00e4ume wie S\u00e4ulenobst, eigens f\u00fcr geringen Platz gez\u00fcchtete Ampelpflanzen, Kr\u00e4uter und bienenfreundliche Zierpflanzen.<\/p>\n<h2 class=\"western\"><span class=\"ez-toc-section\" id=\"Wahl_des_geeigneten_Standorts_abhaengig_von_den_Beduerfnissen_der_Pflanzen\"><\/span>Wahl des geeigneten Standorts: abh\u00e4ngig von den Bed\u00fcrfnissen der Pflanzen<span class=\"ez-toc-section-end\"><\/span><\/h2>\n<p><img loading=\"lazy\" decoding=\"async\" class=\"size-medium wp-image-8748 alignright\" src=\"https:\/\/www.samenhaus.de\/gartenblog\/wp-content\/uploads\/2023\/01\/Der-erste-eigene-Garten_246208498-300x200.jpeg\" alt=\"sonniger Standort\" width=\"300\" height=\"200\" srcset=\"https:\/\/www.samenhaus.de\/gartenblog\/wp-content\/uploads\/2023\/01\/Der-erste-eigene-Garten_246208498-300x200.jpeg 300w, https:\/\/www.samenhaus.de\/gartenblog\/wp-content\/uploads\/2023\/01\/Der-erste-eigene-Garten_246208498-2048x1365.jpeg 2048w, https:\/\/www.samenhaus.de\/gartenblog\/wp-content\/uploads\/2023\/01\/Der-erste-eigene-Garten_246208498-600x400.jpeg 600w, https:\/\/www.samenhaus.de\/gartenblog\/wp-content\/uploads\/2023\/01\/Der-erste-eigene-Garten_246208498-768x512.jpeg 768w, https:\/\/www.samenhaus.de\/gartenblog\/wp-content\/uploads\/2023\/01\/Der-erste-eigene-Garten_246208498-1024x683.jpeg 1024w, https:\/\/www.samenhaus.de\/gartenblog\/wp-content\/uploads\/2023\/01\/Der-erste-eigene-Garten_246208498-1536x1024.jpeg 1536w\" sizes=\"auto, (max-width: 300px) 100vw, 300px\" \/>Nicht \u00fcberall erlaubt es der Platz, dass Sie Ihren Garten dort anlegen k\u00f6nnen, wo es Ihnen beliebt. Achten Sie jedoch darauf, dass der Standort sonnig und m\u00f6glichst windgesch\u00fctzt ist. Auch f\u00fcr den Halbschatten sind verschiedene Gem\u00fcsesorten und Blumen geeignet. Ein Schattengarten schr\u00e4nkt die Auswahl an Pflanzen stark ein. \u00dcberlegen Sie, was Sie anbauen m\u00f6chten, und informieren Sie sich \u00fcber die Anspr\u00fcche der Pflanzen an Standort und Boden. L\u00e4sst es der Platz zu, legen Sie Ihren Garten dort an, wo die besten Bedingungen herrschen.<\/p>\n<p><strong>Tipp:<\/strong> Lassen Sie eine Bodenanalyse im Labor vornehmen, bevor Sie den Garten anlegen. Nehmen Sie Bodenproben von verschiedenen Stellen im Garten, die Sie ins Labor geben. Die Bodenanalyse informiert \u00fcber Beschaffenheit sowie pH-Wert des Bodens und zeigt Ihnen, was der Boden noch braucht.<\/p>\n<h2 class=\"western\"><span class=\"ez-toc-section\" id=\"Groesse_des_Gartens_abhaengig_von_der_verfuegbaren_Zeit_und_vom_persoenlichen_Bedarf\"><\/span>Gr\u00f6\u00dfe des Gartens: abh\u00e4ngig von der verf\u00fcgbaren Zeit und vom pers\u00f6nlichen Bedarf<span class=\"ez-toc-section-end\"><\/span><\/h2>\n<p>M\u00f6chten Sie einen Gem\u00fcsegarten anlegen, \u00fcberlegen Sie zuerst, was Sie eigentlich brauchen, um sich selbst zu versorgen. Soll der Garten Sie komplett mit Obst und Gem\u00fcse versorgen oder m\u00f6chten Sie nur bestimmte Sorten anbauen? Im ersten Jahr sollten Sie Ihren Garten eher zu klein als zu gro\u00df anlegen, damit Sie nicht den \u00dcberblick verlieren.<\/p>\n<p>\u00dcberlegen Sie, was Sie anbauen m\u00f6chten, und beschr\u00e4nken Sie sich im ersten Jahr auf ungef\u00e4hr zehn Quadratmeter. Kommen Sie mit der Pflege gut zurecht und haben Sie Zeit, auch eine etwas gr\u00f6\u00dfere Fl\u00e4che zu bewirtschaften, vergr\u00f6\u00dfern Sie im n\u00e4chsten Jahr die Anbaufl\u00e4che. Auch f\u00fcr einen Ziergarten sollten Sie die Fl\u00e4che im ersten Jahr nicht zu gro\u00df w\u00e4hlen. Denken Sie daran, dass auch Rasen Pflege braucht. Er muss vor allem in der warmen Jahreszeit regelm\u00e4\u00dfig bew\u00e4ssert und gem\u00e4ht werden.<\/p>\n<h2 class=\"western\"><span class=\"ez-toc-section\" id=\"Was_moechten_Sie_anbauen_pflegeleichte_Pflanzen_sowie_Nutzpflanzen_die_Ihnen_schmecken\"><\/span>Was m\u00f6chten Sie anbauen: pflegeleichte Pflanzen sowie Nutzpflanzen, die Ihnen schmecken<span class=\"ez-toc-section-end\"><\/span><\/h2>\n<p><img loading=\"lazy\" decoding=\"async\" class=\"size-medium wp-image-8750 alignright\" src=\"https:\/\/www.samenhaus.de\/gartenblog\/wp-content\/uploads\/2023\/01\/Der-erste-eigene-Garten_488663736-300x200.jpeg\" alt=\"Pflegeleichte Blumen\" width=\"300\" height=\"200\" srcset=\"https:\/\/www.samenhaus.de\/gartenblog\/wp-content\/uploads\/2023\/01\/Der-erste-eigene-Garten_488663736-300x200.jpeg 300w, https:\/\/www.samenhaus.de\/gartenblog\/wp-content\/uploads\/2023\/01\/Der-erste-eigene-Garten_488663736-600x400.jpeg 600w, https:\/\/www.samenhaus.de\/gartenblog\/wp-content\/uploads\/2023\/01\/Der-erste-eigene-Garten_488663736-1024x683.jpeg 1024w, https:\/\/www.samenhaus.de\/gartenblog\/wp-content\/uploads\/2023\/01\/Der-erste-eigene-Garten_488663736-768x513.jpeg 768w, https:\/\/www.samenhaus.de\/gartenblog\/wp-content\/uploads\/2023\/01\/Der-erste-eigene-Garten_488663736-1536x1025.jpeg 1536w, https:\/\/www.samenhaus.de\/gartenblog\/wp-content\/uploads\/2023\/01\/Der-erste-eigene-Garten_488663736-2048x1367.jpeg 2048w\" sizes=\"auto, (max-width: 300px) 100vw, 300px\" \/>Sind Sie noch Anf\u00e4nger im Garten, entscheiden Sie sich f\u00fcr Pflanzen, die mit wenig Pflege auskommen und keine hohen Anspr\u00fcche stellen. Im Ziergarten sind verschiedene winterharte Stauden geeignet, die resistent gegen Krankheiten sind und auch mit n\u00e4hrstoffarmen B\u00f6den auskommen, beispielsweise:<\/p>\n<ul>\n<li>Funkien<\/li>\n<li>Schwertlilien<\/li>\n<li>Taglilien<\/li>\n<li>Kugeldistel<\/li>\n<li>Lavendel<\/li>\n<li>Fetthenne<\/li>\n<\/ul>\n<p>Achten Sie aber darauf, dass sich einige Sorten, beispielsweise Funkien, stark vermehren k\u00f6nnen. Lavendel verholzt mit der Zeit, breitet sich stark aus und braucht hin und wieder einen R\u00fcckschnitt.<\/p>\n<p>Im Gem\u00fcsegarten werden Sie im ersten Jahr wahrscheinlich noch kein Gew\u00e4chshaus errichten. Allerdings k\u00f6nnen Sie ein kleines Tomatengew\u00e4chshaus aus Folie aufstellen, wenn Sie schon im ersten Jahr Tomaten anbauen m\u00f6chten. Freilandgurken kommen auch mit wenig Pflege aus. Gut geeignet sind au\u00dferdem:<\/p>\n<ul>\n<li>Bohnen<\/li>\n<li>Kohlrabi<\/li>\n<li>Gr\u00fcnkohl<\/li>\n<li>M\u00f6hren<\/li>\n<li>Zwiebeln<\/li>\n<li>Rote Bete<\/li>\n<li>Mangold<\/li>\n<li>Zucchini<\/li>\n<\/ul>\n<p>Nat\u00fcrlich entscheiden Sie sich f\u00fcr Gem\u00fcsepflanzen, die Sie m\u00f6gen. Auch Erdbeeren, Himbeeren und Brombeeren eignen sich f\u00fcr Anf\u00e4nger. Achten Sie bei Himbeeren und Brombeeren jedoch auf den erforderlichen Pflanzabstand und auf einen regelm\u00e4\u00dfigen R\u00fcckschnitt.<\/p>\n<h2 class=\"western\"><span class=\"ez-toc-section\" id=\"Erstellen_Sie_einen_Gartenplan_Ideen_fuer_die_Gestaltung\"><\/span>Erstellen Sie einen Gartenplan: Ideen f\u00fcr die Gestaltung<span class=\"ez-toc-section-end\"><\/span><\/h2>\n<p>Egal, ob Sie nur einen Gem\u00fcsegarten anlegen m\u00f6chten, sich einen Natur- oder Bauerngarten w\u00fcnschen oder einen Gem\u00fcsegarten mit einem Ziergarten kombinieren m\u00f6chten, Sie ben\u00f6tigen einen Plan. \u00dcberlegen Sie, wie gro\u00df Ihre Beete sein sollen. Bei Gem\u00fcsebeeten denken Sie immer daran, dass Sie beim Pflanzen, Unkraut j\u00e4ten und Ernten alles bequem erreichen. Achten Sie auf Dinge, die Sie in den Garten integrieren, und w\u00e4hlen Sie daf\u00fcr den geeigneten Standort:<\/p>\n<ul>\n<li>Sitzbereich, nicht in der prallen Sonne, aber auch nicht im Schatten<\/li>\n<li>Gew\u00e4chshaus, m\u00f6glichst Ost-West-Ausrichtung<\/li>\n<li>Ger\u00e4teschuppen, m\u00f6glichst an einem leicht erreichbaren Platz, um lange Wege zu sparen<\/li>\n<li>Kompost, an einem halbschattigen, windgesch\u00fctzten Platz<\/li>\n<li>Kr\u00e4uterbeet, m\u00f6glichst im Halbschatten<\/li>\n<li>Bew\u00e4sserung, m\u00f6glichst mit mehreren Entnahmestellen, um lange Wege zu sparen.<\/li>\n<\/ul>\n<p>Haben Sie das alles ber\u00fccksichtigt, erstellen Sie einen Plan. Daf\u00fcr finden Sie im Internet Programme, die Ihnen die Planung erleichtern. Spielen Sie mehrere M\u00f6glichkeiten durch, um den besten Plan zu finden, den Sie dann umsetzen.<\/p>\n<h3 class=\"western\"><span class=\"ez-toc-section\" id=\"Kleiner_Gemuesegarten_Nutzen_Sie_den_Platz_sinnvoll_aus\"><\/span>Kleiner Gem\u00fcsegarten: Nutzen Sie den Platz sinnvoll aus<span class=\"ez-toc-section-end\"><\/span><\/h3>\n<p>Haben Sie nur eine kleine Fl\u00e4che f\u00fcr einen Gem\u00fcsegarten zur Verf\u00fcgung, geht es darum, den vorhandenen Platz sinnvoll auszunutzen. Entscheiden Sie sich f\u00fcr ertragreiche Sorten und lassen Sie keine Beete leer stehen. Haben Sie im Sommer ein Beet abgeerntet, informieren Sie sich, was noch als Nachfrucht geeignet ist. Gr\u00fcnkohl k\u00f6nnen Sie beispielsweise schon im August pflanzen. Er ist ein perfektes Wintergem\u00fcse, genau wie Schwarzwurzeln. Mit terrassenf\u00f6rmig angelegten Beeten oder einer Kr\u00e4uterschnecke nutzen Sie auch kleine Bereiche aus.<\/p>\n<h3 class=\"western\"><span class=\"ez-toc-section\" id=\"Anbauplan_fuer_das_Gemuese_auf_Mischkultur_achten\"><\/span>Anbauplan f\u00fcr das Gem\u00fcse: auf Mischkultur achten<span class=\"ez-toc-section-end\"><\/span><\/h3>\n<p>Haben Sie entschieden, welche Gem\u00fcsesorten Sie in Ihrem Garten anbauen m\u00f6chten, erstellen Sie einen Anbauplan. Achten Sie auf gute Nachbarn im Beet. Heben Sie Ihren Anbauplan gut auf, um ihn als Grundlage f\u00fcr die Planung in den kommenden Jahren zu nutzen. Er ist wichtig, um die geeignete Nachfrucht zu finden. Dort, wo eine bestimmte Gem\u00fcsesorte gestanden hat, darf sie oft im n\u00e4chsten Jahr oder in den kommenden Jahren nicht mehr angebaut werden, da sonst die Bildung von Krankheiten oder der Befall mit Sch\u00e4dlingen gef\u00f6rdert werden. Der Anbauplan erleichtert Ihnen die Wahl des richtigen Standorts in den k\u00fcnftigen Jahren.<\/p>\n<h2 class=\"western\"><span class=\"ez-toc-section\" id=\"Die_Vorbereitung_des_Bodens_urbar_machen_und_kompostieren\"><\/span>Die Vorbereitung des Bodens: urbar machen und kompostieren<span class=\"ez-toc-section-end\"><\/span><\/h2>\n<p><img loading=\"lazy\" decoding=\"async\" class=\"size-medium wp-image-8749 alignright\" src=\"https:\/\/www.samenhaus.de\/gartenblog\/wp-content\/uploads\/2023\/01\/Der-erste-eigene-Garten_464321914-300x200.jpeg\" alt=\"Boden vorbereiten\" width=\"300\" height=\"200\" srcset=\"https:\/\/www.samenhaus.de\/gartenblog\/wp-content\/uploads\/2023\/01\/Der-erste-eigene-Garten_464321914-300x200.jpeg 300w, https:\/\/www.samenhaus.de\/gartenblog\/wp-content\/uploads\/2023\/01\/Der-erste-eigene-Garten_464321914-2048x1363.jpeg 2048w, https:\/\/www.samenhaus.de\/gartenblog\/wp-content\/uploads\/2023\/01\/Der-erste-eigene-Garten_464321914-600x399.jpeg 600w, https:\/\/www.samenhaus.de\/gartenblog\/wp-content\/uploads\/2023\/01\/Der-erste-eigene-Garten_464321914-768x511.jpeg 768w, https:\/\/www.samenhaus.de\/gartenblog\/wp-content\/uploads\/2023\/01\/Der-erste-eigene-Garten_464321914-1024x681.jpeg 1024w, https:\/\/www.samenhaus.de\/gartenblog\/wp-content\/uploads\/2023\/01\/Der-erste-eigene-Garten_464321914-1536x1022.jpeg 1536w\" sizes=\"auto, (max-width: 300px) 100vw, 300px\" \/>Bevor Sie daran gehen, Ihren Garten zu bepflanzen, m\u00fcssen Sie den Boden gut vorbereiten. Befreien Sie ihn von Unkraut und anderem unerw\u00fcnschten Bewuchs, Wurzeln und Steinen. Informieren Sie sich \u00fcber die Anspr\u00fcche der Pflanzen an den Boden und bereiten Sie ihn vor. Mitunter m\u00fcssen Sie Humus einarbeiten, um den Boden durchl\u00e4ssiger zu machen.<\/p>\n<p>Die meisten Pflanzen lieben gut verrotteten Kompost, doch ist er f\u00fcr einige Pflanzen nicht geeignet. Stallmist ist f\u00fcr Starkzehrer wie Kohl sinnvoll, doch f\u00fcr viele andere Pflanzen wie Zwiebeln ist er tabu. Kompost bringen Sie am besten im Herbst aus. Zus\u00e4tzlich k\u00f6nnen Sie den Boden ungef\u00e4hr zwei Wochen, bevor Sie das Gem\u00fcse in die Erde bringen, mit Kompost anreichen. Stallmist sollte ungef\u00e4hr zwei Wochen vor der Bestellung des Bodens eingebracht werden.<\/p>\n<p><strong>Tipp:<\/strong> Verzichten Sie auf Torf zur Bodenverbesserung, denn er wird aus Mooren gewonnen, die ein wertvoller Lebensraum f\u00fcr viele Tiere und Pflanzen sind.<\/p>\n<h2 class=\"western\"><span class=\"ez-toc-section\" id=\"Richtiger_Zeitpunkt_fuer_Aussaat_Pflanzung_und_Ernte_Holen_Sie_sich_den_Gartenkalender\"><\/span>Richtiger Zeitpunkt f\u00fcr Aussaat, Pflanzung und Ernte: Holen Sie sich den Gartenkalender<span class=\"ez-toc-section-end\"><\/span><\/h2>\n<p>Um bereits im ersten Jahr erfolgreich zu g\u00e4rtnern, verwenden Sie unseren Gartenkalender. Er informiert dar\u00fcber, wann die verschiedenen Gem\u00fcsesorten ausges\u00e4t oder ins Freiland gepflanzt werden k\u00f6nnen. Sie erfahren auch, wann der richtige Zeitpunkt f\u00fcr die Ernte ist. Obstb\u00e4ume pflanzen Sie am besten im Herbst, doch ist auch die Pflanzung im Fr\u00fchjahr noch m\u00f6glich.<\/p>\n","protected":false},"excerpt":{"rendered":"<p>Haben Sie ein Gartengrundst\u00fcck oder ein Haus mit Grundst\u00fcck erworben und m\u00f6chten Ihren ersten eigenen Garten anlegen, ist eine gute Vorbereitung erforderlich. \u00dcberlegen Sie, was Sie anbauen m\u00f6chten, und w\u00e4hlen Sie den richtigen Standort aus. Dieser Beitrag zeigt Ihnen die wichtigsten \u00dcberlegungen und Schritte f\u00fcr den ersten eigenen Garten. K\u00f6nnen Sie sich einen Garten leisten? Rechte, Pflichten und Budget Bevor Sie an die Planung Ihres Gartens gehen, sollten Sie sich \u00fcber die Rechte und Pflichten bewusst werden, die Sie als Gartenbesitzer haben. Erkundigen Sie sich, was Sie in Ihrer Region anbauen d\u00fcrfen und ob eventuell Pflanzen verboten sind. Informieren Sie sich auch, welche Abst\u00e4nde zum Nachbargrundst\u00fcck eingehalten werden m\u00fcssen, wenn Sie ein Gartenhaus oder einen Ger\u00e4teschuppen aufstellen oder B\u00e4ume pflanzen. Ein Garten ist mit Arbeit verbunden, denn er muss gepflegt und bew\u00e4ssert werden. \u00dcberlegen Sie, wie viel Zeit Sie in jeder Woche in den Garten investieren k\u00f6nnen. Sie brauchen verschiedene Dinge, um mit dem Garten zu starten, die Sie finanzieren m\u00fcssen: Material f\u00fcr Wege, Sitzbereiche, Einfriedungen usw. eventuell Beleuchtung und Bew\u00e4sserung, wenn noch nicht vorhanden Gartenger\u00e4te, eventuell auch Ger\u00e4te mit Akkubetrieb wie Rasenm\u00e4her, Motorhacke usw. Saatgut und Pflanzen. Sie k\u00f6nnen Gartenger\u00e4te eventuell auch gebraucht kaufen oder beim Nachbarn ausleihen, um [&hellip;]<\/p>\n","protected":false},"author":11,"featured_media":8752,"comment_status":"open","ping_status":"open","sticky":false,"template":"","format":"standard","meta":{"_acf_changed":false,"footnotes":""},"categories":[1],"tags":[],"hersteller":[],"class_list":["post-7701","post","type-post","status-publish","format-standard","has-post-thumbnail","hentry","category-allgemein"],"acf":[],"yoast_head":"<!-- This site is optimized with the Yoast SEO plugin v27.4 - https:\/\/yoast.com\/product\/yoast-seo-wordpress\/ -->\n<title>Der erste eigene Garten - wie starte ich? - Samenhaus Gartenblog<\/title>\n<meta name=\"description\" content=\"Der erste eigene Garten ist aufregend. Die erste Freude dar\u00fcber wird jedoch davon getr\u00fcbt, dass man nicht wei\u00df, wo man eigentlich anfangen soll.\" \/>\n<meta name=\"robots\" content=\"index, follow, max-snippet:-1, max-image-preview:large, max-video-preview:-1\" \/>\n<link rel=\"canonical\" href=\"https:\/\/www.samenhaus.de\/gartenblog\/der-erste-eigene-garten-wie-starte-ich\" \/>\n<meta property=\"og:locale\" content=\"de_DE\" \/>\n<meta property=\"og:type\" content=\"article\" \/>\n<meta property=\"og:title\" content=\"Der erste eigene Garten - wie starte ich? - Samenhaus Gartenblog\" \/>\n<meta property=\"og:description\" content=\"Der erste eigene Garten ist aufregend. Die erste Freude dar\u00fcber wird jedoch davon getr\u00fcbt, dass man nicht wei\u00df, wo man eigentlich anfangen soll.\" \/>\n<meta property=\"og:url\" content=\"https:\/\/www.samenhaus.de\/gartenblog\/der-erste-eigene-garten-wie-starte-ich\" \/>\n<meta property=\"og:site_name\" content=\"Samenhaus Gartenblog\" \/>\n<meta property=\"article:publisher\" content=\"https:\/\/de-de.facebook.com\/samenhaus\" \/>\n<meta property=\"article:published_time\" content=\"2023-01-18T09:00:42+00:00\" \/>\n<meta property=\"article:modified_time\" content=\"2023-08-31T05:14:23+00:00\" \/>\n<meta property=\"og:image\" content=\"https:\/\/www.samenhaus.de\/gartenblog\/wp-content\/uploads\/2023\/01\/Der-erste-eigene-Garten_547350847-scaled.jpeg\" \/>\n\t<meta property=\"og:image:width\" content=\"2560\" \/>\n\t<meta property=\"og:image:height\" content=\"1703\" \/>\n\t<meta property=\"og:image:type\" content=\"image\/jpeg\" \/>\n<meta name=\"author\" content=\"Sabine\" \/>\n<meta name=\"twitter:card\" content=\"summary_large_image\" \/>\n<meta name=\"twitter:creator\" content=\"@samenhaus\" \/>\n<meta name=\"twitter:site\" content=\"@samenhaus\" \/>\n<meta name=\"twitter:label1\" content=\"Verfasst von\" \/>\n\t<meta name=\"twitter:data1\" content=\"Sabine\" \/>\n\t<meta name=\"twitter:label2\" content=\"Gesch\u00e4tzte Lesezeit\" \/>\n\t<meta name=\"twitter:data2\" content=\"9\u00a0Minuten\" \/>\n<script type=\"application\/ld+json\" class=\"yoast-schema-graph\">{\"@context\":\"https:\\\/\\\/schema.org\",\"@graph\":[{\"@type\":\"Article\",\"@id\":\"https:\\\/\\\/www.samenhaus.de\\\/gartenblog\\\/der-erste-eigene-garten-wie-starte-ich#article\",\"isPartOf\":{\"@id\":\"https:\\\/\\\/www.samenhaus.de\\\/gartenblog\\\/der-erste-eigene-garten-wie-starte-ich\"},\"author\":{\"name\":\"Sabine\",\"@id\":\"https:\\\/\\\/www.samenhaus.de\\\/gartenblog\\\/#\\\/schema\\\/person\\\/e4c837ea32ec74c39497c1e69976fed5\"},\"headline\":\"Der erste eigene Garten &#8211; wie starte ich?\",\"datePublished\":\"2023-01-18T09:00:42+00:00\",\"dateModified\":\"2023-08-31T05:14:23+00:00\",\"mainEntityOfPage\":{\"@id\":\"https:\\\/\\\/www.samenhaus.de\\\/gartenblog\\\/der-erste-eigene-garten-wie-starte-ich\"},\"wordCount\":1606,\"commentCount\":0,\"publisher\":{\"@id\":\"https:\\\/\\\/www.samenhaus.de\\\/gartenblog\\\/#organization\"},\"image\":{\"@id\":\"https:\\\/\\\/www.samenhaus.de\\\/gartenblog\\\/der-erste-eigene-garten-wie-starte-ich#primaryimage\"},\"thumbnailUrl\":\"https:\\\/\\\/www.samenhaus.de\\\/gartenblog\\\/wp-content\\\/uploads\\\/2023\\\/01\\\/Der-erste-eigene-Garten_547350847-scaled.jpeg\",\"inLanguage\":\"de\",\"potentialAction\":[{\"@type\":\"CommentAction\",\"name\":\"Comment\",\"target\":[\"https:\\\/\\\/www.samenhaus.de\\\/gartenblog\\\/der-erste-eigene-garten-wie-starte-ich#respond\"]}],\"copyrightYear\":\"2023\",\"copyrightHolder\":{\"@id\":\"https:\\\/\\\/www.samenhaus.de\\\/gartenblog\\\/#organization\"}},{\"@type\":\"WebPage\",\"@id\":\"https:\\\/\\\/www.samenhaus.de\\\/gartenblog\\\/der-erste-eigene-garten-wie-starte-ich\",\"url\":\"https:\\\/\\\/www.samenhaus.de\\\/gartenblog\\\/der-erste-eigene-garten-wie-starte-ich\",\"name\":\"Der erste eigene Garten - wie starte ich? - Samenhaus Gartenblog\",\"isPartOf\":{\"@id\":\"https:\\\/\\\/www.samenhaus.de\\\/gartenblog\\\/#website\"},\"primaryImageOfPage\":{\"@id\":\"https:\\\/\\\/www.samenhaus.de\\\/gartenblog\\\/der-erste-eigene-garten-wie-starte-ich#primaryimage\"},\"image\":{\"@id\":\"https:\\\/\\\/www.samenhaus.de\\\/gartenblog\\\/der-erste-eigene-garten-wie-starte-ich#primaryimage\"},\"thumbnailUrl\":\"https:\\\/\\\/www.samenhaus.de\\\/gartenblog\\\/wp-content\\\/uploads\\\/2023\\\/01\\\/Der-erste-eigene-Garten_547350847-scaled.jpeg\",\"datePublished\":\"2023-01-18T09:00:42+00:00\",\"dateModified\":\"2023-08-31T05:14:23+00:00\",\"description\":\"Der erste eigene Garten ist aufregend. Die erste Freude dar\u00fcber wird jedoch davon getr\u00fcbt, dass man nicht wei\u00df, wo man eigentlich anfangen soll.\",\"breadcrumb\":{\"@id\":\"https:\\\/\\\/www.samenhaus.de\\\/gartenblog\\\/der-erste-eigene-garten-wie-starte-ich#breadcrumb\"},\"inLanguage\":\"de\",\"potentialAction\":[{\"@type\":\"ReadAction\",\"target\":[\"https:\\\/\\\/www.samenhaus.de\\\/gartenblog\\\/der-erste-eigene-garten-wie-starte-ich\"]}]},{\"@type\":\"ImageObject\",\"inLanguage\":\"de\",\"@id\":\"https:\\\/\\\/www.samenhaus.de\\\/gartenblog\\\/der-erste-eigene-garten-wie-starte-ich#primaryimage\",\"url\":\"https:\\\/\\\/www.samenhaus.de\\\/gartenblog\\\/wp-content\\\/uploads\\\/2023\\\/01\\\/Der-erste-eigene-Garten_547350847-scaled.jpeg\",\"contentUrl\":\"https:\\\/\\\/www.samenhaus.de\\\/gartenblog\\\/wp-content\\\/uploads\\\/2023\\\/01\\\/Der-erste-eigene-Garten_547350847-scaled.jpeg\",\"width\":2560,\"height\":1703,\"caption\":\"eigener Garten\"},{\"@type\":\"BreadcrumbList\",\"@id\":\"https:\\\/\\\/www.samenhaus.de\\\/gartenblog\\\/der-erste-eigene-garten-wie-starte-ich#breadcrumb\",\"itemListElement\":[{\"@type\":\"ListItem\",\"position\":1,\"name\":\"Startseite\",\"item\":\"https:\\\/\\\/www.samenhaus.de\\\/gartenblog\\\/\"},{\"@type\":\"ListItem\",\"position\":2,\"name\":\"Der erste eigene Garten &#8211; wie starte ich?\"}]},{\"@type\":\"WebSite\",\"@id\":\"https:\\\/\\\/www.samenhaus.de\\\/gartenblog\\\/#website\",\"url\":\"https:\\\/\\\/www.samenhaus.de\\\/gartenblog\\\/\",\"name\":\"Samenhaus Gartenblog\",\"description\":\"\",\"publisher\":{\"@id\":\"https:\\\/\\\/www.samenhaus.de\\\/gartenblog\\\/#organization\"},\"potentialAction\":[{\"@type\":\"SearchAction\",\"target\":{\"@type\":\"EntryPoint\",\"urlTemplate\":\"https:\\\/\\\/www.samenhaus.de\\\/gartenblog\\\/?s={search_term_string}\"},\"query-input\":{\"@type\":\"PropertyValueSpecification\",\"valueRequired\":true,\"valueName\":\"search_term_string\"}}],\"inLanguage\":\"de\"},{\"@type\":\"Organization\",\"@id\":\"https:\\\/\\\/www.samenhaus.de\\\/gartenblog\\\/#organization\",\"name\":\"Samenhaus.de Gartenblog\",\"url\":\"https:\\\/\\\/www.samenhaus.de\\\/gartenblog\\\/\",\"logo\":{\"@type\":\"ImageObject\",\"inLanguage\":\"de\",\"@id\":\"https:\\\/\\\/www.samenhaus.de\\\/gartenblog\\\/#\\\/schema\\\/logo\\\/image\\\/\",\"url\":\"https:\\\/\\\/www.samenhaus.de\\\/gartenblog\\\/wp-content\\\/uploads\\\/2020\\\/11\\\/logo.svg\",\"contentUrl\":\"https:\\\/\\\/www.samenhaus.de\\\/gartenblog\\\/wp-content\\\/uploads\\\/2020\\\/11\\\/logo.svg\",\"width\":1,\"height\":1,\"caption\":\"Samenhaus.de Gartenblog\"},\"image\":{\"@id\":\"https:\\\/\\\/www.samenhaus.de\\\/gartenblog\\\/#\\\/schema\\\/logo\\\/image\\\/\"},\"sameAs\":[\"https:\\\/\\\/de-de.facebook.com\\\/samenhaus\",\"https:\\\/\\\/x.com\\\/samenhaus\"]},{\"@type\":\"Person\",\"@id\":\"https:\\\/\\\/www.samenhaus.de\\\/gartenblog\\\/#\\\/schema\\\/person\\\/e4c837ea32ec74c39497c1e69976fed5\",\"name\":\"Sabine\",\"image\":{\"@type\":\"ImageObject\",\"inLanguage\":\"de\",\"@id\":\"https:\\\/\\\/www.samenhaus.de\\\/gartenblog\\\/wp-content\\\/uploads\\\/2026\\\/03\\\/sabine-150x150.png\",\"url\":\"https:\\\/\\\/www.samenhaus.de\\\/gartenblog\\\/wp-content\\\/uploads\\\/2026\\\/03\\\/sabine-150x150.png\",\"contentUrl\":\"https:\\\/\\\/www.samenhaus.de\\\/gartenblog\\\/wp-content\\\/uploads\\\/2026\\\/03\\\/sabine-150x150.png\",\"caption\":\"Sabine\"},\"description\":\"Sabine schreibt am liebsten \u00fcber Themen rund um den Selbstversorgergarten. Ob Gem\u00fcseanbau, Obstgarten, H\u00fchnerhaltung oder Konservierung und Verarbeitung, sie hat jede Menge eigene Erfahrung beizusteuern. Sie liebt es, den Blick \u00fcber die ersten zarten Pflanzen des Jahres schweifen zu lassen oder die gewaltige Ernte im Sommer und Herbst zu b\u00e4ndigen.\",\"url\":\"https:\\\/\\\/www.samenhaus.de\\\/gartenblog\\\/author\\\/sabine\"}]}<\/script>\n<!-- \/ Yoast SEO plugin. -->","yoast_head_json":{"title":"Der erste eigene Garten - wie starte ich? - Samenhaus Gartenblog","description":"Der erste eigene Garten ist aufregend. Die erste Freude dar\u00fcber wird jedoch davon getr\u00fcbt, dass man nicht wei\u00df, wo man eigentlich anfangen soll.","robots":{"index":"index","follow":"follow","max-snippet":"max-snippet:-1","max-image-preview":"max-image-preview:large","max-video-preview":"max-video-preview:-1"},"canonical":"https:\/\/www.samenhaus.de\/gartenblog\/der-erste-eigene-garten-wie-starte-ich","og_locale":"de_DE","og_type":"article","og_title":"Der erste eigene Garten - wie starte ich? - Samenhaus Gartenblog","og_description":"Der erste eigene Garten ist aufregend. Die erste Freude dar\u00fcber wird jedoch davon getr\u00fcbt, dass man nicht wei\u00df, wo man eigentlich anfangen soll.","og_url":"https:\/\/www.samenhaus.de\/gartenblog\/der-erste-eigene-garten-wie-starte-ich","og_site_name":"Samenhaus Gartenblog","article_publisher":"https:\/\/de-de.facebook.com\/samenhaus","article_published_time":"2023-01-18T09:00:42+00:00","article_modified_time":"2023-08-31T05:14:23+00:00","og_image":[{"width":2560,"height":1703,"url":"https:\/\/www.samenhaus.de\/gartenblog\/wp-content\/uploads\/2023\/01\/Der-erste-eigene-Garten_547350847-scaled.jpeg","type":"image\/jpeg"}],"author":"Sabine","twitter_card":"summary_large_image","twitter_creator":"@samenhaus","twitter_site":"@samenhaus","twitter_misc":{"Verfasst von":"Sabine","Gesch\u00e4tzte Lesezeit":"9\u00a0Minuten"},"schema":{"@context":"https:\/\/schema.org","@graph":[{"@type":"Article","@id":"https:\/\/www.samenhaus.de\/gartenblog\/der-erste-eigene-garten-wie-starte-ich#article","isPartOf":{"@id":"https:\/\/www.samenhaus.de\/gartenblog\/der-erste-eigene-garten-wie-starte-ich"},"author":{"name":"Sabine","@id":"https:\/\/www.samenhaus.de\/gartenblog\/#\/schema\/person\/e4c837ea32ec74c39497c1e69976fed5"},"headline":"Der erste eigene Garten &#8211; wie starte ich?","datePublished":"2023-01-18T09:00:42+00:00","dateModified":"2023-08-31T05:14:23+00:00","mainEntityOfPage":{"@id":"https:\/\/www.samenhaus.de\/gartenblog\/der-erste-eigene-garten-wie-starte-ich"},"wordCount":1606,"commentCount":0,"publisher":{"@id":"https:\/\/www.samenhaus.de\/gartenblog\/#organization"},"image":{"@id":"https:\/\/www.samenhaus.de\/gartenblog\/der-erste-eigene-garten-wie-starte-ich#primaryimage"},"thumbnailUrl":"https:\/\/www.samenhaus.de\/gartenblog\/wp-content\/uploads\/2023\/01\/Der-erste-eigene-Garten_547350847-scaled.jpeg","inLanguage":"de","potentialAction":[{"@type":"CommentAction","name":"Comment","target":["https:\/\/www.samenhaus.de\/gartenblog\/der-erste-eigene-garten-wie-starte-ich#respond"]}],"copyrightYear":"2023","copyrightHolder":{"@id":"https:\/\/www.samenhaus.de\/gartenblog\/#organization"}},{"@type":"WebPage","@id":"https:\/\/www.samenhaus.de\/gartenblog\/der-erste-eigene-garten-wie-starte-ich","url":"https:\/\/www.samenhaus.de\/gartenblog\/der-erste-eigene-garten-wie-starte-ich","name":"Der erste eigene Garten - wie starte ich? - Samenhaus Gartenblog","isPartOf":{"@id":"https:\/\/www.samenhaus.de\/gartenblog\/#website"},"primaryImageOfPage":{"@id":"https:\/\/www.samenhaus.de\/gartenblog\/der-erste-eigene-garten-wie-starte-ich#primaryimage"},"image":{"@id":"https:\/\/www.samenhaus.de\/gartenblog\/der-erste-eigene-garten-wie-starte-ich#primaryimage"},"thumbnailUrl":"https:\/\/www.samenhaus.de\/gartenblog\/wp-content\/uploads\/2023\/01\/Der-erste-eigene-Garten_547350847-scaled.jpeg","datePublished":"2023-01-18T09:00:42+00:00","dateModified":"2023-08-31T05:14:23+00:00","description":"Der erste eigene Garten ist aufregend. Die erste Freude dar\u00fcber wird jedoch davon getr\u00fcbt, dass man nicht wei\u00df, wo man eigentlich anfangen soll.","breadcrumb":{"@id":"https:\/\/www.samenhaus.de\/gartenblog\/der-erste-eigene-garten-wie-starte-ich#breadcrumb"},"inLanguage":"de","potentialAction":[{"@type":"ReadAction","target":["https:\/\/www.samenhaus.de\/gartenblog\/der-erste-eigene-garten-wie-starte-ich"]}]},{"@type":"ImageObject","inLanguage":"de","@id":"https:\/\/www.samenhaus.de\/gartenblog\/der-erste-eigene-garten-wie-starte-ich#primaryimage","url":"https:\/\/www.samenhaus.de\/gartenblog\/wp-content\/uploads\/2023\/01\/Der-erste-eigene-Garten_547350847-scaled.jpeg","contentUrl":"https:\/\/www.samenhaus.de\/gartenblog\/wp-content\/uploads\/2023\/01\/Der-erste-eigene-Garten_547350847-scaled.jpeg","width":2560,"height":1703,"caption":"eigener Garten"},{"@type":"BreadcrumbList","@id":"https:\/\/www.samenhaus.de\/gartenblog\/der-erste-eigene-garten-wie-starte-ich#breadcrumb","itemListElement":[{"@type":"ListItem","position":1,"name":"Startseite","item":"https:\/\/www.samenhaus.de\/gartenblog\/"},{"@type":"ListItem","position":2,"name":"Der erste eigene Garten &#8211; wie starte ich?"}]},{"@type":"WebSite","@id":"https:\/\/www.samenhaus.de\/gartenblog\/#website","url":"https:\/\/www.samenhaus.de\/gartenblog\/","name":"Samenhaus Gartenblog","description":"","publisher":{"@id":"https:\/\/www.samenhaus.de\/gartenblog\/#organization"},"potentialAction":[{"@type":"SearchAction","target":{"@type":"EntryPoint","urlTemplate":"https:\/\/www.samenhaus.de\/gartenblog\/?s={search_term_string}"},"query-input":{"@type":"PropertyValueSpecification","valueRequired":true,"valueName":"search_term_string"}}],"inLanguage":"de"},{"@type":"Organization","@id":"https:\/\/www.samenhaus.de\/gartenblog\/#organization","name":"Samenhaus.de Gartenblog","url":"https:\/\/www.samenhaus.de\/gartenblog\/","logo":{"@type":"ImageObject","inLanguage":"de","@id":"https:\/\/www.samenhaus.de\/gartenblog\/#\/schema\/logo\/image\/","url":"https:\/\/www.samenhaus.de\/gartenblog\/wp-content\/uploads\/2020\/11\/logo.svg","contentUrl":"https:\/\/www.samenhaus.de\/gartenblog\/wp-content\/uploads\/2020\/11\/logo.svg","width":1,"height":1,"caption":"Samenhaus.de Gartenblog"},"image":{"@id":"https:\/\/www.samenhaus.de\/gartenblog\/#\/schema\/logo\/image\/"},"sameAs":["https:\/\/de-de.facebook.com\/samenhaus","https:\/\/x.com\/samenhaus"]},{"@type":"Person","@id":"https:\/\/www.samenhaus.de\/gartenblog\/#\/schema\/person\/e4c837ea32ec74c39497c1e69976fed5","name":"Sabine","image":{"@type":"ImageObject","inLanguage":"de","@id":"https:\/\/www.samenhaus.de\/gartenblog\/wp-content\/uploads\/2026\/03\/sabine-150x150.png","url":"https:\/\/www.samenhaus.de\/gartenblog\/wp-content\/uploads\/2026\/03\/sabine-150x150.png","contentUrl":"https:\/\/www.samenhaus.de\/gartenblog\/wp-content\/uploads\/2026\/03\/sabine-150x150.png","caption":"Sabine"},"description":"Sabine schreibt am liebsten \u00fcber Themen rund um den Selbstversorgergarten. Ob Gem\u00fcseanbau, Obstgarten, H\u00fchnerhaltung oder Konservierung und Verarbeitung, sie hat jede Menge eigene Erfahrung beizusteuern. Sie liebt es, den Blick \u00fcber die ersten zarten Pflanzen des Jahres schweifen zu lassen oder die gewaltige Ernte im Sommer und Herbst zu b\u00e4ndigen.","url":"https:\/\/www.samenhaus.de\/gartenblog\/author\/sabine"}]}},"wp-worthy-pixel":{"ignored":false,"public":"3bf3c7bcb6a54fa2a0751cc0ae310ffe","server":"vg04.met.vgwort.de","url":"https:\/\/vg04.met.vgwort.de\/na\/3bf3c7bcb6a54fa2a0751cc0ae310ffe"},"wp-worthy-type":"normal","_links":{"self":[{"href":"https:\/\/www.samenhaus.de\/gartenblog\/wp-json\/wp\/v2\/posts\/7701","targetHints":{"allow":["GET"]}}],"collection":[{"href":"https:\/\/www.samenhaus.de\/gartenblog\/wp-json\/wp\/v2\/posts"}],"about":[{"href":"https:\/\/www.samenhaus.de\/gartenblog\/wp-json\/wp\/v2\/types\/post"}],"author":[{"embeddable":true,"href":"https:\/\/www.samenhaus.de\/gartenblog\/wp-json\/wp\/v2\/users\/11"}],"replies":[{"embeddable":true,"href":"https:\/\/www.samenhaus.de\/gartenblog\/wp-json\/wp\/v2\/comments?post=7701"}],"version-history":[{"count":8,"href":"https:\/\/www.samenhaus.de\/gartenblog\/wp-json\/wp\/v2\/posts\/7701\/revisions"}],"predecessor-version":[{"id":14318,"href":"https:\/\/www.samenhaus.de\/gartenblog\/wp-json\/wp\/v2\/posts\/7701\/revisions\/14318"}],"wp:featuredmedia":[{"embeddable":true,"href":"https:\/\/www.samenhaus.de\/gartenblog\/wp-json\/wp\/v2\/media\/8752"}],"wp:attachment":[{"href":"https:\/\/www.samenhaus.de\/gartenblog\/wp-json\/wp\/v2\/media?parent=7701"}],"wp:term":[{"taxonomy":"category","embeddable":true,"href":"https:\/\/www.samenhaus.de\/gartenblog\/wp-json\/wp\/v2\/categories?post=7701"},{"taxonomy":"post_tag","embeddable":true,"href":"https:\/\/www.samenhaus.de\/gartenblog\/wp-json\/wp\/v2\/tags?post=7701"},{"taxonomy":"hersteller","embeddable":true,"href":"https:\/\/www.samenhaus.de\/gartenblog\/wp-json\/wp\/v2\/hersteller?post=7701"}],"curies":[{"name":"wp","href":"https:\/\/api.w.org\/{rel}","templated":true}]}}