{"id":7704,"date":"2023-09-04T09:00:08","date_gmt":"2023-09-04T09:00:08","guid":{"rendered":"https:\/\/www.samenhaus.de\/gartenblog\/?p=7704"},"modified":"2023-10-19T13:35:06","modified_gmt":"2023-10-19T11:35:06","slug":"kiepenkerl-deutsche-traditionsmarke-fuer-saatgut-und-pflanzen","status":"publish","type":"post","link":"https:\/\/www.samenhaus.de\/gartenblog\/kiepenkerl-deutsche-traditionsmarke-fuer-saatgut-und-pflanzen","title":{"rendered":"Kiepenkerl: deutsche Traditionsmarke f\u00fcr Saatgut und Pflanzen"},"content":{"rendered":"<p>Als Kiepenkerl wurde fr\u00fcher ein H\u00e4ndler bezeichnet, der einen Korb auf dem R\u00fccken trug, umherzog und in l\u00e4ndlichen Gebieten verschiedene Nahrungsmittel anbot. Kiepenkerl ist auch der Name einer Traditionsmarke der Firma Bruno Nebelung GmbH mit Sitz in Everswinkel. Mit dem Slogan \u201eAus Freude am G\u00e4rtnern&#8220; bietet die Marke Saatgut, Blumenzwiebeln und Pflanzen an.<\/p>\n<h2 class=\"western\"><span class=\"ez-toc-section\" id=\"Wer_ist_Kiepenkerl_Traditionsmarke_fuer_Gartenprodukte_aus_Everswinkel\"><\/span>Wer ist Kiepenkerl? Traditionsmarke f\u00fcr Gartenprodukte aus Everswinkel<span class=\"ez-toc-section-end\"><\/span><\/h2>\n<div id=\"attachment_11753\" style=\"width: 310px\" class=\"wp-caption alignright\"><img loading=\"lazy\" decoding=\"async\" aria-describedby=\"caption-attachment-11753\" class=\"size-full wp-image-11753\" src=\"https:\/\/www.samenhaus.de\/gartenblog\/wp-content\/uploads\/2023\/06\/IMG_8789-1.jpg\" alt=\"Kiepenkerl\" width=\"300\" height=\"200\" \/><p id=\"caption-attachment-11753\" class=\"wp-caption-text\">\u00a9 Kiepenkerl \/ www.kiepenkerl.de<\/p><\/div>\n<p>Kiepenkerl ist eine Marke der Firma Bruno Nebelung GmbH, die ihren Sitz in Everswinkel hat. Das Unternehmen hat seinen Sitz im M\u00fcnsterland und nutzt den Kiepenkerl als Markenzeichen f\u00fcr Qualit\u00e4t und Zuverl\u00e4ssigkeit. Im niederdeutschen Sprachgebiet, darunter auch in Westfalen, wurden umherziehende H\u00e4ndler in l\u00e4ndlichen Gebieten als Kiepenkerle bezeichnet. In Westfalen gilt der Kiepenkerl als bodenst\u00e4ndige Pers\u00f6nlichkeit. Er trug einen blauen Leinenkittel und einen Korb auf dem R\u00fccken. Er zog von Haus zu Haus, um Lebensmittel, aber auch Saatgut f\u00fcr den Hausgarten anzubieten. Der Kiepenkerl wurde zum Markenzeichen f\u00fcr Qualit\u00e4tssaatgut und steht f\u00fcr die Leits\u00e4tze der Firma Bruno Nebelung GmbH. Als Kiepe wird eine R\u00fcckentrage aus Holz und Korbgeflecht bezeichnet, in der sich die Waren des Kiepenkerls befinden.<\/p>\n<p>Der Kiepenkerl ist der Name der Marke und sorgt f\u00fcr einen hohen Wiedererkennungswert. Auf blauem Grund befinden sich der stilisierte gelbe Kiepenkerl und der Schriftzug \u201eKiepenkerl&#8220;. Ganz bewusst wurde Blau als Farbe f\u00fcr die Marke gew\u00e4hlt. Es gilt als die Fl\u00fcchtigste aller Farben und repr\u00e4sentiert gleichzeitig den blauen Leinenkittel des Kiepenkerls. Es dr\u00fcckt das Fl\u00fcchtige, Immaterielle aus und soll gleichzeitig ein Gef\u00fchl von Sicherheit und Vertrauen vermitteln.<\/p>\n<h2 class=\"western\"><span class=\"ez-toc-section\" id=\"Bruno_Nebelung_GmbH_kurzer_historischer_Rueckblick\"><\/span>Bruno Nebelung GmbH: kurzer historischer R\u00fcckblick<span class=\"ez-toc-section-end\"><\/span><\/h2>\n<p>Die Firma Bruno Nebelung GmbH wurde 1925 von Bruno Nebelung und Franz Volmary als Samenfachhandel gegr\u00fcndet. Sortenreinheit, Qualit\u00e4t und Keimf\u00e4higkeit standen bereits damals an erster Stelle. Das Unternehmen entwickelte sich erfolgreich und konnte schon bald expandieren. Mit eigenen Z\u00fcchtungen begann das Unternehmen 1947. Um den Bedarf an Saatgut und Gem\u00fcse in den Nachkriegsjahren zu decken, wurden zun\u00e4chst Erbsen und Bohnen vermehrt. Da die ges\u00fcndesten und ertragreichsten Sorten selektiert wurden, entstanden immer bessere und resistentere Z\u00fcchtungen.<\/p>\n<p>Das Unternehmen betrieb ein eigenes Keimlabor und seit 1980 auch spezielle klimatisierte Keimschutzr\u00e4ume. Das Unternehmen war zuvor in M\u00fcnster ans\u00e4ssig. Eine Umstrukturierung des Hafengebiets M\u00fcnster machte einen Umzug nach Everswinkel erforderlich, wo heute ungef\u00e4hr 200 Mitarbeiter besch\u00e4ftigt sind.<\/p>\n<p>Die Bruno Nebelung GmbH ist ein Familienunternehmen, das heute in dritter Generation gef\u00fchrt wird. Die Marke Kiepenkerl steht f\u00fcr Saatgut und Pflanzen, die vorrangig f\u00fcr Privatpersonen angeboten werden. Dar\u00fcber hinaus betreibt das Unternehmen noch weitere Marken, beispielsweise f\u00fcr Rasen oder f\u00fcr professionelles G\u00e4rtnern.<\/p>\n<h2 class=\"western\"><span class=\"ez-toc-section\" id=\"Markenwerte_von_Kiepenkerl_Kompetenz_und_Qualitaet_fuer_Anbauerfolge_und_Freude_am_Gaertnern\"><\/span>Markenwerte von Kiepenkerl: Kompetenz und Qualit\u00e4t f\u00fcr Anbauerfolge und Freude am G\u00e4rtnern<span class=\"ez-toc-section-end\"><\/span><\/h2>\n<div id=\"attachment_11754\" style=\"width: 310px\" class=\"wp-caption alignright\"><img loading=\"lazy\" decoding=\"async\" aria-describedby=\"caption-attachment-11754\" class=\"size-full wp-image-11754\" src=\"https:\/\/www.samenhaus.de\/gartenblog\/wp-content\/uploads\/2023\/06\/Kiepenkerl-Saatteppich-Babyleaf-Mischung-1.jpg\" alt=\"Kiepenkerl Saatteppich Babyleaf Mischung\" width=\"300\" height=\"200\" \/><p id=\"caption-attachment-11754\" class=\"wp-caption-text\">\u00a9 Kiepenkerl \/ www.kiepenkerl.de<\/p><\/div>\n<p>Kiepenkerl ist nicht nur eine Marke der Bruno Nebelung GmbH, sondern er \u00fcberbringt auch Markenbotschaften. Er dr\u00fcckt Werte aus, die in der \u00d6ffentlichkeit von der Zielgruppe wahrgenommen werden. Mit dem Markenkern grenzt sich das Unternehmen von den Marken der Konkurrenz ab. Gegen\u00fcber ihren Endkunden setzen die Betreiber von Kiepenkerl auf einen umfangreichen Informationsfluss und Transparenz:<\/p>\n<ul>\n<li>Die Marke Kiepenkerl ist lebendig, da sie von der Bruno Nebelung GmbH gelebt und geliebt wird. Qualit\u00e4tssorten sind ebenso wichtig wie die aktuellen Trends in der Branche. Das Unternehmen legt Wert auf Kundenn\u00e4he und eine aktive Kommunikation.<\/li>\n<li>Kiepenkerl bedeutet Erfahrung, denn die Bruno Nebelung GmbH baut als Familienunternehmen auf langj\u00e4hriger Erfahrung auf. Die Qualit\u00e4t der Produkte hat schon fr\u00fchere Generationen \u00fcberzeugt.<\/li>\n<li>Die Kunden sollen Freude an den Produkten haben und in der Natur entspannen k\u00f6nnen. Jeder kann mit dem umfangreichen Sortiment die Freude am G\u00e4rtnern entdecken und seinen gr\u00fcnen Lebensraum nach seinen Vorstellungen gestalten.<\/li>\n<\/ul>\n<p>Kiepenkerl verf\u00fcgt \u00fcber ein Bio-Zertifikat nach EG-\u00d6ko-Verordnung sowie \u00fcber das Zertifikat DE-\u00d6KO-013, erkennbar an einem Blatt aus wei\u00dfen Sternen auf gr\u00fcnem Grund. Die Zertifikate werden von anerkannten Pr\u00fcfstellen vergeben. Mit den Zertifikaten wird best\u00e4tigt, dass das Unternehmen alle gesetzlichen Bedingungen in vollem Umfang einh\u00e4lt.<\/p>\n<h2 class=\"western\"><span class=\"ez-toc-section\" id=\"Sortiment_von_Kiepenkerl_Saatgut_und_Pflanzen\"><\/span>Sortiment von Kiepenkerl: Saatgut und Pflanzen<span class=\"ez-toc-section-end\"><\/span><\/h2>\n<p>Kiepenkerl bietet ein umfangreiches Sortiment f\u00fcr Hobbyg\u00e4rtner an. Kunden k\u00f6nnen bei allen Produkten auf hochwertige Qualit\u00e4t vertrauen. Saatgut ist f\u00fcr Gem\u00fcse, Kr\u00e4uter und Blumen verf\u00fcgbar. Neben klassischem Saatgut werden auch <a href=\"https:\/\/www.samenhaus.de\/search?query=kiepenkerl+saatb%C3%A4nder\" target=\"_blank\" rel=\"noopener\">Saatb\u00e4nder<\/a> und pilliertes Saatgut f\u00fcr eine vereinfachte Aussaat angeboten. Zum Sortiment geh\u00f6ren au\u00dferdem Samen-Sets aus Samen f\u00fcr verschiedene Arten von Pflanzen. F\u00fcr den direkten Verzehr erhalten Sie <a href=\"https:\/\/www.samenhaus.de\/keimsprossen?attrib%5Bvendor%5D%5B%5D=Kiepenkerl\" target=\"_blank\" rel=\"noopener\">Keimsprossen und Microgreens<\/a>, die schon wenige Tage nach der Aussaat verzehrt werden k\u00f6nnen.<\/p>\n<p>Kiepenkerl hat auch an Rasen und Bodenkur gedacht und bietet verschiedene Rasenmischungen sowie <a href=\"https:\/\/www.samenhaus.de\/gruenduenger?attrib%5Bvendor%5D%5B%5D=Kiepenkerl\" target=\"_blank\" rel=\"noopener\">Gr\u00fcnd\u00fcngung<\/a> an. Blumenzwiebeln werden f\u00fcr zahlreiche Arten von Zierpflanzen angeboten. Als Pflanzgut bietet Kiepenkerl <a href=\"https:\/\/www.samenhaus.de\/steckzwiebeln?attrib%5Bvendor%5D%5B%5D=Kiepenkerl\" target=\"_blank\" rel=\"noopener\">Steckzwiebeln<\/a> und Pflanzkartoffeln an.<\/p>\n<p>Bei Kiepenkerl sind auch verschiedene Jungpflanzen erh\u00e4ltlich:<\/p>\n<ul>\n<li>Profi-Line-Programm mit vorgetriebenen Blumenzwiebeln, vorgetriebenen Kr\u00e4uterpflanzen, Salat- und Kohlpflanzen, veredelten Gem\u00fcsepflanzen sowie Stauden<\/li>\n<li>verschiedene Salatmischungen, die bereits fertig f\u00fcr die Ernte sind<\/li>\n<li>Kr\u00e4utermischungen<\/li>\n<li>bienenfreundliche Kr\u00e4uter<\/li>\n<li>Erdbeerpflanzen<\/li>\n<\/ul>\n<h2 class=\"western\"><span class=\"ez-toc-section\" id=\"Produkte_von_Kiepenkerl_kaufen_im_Online-Shop_und_in_Gartenmaerkten\"><\/span>Produkte von Kiepenkerl kaufen: im Online-Shop und in Gartenm\u00e4rkten<span class=\"ez-toc-section-end\"><\/span><\/h2>\n<div id=\"attachment_11755\" style=\"width: 310px\" class=\"wp-caption alignright\"><img loading=\"lazy\" decoding=\"async\" aria-describedby=\"caption-attachment-11755\" class=\"size-full wp-image-11755\" src=\"https:\/\/www.samenhaus.de\/gartenblog\/wp-content\/uploads\/2023\/06\/Kiepenkerl_Kraeuter_1-1.jpg\" alt=\"Kiepenkerl_Kraeuter_1\" width=\"300\" height=\"200\" \/><p id=\"caption-attachment-11755\" class=\"wp-caption-text\">\u00a9 Kiepenkerl \/ www.kiepenkerl.de<\/p><\/div>\n<p>Die Produkte von Kiepenkerl werden im eigenen Online-Shop, in G\u00e4rtnereien und Gartenm\u00e4rkten angeboten. Auf der Webseite von Kiepenkerl k\u00f6nnen Sie eine H\u00e4ndlersuche nutzen, indem Sie Ihren Wohnort oder dessen Postleitzahl angeben. Nicht alle Erzeugnisse k\u00f6nnen Sie im Onlineshop bestellen. Sie erhalten aber Saatgut oder Pflanzgut. Bei Samenhaus M\u00fcller beziehen Sie ebenfalls hochqualitatives Saatgut aus dem Hause Kiepenkerl.<\/p>\n","protected":false},"excerpt":{"rendered":"<p>Als Kiepenkerl wurde fr\u00fcher ein H\u00e4ndler bezeichnet, der einen Korb auf dem R\u00fccken trug, umherzog und in l\u00e4ndlichen Gebieten verschiedene Nahrungsmittel anbot. Kiepenkerl ist auch der Name einer Traditionsmarke der Firma Bruno Nebelung GmbH mit Sitz in Everswinkel. Mit dem Slogan \u201eAus Freude am G\u00e4rtnern&#8220; bietet die Marke Saatgut, Blumenzwiebeln und Pflanzen an. Wer ist Kiepenkerl? Traditionsmarke f\u00fcr Gartenprodukte aus Everswinkel Kiepenkerl ist eine Marke der Firma Bruno Nebelung GmbH, die ihren Sitz in Everswinkel hat. Das Unternehmen hat seinen Sitz im M\u00fcnsterland und nutzt den Kiepenkerl als Markenzeichen f\u00fcr Qualit\u00e4t und Zuverl\u00e4ssigkeit. Im niederdeutschen Sprachgebiet, darunter auch in Westfalen, wurden umherziehende H\u00e4ndler in l\u00e4ndlichen Gebieten als Kiepenkerle bezeichnet. In Westfalen gilt der Kiepenkerl als bodenst\u00e4ndige Pers\u00f6nlichkeit. Er trug einen blauen Leinenkittel und einen Korb auf dem R\u00fccken. Er zog von Haus zu Haus, um Lebensmittel, aber auch Saatgut f\u00fcr den Hausgarten anzubieten. Der Kiepenkerl wurde zum Markenzeichen f\u00fcr Qualit\u00e4tssaatgut und steht f\u00fcr die Leits\u00e4tze der Firma Bruno Nebelung GmbH. Als Kiepe wird eine R\u00fcckentrage aus Holz und Korbgeflecht bezeichnet, in der sich die Waren des Kiepenkerls befinden. Der Kiepenkerl ist der Name der Marke und sorgt f\u00fcr einen hohen Wiedererkennungswert. Auf blauem Grund befinden sich der stilisierte gelbe Kiepenkerl [&hellip;]<\/p>\n","protected":false},"author":11,"featured_media":14378,"comment_status":"open","ping_status":"open","sticky":false,"template":"","format":"standard","meta":{"_acf_changed":false,"footnotes":""},"categories":[1],"tags":[],"hersteller":[],"class_list":["post-7704","post","type-post","status-publish","format-standard","has-post-thumbnail","hentry","category-allgemein"],"acf":[],"yoast_head":"<!-- This site is optimized with the Yoast SEO plugin v27.4 - https:\/\/yoast.com\/product\/yoast-seo-wordpress\/ -->\n<title>Kiepenkerl: deutsche Traditionsmarke f\u00fcr Saatgut und Pflanzen - Samenhaus Gartenblog<\/title>\n<meta name=\"description\" content=\"Die Traditionsmarke Kiepenkerl von der Firma Bruno Nebelung GmbH steht f\u00fcr Freude am G\u00e4rtnern. Zum Sortiment geh\u00f6ren Saatgut, Pflanzen und Blumenzwiebeln.\" \/>\n<meta name=\"robots\" content=\"index, follow, max-snippet:-1, max-image-preview:large, max-video-preview:-1\" \/>\n<link rel=\"canonical\" href=\"https:\/\/www.samenhaus.de\/gartenblog\/kiepenkerl-deutsche-traditionsmarke-fuer-saatgut-und-pflanzen\" \/>\n<meta property=\"og:locale\" content=\"de_DE\" \/>\n<meta property=\"og:type\" content=\"article\" \/>\n<meta property=\"og:title\" content=\"Kiepenkerl: deutsche Traditionsmarke f\u00fcr Saatgut und Pflanzen - Samenhaus Gartenblog\" \/>\n<meta property=\"og:description\" content=\"Die Traditionsmarke Kiepenkerl von der Firma Bruno Nebelung GmbH steht f\u00fcr Freude am G\u00e4rtnern. Zum Sortiment geh\u00f6ren Saatgut, Pflanzen und Blumenzwiebeln.\" \/>\n<meta property=\"og:url\" content=\"https:\/\/www.samenhaus.de\/gartenblog\/kiepenkerl-deutsche-traditionsmarke-fuer-saatgut-und-pflanzen\" \/>\n<meta property=\"og:site_name\" content=\"Samenhaus Gartenblog\" \/>\n<meta property=\"article:publisher\" content=\"https:\/\/de-de.facebook.com\/samenhaus\" \/>\n<meta property=\"article:published_time\" content=\"2023-09-04T09:00:08+00:00\" \/>\n<meta property=\"article:modified_time\" content=\"2023-10-19T11:35:06+00:00\" \/>\n<meta property=\"og:image\" content=\"https:\/\/www.samenhaus.de\/gartenblog\/wp-content\/uploads\/2023\/09\/KK.jpg\" \/>\n\t<meta property=\"og:image:width\" content=\"1000\" \/>\n\t<meta property=\"og:image:height\" content=\"563\" \/>\n\t<meta property=\"og:image:type\" content=\"image\/jpeg\" \/>\n<meta name=\"author\" content=\"Sabine\" \/>\n<meta name=\"twitter:card\" content=\"summary_large_image\" \/>\n<meta name=\"twitter:creator\" content=\"@samenhaus\" \/>\n<meta name=\"twitter:site\" content=\"@samenhaus\" \/>\n<meta name=\"twitter:label1\" content=\"Verfasst von\" \/>\n\t<meta name=\"twitter:data1\" content=\"Sabine\" \/>\n\t<meta name=\"twitter:label2\" content=\"Gesch\u00e4tzte Lesezeit\" \/>\n\t<meta name=\"twitter:data2\" content=\"6\u00a0Minuten\" \/>\n<script type=\"application\/ld+json\" class=\"yoast-schema-graph\">{\"@context\":\"https:\\\/\\\/schema.org\",\"@graph\":[{\"@type\":\"Article\",\"@id\":\"https:\\\/\\\/www.samenhaus.de\\\/gartenblog\\\/kiepenkerl-deutsche-traditionsmarke-fuer-saatgut-und-pflanzen#article\",\"isPartOf\":{\"@id\":\"https:\\\/\\\/www.samenhaus.de\\\/gartenblog\\\/kiepenkerl-deutsche-traditionsmarke-fuer-saatgut-und-pflanzen\"},\"author\":{\"name\":\"Sabine\",\"@id\":\"https:\\\/\\\/www.samenhaus.de\\\/gartenblog\\\/#\\\/schema\\\/person\\\/e4c837ea32ec74c39497c1e69976fed5\"},\"headline\":\"Kiepenkerl: deutsche Traditionsmarke f\u00fcr Saatgut und Pflanzen\",\"datePublished\":\"2023-09-04T09:00:08+00:00\",\"dateModified\":\"2023-10-19T11:35:06+00:00\",\"mainEntityOfPage\":{\"@id\":\"https:\\\/\\\/www.samenhaus.de\\\/gartenblog\\\/kiepenkerl-deutsche-traditionsmarke-fuer-saatgut-und-pflanzen\"},\"wordCount\":958,\"commentCount\":0,\"publisher\":{\"@id\":\"https:\\\/\\\/www.samenhaus.de\\\/gartenblog\\\/#organization\"},\"image\":{\"@id\":\"https:\\\/\\\/www.samenhaus.de\\\/gartenblog\\\/kiepenkerl-deutsche-traditionsmarke-fuer-saatgut-und-pflanzen#primaryimage\"},\"thumbnailUrl\":\"https:\\\/\\\/www.samenhaus.de\\\/gartenblog\\\/wp-content\\\/uploads\\\/2023\\\/09\\\/KK.jpg\",\"inLanguage\":\"de\",\"potentialAction\":[{\"@type\":\"CommentAction\",\"name\":\"Comment\",\"target\":[\"https:\\\/\\\/www.samenhaus.de\\\/gartenblog\\\/kiepenkerl-deutsche-traditionsmarke-fuer-saatgut-und-pflanzen#respond\"]}],\"copyrightYear\":\"2023\",\"copyrightHolder\":{\"@id\":\"https:\\\/\\\/www.samenhaus.de\\\/gartenblog\\\/#organization\"}},{\"@type\":\"WebPage\",\"@id\":\"https:\\\/\\\/www.samenhaus.de\\\/gartenblog\\\/kiepenkerl-deutsche-traditionsmarke-fuer-saatgut-und-pflanzen\",\"url\":\"https:\\\/\\\/www.samenhaus.de\\\/gartenblog\\\/kiepenkerl-deutsche-traditionsmarke-fuer-saatgut-und-pflanzen\",\"name\":\"Kiepenkerl: deutsche Traditionsmarke f\u00fcr Saatgut und Pflanzen - Samenhaus Gartenblog\",\"isPartOf\":{\"@id\":\"https:\\\/\\\/www.samenhaus.de\\\/gartenblog\\\/#website\"},\"primaryImageOfPage\":{\"@id\":\"https:\\\/\\\/www.samenhaus.de\\\/gartenblog\\\/kiepenkerl-deutsche-traditionsmarke-fuer-saatgut-und-pflanzen#primaryimage\"},\"image\":{\"@id\":\"https:\\\/\\\/www.samenhaus.de\\\/gartenblog\\\/kiepenkerl-deutsche-traditionsmarke-fuer-saatgut-und-pflanzen#primaryimage\"},\"thumbnailUrl\":\"https:\\\/\\\/www.samenhaus.de\\\/gartenblog\\\/wp-content\\\/uploads\\\/2023\\\/09\\\/KK.jpg\",\"datePublished\":\"2023-09-04T09:00:08+00:00\",\"dateModified\":\"2023-10-19T11:35:06+00:00\",\"description\":\"Die Traditionsmarke Kiepenkerl von der Firma Bruno Nebelung GmbH steht f\u00fcr Freude am G\u00e4rtnern. Zum Sortiment geh\u00f6ren Saatgut, Pflanzen und Blumenzwiebeln.\",\"breadcrumb\":{\"@id\":\"https:\\\/\\\/www.samenhaus.de\\\/gartenblog\\\/kiepenkerl-deutsche-traditionsmarke-fuer-saatgut-und-pflanzen#breadcrumb\"},\"inLanguage\":\"de\",\"potentialAction\":[{\"@type\":\"ReadAction\",\"target\":[\"https:\\\/\\\/www.samenhaus.de\\\/gartenblog\\\/kiepenkerl-deutsche-traditionsmarke-fuer-saatgut-und-pflanzen\"]}]},{\"@type\":\"ImageObject\",\"inLanguage\":\"de\",\"@id\":\"https:\\\/\\\/www.samenhaus.de\\\/gartenblog\\\/kiepenkerl-deutsche-traditionsmarke-fuer-saatgut-und-pflanzen#primaryimage\",\"url\":\"https:\\\/\\\/www.samenhaus.de\\\/gartenblog\\\/wp-content\\\/uploads\\\/2023\\\/09\\\/KK.jpg\",\"contentUrl\":\"https:\\\/\\\/www.samenhaus.de\\\/gartenblog\\\/wp-content\\\/uploads\\\/2023\\\/09\\\/KK.jpg\",\"width\":1000,\"height\":563,\"caption\":\"\u00a9 Kiepenkerl \\\/ www.kiepenkerl.de\"},{\"@type\":\"BreadcrumbList\",\"@id\":\"https:\\\/\\\/www.samenhaus.de\\\/gartenblog\\\/kiepenkerl-deutsche-traditionsmarke-fuer-saatgut-und-pflanzen#breadcrumb\",\"itemListElement\":[{\"@type\":\"ListItem\",\"position\":1,\"name\":\"Startseite\",\"item\":\"https:\\\/\\\/www.samenhaus.de\\\/gartenblog\\\/\"},{\"@type\":\"ListItem\",\"position\":2,\"name\":\"Kiepenkerl: deutsche Traditionsmarke f\u00fcr Saatgut und Pflanzen\"}]},{\"@type\":\"WebSite\",\"@id\":\"https:\\\/\\\/www.samenhaus.de\\\/gartenblog\\\/#website\",\"url\":\"https:\\\/\\\/www.samenhaus.de\\\/gartenblog\\\/\",\"name\":\"Samenhaus Gartenblog\",\"description\":\"\",\"publisher\":{\"@id\":\"https:\\\/\\\/www.samenhaus.de\\\/gartenblog\\\/#organization\"},\"potentialAction\":[{\"@type\":\"SearchAction\",\"target\":{\"@type\":\"EntryPoint\",\"urlTemplate\":\"https:\\\/\\\/www.samenhaus.de\\\/gartenblog\\\/?s={search_term_string}\"},\"query-input\":{\"@type\":\"PropertyValueSpecification\",\"valueRequired\":true,\"valueName\":\"search_term_string\"}}],\"inLanguage\":\"de\"},{\"@type\":\"Organization\",\"@id\":\"https:\\\/\\\/www.samenhaus.de\\\/gartenblog\\\/#organization\",\"name\":\"Samenhaus.de Gartenblog\",\"url\":\"https:\\\/\\\/www.samenhaus.de\\\/gartenblog\\\/\",\"logo\":{\"@type\":\"ImageObject\",\"inLanguage\":\"de\",\"@id\":\"https:\\\/\\\/www.samenhaus.de\\\/gartenblog\\\/#\\\/schema\\\/logo\\\/image\\\/\",\"url\":\"https:\\\/\\\/www.samenhaus.de\\\/gartenblog\\\/wp-content\\\/uploads\\\/2020\\\/11\\\/logo.svg\",\"contentUrl\":\"https:\\\/\\\/www.samenhaus.de\\\/gartenblog\\\/wp-content\\\/uploads\\\/2020\\\/11\\\/logo.svg\",\"width\":1,\"height\":1,\"caption\":\"Samenhaus.de Gartenblog\"},\"image\":{\"@id\":\"https:\\\/\\\/www.samenhaus.de\\\/gartenblog\\\/#\\\/schema\\\/logo\\\/image\\\/\"},\"sameAs\":[\"https:\\\/\\\/de-de.facebook.com\\\/samenhaus\",\"https:\\\/\\\/x.com\\\/samenhaus\"]},{\"@type\":\"Person\",\"@id\":\"https:\\\/\\\/www.samenhaus.de\\\/gartenblog\\\/#\\\/schema\\\/person\\\/e4c837ea32ec74c39497c1e69976fed5\",\"name\":\"Sabine\",\"image\":{\"@type\":\"ImageObject\",\"inLanguage\":\"de\",\"@id\":\"https:\\\/\\\/www.samenhaus.de\\\/gartenblog\\\/wp-content\\\/uploads\\\/2026\\\/03\\\/sabine-150x150.png\",\"url\":\"https:\\\/\\\/www.samenhaus.de\\\/gartenblog\\\/wp-content\\\/uploads\\\/2026\\\/03\\\/sabine-150x150.png\",\"contentUrl\":\"https:\\\/\\\/www.samenhaus.de\\\/gartenblog\\\/wp-content\\\/uploads\\\/2026\\\/03\\\/sabine-150x150.png\",\"caption\":\"Sabine\"},\"description\":\"Sabine schreibt am liebsten \u00fcber Themen rund um den Selbstversorgergarten. Ob Gem\u00fcseanbau, Obstgarten, H\u00fchnerhaltung oder Konservierung und Verarbeitung, sie hat jede Menge eigene Erfahrung beizusteuern. Sie liebt es, den Blick \u00fcber die ersten zarten Pflanzen des Jahres schweifen zu lassen oder die gewaltige Ernte im Sommer und Herbst zu b\u00e4ndigen.\",\"url\":\"https:\\\/\\\/www.samenhaus.de\\\/gartenblog\\\/author\\\/sabine\"}]}<\/script>\n<!-- \/ Yoast SEO plugin. -->","yoast_head_json":{"title":"Kiepenkerl: deutsche Traditionsmarke f\u00fcr Saatgut und Pflanzen - Samenhaus Gartenblog","description":"Die Traditionsmarke Kiepenkerl von der Firma Bruno Nebelung GmbH steht f\u00fcr Freude am G\u00e4rtnern. Zum Sortiment geh\u00f6ren Saatgut, Pflanzen und Blumenzwiebeln.","robots":{"index":"index","follow":"follow","max-snippet":"max-snippet:-1","max-image-preview":"max-image-preview:large","max-video-preview":"max-video-preview:-1"},"canonical":"https:\/\/www.samenhaus.de\/gartenblog\/kiepenkerl-deutsche-traditionsmarke-fuer-saatgut-und-pflanzen","og_locale":"de_DE","og_type":"article","og_title":"Kiepenkerl: deutsche Traditionsmarke f\u00fcr Saatgut und Pflanzen - Samenhaus Gartenblog","og_description":"Die Traditionsmarke Kiepenkerl von der Firma Bruno Nebelung GmbH steht f\u00fcr Freude am G\u00e4rtnern. Zum Sortiment geh\u00f6ren Saatgut, Pflanzen und Blumenzwiebeln.","og_url":"https:\/\/www.samenhaus.de\/gartenblog\/kiepenkerl-deutsche-traditionsmarke-fuer-saatgut-und-pflanzen","og_site_name":"Samenhaus Gartenblog","article_publisher":"https:\/\/de-de.facebook.com\/samenhaus","article_published_time":"2023-09-04T09:00:08+00:00","article_modified_time":"2023-10-19T11:35:06+00:00","og_image":[{"width":1000,"height":563,"url":"https:\/\/www.samenhaus.de\/gartenblog\/wp-content\/uploads\/2023\/09\/KK.jpg","type":"image\/jpeg"}],"author":"Sabine","twitter_card":"summary_large_image","twitter_creator":"@samenhaus","twitter_site":"@samenhaus","twitter_misc":{"Verfasst von":"Sabine","Gesch\u00e4tzte Lesezeit":"6\u00a0Minuten"},"schema":{"@context":"https:\/\/schema.org","@graph":[{"@type":"Article","@id":"https:\/\/www.samenhaus.de\/gartenblog\/kiepenkerl-deutsche-traditionsmarke-fuer-saatgut-und-pflanzen#article","isPartOf":{"@id":"https:\/\/www.samenhaus.de\/gartenblog\/kiepenkerl-deutsche-traditionsmarke-fuer-saatgut-und-pflanzen"},"author":{"name":"Sabine","@id":"https:\/\/www.samenhaus.de\/gartenblog\/#\/schema\/person\/e4c837ea32ec74c39497c1e69976fed5"},"headline":"Kiepenkerl: deutsche Traditionsmarke f\u00fcr Saatgut und Pflanzen","datePublished":"2023-09-04T09:00:08+00:00","dateModified":"2023-10-19T11:35:06+00:00","mainEntityOfPage":{"@id":"https:\/\/www.samenhaus.de\/gartenblog\/kiepenkerl-deutsche-traditionsmarke-fuer-saatgut-und-pflanzen"},"wordCount":958,"commentCount":0,"publisher":{"@id":"https:\/\/www.samenhaus.de\/gartenblog\/#organization"},"image":{"@id":"https:\/\/www.samenhaus.de\/gartenblog\/kiepenkerl-deutsche-traditionsmarke-fuer-saatgut-und-pflanzen#primaryimage"},"thumbnailUrl":"https:\/\/www.samenhaus.de\/gartenblog\/wp-content\/uploads\/2023\/09\/KK.jpg","inLanguage":"de","potentialAction":[{"@type":"CommentAction","name":"Comment","target":["https:\/\/www.samenhaus.de\/gartenblog\/kiepenkerl-deutsche-traditionsmarke-fuer-saatgut-und-pflanzen#respond"]}],"copyrightYear":"2023","copyrightHolder":{"@id":"https:\/\/www.samenhaus.de\/gartenblog\/#organization"}},{"@type":"WebPage","@id":"https:\/\/www.samenhaus.de\/gartenblog\/kiepenkerl-deutsche-traditionsmarke-fuer-saatgut-und-pflanzen","url":"https:\/\/www.samenhaus.de\/gartenblog\/kiepenkerl-deutsche-traditionsmarke-fuer-saatgut-und-pflanzen","name":"Kiepenkerl: deutsche Traditionsmarke f\u00fcr Saatgut und Pflanzen - Samenhaus Gartenblog","isPartOf":{"@id":"https:\/\/www.samenhaus.de\/gartenblog\/#website"},"primaryImageOfPage":{"@id":"https:\/\/www.samenhaus.de\/gartenblog\/kiepenkerl-deutsche-traditionsmarke-fuer-saatgut-und-pflanzen#primaryimage"},"image":{"@id":"https:\/\/www.samenhaus.de\/gartenblog\/kiepenkerl-deutsche-traditionsmarke-fuer-saatgut-und-pflanzen#primaryimage"},"thumbnailUrl":"https:\/\/www.samenhaus.de\/gartenblog\/wp-content\/uploads\/2023\/09\/KK.jpg","datePublished":"2023-09-04T09:00:08+00:00","dateModified":"2023-10-19T11:35:06+00:00","description":"Die Traditionsmarke Kiepenkerl von der Firma Bruno Nebelung GmbH steht f\u00fcr Freude am G\u00e4rtnern. Zum Sortiment geh\u00f6ren Saatgut, Pflanzen und Blumenzwiebeln.","breadcrumb":{"@id":"https:\/\/www.samenhaus.de\/gartenblog\/kiepenkerl-deutsche-traditionsmarke-fuer-saatgut-und-pflanzen#breadcrumb"},"inLanguage":"de","potentialAction":[{"@type":"ReadAction","target":["https:\/\/www.samenhaus.de\/gartenblog\/kiepenkerl-deutsche-traditionsmarke-fuer-saatgut-und-pflanzen"]}]},{"@type":"ImageObject","inLanguage":"de","@id":"https:\/\/www.samenhaus.de\/gartenblog\/kiepenkerl-deutsche-traditionsmarke-fuer-saatgut-und-pflanzen#primaryimage","url":"https:\/\/www.samenhaus.de\/gartenblog\/wp-content\/uploads\/2023\/09\/KK.jpg","contentUrl":"https:\/\/www.samenhaus.de\/gartenblog\/wp-content\/uploads\/2023\/09\/KK.jpg","width":1000,"height":563,"caption":"\u00a9 Kiepenkerl \/ www.kiepenkerl.de"},{"@type":"BreadcrumbList","@id":"https:\/\/www.samenhaus.de\/gartenblog\/kiepenkerl-deutsche-traditionsmarke-fuer-saatgut-und-pflanzen#breadcrumb","itemListElement":[{"@type":"ListItem","position":1,"name":"Startseite","item":"https:\/\/www.samenhaus.de\/gartenblog\/"},{"@type":"ListItem","position":2,"name":"Kiepenkerl: deutsche Traditionsmarke f\u00fcr Saatgut und Pflanzen"}]},{"@type":"WebSite","@id":"https:\/\/www.samenhaus.de\/gartenblog\/#website","url":"https:\/\/www.samenhaus.de\/gartenblog\/","name":"Samenhaus Gartenblog","description":"","publisher":{"@id":"https:\/\/www.samenhaus.de\/gartenblog\/#organization"},"potentialAction":[{"@type":"SearchAction","target":{"@type":"EntryPoint","urlTemplate":"https:\/\/www.samenhaus.de\/gartenblog\/?s={search_term_string}"},"query-input":{"@type":"PropertyValueSpecification","valueRequired":true,"valueName":"search_term_string"}}],"inLanguage":"de"},{"@type":"Organization","@id":"https:\/\/www.samenhaus.de\/gartenblog\/#organization","name":"Samenhaus.de Gartenblog","url":"https:\/\/www.samenhaus.de\/gartenblog\/","logo":{"@type":"ImageObject","inLanguage":"de","@id":"https:\/\/www.samenhaus.de\/gartenblog\/#\/schema\/logo\/image\/","url":"https:\/\/www.samenhaus.de\/gartenblog\/wp-content\/uploads\/2020\/11\/logo.svg","contentUrl":"https:\/\/www.samenhaus.de\/gartenblog\/wp-content\/uploads\/2020\/11\/logo.svg","width":1,"height":1,"caption":"Samenhaus.de Gartenblog"},"image":{"@id":"https:\/\/www.samenhaus.de\/gartenblog\/#\/schema\/logo\/image\/"},"sameAs":["https:\/\/de-de.facebook.com\/samenhaus","https:\/\/x.com\/samenhaus"]},{"@type":"Person","@id":"https:\/\/www.samenhaus.de\/gartenblog\/#\/schema\/person\/e4c837ea32ec74c39497c1e69976fed5","name":"Sabine","image":{"@type":"ImageObject","inLanguage":"de","@id":"https:\/\/www.samenhaus.de\/gartenblog\/wp-content\/uploads\/2026\/03\/sabine-150x150.png","url":"https:\/\/www.samenhaus.de\/gartenblog\/wp-content\/uploads\/2026\/03\/sabine-150x150.png","contentUrl":"https:\/\/www.samenhaus.de\/gartenblog\/wp-content\/uploads\/2026\/03\/sabine-150x150.png","caption":"Sabine"},"description":"Sabine schreibt am liebsten \u00fcber Themen rund um den Selbstversorgergarten. Ob Gem\u00fcseanbau, Obstgarten, H\u00fchnerhaltung oder Konservierung und Verarbeitung, sie hat jede Menge eigene Erfahrung beizusteuern. Sie liebt es, den Blick \u00fcber die ersten zarten Pflanzen des Jahres schweifen zu lassen oder die gewaltige Ernte im Sommer und Herbst zu b\u00e4ndigen.","url":"https:\/\/www.samenhaus.de\/gartenblog\/author\/sabine"}]}},"wp-worthy-pixel":{"ignored":false,"public":"ad9589705a904b66a93ffbad349c76b5","server":"vg07.met.vgwort.de","url":"https:\/\/vg07.met.vgwort.de\/na\/ad9589705a904b66a93ffbad349c76b5"},"wp-worthy-type":"normal","_links":{"self":[{"href":"https:\/\/www.samenhaus.de\/gartenblog\/wp-json\/wp\/v2\/posts\/7704","targetHints":{"allow":["GET"]}}],"collection":[{"href":"https:\/\/www.samenhaus.de\/gartenblog\/wp-json\/wp\/v2\/posts"}],"about":[{"href":"https:\/\/www.samenhaus.de\/gartenblog\/wp-json\/wp\/v2\/types\/post"}],"author":[{"embeddable":true,"href":"https:\/\/www.samenhaus.de\/gartenblog\/wp-json\/wp\/v2\/users\/11"}],"replies":[{"embeddable":true,"href":"https:\/\/www.samenhaus.de\/gartenblog\/wp-json\/wp\/v2\/comments?post=7704"}],"version-history":[{"count":7,"href":"https:\/\/www.samenhaus.de\/gartenblog\/wp-json\/wp\/v2\/posts\/7704\/revisions"}],"predecessor-version":[{"id":14919,"href":"https:\/\/www.samenhaus.de\/gartenblog\/wp-json\/wp\/v2\/posts\/7704\/revisions\/14919"}],"wp:featuredmedia":[{"embeddable":true,"href":"https:\/\/www.samenhaus.de\/gartenblog\/wp-json\/wp\/v2\/media\/14378"}],"wp:attachment":[{"href":"https:\/\/www.samenhaus.de\/gartenblog\/wp-json\/wp\/v2\/media?parent=7704"}],"wp:term":[{"taxonomy":"category","embeddable":true,"href":"https:\/\/www.samenhaus.de\/gartenblog\/wp-json\/wp\/v2\/categories?post=7704"},{"taxonomy":"post_tag","embeddable":true,"href":"https:\/\/www.samenhaus.de\/gartenblog\/wp-json\/wp\/v2\/tags?post=7704"},{"taxonomy":"hersteller","embeddable":true,"href":"https:\/\/www.samenhaus.de\/gartenblog\/wp-json\/wp\/v2\/hersteller?post=7704"}],"curies":[{"name":"wp","href":"https:\/\/api.w.org\/{rel}","templated":true}]}}