{"id":7719,"date":"2025-05-21T09:00:23","date_gmt":"2025-05-21T07:00:23","guid":{"rendered":"https:\/\/www.samenhaus.de\/gartenblog\/?p=7719"},"modified":"2025-06-18T10:36:28","modified_gmt":"2025-06-18T08:36:28","slug":"rasen-verbrannt-was-sie-tun-koennen-um-ihn-zu-retten","status":"publish","type":"post","link":"https:\/\/www.samenhaus.de\/gartenblog\/rasen-verbrannt-was-sie-tun-koennen-um-ihn-zu-retten","title":{"rendered":"Rasen verbrannt? Was Sie tun k\u00f6nnen, um ihn zu retten"},"content":{"rendered":"<p>Lange Trockenperioden und Temperaturen \u00fcber 30 Grad Celsius k\u00f6nnen Ihrem Rasen arg zusetzen und ihn verbrennen. Sie m\u00fcssen die Hoffnung jedoch nicht aufgeben, denn Sie k\u00f6nnen ihn retten, indem Sie die schadhaften Stellen ausbessern. Bei gro\u00dfen Sch\u00e4den vertikutieren Sie den Rasen und s\u00e4en nach.<\/p>\n<h2 class=\"western\"><span class=\"ez-toc-section\" id=\"Ursachen_fuer_verbrannten_Rasen_Wenig_Wasser_und_zu_viel_Hitze\"><\/span>Ursachen f\u00fcr verbrannten Rasen: Wenig Wasser und zu viel Hitze<span class=\"ez-toc-section-end\"><\/span><\/h2>\n<p><a href=\"https:\/\/www.samenhaus.de\/gartenblog\/wp-content\/uploads\/2025\/06\/verbrannter-Rasen_106856502-scaled.jpeg\"><img loading=\"lazy\" decoding=\"async\" class=\"alignright wp-image-21796\" src=\"https:\/\/www.samenhaus.de\/gartenblog\/wp-content\/uploads\/2025\/06\/verbrannter-Rasen_106856502-600x400.jpeg\" alt=\"kaputter Rasen\" width=\"300\" height=\"200\" srcset=\"https:\/\/www.samenhaus.de\/gartenblog\/wp-content\/uploads\/2025\/06\/verbrannter-Rasen_106856502-600x400.jpeg 600w, https:\/\/www.samenhaus.de\/gartenblog\/wp-content\/uploads\/2025\/06\/verbrannter-Rasen_106856502-1024x683.jpeg 1024w, https:\/\/www.samenhaus.de\/gartenblog\/wp-content\/uploads\/2025\/06\/verbrannter-Rasen_106856502-768x512.jpeg 768w, https:\/\/www.samenhaus.de\/gartenblog\/wp-content\/uploads\/2025\/06\/verbrannter-Rasen_106856502-1536x1024.jpeg 1536w, https:\/\/www.samenhaus.de\/gartenblog\/wp-content\/uploads\/2025\/06\/verbrannter-Rasen_106856502-scaled.jpeg 2048w\" sizes=\"auto, (max-width: 300px) 100vw, 300px\" \/><\/a>Ist Ihr Rasen verbrannt, sind lange Hitzeperioden, andauernde Trockenheit und zu wenig Wasser schuld daran. Rasen kann Feuchtigkeit nur schlecht speichern und ben\u00f6tigt daher eine regelm\u00e4\u00dfige Bew\u00e4sserung. Auch Fehler beim D\u00fcngen und mangelnde Bel\u00fcftung f\u00fchren zu gelben und vertrockneten Halmen. Nicht nur fehlende, sondern auch falsche Bew\u00e4sserung l\u00e4sst den Rasen verbrennen. W\u00e4ssern Sie niemals um die Mittagszeit, da die Sonneneinstrahlung zu intensiv ist. Der entstehende Lupeneffekt durch Wassertropfen und Sonne f\u00fchrt dazu, dass der Rasen innerhalb kurzer Zeit verbrennt. Wird der Rasen zu kurz gem\u00e4ht, kann er ebenfalls verbrennen. D\u00fcngen Sie zu viel, kann das den Rasen ebenfalls sch\u00e4digen. Es kommt also auf die richtige Dosierung an.<\/p>\n<h2 class=\"western\"><span class=\"ez-toc-section\" id=\"Ist_der_Rasen_noch_zu_retten_Erkennen_mit_dem_Wurzeltest\"><\/span>Ist der Rasen noch zu retten? Erkennen mit dem Wurzeltest<span class=\"ez-toc-section-end\"><\/span><\/h2>\n<p>Bevor Sie an die Rettung Ihres verbrannten Rasens gehen, nehmen Sie einen Wurzeltest vor, um zu sehen, ob sich der Rasen wieder erholen kann. Sind die Wurzeln noch intakt und lediglich die Halme braun, ist eine Rettung noch m\u00f6glich. Haben die Wurzeln einen Schaden erlitten, hilft nur noch, die Rasenfl\u00e4che zu erneuern. F\u00fcr den Wurzeltest heben Sie mit dem Spaten ein schmales St\u00fcck Rasen 10 bis 15 Zentimeter tief aus. Schauen Sie nach, ob die Wurzeln vertrocknet sind und eine Nachsaat erforderlich ist.<\/p>\n<h2 class=\"western\"><span class=\"ez-toc-section\" id=\"Erste_Hilfe_leisten_Duengen_und_bewaessern\"><\/span>Erste Hilfe leisten: D\u00fcngen und bew\u00e4ssern<span class=\"ez-toc-section-end\"><\/span><\/h2>\n<p>Zumeist k\u00f6nnen Sie Ihren <a href=\"https:\/\/www.samenhaus.de\/rasensamen-rasenerneuerung-1-kg-von-quedlinburger-saatgut\/a-536248\" target=\"_blank\" rel=\"noopener\">Rasen noch retten<\/a>, da die Pflanzen ziemlich robust sind. Sie erholen sich zumeist innerhalb von zehn Tagen. Bringen Sie nach Dosierungsanleitung einen <a href=\"https:\/\/www.samenhaus.de\/rasenduenger\" target=\"_blank\" rel=\"noopener\">hochwertigen Rasend\u00fcnger<\/a> auf die Rasenfl\u00e4che auf. Achten Sie darauf, nicht zu viel zu verwenden. Direkt nach der D\u00fcngung k\u00f6nnen Sie bew\u00e4ssern, doch m\u00fcssen Sie auf die richtige Zeit achten. Am besten ist der Abend nach Sonnenuntergang geeignet, da sich der Rasen \u00fcber Nacht erholen kann. Alternativ dazu bew\u00e4ssern Sie am Morgen. Der D\u00fcnger gelangt durch die Bew\u00e4sserung schneller zu den Wurzeln. Achten Sie darauf, l\u00e4ngere Zeit zu w\u00e4ssern, denn die gesch\u00e4digten Pflanzen brauchen jetzt viel Feuchtigkeit. Pro Quadratmeter rechnen Sie mit 10 bis 15 Litern Wasser. W\u00e4ssern Sie am besten jeden Abend, damit sich die Pflanzen wieder erholen.<\/p>\n<h2 class=\"western\"><span class=\"ez-toc-section\" id=\"Schadhafte_Stellen_mit_Rasenpflaster_ausbessern_Vorher_Boden_auflockern\"><\/span>Schadhafte Stellen mit Rasenpflaster ausbessern: Vorher Boden auflockern<span class=\"ez-toc-section-end\"><\/span><\/h2>\n<p><a href=\"https:\/\/www.samenhaus.de\/rasennachsaat\" target=\"_blank\" rel=\"noopener\">Schadhafte Stellen im Rasen<\/a> bessern Sie mit einem Rasenpflaster aus, das eine Mischung aus Saatgut, Erde und D\u00fcnger darstellt. Lockern Sie den Boden auf und arbeiten Sie Humus unter, um f\u00fcr das Rasenpflaster eine gute Starthilfe zu erhalten. Die Rasenpflaster-Mischungen versprechen ein schnelles Anwachsen, unabh\u00e4ngig vom Boden. Dennoch ist humoser Boden von Vorteil. Bringen Sie die Mischung aus und vergessen Sie nicht das W\u00e4ssern.<\/p>\n<h2 class=\"western\"><span class=\"ez-toc-section\" id=\"Hartnaeckige_Schaeden_ausbessern_Vertikutieren_fuer_gute_Belueftung\"><\/span>Hartn\u00e4ckige Sch\u00e4den ausbessern: Vertikutieren f\u00fcr gute Bel\u00fcftung<span class=\"ez-toc-section-end\"><\/span><\/h2>\n<p>Wurde Ihr Rasen stark gesch\u00e4digt, aber sind die Wurzeln noch nicht vertrocknet, k\u00f6nnen Sie ihn retten, indem Sie vertikutieren. Sie entfernen mit dem Vertikutierer nicht nur die verbrannten Halme, sondern auch Moos, das den Rasen am Wachstum hindert. Da das Vertikutieren f\u00fcr eine gute Bel\u00fcftung sorgt, werden die Wurzeln besser mit Sauerstoff versorgt. Die Halme k\u00f6nnen wieder besser wachsen. Nicht nur einzelne verbrannte Stellen, sondern die gesamte Rasenfl\u00e4che vertikutieren Sie. Auch die noch intakten Stellen sind f\u00fcr eine Bel\u00fcftung dankbar und wachsen wieder besser.<\/p>\n<h2 class=\"western\"><span class=\"ez-toc-section\" id=\"Nachsaat_vornehmen_Am_besten_erst_im_September\"><\/span>Nachsaat vornehmen: Am besten erst im September<span class=\"ez-toc-section-end\"><\/span><\/h2>\n<p><a href=\"https:\/\/www.samenhaus.de\/gartenblog\/wp-content\/uploads\/2025\/06\/verbrannter-Rasen_323516977-scaled.jpeg\"><img loading=\"lazy\" decoding=\"async\" class=\"alignright wp-image-21797\" src=\"https:\/\/www.samenhaus.de\/gartenblog\/wp-content\/uploads\/2025\/06\/verbrannter-Rasen_323516977-600x400.jpeg\" alt=\"Nachsaat\" width=\"300\" height=\"200\" srcset=\"https:\/\/www.samenhaus.de\/gartenblog\/wp-content\/uploads\/2025\/06\/verbrannter-Rasen_323516977-600x400.jpeg 600w, https:\/\/www.samenhaus.de\/gartenblog\/wp-content\/uploads\/2025\/06\/verbrannter-Rasen_323516977-1024x683.jpeg 1024w, https:\/\/www.samenhaus.de\/gartenblog\/wp-content\/uploads\/2025\/06\/verbrannter-Rasen_323516977-768x512.jpeg 768w, https:\/\/www.samenhaus.de\/gartenblog\/wp-content\/uploads\/2025\/06\/verbrannter-Rasen_323516977-1536x1024.jpeg 1536w, https:\/\/www.samenhaus.de\/gartenblog\/wp-content\/uploads\/2025\/06\/verbrannter-Rasen_323516977-scaled.jpeg 2048w\" sizes=\"auto, (max-width: 300px) 100vw, 300px\" \/><\/a>Haben Sie Ihren Rasen vertikutiert, m\u00fcssen Sie zumindest auf den schadhaften Stellen eine Nachsaat vornehmen. W\u00e4ssern Sie bereits vor der Nachsaat t\u00e4glich, damit die Samen besser keimen und die Keimlinge genug Feuchtigkeit bekommen. Arbeiten Sie vor der Nachsaat einen Herbstrasend\u00fcnger in den Boden, da er reich an Mineralstoffen ist und den Rasen widerstandsf\u00e4higer gegen Trockenheit macht. Beachten Sie genau die Dosierangaben, um eine erneute Sch\u00e4digung zu verhindern. F\u00fcr die Nachsaat bringen Sie den Samen auf und bedecken ihn mit einer d\u00fcnnen Schicht Erde, damit er nicht ungesch\u00fctzt ist. Vergessen Sie nicht die t\u00e4gliche Bew\u00e4sserung.<\/p>\n<h2 class=\"western\"><span class=\"ez-toc-section\" id=\"Verbrannten_Rasen_vermeiden_Ausreichende_Bewaesserung_und_gute_Pflege\"><\/span>Verbrannten Rasen vermeiden: Ausreichende Bew\u00e4sserung und gute Pflege<span class=\"ez-toc-section-end\"><\/span><\/h2>\n<p>Bei langen Hitzeperioden k\u00f6nnen Sie nicht immer verhindern, dass Ihr Rasen verbrennt. Die folgenden Ma\u00dfnahmen machen ihn aber widerstandsf\u00e4higer und verringern die Gefahr von Sch\u00e4den:<\/p>\n<ul>\n<li>bew\u00e4ssern Sie gleichm\u00e4\u00dfig und achten Sie auf eine gute Durchfeuchtung<\/li>\n<li>w\u00e4ssern Sie niemals um die Mittagszeit<\/li>\n<li>nur morgens oder abends w\u00e4ssern<\/li>\n<li>bei extremer Trockenheit und gro\u00dfer Hitze auch morgens und abends bew\u00e4ssern<\/li>\n<li>Rasen m\u00f6glichst wenig betreten<\/li>\n<li>nicht bei Mittagshitze m\u00e4hen<\/li>\n<\/ul>\n<p>Vertikutieren Sie Ihren Rasen regelm\u00e4\u00dfig, da Sie ihn dann widerstandsf\u00e4higer machen.<\/p>\n","protected":false},"excerpt":{"rendered":"<p>Lange Trockenperioden und Temperaturen \u00fcber 30 Grad Celsius k\u00f6nnen Ihrem Rasen arg zusetzen und ihn verbrennen. Sie m\u00fcssen die Hoffnung jedoch nicht aufgeben, denn Sie k\u00f6nnen ihn retten, indem Sie die schadhaften Stellen ausbessern. Bei gro\u00dfen Sch\u00e4den vertikutieren Sie den Rasen und s\u00e4en nach. Ursachen f\u00fcr verbrannten Rasen: Wenig Wasser und zu viel Hitze Ist Ihr Rasen verbrannt, sind lange Hitzeperioden, andauernde Trockenheit und zu wenig Wasser schuld daran. Rasen kann Feuchtigkeit nur schlecht speichern und ben\u00f6tigt daher eine regelm\u00e4\u00dfige Bew\u00e4sserung. Auch Fehler beim D\u00fcngen und mangelnde Bel\u00fcftung f\u00fchren zu gelben und vertrockneten Halmen. Nicht nur fehlende, sondern auch falsche Bew\u00e4sserung l\u00e4sst den Rasen verbrennen. W\u00e4ssern Sie niemals um die Mittagszeit, da die Sonneneinstrahlung zu intensiv ist. Der entstehende Lupeneffekt durch Wassertropfen und Sonne f\u00fchrt dazu, dass der Rasen innerhalb kurzer Zeit verbrennt. Wird der Rasen zu kurz gem\u00e4ht, kann er ebenfalls verbrennen. D\u00fcngen Sie zu viel, kann das den Rasen ebenfalls sch\u00e4digen. Es kommt also auf die richtige Dosierung an. Ist der Rasen noch zu retten? Erkennen mit dem Wurzeltest Bevor Sie an die Rettung Ihres verbrannten Rasens gehen, nehmen Sie einen Wurzeltest vor, um zu sehen, ob sich der Rasen wieder erholen kann. Sind die Wurzeln noch intakt [&hellip;]<\/p>\n","protected":false},"author":11,"featured_media":21798,"comment_status":"open","ping_status":"open","sticky":false,"template":"","format":"standard","meta":{"_acf_changed":false,"footnotes":""},"categories":[14],"tags":[],"hersteller":[],"class_list":["post-7719","post","type-post","status-publish","format-standard","has-post-thumbnail","hentry","category-rasen"],"acf":[],"yoast_head":"<!-- This site is optimized with the Yoast SEO plugin v27.4 - https:\/\/yoast.com\/product\/yoast-seo-wordpress\/ -->\n<title>Rasen verbrannt? Was Sie tun k\u00f6nnen, um ihn zu retten - Samenhaus Gartenblog<\/title>\n<meta name=\"description\" content=\"Im Sommer k\u00f6nnen die hohen Temperaturen den Rasen schnell verbrennen. Mit kleinen Ausbesserungen l\u00e4sst sich der Rasen wieder retten.\" \/>\n<meta name=\"robots\" content=\"index, follow, max-snippet:-1, max-image-preview:large, max-video-preview:-1\" \/>\n<link rel=\"canonical\" href=\"https:\/\/www.samenhaus.de\/gartenblog\/rasen-verbrannt-was-sie-tun-koennen-um-ihn-zu-retten\" \/>\n<meta property=\"og:locale\" content=\"de_DE\" \/>\n<meta property=\"og:type\" content=\"article\" \/>\n<meta property=\"og:title\" content=\"Rasen verbrannt? Was Sie tun k\u00f6nnen, um ihn zu retten - Samenhaus Gartenblog\" \/>\n<meta property=\"og:description\" content=\"Im Sommer k\u00f6nnen die hohen Temperaturen den Rasen schnell verbrennen. Mit kleinen Ausbesserungen l\u00e4sst sich der Rasen wieder retten.\" \/>\n<meta property=\"og:url\" content=\"https:\/\/www.samenhaus.de\/gartenblog\/rasen-verbrannt-was-sie-tun-koennen-um-ihn-zu-retten\" \/>\n<meta property=\"og:site_name\" content=\"Samenhaus Gartenblog\" \/>\n<meta property=\"article:publisher\" content=\"https:\/\/de-de.facebook.com\/samenhaus\" \/>\n<meta property=\"article:published_time\" content=\"2025-05-21T07:00:23+00:00\" \/>\n<meta property=\"article:modified_time\" content=\"2025-06-18T08:36:28+00:00\" \/>\n<meta property=\"og:image\" content=\"https:\/\/www.samenhaus.de\/gartenblog\/wp-content\/uploads\/2025\/06\/verbrannter-Rasen_892429986-scaled.jpg\" \/>\n\t<meta property=\"og:image:width\" content=\"2048\" \/>\n\t<meta property=\"og:image:height\" content=\"1153\" \/>\n\t<meta property=\"og:image:type\" content=\"image\/jpeg\" \/>\n<meta name=\"author\" content=\"Sabine\" \/>\n<meta name=\"twitter:card\" content=\"summary_large_image\" \/>\n<meta name=\"twitter:creator\" content=\"@samenhaus\" \/>\n<meta name=\"twitter:site\" content=\"@samenhaus\" \/>\n<meta name=\"twitter:label1\" content=\"Verfasst von\" \/>\n\t<meta name=\"twitter:data1\" content=\"Sabine\" \/>\n\t<meta name=\"twitter:label2\" content=\"Gesch\u00e4tzte Lesezeit\" \/>\n\t<meta name=\"twitter:data2\" content=\"5\u00a0Minuten\" \/>\n<script type=\"application\/ld+json\" class=\"yoast-schema-graph\">{\"@context\":\"https:\\\/\\\/schema.org\",\"@graph\":[{\"@type\":\"Article\",\"@id\":\"https:\\\/\\\/www.samenhaus.de\\\/gartenblog\\\/rasen-verbrannt-was-sie-tun-koennen-um-ihn-zu-retten#article\",\"isPartOf\":{\"@id\":\"https:\\\/\\\/www.samenhaus.de\\\/gartenblog\\\/rasen-verbrannt-was-sie-tun-koennen-um-ihn-zu-retten\"},\"author\":{\"name\":\"Sabine\",\"@id\":\"https:\\\/\\\/www.samenhaus.de\\\/gartenblog\\\/#\\\/schema\\\/person\\\/e4c837ea32ec74c39497c1e69976fed5\"},\"headline\":\"Rasen verbrannt? Was Sie tun k\u00f6nnen, um ihn zu retten\",\"datePublished\":\"2025-05-21T07:00:23+00:00\",\"dateModified\":\"2025-06-18T08:36:28+00:00\",\"mainEntityOfPage\":{\"@id\":\"https:\\\/\\\/www.samenhaus.de\\\/gartenblog\\\/rasen-verbrannt-was-sie-tun-koennen-um-ihn-zu-retten\"},\"wordCount\":820,\"commentCount\":0,\"publisher\":{\"@id\":\"https:\\\/\\\/www.samenhaus.de\\\/gartenblog\\\/#organization\"},\"image\":{\"@id\":\"https:\\\/\\\/www.samenhaus.de\\\/gartenblog\\\/rasen-verbrannt-was-sie-tun-koennen-um-ihn-zu-retten#primaryimage\"},\"thumbnailUrl\":\"https:\\\/\\\/www.samenhaus.de\\\/gartenblog\\\/wp-content\\\/uploads\\\/2025\\\/06\\\/verbrannter-Rasen_892429986-scaled.jpg\",\"articleSection\":[\"Rasen\"],\"inLanguage\":\"de\",\"potentialAction\":[{\"@type\":\"CommentAction\",\"name\":\"Comment\",\"target\":[\"https:\\\/\\\/www.samenhaus.de\\\/gartenblog\\\/rasen-verbrannt-was-sie-tun-koennen-um-ihn-zu-retten#respond\"]}],\"copyrightYear\":\"2025\",\"copyrightHolder\":{\"@id\":\"https:\\\/\\\/www.samenhaus.de\\\/gartenblog\\\/#organization\"}},{\"@type\":\"WebPage\",\"@id\":\"https:\\\/\\\/www.samenhaus.de\\\/gartenblog\\\/rasen-verbrannt-was-sie-tun-koennen-um-ihn-zu-retten\",\"url\":\"https:\\\/\\\/www.samenhaus.de\\\/gartenblog\\\/rasen-verbrannt-was-sie-tun-koennen-um-ihn-zu-retten\",\"name\":\"Rasen verbrannt? Was Sie tun k\u00f6nnen, um ihn zu retten - Samenhaus Gartenblog\",\"isPartOf\":{\"@id\":\"https:\\\/\\\/www.samenhaus.de\\\/gartenblog\\\/#website\"},\"primaryImageOfPage\":{\"@id\":\"https:\\\/\\\/www.samenhaus.de\\\/gartenblog\\\/rasen-verbrannt-was-sie-tun-koennen-um-ihn-zu-retten#primaryimage\"},\"image\":{\"@id\":\"https:\\\/\\\/www.samenhaus.de\\\/gartenblog\\\/rasen-verbrannt-was-sie-tun-koennen-um-ihn-zu-retten#primaryimage\"},\"thumbnailUrl\":\"https:\\\/\\\/www.samenhaus.de\\\/gartenblog\\\/wp-content\\\/uploads\\\/2025\\\/06\\\/verbrannter-Rasen_892429986-scaled.jpg\",\"datePublished\":\"2025-05-21T07:00:23+00:00\",\"dateModified\":\"2025-06-18T08:36:28+00:00\",\"description\":\"Im Sommer k\u00f6nnen die hohen Temperaturen den Rasen schnell verbrennen. Mit kleinen Ausbesserungen l\u00e4sst sich der Rasen wieder retten.\",\"breadcrumb\":{\"@id\":\"https:\\\/\\\/www.samenhaus.de\\\/gartenblog\\\/rasen-verbrannt-was-sie-tun-koennen-um-ihn-zu-retten#breadcrumb\"},\"inLanguage\":\"de\",\"potentialAction\":[{\"@type\":\"ReadAction\",\"target\":[\"https:\\\/\\\/www.samenhaus.de\\\/gartenblog\\\/rasen-verbrannt-was-sie-tun-koennen-um-ihn-zu-retten\"]}]},{\"@type\":\"ImageObject\",\"inLanguage\":\"de\",\"@id\":\"https:\\\/\\\/www.samenhaus.de\\\/gartenblog\\\/rasen-verbrannt-was-sie-tun-koennen-um-ihn-zu-retten#primaryimage\",\"url\":\"https:\\\/\\\/www.samenhaus.de\\\/gartenblog\\\/wp-content\\\/uploads\\\/2025\\\/06\\\/verbrannter-Rasen_892429986-scaled.jpg\",\"contentUrl\":\"https:\\\/\\\/www.samenhaus.de\\\/gartenblog\\\/wp-content\\\/uploads\\\/2025\\\/06\\\/verbrannter-Rasen_892429986-scaled.jpg\",\"width\":2048,\"height\":1153,\"caption\":\"verbrannter Rasen\"},{\"@type\":\"BreadcrumbList\",\"@id\":\"https:\\\/\\\/www.samenhaus.de\\\/gartenblog\\\/rasen-verbrannt-was-sie-tun-koennen-um-ihn-zu-retten#breadcrumb\",\"itemListElement\":[{\"@type\":\"ListItem\",\"position\":1,\"name\":\"Startseite\",\"item\":\"https:\\\/\\\/www.samenhaus.de\\\/gartenblog\\\/\"},{\"@type\":\"ListItem\",\"position\":2,\"name\":\"Rasen verbrannt? Was Sie tun k\u00f6nnen, um ihn zu retten\"}]},{\"@type\":\"WebSite\",\"@id\":\"https:\\\/\\\/www.samenhaus.de\\\/gartenblog\\\/#website\",\"url\":\"https:\\\/\\\/www.samenhaus.de\\\/gartenblog\\\/\",\"name\":\"Samenhaus Gartenblog\",\"description\":\"\",\"publisher\":{\"@id\":\"https:\\\/\\\/www.samenhaus.de\\\/gartenblog\\\/#organization\"},\"potentialAction\":[{\"@type\":\"SearchAction\",\"target\":{\"@type\":\"EntryPoint\",\"urlTemplate\":\"https:\\\/\\\/www.samenhaus.de\\\/gartenblog\\\/?s={search_term_string}\"},\"query-input\":{\"@type\":\"PropertyValueSpecification\",\"valueRequired\":true,\"valueName\":\"search_term_string\"}}],\"inLanguage\":\"de\"},{\"@type\":\"Organization\",\"@id\":\"https:\\\/\\\/www.samenhaus.de\\\/gartenblog\\\/#organization\",\"name\":\"Samenhaus.de Gartenblog\",\"url\":\"https:\\\/\\\/www.samenhaus.de\\\/gartenblog\\\/\",\"logo\":{\"@type\":\"ImageObject\",\"inLanguage\":\"de\",\"@id\":\"https:\\\/\\\/www.samenhaus.de\\\/gartenblog\\\/#\\\/schema\\\/logo\\\/image\\\/\",\"url\":\"https:\\\/\\\/www.samenhaus.de\\\/gartenblog\\\/wp-content\\\/uploads\\\/2020\\\/11\\\/logo.svg\",\"contentUrl\":\"https:\\\/\\\/www.samenhaus.de\\\/gartenblog\\\/wp-content\\\/uploads\\\/2020\\\/11\\\/logo.svg\",\"width\":1,\"height\":1,\"caption\":\"Samenhaus.de Gartenblog\"},\"image\":{\"@id\":\"https:\\\/\\\/www.samenhaus.de\\\/gartenblog\\\/#\\\/schema\\\/logo\\\/image\\\/\"},\"sameAs\":[\"https:\\\/\\\/de-de.facebook.com\\\/samenhaus\",\"https:\\\/\\\/x.com\\\/samenhaus\"]},{\"@type\":\"Person\",\"@id\":\"https:\\\/\\\/www.samenhaus.de\\\/gartenblog\\\/#\\\/schema\\\/person\\\/e4c837ea32ec74c39497c1e69976fed5\",\"name\":\"Sabine\",\"image\":{\"@type\":\"ImageObject\",\"inLanguage\":\"de\",\"@id\":\"https:\\\/\\\/www.samenhaus.de\\\/gartenblog\\\/wp-content\\\/uploads\\\/2026\\\/03\\\/sabine-150x150.png\",\"url\":\"https:\\\/\\\/www.samenhaus.de\\\/gartenblog\\\/wp-content\\\/uploads\\\/2026\\\/03\\\/sabine-150x150.png\",\"contentUrl\":\"https:\\\/\\\/www.samenhaus.de\\\/gartenblog\\\/wp-content\\\/uploads\\\/2026\\\/03\\\/sabine-150x150.png\",\"caption\":\"Sabine\"},\"description\":\"Sabine schreibt am liebsten \u00fcber Themen rund um den Selbstversorgergarten. Ob Gem\u00fcseanbau, Obstgarten, H\u00fchnerhaltung oder Konservierung und Verarbeitung, sie hat jede Menge eigene Erfahrung beizusteuern. Sie liebt es, den Blick \u00fcber die ersten zarten Pflanzen des Jahres schweifen zu lassen oder die gewaltige Ernte im Sommer und Herbst zu b\u00e4ndigen.\",\"url\":\"https:\\\/\\\/www.samenhaus.de\\\/gartenblog\\\/author\\\/sabine\"}]}<\/script>\n<!-- \/ Yoast SEO plugin. -->","yoast_head_json":{"title":"Rasen verbrannt? Was Sie tun k\u00f6nnen, um ihn zu retten - Samenhaus Gartenblog","description":"Im Sommer k\u00f6nnen die hohen Temperaturen den Rasen schnell verbrennen. Mit kleinen Ausbesserungen l\u00e4sst sich der Rasen wieder retten.","robots":{"index":"index","follow":"follow","max-snippet":"max-snippet:-1","max-image-preview":"max-image-preview:large","max-video-preview":"max-video-preview:-1"},"canonical":"https:\/\/www.samenhaus.de\/gartenblog\/rasen-verbrannt-was-sie-tun-koennen-um-ihn-zu-retten","og_locale":"de_DE","og_type":"article","og_title":"Rasen verbrannt? Was Sie tun k\u00f6nnen, um ihn zu retten - Samenhaus Gartenblog","og_description":"Im Sommer k\u00f6nnen die hohen Temperaturen den Rasen schnell verbrennen. Mit kleinen Ausbesserungen l\u00e4sst sich der Rasen wieder retten.","og_url":"https:\/\/www.samenhaus.de\/gartenblog\/rasen-verbrannt-was-sie-tun-koennen-um-ihn-zu-retten","og_site_name":"Samenhaus Gartenblog","article_publisher":"https:\/\/de-de.facebook.com\/samenhaus","article_published_time":"2025-05-21T07:00:23+00:00","article_modified_time":"2025-06-18T08:36:28+00:00","og_image":[{"width":2048,"height":1153,"url":"https:\/\/www.samenhaus.de\/gartenblog\/wp-content\/uploads\/2025\/06\/verbrannter-Rasen_892429986-scaled.jpg","type":"image\/jpeg"}],"author":"Sabine","twitter_card":"summary_large_image","twitter_creator":"@samenhaus","twitter_site":"@samenhaus","twitter_misc":{"Verfasst von":"Sabine","Gesch\u00e4tzte Lesezeit":"5\u00a0Minuten"},"schema":{"@context":"https:\/\/schema.org","@graph":[{"@type":"Article","@id":"https:\/\/www.samenhaus.de\/gartenblog\/rasen-verbrannt-was-sie-tun-koennen-um-ihn-zu-retten#article","isPartOf":{"@id":"https:\/\/www.samenhaus.de\/gartenblog\/rasen-verbrannt-was-sie-tun-koennen-um-ihn-zu-retten"},"author":{"name":"Sabine","@id":"https:\/\/www.samenhaus.de\/gartenblog\/#\/schema\/person\/e4c837ea32ec74c39497c1e69976fed5"},"headline":"Rasen verbrannt? Was Sie tun k\u00f6nnen, um ihn zu retten","datePublished":"2025-05-21T07:00:23+00:00","dateModified":"2025-06-18T08:36:28+00:00","mainEntityOfPage":{"@id":"https:\/\/www.samenhaus.de\/gartenblog\/rasen-verbrannt-was-sie-tun-koennen-um-ihn-zu-retten"},"wordCount":820,"commentCount":0,"publisher":{"@id":"https:\/\/www.samenhaus.de\/gartenblog\/#organization"},"image":{"@id":"https:\/\/www.samenhaus.de\/gartenblog\/rasen-verbrannt-was-sie-tun-koennen-um-ihn-zu-retten#primaryimage"},"thumbnailUrl":"https:\/\/www.samenhaus.de\/gartenblog\/wp-content\/uploads\/2025\/06\/verbrannter-Rasen_892429986-scaled.jpg","articleSection":["Rasen"],"inLanguage":"de","potentialAction":[{"@type":"CommentAction","name":"Comment","target":["https:\/\/www.samenhaus.de\/gartenblog\/rasen-verbrannt-was-sie-tun-koennen-um-ihn-zu-retten#respond"]}],"copyrightYear":"2025","copyrightHolder":{"@id":"https:\/\/www.samenhaus.de\/gartenblog\/#organization"}},{"@type":"WebPage","@id":"https:\/\/www.samenhaus.de\/gartenblog\/rasen-verbrannt-was-sie-tun-koennen-um-ihn-zu-retten","url":"https:\/\/www.samenhaus.de\/gartenblog\/rasen-verbrannt-was-sie-tun-koennen-um-ihn-zu-retten","name":"Rasen verbrannt? Was Sie tun k\u00f6nnen, um ihn zu retten - Samenhaus Gartenblog","isPartOf":{"@id":"https:\/\/www.samenhaus.de\/gartenblog\/#website"},"primaryImageOfPage":{"@id":"https:\/\/www.samenhaus.de\/gartenblog\/rasen-verbrannt-was-sie-tun-koennen-um-ihn-zu-retten#primaryimage"},"image":{"@id":"https:\/\/www.samenhaus.de\/gartenblog\/rasen-verbrannt-was-sie-tun-koennen-um-ihn-zu-retten#primaryimage"},"thumbnailUrl":"https:\/\/www.samenhaus.de\/gartenblog\/wp-content\/uploads\/2025\/06\/verbrannter-Rasen_892429986-scaled.jpg","datePublished":"2025-05-21T07:00:23+00:00","dateModified":"2025-06-18T08:36:28+00:00","description":"Im Sommer k\u00f6nnen die hohen Temperaturen den Rasen schnell verbrennen. Mit kleinen Ausbesserungen l\u00e4sst sich der Rasen wieder retten.","breadcrumb":{"@id":"https:\/\/www.samenhaus.de\/gartenblog\/rasen-verbrannt-was-sie-tun-koennen-um-ihn-zu-retten#breadcrumb"},"inLanguage":"de","potentialAction":[{"@type":"ReadAction","target":["https:\/\/www.samenhaus.de\/gartenblog\/rasen-verbrannt-was-sie-tun-koennen-um-ihn-zu-retten"]}]},{"@type":"ImageObject","inLanguage":"de","@id":"https:\/\/www.samenhaus.de\/gartenblog\/rasen-verbrannt-was-sie-tun-koennen-um-ihn-zu-retten#primaryimage","url":"https:\/\/www.samenhaus.de\/gartenblog\/wp-content\/uploads\/2025\/06\/verbrannter-Rasen_892429986-scaled.jpg","contentUrl":"https:\/\/www.samenhaus.de\/gartenblog\/wp-content\/uploads\/2025\/06\/verbrannter-Rasen_892429986-scaled.jpg","width":2048,"height":1153,"caption":"verbrannter Rasen"},{"@type":"BreadcrumbList","@id":"https:\/\/www.samenhaus.de\/gartenblog\/rasen-verbrannt-was-sie-tun-koennen-um-ihn-zu-retten#breadcrumb","itemListElement":[{"@type":"ListItem","position":1,"name":"Startseite","item":"https:\/\/www.samenhaus.de\/gartenblog\/"},{"@type":"ListItem","position":2,"name":"Rasen verbrannt? Was Sie tun k\u00f6nnen, um ihn zu retten"}]},{"@type":"WebSite","@id":"https:\/\/www.samenhaus.de\/gartenblog\/#website","url":"https:\/\/www.samenhaus.de\/gartenblog\/","name":"Samenhaus Gartenblog","description":"","publisher":{"@id":"https:\/\/www.samenhaus.de\/gartenblog\/#organization"},"potentialAction":[{"@type":"SearchAction","target":{"@type":"EntryPoint","urlTemplate":"https:\/\/www.samenhaus.de\/gartenblog\/?s={search_term_string}"},"query-input":{"@type":"PropertyValueSpecification","valueRequired":true,"valueName":"search_term_string"}}],"inLanguage":"de"},{"@type":"Organization","@id":"https:\/\/www.samenhaus.de\/gartenblog\/#organization","name":"Samenhaus.de Gartenblog","url":"https:\/\/www.samenhaus.de\/gartenblog\/","logo":{"@type":"ImageObject","inLanguage":"de","@id":"https:\/\/www.samenhaus.de\/gartenblog\/#\/schema\/logo\/image\/","url":"https:\/\/www.samenhaus.de\/gartenblog\/wp-content\/uploads\/2020\/11\/logo.svg","contentUrl":"https:\/\/www.samenhaus.de\/gartenblog\/wp-content\/uploads\/2020\/11\/logo.svg","width":1,"height":1,"caption":"Samenhaus.de Gartenblog"},"image":{"@id":"https:\/\/www.samenhaus.de\/gartenblog\/#\/schema\/logo\/image\/"},"sameAs":["https:\/\/de-de.facebook.com\/samenhaus","https:\/\/x.com\/samenhaus"]},{"@type":"Person","@id":"https:\/\/www.samenhaus.de\/gartenblog\/#\/schema\/person\/e4c837ea32ec74c39497c1e69976fed5","name":"Sabine","image":{"@type":"ImageObject","inLanguage":"de","@id":"https:\/\/www.samenhaus.de\/gartenblog\/wp-content\/uploads\/2026\/03\/sabine-150x150.png","url":"https:\/\/www.samenhaus.de\/gartenblog\/wp-content\/uploads\/2026\/03\/sabine-150x150.png","contentUrl":"https:\/\/www.samenhaus.de\/gartenblog\/wp-content\/uploads\/2026\/03\/sabine-150x150.png","caption":"Sabine"},"description":"Sabine schreibt am liebsten \u00fcber Themen rund um den Selbstversorgergarten. Ob Gem\u00fcseanbau, Obstgarten, H\u00fchnerhaltung oder Konservierung und Verarbeitung, sie hat jede Menge eigene Erfahrung beizusteuern. Sie liebt es, den Blick \u00fcber die ersten zarten Pflanzen des Jahres schweifen zu lassen oder die gewaltige Ernte im Sommer und Herbst zu b\u00e4ndigen.","url":"https:\/\/www.samenhaus.de\/gartenblog\/author\/sabine"}]}},"wp-worthy-pixel":{"ignored":false,"public":"eaf337541f3c4fa98cc5cc67bade1414","server":"vg07.met.vgwort.de","url":"https:\/\/vg07.met.vgwort.de\/na\/eaf337541f3c4fa98cc5cc67bade1414"},"wp-worthy-type":"normal","_links":{"self":[{"href":"https:\/\/www.samenhaus.de\/gartenblog\/wp-json\/wp\/v2\/posts\/7719","targetHints":{"allow":["GET"]}}],"collection":[{"href":"https:\/\/www.samenhaus.de\/gartenblog\/wp-json\/wp\/v2\/posts"}],"about":[{"href":"https:\/\/www.samenhaus.de\/gartenblog\/wp-json\/wp\/v2\/types\/post"}],"author":[{"embeddable":true,"href":"https:\/\/www.samenhaus.de\/gartenblog\/wp-json\/wp\/v2\/users\/11"}],"replies":[{"embeddable":true,"href":"https:\/\/www.samenhaus.de\/gartenblog\/wp-json\/wp\/v2\/comments?post=7719"}],"version-history":[{"count":7,"href":"https:\/\/www.samenhaus.de\/gartenblog\/wp-json\/wp\/v2\/posts\/7719\/revisions"}],"predecessor-version":[{"id":21800,"href":"https:\/\/www.samenhaus.de\/gartenblog\/wp-json\/wp\/v2\/posts\/7719\/revisions\/21800"}],"wp:featuredmedia":[{"embeddable":true,"href":"https:\/\/www.samenhaus.de\/gartenblog\/wp-json\/wp\/v2\/media\/21798"}],"wp:attachment":[{"href":"https:\/\/www.samenhaus.de\/gartenblog\/wp-json\/wp\/v2\/media?parent=7719"}],"wp:term":[{"taxonomy":"category","embeddable":true,"href":"https:\/\/www.samenhaus.de\/gartenblog\/wp-json\/wp\/v2\/categories?post=7719"},{"taxonomy":"post_tag","embeddable":true,"href":"https:\/\/www.samenhaus.de\/gartenblog\/wp-json\/wp\/v2\/tags?post=7719"},{"taxonomy":"hersteller","embeddable":true,"href":"https:\/\/www.samenhaus.de\/gartenblog\/wp-json\/wp\/v2\/hersteller?post=7719"}],"curies":[{"name":"wp","href":"https:\/\/api.w.org\/{rel}","templated":true}]}}