{"id":8145,"date":"2023-10-18T09:00:24","date_gmt":"2023-10-18T09:00:24","guid":{"rendered":"https:\/\/www.samenhaus.de\/gartenblog\/?p=8145"},"modified":"2023-10-16T12:53:22","modified_gmt":"2023-10-16T10:53:22","slug":"olivenbaeumchen-mediterranes-feeling-mit-eigener-olivenernte","status":"publish","type":"post","link":"https:\/\/www.samenhaus.de\/gartenblog\/olivenbaeumchen-mediterranes-feeling-mit-eigener-olivenernte","title":{"rendered":"Olivenb\u00e4umchen \u2013 mediterranes Feeling mit eigener Olivenernte"},"content":{"rendered":"<p>Von Spanien \u00fcber Frankreich bis nach Italien \u2013 wer am Mittelmeer Urlaub macht, der kommt unweigerlich mit Olivenb\u00e4umen in Ber\u00fchrung, denn die mediterranen Pflanzen sind dort \u00fcberall zu finden. Wer sich dieses Feeling nach Hause holen m\u00f6chte, der hat zahlreiche M\u00f6glichkeiten, seinen Garten oder seine Terrasse mediterran zu gestalten. Pflanzen wie etwa der Lavendel sind problemlos zu halten, bei Olivenb\u00e4umen muss schon einiges mehr beachtet werden. Eine Auspflanzung in den Garten wird zum Beispiel nicht angeraten, daf\u00fcr k\u00f6nnen Sie die Pflanzen gut im K\u00fcbel halten \u2013 und mit etwas Geduld sogar selbst Oliven ernten.<\/p>\n<h2><span class=\"ez-toc-section\" id=\"Olivenbaum_%E2%80%93_ein_Steckbrief\"><\/span>Olivenbaum \u2013 ein Steckbrief<span class=\"ez-toc-section-end\"><\/span><\/h2>\n<p><strong><img loading=\"lazy\" decoding=\"async\" class=\"size-full wp-image-14860 alignright\" src=\"https:\/\/www.samenhaus.de\/gartenblog\/wp-content\/uploads\/2023\/10\/Olivenbaum_0044.jpg\" alt=\"Olivenplantage\" width=\"300\" height=\"200\" \/>Name:<\/strong> Olivenbaum<br \/>\n<strong>Alternativer Name:<\/strong> Echter \u00d6lbaum<br \/>\n<strong>Botanischer Name:<\/strong> <em>Olea europaea<\/em><br \/>\n<strong>Familie:<\/strong> \u00d6lbaumgew\u00e4chse<br \/>\n<strong>Vorkommen:<\/strong> Mittelmeerraum, Naher Osten, S\u00fcdafrika<br \/>\n<strong>H\u00f6he:<\/strong> bis zu 20 Meter<br \/>\n<strong>Bl\u00fctezeit:<\/strong> April bis Juni<br \/>\n<strong>Bl\u00fctenfarbe:<\/strong> Wei\u00df<\/p>\n<h2><span class=\"ez-toc-section\" id=\"Die_Geschichte_des_Olivenbaums\"><\/span>Die Geschichte des Olivenbaums<span class=\"ez-toc-section-end\"><\/span><\/h2>\n<p>Die Kultivierung von Olivenb\u00e4umen geht weit in die Vergangenheit zur\u00fcck \u2013 und das mindestens 6.000 Jahre. Im 4. Jahrtausend vor Christus sollen Olivenb\u00e4ume in Syrien und auf Kreta als Gartenolive kultiviert worden sein. In der Antike galt der Olivenbaum als heiliger Baum der G\u00f6ttin Athene. Diese lies auf der Akropolis einen \u00d6lbaum wachsen, der bei der Einnahme der Stadt durch die Perser verbrannte, aber schon wenige Tage sp\u00e4ter neu austrieb.<\/p>\n<p>Schon zu Zeiten Homers, also etwa im 8. Jahrhundert vor Christus, wurde aus Oliven wertvolles \u00d6l gewonnen, das als Luxusgut z\u00e4hlte und vor allem von Reichen zum Salben des K\u00f6rpers verwendet wurde. Da das Holz des wilden Olivenbaumes besonders fest war, wurde es f\u00fcr die Fertigung von Axtstielen verwendet.<\/p>\n<p>Auch in der Bibel wurde der Olivenbaum immer wieder erw\u00e4hnt und stand f\u00fcr die wirtschaftliche Bedeutung im Land Kanaan. Der Baum wurde zum Friedenssymbol, zusammen mit der wei\u00dfen Taube, die einen \u00d6lzweig im Schnabel h\u00e4lt. Als nach der Sintflut Noah eine Taube losschickte und diese mit einem \u00d6lzweig zur\u00fcckkam, begann das Leben erneut. Selbst bei Jesus tauchten Olivenb\u00e4ume auf. Diese standen im Garten Gethsemane, wo Jesus kurz vor der Kreuzigung mit Gott sprach.<\/p>\n<p><strong>\u00dcbrigens:<\/strong> Der noch heute existierende, \u00e4lteste Olivenbaum der Welt, steht auf Kreta und hat ein Alter zwischen 3.000 und 5.000 Jahren.<\/p>\n<h2><span class=\"ez-toc-section\" id=\"Das_Olivenbaeumchen_fuer_mediterranes_Flair\"><\/span>Das Olivenb\u00e4umchen f\u00fcr mediterranes Flair<span class=\"ez-toc-section-end\"><\/span><\/h2>\n<p><img loading=\"lazy\" decoding=\"async\" class=\"size-full wp-image-14862 alignright\" src=\"https:\/\/www.samenhaus.de\/gartenblog\/wp-content\/uploads\/2023\/10\/Olivenbaum_0110.jpg\" alt=\"Olivenbaum im K\u00fcbel\" width=\"300\" height=\"200\" \/>Auch wenn immer wieder zu lesen ist, dass man Olivenb\u00e4umchen in milden Regionen durchaus in den Garten pflanzen kann, ist das Halten im K\u00fcbel wohl doch die bessere Variante, denn in der Regel sind die Pflanzen nicht winterhart. Es gibt zwar auch Sorten, die Temperaturen von bis zu -10 Grad vertragen, die meisten aber tolerieren keine K\u00e4lte, w\u00fcrden somit im Garten ohne zus\u00e4tzlichen Schutz nicht \u00fcberleben. M\u00f6chten Sie Ihren Olivenbaum dennoch in den Garten pflanzen, dann sollte die Pflanze schon \u00e4lter sein, denn junge Olivenb\u00e4ume sind so frostempfindlich, dass sie den Winter im Beet wohl trotz Schutz nicht \u00fcberleben w\u00fcrden.<\/p>\n<p>Olivenb\u00e4ume k\u00f6nnen H\u00f6hen zwischen 10 und 20 Metern erreichen \u2013 im K\u00fcbel bleibt die H\u00f6he mit rund 1,5 Metern \u00fcberschaubar. Bei der Auswahl Ihres Olivenb\u00e4umchens sollten Sie auf selbstfruchtende Sorten zur\u00fcckgreifen, damit die Befruchtung automatisch durch den Wind \u00fcbernommen wird. Ansonsten w\u00fcrden sie zwei Olivenb\u00e4umen ben\u00f6tigen. Bis der Baum das erste Mal bl\u00fcht, vergehen im Schnitt 7 Jahre, wenn Sie eigene Oliven m\u00f6chten, brauchen Sie also etwas Geduld.<\/p>\n<h2><span class=\"ez-toc-section\" id=\"Die_besten_Bedingungen_fuer_Ihren_Olivenbaum\"><\/span>Die besten Bedingungen f\u00fcr Ihren Olivenbaum<span class=\"ez-toc-section-end\"><\/span><\/h2>\n<p>Olivenb\u00e4ume sind in warmen und sonnigen Gefilden heimisch. Daher sollte der Standort in jedem Fall von der Sonne verw\u00f6hnt werden, Schatten schadet dem Wachstum. Weiterhin ist es sinnvoll, den Olivenbaum windgesch\u00fctzt aufzustellen.<\/p>\n<p>So hoch die Anspr\u00fcche an den Standort sind, so gering sind sie an das Substrat. Olivenb\u00e4umchen kommen quasi mit allen Erden zurecht. Egal, ob ein alkalischer oder saurer Boden, ob viel oder wenig Kalk oder ob die Erde reich an N\u00e4hrstoffen ist oder weniger zu bieten hat. Einzig Staun\u00e4sse ist etwas, was die Pflanze nicht toleriert. Daher sollten Sie \u2013 egal, ob im Beet oder K\u00fcbel gepflanzt wird \u2013 an eine <a href=\"https:\/\/www.samenhaus.de\/search?query=drainage\" target=\"_blank\" rel=\"noopener\">Drainage<\/a> denken. Sofern die Erde sehr locker und somit wasserdurchl\u00e4ssig ist, empfehlen wir eine St\u00fctze, damit der Baum nicht umkippt. Im Schnitt brauchen die Wurzeln etwa 2 Jahre, um sich soweit auszubilden, dass der Baum sicher steht.<\/p>\n<h2><span class=\"ez-toc-section\" id=\"Die_Pflege_von_Olivenbaeumchen\"><\/span>Die Pflege von Olivenb\u00e4umchen<span class=\"ez-toc-section-end\"><\/span><\/h2>\n<p><img loading=\"lazy\" decoding=\"async\" class=\"size-full wp-image-14863 alignright\" src=\"https:\/\/www.samenhaus.de\/gartenblog\/wp-content\/uploads\/2023\/10\/Olivenbaum_0113.jpg\" alt=\"Olivenb\u00e4umchen\" width=\"300\" height=\"200\" \/>Olivenb\u00e4ume sind anspruchslos, wachsen sehr langsam und brauchen relativ wenig Pflege. Wenn Sie auf einige Punkte achten, k\u00f6nnen Ihre Olivenb\u00e4umchen lange leben.<\/p>\n<h3><span class=\"ez-toc-section\" id=\"Olivenbaeumchen_giessen\"><\/span>Olivenb\u00e4umchen gie\u00dfen<span class=\"ez-toc-section-end\"><\/span><\/h3>\n<p>Die Heimat von Olivenb\u00e4umen sind warme und eher trockene Gefilde. Das hei\u00dft, dass Sie Ihren Olivenbaum gar nicht oft gie\u00dfen m\u00fcssen. Das Substrat darf durchaus abtrocknen, ehe Sie wieder zur Gie\u00dfkanne greifen. Der Grundsatz: weniger ist mehr gilt hier besonders. Zu viel Gie\u00dfen schadet den Wurzeln, vor allem dann, wenn Staun\u00e4sse entstehen k\u00f6nnte. Hierauf bitte besonders achten.<\/p>\n<h3><span class=\"ez-toc-section\" id=\"Olivenbaeumchen_duengen\"><\/span>Olivenb\u00e4umchen d\u00fcngen<span class=\"ez-toc-section-end\"><\/span><\/h3>\n<p>Sofern Sie Ihren Olivenbaum im K\u00fcbel halten, sollten Sie in der Wachstumsphase zwischen April und September alle 2 bis 3 Wochen etwas Fl\u00fcssigd\u00fcnger geben. Bei ausgepflanzten B\u00e4umen k\u00f6nnen Sie auf das D\u00fcngen verzichten.<\/p>\n<h3><span class=\"ez-toc-section\" id=\"Olivenbaeumchen_schneiden\"><\/span>Olivenb\u00e4umchen schneiden<span class=\"ez-toc-section-end\"><\/span><\/h3>\n<p>Das Gute beim Olivenbaumschnitt ist: Sie k\u00f6nnen kaum etwas falsch machen. Sollten Sie einmal zu viel geschnitten haben, treibt der Olivenbaum auch aus altem Holz wieder aus. Ganz abgesehen davon ist ein R\u00fcckschnitt sowieso kaum notwendig. Wenn Sie schneiden, dann am besten im Herbst. Entfernen Sie lediglich zu lange oder querwachsende Triebe.<\/p>\n<p>M\u00f6chten Sie ein Hochst\u00e4mmchen, dann entfernen Sie in den ersten Jahren die Triebe, die sich im unteren Teil des Hauptstammes bilden, die Triebe, die weiter oben wachsen und sp\u00e4ter die Krone bilden, werden lediglich etwas eingek\u00fcrzt. So formt sich nach rund 5 Jahren eine dichte Krone.<\/p>\n<h3><span class=\"ez-toc-section\" id=\"Olivenbaeumchen_umtopfen\"><\/span>Olivenb\u00e4umchen umtopfen<span class=\"ez-toc-section-end\"><\/span><\/h3>\n<p>Olivenb\u00e4ume wachsen recht langsam, weswegen ein Umtopfen nur selten notwendig wird. Sp\u00e4testens, wenn Wurzeln unten im K\u00fcbel herausschauen, sollte der Baum in einen gr\u00f6\u00dferen Topf umziehen. Wenn Sie m\u00f6chten, dass Ihr Olivenbaum schneller w\u00e4chst, topfen Sie ihn alle 1 bis 2 Jahre um.<\/p>\n<h3><span class=\"ez-toc-section\" id=\"Olivenbaeumchen_vermehren\"><\/span>Olivenb\u00e4umchen vermehren<span class=\"ez-toc-section-end\"><\/span><\/h3>\n<p>Ihr Olivenb\u00e4umchen k\u00f6nnen Sie auf zweierlei Arten vermehren: durch Samen und durch Stecklinge.<\/p>\n<ul>\n<li><strong>Vermehrung durch Samen<\/strong><\/li>\n<\/ul>\n<p>Wichtig bei dieser Art der Vermehrung ist, dass Sie vollreife Oliven bekommen. Olivenkerne aus dem Glas sind nicht geeignet.<\/p>\n<ol>\n<li>Zuerst wird das Fruchtfleisch vom Kern befreit.<\/li>\n<li>Legen Sie den Kern \u00fcber Nacht in laufwarmes Wasser.<\/li>\n<li>Rauen Sie den Kern mit Schleifpapier etwas an, dies dient zur Unterst\u00fctzung der besseren Keimung.<\/li>\n<li>Geben Sie den Olivenkern in einen Topf mit Anzuchterde und bedecken Sie ihn mit einer d\u00fcnnen Schicht Erde. Da nicht jeder Kern keimt, sollten Sie mehrere Kerne in einen Topf stecken.<\/li>\n<li>Stellen Sie den Anzuchttopf an einen hellen Ort mit Temperaturen um die 25 Grad.<\/li>\n<li>Gie\u00dfen Sie regelm\u00e4\u00dfig, sodass die Erde immer leicht feucht ist.<\/li>\n<li>Nach mehreren Wochen erscheinen die ersten Keimlinge, die Sie bei ausreichender Gr\u00f6\u00dfe in eigene T\u00f6pfe umsetzen k\u00f6nnen.<\/li>\n<\/ol>\n<ul>\n<li><strong>Vermehrung durch Stecklinge<\/strong><\/li>\n<\/ul>\n<p>Damit die Vermehrung durch Stecklinge klappt, brauchen Sie junge Triebe, die noch nicht verholzt sind.<\/p>\n<ol>\n<li>Schneiden Sie Triebe mit einer L\u00e4nge von rund 10 Zentimetern schr\u00e4g ab. Daran sollten sich mehrere Augen befinden.<\/li>\n<li>Die unteren Bl\u00e4tter werden entfernt.<\/li>\n<li>Der Steckling kommt nun in Anzuchterde, sollte aber nicht zu tief in die Erde gesteckt werden, damit sich die Wurzeln besser entwickeln k\u00f6nnen.<\/li>\n<li>Gie\u00dfen Sie gut an und stellen Sie den Topf bei Temperaturen um 25 Grad hell auf.<\/li>\n<li>Halten Sie die Erde immer leicht feucht.<\/li>\n<li>Sobald sich die ersten neuen Bl\u00e4tter zeigen, ist der Steckling angewachsen und kann in einen gr\u00f6\u00dferen Topf umziehen.<\/li>\n<\/ol>\n<h2><span class=\"ez-toc-section\" id=\"Olivenbaeumchen_ueberwintern\"><\/span>Olivenb\u00e4umchen \u00fcberwintern<span class=\"ez-toc-section-end\"><\/span><\/h2>\n<p><img loading=\"lazy\" decoding=\"async\" class=\"size-full wp-image-14865 alignright\" src=\"https:\/\/www.samenhaus.de\/gartenblog\/wp-content\/uploads\/2023\/10\/Olivenbaum_258781849.jpg\" alt=\"Olivenbaum \u00dcberwinterung\" width=\"300\" height=\"200\" \/>Die \u00dcberwinterung von Olivenb\u00e4umchen richtet sich danach, ob Sie den Baum im Beet ausgepflanzt haben oder im K\u00fcbel halten. Setzen Sie die Pflanzen nur in milden Regionen in den Garten, ansonsten ist ein K\u00fcbel sinnvoller.<\/p>\n<h3><span class=\"ez-toc-section\" id=\"Ueberwintern_im_Garten\"><\/span>\u00dcberwintern im Garten<span class=\"ez-toc-section-end\"><\/span><\/h3>\n<p>Beobachten Sie das Wetter gut und werden Sie aktiv, wenn sich die ersten Fr\u00f6ste ank\u00fcndigen. In diesem Fall wird die Baumscheibe mit einer Mulchschicht aus Rindenmulch oder Laub bedeckt. Auf diese Schicht kommt eine zweite, die aus Reisig besteht, der von Tannen, Fichten oder Kiefern stammt. Je dichter die Mulchschichten, umso besser der Frostschutz. Gleichzeitig wird der Stamm mit <a href=\"https:\/\/www.samenhaus.de\/search?query=kokosmatte\" target=\"_blank\" rel=\"noopener\">Kokos<\/a>&#8211; oder Jutematten umwickelt.<\/p>\n<p>Sofern strenger Frost mit Temperaturen unter -10 Grad zu erwarten ist, sollten Sie zus\u00e4tzlich die Baumkrone mit Gaze oder Leinen umwickeln, um Frostsch\u00e4den zu vermeiden. Mit etwas Gl\u00fcck \u00fcbersetzt Ihr Olivenb\u00e4umchen den Winter so ganz gut. Sollten Sie im Fr\u00fchling dennoch erfrorene Zweige feststellen, k\u00f6nnen Sie diese einfach entfernen.<\/p>\n<p><strong>\u00dcbrigens:<\/strong> Wenn Sie Ihrem Olivenb\u00e4umchen ab September regelm\u00e4\u00dfig Speziald\u00fcnger, der einen hohen Gehalt an Magnesium, Kalium und Schwefel bietet, geben, verholzen gr\u00fcne Triebe schneller und sind weniger anf\u00e4llig f\u00fcr niedrige Temperaturen.<\/p>\n<h3><span class=\"ez-toc-section\" id=\"Ueberwintern_im_Kuebel\"><\/span>\u00dcberwintern im K\u00fcbel<span class=\"ez-toc-section-end\"><\/span><\/h3>\n<p>Hier haben Sie zwei M\u00f6glichkeiten: einen hellen oder einen dunklen Stellplatz.<\/p>\n<ul>\n<li><strong>Olivenb\u00e4umchen hell \u00fcberwintern<\/strong><\/li>\n<\/ul>\n<p>Stellen Sie Ihren Olivenbaum an einen hellen und k\u00fchlen Ort auf, beispielsweise im Treppenhaus oder in einer Garage mit Fenstern. Die Temperaturen sollten zwischen 5 und 10 Grad liegen. Gie\u00dfen Sie den Olivenbaum nur ab und an, wichtig ist, dass die Erde nicht komplett austrocknet. Je k\u00fchler die Temperaturen, umso weniger m\u00fcssen Sie gie\u00dfen. Ebenfalls wichtig: regelm\u00e4\u00dfig den Raum l\u00fcften.<\/p>\n<ul>\n<li><strong>Olivenb\u00e4umchen dunkel \u00fcberwintern<\/strong><\/li>\n<\/ul>\n<p>Wenn Sie keine M\u00f6glichkeit haben, den Olivenbaum hell zu \u00fcberwintern, tut es auch ein dunkler Standort. Dann wirft die Pflanze ihre Bl\u00e4tter ab und treibt erst im Fr\u00fchling neu aus. Auch hier sollten Sie ab und zu eine Wassergabe verabreichen.<\/p>\n<h2><span class=\"ez-toc-section\" id=\"Krankheiten_und_Schaedlinge_am_Olivenbaeumchen\"><\/span>Krankheiten und Sch\u00e4dlinge am Olivenb\u00e4umchen<span class=\"ez-toc-section-end\"><\/span><\/h2>\n<p><img loading=\"lazy\" decoding=\"async\" class=\"size-full wp-image-14866 alignright\" src=\"https:\/\/www.samenhaus.de\/gartenblog\/wp-content\/uploads\/2023\/10\/Olivenbaum_351569161.jpg\" alt=\"Blattlausbefall Olivenbaum\" width=\"300\" height=\"200\" \/>Wenn Krankheiten an Ihrem Olivenbaum auftreten, dann stecken meist Pflegefehler dahinter:<\/p>\n<ul>\n<li><strong>Gelbe Bl\u00e4tter:<\/strong> Hier kann es sich um Staun\u00e4sse, aber auch um zu wenig Wasser handeln. Auch zu wenig Licht oder ein Mangel an N\u00e4hrstoffen kann zu gelben Bl\u00e4ttern f\u00fchren.<\/li>\n<li><strong>Braune Bl\u00e4tter:<\/strong> Werden die Bl\u00e4tter braun, ist meist Staun\u00e4sse oder ein falscher Standort verantwortlich. Im Winter werden Bl\u00e4tter braun, wenn der Baum zu kalt steht.<\/li>\n<li><strong>Blattabwurf:<\/strong> Wenn Sie Ihr Olivenb\u00e4umchen zu viel gie\u00dfen, zu wenig gie\u00dfen oder zu dunkel stellen, kann er die Bl\u00e4tter abwerfen. Bei \u00dcberwinterung im Dunkeln ist es normal, dass die Bl\u00e4tter fallen.<\/li>\n<li><strong>Olivenbaum vertrocknet:<\/strong> Ja, zu wenig Wasser ist nat\u00fcrlich ein Grund, wenn der Olivenbaum vertrocknet, aber auch zu viel Wasser kann dazu f\u00fchren, denn wenn die Wurzeln faulen, k\u00f6nnen sie kein Wasser mehr aufnehmen. Ebenfalls verantwortlich k\u00f6nnen ein falscher Standort oder N\u00e4hrstoffmangel sein.<\/li>\n<li><strong>Olivenbaum l\u00e4sst Bl\u00e4tter h\u00e4ngen:<\/strong> Hierbei handelt es sich nicht um zu wenige Wassergaben, sondern um einen N\u00e4hrstoffmangel.<\/li>\n<li><strong>Augenfleckenkrankheit:<\/strong> Dieser Pilz tritt vor allem bei feuchtem Wetter auf und bildet dunkle Flecken auf den Bl\u00e4ttern. Befallenes Laub sollten Sie sofort entfernen, so l\u00e4sst sich die Krankheit gut eind\u00e4mmen.<\/li>\n<\/ul>\n<p>Sch\u00e4dlinge treten beim Olivenbaum meist im Winterquartier auf. Dann ist mit Spinnmilben, Blattl\u00e4usen, Schildl\u00e4usen oder Wolll\u00e4usen zu rechnen. Kontrollieren Sie regelm\u00e4\u00dfig und stellen Sie einen Befall fest, bek\u00e4mpfen Sie mit einer Seifenlauge (50 Gramm Schmierseife auf 1 Liter lauwarmes Wasser). Dazu spr\u00fchen Sie die Bl\u00e4tter komplett \u00fcber eine l\u00e4ngere Zeit ein, um so die Sch\u00e4dlinge abzut\u00f6ten.<\/p>\n","protected":false},"excerpt":{"rendered":"<p>Von Spanien \u00fcber Frankreich bis nach Italien \u2013 wer am Mittelmeer Urlaub macht, der kommt unweigerlich mit Olivenb\u00e4umen in Ber\u00fchrung, denn die mediterranen Pflanzen sind dort \u00fcberall zu finden. Wer sich dieses Feeling nach Hause holen m\u00f6chte, der hat zahlreiche M\u00f6glichkeiten, seinen Garten oder seine Terrasse mediterran zu gestalten. Pflanzen wie etwa der Lavendel sind problemlos zu halten, bei Olivenb\u00e4umen muss schon einiges mehr beachtet werden. Eine Auspflanzung in den Garten wird zum Beispiel nicht angeraten, daf\u00fcr k\u00f6nnen Sie die Pflanzen gut im K\u00fcbel halten \u2013 und mit etwas Geduld sogar selbst Oliven ernten. Olivenbaum \u2013 ein Steckbrief Name: Olivenbaum Alternativer Name: Echter \u00d6lbaum Botanischer Name: Olea europaea Familie: \u00d6lbaumgew\u00e4chse Vorkommen: Mittelmeerraum, Naher Osten, S\u00fcdafrika H\u00f6he: bis zu 20 Meter Bl\u00fctezeit: April bis Juni Bl\u00fctenfarbe: Wei\u00df Die Geschichte des Olivenbaums Die Kultivierung von Olivenb\u00e4umen geht weit in die Vergangenheit zur\u00fcck \u2013 und das mindestens 6.000 Jahre. Im 4. Jahrtausend vor Christus sollen Olivenb\u00e4ume in Syrien und auf Kreta als Gartenolive kultiviert worden sein. In der Antike galt der Olivenbaum als heiliger Baum der G\u00f6ttin Athene. Diese lies auf der Akropolis einen \u00d6lbaum wachsen, der bei der Einnahme der Stadt durch die Perser verbrannte, aber schon wenige Tage sp\u00e4ter neu austrieb. [&hellip;]<\/p>\n","protected":false},"author":13,"featured_media":14861,"comment_status":"open","ping_status":"open","sticky":false,"template":"","format":"standard","meta":{"_acf_changed":false,"footnotes":""},"categories":[1],"tags":[],"hersteller":[],"class_list":["post-8145","post","type-post","status-publish","format-standard","has-post-thumbnail","hentry","category-allgemein"],"acf":[],"yoast_head":"<!-- This site is optimized with the Yoast SEO plugin v27.4 - https:\/\/yoast.com\/product\/yoast-seo-wordpress\/ -->\n<title>Olivenb\u00e4umchen \u2013 mediterranes Feeling mit eigener Olivenernte - Samenhaus Gartenblog<\/title>\n<meta name=\"description\" content=\"F\u00fcr einen mediterranen Garten braucht es auf jeden Fall ein Olivenbaum. Dieser hat aber einige Anforderungen, damit er sich gut entwickelt.\" \/>\n<meta name=\"robots\" content=\"index, follow, max-snippet:-1, max-image-preview:large, max-video-preview:-1\" \/>\n<link rel=\"canonical\" href=\"https:\/\/www.samenhaus.de\/gartenblog\/olivenbaeumchen-mediterranes-feeling-mit-eigener-olivenernte\" \/>\n<meta property=\"og:locale\" content=\"de_DE\" \/>\n<meta property=\"og:type\" content=\"article\" \/>\n<meta property=\"og:title\" content=\"Olivenb\u00e4umchen \u2013 mediterranes Feeling mit eigener Olivenernte - Samenhaus Gartenblog\" \/>\n<meta property=\"og:description\" content=\"F\u00fcr einen mediterranen Garten braucht es auf jeden Fall ein Olivenbaum. Dieser hat aber einige Anforderungen, damit er sich gut entwickelt.\" \/>\n<meta property=\"og:url\" content=\"https:\/\/www.samenhaus.de\/gartenblog\/olivenbaeumchen-mediterranes-feeling-mit-eigener-olivenernte\" \/>\n<meta property=\"og:site_name\" content=\"Samenhaus Gartenblog\" \/>\n<meta property=\"article:publisher\" content=\"https:\/\/de-de.facebook.com\/samenhaus\" \/>\n<meta property=\"article:published_time\" content=\"2023-10-18T09:00:24+00:00\" \/>\n<meta property=\"og:image\" content=\"https:\/\/www.samenhaus.de\/gartenblog\/wp-content\/uploads\/2023\/10\/Olivenbaum_0045.jpg\" \/>\n\t<meta property=\"og:image:width\" content=\"750\" \/>\n\t<meta property=\"og:image:height\" content=\"500\" \/>\n\t<meta property=\"og:image:type\" content=\"image\/jpeg\" \/>\n<meta name=\"author\" content=\"Holger\" \/>\n<meta name=\"twitter:card\" content=\"summary_large_image\" \/>\n<meta name=\"twitter:creator\" content=\"@samenhaus\" \/>\n<meta name=\"twitter:site\" content=\"@samenhaus\" \/>\n<meta name=\"twitter:label1\" content=\"Verfasst von\" \/>\n\t<meta name=\"twitter:data1\" content=\"Holger\" \/>\n\t<meta name=\"twitter:label2\" content=\"Gesch\u00e4tzte Lesezeit\" \/>\n\t<meta name=\"twitter:data2\" content=\"11\u00a0Minuten\" \/>\n<script type=\"application\/ld+json\" class=\"yoast-schema-graph\">{\"@context\":\"https:\\\/\\\/schema.org\",\"@graph\":[{\"@type\":\"Article\",\"@id\":\"https:\\\/\\\/www.samenhaus.de\\\/gartenblog\\\/olivenbaeumchen-mediterranes-feeling-mit-eigener-olivenernte#article\",\"isPartOf\":{\"@id\":\"https:\\\/\\\/www.samenhaus.de\\\/gartenblog\\\/olivenbaeumchen-mediterranes-feeling-mit-eigener-olivenernte\"},\"author\":{\"name\":\"Holger\",\"@id\":\"https:\\\/\\\/www.samenhaus.de\\\/gartenblog\\\/#\\\/schema\\\/person\\\/de169769587431893823f62b2ce06c04\"},\"headline\":\"Olivenb\u00e4umchen \u2013 mediterranes Feeling mit eigener Olivenernte\",\"datePublished\":\"2023-10-18T09:00:24+00:00\",\"mainEntityOfPage\":{\"@id\":\"https:\\\/\\\/www.samenhaus.de\\\/gartenblog\\\/olivenbaeumchen-mediterranes-feeling-mit-eigener-olivenernte\"},\"wordCount\":1882,\"commentCount\":0,\"publisher\":{\"@id\":\"https:\\\/\\\/www.samenhaus.de\\\/gartenblog\\\/#organization\"},\"image\":{\"@id\":\"https:\\\/\\\/www.samenhaus.de\\\/gartenblog\\\/olivenbaeumchen-mediterranes-feeling-mit-eigener-olivenernte#primaryimage\"},\"thumbnailUrl\":\"https:\\\/\\\/www.samenhaus.de\\\/gartenblog\\\/wp-content\\\/uploads\\\/2023\\\/10\\\/Olivenbaum_0045.jpg\",\"inLanguage\":\"de\",\"potentialAction\":[{\"@type\":\"CommentAction\",\"name\":\"Comment\",\"target\":[\"https:\\\/\\\/www.samenhaus.de\\\/gartenblog\\\/olivenbaeumchen-mediterranes-feeling-mit-eigener-olivenernte#respond\"]}],\"copyrightYear\":\"2023\",\"copyrightHolder\":{\"@id\":\"https:\\\/\\\/www.samenhaus.de\\\/gartenblog\\\/#organization\"}},{\"@type\":\"WebPage\",\"@id\":\"https:\\\/\\\/www.samenhaus.de\\\/gartenblog\\\/olivenbaeumchen-mediterranes-feeling-mit-eigener-olivenernte\",\"url\":\"https:\\\/\\\/www.samenhaus.de\\\/gartenblog\\\/olivenbaeumchen-mediterranes-feeling-mit-eigener-olivenernte\",\"name\":\"Olivenb\u00e4umchen \u2013 mediterranes Feeling mit eigener Olivenernte - Samenhaus Gartenblog\",\"isPartOf\":{\"@id\":\"https:\\\/\\\/www.samenhaus.de\\\/gartenblog\\\/#website\"},\"primaryImageOfPage\":{\"@id\":\"https:\\\/\\\/www.samenhaus.de\\\/gartenblog\\\/olivenbaeumchen-mediterranes-feeling-mit-eigener-olivenernte#primaryimage\"},\"image\":{\"@id\":\"https:\\\/\\\/www.samenhaus.de\\\/gartenblog\\\/olivenbaeumchen-mediterranes-feeling-mit-eigener-olivenernte#primaryimage\"},\"thumbnailUrl\":\"https:\\\/\\\/www.samenhaus.de\\\/gartenblog\\\/wp-content\\\/uploads\\\/2023\\\/10\\\/Olivenbaum_0045.jpg\",\"datePublished\":\"2023-10-18T09:00:24+00:00\",\"description\":\"F\u00fcr einen mediterranen Garten braucht es auf jeden Fall ein Olivenbaum. Dieser hat aber einige Anforderungen, damit er sich gut entwickelt.\",\"breadcrumb\":{\"@id\":\"https:\\\/\\\/www.samenhaus.de\\\/gartenblog\\\/olivenbaeumchen-mediterranes-feeling-mit-eigener-olivenernte#breadcrumb\"},\"inLanguage\":\"de\",\"potentialAction\":[{\"@type\":\"ReadAction\",\"target\":[\"https:\\\/\\\/www.samenhaus.de\\\/gartenblog\\\/olivenbaeumchen-mediterranes-feeling-mit-eigener-olivenernte\"]}]},{\"@type\":\"ImageObject\",\"inLanguage\":\"de\",\"@id\":\"https:\\\/\\\/www.samenhaus.de\\\/gartenblog\\\/olivenbaeumchen-mediterranes-feeling-mit-eigener-olivenernte#primaryimage\",\"url\":\"https:\\\/\\\/www.samenhaus.de\\\/gartenblog\\\/wp-content\\\/uploads\\\/2023\\\/10\\\/Olivenbaum_0045.jpg\",\"contentUrl\":\"https:\\\/\\\/www.samenhaus.de\\\/gartenblog\\\/wp-content\\\/uploads\\\/2023\\\/10\\\/Olivenbaum_0045.jpg\",\"width\":750,\"height\":500,\"caption\":\"Oliven\"},{\"@type\":\"BreadcrumbList\",\"@id\":\"https:\\\/\\\/www.samenhaus.de\\\/gartenblog\\\/olivenbaeumchen-mediterranes-feeling-mit-eigener-olivenernte#breadcrumb\",\"itemListElement\":[{\"@type\":\"ListItem\",\"position\":1,\"name\":\"Startseite\",\"item\":\"https:\\\/\\\/www.samenhaus.de\\\/gartenblog\\\/\"},{\"@type\":\"ListItem\",\"position\":2,\"name\":\"Olivenb\u00e4umchen \u2013 mediterranes Feeling mit eigener Olivenernte\"}]},{\"@type\":\"WebSite\",\"@id\":\"https:\\\/\\\/www.samenhaus.de\\\/gartenblog\\\/#website\",\"url\":\"https:\\\/\\\/www.samenhaus.de\\\/gartenblog\\\/\",\"name\":\"Samenhaus Gartenblog\",\"description\":\"\",\"publisher\":{\"@id\":\"https:\\\/\\\/www.samenhaus.de\\\/gartenblog\\\/#organization\"},\"potentialAction\":[{\"@type\":\"SearchAction\",\"target\":{\"@type\":\"EntryPoint\",\"urlTemplate\":\"https:\\\/\\\/www.samenhaus.de\\\/gartenblog\\\/?s={search_term_string}\"},\"query-input\":{\"@type\":\"PropertyValueSpecification\",\"valueRequired\":true,\"valueName\":\"search_term_string\"}}],\"inLanguage\":\"de\"},{\"@type\":\"Organization\",\"@id\":\"https:\\\/\\\/www.samenhaus.de\\\/gartenblog\\\/#organization\",\"name\":\"Samenhaus.de Gartenblog\",\"url\":\"https:\\\/\\\/www.samenhaus.de\\\/gartenblog\\\/\",\"logo\":{\"@type\":\"ImageObject\",\"inLanguage\":\"de\",\"@id\":\"https:\\\/\\\/www.samenhaus.de\\\/gartenblog\\\/#\\\/schema\\\/logo\\\/image\\\/\",\"url\":\"https:\\\/\\\/www.samenhaus.de\\\/gartenblog\\\/wp-content\\\/uploads\\\/2020\\\/11\\\/logo.svg\",\"contentUrl\":\"https:\\\/\\\/www.samenhaus.de\\\/gartenblog\\\/wp-content\\\/uploads\\\/2020\\\/11\\\/logo.svg\",\"width\":1,\"height\":1,\"caption\":\"Samenhaus.de Gartenblog\"},\"image\":{\"@id\":\"https:\\\/\\\/www.samenhaus.de\\\/gartenblog\\\/#\\\/schema\\\/logo\\\/image\\\/\"},\"sameAs\":[\"https:\\\/\\\/de-de.facebook.com\\\/samenhaus\",\"https:\\\/\\\/x.com\\\/samenhaus\"]},{\"@type\":\"Person\",\"@id\":\"https:\\\/\\\/www.samenhaus.de\\\/gartenblog\\\/#\\\/schema\\\/person\\\/de169769587431893823f62b2ce06c04\",\"name\":\"Holger\",\"image\":{\"@type\":\"ImageObject\",\"inLanguage\":\"de\",\"@id\":\"https:\\\/\\\/www.samenhaus.de\\\/gartenblog\\\/wp-content\\\/uploads\\\/2026\\\/03\\\/Holger-150x150.png\",\"url\":\"https:\\\/\\\/www.samenhaus.de\\\/gartenblog\\\/wp-content\\\/uploads\\\/2026\\\/03\\\/Holger-150x150.png\",\"contentUrl\":\"https:\\\/\\\/www.samenhaus.de\\\/gartenblog\\\/wp-content\\\/uploads\\\/2026\\\/03\\\/Holger-150x150.png\",\"caption\":\"Holger\"},\"description\":\"6.000.000 W\u00f6rter \u2013 so viel k\u00f6nnen Sie in etwa von mir online lesen. Das F\u00fcllen des Internets entwickelte sich nach meiner Ausbildung zum TV-Redakteur und der langj\u00e4hrigen Arbeit bei SAT.1 zu einem Fulltime-Job. Trotzdem finde ich noch gen\u00fcgend Zeit, um in meinem Garten zu werkeln. Eine Staude hier, ein Bl\u00fcmchen dort und ein bisschen Gem\u00fcse darf auch nicht fehlen \u2013 einen Schnitzelbaum gibt es ja noch nicht \u2026 Die besten geistigen Erg\u00fcsse habe ich \u00fcbrigens, wenn ich IM Garten \u00dcBER den Garten schreiben kann. So vereinen sich Beruf und Hobby perfekt \u2013 was gibt es Sch\u00f6neres?\",\"url\":\"https:\\\/\\\/www.samenhaus.de\\\/gartenblog\\\/author\\\/holger\"}]}<\/script>\n<!-- \/ Yoast SEO plugin. -->","yoast_head_json":{"title":"Olivenb\u00e4umchen \u2013 mediterranes Feeling mit eigener Olivenernte - Samenhaus Gartenblog","description":"F\u00fcr einen mediterranen Garten braucht es auf jeden Fall ein Olivenbaum. Dieser hat aber einige Anforderungen, damit er sich gut entwickelt.","robots":{"index":"index","follow":"follow","max-snippet":"max-snippet:-1","max-image-preview":"max-image-preview:large","max-video-preview":"max-video-preview:-1"},"canonical":"https:\/\/www.samenhaus.de\/gartenblog\/olivenbaeumchen-mediterranes-feeling-mit-eigener-olivenernte","og_locale":"de_DE","og_type":"article","og_title":"Olivenb\u00e4umchen \u2013 mediterranes Feeling mit eigener Olivenernte - Samenhaus Gartenblog","og_description":"F\u00fcr einen mediterranen Garten braucht es auf jeden Fall ein Olivenbaum. Dieser hat aber einige Anforderungen, damit er sich gut entwickelt.","og_url":"https:\/\/www.samenhaus.de\/gartenblog\/olivenbaeumchen-mediterranes-feeling-mit-eigener-olivenernte","og_site_name":"Samenhaus Gartenblog","article_publisher":"https:\/\/de-de.facebook.com\/samenhaus","article_published_time":"2023-10-18T09:00:24+00:00","og_image":[{"width":750,"height":500,"url":"https:\/\/www.samenhaus.de\/gartenblog\/wp-content\/uploads\/2023\/10\/Olivenbaum_0045.jpg","type":"image\/jpeg"}],"author":"Holger","twitter_card":"summary_large_image","twitter_creator":"@samenhaus","twitter_site":"@samenhaus","twitter_misc":{"Verfasst von":"Holger","Gesch\u00e4tzte Lesezeit":"11\u00a0Minuten"},"schema":{"@context":"https:\/\/schema.org","@graph":[{"@type":"Article","@id":"https:\/\/www.samenhaus.de\/gartenblog\/olivenbaeumchen-mediterranes-feeling-mit-eigener-olivenernte#article","isPartOf":{"@id":"https:\/\/www.samenhaus.de\/gartenblog\/olivenbaeumchen-mediterranes-feeling-mit-eigener-olivenernte"},"author":{"name":"Holger","@id":"https:\/\/www.samenhaus.de\/gartenblog\/#\/schema\/person\/de169769587431893823f62b2ce06c04"},"headline":"Olivenb\u00e4umchen \u2013 mediterranes Feeling mit eigener Olivenernte","datePublished":"2023-10-18T09:00:24+00:00","mainEntityOfPage":{"@id":"https:\/\/www.samenhaus.de\/gartenblog\/olivenbaeumchen-mediterranes-feeling-mit-eigener-olivenernte"},"wordCount":1882,"commentCount":0,"publisher":{"@id":"https:\/\/www.samenhaus.de\/gartenblog\/#organization"},"image":{"@id":"https:\/\/www.samenhaus.de\/gartenblog\/olivenbaeumchen-mediterranes-feeling-mit-eigener-olivenernte#primaryimage"},"thumbnailUrl":"https:\/\/www.samenhaus.de\/gartenblog\/wp-content\/uploads\/2023\/10\/Olivenbaum_0045.jpg","inLanguage":"de","potentialAction":[{"@type":"CommentAction","name":"Comment","target":["https:\/\/www.samenhaus.de\/gartenblog\/olivenbaeumchen-mediterranes-feeling-mit-eigener-olivenernte#respond"]}],"copyrightYear":"2023","copyrightHolder":{"@id":"https:\/\/www.samenhaus.de\/gartenblog\/#organization"}},{"@type":"WebPage","@id":"https:\/\/www.samenhaus.de\/gartenblog\/olivenbaeumchen-mediterranes-feeling-mit-eigener-olivenernte","url":"https:\/\/www.samenhaus.de\/gartenblog\/olivenbaeumchen-mediterranes-feeling-mit-eigener-olivenernte","name":"Olivenb\u00e4umchen \u2013 mediterranes Feeling mit eigener Olivenernte - Samenhaus Gartenblog","isPartOf":{"@id":"https:\/\/www.samenhaus.de\/gartenblog\/#website"},"primaryImageOfPage":{"@id":"https:\/\/www.samenhaus.de\/gartenblog\/olivenbaeumchen-mediterranes-feeling-mit-eigener-olivenernte#primaryimage"},"image":{"@id":"https:\/\/www.samenhaus.de\/gartenblog\/olivenbaeumchen-mediterranes-feeling-mit-eigener-olivenernte#primaryimage"},"thumbnailUrl":"https:\/\/www.samenhaus.de\/gartenblog\/wp-content\/uploads\/2023\/10\/Olivenbaum_0045.jpg","datePublished":"2023-10-18T09:00:24+00:00","description":"F\u00fcr einen mediterranen Garten braucht es auf jeden Fall ein Olivenbaum. Dieser hat aber einige Anforderungen, damit er sich gut entwickelt.","breadcrumb":{"@id":"https:\/\/www.samenhaus.de\/gartenblog\/olivenbaeumchen-mediterranes-feeling-mit-eigener-olivenernte#breadcrumb"},"inLanguage":"de","potentialAction":[{"@type":"ReadAction","target":["https:\/\/www.samenhaus.de\/gartenblog\/olivenbaeumchen-mediterranes-feeling-mit-eigener-olivenernte"]}]},{"@type":"ImageObject","inLanguage":"de","@id":"https:\/\/www.samenhaus.de\/gartenblog\/olivenbaeumchen-mediterranes-feeling-mit-eigener-olivenernte#primaryimage","url":"https:\/\/www.samenhaus.de\/gartenblog\/wp-content\/uploads\/2023\/10\/Olivenbaum_0045.jpg","contentUrl":"https:\/\/www.samenhaus.de\/gartenblog\/wp-content\/uploads\/2023\/10\/Olivenbaum_0045.jpg","width":750,"height":500,"caption":"Oliven"},{"@type":"BreadcrumbList","@id":"https:\/\/www.samenhaus.de\/gartenblog\/olivenbaeumchen-mediterranes-feeling-mit-eigener-olivenernte#breadcrumb","itemListElement":[{"@type":"ListItem","position":1,"name":"Startseite","item":"https:\/\/www.samenhaus.de\/gartenblog\/"},{"@type":"ListItem","position":2,"name":"Olivenb\u00e4umchen \u2013 mediterranes Feeling mit eigener Olivenernte"}]},{"@type":"WebSite","@id":"https:\/\/www.samenhaus.de\/gartenblog\/#website","url":"https:\/\/www.samenhaus.de\/gartenblog\/","name":"Samenhaus Gartenblog","description":"","publisher":{"@id":"https:\/\/www.samenhaus.de\/gartenblog\/#organization"},"potentialAction":[{"@type":"SearchAction","target":{"@type":"EntryPoint","urlTemplate":"https:\/\/www.samenhaus.de\/gartenblog\/?s={search_term_string}"},"query-input":{"@type":"PropertyValueSpecification","valueRequired":true,"valueName":"search_term_string"}}],"inLanguage":"de"},{"@type":"Organization","@id":"https:\/\/www.samenhaus.de\/gartenblog\/#organization","name":"Samenhaus.de Gartenblog","url":"https:\/\/www.samenhaus.de\/gartenblog\/","logo":{"@type":"ImageObject","inLanguage":"de","@id":"https:\/\/www.samenhaus.de\/gartenblog\/#\/schema\/logo\/image\/","url":"https:\/\/www.samenhaus.de\/gartenblog\/wp-content\/uploads\/2020\/11\/logo.svg","contentUrl":"https:\/\/www.samenhaus.de\/gartenblog\/wp-content\/uploads\/2020\/11\/logo.svg","width":1,"height":1,"caption":"Samenhaus.de Gartenblog"},"image":{"@id":"https:\/\/www.samenhaus.de\/gartenblog\/#\/schema\/logo\/image\/"},"sameAs":["https:\/\/de-de.facebook.com\/samenhaus","https:\/\/x.com\/samenhaus"]},{"@type":"Person","@id":"https:\/\/www.samenhaus.de\/gartenblog\/#\/schema\/person\/de169769587431893823f62b2ce06c04","name":"Holger","image":{"@type":"ImageObject","inLanguage":"de","@id":"https:\/\/www.samenhaus.de\/gartenblog\/wp-content\/uploads\/2026\/03\/Holger-150x150.png","url":"https:\/\/www.samenhaus.de\/gartenblog\/wp-content\/uploads\/2026\/03\/Holger-150x150.png","contentUrl":"https:\/\/www.samenhaus.de\/gartenblog\/wp-content\/uploads\/2026\/03\/Holger-150x150.png","caption":"Holger"},"description":"6.000.000 W\u00f6rter \u2013 so viel k\u00f6nnen Sie in etwa von mir online lesen. Das F\u00fcllen des Internets entwickelte sich nach meiner Ausbildung zum TV-Redakteur und der langj\u00e4hrigen Arbeit bei SAT.1 zu einem Fulltime-Job. Trotzdem finde ich noch gen\u00fcgend Zeit, um in meinem Garten zu werkeln. Eine Staude hier, ein Bl\u00fcmchen dort und ein bisschen Gem\u00fcse darf auch nicht fehlen \u2013 einen Schnitzelbaum gibt es ja noch nicht \u2026 Die besten geistigen Erg\u00fcsse habe ich \u00fcbrigens, wenn ich IM Garten \u00dcBER den Garten schreiben kann. So vereinen sich Beruf und Hobby perfekt \u2013 was gibt es Sch\u00f6neres?","url":"https:\/\/www.samenhaus.de\/gartenblog\/author\/holger"}]}},"wp-worthy-pixel":{"ignored":false,"public":"21ab86f6e6dd43acb5ffb1294808fe76","server":"vg08.met.vgwort.de","url":"https:\/\/vg08.met.vgwort.de\/na\/21ab86f6e6dd43acb5ffb1294808fe76"},"wp-worthy-type":"normal","_links":{"self":[{"href":"https:\/\/www.samenhaus.de\/gartenblog\/wp-json\/wp\/v2\/posts\/8145","targetHints":{"allow":["GET"]}}],"collection":[{"href":"https:\/\/www.samenhaus.de\/gartenblog\/wp-json\/wp\/v2\/posts"}],"about":[{"href":"https:\/\/www.samenhaus.de\/gartenblog\/wp-json\/wp\/v2\/types\/post"}],"author":[{"embeddable":true,"href":"https:\/\/www.samenhaus.de\/gartenblog\/wp-json\/wp\/v2\/users\/13"}],"replies":[{"embeddable":true,"href":"https:\/\/www.samenhaus.de\/gartenblog\/wp-json\/wp\/v2\/comments?post=8145"}],"version-history":[{"count":9,"href":"https:\/\/www.samenhaus.de\/gartenblog\/wp-json\/wp\/v2\/posts\/8145\/revisions"}],"predecessor-version":[{"id":14867,"href":"https:\/\/www.samenhaus.de\/gartenblog\/wp-json\/wp\/v2\/posts\/8145\/revisions\/14867"}],"wp:featuredmedia":[{"embeddable":true,"href":"https:\/\/www.samenhaus.de\/gartenblog\/wp-json\/wp\/v2\/media\/14861"}],"wp:attachment":[{"href":"https:\/\/www.samenhaus.de\/gartenblog\/wp-json\/wp\/v2\/media?parent=8145"}],"wp:term":[{"taxonomy":"category","embeddable":true,"href":"https:\/\/www.samenhaus.de\/gartenblog\/wp-json\/wp\/v2\/categories?post=8145"},{"taxonomy":"post_tag","embeddable":true,"href":"https:\/\/www.samenhaus.de\/gartenblog\/wp-json\/wp\/v2\/tags?post=8145"},{"taxonomy":"hersteller","embeddable":true,"href":"https:\/\/www.samenhaus.de\/gartenblog\/wp-json\/wp\/v2\/hersteller?post=8145"}],"curies":[{"name":"wp","href":"https:\/\/api.w.org\/{rel}","templated":true}]}}