{"id":8151,"date":"2023-01-06T09:00:33","date_gmt":"2023-01-06T09:00:33","guid":{"rendered":"https:\/\/www.samenhaus.de\/gartenblog\/?p=8151"},"modified":"2024-07-23T06:52:28","modified_gmt":"2024-07-23T04:52:28","slug":"die-blume-des-jahres","status":"publish","type":"post","link":"https:\/\/www.samenhaus.de\/gartenblog\/die-blume-des-jahres","title":{"rendered":"Die Blume des Jahres"},"content":{"rendered":"<p>Im Jahr 1980 wurde zum ersten Mal der Titel \u201eBlume des Jahres\u201c verliehen \u2013 und seitdem wird j\u00e4hrlich eine Pflanze gek\u00fcrt. Die Aktion wurde einst von der Ehefrau des damaligen Bundeskanzlers Helmut Schmidt, Loki Schmidt, ins Leben gerufen. Allerdings nicht aus Spa\u00df an der Freude, sondern aus einem ernsten Hintergrund heraus. Denn in den 70er Jahren wurde dem Thema Umweltschutz nicht die Aufmerksamkeit zuteil, wie das heute der Fall ist. Damals wollte man vor allem auf Wildblumen und deren Gefahr des Aussterbens hinweisen. Bis heute hat sich diese Tradition gehalten, die Blume des Jahres wird auch weiterhin von der Stiftung Naturschutz Hamburg und Stiftung zum Schutze gef\u00e4hrdeter Pflanzen verliehen. Viele dieser Wildblumen befinden sich auf der Roten Liste gef\u00e4hrdeter Pflanzen.<\/p>\n<h2><span class=\"ez-toc-section\" id=\"Blume_des_Jahres_1980_Lungen-Enzian\"><\/span>Blume des Jahres 1980: Lungen-Enzian<span class=\"ez-toc-section-end\"><\/span><\/h2>\n<p><strong><a href=\"https:\/\/www.samenhaus.de\/gartenblog\/wp-content\/uploads\/2023\/01\/Blume-des-Jahres_378272688-scaled.jpeg\"><img loading=\"lazy\" decoding=\"async\" class=\"alignright wp-image-8613\" src=\"https:\/\/www.samenhaus.de\/gartenblog\/wp-content\/uploads\/2023\/01\/Blume-des-Jahres_378272688-300x200.jpeg\" alt=\"Lungen-Enzian\" width=\"300\" height=\"200\" srcset=\"https:\/\/www.samenhaus.de\/gartenblog\/wp-content\/uploads\/2023\/01\/Blume-des-Jahres_378272688-300x200.jpeg 300w, https:\/\/www.samenhaus.de\/gartenblog\/wp-content\/uploads\/2023\/01\/Blume-des-Jahres_378272688-600x400.jpeg 600w, https:\/\/www.samenhaus.de\/gartenblog\/wp-content\/uploads\/2023\/01\/Blume-des-Jahres_378272688-768x512.jpeg 768w, https:\/\/www.samenhaus.de\/gartenblog\/wp-content\/uploads\/2023\/01\/Blume-des-Jahres_378272688-1024x683.jpeg 1024w, https:\/\/www.samenhaus.de\/gartenblog\/wp-content\/uploads\/2023\/01\/Blume-des-Jahres_378272688-1536x1025.jpeg 1536w, https:\/\/www.samenhaus.de\/gartenblog\/wp-content\/uploads\/2023\/01\/Blume-des-Jahres_378272688-2048x1366.jpeg 2048w\" sizes=\"auto, (max-width: 300px) 100vw, 300px\" \/><\/a>Name:<\/strong> Lungen-Enzian<br \/>\n<strong>Alternative Namen:<\/strong> Blauglocken, Lungenblume, Hungerkraut<br \/>\n<strong>Botanischer Name: <\/strong><em>Gentiana pneumonanthe<\/em><br \/>\n<strong>Familie:<\/strong> Enziangew\u00e4chse<br \/>\n<strong>Vorkommen:<\/strong> Europa, Asien, Kaukasus<br \/>\n<strong>Bl\u00fctezeit:<\/strong> Juni bis Oktober<br \/>\n<strong>Bl\u00fctenfarbe:<\/strong> Blau<br \/>\n<strong>Wuchsh\u00f6he:<\/strong> bis zu 40 cm<br \/>\n<strong>Besonderheiten:<\/strong> ungiftig, winterhart, der Lungen-Enzian ist stark gef\u00e4hrdet<\/p>\n<h2><span class=\"ez-toc-section\" id=\"Blume_des_Jahres_1981_Gelbe_Narzisse\"><\/span>Blume des Jahres 1981: Gelbe Narzisse<span class=\"ez-toc-section-end\"><\/span><\/h2>\n<p><strong><a href=\"https:\/\/www.samenhaus.de\/gartenblog\/wp-content\/uploads\/2023\/01\/Blume-des-Jahres_22251820-scaled.jpeg\"><img loading=\"lazy\" decoding=\"async\" class=\"alignright wp-image-8589\" src=\"https:\/\/www.samenhaus.de\/gartenblog\/wp-content\/uploads\/2023\/01\/Blume-des-Jahres_22251820-300x200.jpeg\" alt=\"Gelbe Narzisse\" width=\"300\" height=\"200\" srcset=\"https:\/\/www.samenhaus.de\/gartenblog\/wp-content\/uploads\/2023\/01\/Blume-des-Jahres_22251820-300x200.jpeg 300w, https:\/\/www.samenhaus.de\/gartenblog\/wp-content\/uploads\/2023\/01\/Blume-des-Jahres_22251820-600x400.jpeg 600w, https:\/\/www.samenhaus.de\/gartenblog\/wp-content\/uploads\/2023\/01\/Blume-des-Jahres_22251820-768x512.jpeg 768w, https:\/\/www.samenhaus.de\/gartenblog\/wp-content\/uploads\/2023\/01\/Blume-des-Jahres_22251820-1024x683.jpeg 1024w, https:\/\/www.samenhaus.de\/gartenblog\/wp-content\/uploads\/2023\/01\/Blume-des-Jahres_22251820-1536x1024.jpeg 1536w, https:\/\/www.samenhaus.de\/gartenblog\/wp-content\/uploads\/2023\/01\/Blume-des-Jahres_22251820-2048x1366.jpeg 2048w\" sizes=\"auto, (max-width: 300px) 100vw, 300px\" \/><\/a>Name:<\/strong> Gelbe Narzisse<br \/>\n<strong>Alternative Namen:<\/strong> Osterglocke, Trompeten-Narzisse, Falscher Narzissus<br \/>\n<strong>Botanischer Name:<\/strong> <em>Narcissus pseudonarcissus<\/em><br \/>\n<strong>Familie:<\/strong> Amaryllisgew\u00e4chse<br \/>\n<strong>Vorkommen:<\/strong> Europa, Asien, Amerika<br \/>\n<strong>Bl\u00fctezeit:<\/strong> M\u00e4rz bis April<br \/>\n<strong>Bl\u00fctenfarbe:<\/strong> Gelb<br \/>\n<strong>Wuchsh\u00f6he:<\/strong> bis zu 30 cm<br \/>\n<strong>Besonderheiten:<\/strong> giftig, winterhart, die Gelbe Narzisse ist gef\u00e4hrdet<\/p>\n<h2><span class=\"ez-toc-section\" id=\"Blume_des_Jahres_1982_Rotes_Waldvoeglein\"><\/span>Blume des Jahres 1982: Rotes Waldv\u00f6glein<span class=\"ez-toc-section-end\"><\/span><\/h2>\n<p><strong><a href=\"https:\/\/www.samenhaus.de\/gartenblog\/wp-content\/uploads\/2023\/01\/Blume-des-Jahres_384642652-scaled.jpeg\"><img loading=\"lazy\" decoding=\"async\" class=\"alignright wp-image-8614\" src=\"https:\/\/www.samenhaus.de\/gartenblog\/wp-content\/uploads\/2023\/01\/Blume-des-Jahres_384642652-300x200.jpeg\" alt=\"Rotes Waldv\u00f6glein\" width=\"300\" height=\"200\" srcset=\"https:\/\/www.samenhaus.de\/gartenblog\/wp-content\/uploads\/2023\/01\/Blume-des-Jahres_384642652-300x200.jpeg 300w, https:\/\/www.samenhaus.de\/gartenblog\/wp-content\/uploads\/2023\/01\/Blume-des-Jahres_384642652-2048x1365.jpeg 2048w, https:\/\/www.samenhaus.de\/gartenblog\/wp-content\/uploads\/2023\/01\/Blume-des-Jahres_384642652-600x400.jpeg 600w, https:\/\/www.samenhaus.de\/gartenblog\/wp-content\/uploads\/2023\/01\/Blume-des-Jahres_384642652-768x512.jpeg 768w, https:\/\/www.samenhaus.de\/gartenblog\/wp-content\/uploads\/2023\/01\/Blume-des-Jahres_384642652-1024x683.jpeg 1024w, https:\/\/www.samenhaus.de\/gartenblog\/wp-content\/uploads\/2023\/01\/Blume-des-Jahres_384642652-1536x1024.jpeg 1536w\" sizes=\"auto, (max-width: 300px) 100vw, 300px\" \/><\/a>Name:<\/strong> Rotes Waldv\u00f6glein<br \/>\n<strong>Alternative Namen:<\/strong> Purpur-Waldv\u00f6glein<br \/>\n<strong>Botanischer Name: <\/strong><em><span class=\"LrzXr kno-fv wHYlTd z8gr9e\">Cephalanthera rubra<\/span><\/em><br \/>\n<strong>Familie:<\/strong> Orchideen<br \/>\n<strong>Vorkommen:<\/strong> Europa, Nordafrika, Kaukasus, Zentralasien<br \/>\n<strong>Bl\u00fctezeit:<\/strong> Juni bis Juli<br \/>\n<strong>Bl\u00fctenfarbe:<\/strong> Rosa, Violett<br \/>\n<strong>Wuchsh\u00f6he:<\/strong> bis zu 70 cm<br \/>\n<strong>Besonderheiten:<\/strong> ungiftig, winterhart, das Rote Waldv\u00f6glein befindet sich auf der Vorwarnliste<\/p>\n<h2><span class=\"ez-toc-section\" id=\"Blume_des_Jahres_1983_Wilde_Tulpe\"><\/span>Blume des Jahres 1983: Wilde Tulpe<span class=\"ez-toc-section-end\"><\/span><\/h2>\n<p><strong><a href=\"https:\/\/www.samenhaus.de\/gartenblog\/wp-content\/uploads\/2023\/01\/Blume-des-Jahres_423207197-scaled.jpeg\"><img loading=\"lazy\" decoding=\"async\" class=\"alignright wp-image-8617\" src=\"https:\/\/www.samenhaus.de\/gartenblog\/wp-content\/uploads\/2023\/01\/Blume-des-Jahres_423207197-300x200.jpeg\" alt=\"Wilde Tulpe\" width=\"300\" height=\"200\" srcset=\"https:\/\/www.samenhaus.de\/gartenblog\/wp-content\/uploads\/2023\/01\/Blume-des-Jahres_423207197-300x200.jpeg 300w, https:\/\/www.samenhaus.de\/gartenblog\/wp-content\/uploads\/2023\/01\/Blume-des-Jahres_423207197-2048x1365.jpeg 2048w, https:\/\/www.samenhaus.de\/gartenblog\/wp-content\/uploads\/2023\/01\/Blume-des-Jahres_423207197-600x400.jpeg 600w, https:\/\/www.samenhaus.de\/gartenblog\/wp-content\/uploads\/2023\/01\/Blume-des-Jahres_423207197-768x512.jpeg 768w, https:\/\/www.samenhaus.de\/gartenblog\/wp-content\/uploads\/2023\/01\/Blume-des-Jahres_423207197-1024x683.jpeg 1024w, https:\/\/www.samenhaus.de\/gartenblog\/wp-content\/uploads\/2023\/01\/Blume-des-Jahres_423207197-1536x1024.jpeg 1536w\" sizes=\"auto, (max-width: 300px) 100vw, 300px\" \/><\/a>Name:<\/strong> Wilde Tulpe<br \/>\n<strong>Alternative Namen:<\/strong> Weinberg-Tulpe, Wald-Tulpe<br \/>\n<strong>Botanischer Name:<\/strong> <em>Tulipa sylvestris<\/em><br \/>\n<strong>Familie:<\/strong> Liliengew\u00e4chse<br \/>\n<strong>Vorkommen:<\/strong> Europa, Nordafrika<br \/>\n<strong>Bl\u00fctezeit:<\/strong> April bis Mai<br \/>\n<strong>Bl\u00fctenfarbe: <\/strong>Gelb<br \/>\n<strong>Wuchsh\u00f6he:<\/strong> bis zu 50 cm<br \/>\n<strong>Besonderheiten:<\/strong> giftig, winterhart, die Wilde Tulpe ist gef\u00e4hrdet<\/p>\n<h2><span class=\"ez-toc-section\" id=\"Blume_des_Jahres_1984_Sommer-Adonisroeschen\"><\/span>Blume des Jahres 1984: Sommer-Adonisr\u00f6schen<span class=\"ez-toc-section-end\"><\/span><\/h2>\n<p><strong><a href=\"https:\/\/www.samenhaus.de\/gartenblog\/wp-content\/uploads\/2023\/01\/Blume-des-Jahres_346605775-scaled.jpeg\"><img loading=\"lazy\" decoding=\"async\" class=\"alignright wp-image-8606\" src=\"https:\/\/www.samenhaus.de\/gartenblog\/wp-content\/uploads\/2023\/01\/Blume-des-Jahres_346605775-300x200.jpeg\" alt=\"Sommer-Adonisr\u00f6schen\" width=\"300\" height=\"200\" srcset=\"https:\/\/www.samenhaus.de\/gartenblog\/wp-content\/uploads\/2023\/01\/Blume-des-Jahres_346605775-300x200.jpeg 300w, https:\/\/www.samenhaus.de\/gartenblog\/wp-content\/uploads\/2023\/01\/Blume-des-Jahres_346605775-2048x1365.jpeg 2048w, https:\/\/www.samenhaus.de\/gartenblog\/wp-content\/uploads\/2023\/01\/Blume-des-Jahres_346605775-600x400.jpeg 600w, https:\/\/www.samenhaus.de\/gartenblog\/wp-content\/uploads\/2023\/01\/Blume-des-Jahres_346605775-768x512.jpeg 768w, https:\/\/www.samenhaus.de\/gartenblog\/wp-content\/uploads\/2023\/01\/Blume-des-Jahres_346605775-1024x683.jpeg 1024w, https:\/\/www.samenhaus.de\/gartenblog\/wp-content\/uploads\/2023\/01\/Blume-des-Jahres_346605775-1536x1024.jpeg 1536w\" sizes=\"auto, (max-width: 300px) 100vw, 300px\" \/><\/a>Name: <\/strong>Sommer-Adonisr\u00f6schen<br \/>\n<strong>Alternative Namen:<\/strong> Blutauge, Blutstr\u00f6pfchen, Feuerr\u00f6schen, Kleines Teufelsauge<br \/>\n<strong>Botanischer Name:<\/strong> <em>Adonis aestivalis<\/em><br \/>\n<strong>Familie: <\/strong>Hahnenfu\u00dfgew\u00e4chse<br \/>\n<strong>Vorkommen:<\/strong> Europa, Nordafrika, Klein- und Mittelasien, Himalaya<br \/>\n<strong>Bl\u00fctezeit: <\/strong>Mai bis Juni<br \/>\n<strong>Bl\u00fctenfarbe:<\/strong> Rot<br \/>\n<strong>Wuchsh\u00f6he:<\/strong> bis zu 30 cm<br \/>\n<strong>Besonderheiten:<\/strong> giftig, winterhart, das Sommer-Adonisr\u00f6schen ist stark gef\u00e4hrdet<\/p>\n<h2><span class=\"ez-toc-section\" id=\"Blume_des_Jahres_1985_Wald-Akelei\"><\/span><strong>Blume des Jahres 1985: Wald-Akelei<\/strong><span class=\"ez-toc-section-end\"><\/span><\/h2>\n<p><strong><a href=\"https:\/\/www.samenhaus.de\/gartenblog\/wp-content\/uploads\/2023\/01\/Blume-des-Jahres_438890416-scaled.jpeg\"><img loading=\"lazy\" decoding=\"async\" class=\"alignright wp-image-8621\" src=\"https:\/\/www.samenhaus.de\/gartenblog\/wp-content\/uploads\/2023\/01\/Blume-des-Jahres_438890416-300x200.jpeg\" alt=\"Wald-Akelei\" width=\"300\" height=\"200\" srcset=\"https:\/\/www.samenhaus.de\/gartenblog\/wp-content\/uploads\/2023\/01\/Blume-des-Jahres_438890416-300x200.jpeg 300w, https:\/\/www.samenhaus.de\/gartenblog\/wp-content\/uploads\/2023\/01\/Blume-des-Jahres_438890416-2048x1365.jpeg 2048w, https:\/\/www.samenhaus.de\/gartenblog\/wp-content\/uploads\/2023\/01\/Blume-des-Jahres_438890416-600x400.jpeg 600w, https:\/\/www.samenhaus.de\/gartenblog\/wp-content\/uploads\/2023\/01\/Blume-des-Jahres_438890416-768x512.jpeg 768w, https:\/\/www.samenhaus.de\/gartenblog\/wp-content\/uploads\/2023\/01\/Blume-des-Jahres_438890416-1024x683.jpeg 1024w, https:\/\/www.samenhaus.de\/gartenblog\/wp-content\/uploads\/2023\/01\/Blume-des-Jahres_438890416-1536x1024.jpeg 1536w\" sizes=\"auto, (max-width: 300px) 100vw, 300px\" \/><\/a>Name:<\/strong> Wald-Akelei<br \/>\n<strong>Alternative Namen:<\/strong> Gew\u00f6hnliche Akelei, Gemeine Akelei<br \/>\n<strong>Botanischer Name: <\/strong><em>Aquilegia vulgaris<\/em><br \/>\n<strong>Familie:<\/strong> Hahnenfu\u00dfgew\u00e4chse<br \/>\n<strong>Vorkommen:<\/strong> Europa, Nordafrika, Asien<br \/>\n<strong>Bl\u00fctezeit:<\/strong> Mai bis Juni<br \/>\n<strong>Bl\u00fctenfarbe:<\/strong> Blau, Violett<br \/>\n<strong>Wuchsh\u00f6he: <\/strong>bis zu 70 cm<br \/>\n<strong>Besonderheiten:<\/strong> giftig, winterhart, die Wald-Akelei befindet sich auf der Vorwarnliste<\/p>\n<h2><span class=\"ez-toc-section\" id=\"Blume_des_Jahres_1986_Arnika\"><\/span>Blume des Jahres 1986: Arnika<span class=\"ez-toc-section-end\"><\/span><\/h2>\n<p><strong><a href=\"https:\/\/www.samenhaus.de\/gartenblog\/wp-content\/uploads\/2023\/01\/Blume-des-Jahres_219992306-scaled.jpeg\"><img loading=\"lazy\" decoding=\"async\" class=\"alignright wp-image-8602\" src=\"https:\/\/www.samenhaus.de\/gartenblog\/wp-content\/uploads\/2023\/01\/Blume-des-Jahres_219992306-300x225.jpeg\" alt=\"Arnika\" width=\"300\" height=\"225\" \/><\/a>Name:<\/strong> Arnika<br \/>\n<strong>Alternative Namen:<\/strong> Berg-Wohlverleih<br \/>\n<strong>Botanischer Name:<\/strong> <em>Arnica montana<\/em><br \/>\n<strong>Familie:<\/strong> Korbbl\u00fctler<br \/>\n<strong>Vorkommen:<\/strong> Europa<br \/>\n<strong>Bl\u00fctezeit:<\/strong> Juni bis September<br \/>\n<strong>Bl\u00fctenfarbe:<\/strong> Gelb<br \/>\n<strong>Wuchsh\u00f6he:<\/strong> bis zu 60 cm<br \/>\n<strong>Besonderheiten:<\/strong> giftig, winterhart, die Arnika ist gef\u00e4hrdet<\/p>\n<h2><span class=\"ez-toc-section\" id=\"Blume_des_Jahres_1987_Stranddistel\"><\/span>Blume des Jahres 1987: Stranddistel<span class=\"ez-toc-section-end\"><\/span><\/h2>\n<p><strong><a href=\"https:\/\/www.samenhaus.de\/gartenblog\/wp-content\/uploads\/2023\/01\/Blume-des-Jahres_291200633-scaled.jpeg\"><img loading=\"lazy\" decoding=\"async\" class=\"alignright wp-image-8605\" src=\"https:\/\/www.samenhaus.de\/gartenblog\/wp-content\/uploads\/2023\/01\/Blume-des-Jahres_291200633-300x200.jpeg\" alt=\"Stranddistel\" width=\"300\" height=\"200\" srcset=\"https:\/\/www.samenhaus.de\/gartenblog\/wp-content\/uploads\/2023\/01\/Blume-des-Jahres_291200633-300x200.jpeg 300w, https:\/\/www.samenhaus.de\/gartenblog\/wp-content\/uploads\/2023\/01\/Blume-des-Jahres_291200633-2048x1365.jpeg 2048w, https:\/\/www.samenhaus.de\/gartenblog\/wp-content\/uploads\/2023\/01\/Blume-des-Jahres_291200633-600x400.jpeg 600w, https:\/\/www.samenhaus.de\/gartenblog\/wp-content\/uploads\/2023\/01\/Blume-des-Jahres_291200633-768x512.jpeg 768w, https:\/\/www.samenhaus.de\/gartenblog\/wp-content\/uploads\/2023\/01\/Blume-des-Jahres_291200633-1024x683.jpeg 1024w, https:\/\/www.samenhaus.de\/gartenblog\/wp-content\/uploads\/2023\/01\/Blume-des-Jahres_291200633-1536x1024.jpeg 1536w\" sizes=\"auto, (max-width: 300px) 100vw, 300px\" \/><\/a>Name:<\/strong> Stranddistel<br \/>\n<strong>Alternative Namen:<\/strong> Meer-Mannstreu, Strand-Mannstreu<br \/>\n<strong>Botanischer Name:<\/strong> <em>Eryngium maritmum<\/em><br \/>\n<strong>Familie:<\/strong> Doldenbl\u00fctler<br \/>\n<strong>Vorkommen:<\/strong> Europa<br \/>\n<strong>Bl\u00fctezeit:<\/strong> Juni bis Oktober<br \/>\n<strong>Bl\u00fctenfarbe<\/strong>: Blaugr\u00fcn<br \/>\n<strong>Wuchsh\u00f6he:<\/strong> bis zu 60 cm<br \/>\n<strong>Besonderheiten:<\/strong> ungiftig, winterhart, die Stranddistel ist stark gef\u00e4hrdet<\/p>\n<h2><span class=\"ez-toc-section\" id=\"Blume_des_Jahres_1988_Sumpf-Calla\"><\/span>Blume des Jahres 1988: Sumpf-Calla<span class=\"ez-toc-section-end\"><\/span><\/h2>\n<p><strong><a href=\"https:\/\/www.samenhaus.de\/gartenblog\/wp-content\/uploads\/2023\/01\/Blume-des-Jahres_2735244-scaled.jpeg\"><img loading=\"lazy\" decoding=\"async\" class=\"alignright wp-image-8586\" src=\"https:\/\/www.samenhaus.de\/gartenblog\/wp-content\/uploads\/2023\/01\/Blume-des-Jahres_2735244-300x200.jpeg\" alt=\"Sumpf-Calla\" width=\"300\" height=\"200\" srcset=\"https:\/\/www.samenhaus.de\/gartenblog\/wp-content\/uploads\/2023\/01\/Blume-des-Jahres_2735244-300x200.jpeg 300w, https:\/\/www.samenhaus.de\/gartenblog\/wp-content\/uploads\/2023\/01\/Blume-des-Jahres_2735244-2048x1365.jpeg 2048w, https:\/\/www.samenhaus.de\/gartenblog\/wp-content\/uploads\/2023\/01\/Blume-des-Jahres_2735244-600x400.jpeg 600w, https:\/\/www.samenhaus.de\/gartenblog\/wp-content\/uploads\/2023\/01\/Blume-des-Jahres_2735244-768x512.jpeg 768w, https:\/\/www.samenhaus.de\/gartenblog\/wp-content\/uploads\/2023\/01\/Blume-des-Jahres_2735244-1024x683.jpeg 1024w, https:\/\/www.samenhaus.de\/gartenblog\/wp-content\/uploads\/2023\/01\/Blume-des-Jahres_2735244-1536x1024.jpeg 1536w\" sizes=\"auto, (max-width: 300px) 100vw, 300px\" \/><\/a>Name:<\/strong> Sumpf-Calla<br \/>\n<strong>Alternative Namen:<\/strong> Drachenwurz, Schlangenwurz, Schlangenkraut, Schweinsohr<br \/>\n<strong>Botanischer Name:<\/strong><em> Calla palustris<\/em><br \/>\n<strong>Familie:<\/strong> Aronstabgew\u00e4chse<br \/>\n<strong>Vorkommen:<\/strong> Europa, Asien, Nordamerika<br \/>\n<strong>Bl\u00fctezeit:<\/strong> Mai bis Juli<br \/>\n<strong>Bl\u00fctenfarbe:<\/strong> Wei\u00df<br \/>\n<strong>Wuchsh\u00f6he:<\/strong> bis zu 100 cm<br \/>\n<strong>Besonderheiten:<\/strong> giftig, winterhart, die Sumpf-Calla befindet sich auf der Vorwarnliste<\/p>\n<h2><span class=\"ez-toc-section\" id=\"Blume_des_Jahres_1989_Karthaeusernelke\"><\/span>Blume des Jahres 1989: Karth\u00e4usernelke<span class=\"ez-toc-section-end\"><\/span><\/h2>\n<p><strong><a href=\"https:\/\/www.samenhaus.de\/gartenblog\/wp-content\/uploads\/2023\/01\/Blume-des-Jahres_365551216-scaled.jpeg\"><img loading=\"lazy\" decoding=\"async\" class=\"alignright wp-image-8610\" src=\"https:\/\/www.samenhaus.de\/gartenblog\/wp-content\/uploads\/2023\/01\/Blume-des-Jahres_365551216-300x200.jpeg\" alt=\"Karth\u00e4usernelke\" width=\"300\" height=\"200\" srcset=\"https:\/\/www.samenhaus.de\/gartenblog\/wp-content\/uploads\/2023\/01\/Blume-des-Jahres_365551216-300x200.jpeg 300w, https:\/\/www.samenhaus.de\/gartenblog\/wp-content\/uploads\/2023\/01\/Blume-des-Jahres_365551216-2048x1365.jpeg 2048w, https:\/\/www.samenhaus.de\/gartenblog\/wp-content\/uploads\/2023\/01\/Blume-des-Jahres_365551216-600x400.jpeg 600w, https:\/\/www.samenhaus.de\/gartenblog\/wp-content\/uploads\/2023\/01\/Blume-des-Jahres_365551216-768x512.jpeg 768w, https:\/\/www.samenhaus.de\/gartenblog\/wp-content\/uploads\/2023\/01\/Blume-des-Jahres_365551216-1024x683.jpeg 1024w, https:\/\/www.samenhaus.de\/gartenblog\/wp-content\/uploads\/2023\/01\/Blume-des-Jahres_365551216-1536x1024.jpeg 1536w\" sizes=\"auto, (max-width: 300px) 100vw, 300px\" \/><\/a>Name:<\/strong> Karth\u00e4usernelke<br \/>\n<strong>Alternative Namen:<\/strong> Steinnelke<br \/>\n<strong>Botanischer Name:<\/strong> <em>Dianthus carthusianorum<\/em><br \/>\n<strong>Familie:<\/strong> Nelkengew\u00e4chse<br \/>\n<strong>Vorkommen:<\/strong> Europa, Nordamerika<br \/>\n<strong>Bl\u00fctezeit: <\/strong>Juni bis September<br \/>\n<strong>Bl\u00fctenfarbe:<\/strong> Rosa, Rot<br \/>\n<strong>Wuchsh\u00f6he:<\/strong> bis zu 50 cm<br \/>\n<strong>Besonderheiten:<\/strong> ungiftig, winterhart, die Karth\u00e4usernelke befindet sich auf der Vorwarnliste<\/p>\n<h2><span class=\"ez-toc-section\" id=\"Blume_des_Jahres_1990_Berg-Sandgloeckchen\"><\/span>Blume des Jahres 1990: Berg-Sandgl\u00f6ckchen<span class=\"ez-toc-section-end\"><\/span><\/h2>\n<p><strong><a href=\"https:\/\/www.samenhaus.de\/gartenblog\/wp-content\/uploads\/2023\/01\/Blume-des-Jahres_157375389-scaled.jpeg\"><img loading=\"lazy\" decoding=\"async\" class=\"alignright wp-image-8594\" src=\"https:\/\/www.samenhaus.de\/gartenblog\/wp-content\/uploads\/2023\/01\/Blume-des-Jahres_157375389-300x200.jpeg\" alt=\"Berg-Sandgl\u00f6ckchen\" width=\"300\" height=\"200\" srcset=\"https:\/\/www.samenhaus.de\/gartenblog\/wp-content\/uploads\/2023\/01\/Blume-des-Jahres_157375389-300x200.jpeg 300w, https:\/\/www.samenhaus.de\/gartenblog\/wp-content\/uploads\/2023\/01\/Blume-des-Jahres_157375389-1024x683.jpeg 1024w, https:\/\/www.samenhaus.de\/gartenblog\/wp-content\/uploads\/2023\/01\/Blume-des-Jahres_157375389-600x400.jpeg 600w, https:\/\/www.samenhaus.de\/gartenblog\/wp-content\/uploads\/2023\/01\/Blume-des-Jahres_157375389-768x512.jpeg 768w, https:\/\/www.samenhaus.de\/gartenblog\/wp-content\/uploads\/2023\/01\/Blume-des-Jahres_157375389-1536x1024.jpeg 1536w, https:\/\/www.samenhaus.de\/gartenblog\/wp-content\/uploads\/2023\/01\/Blume-des-Jahres_157375389-2048x1365.jpeg 2048w\" sizes=\"auto, (max-width: 300px) 100vw, 300px\" \/><\/a>Name:<\/strong> Berg-Sandgl\u00f6ckchen<br \/>\n<strong>Alternative Namen:<\/strong> Berg-Sandrapunzel, Bergnelke, Sandkn\u00f6pfchen, Berg-Jasione<br \/>\n<strong>Botanischer Name:<\/strong> <em>Jasione montana<\/em><br \/>\n<strong>Familie:<\/strong> Glockenblumengew\u00e4chse<br \/>\n<strong>Vorkommen:<\/strong> Europa, Nordwestafrika<br \/>\n<strong>Bl\u00fctezeit:<\/strong> Juni bis August<br \/>\n<strong>Bl\u00fctenfarbe:<\/strong> Blau<br \/>\n<strong>Wuchsh\u00f6he:<\/strong> bis zu 60 cm<br \/>\n<strong>Besonderheiten:<\/strong> ungiftig, winterhart, das Berg-Sandgl\u00f6ckchen ist ungef\u00e4hrdet<\/p>\n<h2><span class=\"ez-toc-section\" id=\"Blume_des_Jahres_1991_Rosmarinheide\"><\/span>Blume des Jahres 1991: Rosmarinheide<span class=\"ez-toc-section-end\"><\/span><\/h2>\n<p><strong><a href=\"https:\/\/www.samenhaus.de\/gartenblog\/wp-content\/uploads\/2023\/01\/Blume-des-Jahres_179979036-scaled.jpeg\"><img loading=\"lazy\" decoding=\"async\" class=\"alignright wp-image-8597\" src=\"https:\/\/www.samenhaus.de\/gartenblog\/wp-content\/uploads\/2023\/01\/Blume-des-Jahres_179979036-300x200.jpeg\" alt=\"Rosmarinheide\" width=\"300\" height=\"200\" srcset=\"https:\/\/www.samenhaus.de\/gartenblog\/wp-content\/uploads\/2023\/01\/Blume-des-Jahres_179979036-300x200.jpeg 300w, https:\/\/www.samenhaus.de\/gartenblog\/wp-content\/uploads\/2023\/01\/Blume-des-Jahres_179979036-2048x1365.jpeg 2048w, https:\/\/www.samenhaus.de\/gartenblog\/wp-content\/uploads\/2023\/01\/Blume-des-Jahres_179979036-600x400.jpeg 600w, https:\/\/www.samenhaus.de\/gartenblog\/wp-content\/uploads\/2023\/01\/Blume-des-Jahres_179979036-768x512.jpeg 768w, https:\/\/www.samenhaus.de\/gartenblog\/wp-content\/uploads\/2023\/01\/Blume-des-Jahres_179979036-1024x683.jpeg 1024w, https:\/\/www.samenhaus.de\/gartenblog\/wp-content\/uploads\/2023\/01\/Blume-des-Jahres_179979036-1536x1024.jpeg 1536w\" sizes=\"auto, (max-width: 300px) 100vw, 300px\" \/><\/a>Name:<\/strong> Rosmarinheide<br \/>\n<strong>Alternative Namen:<\/strong> Lavendelheide, Sumpfrosmarin, Polei-Gr\u00e4nke<br \/>\n<strong>Botanischer Name: <\/strong><em>Andromeda polifolia<\/em><br \/>\n<strong>Familie: <\/strong>Heidekrautgew\u00e4chse<br \/>\n<strong>Vorkommen:<\/strong> Europa, Asien, Nordamerika<br \/>\n<strong>Bl\u00fctezeit: <\/strong>Mai bis Juli<br \/>\n<strong>Bl\u00fctenfarbe:<\/strong> Wei\u00df, Rosa<br \/>\n<strong>Wuchsh\u00f6he:<\/strong> bis zu 30 cm<br \/>\n<strong>Besonderheiten:<\/strong> giftig, winterhart, die Rosmarinheide ist gef\u00e4hrdet<\/p>\n<h2><span class=\"ez-toc-section\" id=\"Blume_des_Jahres_1992_Rundblaettriger_Sonnentau\"><\/span>Blume des Jahres 1992: Rundbl\u00e4ttriger Sonnentau<span class=\"ez-toc-section-end\"><\/span><\/h2>\n<p><strong><a href=\"https:\/\/www.samenhaus.de\/gartenblog\/wp-content\/uploads\/2023\/01\/Blume-des-Jahres_23521911-scaled.jpeg\"><img loading=\"lazy\" decoding=\"async\" class=\"alignright wp-image-8590\" src=\"https:\/\/www.samenhaus.de\/gartenblog\/wp-content\/uploads\/2023\/01\/Blume-des-Jahres_23521911-300x200.jpeg\" alt=\"Rundbl\u00e4ttriger Sonnentau\" width=\"300\" height=\"200\" srcset=\"https:\/\/www.samenhaus.de\/gartenblog\/wp-content\/uploads\/2023\/01\/Blume-des-Jahres_23521911-300x200.jpeg 300w, https:\/\/www.samenhaus.de\/gartenblog\/wp-content\/uploads\/2023\/01\/Blume-des-Jahres_23521911-2048x1365.jpeg 2048w, https:\/\/www.samenhaus.de\/gartenblog\/wp-content\/uploads\/2023\/01\/Blume-des-Jahres_23521911-600x400.jpeg 600w, https:\/\/www.samenhaus.de\/gartenblog\/wp-content\/uploads\/2023\/01\/Blume-des-Jahres_23521911-768x512.jpeg 768w, https:\/\/www.samenhaus.de\/gartenblog\/wp-content\/uploads\/2023\/01\/Blume-des-Jahres_23521911-1024x683.jpeg 1024w, https:\/\/www.samenhaus.de\/gartenblog\/wp-content\/uploads\/2023\/01\/Blume-des-Jahres_23521911-1536x1024.jpeg 1536w\" sizes=\"auto, (max-width: 300px) 100vw, 300px\" \/><\/a>Name:<\/strong> Rundbl\u00e4ttriger Sonnentau<br \/>\n<strong>Alternative Namen:<\/strong> Himmelstau, Himmelsl\u00f6ffelkraut, Bullenkraut, Widdertod<br \/>\n<strong>Botanischer Name: <\/strong><em>Drosera rotundifolia<\/em><br \/>\n<strong>Familie:<\/strong> Sonnentaugew\u00e4chse<br \/>\n<strong>Vorkommen:<\/strong> Europa, Asien, Nordamerika<br \/>\n<strong>Bl\u00fctezeit:<\/strong> Juni bis August<br \/>\n<strong>Bl\u00fctenfarbe:<\/strong> Wei\u00df<br \/>\n<strong>Wuchsh\u00f6he:<\/strong> bis zu 20 cm<br \/>\n<strong>Besonderheiten:<\/strong> ungiftig, winterhart, der Rundbl\u00e4ttrige Sonnentau ist gef\u00e4hrdet<\/p>\n<h2><span class=\"ez-toc-section\" id=\"Blume_des_Jahres_1993_Schachbrettblume\"><\/span>Blume des Jahres 1993: Schachbrettblume<span class=\"ez-toc-section-end\"><\/span><\/h2>\n<p><strong><a href=\"https:\/\/www.samenhaus.de\/gartenblog\/wp-content\/uploads\/2023\/01\/Blume-des-Jahres_145574217-scaled.jpeg\"><img loading=\"lazy\" decoding=\"async\" class=\"alignright wp-image-8593\" src=\"https:\/\/www.samenhaus.de\/gartenblog\/wp-content\/uploads\/2023\/01\/Blume-des-Jahres_145574217-300x200.jpeg\" alt=\"Schachbrettblume\" width=\"300\" height=\"200\" srcset=\"https:\/\/www.samenhaus.de\/gartenblog\/wp-content\/uploads\/2023\/01\/Blume-des-Jahres_145574217-300x200.jpeg 300w, https:\/\/www.samenhaus.de\/gartenblog\/wp-content\/uploads\/2023\/01\/Blume-des-Jahres_145574217-1024x683.jpeg 1024w, https:\/\/www.samenhaus.de\/gartenblog\/wp-content\/uploads\/2023\/01\/Blume-des-Jahres_145574217-600x400.jpeg 600w, https:\/\/www.samenhaus.de\/gartenblog\/wp-content\/uploads\/2023\/01\/Blume-des-Jahres_145574217-768x512.jpeg 768w, https:\/\/www.samenhaus.de\/gartenblog\/wp-content\/uploads\/2023\/01\/Blume-des-Jahres_145574217-1536x1024.jpeg 1536w, https:\/\/www.samenhaus.de\/gartenblog\/wp-content\/uploads\/2023\/01\/Blume-des-Jahres_145574217-2048x1365.jpeg 2048w\" sizes=\"auto, (max-width: 300px) 100vw, 300px\" \/><\/a>Name:<\/strong> Schachbrettblume<br \/>\n<strong>Alternative Namen:<\/strong> Schachblume, Kiebitzei<br \/>\n<strong>Botanischer Name:<\/strong> <em>Fritillaria meleagris<\/em><br \/>\n<strong>Familie:<\/strong> Liliengew\u00e4chse<br \/>\n<strong>Vorkommen:<\/strong> Europa<br \/>\n<strong>Bl\u00fctezeit:<\/strong> April bis Mai<br \/>\n<strong>Bl\u00fctenfarbe:<\/strong> Wei\u00df, Rosa, Rot, Purpur<br \/>\n<strong>Wuchsh\u00f6he:<\/strong> bis zu 35 cm<br \/>\n<strong>Besonderheiten:<\/strong> giftig, winterhart, die Schachbrettblume ist gef\u00e4hrdet<\/p>\n<h2><span class=\"ez-toc-section\" id=\"Blume_des_Jahres_1994_Breitblaettriges_Knabenkraut\"><\/span>Blume des Jahres 1994: Breitbl\u00e4ttriges Knabenkraut<span class=\"ez-toc-section-end\"><\/span><\/h2>\n<p><strong><a href=\"https:\/\/www.samenhaus.de\/gartenblog\/wp-content\/uploads\/2023\/01\/Blume-des-Jahres_400997241-scaled.jpeg\"><img loading=\"lazy\" decoding=\"async\" class=\"alignright wp-image-8615\" src=\"https:\/\/www.samenhaus.de\/gartenblog\/wp-content\/uploads\/2023\/01\/Blume-des-Jahres_400997241-300x200.jpeg\" alt=\"Breitbl\u00e4ttriges Knabenkraut\" width=\"300\" height=\"200\" srcset=\"https:\/\/www.samenhaus.de\/gartenblog\/wp-content\/uploads\/2023\/01\/Blume-des-Jahres_400997241-300x200.jpeg 300w, https:\/\/www.samenhaus.de\/gartenblog\/wp-content\/uploads\/2023\/01\/Blume-des-Jahres_400997241-2048x1365.jpeg 2048w, https:\/\/www.samenhaus.de\/gartenblog\/wp-content\/uploads\/2023\/01\/Blume-des-Jahres_400997241-600x400.jpeg 600w, https:\/\/www.samenhaus.de\/gartenblog\/wp-content\/uploads\/2023\/01\/Blume-des-Jahres_400997241-768x512.jpeg 768w, https:\/\/www.samenhaus.de\/gartenblog\/wp-content\/uploads\/2023\/01\/Blume-des-Jahres_400997241-1024x683.jpeg 1024w, https:\/\/www.samenhaus.de\/gartenblog\/wp-content\/uploads\/2023\/01\/Blume-des-Jahres_400997241-1536x1024.jpeg 1536w\" sizes=\"auto, (max-width: 300px) 100vw, 300px\" \/><\/a>Name:<\/strong> Breitbl\u00e4ttriges Knabenkraut<br \/>\n<strong>Alternative Namen:<\/strong> Breitbl\u00e4ttrige Fingerwurz<br \/>\n<strong>Botanischer Name:<\/strong> <em>Dactylorhiza majalis<\/em><br \/>\n<strong>Familie:<\/strong> Orchideen<br \/>\n<strong>Vorkommen:<\/strong> Europa, Asien, Sibirien<br \/>\n<strong>Bl\u00fctezeit:<\/strong> Mai bis Juli<br \/>\n<strong>Bl\u00fctenfarbe:<\/strong> Rosa, Violett<br \/>\n<strong>Wuchsh\u00f6he:<\/strong> bis zu 50 cm<br \/>\n<strong>Besonderheiten:<\/strong> ungiftig, winterhart, das Breitbl\u00e4ttrige Knabenkraut ist gef\u00e4hrdet<\/p>\n<h2><span class=\"ez-toc-section\" id=\"Blume_des_Jahres_1995_Trollblume\"><\/span>Blume des Jahres 1995: Trollblume<span class=\"ez-toc-section-end\"><\/span><\/h2>\n<p><strong><a href=\"https:\/\/www.samenhaus.de\/gartenblog\/wp-content\/uploads\/2023\/01\/Blume-des-Jahres_160423084-scaled.jpeg\"><img loading=\"lazy\" decoding=\"async\" class=\"alignright wp-image-8595\" src=\"https:\/\/www.samenhaus.de\/gartenblog\/wp-content\/uploads\/2023\/01\/Blume-des-Jahres_160423084-300x200.jpeg\" alt=\"Trollblume\" width=\"300\" height=\"200\" srcset=\"https:\/\/www.samenhaus.de\/gartenblog\/wp-content\/uploads\/2023\/01\/Blume-des-Jahres_160423084-300x200.jpeg 300w, https:\/\/www.samenhaus.de\/gartenblog\/wp-content\/uploads\/2023\/01\/Blume-des-Jahres_160423084-600x400.jpeg 600w, https:\/\/www.samenhaus.de\/gartenblog\/wp-content\/uploads\/2023\/01\/Blume-des-Jahres_160423084-1024x683.jpeg 1024w, https:\/\/www.samenhaus.de\/gartenblog\/wp-content\/uploads\/2023\/01\/Blume-des-Jahres_160423084-768x513.jpeg 768w, https:\/\/www.samenhaus.de\/gartenblog\/wp-content\/uploads\/2023\/01\/Blume-des-Jahres_160423084-1536x1025.jpeg 1536w, https:\/\/www.samenhaus.de\/gartenblog\/wp-content\/uploads\/2023\/01\/Blume-des-Jahres_160423084-2048x1367.jpeg 2048w\" sizes=\"auto, (max-width: 300px) 100vw, 300px\" \/><\/a>Name:<\/strong> Trollblume<br \/>\n<strong>Alternative Namen:<\/strong> Goldk\u00f6pfchen, Butterblume, Natternkn\u00f6pfe, Butterrosen, Kugelranunkel<br \/>\n<strong>Botanischer Name:<\/strong> <em>Trollius europaeus<\/em><br \/>\n<strong>Familie:<\/strong> Hahnenfu\u00dfgew\u00e4chse<br \/>\n<strong>Vorkommen: <\/strong>Europa, Asien, Westsibirien<br \/>\n<strong>Bl\u00fctezeit:<\/strong> April bis Juli<br \/>\n<strong>Bl\u00fctenfarbe:<\/strong> Gelb<br \/>\n<strong>Wuchsh\u00f6he:<\/strong> bis zu 80 cm<br \/>\n<strong>Besonderheiten:<\/strong> giftig, winterhart, die Trollblume ist gef\u00e4hrdet<\/p>\n<h2><span class=\"ez-toc-section\" id=\"Blume_des_Jahres_1996_Echte_Kuechenschelle\"><\/span>Blume des Jahres 1996: Echte K\u00fcchenschelle<span class=\"ez-toc-section-end\"><\/span><\/h2>\n<p><strong><a href=\"https:\/\/www.samenhaus.de\/gartenblog\/wp-content\/uploads\/2023\/01\/Blume-des-Jahres_500932740-scaled.jpeg\"><img loading=\"lazy\" decoding=\"async\" class=\"alignright wp-image-8625\" src=\"https:\/\/www.samenhaus.de\/gartenblog\/wp-content\/uploads\/2023\/01\/Blume-des-Jahres_500932740-300x200.jpeg\" alt=\"Echte K\u00fcchenschelle\" width=\"300\" height=\"200\" srcset=\"https:\/\/www.samenhaus.de\/gartenblog\/wp-content\/uploads\/2023\/01\/Blume-des-Jahres_500932740-300x200.jpeg 300w, https:\/\/www.samenhaus.de\/gartenblog\/wp-content\/uploads\/2023\/01\/Blume-des-Jahres_500932740-2048x1365.jpeg 2048w, https:\/\/www.samenhaus.de\/gartenblog\/wp-content\/uploads\/2023\/01\/Blume-des-Jahres_500932740-600x400.jpeg 600w, https:\/\/www.samenhaus.de\/gartenblog\/wp-content\/uploads\/2023\/01\/Blume-des-Jahres_500932740-768x512.jpeg 768w, https:\/\/www.samenhaus.de\/gartenblog\/wp-content\/uploads\/2023\/01\/Blume-des-Jahres_500932740-1024x683.jpeg 1024w, https:\/\/www.samenhaus.de\/gartenblog\/wp-content\/uploads\/2023\/01\/Blume-des-Jahres_500932740-1536x1024.jpeg 1536w\" sizes=\"auto, (max-width: 300px) 100vw, 300px\" \/><\/a>Name:<\/strong> Echte K\u00fcchenschelle<br \/>\n<strong>Alternative Namen: <\/strong>Kuhschelle, Gew\u00f6hnliche K\u00fcchenschelle<br \/>\n<strong>Botanischer Name:<\/strong> <em>Pulsatilla vulgaris<\/em><br \/>\n<strong>Familie:<\/strong> Hahnenfu\u00dfgew\u00e4chse<br \/>\n<strong>Vorkommen: <\/strong>Europa<br \/>\n<strong>Bl\u00fctezeit:<\/strong> April bis Mai<br \/>\n<strong>Bl\u00fctenfarbe:<\/strong> Blau, Violett<br \/>\n<strong>Wuchsh\u00f6he:<\/strong> bis zu 40 cm<br \/>\n<strong>Besonderheiten:<\/strong> giftig, winterhart, die Echte K\u00fcchenschelle ist gef\u00e4hrdet<\/p>\n<h2><span class=\"ez-toc-section\" id=\"Blume_des_Jahres_1997_Silberdistel\"><\/span>Blume des Jahres 1997: Silberdistel<span class=\"ez-toc-section-end\"><\/span><\/h2>\n<p><strong><a href=\"https:\/\/www.samenhaus.de\/gartenblog\/wp-content\/uploads\/2023\/01\/Blume-des-Jahres_3265209.jpeg\"><img loading=\"lazy\" decoding=\"async\" class=\"alignright wp-image-8587\" src=\"https:\/\/www.samenhaus.de\/gartenblog\/wp-content\/uploads\/2023\/01\/Blume-des-Jahres_3265209-300x225.jpeg\" alt=\"Silberdistel\" width=\"300\" height=\"225\" \/><\/a>Name:<\/strong> Silberdistel<br \/>\n<strong>Alternative Namen:<\/strong> Eberwurz, Wetterdistel<br \/>\n<strong>Botanischer Name:<\/strong> <em>Carlina acaulis<\/em><br \/>\n<strong>Familie:<\/strong> Korbbl\u00fctler<br \/>\n<strong>Vorkommen:<\/strong> Europa<br \/>\n<strong>Bl\u00fctezeit:<\/strong> Juli bis August<br \/>\n<strong>Bl\u00fctenfarbe:<\/strong> Wei\u00df, Silber<br \/>\n<strong>Wuchsh\u00f6he:<\/strong> bis zu 40 cm<br \/>\n<strong>Besonderheiten:<\/strong> giftig, winterhart, die Silberdistel befindet sich auf der Vorwarnliste<\/p>\n<h2><span class=\"ez-toc-section\" id=\"Blume_des_Jahres_1998_Krebsschere\"><\/span>Blume des Jahres 1998: Krebsschere<span class=\"ez-toc-section-end\"><\/span><\/h2>\n<p><strong><a href=\"https:\/\/www.samenhaus.de\/gartenblog\/wp-content\/uploads\/2023\/01\/Blume-des-Jahres_180221892-scaled.jpeg\"><img loading=\"lazy\" decoding=\"async\" class=\"alignright wp-image-8598\" src=\"https:\/\/www.samenhaus.de\/gartenblog\/wp-content\/uploads\/2023\/01\/Blume-des-Jahres_180221892-300x200.jpeg\" alt=\"Krebsschere\" width=\"300\" height=\"200\" srcset=\"https:\/\/www.samenhaus.de\/gartenblog\/wp-content\/uploads\/2023\/01\/Blume-des-Jahres_180221892-300x200.jpeg 300w, https:\/\/www.samenhaus.de\/gartenblog\/wp-content\/uploads\/2023\/01\/Blume-des-Jahres_180221892-2048x1365.jpeg 2048w, https:\/\/www.samenhaus.de\/gartenblog\/wp-content\/uploads\/2023\/01\/Blume-des-Jahres_180221892-600x400.jpeg 600w, https:\/\/www.samenhaus.de\/gartenblog\/wp-content\/uploads\/2023\/01\/Blume-des-Jahres_180221892-768x512.jpeg 768w, https:\/\/www.samenhaus.de\/gartenblog\/wp-content\/uploads\/2023\/01\/Blume-des-Jahres_180221892-1024x683.jpeg 1024w, https:\/\/www.samenhaus.de\/gartenblog\/wp-content\/uploads\/2023\/01\/Blume-des-Jahres_180221892-1536x1024.jpeg 1536w\" sizes=\"auto, (max-width: 300px) 100vw, 300px\" \/><\/a>Name:<\/strong> Krebsschere<br \/>\n<strong>Alternative Namen:<\/strong> Wasseraloe, Sichelkraut, Wasserfenchel, Hechtkraut<br \/>\n<strong>Botanischer Name:<\/strong> <em>Stratiotes aloides<\/em><br \/>\n<strong>Familie: <\/strong>Froschbissgew\u00e4chse<br \/>\n<strong>Vorkommen:<\/strong> Europa<br \/>\n<strong>Bl\u00fctezeit:<\/strong> Mai bis Juli<br \/>\n<strong>Bl\u00fctenfarbe: <\/strong>Wei\u00df<br \/>\n<strong>Wuchsh\u00f6he:<\/strong> bis zu 30 cm<br \/>\n<strong>Besonderheiten:<\/strong> ungiftig, winterhart, die Krebsschere ist gef\u00e4hrdet<\/p>\n<h2><span class=\"ez-toc-section\" id=\"Blume_des_Jahres_1999_Sumpfdotterblume\"><\/span>Blume des Jahres 1999: Sumpfdotterblume<span class=\"ez-toc-section-end\"><\/span><\/h2>\n<p><strong><a href=\"https:\/\/www.samenhaus.de\/gartenblog\/wp-content\/uploads\/2023\/01\/Blume-des-Jahres_512999751-scaled.jpeg\"><img loading=\"lazy\" decoding=\"async\" class=\"alignright wp-image-8626\" src=\"https:\/\/www.samenhaus.de\/gartenblog\/wp-content\/uploads\/2023\/01\/Blume-des-Jahres_512999751-300x225.jpeg\" alt=\"Sumpfdotterblume\" width=\"300\" height=\"225\" \/><\/a>Name:<\/strong> Sumpfdotterblume<br \/>\n<strong>Alternative Namen:<\/strong> Bachblume, Sumpfschmirgel, Eierblume, Butterblume, Schmalzblume<br \/>\n<strong>Botanischer Name:<\/strong> <em>Caltha palustris<\/em><br \/>\n<strong>Familie:<\/strong> Hahnenfu\u00dfgew\u00e4chse<br \/>\n<strong>Vorkommen<\/strong>: Europa, Asien, Nordamerika<br \/>\n<strong>Bl\u00fctezeit:<\/strong> M\u00e4rz bis Mai<br \/>\n<strong>Bl\u00fctenfarbe:<\/strong> Gelb<br \/>\n<strong>Wuchsh\u00f6he:<\/strong> bis zu 50 cm<br \/>\n<strong>Besonderheiten:<\/strong> giftig, winterhart, die Sumpfdotterblume befindet sich auf der Vorwarnliste<\/p>\n<h2><span class=\"ez-toc-section\" id=\"Blume_des_Jahres_2000_Purpurblauer_Steinsame\"><\/span>Blume des Jahres 2000: Purpurblauer Steinsame<span class=\"ez-toc-section-end\"><\/span><\/h2>\n<p><strong data-wp-editing=\"1\"><a href=\"https:\/\/www.samenhaus.de\/gartenblog\/wp-content\/uploads\/2023\/01\/Blume-des-Jahres_349347050-scaled.jpeg\"><img loading=\"lazy\" decoding=\"async\" class=\"alignright wp-image-8607\" src=\"https:\/\/www.samenhaus.de\/gartenblog\/wp-content\/uploads\/2023\/01\/Blume-des-Jahres_349347050-300x200.jpeg\" alt=\"Purpurblauer Steinsame\" width=\"300\" height=\"200\" srcset=\"https:\/\/www.samenhaus.de\/gartenblog\/wp-content\/uploads\/2023\/01\/Blume-des-Jahres_349347050-300x200.jpeg 300w, https:\/\/www.samenhaus.de\/gartenblog\/wp-content\/uploads\/2023\/01\/Blume-des-Jahres_349347050-1024x683.jpeg 1024w, https:\/\/www.samenhaus.de\/gartenblog\/wp-content\/uploads\/2023\/01\/Blume-des-Jahres_349347050-600x400.jpeg 600w, https:\/\/www.samenhaus.de\/gartenblog\/wp-content\/uploads\/2023\/01\/Blume-des-Jahres_349347050-768x512.jpeg 768w, https:\/\/www.samenhaus.de\/gartenblog\/wp-content\/uploads\/2023\/01\/Blume-des-Jahres_349347050-1536x1024.jpeg 1536w, https:\/\/www.samenhaus.de\/gartenblog\/wp-content\/uploads\/2023\/01\/Blume-des-Jahres_349347050-2048x1365.jpeg 2048w\" sizes=\"auto, (max-width: 300px) 100vw, 300px\" \/><\/a>Name:<\/strong> Purpurblauer Steinsame<br \/>\n<strong>Alternative Namen:<\/strong> Blaurote Rindszunge, Blauroter Steinsame<br \/>\n<strong>Botanischer Name: <\/strong><em>Aegonychon purpurocaeruleum<\/em><br \/>\n<strong>Familie:<\/strong> Raublattgew\u00e4chse<br \/>\n<strong>Vorkommen:<\/strong> Europa<br \/>\n<strong>Bl\u00fctezeit:<\/strong> April bis Juni<br \/>\n<strong>Bl\u00fctenfarbe:<\/strong> Blau<br \/>\n<strong>Wuchsh\u00f6he:<\/strong> bis zu 30 cm<br \/>\n<strong>Besonderheiten:<\/strong> giftig, winterhart, der Purpurblaue Steinsame ist nicht gef\u00e4hrdet<\/p>\n<h2><span class=\"ez-toc-section\" id=\"Blume_des_Jahres_2001_Blutroter_Storchschnabel\"><\/span>Blume des Jahres 2001: Blutroter Storchschnabel<span class=\"ez-toc-section-end\"><\/span><\/h2>\n<p><strong><a href=\"https:\/\/www.samenhaus.de\/gartenblog\/wp-content\/uploads\/2023\/01\/Blume-des-Jahres_435089044-scaled.jpeg\"><img loading=\"lazy\" decoding=\"async\" class=\"alignright wp-image-8619\" src=\"https:\/\/www.samenhaus.de\/gartenblog\/wp-content\/uploads\/2023\/01\/Blume-des-Jahres_435089044-300x200.jpeg\" alt=\"Blutroter Storchschnabel\" width=\"300\" height=\"200\" srcset=\"https:\/\/www.samenhaus.de\/gartenblog\/wp-content\/uploads\/2023\/01\/Blume-des-Jahres_435089044-300x200.jpeg 300w, https:\/\/www.samenhaus.de\/gartenblog\/wp-content\/uploads\/2023\/01\/Blume-des-Jahres_435089044-2048x1365.jpeg 2048w, https:\/\/www.samenhaus.de\/gartenblog\/wp-content\/uploads\/2023\/01\/Blume-des-Jahres_435089044-600x400.jpeg 600w, https:\/\/www.samenhaus.de\/gartenblog\/wp-content\/uploads\/2023\/01\/Blume-des-Jahres_435089044-768x512.jpeg 768w, https:\/\/www.samenhaus.de\/gartenblog\/wp-content\/uploads\/2023\/01\/Blume-des-Jahres_435089044-1024x683.jpeg 1024w, https:\/\/www.samenhaus.de\/gartenblog\/wp-content\/uploads\/2023\/01\/Blume-des-Jahres_435089044-1536x1024.jpeg 1536w\" sizes=\"auto, (max-width: 300px) 100vw, 300px\" \/><\/a>Name:<\/strong> Blutroter Storchschnabel<br \/>\n<strong>Alternative Namen:<\/strong> Blut-Storchschnabel<br \/>\n<strong>Botanischer Name:<\/strong> <em>Geranium sanguineum<\/em><br \/>\n<strong>Familie:<\/strong> Storchschnabelgew\u00e4chse<br \/>\n<strong>Vorkommen:<\/strong> Europa<br \/>\n<strong>Bl\u00fctezeit:<\/strong> Juni bis September<br \/>\n<strong>Bl\u00fctenfarbe:<\/strong> Wei\u00df, Rosa, Rot, Violett<br \/>\n<strong>Wuchsh\u00f6he: <\/strong>bis zu 40 cm<br \/>\n<strong>Besonderheiten:<\/strong> ungiftig, winterhart, der Blutrote Storchschnabel befindet sich auf der Vorwarnliste<\/p>\n<h2><span class=\"ez-toc-section\" id=\"Blume_des_Jahres_2002_Hainveilchen\"><\/span>Blume des Jahres 2002: Hainveilchen<span class=\"ez-toc-section-end\"><\/span><\/h2>\n<p><strong><a href=\"https:\/\/www.samenhaus.de\/gartenblog\/wp-content\/uploads\/2023\/01\/Blume-des-Jahres_432682369-scaled.jpeg\"><img loading=\"lazy\" decoding=\"async\" class=\"alignright wp-image-8618\" src=\"https:\/\/www.samenhaus.de\/gartenblog\/wp-content\/uploads\/2023\/01\/Blume-des-Jahres_432682369-300x200.jpeg\" alt=\"Hainveilchen\" width=\"300\" height=\"200\" srcset=\"https:\/\/www.samenhaus.de\/gartenblog\/wp-content\/uploads\/2023\/01\/Blume-des-Jahres_432682369-300x200.jpeg 300w, https:\/\/www.samenhaus.de\/gartenblog\/wp-content\/uploads\/2023\/01\/Blume-des-Jahres_432682369-600x400.jpeg 600w, https:\/\/www.samenhaus.de\/gartenblog\/wp-content\/uploads\/2023\/01\/Blume-des-Jahres_432682369-768x512.jpeg 768w, https:\/\/www.samenhaus.de\/gartenblog\/wp-content\/uploads\/2023\/01\/Blume-des-Jahres_432682369-1024x683.jpeg 1024w, https:\/\/www.samenhaus.de\/gartenblog\/wp-content\/uploads\/2023\/01\/Blume-des-Jahres_432682369-1536x1025.jpeg 1536w, https:\/\/www.samenhaus.de\/gartenblog\/wp-content\/uploads\/2023\/01\/Blume-des-Jahres_432682369-2048x1366.jpeg 2048w\" sizes=\"auto, (max-width: 300px) 100vw, 300px\" \/><\/a>Name:<\/strong> Hainveilchen<br \/>\n<strong>Alternative Namen:<\/strong> Rivinus-Veilchen<br \/>\n<strong>Botanischer Name:<\/strong> <em>Viola riviniana<\/em><br \/>\n<strong>Familie: <\/strong>Veilchengew\u00e4chse<br \/>\n<strong>Vorkommen:<\/strong> Europa<br \/>\n<strong>Bl\u00fctezeit:<\/strong> April bis Juni<br \/>\n<strong>Bl\u00fctenfarbe: <\/strong>Violett<br \/>\n<strong>Wuchsh\u00f6he:<\/strong> bis zu 30 cm<br \/>\n<strong>Besonderheiten:<\/strong> ungiftig, winterhart, das Hainveilchen ist nicht gef\u00e4hrdet<\/p>\n<h2><span class=\"ez-toc-section\" id=\"Blume_des_Jahres_2003_Kornrade\"><\/span>Blume des Jahres 2003: Kornrade<span class=\"ez-toc-section-end\"><\/span><\/h2>\n<p><strong><a href=\"https:\/\/www.samenhaus.de\/gartenblog\/wp-content\/uploads\/2023\/01\/Blume-des-Jahres_445249650-scaled.jpeg\"><img loading=\"lazy\" decoding=\"async\" class=\"alignright wp-image-8622\" src=\"https:\/\/www.samenhaus.de\/gartenblog\/wp-content\/uploads\/2023\/01\/Blume-des-Jahres_445249650-300x200.jpeg\" alt=\"Kornrade\" width=\"300\" height=\"200\" srcset=\"https:\/\/www.samenhaus.de\/gartenblog\/wp-content\/uploads\/2023\/01\/Blume-des-Jahres_445249650-300x200.jpeg 300w, https:\/\/www.samenhaus.de\/gartenblog\/wp-content\/uploads\/2023\/01\/Blume-des-Jahres_445249650-2048x1365.jpeg 2048w, https:\/\/www.samenhaus.de\/gartenblog\/wp-content\/uploads\/2023\/01\/Blume-des-Jahres_445249650-600x400.jpeg 600w, https:\/\/www.samenhaus.de\/gartenblog\/wp-content\/uploads\/2023\/01\/Blume-des-Jahres_445249650-768x512.jpeg 768w, https:\/\/www.samenhaus.de\/gartenblog\/wp-content\/uploads\/2023\/01\/Blume-des-Jahres_445249650-1024x683.jpeg 1024w, https:\/\/www.samenhaus.de\/gartenblog\/wp-content\/uploads\/2023\/01\/Blume-des-Jahres_445249650-1536x1024.jpeg 1536w\" sizes=\"auto, (max-width: 300px) 100vw, 300px\" \/><\/a>Name:<\/strong> Kornrade<br \/>\n<strong>Alternative Namen:<\/strong> Kornnelke, Ackerrade, Kornrose, Gew\u00f6hnliche Kornrade<br \/>\n<strong>Botanischer Name:<\/strong> <em>Agrostemma githago<\/em><br \/>\n<strong>Familie:<\/strong> Nelkengew\u00e4chse<br \/>\n<strong>Vorkommen: <\/strong>Europa, Asien, Nordafrika<br \/>\n<strong>Bl\u00fctezeit:<\/strong> Juni bis August<br \/>\n<strong>Bl\u00fctenfarbe<\/strong>: Rosa Violett<br \/>\n<strong>Wuchsh\u00f6he:<\/strong> bis zu 90 cm<br \/>\n<strong>Besonderheiten:<\/strong> giftig, nicht winterhart, die Kornrade ist stark gef\u00e4hrdet<\/p>\n<h2><span class=\"ez-toc-section\" id=\"Blume_des_Jahres_2004_Alpengloeckchen\"><\/span>Blume des Jahres 2004: Alpengl\u00f6ckchen<span class=\"ez-toc-section-end\"><\/span><\/h2>\n<p><strong><a href=\"https:\/\/www.samenhaus.de\/gartenblog\/wp-content\/uploads\/2023\/01\/Blume-des-Jahres_497040277-scaled.jpeg\"><img loading=\"lazy\" decoding=\"async\" class=\"alignright wp-image-8624\" src=\"https:\/\/www.samenhaus.de\/gartenblog\/wp-content\/uploads\/2023\/01\/Blume-des-Jahres_497040277-300x225.jpeg\" alt=\"Alpengl\u00f6ckchen\" width=\"300\" height=\"225\" \/><\/a>Name:<\/strong> Alpengl\u00f6ckchen<br \/>\n<strong>Alternative Namen: <\/strong>Gew\u00f6hnliches Alpengl\u00f6ckchen, Gro\u00dfes Alpengl\u00f6ckchen, Alpentroddelblume, Sodanelle<br \/>\n<strong>Botanischer Name:<\/strong> <em>Soldanella alpina<\/em><br \/>\n<strong>Familie:<\/strong> Primelgew\u00e4chse<br \/>\n<strong>Vorkommen:<\/strong> Europa<br \/>\n<strong>Bl\u00fctezeit:<\/strong> April bis Juni<br \/>\n<strong>Bl\u00fctenfarbe:<\/strong> Violett<br \/>\n<strong>Wuchsh\u00f6he:<\/strong> bis zu 15 cm<br \/>\n<strong>Besonderheiten:<\/strong> ungiftig, winterhart, das Alpengl\u00f6ckchen ist nicht gef\u00e4hrdet<\/p>\n<h2><span class=\"ez-toc-section\" id=\"Blume_des_Jahres_2005_Grosser_Klappertopf\"><\/span>Blume des Jahres 2005: Gro\u00dfer Klappertopf<span class=\"ez-toc-section-end\"><\/span><\/h2>\n<p><strong><a href=\"https:\/\/www.samenhaus.de\/gartenblog\/wp-content\/uploads\/2023\/01\/Blume-des-Jahres_359481909-scaled.jpeg\"><img loading=\"lazy\" decoding=\"async\" class=\"alignright wp-image-8608\" src=\"https:\/\/www.samenhaus.de\/gartenblog\/wp-content\/uploads\/2023\/01\/Blume-des-Jahres_359481909-300x225.jpeg\" alt=\"Gro\u00dfer Klappertopf\" width=\"300\" height=\"225\" \/><\/a>Name:<\/strong> Gro\u00dfer Klappertopf<br \/>\n<strong>Botanischer Name:<\/strong> <em>Rhinanthus serotinus<\/em><br \/>\n<strong>Familie:<\/strong> Sommerwurzgew\u00e4chse<br \/>\n<strong>Vorkommen:<\/strong> Europa<br \/>\n<strong>Bl\u00fctezeit: <\/strong>Mai bis September<br \/>\n<strong>Bl\u00fctenfarbe:<\/strong> Gelb<br \/>\n<strong>Wuchsh\u00f6he: <\/strong>bis zu 60 cm<br \/>\n<strong>Besonderheiten:<\/strong> giftig, winterhart, der Gro\u00dfe Klappertopf ist gef\u00e4hrdet<\/p>\n<h2><span class=\"ez-toc-section\" id=\"Blume_des_Jahres_2006_Wiesenschaumkraut\"><\/span>Blume des Jahres 2006: Wiesenschaumkraut<span class=\"ez-toc-section-end\"><\/span><\/h2>\n<p><strong><a href=\"https:\/\/www.samenhaus.de\/gartenblog\/wp-content\/uploads\/2023\/01\/Blume-des-Jahres_13410929.jpeg\"><img loading=\"lazy\" decoding=\"async\" class=\"alignright wp-image-8588\" src=\"https:\/\/www.samenhaus.de\/gartenblog\/wp-content\/uploads\/2023\/01\/Blume-des-Jahres_13410929-300x200.jpeg\" alt=\"Wiesenschaumkraut\" width=\"300\" height=\"200\" srcset=\"https:\/\/www.samenhaus.de\/gartenblog\/wp-content\/uploads\/2023\/01\/Blume-des-Jahres_13410929-300x200.jpeg 300w, https:\/\/www.samenhaus.de\/gartenblog\/wp-content\/uploads\/2023\/01\/Blume-des-Jahres_13410929-600x400.jpeg 600w, https:\/\/www.samenhaus.de\/gartenblog\/wp-content\/uploads\/2023\/01\/Blume-des-Jahres_13410929-768x512.jpeg 768w, https:\/\/www.samenhaus.de\/gartenblog\/wp-content\/uploads\/2023\/01\/Blume-des-Jahres_13410929-1024x683.jpeg 1024w, https:\/\/www.samenhaus.de\/gartenblog\/wp-content\/uploads\/2023\/01\/Blume-des-Jahres_13410929-1536x1024.jpeg 1536w, https:\/\/www.samenhaus.de\/gartenblog\/wp-content\/uploads\/2023\/01\/Blume-des-Jahres_13410929-2048x1365.jpeg 2048w\" sizes=\"auto, (max-width: 300px) 100vw, 300px\" \/><\/a>Name:<\/strong> Wiesenschaumkraut<br \/>\n<strong>Alternative Namen:<\/strong> Hungerblume<br \/>\n<strong>Botanischer Name:<\/strong> <em>Cardamine pratensis<\/em><br \/>\n<strong>Familie:<\/strong> Kreuzbl\u00fctler<br \/>\n<strong>Vorkommen:<\/strong> Europa, Asien, Nordamerika<br \/>\n<strong>Bl\u00fctezeit:<\/strong> April bis Juni<br \/>\n<strong>Bl\u00fctenfarbe:<\/strong> Wei\u00df, Rosa<br \/>\n<strong>Wuchsh\u00f6he:<\/strong> bis zu 50 cm<br \/>\n<strong>Besonderheiten:<\/strong> ungiftig, winterhart, das Wiesenschaumkraut ist nicht gef\u00e4hrdet<\/p>\n<h2><span class=\"ez-toc-section\" id=\"Blume_des_Jahres_2007_Bach-Nelkenwurz\"><\/span>Blume des Jahres 2007: Bach-Nelkenwurz<span class=\"ez-toc-section-end\"><\/span><\/h2>\n<p><strong><a href=\"https:\/\/www.samenhaus.de\/gartenblog\/wp-content\/uploads\/2023\/01\/Blume-des-Jahres_436091261-scaled.jpeg\"><img loading=\"lazy\" decoding=\"async\" class=\"alignright wp-image-8620\" src=\"https:\/\/www.samenhaus.de\/gartenblog\/wp-content\/uploads\/2023\/01\/Blume-des-Jahres_436091261-300x200.jpeg\" alt=\"Bach-Nelkenwurz\" width=\"300\" height=\"200\" srcset=\"https:\/\/www.samenhaus.de\/gartenblog\/wp-content\/uploads\/2023\/01\/Blume-des-Jahres_436091261-300x200.jpeg 300w, https:\/\/www.samenhaus.de\/gartenblog\/wp-content\/uploads\/2023\/01\/Blume-des-Jahres_436091261-2048x1365.jpeg 2048w, https:\/\/www.samenhaus.de\/gartenblog\/wp-content\/uploads\/2023\/01\/Blume-des-Jahres_436091261-600x400.jpeg 600w, https:\/\/www.samenhaus.de\/gartenblog\/wp-content\/uploads\/2023\/01\/Blume-des-Jahres_436091261-768x512.jpeg 768w, https:\/\/www.samenhaus.de\/gartenblog\/wp-content\/uploads\/2023\/01\/Blume-des-Jahres_436091261-1024x683.jpeg 1024w, https:\/\/www.samenhaus.de\/gartenblog\/wp-content\/uploads\/2023\/01\/Blume-des-Jahres_436091261-1536x1024.jpeg 1536w\" sizes=\"auto, (max-width: 300px) 100vw, 300px\" \/><\/a>Name:<\/strong> Bach-Nelkenwurz<br \/>\n<strong>Alternative Namen:<\/strong> Blutst\u00f6pfchen, Herzwurz, Kapuziner, Wasserwurz<br \/>\n<strong>Botanischer Name: <\/strong><em>Geum rivale<\/em><br \/>\n<strong>Familie:<\/strong> Rosengew\u00e4chse<br \/>\n<strong>Vorkommen:<\/strong> Europa<br \/>\n<strong>Bl\u00fctezeit:<\/strong> April bis Juli<br \/>\n<strong>Bl\u00fctenfarbe:<\/strong> Gelb, Rot, Braun<br \/>\n<strong>Wuchsh\u00f6he:<\/strong> bis zu 60 cm<br \/>\n<strong>Besonderheiten:<\/strong> ungiftig, winterhart, die Bach-Nelkenwurz ist nicht gef\u00e4hrdet<\/p>\n<h2><span class=\"ez-toc-section\" id=\"Blume_des_Jahres_2008_Nickende_Distel\"><\/span>Blume des Jahres 2008: Nickende Distel<span class=\"ez-toc-section-end\"><\/span><\/h2>\n<p><strong><a href=\"https:\/\/www.samenhaus.de\/gartenblog\/wp-content\/uploads\/2023\/01\/Blume-des-Jahres_280098979-scaled.jpeg\"><img loading=\"lazy\" decoding=\"async\" class=\"alignright wp-image-8604\" src=\"https:\/\/www.samenhaus.de\/gartenblog\/wp-content\/uploads\/2023\/01\/Blume-des-Jahres_280098979-300x200.jpeg\" alt=\"Nickende Distel\" width=\"300\" height=\"200\" srcset=\"https:\/\/www.samenhaus.de\/gartenblog\/wp-content\/uploads\/2023\/01\/Blume-des-Jahres_280098979-300x200.jpeg 300w, https:\/\/www.samenhaus.de\/gartenblog\/wp-content\/uploads\/2023\/01\/Blume-des-Jahres_280098979-2048x1365.jpeg 2048w, https:\/\/www.samenhaus.de\/gartenblog\/wp-content\/uploads\/2023\/01\/Blume-des-Jahres_280098979-600x400.jpeg 600w, https:\/\/www.samenhaus.de\/gartenblog\/wp-content\/uploads\/2023\/01\/Blume-des-Jahres_280098979-768x512.jpeg 768w, https:\/\/www.samenhaus.de\/gartenblog\/wp-content\/uploads\/2023\/01\/Blume-des-Jahres_280098979-1024x683.jpeg 1024w, https:\/\/www.samenhaus.de\/gartenblog\/wp-content\/uploads\/2023\/01\/Blume-des-Jahres_280098979-1536x1024.jpeg 1536w\" sizes=\"auto, (max-width: 300px) 100vw, 300px\" \/><\/a>Name:<\/strong> Nickende Distel<br \/>\n<strong>Alternative Namen:<\/strong> Bisamdistel<br \/>\n<strong>Botanischer Name:<\/strong> <em>Carduus nutans<\/em><br \/>\n<strong>Familie:<\/strong> Korbbl\u00fctler<br \/>\n<strong>Vorkommen:<\/strong> Europa, Zentralasien, Sibirien, S\u00fcdafrika, Nordamerika, S\u00fcdamerika, Australien, Neuseeland<br \/>\n<strong>Bl\u00fctezeit:<\/strong> Juli bis September<br \/>\n<strong>Bl\u00fctenfarbe:<\/strong> Rosa, Violett<br \/>\n<strong>Wuchsh\u00f6he:<\/strong> bis zu 100 cm<br \/>\n<strong>Besonderheiten:<\/strong> giftig, winterhart, die Nickende Distel ist nicht gef\u00e4hrdet<\/p>\n<h2><span class=\"ez-toc-section\" id=\"Blume_des_Jahres_2009_Gemeine_Wegwarte\"><\/span>Blume des Jahres 2009: Gemeine Wegwarte<span class=\"ez-toc-section-end\"><\/span><\/h2>\n<p><strong><a href=\"https:\/\/www.samenhaus.de\/gartenblog\/wp-content\/uploads\/2023\/01\/Blume-des-Jahres_475094572-scaled.jpeg\"><img loading=\"lazy\" decoding=\"async\" class=\"alignright wp-image-8623\" src=\"https:\/\/www.samenhaus.de\/gartenblog\/wp-content\/uploads\/2023\/01\/Blume-des-Jahres_475094572-300x225.jpeg\" alt=\"Gemeine Wegwarte\" width=\"300\" height=\"225\" \/><\/a>Name:<\/strong> Gemeine Wegwarte<br \/>\n<strong>Alternative Namen:<\/strong> Gew\u00f6hnliche Wegwarte, Wegwarte, Zichorie<br \/>\n<strong>Botanischer Name: <\/strong><em>Cichorium intybus<\/em><br \/>\n<strong>Familie: <\/strong>Korbbl\u00fctler<br \/>\n<strong>Vorkommen:<\/strong> Europa, Afrika, Westasien, Nordamerika, S\u00fcdamerika<br \/>\n<strong>Bl\u00fctezeit:<\/strong> Juli bis Oktober<br \/>\n<strong>Bl\u00fctenfarbe:<\/strong> Blau, Violett<br \/>\n<strong>Wuchsh\u00f6he:<\/strong> bis zu 90 cm<br \/>\n<strong>Besonderheiten:<\/strong> ungiftig, winterhart, die Gemeine Wegwarte ist nicht gef\u00e4hrdet<\/p>\n<h2><span class=\"ez-toc-section\" id=\"Blume_des_Jahres_2010_Sibirische_Schwertlilie\"><\/span>Blume des Jahres 2010: Sibirische Schwertlilie<span class=\"ez-toc-section-end\"><\/span><\/h2>\n<p><strong><a href=\"https:\/\/www.samenhaus.de\/gartenblog\/wp-content\/uploads\/2023\/01\/Blume-des-Jahres_178188382-scaled.jpeg\"><img loading=\"lazy\" decoding=\"async\" class=\"alignright wp-image-8596\" src=\"https:\/\/www.samenhaus.de\/gartenblog\/wp-content\/uploads\/2023\/01\/Blume-des-Jahres_178188382-300x200.jpeg\" alt=\"Sibirische Schwertlilie\" width=\"300\" height=\"200\" srcset=\"https:\/\/www.samenhaus.de\/gartenblog\/wp-content\/uploads\/2023\/01\/Blume-des-Jahres_178188382-300x200.jpeg 300w, https:\/\/www.samenhaus.de\/gartenblog\/wp-content\/uploads\/2023\/01\/Blume-des-Jahres_178188382-2048x1365.jpeg 2048w, https:\/\/www.samenhaus.de\/gartenblog\/wp-content\/uploads\/2023\/01\/Blume-des-Jahres_178188382-600x400.jpeg 600w, https:\/\/www.samenhaus.de\/gartenblog\/wp-content\/uploads\/2023\/01\/Blume-des-Jahres_178188382-768x512.jpeg 768w, https:\/\/www.samenhaus.de\/gartenblog\/wp-content\/uploads\/2023\/01\/Blume-des-Jahres_178188382-1024x683.jpeg 1024w, https:\/\/www.samenhaus.de\/gartenblog\/wp-content\/uploads\/2023\/01\/Blume-des-Jahres_178188382-1536x1024.jpeg 1536w\" sizes=\"auto, (max-width: 300px) 100vw, 300px\" \/><\/a>Name:<\/strong> Sibirische Schwertlilie<br \/>\n<strong>Alternative Namen:<\/strong> Wiesen-Schwertlilie, Blaue Schwertlilie<br \/>\n<strong>Botanischer Name:<\/strong> <em>Iris sibirica<\/em><br \/>\n<strong>Familie:<\/strong> Schwertliliengew\u00e4chse<br \/>\n<strong>Vorkommen:<\/strong> Europa, Sibirien, Asien, Nordamerika<br \/>\n<strong>Bl\u00fctezeit:<\/strong> Mai bis Juni<br \/>\n<strong>Bl\u00fctenfarbe:<\/strong> Blau<br \/>\n<strong>Wuchsh\u00f6he:<\/strong> bis zu 100 cm<br \/>\n<strong>Besonderheiten<\/strong>: giftig, winterhart, die Sibirische Schwertlilie ist gef\u00e4hrdet<\/p>\n<h2><span class=\"ez-toc-section\" id=\"Blume_des_Jahres_2011_Moorlilie\"><\/span>Blume des Jahres 2011: Moorlilie<span class=\"ez-toc-section-end\"><\/span><\/h2>\n<p><strong><a href=\"https:\/\/www.samenhaus.de\/gartenblog\/wp-content\/uploads\/2023\/01\/Blume-des-Jahres_555879159-scaled.jpeg\"><img loading=\"lazy\" decoding=\"async\" class=\"alignright wp-image-8629\" src=\"https:\/\/www.samenhaus.de\/gartenblog\/wp-content\/uploads\/2023\/01\/Blume-des-Jahres_555879159-300x200.jpeg\" alt=\"Moorlilie\" width=\"300\" height=\"200\" srcset=\"https:\/\/www.samenhaus.de\/gartenblog\/wp-content\/uploads\/2023\/01\/Blume-des-Jahres_555879159-300x200.jpeg 300w, https:\/\/www.samenhaus.de\/gartenblog\/wp-content\/uploads\/2023\/01\/Blume-des-Jahres_555879159-2048x1365.jpeg 2048w, https:\/\/www.samenhaus.de\/gartenblog\/wp-content\/uploads\/2023\/01\/Blume-des-Jahres_555879159-600x400.jpeg 600w, https:\/\/www.samenhaus.de\/gartenblog\/wp-content\/uploads\/2023\/01\/Blume-des-Jahres_555879159-768x512.jpeg 768w, https:\/\/www.samenhaus.de\/gartenblog\/wp-content\/uploads\/2023\/01\/Blume-des-Jahres_555879159-1024x683.jpeg 1024w, https:\/\/www.samenhaus.de\/gartenblog\/wp-content\/uploads\/2023\/01\/Blume-des-Jahres_555879159-1536x1024.jpeg 1536w\" sizes=\"auto, (max-width: 300px) 100vw, 300px\" \/><\/a>Name: <\/strong>Moorlilie<br \/>\n<strong>Alternative Namen:<\/strong> Gelbe Moorlilie, Ahrenlilie, Beinbrech<br \/>\n<strong>Botanischer Name:<\/strong> <em>Narthecium ossifragum<\/em><br \/>\n<strong>Familie:<\/strong> Liliengew\u00e4chse<br \/>\n<strong>Vorkommen:<\/strong> Europa<br \/>\n<strong>Bl\u00fctezeit:<\/strong> Juni bis August<br \/>\n<strong>Bl\u00fctenfarbe:<\/strong> Gelb<br \/>\n<strong>Wuchsh\u00f6he:<\/strong> bis zu 30 cm<br \/>\n<strong>Besonderheiten: <\/strong>giftig, winterhart, die Moorlilie ist gef\u00e4hrdet<\/p>\n<h2><span class=\"ez-toc-section\" id=\"Blume_des_Jahres_2012_Heide-Nelke\"><\/span>Blume des Jahres 2012: Heide-Nelke<span class=\"ez-toc-section-end\"><\/span><\/h2>\n<p><strong><a href=\"https:\/\/www.samenhaus.de\/gartenblog\/wp-content\/uploads\/2023\/01\/Blume-des-Jahres_210694786-scaled.jpeg\"><img loading=\"lazy\" decoding=\"async\" class=\"alignright wp-image-8600\" src=\"https:\/\/www.samenhaus.de\/gartenblog\/wp-content\/uploads\/2023\/01\/Blume-des-Jahres_210694786-300x200.jpeg\" alt=\"Heide-Nelke\" width=\"300\" height=\"200\" srcset=\"https:\/\/www.samenhaus.de\/gartenblog\/wp-content\/uploads\/2023\/01\/Blume-des-Jahres_210694786-300x200.jpeg 300w, https:\/\/www.samenhaus.de\/gartenblog\/wp-content\/uploads\/2023\/01\/Blume-des-Jahres_210694786-1024x683.jpeg 1024w, https:\/\/www.samenhaus.de\/gartenblog\/wp-content\/uploads\/2023\/01\/Blume-des-Jahres_210694786-600x400.jpeg 600w, https:\/\/www.samenhaus.de\/gartenblog\/wp-content\/uploads\/2023\/01\/Blume-des-Jahres_210694786-768x512.jpeg 768w, https:\/\/www.samenhaus.de\/gartenblog\/wp-content\/uploads\/2023\/01\/Blume-des-Jahres_210694786-1536x1024.jpeg 1536w, https:\/\/www.samenhaus.de\/gartenblog\/wp-content\/uploads\/2023\/01\/Blume-des-Jahres_210694786-2048x1365.jpeg 2048w\" sizes=\"auto, (max-width: 300px) 100vw, 300px\" \/><\/a>Name:<\/strong> Heide-Nelke<br \/>\n<strong>Botanischer Name:<\/strong> <em>Dianthus deltoides<\/em><br \/>\n<strong>Familie:<\/strong> Nelkengew\u00e4chse<br \/>\n<strong>Vorkommen: <\/strong>Europa, Asien<br \/>\n<strong>Bl\u00fctezeit: <\/strong>Juni bis September<br \/>\n<strong>Bl\u00fctenfarbe: <\/strong>Rosa, Rot<br \/>\n<strong>Wuchsh\u00f6he: <\/strong>bis zu 40 cm<br \/>\n<strong>Besonderheiten:<\/strong> ungiftig, winterhart, die Heide-Nelke befindet sich auf der Vorwarnliste<\/p>\n<h2><span class=\"ez-toc-section\" id=\"Blume_des_Jahres_2013_Leberbluemchen\"><\/span>Blume des Jahres 2013: Leberbl\u00fcmchen<span class=\"ez-toc-section-end\"><\/span><\/h2>\n<p><strong><a href=\"https:\/\/www.samenhaus.de\/gartenblog\/wp-content\/uploads\/2023\/01\/Blume-des-Jahres_99623045-scaled.jpeg\"><img loading=\"lazy\" decoding=\"async\" class=\"alignright wp-image-8591\" src=\"https:\/\/www.samenhaus.de\/gartenblog\/wp-content\/uploads\/2023\/01\/Blume-des-Jahres_99623045-300x199.jpeg\" alt=\"Leberbl\u00fcmchen\" width=\"300\" height=\"199\" \/><\/a>Name: <\/strong>Leberbl\u00fcmchen<br \/>\n<strong>Alternative Namen: <\/strong>Gew\u00f6hnliches Leberbl\u00fcmchen, Dreilappiges Leberbl\u00fcmchen<br \/>\n<strong>Botanischer Name<\/strong>: <em>Hepatica nobilis<\/em><br \/>\n<strong>Familie:<\/strong> Hahnenfu\u00dfgew\u00e4chse<br \/>\n<strong>Vorkommen:<\/strong> Europa, Asien, Nordamerika<br \/>\n<strong>Bl\u00fctezeit:<\/strong> Februar bis April<br \/>\n<strong>Bl\u00fctenfarbe:<\/strong> Blau<br \/>\n<strong>Wuchsh\u00f6he:<\/strong> bis zu 25 cm<br \/>\n<strong>Besonderheiten:<\/strong> giftig, winterhart, das Leberbl\u00fcmchen ist nicht gef\u00e4hrdet<\/p>\n<h2><span class=\"ez-toc-section\" id=\"Blume_des_Jahres_2014_Schwanenblume\"><\/span>Blume des Jahres 2014: Schwanenblume<span class=\"ez-toc-section-end\"><\/span><\/h2>\n<p><strong><a href=\"https:\/\/www.samenhaus.de\/gartenblog\/wp-content\/uploads\/2023\/01\/Blume-des-Jahres_551530403-scaled.jpeg\"><img loading=\"lazy\" decoding=\"async\" class=\"alignright wp-image-8628\" src=\"https:\/\/www.samenhaus.de\/gartenblog\/wp-content\/uploads\/2023\/01\/Blume-des-Jahres_551530403-300x206.jpeg\" alt=\"Schwanenblume\" width=\"300\" height=\"206\" \/><\/a>Name:<\/strong> Schwanenblume<br \/>\n<strong>Alternative Namen:<\/strong> Wasserviole, Doldige Schwanenblume, Blumenbinse, Wasserliesch<br \/>\n<strong>Botanischer Name:<\/strong> <em>Butomus umbellatus<\/em><br \/>\n<strong>Familie:<\/strong> Schwanenblumengew\u00e4chse<br \/>\n<strong>Vorkommen:<\/strong> Europa, Asien, Nordafrika<br \/>\n<strong>Bl\u00fctezeit:<\/strong> Juni bis Autust<br \/>\n<strong>Bl\u00fctenfarbe:<\/strong> Rosa<br \/>\n<strong>Wuchsh\u00f6he:<\/strong> bis zu 120 cm<br \/>\n<strong>Besonderheiten:<\/strong> giftig, winterhart, die Schwanenblume ist nicht gef\u00e4hrdet<\/p>\n<h2><span class=\"ez-toc-section\" id=\"Blume_des_Jahres_2015_Gewoehnlicher_Teufelsabbiss\"><\/span>Blume des Jahres 2015: Gew\u00f6hnlicher Teufelsabbiss<span class=\"ez-toc-section-end\"><\/span><\/h2>\n<p><strong><a href=\"https:\/\/www.samenhaus.de\/gartenblog\/wp-content\/uploads\/2023\/01\/Blume-des-Jahres_242982422-scaled.jpeg\"><img loading=\"lazy\" decoding=\"async\" class=\"alignright wp-image-8603\" src=\"https:\/\/www.samenhaus.de\/gartenblog\/wp-content\/uploads\/2023\/01\/Blume-des-Jahres_242982422-300x200.jpeg\" alt=\"Gew\u00f6hnlicher Teufelsabbiss\" width=\"300\" height=\"200\" srcset=\"https:\/\/www.samenhaus.de\/gartenblog\/wp-content\/uploads\/2023\/01\/Blume-des-Jahres_242982422-300x200.jpeg 300w, https:\/\/www.samenhaus.de\/gartenblog\/wp-content\/uploads\/2023\/01\/Blume-des-Jahres_242982422-2048x1365.jpeg 2048w, https:\/\/www.samenhaus.de\/gartenblog\/wp-content\/uploads\/2023\/01\/Blume-des-Jahres_242982422-600x400.jpeg 600w, https:\/\/www.samenhaus.de\/gartenblog\/wp-content\/uploads\/2023\/01\/Blume-des-Jahres_242982422-768x512.jpeg 768w, https:\/\/www.samenhaus.de\/gartenblog\/wp-content\/uploads\/2023\/01\/Blume-des-Jahres_242982422-1024x683.jpeg 1024w, https:\/\/www.samenhaus.de\/gartenblog\/wp-content\/uploads\/2023\/01\/Blume-des-Jahres_242982422-1536x1024.jpeg 1536w\" sizes=\"auto, (max-width: 300px) 100vw, 300px\" \/><\/a>Name:<\/strong> Gew\u00f6hnlicher Teufelsabbiss<br \/>\n<strong>Alternative Namen: <\/strong>Teufelwurz, Teufelbiss<br \/>\n<strong>Botanischer Name:<\/strong> <em>Succisa pratensis<\/em><br \/>\n<strong>Familie:<\/strong> Gei\u00dfblattgew\u00e4chse<br \/>\n<strong>Vorkommen:<\/strong> Europa, Nordafrika, Asien, Sibirien, Nordamerika<br \/>\n<strong>Bl\u00fctezeit:<\/strong> Juni bis September<br \/>\n<strong>Bl\u00fctenfarbe: <\/strong>Blau, Violett<br \/>\n<strong>Wuchsh\u00f6he:<\/strong> bis zu 50 cm<br \/>\n<strong>Besonderheiten:<\/strong> giftig, winterhart, der Gew\u00f6hnliche Teufelsabbiss befindet sich auf der Vorwarnliste<\/p>\n<h2><span class=\"ez-toc-section\" id=\"Blume_des_Jahres_2016_Echte_Schluesselblume\"><\/span>Blume des Jahres 2016: Echte Schl\u00fcsselblume<span class=\"ez-toc-section-end\"><\/span><\/h2>\n<p><strong><a href=\"https:\/\/www.samenhaus.de\/gartenblog\/wp-content\/uploads\/2023\/01\/Blume-des-Jahres_360631779-scaled.jpeg\"><img loading=\"lazy\" decoding=\"async\" class=\"alignright wp-image-8609\" src=\"https:\/\/www.samenhaus.de\/gartenblog\/wp-content\/uploads\/2023\/01\/Blume-des-Jahres_360631779-300x229.jpeg\" alt=\"Echte Schl\u00fcsselblume\" width=\"300\" height=\"229\" \/><\/a>Name:<\/strong> Echte Schl\u00fcsselblume<br \/>\n<strong>Alternative Namen:<\/strong> Primel, Wiesen-Schl\u00fcsselblume, Himmelsschl\u00fcssel<br \/>\n<strong>Botanischer Name:<\/strong><em> Primula veris<\/em><br \/>\n<strong>Familie:<\/strong> Primelgew\u00e4chse<br \/>\n<strong>Vorkommen:<\/strong> Europa, Asien<br \/>\n<strong>Bl\u00fctezeit: <\/strong>M\u00e4rz bis Mai<br \/>\n<strong>Bl\u00fctenfarbe:<\/strong> Gelb<br \/>\n<strong>Wuchsh\u00f6he:<\/strong> bis zu 25 cm<br \/>\n<strong>Besonderheiten:<\/strong> ungiftig, winterhart, die Echte Schl\u00fcsselblume befindet sich auf der Vorwarnliste<\/p>\n<h2><span class=\"ez-toc-section\" id=\"Blume_des_Jahres_2017_Klatschmohn\"><\/span>Blume des Jahres 2017: Klatschmohn<span class=\"ez-toc-section-end\"><\/span><\/h2>\n<p><strong><a href=\"https:\/\/www.samenhaus.de\/gartenblog\/wp-content\/uploads\/2023\/01\/Blume-des-Jahres_531049350-scaled.jpeg\"><img loading=\"lazy\" decoding=\"async\" class=\"alignright wp-image-8627\" src=\"https:\/\/www.samenhaus.de\/gartenblog\/wp-content\/uploads\/2023\/01\/Blume-des-Jahres_531049350-300x200.jpeg\" alt=\"Klatschmohn\" width=\"300\" height=\"200\" srcset=\"https:\/\/www.samenhaus.de\/gartenblog\/wp-content\/uploads\/2023\/01\/Blume-des-Jahres_531049350-300x200.jpeg 300w, https:\/\/www.samenhaus.de\/gartenblog\/wp-content\/uploads\/2023\/01\/Blume-des-Jahres_531049350-600x400.jpeg 600w, https:\/\/www.samenhaus.de\/gartenblog\/wp-content\/uploads\/2023\/01\/Blume-des-Jahres_531049350-768x512.jpeg 768w, https:\/\/www.samenhaus.de\/gartenblog\/wp-content\/uploads\/2023\/01\/Blume-des-Jahres_531049350-1024x683.jpeg 1024w, https:\/\/www.samenhaus.de\/gartenblog\/wp-content\/uploads\/2023\/01\/Blume-des-Jahres_531049350-1536x1024.jpeg 1536w, https:\/\/www.samenhaus.de\/gartenblog\/wp-content\/uploads\/2023\/01\/Blume-des-Jahres_531049350-2048x1366.jpeg 2048w\" sizes=\"auto, (max-width: 300px) 100vw, 300px\" \/><\/a>Name:<\/strong> Klatschmohn<br \/>\n<strong>Alternative Namen:<\/strong> Mohnblume, Klatschrose<br \/>\n<strong>Botanischer Name:<\/strong> <em>Papaver rhoeas<\/em><br \/>\n<strong>Familie:<\/strong> Mohngew\u00e4chse<br \/>\n<strong>Vorkommen:<\/strong> Europa, Asien, Nordafrika<br \/>\n<strong>Bl\u00fctezeit:<\/strong> Mai bis Juli<br \/>\n<strong>Bl\u00fctenfarbe:<\/strong> Rot<br \/>\n<strong>Wuchsh\u00f6he:<\/strong> bis zu 60 cm<br \/>\n<strong>Besonderheiten:<\/strong> giftig, winterhart, der Klatschmohn ist nicht gef\u00e4hrdet<\/p>\n<h2><span class=\"ez-toc-section\" id=\"Blume_des_Jahres_2018_Langblaettriger_Ehrenpreis\"><\/span>Blume des Jahres 2018: Langbl\u00e4ttriger Ehrenpreis<span class=\"ez-toc-section-end\"><\/span><\/h2>\n<p><strong><a href=\"https:\/\/www.samenhaus.de\/gartenblog\/wp-content\/uploads\/2023\/01\/Blume-des-Jahres_214303872-scaled.jpeg\"><img loading=\"lazy\" decoding=\"async\" class=\"alignright wp-image-8601\" src=\"https:\/\/www.samenhaus.de\/gartenblog\/wp-content\/uploads\/2023\/01\/Blume-des-Jahres_214303872-300x199.jpeg\" alt=\"Langbl\u00e4ttriger Ehrenpreis\" width=\"300\" height=\"199\" \/><\/a>Name:<\/strong> Langbl\u00e4ttriger Ehrenpreis<br \/>\n<strong>Alternative Namen:<\/strong> Langbl\u00e4ttriger Blauweiderich<br \/>\n<strong>Botanischer Name: <\/strong><em>Veronica longifolia<\/em><br \/>\n<strong>Familie:<\/strong> Wegerichgew\u00e4chse<br \/>\n<strong>Vorkommen:<\/strong> Europa, Asien<br \/>\nBl\u00fctezeit: Juli bis August<br \/>\n<strong>Bl\u00fctenfarbe: <\/strong>Blau, Violett<br \/>\n<strong>Wuchsh\u00f6he:<\/strong> bis zu 80 cm<br \/>\n<strong>Besonderheiten:<\/strong> ungiftig, winterhart, der Langbl\u00e4ttrige Ehrenpreis ist nicht gef\u00e4hrdet<\/p>\n<h2><span class=\"ez-toc-section\" id=\"Blume_des_Jahres_2019_Besenheide\"><\/span>Blume des Jahres 2019: Besenheide<span class=\"ez-toc-section-end\"><\/span><\/h2>\n<p><strong><a href=\"https:\/\/www.samenhaus.de\/gartenblog\/wp-content\/uploads\/2023\/01\/Blume-des-Jahres_373291057-scaled.jpeg\"><img loading=\"lazy\" decoding=\"async\" class=\"alignright wp-image-8611\" src=\"https:\/\/www.samenhaus.de\/gartenblog\/wp-content\/uploads\/2023\/01\/Blume-des-Jahres_373291057-300x200.jpeg\" alt=\"Besenheide\" width=\"300\" height=\"200\" srcset=\"https:\/\/www.samenhaus.de\/gartenblog\/wp-content\/uploads\/2023\/01\/Blume-des-Jahres_373291057-300x200.jpeg 300w, https:\/\/www.samenhaus.de\/gartenblog\/wp-content\/uploads\/2023\/01\/Blume-des-Jahres_373291057-2048x1365.jpeg 2048w, https:\/\/www.samenhaus.de\/gartenblog\/wp-content\/uploads\/2023\/01\/Blume-des-Jahres_373291057-600x400.jpeg 600w, https:\/\/www.samenhaus.de\/gartenblog\/wp-content\/uploads\/2023\/01\/Blume-des-Jahres_373291057-768x512.jpeg 768w, https:\/\/www.samenhaus.de\/gartenblog\/wp-content\/uploads\/2023\/01\/Blume-des-Jahres_373291057-1024x683.jpeg 1024w, https:\/\/www.samenhaus.de\/gartenblog\/wp-content\/uploads\/2023\/01\/Blume-des-Jahres_373291057-1536x1024.jpeg 1536w\" sizes=\"auto, (max-width: 300px) 100vw, 300px\" \/><\/a>Name:<\/strong> Besenheide<br \/>\n<strong>Alternative Namen:<\/strong> Heidekraut, Erika<br \/>\n<strong>Botanischer Name:<\/strong> <em>Calluna vulgaris<\/em><br \/>\n<strong>Familie:<\/strong> Heidekrautgew\u00e4chse<br \/>\n<strong>Vorkommen: <\/strong>Europa, Asien, Sibirien, Nordamerika<br \/>\n<strong>Bl\u00fctezeit: <\/strong>August bis November<br \/>\n<strong>Bl\u00fctenfarbe: <\/strong>Wei\u00df, Rosa, Purpurrot<br \/>\n<strong>Wuchsh\u00f6he:<\/strong> bis zu 100 cm<br \/>\n<strong>Besonderheiten:<\/strong> ungiftig, winterhart, die Besenheide ist nicht gef\u00e4hrdet<\/p>\n<h2><span class=\"ez-toc-section\" id=\"Blume_des_Jahres_2020_Fieberklee\"><\/span>Blume des Jahres 2020: Fieberklee<span class=\"ez-toc-section-end\"><\/span><\/h2>\n<p><strong><a href=\"https:\/\/www.samenhaus.de\/gartenblog\/wp-content\/uploads\/2023\/01\/Blume-des-Jahres_412921810-scaled.jpeg\"><img loading=\"lazy\" decoding=\"async\" class=\"alignright wp-image-8616\" src=\"https:\/\/www.samenhaus.de\/gartenblog\/wp-content\/uploads\/2023\/01\/Blume-des-Jahres_412921810-300x200.jpeg\" alt=\"Fieberklee\" width=\"300\" height=\"200\" srcset=\"https:\/\/www.samenhaus.de\/gartenblog\/wp-content\/uploads\/2023\/01\/Blume-des-Jahres_412921810-300x200.jpeg 300w, https:\/\/www.samenhaus.de\/gartenblog\/wp-content\/uploads\/2023\/01\/Blume-des-Jahres_412921810-2048x1365.jpeg 2048w, https:\/\/www.samenhaus.de\/gartenblog\/wp-content\/uploads\/2023\/01\/Blume-des-Jahres_412921810-600x400.jpeg 600w, https:\/\/www.samenhaus.de\/gartenblog\/wp-content\/uploads\/2023\/01\/Blume-des-Jahres_412921810-768x512.jpeg 768w, https:\/\/www.samenhaus.de\/gartenblog\/wp-content\/uploads\/2023\/01\/Blume-des-Jahres_412921810-1024x683.jpeg 1024w, https:\/\/www.samenhaus.de\/gartenblog\/wp-content\/uploads\/2023\/01\/Blume-des-Jahres_412921810-1536x1024.jpeg 1536w\" sizes=\"auto, (max-width: 300px) 100vw, 300px\" \/><\/a>Name:<\/strong> Fieberklee<br \/>\n<strong>Alternative Namen: <\/strong>Bitterklee<br \/>\n<strong>Botanischer Name: <\/strong><em>Menyanthes trifoliata<\/em><br \/>\n<strong>Familie:<\/strong> Fieberkleegew\u00e4chse<br \/>\n<strong>Vorkommen:<\/strong> Europa, Asien, Nordamerika<br \/>\n<strong>Bl\u00fctezeit:<\/strong> Mai bis Juni<br \/>\n<strong>Bl\u00fctenfarbe:<\/strong> Wei\u00df, Rosa<br \/>\n<strong>Wuchsh\u00f6he:<\/strong> bis zu 30 cm<br \/>\n<strong>Besonderheiten:<\/strong> ungiftig, winterhart, der Fieberklee ist gef\u00e4hrdet<\/p>\n<h2><span class=\"ez-toc-section\" id=\"Blume_des_Jahres_2021_Grosser_Wiesenknopf\"><\/span>Blume des Jahres 2021: Gro\u00dfer Wiesenknopf<span class=\"ez-toc-section-end\"><\/span><\/h2>\n<p><strong><a href=\"https:\/\/www.samenhaus.de\/gartenblog\/wp-content\/uploads\/2023\/01\/Blume-des-Jahres_374574927-scaled.jpeg\"><img loading=\"lazy\" decoding=\"async\" class=\"alignright wp-image-8612\" src=\"https:\/\/www.samenhaus.de\/gartenblog\/wp-content\/uploads\/2023\/01\/Blume-des-Jahres_374574927-300x200.jpeg\" alt=\"Gro\u00dfer Wiesenknopf\" width=\"300\" height=\"200\" srcset=\"https:\/\/www.samenhaus.de\/gartenblog\/wp-content\/uploads\/2023\/01\/Blume-des-Jahres_374574927-300x200.jpeg 300w, https:\/\/www.samenhaus.de\/gartenblog\/wp-content\/uploads\/2023\/01\/Blume-des-Jahres_374574927-600x400.jpeg 600w, https:\/\/www.samenhaus.de\/gartenblog\/wp-content\/uploads\/2023\/01\/Blume-des-Jahres_374574927-768x512.jpeg 768w, https:\/\/www.samenhaus.de\/gartenblog\/wp-content\/uploads\/2023\/01\/Blume-des-Jahres_374574927-1024x683.jpeg 1024w, https:\/\/www.samenhaus.de\/gartenblog\/wp-content\/uploads\/2023\/01\/Blume-des-Jahres_374574927-1536x1025.jpeg 1536w, https:\/\/www.samenhaus.de\/gartenblog\/wp-content\/uploads\/2023\/01\/Blume-des-Jahres_374574927-2048x1366.jpeg 2048w\" sizes=\"auto, (max-width: 300px) 100vw, 300px\" \/><\/a>Name:<\/strong> Gro\u00dfer Wiesenknopf<br \/>\n<strong>Alternative Namen: <\/strong>Blutstr\u00f6pfchen, Gro\u00df-Wiesenknopf<br \/>\n<strong>Botanischer Name: <\/strong><em>Sanguisorba officinalis<\/em><br \/>\n<strong>Familie: <\/strong>Rosengew\u00e4chse<br \/>\n<strong>Vorkommen: <\/strong>Europa, Asien<br \/>\n<strong>Bl\u00fctezeit:<\/strong> Juni bis September<br \/>\n<strong>Bl\u00fctenfarbe: <\/strong>Rotbraun<br \/>\n<strong>Wuchsh\u00f6he:<\/strong> bis zu 120 cm<br \/>\n<strong>Besonderheiten:<\/strong> ungiftig, winterhart, der Gro\u00dfe Wiesenknopf befindet sich auf der Vorwarnliste<\/p>\n<h2><span class=\"ez-toc-section\" id=\"Blume_des_Jahres_2022_Vierblaettrige_Einbeere\"><\/span>Blume des Jahres 2022: Vierbl\u00e4ttrige Einbeere<span class=\"ez-toc-section-end\"><\/span><\/h2>\n<p><strong><a href=\"https:\/\/www.samenhaus.de\/gartenblog\/wp-content\/uploads\/2023\/01\/Blume-des-Jahres_115820047-scaled.jpeg\"><img loading=\"lazy\" decoding=\"async\" class=\"alignright wp-image-8592\" src=\"https:\/\/www.samenhaus.de\/gartenblog\/wp-content\/uploads\/2023\/01\/Blume-des-Jahres_115820047-300x200.jpeg\" alt=\"Vierbl\u00e4ttrige Einbeere\" width=\"300\" height=\"200\" srcset=\"https:\/\/www.samenhaus.de\/gartenblog\/wp-content\/uploads\/2023\/01\/Blume-des-Jahres_115820047-300x200.jpeg 300w, https:\/\/www.samenhaus.de\/gartenblog\/wp-content\/uploads\/2023\/01\/Blume-des-Jahres_115820047-2048x1365.jpeg 2048w, https:\/\/www.samenhaus.de\/gartenblog\/wp-content\/uploads\/2023\/01\/Blume-des-Jahres_115820047-600x400.jpeg 600w, https:\/\/www.samenhaus.de\/gartenblog\/wp-content\/uploads\/2023\/01\/Blume-des-Jahres_115820047-768x512.jpeg 768w, https:\/\/www.samenhaus.de\/gartenblog\/wp-content\/uploads\/2023\/01\/Blume-des-Jahres_115820047-1024x683.jpeg 1024w, https:\/\/www.samenhaus.de\/gartenblog\/wp-content\/uploads\/2023\/01\/Blume-des-Jahres_115820047-1536x1024.jpeg 1536w\" sizes=\"auto, (max-width: 300px) 100vw, 300px\" \/><\/a>Name:<\/strong> Vierbl\u00e4ttrige Einbeere<br \/>\n<strong>Alternative Namen:<\/strong> Einbeere<br \/>\n<strong>Botanischer Name:<\/strong> <em>Paris quadrifolia<\/em><br \/>\n<strong>Familie:<\/strong> Germergew\u00e4chse<br \/>\n<strong>Vorkommen:<\/strong> Europa, Asien<br \/>\n<strong>Bl\u00fctezeit:<\/strong> Mai bis Juni<br \/>\n<strong>Bl\u00fctenfarbe:<\/strong> Gr\u00fcn<br \/>\n<strong>Wuchsh\u00f6he:<\/strong> bis zu 30 cm<br \/>\n<strong>Besonderheiten:<\/strong> giftig, winterhart, die Vierbl\u00e4ttrige Einbeere ist nicht gef\u00e4hrdet<\/p>\n<h2><span class=\"ez-toc-section\" id=\"Blume_des_Jahres_2023_Kleine_Braunelle\"><\/span>Blume des Jahres 2023: Kleine Braunelle<span class=\"ez-toc-section-end\"><\/span><\/h2>\n<p><strong><a href=\"https:\/\/www.samenhaus.de\/gartenblog\/wp-content\/uploads\/2024\/07\/Blume-des-Jahres_419981898-scaled.jpeg\"><img loading=\"lazy\" decoding=\"async\" class=\"alignright wp-image-18816\" src=\"https:\/\/www.samenhaus.de\/gartenblog\/wp-content\/uploads\/2024\/07\/Blume-des-Jahres_419981898-600x399.jpeg\" alt=\"Kleine Braunelle\" width=\"300\" height=\"199\" srcset=\"https:\/\/www.samenhaus.de\/gartenblog\/wp-content\/uploads\/2024\/07\/Blume-des-Jahres_419981898-600x400.jpeg 600w, https:\/\/www.samenhaus.de\/gartenblog\/wp-content\/uploads\/2024\/07\/Blume-des-Jahres_419981898-1024x680.jpeg 1024w, https:\/\/www.samenhaus.de\/gartenblog\/wp-content\/uploads\/2024\/07\/Blume-des-Jahres_419981898-768x510.jpeg 768w, https:\/\/www.samenhaus.de\/gartenblog\/wp-content\/uploads\/2024\/07\/Blume-des-Jahres_419981898-1536x1020.jpeg 1536w, https:\/\/www.samenhaus.de\/gartenblog\/wp-content\/uploads\/2024\/07\/Blume-des-Jahres_419981898-scaled.jpeg 2048w\" sizes=\"auto, (max-width: 300px) 100vw, 300px\" \/><\/a>Name:<\/strong> Kleine Braunelle<br \/>\n<strong>Alternative Namen:<\/strong> Gew\u00f6hnliche Braunelle, Gemeine Braunelle, Brunelle<br \/>\n<strong>Botanischer Name:<\/strong> <em>Prunella vulgaris<\/em><br \/>\n<strong>Familie:<\/strong> Lippenbl\u00fctler<br \/>\n<strong>Vorkommen:<\/strong> Europa, Nordafrika, Asien, Nordamerika<br \/>\n<strong>Bl\u00fctezeit:<\/strong> Mai bis September<br \/>\n<strong>Bl\u00fctenfarbe:<\/strong> Blau, Violett, Wei\u00df<br \/>\n<strong>Wuchsh\u00f6he:<\/strong> bis zu 30 cm<br \/>\n<strong>Besonderheiten:<\/strong> ungiftig, winterhart, die Kleine Braunelle ist nicht gef\u00e4hrdet<\/p>\n<h2><span class=\"ez-toc-section\" id=\"Blume_des_Jahres_2024_Grasnelke\"><\/span>Blume des Jahres 2024: Grasnelke<span class=\"ez-toc-section-end\"><\/span><\/h2>\n<p><strong><a href=\"https:\/\/www.samenhaus.de\/gartenblog\/wp-content\/uploads\/2024\/07\/Blume-des-Jahres_870416756-scaled.jpeg\"><img loading=\"lazy\" decoding=\"async\" class=\"alignright wp-image-18817\" src=\"https:\/\/www.samenhaus.de\/gartenblog\/wp-content\/uploads\/2024\/07\/Blume-des-Jahres_870416756-600x400.jpeg\" alt=\"Grasnelke\" width=\"300\" height=\"200\" srcset=\"https:\/\/www.samenhaus.de\/gartenblog\/wp-content\/uploads\/2024\/07\/Blume-des-Jahres_870416756-600x400.jpeg 600w, https:\/\/www.samenhaus.de\/gartenblog\/wp-content\/uploads\/2024\/07\/Blume-des-Jahres_870416756-1024x683.jpeg 1024w, https:\/\/www.samenhaus.de\/gartenblog\/wp-content\/uploads\/2024\/07\/Blume-des-Jahres_870416756-768x512.jpeg 768w, https:\/\/www.samenhaus.de\/gartenblog\/wp-content\/uploads\/2024\/07\/Blume-des-Jahres_870416756-1536x1024.jpeg 1536w, https:\/\/www.samenhaus.de\/gartenblog\/wp-content\/uploads\/2024\/07\/Blume-des-Jahres_870416756-scaled.jpeg 2048w\" sizes=\"auto, (max-width: 300px) 100vw, 300px\" \/><\/a>Name:<\/strong> Grasnelke<br \/>\n<strong>Botanischer Name:<\/strong> <em>Armeria<\/em><br \/>\n<strong>Familie:<\/strong> Bleiwurzgew\u00e4chse<br \/>\n<strong>Vorkommen:<\/strong> Europa, Asien, Nordamerika<br \/>\n<strong>Bl\u00fctezeit:<\/strong> Mai bis August<br \/>\n<strong>Bl\u00fctenfarbe:<\/strong> Rosa, Wei\u00df<br \/>\n<strong>Wuchsh\u00f6he:<\/strong> bis zu 30 cm<br \/>\n<strong>Besonderheiten:<\/strong> ungiftig, winterhart, die Grasnelke ist nicht gef\u00e4hrdet<\/p>\n","protected":false},"excerpt":{"rendered":"<p>Im Jahr 1980 wurde zum ersten Mal der Titel \u201eBlume des Jahres\u201c verliehen \u2013 und seitdem wird j\u00e4hrlich eine Pflanze gek\u00fcrt. Die Aktion wurde einst von der Ehefrau des damaligen Bundeskanzlers Helmut Schmidt, Loki Schmidt, ins Leben gerufen. Allerdings nicht aus Spa\u00df an der Freude, sondern aus einem ernsten Hintergrund heraus. Denn in den 70er Jahren wurde dem Thema Umweltschutz nicht die Aufmerksamkeit zuteil, wie das heute der Fall ist. Damals wollte man vor allem auf Wildblumen und deren Gefahr des Aussterbens hinweisen. Bis heute hat sich diese Tradition gehalten, die Blume des Jahres wird auch weiterhin von der Stiftung Naturschutz Hamburg und Stiftung zum Schutze gef\u00e4hrdeter Pflanzen verliehen. Viele dieser Wildblumen befinden sich auf der Roten Liste gef\u00e4hrdeter Pflanzen. Blume des Jahres 1980: Lungen-Enzian Name: Lungen-Enzian Alternative Namen: Blauglocken, Lungenblume, Hungerkraut Botanischer Name: Gentiana pneumonanthe Familie: Enziangew\u00e4chse Vorkommen: Europa, Asien, Kaukasus Bl\u00fctezeit: Juni bis Oktober Bl\u00fctenfarbe: Blau Wuchsh\u00f6he: bis zu 40 cm Besonderheiten: ungiftig, winterhart, der Lungen-Enzian ist stark gef\u00e4hrdet Blume des Jahres 1981: Gelbe Narzisse Name: Gelbe Narzisse Alternative Namen: Osterglocke, Trompeten-Narzisse, Falscher Narzissus Botanischer Name: Narcissus pseudonarcissus Familie: Amaryllisgew\u00e4chse Vorkommen: Europa, Asien, Amerika Bl\u00fctezeit: M\u00e4rz bis April Bl\u00fctenfarbe: Gelb Wuchsh\u00f6he: bis zu 30 cm Besonderheiten: giftig, winterhart, [&hellip;]<\/p>\n","protected":false},"author":13,"featured_media":8599,"comment_status":"open","ping_status":"open","sticky":false,"template":"","format":"standard","meta":{"_acf_changed":false,"footnotes":""},"categories":[13],"tags":[],"hersteller":[],"class_list":["post-8151","post","type-post","status-publish","format-standard","has-post-thumbnail","hentry","category-blumen"],"acf":[],"yoast_head":"<!-- This site is optimized with the Yoast SEO plugin v27.4 - https:\/\/yoast.com\/product\/yoast-seo-wordpress\/ -->\n<title>Die Blume des Jahres - Samenhaus Gartenblog<\/title>\n<meta name=\"description\" content=\"Jedes Jahr wird der Titel &quot;Blume des Jahres&quot; verliehen. Die meisten dieser Blumen stehen auf der Roten Liste.\" \/>\n<meta name=\"robots\" content=\"index, follow, max-snippet:-1, max-image-preview:large, max-video-preview:-1\" \/>\n<link rel=\"canonical\" href=\"https:\/\/www.samenhaus.de\/gartenblog\/die-blume-des-jahres\" \/>\n<meta property=\"og:locale\" content=\"de_DE\" \/>\n<meta property=\"og:type\" content=\"article\" \/>\n<meta property=\"og:title\" content=\"Die Blume des Jahres - Samenhaus Gartenblog\" \/>\n<meta property=\"og:description\" content=\"Jedes Jahr wird der Titel &quot;Blume des Jahres&quot; verliehen. Die meisten dieser Blumen stehen auf der Roten Liste.\" \/>\n<meta property=\"og:url\" content=\"https:\/\/www.samenhaus.de\/gartenblog\/die-blume-des-jahres\" \/>\n<meta property=\"og:site_name\" content=\"Samenhaus Gartenblog\" \/>\n<meta property=\"article:publisher\" content=\"https:\/\/de-de.facebook.com\/samenhaus\" \/>\n<meta property=\"article:published_time\" content=\"2023-01-06T09:00:33+00:00\" \/>\n<meta property=\"article:modified_time\" content=\"2024-07-23T04:52:28+00:00\" \/>\n<meta property=\"og:image\" content=\"https:\/\/www.samenhaus.de\/gartenblog\/wp-content\/uploads\/2023\/01\/Blume-des-Jahres_191822389-scaled.jpeg\" \/>\n\t<meta property=\"og:image:width\" content=\"2560\" \/>\n\t<meta property=\"og:image:height\" content=\"1110\" \/>\n\t<meta property=\"og:image:type\" content=\"image\/jpeg\" \/>\n<meta name=\"author\" content=\"Holger\" \/>\n<meta name=\"twitter:card\" content=\"summary_large_image\" \/>\n<meta name=\"twitter:creator\" content=\"@samenhaus\" \/>\n<meta name=\"twitter:site\" content=\"@samenhaus\" \/>\n<meta name=\"twitter:label1\" content=\"Verfasst von\" \/>\n\t<meta name=\"twitter:data1\" content=\"Holger\" \/>\n\t<meta name=\"twitter:label2\" content=\"Gesch\u00e4tzte Lesezeit\" \/>\n\t<meta name=\"twitter:data2\" content=\"21\u00a0Minuten\" \/>\n<script type=\"application\/ld+json\" class=\"yoast-schema-graph\">{\"@context\":\"https:\\\/\\\/schema.org\",\"@graph\":[{\"@type\":\"Article\",\"@id\":\"https:\\\/\\\/www.samenhaus.de\\\/gartenblog\\\/die-blume-des-jahres#article\",\"isPartOf\":{\"@id\":\"https:\\\/\\\/www.samenhaus.de\\\/gartenblog\\\/die-blume-des-jahres\"},\"author\":{\"name\":\"Holger\",\"@id\":\"https:\\\/\\\/www.samenhaus.de\\\/gartenblog\\\/#\\\/schema\\\/person\\\/de169769587431893823f62b2ce06c04\"},\"headline\":\"Die Blume des Jahres\",\"datePublished\":\"2023-01-06T09:00:33+00:00\",\"dateModified\":\"2024-07-23T04:52:28+00:00\",\"mainEntityOfPage\":{\"@id\":\"https:\\\/\\\/www.samenhaus.de\\\/gartenblog\\\/die-blume-des-jahres\"},\"wordCount\":2235,\"commentCount\":0,\"publisher\":{\"@id\":\"https:\\\/\\\/www.samenhaus.de\\\/gartenblog\\\/#organization\"},\"image\":{\"@id\":\"https:\\\/\\\/www.samenhaus.de\\\/gartenblog\\\/die-blume-des-jahres#primaryimage\"},\"thumbnailUrl\":\"https:\\\/\\\/www.samenhaus.de\\\/gartenblog\\\/wp-content\\\/uploads\\\/2023\\\/01\\\/Blume-des-Jahres_191822389-scaled.jpeg\",\"articleSection\":[\"Blumen\"],\"inLanguage\":\"de\",\"potentialAction\":[{\"@type\":\"CommentAction\",\"name\":\"Comment\",\"target\":[\"https:\\\/\\\/www.samenhaus.de\\\/gartenblog\\\/die-blume-des-jahres#respond\"]}],\"copyrightYear\":\"2023\",\"copyrightHolder\":{\"@id\":\"https:\\\/\\\/www.samenhaus.de\\\/gartenblog\\\/#organization\"}},{\"@type\":\"WebPage\",\"@id\":\"https:\\\/\\\/www.samenhaus.de\\\/gartenblog\\\/die-blume-des-jahres\",\"url\":\"https:\\\/\\\/www.samenhaus.de\\\/gartenblog\\\/die-blume-des-jahres\",\"name\":\"Die Blume des Jahres - Samenhaus Gartenblog\",\"isPartOf\":{\"@id\":\"https:\\\/\\\/www.samenhaus.de\\\/gartenblog\\\/#website\"},\"primaryImageOfPage\":{\"@id\":\"https:\\\/\\\/www.samenhaus.de\\\/gartenblog\\\/die-blume-des-jahres#primaryimage\"},\"image\":{\"@id\":\"https:\\\/\\\/www.samenhaus.de\\\/gartenblog\\\/die-blume-des-jahres#primaryimage\"},\"thumbnailUrl\":\"https:\\\/\\\/www.samenhaus.de\\\/gartenblog\\\/wp-content\\\/uploads\\\/2023\\\/01\\\/Blume-des-Jahres_191822389-scaled.jpeg\",\"datePublished\":\"2023-01-06T09:00:33+00:00\",\"dateModified\":\"2024-07-23T04:52:28+00:00\",\"description\":\"Jedes Jahr wird der Titel \\\"Blume des Jahres\\\" verliehen. Die meisten dieser Blumen stehen auf der Roten Liste.\",\"breadcrumb\":{\"@id\":\"https:\\\/\\\/www.samenhaus.de\\\/gartenblog\\\/die-blume-des-jahres#breadcrumb\"},\"inLanguage\":\"de\",\"potentialAction\":[{\"@type\":\"ReadAction\",\"target\":[\"https:\\\/\\\/www.samenhaus.de\\\/gartenblog\\\/die-blume-des-jahres\"]}]},{\"@type\":\"ImageObject\",\"inLanguage\":\"de\",\"@id\":\"https:\\\/\\\/www.samenhaus.de\\\/gartenblog\\\/die-blume-des-jahres#primaryimage\",\"url\":\"https:\\\/\\\/www.samenhaus.de\\\/gartenblog\\\/wp-content\\\/uploads\\\/2023\\\/01\\\/Blume-des-Jahres_191822389-scaled.jpeg\",\"contentUrl\":\"https:\\\/\\\/www.samenhaus.de\\\/gartenblog\\\/wp-content\\\/uploads\\\/2023\\\/01\\\/Blume-des-Jahres_191822389-scaled.jpeg\",\"width\":2560,\"height\":1110,\"caption\":\"Blumen\"},{\"@type\":\"BreadcrumbList\",\"@id\":\"https:\\\/\\\/www.samenhaus.de\\\/gartenblog\\\/die-blume-des-jahres#breadcrumb\",\"itemListElement\":[{\"@type\":\"ListItem\",\"position\":1,\"name\":\"Startseite\",\"item\":\"https:\\\/\\\/www.samenhaus.de\\\/gartenblog\\\/\"},{\"@type\":\"ListItem\",\"position\":2,\"name\":\"Die Blume des Jahres\"}]},{\"@type\":\"WebSite\",\"@id\":\"https:\\\/\\\/www.samenhaus.de\\\/gartenblog\\\/#website\",\"url\":\"https:\\\/\\\/www.samenhaus.de\\\/gartenblog\\\/\",\"name\":\"Samenhaus Gartenblog\",\"description\":\"\",\"publisher\":{\"@id\":\"https:\\\/\\\/www.samenhaus.de\\\/gartenblog\\\/#organization\"},\"potentialAction\":[{\"@type\":\"SearchAction\",\"target\":{\"@type\":\"EntryPoint\",\"urlTemplate\":\"https:\\\/\\\/www.samenhaus.de\\\/gartenblog\\\/?s={search_term_string}\"},\"query-input\":{\"@type\":\"PropertyValueSpecification\",\"valueRequired\":true,\"valueName\":\"search_term_string\"}}],\"inLanguage\":\"de\"},{\"@type\":\"Organization\",\"@id\":\"https:\\\/\\\/www.samenhaus.de\\\/gartenblog\\\/#organization\",\"name\":\"Samenhaus.de Gartenblog\",\"url\":\"https:\\\/\\\/www.samenhaus.de\\\/gartenblog\\\/\",\"logo\":{\"@type\":\"ImageObject\",\"inLanguage\":\"de\",\"@id\":\"https:\\\/\\\/www.samenhaus.de\\\/gartenblog\\\/#\\\/schema\\\/logo\\\/image\\\/\",\"url\":\"https:\\\/\\\/www.samenhaus.de\\\/gartenblog\\\/wp-content\\\/uploads\\\/2020\\\/11\\\/logo.svg\",\"contentUrl\":\"https:\\\/\\\/www.samenhaus.de\\\/gartenblog\\\/wp-content\\\/uploads\\\/2020\\\/11\\\/logo.svg\",\"width\":1,\"height\":1,\"caption\":\"Samenhaus.de Gartenblog\"},\"image\":{\"@id\":\"https:\\\/\\\/www.samenhaus.de\\\/gartenblog\\\/#\\\/schema\\\/logo\\\/image\\\/\"},\"sameAs\":[\"https:\\\/\\\/de-de.facebook.com\\\/samenhaus\",\"https:\\\/\\\/x.com\\\/samenhaus\"]},{\"@type\":\"Person\",\"@id\":\"https:\\\/\\\/www.samenhaus.de\\\/gartenblog\\\/#\\\/schema\\\/person\\\/de169769587431893823f62b2ce06c04\",\"name\":\"Holger\",\"image\":{\"@type\":\"ImageObject\",\"inLanguage\":\"de\",\"@id\":\"https:\\\/\\\/www.samenhaus.de\\\/gartenblog\\\/wp-content\\\/uploads\\\/2026\\\/03\\\/Holger-150x150.png\",\"url\":\"https:\\\/\\\/www.samenhaus.de\\\/gartenblog\\\/wp-content\\\/uploads\\\/2026\\\/03\\\/Holger-150x150.png\",\"contentUrl\":\"https:\\\/\\\/www.samenhaus.de\\\/gartenblog\\\/wp-content\\\/uploads\\\/2026\\\/03\\\/Holger-150x150.png\",\"caption\":\"Holger\"},\"description\":\"6.000.000 W\u00f6rter \u2013 so viel k\u00f6nnen Sie in etwa von mir online lesen. Das F\u00fcllen des Internets entwickelte sich nach meiner Ausbildung zum TV-Redakteur und der langj\u00e4hrigen Arbeit bei SAT.1 zu einem Fulltime-Job. Trotzdem finde ich noch gen\u00fcgend Zeit, um in meinem Garten zu werkeln. Eine Staude hier, ein Bl\u00fcmchen dort und ein bisschen Gem\u00fcse darf auch nicht fehlen \u2013 einen Schnitzelbaum gibt es ja noch nicht \u2026 Die besten geistigen Erg\u00fcsse habe ich \u00fcbrigens, wenn ich IM Garten \u00dcBER den Garten schreiben kann. So vereinen sich Beruf und Hobby perfekt \u2013 was gibt es Sch\u00f6neres?\",\"url\":\"https:\\\/\\\/www.samenhaus.de\\\/gartenblog\\\/author\\\/holger\"}]}<\/script>\n<!-- \/ Yoast SEO plugin. -->","yoast_head_json":{"title":"Die Blume des Jahres - Samenhaus Gartenblog","description":"Jedes Jahr wird der Titel \"Blume des Jahres\" verliehen. Die meisten dieser Blumen stehen auf der Roten Liste.","robots":{"index":"index","follow":"follow","max-snippet":"max-snippet:-1","max-image-preview":"max-image-preview:large","max-video-preview":"max-video-preview:-1"},"canonical":"https:\/\/www.samenhaus.de\/gartenblog\/die-blume-des-jahres","og_locale":"de_DE","og_type":"article","og_title":"Die Blume des Jahres - Samenhaus Gartenblog","og_description":"Jedes Jahr wird der Titel \"Blume des Jahres\" verliehen. Die meisten dieser Blumen stehen auf der Roten Liste.","og_url":"https:\/\/www.samenhaus.de\/gartenblog\/die-blume-des-jahres","og_site_name":"Samenhaus Gartenblog","article_publisher":"https:\/\/de-de.facebook.com\/samenhaus","article_published_time":"2023-01-06T09:00:33+00:00","article_modified_time":"2024-07-23T04:52:28+00:00","og_image":[{"width":2560,"height":1110,"url":"https:\/\/www.samenhaus.de\/gartenblog\/wp-content\/uploads\/2023\/01\/Blume-des-Jahres_191822389-scaled.jpeg","type":"image\/jpeg"}],"author":"Holger","twitter_card":"summary_large_image","twitter_creator":"@samenhaus","twitter_site":"@samenhaus","twitter_misc":{"Verfasst von":"Holger","Gesch\u00e4tzte Lesezeit":"21\u00a0Minuten"},"schema":{"@context":"https:\/\/schema.org","@graph":[{"@type":"Article","@id":"https:\/\/www.samenhaus.de\/gartenblog\/die-blume-des-jahres#article","isPartOf":{"@id":"https:\/\/www.samenhaus.de\/gartenblog\/die-blume-des-jahres"},"author":{"name":"Holger","@id":"https:\/\/www.samenhaus.de\/gartenblog\/#\/schema\/person\/de169769587431893823f62b2ce06c04"},"headline":"Die Blume des Jahres","datePublished":"2023-01-06T09:00:33+00:00","dateModified":"2024-07-23T04:52:28+00:00","mainEntityOfPage":{"@id":"https:\/\/www.samenhaus.de\/gartenblog\/die-blume-des-jahres"},"wordCount":2235,"commentCount":0,"publisher":{"@id":"https:\/\/www.samenhaus.de\/gartenblog\/#organization"},"image":{"@id":"https:\/\/www.samenhaus.de\/gartenblog\/die-blume-des-jahres#primaryimage"},"thumbnailUrl":"https:\/\/www.samenhaus.de\/gartenblog\/wp-content\/uploads\/2023\/01\/Blume-des-Jahres_191822389-scaled.jpeg","articleSection":["Blumen"],"inLanguage":"de","potentialAction":[{"@type":"CommentAction","name":"Comment","target":["https:\/\/www.samenhaus.de\/gartenblog\/die-blume-des-jahres#respond"]}],"copyrightYear":"2023","copyrightHolder":{"@id":"https:\/\/www.samenhaus.de\/gartenblog\/#organization"}},{"@type":"WebPage","@id":"https:\/\/www.samenhaus.de\/gartenblog\/die-blume-des-jahres","url":"https:\/\/www.samenhaus.de\/gartenblog\/die-blume-des-jahres","name":"Die Blume des Jahres - Samenhaus Gartenblog","isPartOf":{"@id":"https:\/\/www.samenhaus.de\/gartenblog\/#website"},"primaryImageOfPage":{"@id":"https:\/\/www.samenhaus.de\/gartenblog\/die-blume-des-jahres#primaryimage"},"image":{"@id":"https:\/\/www.samenhaus.de\/gartenblog\/die-blume-des-jahres#primaryimage"},"thumbnailUrl":"https:\/\/www.samenhaus.de\/gartenblog\/wp-content\/uploads\/2023\/01\/Blume-des-Jahres_191822389-scaled.jpeg","datePublished":"2023-01-06T09:00:33+00:00","dateModified":"2024-07-23T04:52:28+00:00","description":"Jedes Jahr wird der Titel \"Blume des Jahres\" verliehen. Die meisten dieser Blumen stehen auf der Roten Liste.","breadcrumb":{"@id":"https:\/\/www.samenhaus.de\/gartenblog\/die-blume-des-jahres#breadcrumb"},"inLanguage":"de","potentialAction":[{"@type":"ReadAction","target":["https:\/\/www.samenhaus.de\/gartenblog\/die-blume-des-jahres"]}]},{"@type":"ImageObject","inLanguage":"de","@id":"https:\/\/www.samenhaus.de\/gartenblog\/die-blume-des-jahres#primaryimage","url":"https:\/\/www.samenhaus.de\/gartenblog\/wp-content\/uploads\/2023\/01\/Blume-des-Jahres_191822389-scaled.jpeg","contentUrl":"https:\/\/www.samenhaus.de\/gartenblog\/wp-content\/uploads\/2023\/01\/Blume-des-Jahres_191822389-scaled.jpeg","width":2560,"height":1110,"caption":"Blumen"},{"@type":"BreadcrumbList","@id":"https:\/\/www.samenhaus.de\/gartenblog\/die-blume-des-jahres#breadcrumb","itemListElement":[{"@type":"ListItem","position":1,"name":"Startseite","item":"https:\/\/www.samenhaus.de\/gartenblog\/"},{"@type":"ListItem","position":2,"name":"Die Blume des Jahres"}]},{"@type":"WebSite","@id":"https:\/\/www.samenhaus.de\/gartenblog\/#website","url":"https:\/\/www.samenhaus.de\/gartenblog\/","name":"Samenhaus Gartenblog","description":"","publisher":{"@id":"https:\/\/www.samenhaus.de\/gartenblog\/#organization"},"potentialAction":[{"@type":"SearchAction","target":{"@type":"EntryPoint","urlTemplate":"https:\/\/www.samenhaus.de\/gartenblog\/?s={search_term_string}"},"query-input":{"@type":"PropertyValueSpecification","valueRequired":true,"valueName":"search_term_string"}}],"inLanguage":"de"},{"@type":"Organization","@id":"https:\/\/www.samenhaus.de\/gartenblog\/#organization","name":"Samenhaus.de Gartenblog","url":"https:\/\/www.samenhaus.de\/gartenblog\/","logo":{"@type":"ImageObject","inLanguage":"de","@id":"https:\/\/www.samenhaus.de\/gartenblog\/#\/schema\/logo\/image\/","url":"https:\/\/www.samenhaus.de\/gartenblog\/wp-content\/uploads\/2020\/11\/logo.svg","contentUrl":"https:\/\/www.samenhaus.de\/gartenblog\/wp-content\/uploads\/2020\/11\/logo.svg","width":1,"height":1,"caption":"Samenhaus.de Gartenblog"},"image":{"@id":"https:\/\/www.samenhaus.de\/gartenblog\/#\/schema\/logo\/image\/"},"sameAs":["https:\/\/de-de.facebook.com\/samenhaus","https:\/\/x.com\/samenhaus"]},{"@type":"Person","@id":"https:\/\/www.samenhaus.de\/gartenblog\/#\/schema\/person\/de169769587431893823f62b2ce06c04","name":"Holger","image":{"@type":"ImageObject","inLanguage":"de","@id":"https:\/\/www.samenhaus.de\/gartenblog\/wp-content\/uploads\/2026\/03\/Holger-150x150.png","url":"https:\/\/www.samenhaus.de\/gartenblog\/wp-content\/uploads\/2026\/03\/Holger-150x150.png","contentUrl":"https:\/\/www.samenhaus.de\/gartenblog\/wp-content\/uploads\/2026\/03\/Holger-150x150.png","caption":"Holger"},"description":"6.000.000 W\u00f6rter \u2013 so viel k\u00f6nnen Sie in etwa von mir online lesen. Das F\u00fcllen des Internets entwickelte sich nach meiner Ausbildung zum TV-Redakteur und der langj\u00e4hrigen Arbeit bei SAT.1 zu einem Fulltime-Job. Trotzdem finde ich noch gen\u00fcgend Zeit, um in meinem Garten zu werkeln. Eine Staude hier, ein Bl\u00fcmchen dort und ein bisschen Gem\u00fcse darf auch nicht fehlen \u2013 einen Schnitzelbaum gibt es ja noch nicht \u2026 Die besten geistigen Erg\u00fcsse habe ich \u00fcbrigens, wenn ich IM Garten \u00dcBER den Garten schreiben kann. So vereinen sich Beruf und Hobby perfekt \u2013 was gibt es Sch\u00f6neres?","url":"https:\/\/www.samenhaus.de\/gartenblog\/author\/holger"}]}},"wp-worthy-pixel":{"ignored":false,"public":"38399fdb7011478882a6835f64e9b1ce","server":"vg06.met.vgwort.de","url":"https:\/\/vg06.met.vgwort.de\/na\/38399fdb7011478882a6835f64e9b1ce"},"wp-worthy-type":"normal","_links":{"self":[{"href":"https:\/\/www.samenhaus.de\/gartenblog\/wp-json\/wp\/v2\/posts\/8151","targetHints":{"allow":["GET"]}}],"collection":[{"href":"https:\/\/www.samenhaus.de\/gartenblog\/wp-json\/wp\/v2\/posts"}],"about":[{"href":"https:\/\/www.samenhaus.de\/gartenblog\/wp-json\/wp\/v2\/types\/post"}],"author":[{"embeddable":true,"href":"https:\/\/www.samenhaus.de\/gartenblog\/wp-json\/wp\/v2\/users\/13"}],"replies":[{"embeddable":true,"href":"https:\/\/www.samenhaus.de\/gartenblog\/wp-json\/wp\/v2\/comments?post=8151"}],"version-history":[{"count":13,"href":"https:\/\/www.samenhaus.de\/gartenblog\/wp-json\/wp\/v2\/posts\/8151\/revisions"}],"predecessor-version":[{"id":18818,"href":"https:\/\/www.samenhaus.de\/gartenblog\/wp-json\/wp\/v2\/posts\/8151\/revisions\/18818"}],"wp:featuredmedia":[{"embeddable":true,"href":"https:\/\/www.samenhaus.de\/gartenblog\/wp-json\/wp\/v2\/media\/8599"}],"wp:attachment":[{"href":"https:\/\/www.samenhaus.de\/gartenblog\/wp-json\/wp\/v2\/media?parent=8151"}],"wp:term":[{"taxonomy":"category","embeddable":true,"href":"https:\/\/www.samenhaus.de\/gartenblog\/wp-json\/wp\/v2\/categories?post=8151"},{"taxonomy":"post_tag","embeddable":true,"href":"https:\/\/www.samenhaus.de\/gartenblog\/wp-json\/wp\/v2\/tags?post=8151"},{"taxonomy":"hersteller","embeddable":true,"href":"https:\/\/www.samenhaus.de\/gartenblog\/wp-json\/wp\/v2\/hersteller?post=8151"}],"curies":[{"name":"wp","href":"https:\/\/api.w.org\/{rel}","templated":true}]}}