{"id":8199,"date":"2022-12-14T09:00:54","date_gmt":"2022-12-14T09:00:54","guid":{"rendered":"https:\/\/www.samenhaus.de\/gartenblog\/?p=8199"},"modified":"2023-08-15T09:03:16","modified_gmt":"2023-08-15T09:03:16","slug":"amarant-getreide-das-eigentlich-keines-ist","status":"publish","type":"post","link":"https:\/\/www.samenhaus.de\/gartenblog\/amarant-getreide-das-eigentlich-keines-ist","title":{"rendered":"Amarant \u2013 Getreide, das eigentlich keines ist"},"content":{"rendered":"<p>Im Garten sieht Amarant mit seinen langen roten Fruchtst\u00e4nden sehr dekorativ aus. An Getreide erinnert die Pflanze allerdings wenig. Und in der Tat ist Amarant kein Getreide, es ist vielmehr ein Pseudogetreide. Dabei handelt es sich um Pflanzen, die nicht \u2013 wie Getreidearten \u2013 zu den S\u00fc\u00dfgr\u00e4sern gez\u00e4hlt werden, aber dennoch<\/p>\n<p>Samen bilden, die wie Getreide verwendet werden k\u00f6nnen und der Hirse sehr \u00e4hnlich sehen. Amarant kann somit f\u00fcr Backwaren ebenso verwendet werden, wie f\u00fcr viele andere Speisen.<\/p>\n<h2><span class=\"ez-toc-section\" id=\"Amarant_%E2%80%93_ein_Steckbrief\"><\/span>Amarant \u2013 ein Steckbrief<span class=\"ez-toc-section-end\"><\/span><\/h2>\n<p><img loading=\"lazy\" decoding=\"async\" class=\"size-medium wp-image-8357 alignright\" src=\"https:\/\/www.samenhaus.de\/gartenblog\/wp-content\/uploads\/2022\/12\/Amarant_48487769-300x231.jpeg\" alt=\"Amarant Samen\" width=\"300\" height=\"231\" \/><strong>Name:<\/strong> Amarant (alternative Schreibweise: Amaranth)<br \/>\n<strong>Botanischer Name:<\/strong> <em>Amaranthus<\/em><br \/>\n<strong>Alternative Namen:<\/strong> Fuchsschwanz<br \/>\n<strong>Pflanzenfamilie:<\/strong> Fuchsschwanzgew\u00e4chse<br \/>\n<strong>Arten:<\/strong> ca. 70 (verwendet werden vor allem die Samen des Garten-Fuchsschwanzes, Amaranthus caudatus)<br \/>\n<strong>Herkunft:<\/strong> S\u00fcd- und Mittelamerika<br \/>\n<strong>Vorkommen:<\/strong> weltweit mit Ausnahme der Antarktis<br \/>\n<strong>Gr\u00f6\u00dfe:<\/strong> bis zu 2 Meter<br \/>\n<strong>Samenanzahl:<\/strong> bis zu 50.000 je Pflanze<br \/>\n<strong>Samengr\u00f6\u00dfe:<\/strong> &gt; 1 Millimeter<br \/>\nNicht winterhart<br \/>\nEinj\u00e4hrig<\/p>\n<h2><span class=\"ez-toc-section\" id=\"Amarant_%E2%80%93_seit_Jahrtausenden_genutzt\"><\/span>Amarant \u2013 seit Jahrtausenden genutzt<span class=\"ez-toc-section-end\"><\/span><\/h2>\n<p><img loading=\"lazy\" decoding=\"async\" class=\"size-medium wp-image-8359 alignright\" src=\"https:\/\/www.samenhaus.de\/gartenblog\/wp-content\/uploads\/2022\/12\/Amarant_201657994-300x200.jpeg\" alt=\"Feld Amarant\" width=\"300\" height=\"200\" srcset=\"https:\/\/www.samenhaus.de\/gartenblog\/wp-content\/uploads\/2022\/12\/Amarant_201657994-300x200.jpeg 300w, https:\/\/www.samenhaus.de\/gartenblog\/wp-content\/uploads\/2022\/12\/Amarant_201657994-600x401.jpeg 600w, https:\/\/www.samenhaus.de\/gartenblog\/wp-content\/uploads\/2022\/12\/Amarant_201657994-768x513.jpeg 768w, https:\/\/www.samenhaus.de\/gartenblog\/wp-content\/uploads\/2022\/12\/Amarant_201657994-1024x684.jpeg 1024w, https:\/\/www.samenhaus.de\/gartenblog\/wp-content\/uploads\/2022\/12\/Amarant_201657994-1536x1025.jpeg 1536w, https:\/\/www.samenhaus.de\/gartenblog\/wp-content\/uploads\/2022\/12\/Amarant_201657994-2048x1367.jpeg 2048w\" sizes=\"auto, (max-width: 300px) 100vw, 300px\" \/>Amarant z\u00e4hlt zu den \u00e4ltesten Nutzpflanzen \u00fcberhaupt. Grabfunde in Mexiko zeigen, dass die Pflanze bereits vor rund 9.000 Jahren bekannt war. Neben Mais und Quinoa geh\u00f6rte Amarant bei den Azteken, den Mayas und den Inkas zu den Hauptnahrungsmitteln. Auch hatte die Pflanze eine starke religi\u00f6se Bedeutung, was den spanischen Eroberern im 16. Jahrhundert missfiel. Sie verboten den Verzehr von Amarant, was eine beispiellose Hungersnot und den Tod von Millionen von Indios bedeutete. Aus diesem Grund geriet Amarant in Vergessenheit und wurde erst in der Neuzeit wiederentdeckt.<\/p>\n<p>In der griechischen Mythologie hat Amarant seinen festen Platz. Dort wird die Pflanze als ewig bl\u00fchende Blume verehrt, die von den G\u00f6ttern versteckt wurde. Wer sie gefunden hat, der durfte sich \u00fcber Unsterblichkeit freuen. Der Name Amarant bedeutet so viel wie &#8222;immer bl\u00fchend&#8220; oder &#8222;ewig lebend&#8220;.<\/p>\n<h2><span class=\"ez-toc-section\" id=\"Amarant_%E2%80%93_wertvoller_Naehrstofflieferant\"><\/span>Amarant \u2013 wertvoller N\u00e4hrstofflieferant<span class=\"ez-toc-section-end\"><\/span><\/h2>\n<p><img loading=\"lazy\" decoding=\"async\" class=\"size-medium wp-image-8358 alignright\" src=\"https:\/\/www.samenhaus.de\/gartenblog\/wp-content\/uploads\/2022\/12\/Amarant_158528230-300x200.jpeg\" alt=\"Samen Amarant\" width=\"300\" height=\"200\" srcset=\"https:\/\/www.samenhaus.de\/gartenblog\/wp-content\/uploads\/2022\/12\/Amarant_158528230-300x200.jpeg 300w, https:\/\/www.samenhaus.de\/gartenblog\/wp-content\/uploads\/2022\/12\/Amarant_158528230-600x400.jpeg 600w, https:\/\/www.samenhaus.de\/gartenblog\/wp-content\/uploads\/2022\/12\/Amarant_158528230-768x513.jpeg 768w, https:\/\/www.samenhaus.de\/gartenblog\/wp-content\/uploads\/2022\/12\/Amarant_158528230-1024x684.jpeg 1024w, https:\/\/www.samenhaus.de\/gartenblog\/wp-content\/uploads\/2022\/12\/Amarant_158528230-1536x1025.jpeg 1536w, https:\/\/www.samenhaus.de\/gartenblog\/wp-content\/uploads\/2022\/12\/Amarant_158528230-2048x1367.jpeg 2048w\" sizes=\"auto, (max-width: 300px) 100vw, 300px\" \/>Der Geschmack von Amarant ist schwer zu beschreiben. F\u00fcr die einen schmeckt das Korn erdig, f\u00fcr andere nussig, wieder andere finden es leicht s\u00fc\u00dflich. Interessant ist in jedem Fall, dass Amarant gesund ist und teilweise h\u00f6here N\u00e4hrstoffwerte liefert, als so manches Getreide. Hier einige wichtige Bestandteile (Angaben je 100 Gramm):<\/p>\n<ul>\n<li>Calcium: 214 mg<\/li>\n<li>Kalium: 484 mg<\/li>\n<li>Magnesium: 308 mg<\/li>\n<li>Phospor: 582 mg<\/li>\n<li>Zink: 3,18 mg<\/li>\n<li>Eisen: 9 mg<\/li>\n<\/ul>\n<p>Hinzu kommen zahlreiche unges\u00e4ttigte und damit gesunde Fetts\u00e4uren. In der Regel werden von Amarant die Samen verwendet. Es ist aber auch m\u00f6glich, die Bl\u00e4tter als Gem\u00fcse zu nutzen.<\/p>\n<h2><span class=\"ez-toc-section\" id=\"Was_Sie_aus_Amarant_zaubern_koennen\"><\/span>Was Sie aus Amarant zaubern k\u00f6nnen<span class=\"ez-toc-section-end\"><\/span><\/h2>\n<p><img loading=\"lazy\" decoding=\"async\" class=\"size-medium wp-image-8361 alignright\" src=\"https:\/\/www.samenhaus.de\/gartenblog\/wp-content\/uploads\/2022\/12\/Amarant_326488179-300x200.jpeg\" alt=\"Amarantbrot\" width=\"300\" height=\"200\" srcset=\"https:\/\/www.samenhaus.de\/gartenblog\/wp-content\/uploads\/2022\/12\/Amarant_326488179-300x200.jpeg 300w, https:\/\/www.samenhaus.de\/gartenblog\/wp-content\/uploads\/2022\/12\/Amarant_326488179-600x400.jpeg 600w, https:\/\/www.samenhaus.de\/gartenblog\/wp-content\/uploads\/2022\/12\/Amarant_326488179-2048x1365.jpeg 2048w, https:\/\/www.samenhaus.de\/gartenblog\/wp-content\/uploads\/2022\/12\/Amarant_326488179-768x512.jpeg 768w, https:\/\/www.samenhaus.de\/gartenblog\/wp-content\/uploads\/2022\/12\/Amarant_326488179-1024x683.jpeg 1024w, https:\/\/www.samenhaus.de\/gartenblog\/wp-content\/uploads\/2022\/12\/Amarant_326488179-1536x1024.jpeg 1536w\" sizes=\"auto, (max-width: 300px) 100vw, 300px\" \/>Mit Amarant l\u00e4sst sich so einiges in der K\u00fcche anfangen. Sie k\u00f6nnen die K\u00f6rner mahlen und wie Mehl zum Backen von Brot, Br\u00f6tchen, Kuchen oder Pfannkuchen verwenden.\u00a0 M\u00f6chten Sie die K\u00f6rner im Ganzen nutzen, dann gehen Sie wie folgt vor:<\/p>\n<ol>\n<li>K\u00f6rner in einen Topf mit der doppelten Menge an Wasser geben.<\/li>\n<li>Eine halbe Stunde k\u00f6cheln.<\/li>\n<li>Anschlie\u00dfend rund 10 Minuten nachquellen lassen.<\/li>\n<\/ol>\n<p>Mit diesem Grundrezept k\u00f6nnen Sie Amarant s\u00fc\u00df oder pikant zubereiten und zu Aufl\u00e4ufen, Fleisch, Gem\u00fcse und Pfannengerichten servieren oder als F\u00fcllung beispielsweise f\u00fcr Paprika oder Tomaten verwenden. Als Zugabe im M\u00fcsli oder im Salat k\u00f6nnen Sie die K\u00f6rner auch roh verwenden. Amarant kann fix und fertig, meist in Reformh\u00e4usern oder Biofachgesch\u00e4ften gekauft werden. Alternativ pflanzen Sie Amarant einfach selbst in Ihrem Garten.<\/p>\n<h2><span class=\"ez-toc-section\" id=\"Amarant_%E2%80%93_von_der_Aussaat_bis_zur_Ernte\"><\/span>Amarant \u2013 von der Aussaat bis zur Ernte<span class=\"ez-toc-section-end\"><\/span><\/h2>\n<p><img loading=\"lazy\" decoding=\"async\" class=\"size-medium wp-image-8363 alignright\" src=\"https:\/\/www.samenhaus.de\/gartenblog\/wp-content\/uploads\/2022\/12\/Amarant_525977773-300x200.jpeg\" alt=\"Amarant Ernte\" width=\"300\" height=\"200\" srcset=\"https:\/\/www.samenhaus.de\/gartenblog\/wp-content\/uploads\/2022\/12\/Amarant_525977773-300x200.jpeg 300w, https:\/\/www.samenhaus.de\/gartenblog\/wp-content\/uploads\/2022\/12\/Amarant_525977773-600x400.jpeg 600w, https:\/\/www.samenhaus.de\/gartenblog\/wp-content\/uploads\/2022\/12\/Amarant_525977773-2048x1365.jpeg 2048w, https:\/\/www.samenhaus.de\/gartenblog\/wp-content\/uploads\/2022\/12\/Amarant_525977773-768x512.jpeg 768w, https:\/\/www.samenhaus.de\/gartenblog\/wp-content\/uploads\/2022\/12\/Amarant_525977773-1024x683.jpeg 1024w, https:\/\/www.samenhaus.de\/gartenblog\/wp-content\/uploads\/2022\/12\/Amarant_525977773-1536x1024.jpeg 1536w\" sizes=\"auto, (max-width: 300px) 100vw, 300px\" \/>Egal, ob Sie Amarant nur als Zierde im Garten m\u00f6chten oder im Herbst eine Ernte anstreben, wir zeigen Ihnen, wie Sie die Pflanze gut \u00fcber die Saison bringen. \u00dcbrigens erreicht Amaranthus caudatus im Beet eine H\u00f6he zwischen 60 und 90 Zentimetern.<\/p>\n<h3><span class=\"ez-toc-section\" id=\"Die_Aussaat\"><\/span>Die Aussaat<span class=\"ez-toc-section-end\"><\/span><\/h3>\n<p>Sie k\u00f6nnen mit Amarant in Vorkultur gehen, k\u00f6nnen ihn aber auch direkt ins Beet s\u00e4en. Die Vorkultur beginnt im M\u00e4rz. Stecken Sie die Samen rund 1 Zentimeter tief in herk\u00f6mmliche Erde. Danach werden die Blument\u00f6pfe an einen hellen Standort mit Temperaturen zwischen 15 und 20 Grad gestellt. Halten Sie die Erde feucht, dann k\u00f6nnen Sie nach rund 2 Wochen die ersten Keimlinge sehen. Wenn sich das erste Blattpaar ausgebildet hat, werden die Jungpflanzen vereinzelt. Ins Beet nach drau\u00dfen d\u00fcrfen sie dann nach den Eisheiligen Mitte Mai.<\/p>\n<p>Sie k\u00f6nnen Amarant auch direkt ins Beet s\u00e4en. Ab Anfang Mai, wenn die Gefahr von Fr\u00f6sten kaum noch besteht (leichte Nachtfr\u00f6ste sind unproblematisch), werden die Samen breitw\u00fcrfig ausges\u00e4t und leicht in die Erde eingearbeitet. Gie\u00dfen Sie auch hier regelm\u00e4\u00dfig, achten Sie darauf, dass die Samen nicht weggeschwemmt werden.<\/p>\n<p>Amarant kann auch problemlos im Blumenk\u00fcbel auf Balkon oder Terrasse gehalten werden.<\/p>\n<h3><span class=\"ez-toc-section\" id=\"Der_Standort\"><\/span>Der Standort<span class=\"ez-toc-section-end\"><\/span><\/h3>\n<p>Sonne mag Amarant am liebsten, aber auch mit Halbschatten kommt er zurecht. Wenn der Platz windgesch\u00fctzt ist, haben Sie alles richtig gemacht. Amarant mag W\u00e4rme, sodass er neben einer Wand oder Mauer, die die Sonnenw\u00e4rme speichert, einen idealen Standplatz hat.\u00a0 Der Boden sollte nicht zu N\u00e4sse neigen und darf auch gerne etwas trockener sein. Wichtig ist, dass er durchl\u00e4ssig und locker ist.<\/p>\n<h3><span class=\"ez-toc-section\" id=\"Die_Pflege\"><\/span>Die Pflege<span class=\"ez-toc-section-end\"><\/span><\/h3>\n<p>Da Amarant breitw\u00fcrfig direkt ins Beet ges\u00e4t werden kann, sollten Sie die Pflanzen bei einer Gr\u00f6\u00dfe von ca. 10 Zentimeter vereinzeln, damit sie sich die N\u00e4hrstoffe nicht streitig machen und gut gedeihen. Kleine und schwache Pflanzen werden dabei aussortiert.<\/p>\n<p>Jungpflanzen ben\u00f6tigen regelm\u00e4\u00dfig Wasser, ohne dass Staun\u00e4sse entsteht. Ansonsten toleriert Amarant auch kurze Trockenphasen.<\/p>\n<p>Zwingend ged\u00fcngt werden muss Amarant nicht. Es ist aber sicherlich nicht verkehrt, Kompost auszubringen oder im Sommer alle 3 Wochen zu d\u00fcngen. Dies ist besonders dann wichtig, wenn Amarant im Blumenk\u00fcbel gehalten wird.<\/p>\n<p>Entfernen Sie regelm\u00e4\u00dfig Unkr\u00e4uter, besonders dann, wenn die Pflanzen noch klein sind, damit ihnen der Platz und die N\u00e4hrstoffe nicht streitig gemacht werden k\u00f6nnen.<\/p>\n<p>Ein Schnitt ist bei Amarant nicht notwendig. Einzig, wenn Sie keine Samen ernten wollen und vermeiden m\u00f6chten, dass sich die Pflanze selbst auss\u00e4t, entfernen Sie reife Samenst\u00e4nde und entsorgen diese \u00fcber den Biom\u00fcll. Nicht \u00fcber den Kompost entsorgen, da dort sonst die Samen austreiben k\u00f6nnten.<\/p>\n<h3><span class=\"ez-toc-section\" id=\"Die_Ernte\"><\/span>Die Ernte<span class=\"ez-toc-section-end\"><\/span><\/h3>\n<p>M\u00f6chten Sie vom Fuchsschwanz die Bl\u00e4tter ernten, sollten Sie dies in den Monaten Juni und Juli tun. Dann sind die Bl\u00e4tter noch jung und schmackhaft. Somit werden sie vor der Bl\u00fctezeit geerntet und k\u00f6nnen dann frisch verwendet oder getrocknet werden.<\/p>\n<p>Die Ernte der Samen liegt dann in den Monaten September und Oktober. Da eine Amarant-Pflanze bis zu 50.000 Samen hervorbringen kann und diese sich selbst auss\u00e4en, k\u00f6nnen vor oder w\u00e4hrend der Ernte viele Samen in die Erde gelangen. So kann es sein, dass Sie sich im kommenden Jahr vor Fuchsschw\u00e4nzen nicht mehr retten k\u00f6nnen. Um das zu vermeiden, sollten Sie die komplette Pflanze abschneiden und \u00fcber einer geeigneten Unterlage (z. B. K\u00fcchenpapier oder einem Auffangbeh\u00e4lter) aufh\u00e4ngen. So k\u00f6nnen sich die Samen beim Trocknen selbst l\u00f6sen und sammeln sich automatisch auf der Unterlage.<\/p>\n<h2><span class=\"ez-toc-section\" id=\"Amarant_%E2%80%93_Krankheiten_und_Schaedlinge\"><\/span>Amarant \u2013 Krankheiten und Sch\u00e4dlinge<span class=\"ez-toc-section-end\"><\/span><\/h2>\n<p><img loading=\"lazy\" decoding=\"async\" class=\"size-medium wp-image-8362 alignright\" src=\"https:\/\/www.samenhaus.de\/gartenblog\/wp-content\/uploads\/2022\/12\/Amarant_487723239-300x200.jpeg\" alt=\"Amarant Fuchsschanz\" width=\"300\" height=\"200\" srcset=\"https:\/\/www.samenhaus.de\/gartenblog\/wp-content\/uploads\/2022\/12\/Amarant_487723239-300x200.jpeg 300w, https:\/\/www.samenhaus.de\/gartenblog\/wp-content\/uploads\/2022\/12\/Amarant_487723239-600x400.jpeg 600w, https:\/\/www.samenhaus.de\/gartenblog\/wp-content\/uploads\/2022\/12\/Amarant_487723239-2048x1365.jpeg 2048w, https:\/\/www.samenhaus.de\/gartenblog\/wp-content\/uploads\/2022\/12\/Amarant_487723239-768x512.jpeg 768w, https:\/\/www.samenhaus.de\/gartenblog\/wp-content\/uploads\/2022\/12\/Amarant_487723239-1024x683.jpeg 1024w, https:\/\/www.samenhaus.de\/gartenblog\/wp-content\/uploads\/2022\/12\/Amarant_487723239-1536x1024.jpeg 1536w\" sizes=\"auto, (max-width: 300px) 100vw, 300px\" \/>Der Fuchsschwanz ist relativ robust gegen Krankheiten und Sch\u00e4dlinge. Dennoch k\u00f6nnen bei unsachgem\u00e4\u00dfer Pflege folgende Probleme auftreten:<\/p>\n<ul>\n<li><strong>Blattl\u00e4use:<\/strong> Werden diese am Amarant gesichtet, k\u00f6nnen Sie diese bei geringem Befall abstreifen oder mit einem Wasserstrahl absp\u00fclen. Ansonsten hilft eine Mischung aus Wasser (1 Liter) und Schmierseife oder Spiritus (1 EL). Damit werden die befallenen Pflanzenteile bespr\u00fcht.<\/li>\n<li><strong>Mehltau:<\/strong> Bildet sich auf der Oberseite der Bl\u00e4tter wei\u00dfer Belag, ist der Sch\u00f6nwetterpilz daran schuld. Auch wenn dieser die Entwicklung der Samen nicht beeinflusst, kann er mit einer Mischung aus Wasser (1 Liter) und Milch (125 Milliliter) bek\u00e4mpft werden.<\/li>\n<\/ul>\n<p>Ansonsten sind beim Amarant keine weiteren Sch\u00e4dlinge oder Krankheiten bekannt.<\/p>\n","protected":false},"excerpt":{"rendered":"<p>Im Garten sieht Amarant mit seinen langen roten Fruchtst\u00e4nden sehr dekorativ aus. An Getreide erinnert die Pflanze allerdings wenig. Und in der Tat ist Amarant kein Getreide, es ist vielmehr ein Pseudogetreide. Dabei handelt es sich um Pflanzen, die nicht \u2013 wie Getreidearten \u2013 zu den S\u00fc\u00dfgr\u00e4sern gez\u00e4hlt werden, aber dennoch Samen bilden, die wie Getreide verwendet werden k\u00f6nnen und der Hirse sehr \u00e4hnlich sehen. Amarant kann somit f\u00fcr Backwaren ebenso verwendet werden, wie f\u00fcr viele andere Speisen. Amarant \u2013 ein Steckbrief Name: Amarant (alternative Schreibweise: Amaranth) Botanischer Name: Amaranthus Alternative Namen: Fuchsschwanz Pflanzenfamilie: Fuchsschwanzgew\u00e4chse Arten: ca. 70 (verwendet werden vor allem die Samen des Garten-Fuchsschwanzes, Amaranthus caudatus) Herkunft: S\u00fcd- und Mittelamerika Vorkommen: weltweit mit Ausnahme der Antarktis Gr\u00f6\u00dfe: bis zu 2 Meter Samenanzahl: bis zu 50.000 je Pflanze Samengr\u00f6\u00dfe: &gt; 1 Millimeter Nicht winterhart Einj\u00e4hrig Amarant \u2013 seit Jahrtausenden genutzt Amarant z\u00e4hlt zu den \u00e4ltesten Nutzpflanzen \u00fcberhaupt. Grabfunde in Mexiko zeigen, dass die Pflanze bereits vor rund 9.000 Jahren bekannt war. Neben Mais und Quinoa geh\u00f6rte Amarant bei den Azteken, den Mayas und den Inkas zu den Hauptnahrungsmitteln. Auch hatte die Pflanze eine starke religi\u00f6se Bedeutung, was den spanischen Eroberern im 16. Jahrhundert missfiel. Sie verboten den Verzehr von [&hellip;]<\/p>\n","protected":false},"author":13,"featured_media":8360,"comment_status":"open","ping_status":"open","sticky":false,"template":"","format":"standard","meta":{"_acf_changed":false,"footnotes":""},"categories":[1],"tags":[],"hersteller":[],"class_list":["post-8199","post","type-post","status-publish","format-standard","has-post-thumbnail","hentry","category-allgemein"],"acf":[],"yoast_head":"<!-- This site is optimized with the Yoast SEO plugin v27.4 - https:\/\/yoast.com\/product\/yoast-seo-wordpress\/ -->\n<title>Amarant \u2013 Getreide, das eigentlich keines ist - Samenhaus Gartenblog<\/title>\n<meta name=\"description\" content=\"Amarant ist ein getreide\u00e4hnliches Gras, welches zum Backen verwendet werden kann. Zudem ist es durch die roten Fr\u00fcchte dekorativ.\" \/>\n<meta name=\"robots\" content=\"index, follow, max-snippet:-1, max-image-preview:large, max-video-preview:-1\" \/>\n<link rel=\"canonical\" href=\"https:\/\/www.samenhaus.de\/gartenblog\/amarant-getreide-das-eigentlich-keines-ist\" \/>\n<meta property=\"og:locale\" content=\"de_DE\" \/>\n<meta property=\"og:type\" content=\"article\" \/>\n<meta property=\"og:title\" content=\"Amarant \u2013 Getreide, das eigentlich keines ist - Samenhaus Gartenblog\" \/>\n<meta property=\"og:description\" content=\"Amarant ist ein getreide\u00e4hnliches Gras, welches zum Backen verwendet werden kann. Zudem ist es durch die roten Fr\u00fcchte dekorativ.\" \/>\n<meta property=\"og:url\" content=\"https:\/\/www.samenhaus.de\/gartenblog\/amarant-getreide-das-eigentlich-keines-ist\" \/>\n<meta property=\"og:site_name\" content=\"Samenhaus Gartenblog\" \/>\n<meta property=\"article:publisher\" content=\"https:\/\/de-de.facebook.com\/samenhaus\" \/>\n<meta property=\"article:published_time\" content=\"2022-12-14T09:00:54+00:00\" \/>\n<meta property=\"article:modified_time\" content=\"2023-08-15T09:03:16+00:00\" \/>\n<meta property=\"og:image\" content=\"https:\/\/www.samenhaus.de\/gartenblog\/wp-content\/uploads\/2022\/12\/Amarant_201658790-scaled.jpeg\" \/>\n\t<meta property=\"og:image:width\" content=\"2560\" \/>\n\t<meta property=\"og:image:height\" content=\"1709\" \/>\n\t<meta property=\"og:image:type\" content=\"image\/jpeg\" \/>\n<meta name=\"author\" content=\"Holger\" \/>\n<meta name=\"twitter:card\" content=\"summary_large_image\" \/>\n<meta name=\"twitter:creator\" content=\"@samenhaus\" \/>\n<meta name=\"twitter:site\" content=\"@samenhaus\" \/>\n<meta name=\"twitter:label1\" content=\"Verfasst von\" \/>\n\t<meta name=\"twitter:data1\" content=\"Holger\" \/>\n\t<meta name=\"twitter:label2\" content=\"Gesch\u00e4tzte Lesezeit\" \/>\n\t<meta name=\"twitter:data2\" content=\"8\u00a0Minuten\" \/>\n<script type=\"application\/ld+json\" class=\"yoast-schema-graph\">{\"@context\":\"https:\\\/\\\/schema.org\",\"@graph\":[{\"@type\":\"Article\",\"@id\":\"https:\\\/\\\/www.samenhaus.de\\\/gartenblog\\\/amarant-getreide-das-eigentlich-keines-ist#article\",\"isPartOf\":{\"@id\":\"https:\\\/\\\/www.samenhaus.de\\\/gartenblog\\\/amarant-getreide-das-eigentlich-keines-ist\"},\"author\":{\"name\":\"Holger\",\"@id\":\"https:\\\/\\\/www.samenhaus.de\\\/gartenblog\\\/#\\\/schema\\\/person\\\/de169769587431893823f62b2ce06c04\"},\"headline\":\"Amarant \u2013 Getreide, das eigentlich keines ist\",\"datePublished\":\"2022-12-14T09:00:54+00:00\",\"dateModified\":\"2023-08-15T09:03:16+00:00\",\"mainEntityOfPage\":{\"@id\":\"https:\\\/\\\/www.samenhaus.de\\\/gartenblog\\\/amarant-getreide-das-eigentlich-keines-ist\"},\"wordCount\":1257,\"commentCount\":0,\"publisher\":{\"@id\":\"https:\\\/\\\/www.samenhaus.de\\\/gartenblog\\\/#organization\"},\"image\":{\"@id\":\"https:\\\/\\\/www.samenhaus.de\\\/gartenblog\\\/amarant-getreide-das-eigentlich-keines-ist#primaryimage\"},\"thumbnailUrl\":\"https:\\\/\\\/www.samenhaus.de\\\/gartenblog\\\/wp-content\\\/uploads\\\/2022\\\/12\\\/Amarant_201658790-scaled.jpeg\",\"inLanguage\":\"de\",\"potentialAction\":[{\"@type\":\"CommentAction\",\"name\":\"Comment\",\"target\":[\"https:\\\/\\\/www.samenhaus.de\\\/gartenblog\\\/amarant-getreide-das-eigentlich-keines-ist#respond\"]}],\"copyrightYear\":\"2022\",\"copyrightHolder\":{\"@id\":\"https:\\\/\\\/www.samenhaus.de\\\/gartenblog\\\/#organization\"}},{\"@type\":\"WebPage\",\"@id\":\"https:\\\/\\\/www.samenhaus.de\\\/gartenblog\\\/amarant-getreide-das-eigentlich-keines-ist\",\"url\":\"https:\\\/\\\/www.samenhaus.de\\\/gartenblog\\\/amarant-getreide-das-eigentlich-keines-ist\",\"name\":\"Amarant \u2013 Getreide, das eigentlich keines ist - Samenhaus Gartenblog\",\"isPartOf\":{\"@id\":\"https:\\\/\\\/www.samenhaus.de\\\/gartenblog\\\/#website\"},\"primaryImageOfPage\":{\"@id\":\"https:\\\/\\\/www.samenhaus.de\\\/gartenblog\\\/amarant-getreide-das-eigentlich-keines-ist#primaryimage\"},\"image\":{\"@id\":\"https:\\\/\\\/www.samenhaus.de\\\/gartenblog\\\/amarant-getreide-das-eigentlich-keines-ist#primaryimage\"},\"thumbnailUrl\":\"https:\\\/\\\/www.samenhaus.de\\\/gartenblog\\\/wp-content\\\/uploads\\\/2022\\\/12\\\/Amarant_201658790-scaled.jpeg\",\"datePublished\":\"2022-12-14T09:00:54+00:00\",\"dateModified\":\"2023-08-15T09:03:16+00:00\",\"description\":\"Amarant ist ein getreide\u00e4hnliches Gras, welches zum Backen verwendet werden kann. Zudem ist es durch die roten Fr\u00fcchte dekorativ.\",\"breadcrumb\":{\"@id\":\"https:\\\/\\\/www.samenhaus.de\\\/gartenblog\\\/amarant-getreide-das-eigentlich-keines-ist#breadcrumb\"},\"inLanguage\":\"de\",\"potentialAction\":[{\"@type\":\"ReadAction\",\"target\":[\"https:\\\/\\\/www.samenhaus.de\\\/gartenblog\\\/amarant-getreide-das-eigentlich-keines-ist\"]}]},{\"@type\":\"ImageObject\",\"inLanguage\":\"de\",\"@id\":\"https:\\\/\\\/www.samenhaus.de\\\/gartenblog\\\/amarant-getreide-das-eigentlich-keines-ist#primaryimage\",\"url\":\"https:\\\/\\\/www.samenhaus.de\\\/gartenblog\\\/wp-content\\\/uploads\\\/2022\\\/12\\\/Amarant_201658790-scaled.jpeg\",\"contentUrl\":\"https:\\\/\\\/www.samenhaus.de\\\/gartenblog\\\/wp-content\\\/uploads\\\/2022\\\/12\\\/Amarant_201658790-scaled.jpeg\",\"width\":2560,\"height\":1709,\"caption\":\"Amarantfeld\"},{\"@type\":\"BreadcrumbList\",\"@id\":\"https:\\\/\\\/www.samenhaus.de\\\/gartenblog\\\/amarant-getreide-das-eigentlich-keines-ist#breadcrumb\",\"itemListElement\":[{\"@type\":\"ListItem\",\"position\":1,\"name\":\"Startseite\",\"item\":\"https:\\\/\\\/www.samenhaus.de\\\/gartenblog\\\/\"},{\"@type\":\"ListItem\",\"position\":2,\"name\":\"Amarant \u2013 Getreide, das eigentlich keines ist\"}]},{\"@type\":\"WebSite\",\"@id\":\"https:\\\/\\\/www.samenhaus.de\\\/gartenblog\\\/#website\",\"url\":\"https:\\\/\\\/www.samenhaus.de\\\/gartenblog\\\/\",\"name\":\"Samenhaus Gartenblog\",\"description\":\"\",\"publisher\":{\"@id\":\"https:\\\/\\\/www.samenhaus.de\\\/gartenblog\\\/#organization\"},\"potentialAction\":[{\"@type\":\"SearchAction\",\"target\":{\"@type\":\"EntryPoint\",\"urlTemplate\":\"https:\\\/\\\/www.samenhaus.de\\\/gartenblog\\\/?s={search_term_string}\"},\"query-input\":{\"@type\":\"PropertyValueSpecification\",\"valueRequired\":true,\"valueName\":\"search_term_string\"}}],\"inLanguage\":\"de\"},{\"@type\":\"Organization\",\"@id\":\"https:\\\/\\\/www.samenhaus.de\\\/gartenblog\\\/#organization\",\"name\":\"Samenhaus.de Gartenblog\",\"url\":\"https:\\\/\\\/www.samenhaus.de\\\/gartenblog\\\/\",\"logo\":{\"@type\":\"ImageObject\",\"inLanguage\":\"de\",\"@id\":\"https:\\\/\\\/www.samenhaus.de\\\/gartenblog\\\/#\\\/schema\\\/logo\\\/image\\\/\",\"url\":\"https:\\\/\\\/www.samenhaus.de\\\/gartenblog\\\/wp-content\\\/uploads\\\/2020\\\/11\\\/logo.svg\",\"contentUrl\":\"https:\\\/\\\/www.samenhaus.de\\\/gartenblog\\\/wp-content\\\/uploads\\\/2020\\\/11\\\/logo.svg\",\"width\":1,\"height\":1,\"caption\":\"Samenhaus.de Gartenblog\"},\"image\":{\"@id\":\"https:\\\/\\\/www.samenhaus.de\\\/gartenblog\\\/#\\\/schema\\\/logo\\\/image\\\/\"},\"sameAs\":[\"https:\\\/\\\/de-de.facebook.com\\\/samenhaus\",\"https:\\\/\\\/x.com\\\/samenhaus\"]},{\"@type\":\"Person\",\"@id\":\"https:\\\/\\\/www.samenhaus.de\\\/gartenblog\\\/#\\\/schema\\\/person\\\/de169769587431893823f62b2ce06c04\",\"name\":\"Holger\",\"image\":{\"@type\":\"ImageObject\",\"inLanguage\":\"de\",\"@id\":\"https:\\\/\\\/www.samenhaus.de\\\/gartenblog\\\/wp-content\\\/uploads\\\/2026\\\/03\\\/Holger-150x150.png\",\"url\":\"https:\\\/\\\/www.samenhaus.de\\\/gartenblog\\\/wp-content\\\/uploads\\\/2026\\\/03\\\/Holger-150x150.png\",\"contentUrl\":\"https:\\\/\\\/www.samenhaus.de\\\/gartenblog\\\/wp-content\\\/uploads\\\/2026\\\/03\\\/Holger-150x150.png\",\"caption\":\"Holger\"},\"description\":\"6.000.000 W\u00f6rter \u2013 so viel k\u00f6nnen Sie in etwa von mir online lesen. Das F\u00fcllen des Internets entwickelte sich nach meiner Ausbildung zum TV-Redakteur und der langj\u00e4hrigen Arbeit bei SAT.1 zu einem Fulltime-Job. Trotzdem finde ich noch gen\u00fcgend Zeit, um in meinem Garten zu werkeln. Eine Staude hier, ein Bl\u00fcmchen dort und ein bisschen Gem\u00fcse darf auch nicht fehlen \u2013 einen Schnitzelbaum gibt es ja noch nicht \u2026 Die besten geistigen Erg\u00fcsse habe ich \u00fcbrigens, wenn ich IM Garten \u00dcBER den Garten schreiben kann. So vereinen sich Beruf und Hobby perfekt \u2013 was gibt es Sch\u00f6neres?\",\"url\":\"https:\\\/\\\/www.samenhaus.de\\\/gartenblog\\\/author\\\/holger\"}]}<\/script>\n<!-- \/ Yoast SEO plugin. -->","yoast_head_json":{"title":"Amarant \u2013 Getreide, das eigentlich keines ist - Samenhaus Gartenblog","description":"Amarant ist ein getreide\u00e4hnliches Gras, welches zum Backen verwendet werden kann. Zudem ist es durch die roten Fr\u00fcchte dekorativ.","robots":{"index":"index","follow":"follow","max-snippet":"max-snippet:-1","max-image-preview":"max-image-preview:large","max-video-preview":"max-video-preview:-1"},"canonical":"https:\/\/www.samenhaus.de\/gartenblog\/amarant-getreide-das-eigentlich-keines-ist","og_locale":"de_DE","og_type":"article","og_title":"Amarant \u2013 Getreide, das eigentlich keines ist - Samenhaus Gartenblog","og_description":"Amarant ist ein getreide\u00e4hnliches Gras, welches zum Backen verwendet werden kann. Zudem ist es durch die roten Fr\u00fcchte dekorativ.","og_url":"https:\/\/www.samenhaus.de\/gartenblog\/amarant-getreide-das-eigentlich-keines-ist","og_site_name":"Samenhaus Gartenblog","article_publisher":"https:\/\/de-de.facebook.com\/samenhaus","article_published_time":"2022-12-14T09:00:54+00:00","article_modified_time":"2023-08-15T09:03:16+00:00","og_image":[{"width":2560,"height":1709,"url":"https:\/\/www.samenhaus.de\/gartenblog\/wp-content\/uploads\/2022\/12\/Amarant_201658790-scaled.jpeg","type":"image\/jpeg"}],"author":"Holger","twitter_card":"summary_large_image","twitter_creator":"@samenhaus","twitter_site":"@samenhaus","twitter_misc":{"Verfasst von":"Holger","Gesch\u00e4tzte Lesezeit":"8\u00a0Minuten"},"schema":{"@context":"https:\/\/schema.org","@graph":[{"@type":"Article","@id":"https:\/\/www.samenhaus.de\/gartenblog\/amarant-getreide-das-eigentlich-keines-ist#article","isPartOf":{"@id":"https:\/\/www.samenhaus.de\/gartenblog\/amarant-getreide-das-eigentlich-keines-ist"},"author":{"name":"Holger","@id":"https:\/\/www.samenhaus.de\/gartenblog\/#\/schema\/person\/de169769587431893823f62b2ce06c04"},"headline":"Amarant \u2013 Getreide, das eigentlich keines ist","datePublished":"2022-12-14T09:00:54+00:00","dateModified":"2023-08-15T09:03:16+00:00","mainEntityOfPage":{"@id":"https:\/\/www.samenhaus.de\/gartenblog\/amarant-getreide-das-eigentlich-keines-ist"},"wordCount":1257,"commentCount":0,"publisher":{"@id":"https:\/\/www.samenhaus.de\/gartenblog\/#organization"},"image":{"@id":"https:\/\/www.samenhaus.de\/gartenblog\/amarant-getreide-das-eigentlich-keines-ist#primaryimage"},"thumbnailUrl":"https:\/\/www.samenhaus.de\/gartenblog\/wp-content\/uploads\/2022\/12\/Amarant_201658790-scaled.jpeg","inLanguage":"de","potentialAction":[{"@type":"CommentAction","name":"Comment","target":["https:\/\/www.samenhaus.de\/gartenblog\/amarant-getreide-das-eigentlich-keines-ist#respond"]}],"copyrightYear":"2022","copyrightHolder":{"@id":"https:\/\/www.samenhaus.de\/gartenblog\/#organization"}},{"@type":"WebPage","@id":"https:\/\/www.samenhaus.de\/gartenblog\/amarant-getreide-das-eigentlich-keines-ist","url":"https:\/\/www.samenhaus.de\/gartenblog\/amarant-getreide-das-eigentlich-keines-ist","name":"Amarant \u2013 Getreide, das eigentlich keines ist - Samenhaus Gartenblog","isPartOf":{"@id":"https:\/\/www.samenhaus.de\/gartenblog\/#website"},"primaryImageOfPage":{"@id":"https:\/\/www.samenhaus.de\/gartenblog\/amarant-getreide-das-eigentlich-keines-ist#primaryimage"},"image":{"@id":"https:\/\/www.samenhaus.de\/gartenblog\/amarant-getreide-das-eigentlich-keines-ist#primaryimage"},"thumbnailUrl":"https:\/\/www.samenhaus.de\/gartenblog\/wp-content\/uploads\/2022\/12\/Amarant_201658790-scaled.jpeg","datePublished":"2022-12-14T09:00:54+00:00","dateModified":"2023-08-15T09:03:16+00:00","description":"Amarant ist ein getreide\u00e4hnliches Gras, welches zum Backen verwendet werden kann. Zudem ist es durch die roten Fr\u00fcchte dekorativ.","breadcrumb":{"@id":"https:\/\/www.samenhaus.de\/gartenblog\/amarant-getreide-das-eigentlich-keines-ist#breadcrumb"},"inLanguage":"de","potentialAction":[{"@type":"ReadAction","target":["https:\/\/www.samenhaus.de\/gartenblog\/amarant-getreide-das-eigentlich-keines-ist"]}]},{"@type":"ImageObject","inLanguage":"de","@id":"https:\/\/www.samenhaus.de\/gartenblog\/amarant-getreide-das-eigentlich-keines-ist#primaryimage","url":"https:\/\/www.samenhaus.de\/gartenblog\/wp-content\/uploads\/2022\/12\/Amarant_201658790-scaled.jpeg","contentUrl":"https:\/\/www.samenhaus.de\/gartenblog\/wp-content\/uploads\/2022\/12\/Amarant_201658790-scaled.jpeg","width":2560,"height":1709,"caption":"Amarantfeld"},{"@type":"BreadcrumbList","@id":"https:\/\/www.samenhaus.de\/gartenblog\/amarant-getreide-das-eigentlich-keines-ist#breadcrumb","itemListElement":[{"@type":"ListItem","position":1,"name":"Startseite","item":"https:\/\/www.samenhaus.de\/gartenblog\/"},{"@type":"ListItem","position":2,"name":"Amarant \u2013 Getreide, das eigentlich keines ist"}]},{"@type":"WebSite","@id":"https:\/\/www.samenhaus.de\/gartenblog\/#website","url":"https:\/\/www.samenhaus.de\/gartenblog\/","name":"Samenhaus Gartenblog","description":"","publisher":{"@id":"https:\/\/www.samenhaus.de\/gartenblog\/#organization"},"potentialAction":[{"@type":"SearchAction","target":{"@type":"EntryPoint","urlTemplate":"https:\/\/www.samenhaus.de\/gartenblog\/?s={search_term_string}"},"query-input":{"@type":"PropertyValueSpecification","valueRequired":true,"valueName":"search_term_string"}}],"inLanguage":"de"},{"@type":"Organization","@id":"https:\/\/www.samenhaus.de\/gartenblog\/#organization","name":"Samenhaus.de Gartenblog","url":"https:\/\/www.samenhaus.de\/gartenblog\/","logo":{"@type":"ImageObject","inLanguage":"de","@id":"https:\/\/www.samenhaus.de\/gartenblog\/#\/schema\/logo\/image\/","url":"https:\/\/www.samenhaus.de\/gartenblog\/wp-content\/uploads\/2020\/11\/logo.svg","contentUrl":"https:\/\/www.samenhaus.de\/gartenblog\/wp-content\/uploads\/2020\/11\/logo.svg","width":1,"height":1,"caption":"Samenhaus.de Gartenblog"},"image":{"@id":"https:\/\/www.samenhaus.de\/gartenblog\/#\/schema\/logo\/image\/"},"sameAs":["https:\/\/de-de.facebook.com\/samenhaus","https:\/\/x.com\/samenhaus"]},{"@type":"Person","@id":"https:\/\/www.samenhaus.de\/gartenblog\/#\/schema\/person\/de169769587431893823f62b2ce06c04","name":"Holger","image":{"@type":"ImageObject","inLanguage":"de","@id":"https:\/\/www.samenhaus.de\/gartenblog\/wp-content\/uploads\/2026\/03\/Holger-150x150.png","url":"https:\/\/www.samenhaus.de\/gartenblog\/wp-content\/uploads\/2026\/03\/Holger-150x150.png","contentUrl":"https:\/\/www.samenhaus.de\/gartenblog\/wp-content\/uploads\/2026\/03\/Holger-150x150.png","caption":"Holger"},"description":"6.000.000 W\u00f6rter \u2013 so viel k\u00f6nnen Sie in etwa von mir online lesen. Das F\u00fcllen des Internets entwickelte sich nach meiner Ausbildung zum TV-Redakteur und der langj\u00e4hrigen Arbeit bei SAT.1 zu einem Fulltime-Job. Trotzdem finde ich noch gen\u00fcgend Zeit, um in meinem Garten zu werkeln. Eine Staude hier, ein Bl\u00fcmchen dort und ein bisschen Gem\u00fcse darf auch nicht fehlen \u2013 einen Schnitzelbaum gibt es ja noch nicht \u2026 Die besten geistigen Erg\u00fcsse habe ich \u00fcbrigens, wenn ich IM Garten \u00dcBER den Garten schreiben kann. So vereinen sich Beruf und Hobby perfekt \u2013 was gibt es Sch\u00f6neres?","url":"https:\/\/www.samenhaus.de\/gartenblog\/author\/holger"}]}},"wp-worthy-pixel":{"ignored":false,"public":"13b8b649fdf54517bc476cd7c94d87a1","server":"vg06.met.vgwort.de","url":"https:\/\/vg06.met.vgwort.de\/na\/13b8b649fdf54517bc476cd7c94d87a1"},"wp-worthy-type":"normal","_links":{"self":[{"href":"https:\/\/www.samenhaus.de\/gartenblog\/wp-json\/wp\/v2\/posts\/8199","targetHints":{"allow":["GET"]}}],"collection":[{"href":"https:\/\/www.samenhaus.de\/gartenblog\/wp-json\/wp\/v2\/posts"}],"about":[{"href":"https:\/\/www.samenhaus.de\/gartenblog\/wp-json\/wp\/v2\/types\/post"}],"author":[{"embeddable":true,"href":"https:\/\/www.samenhaus.de\/gartenblog\/wp-json\/wp\/v2\/users\/13"}],"replies":[{"embeddable":true,"href":"https:\/\/www.samenhaus.de\/gartenblog\/wp-json\/wp\/v2\/comments?post=8199"}],"version-history":[{"count":5,"href":"https:\/\/www.samenhaus.de\/gartenblog\/wp-json\/wp\/v2\/posts\/8199\/revisions"}],"predecessor-version":[{"id":13005,"href":"https:\/\/www.samenhaus.de\/gartenblog\/wp-json\/wp\/v2\/posts\/8199\/revisions\/13005"}],"wp:featuredmedia":[{"embeddable":true,"href":"https:\/\/www.samenhaus.de\/gartenblog\/wp-json\/wp\/v2\/media\/8360"}],"wp:attachment":[{"href":"https:\/\/www.samenhaus.de\/gartenblog\/wp-json\/wp\/v2\/media?parent=8199"}],"wp:term":[{"taxonomy":"category","embeddable":true,"href":"https:\/\/www.samenhaus.de\/gartenblog\/wp-json\/wp\/v2\/categories?post=8199"},{"taxonomy":"post_tag","embeddable":true,"href":"https:\/\/www.samenhaus.de\/gartenblog\/wp-json\/wp\/v2\/tags?post=8199"},{"taxonomy":"hersteller","embeddable":true,"href":"https:\/\/www.samenhaus.de\/gartenblog\/wp-json\/wp\/v2\/hersteller?post=8199"}],"curies":[{"name":"wp","href":"https:\/\/api.w.org\/{rel}","templated":true}]}}