{"id":867,"date":"2021-08-27T11:57:30","date_gmt":"2021-08-27T11:57:30","guid":{"rendered":"https:\/\/samenhaus1.timmeserver.de\/?p=867"},"modified":"2023-06-26T11:26:21","modified_gmt":"2023-06-26T11:26:21","slug":"wie-waers-mal-mit-gemuetlichkeit","status":"publish","type":"post","link":"https:\/\/www.samenhaus.de\/gartenblog\/wie-waers-mal-mit-gemuetlichkeit","title":{"rendered":"Wie w\u00e4r\u00b4s mal mit Gem\u00fctlichkeit?"},"content":{"rendered":"<p>Die Gem\u00fctlichkeit darf auf einem Balkon oder einer Terrasse nicht zu kurz kommen \u2013 sofern Sie nicht nur W\u00e4sche aufh\u00e4ngen wollen. Dabei gibt es f\u00fcr jeden Geschmack die passenden Gestaltungsm\u00f6glichkeiten. Diese h\u00e4ngen jedoch immer davon ab, wie gro\u00df der Freisitz ist. Lange, schmale Balkone werden anders gestaltet, als kurze, breite. Ist ein Dach vorhanden, kann dies ebenfalls in die Gestaltung mit einbezogen werden. Am sch\u00f6nsten sind nat\u00fcrlich gro\u00dfe Balkone, auf denen Sie sogar einzelne Bereiche wie Sitzgelegenheiten, Liegem\u00f6glichkeiten und die Kr\u00e4uter- und Pflanzenecke nach Belieben einrichten k\u00f6nnen.<\/p>\n<h2><span class=\"ez-toc-section\" id=\"Balkonmoebel_%E2%80%93_so_wird%C2%B4s_gemuetlich\"><\/span>Balkonm\u00f6bel \u2013 so wird\u00b4s gem\u00fctlich<span class=\"ez-toc-section-end\"><\/span><\/h2>\n<p><img loading=\"lazy\" decoding=\"async\" class=\"size-medium wp-image-4795 alignright\" src=\"https:\/\/www.samenhaus.de\/gartenblog\/wp-content\/uploads\/2022\/05\/Balkon-Gemuetlich_300748821-300x200.jpeg\" alt=\"Balkon M\u00f6bel\" width=\"300\" height=\"200\" srcset=\"https:\/\/www.samenhaus.de\/gartenblog\/wp-content\/uploads\/2022\/05\/Balkon-Gemuetlich_300748821-300x200.jpeg 300w, https:\/\/www.samenhaus.de\/gartenblog\/wp-content\/uploads\/2022\/05\/Balkon-Gemuetlich_300748821-600x400.jpeg 600w, https:\/\/www.samenhaus.de\/gartenblog\/wp-content\/uploads\/2022\/05\/Balkon-Gemuetlich_300748821-2048x1365.jpeg 2048w, https:\/\/www.samenhaus.de\/gartenblog\/wp-content\/uploads\/2022\/05\/Balkon-Gemuetlich_300748821-768x512.jpeg 768w, https:\/\/www.samenhaus.de\/gartenblog\/wp-content\/uploads\/2022\/05\/Balkon-Gemuetlich_300748821-1024x683.jpeg 1024w, https:\/\/www.samenhaus.de\/gartenblog\/wp-content\/uploads\/2022\/05\/Balkon-Gemuetlich_300748821-1536x1024.jpeg 1536w\" sizes=\"auto, (max-width: 300px) 100vw, 300px\" \/>Kaffee trinken, ein Nickerchen machen, Sonnenbaden, ein Buch lesen \u2013 der Balkon ist nicht nur in der oftmals sp\u00e4rlichen Freizeit ein R\u00fcckzugsort, er versch\u00f6nert auch vielen Daheimgebliebenen den Urlaub. Dann aber bitte mit den richtigen Balkonm\u00f6beln. F\u00fcr den schnellen Kaffee zwischendurch oder die Zigarettenpause, gen\u00fcgen sicherlich g\u00fcnstige Balkonm\u00f6bel aus Kunststoff. Sie sind zudem leicht zu reinigen und nicht selten stapelbar, was gerade f\u00fcr kleine Balkone sinnvoll ist. Optisch sind sie dagegen nicht der Renner. Darf es ein paar Euro mehr kosten, tut es auch eine klappbare Bistrogarnitur, die zwar nicht f\u00fcr stundenlanges Sitzen geeignet ist, aber f\u00fcr den Plausch mit der Nachbarin allemal.<\/p>\n<p>Wer dagegen seinen Freisitz l\u00e4nger nutzen m\u00f6chte, f\u00fcr den stehen Balkonm\u00f6bel aus Holz oder Rattan ganz oben. Hier gibt es nicht nur St\u00fchle und Tische, auch Liegen und sogar Sofas k\u00f6nnen Sie \u2013 den n\u00f6tigen Platz vorausgesetzt \u2013 zu Ihrem Lieblings-R\u00fcckzugsort machen. Do-it-youself-M\u00f6bel sind immer mehr im Kommen. Eine tolle und g\u00fcnstige M\u00f6glichkeit bieten Palettenm\u00f6bel \u2013 mit Auflagen und Kissen werden sie zu richtigen Wohlf\u00fchloasen. Wer den mediterranen Stil mag, der holt sich Balkonm\u00f6bel aus Metall, die mit Sitzkissen lauschige Abende besonders gem\u00fctlich machen.<\/p>\n<p>Oder m\u00f6gen Sie es g\u00e4nzlich unkonventionell? Wie w\u00e4re es mit einem Schaukelstuhl, einer H\u00e4ngematte oder gar einem Strandkorb? So haben Sie das ganze Jahr \u00fcber Urlaubsfeeling direkt vor der Haust\u00fcre.<\/p>\n<h2><span class=\"ez-toc-section\" id=\"Der_Balkon_%E2%80%93_Ihr_eigenes_Reich\"><\/span>Der Balkon \u2013 Ihr eigenes Reich<span class=\"ez-toc-section-end\"><\/span><\/h2>\n<p><img loading=\"lazy\" decoding=\"async\" class=\"size-medium wp-image-4794 alignright\" src=\"https:\/\/www.samenhaus.de\/gartenblog\/wp-content\/uploads\/2022\/05\/Balkon-Gemuetlich_300724915-300x200.jpeg\" alt=\"Balkon\" width=\"300\" height=\"200\" srcset=\"https:\/\/www.samenhaus.de\/gartenblog\/wp-content\/uploads\/2022\/05\/Balkon-Gemuetlich_300724915-300x200.jpeg 300w, https:\/\/www.samenhaus.de\/gartenblog\/wp-content\/uploads\/2022\/05\/Balkon-Gemuetlich_300724915-600x400.jpeg 600w, https:\/\/www.samenhaus.de\/gartenblog\/wp-content\/uploads\/2022\/05\/Balkon-Gemuetlich_300724915-2048x1365.jpeg 2048w, https:\/\/www.samenhaus.de\/gartenblog\/wp-content\/uploads\/2022\/05\/Balkon-Gemuetlich_300724915-768x512.jpeg 768w, https:\/\/www.samenhaus.de\/gartenblog\/wp-content\/uploads\/2022\/05\/Balkon-Gemuetlich_300724915-1024x683.jpeg 1024w, https:\/\/www.samenhaus.de\/gartenblog\/wp-content\/uploads\/2022\/05\/Balkon-Gemuetlich_300724915-1536x1024.jpeg 1536w\" sizes=\"auto, (max-width: 300px) 100vw, 300px\" \/>Wer l\u00e4sst sich schon gerne beim Entspannen zusehen? Neugierige Blicke braucht niemand, also hei\u00dft es: vorsorgen! Sichtschutz gibt es in allen m\u00f6glichen Varianten, aus Holz, Kunststoff, Metall, Stoff, Bambus oder auch aus Pflanzen. Schon eine blickdichte Balkonverkleidung aus pflegeleichtem Kunststoff bewirkt vieles. Wer auch den direkten Nachbarn die Sicht versperren m\u00f6chte, kann mit mobilem oder fest installiertem Sichtschutz vorsorgen. Ein Paravent oder ein Stoff als Vorhand sind schnell eingerichtet, ein Sichtschutz aus Holz oder Bambus sollte dagegen sicher montiert werden. Ein nat\u00fcrlicher Sichtschutz aus Pflanzen ist ebenfalls gerne genommen, mit schnellwachsendem Gr\u00fcn sorgt man so f\u00fcr einen zus\u00e4tzlichen Blickfang. Geeignet sind dabei unter anderem Efeu, Wilder Wein, Clematis, Engelstrompeten oder auch Blauregen.<\/p>\n<p>Schutz h\u00f6rt bei neugierigen Blicken aber nicht auf. Denn auch vor der Sonne, vor Regen oder dem Wind m\u00f6chte sich mancher sch\u00fctzen. Gegen die Sonne hilft nat\u00fcrlich der altbekannte Sonnenschirm, den es in allen m\u00f6glichen Varianten gibt. Als Marktschirm h\u00e4lt er sogar Regen ab, l\u00e4sst er sich kippen, kann man ihn entsprechend dem Sonnenstand ausrichten. Noch immer im Trend sind auch Sonnensegel, die \u00fcber den Balkon gespannt werden k\u00f6nnen und so ebenfalls vor direkter Sonneneinstrahlung sch\u00fctzen.<\/p>\n<p>Ist bereits ein Dach oder ein Balkon \u00fcber Ihnen vorhanden, haben Sie schon einen vorhandenen Schutz, der auch bei schlechtem Wetter den Balkon nutzen l\u00e4sst. Mit einer Markise k\u00f6nnen Sie ebenfalls viel erreichen, wenn sie zur Miete wohnen, sprechen Sie aber vor einer Installation bitte mit dem Vermieter \u2013 vielleicht \u00fcbernimmt dieser sogar die Kosten.<\/p>\n<p>Um sich vor st\u00e4rkeren Winden zu sch\u00fctzen, k\u00f6nnen Sie den oben angesprochenen Sichtschutz verwenden. Achten Sie aber immer darauf, dass dieser auch fest installiert ist, damit er Ihnen nicht irgendwann um die Ohren fliegt. Eine gute M\u00f6glichkeit sind auch Seitensegel, die \u2013 \u00e4hnlich wie bei einer Markise \u2013 ein- und ausgefahren werden k\u00f6nnen.<\/p>\n<h2><span class=\"ez-toc-section\" id=\"Balkon_ohne_Gruen_%E2%80%93_undenkbar\"><\/span>Balkon ohne Gr\u00fcn \u2013 undenkbar<span class=\"ez-toc-section-end\"><\/span><\/h2>\n<p><img loading=\"lazy\" decoding=\"async\" class=\"size-medium wp-image-4792 alignright\" src=\"https:\/\/www.samenhaus.de\/gartenblog\/wp-content\/uploads\/2022\/05\/Balkon-Gemuetlich_207951769-300x200.jpeg\" alt=\"Balkon Pflanzen\" width=\"300\" height=\"200\" srcset=\"https:\/\/www.samenhaus.de\/gartenblog\/wp-content\/uploads\/2022\/05\/Balkon-Gemuetlich_207951769-300x200.jpeg 300w, https:\/\/www.samenhaus.de\/gartenblog\/wp-content\/uploads\/2022\/05\/Balkon-Gemuetlich_207951769-600x400.jpeg 600w, https:\/\/www.samenhaus.de\/gartenblog\/wp-content\/uploads\/2022\/05\/Balkon-Gemuetlich_207951769-768x513.jpeg 768w, https:\/\/www.samenhaus.de\/gartenblog\/wp-content\/uploads\/2022\/05\/Balkon-Gemuetlich_207951769-2048x1367.jpeg 2048w, https:\/\/www.samenhaus.de\/gartenblog\/wp-content\/uploads\/2022\/05\/Balkon-Gemuetlich_207951769-1024x683.jpeg 1024w, https:\/\/www.samenhaus.de\/gartenblog\/wp-content\/uploads\/2022\/05\/Balkon-Gemuetlich_207951769-1536x1025.jpeg 1536w\" sizes=\"auto, (max-width: 300px) 100vw, 300px\" \/>K\u00f6nnen Sie sich einen Balkon ohne Pflanzen vorstellen? Wohl kaum! Gerade das macht doch den Freisitz \u00fcberhaupt aus. Ergo geh\u00f6ren Pflanzen f\u00fcr die gem\u00fctliche Balkongestaltung einfach mit dazu. Und hier sind dem Ideenreichtum keine Grenzen gesetzt:<\/p>\n<p>\u2022<strong> Blumenk\u00e4sten<\/strong> <strong>auf oder an der Balkonbr\u00fcstung (Innen- wie auch Au\u00dfenseite)<\/strong> \u2013 verschiedene Halterungen gibt es im Handel. Ideale Pflanzen: Geranien, Fuchsien, Begonien, Petunien, Tagetes, Flei\u00dfiges Lieschen, Stiefm\u00fctterchen, Veilchen.<br \/>\n\u2022 <strong>Blumenk\u00fcbel<\/strong> <strong>\u00fcber den gesamten Balkon verteilt und beliebig umgruppierbar<\/strong> \u2013 f\u00fcr einfaches verstellen eignen sich Pflanzenroller. Ideale Pflanzen: Schmucklilien, Strauchmargeriten, Wandelr\u00f6schen, Fette Henne, Ziergr\u00e4ser, Palmen.<br \/>\n\u2022 <strong>Blument\u00f6pfe<\/strong> <strong>auf einem Regal oder einer Blumentreppe<\/strong> \u2013 verschiedene H\u00f6hen geben dem Balkon entsprechende Tiefe. Ideale Pflanzen: Walderdbeeren, Lampenputzergras, H\u00e4ngeglockenblumen, Farne, Flammengras, Tagetes.<br \/>\n\u2022 <strong>Hanging Baskets<\/strong> \u2013 so l\u00e4sst sich auch der Raum in und \u00fcber Sichth\u00f6he nutzen. Ideale Pflanzen: Petunien, Fuchsien, Flei\u00dfiges Lieschen, Begonien, Schwarz\u00e4ugige Susanne, Lavendel, Tagetes, L\u00f6wenm\u00e4ulchen.<br \/>\n\u2022 <strong>Blumenk\u00e4sten mit Rankgitter<\/strong> \u2013 f\u00fcr den nat\u00fcrlichen Sichtschutz. Ideale Pflanzen: Efeu, Clematis, Passionsblume, Wilder Wein, Engelstrompeten.<br \/>\n\u2022 <strong>Alltagsgegenst\u00e4nde bepflanzen<\/strong> \u2013 die Zweckentfremdung verschiedener Dinge wie Gie\u00dfkannen, T\u00f6pfe, Nudelsiebe, Waschtr\u00f6ge oder auch dekorative Weinkisten sind ein optisches Highlight. Ideale Pflanzen: Steinwurze, Flei\u00dfiges Lieschen, Prachtspiere, Eisenkraut, Fette Henne, Veilchen.<br \/>\n\u2022 <strong>Kr\u00e4uterecke einrichten (Kr\u00e4uterspirale, Kr\u00e4uterschnecke)<\/strong> \u2013 so m\u00fcssen Sie nie wieder auf frische Kr\u00e4uter f\u00fcr die gute K\u00fcche verzichten. Ideale Pflanzen: Rosmarin, Thymian, Basilikum, Bohnenkraut, Oregano, Petersilie, Schnittlauch.<br \/>\n\u2022 <strong>Mediterrane Bepflanzung<\/strong> \u2013 und das nicht nur mit geeignetem Gr\u00fcn, sondern auch mit Gef\u00e4\u00dfen wie K\u00fcbeln, T\u00f6pfen, K\u00e4sten, Amphoren etc. aus Terrakotta. Ideale Pflanzen: Lavendel, Zitruspflanzen, Oleander, Roseneibisch.<br \/>\n\u2022 <strong>Gem\u00fcse anbauen<\/strong> \u2013 auch in K\u00e4sten und K\u00fcbeln gedeiht Gem\u00fcse pr\u00e4chtig. Ideale Pflanzen: Tomaten, Chili, Paprika, Radieschen, Pfl\u00fccksalat, Gurken, Zuckererbsen.<br \/>\n\u2022 <strong>Obst anbauen <\/strong>&#8211; der gesunde Snack f\u00fcr Zwischendurch. Ideale Pflanzen: Erdbeeren, Himbeeren, Stachelbeeren, Johannisbeeren, Physalis.<\/p>\n<h2><span class=\"ez-toc-section\" id=\"Das_Tuepfelchen_auf_dem_%E2%80%9Ei%E2%80%9C\"><\/span>Das T\u00fcpfelchen auf dem \u201ei\u201c<span class=\"ez-toc-section-end\"><\/span><\/h2>\n<p><img loading=\"lazy\" decoding=\"async\" class=\"size-medium wp-image-4793 alignright\" src=\"https:\/\/www.samenhaus.de\/gartenblog\/wp-content\/uploads\/2022\/05\/Balkon-Gemuetlich_232293433-300x206.jpeg\" alt=\"Balkon Lichter\" width=\"300\" height=\"206\" \/>Ganz klar, Balkon oder Terrasse k\u00f6nnen nur so gestaltet werden, wie es der Platz zul\u00e4sst. Dennoch muss auf gestalterische Highlights niemand verzichten. Hier einige Ideen, die der Gem\u00fctlichkeit noch eins obendrauf setzen.<\/p>\n<p>\u2022 <strong>Es werde Licht:<\/strong> Beleuchtung macht den Freisitz am Abend erst so richtig heimelig. Mit Kerzen, Fackeln oder Teelichtern zaubern Sie mit wenigen Mitteln tolle Effekte. Neben offenem Licht sind auch Lampions oder Lichterketten willkommene M\u00f6glichkeiten.<br \/>\n\u2022 <strong>Was zwitschert denn da:<\/strong> Ein Vogelh\u00e4uschen auf dem Balkon ist nicht nur dann ein Hingucker, wenn sich Piepm\u00e4tze einen Snack holen. H\u00fcbsch gestaltet k\u00f6nnen Sie das H\u00e4uschen auch selbst bauen.<br \/>\n\u2022 <strong>Abwechslung im Blumenk\u00fcbel<\/strong>: Mit Gartensteckern schaffen Sie zus\u00e4tzliche Blickf\u00e4nge. Es gibt sie in ganz unterschiedlichen Formen, Farben, aus verschiedenen Materialien, mal dezent, mal auff\u00e4llig, mal witzig \u2013 immer eine tolle Deko.<br \/>\n\u2022 <strong>Optische T\u00e4uschung:<\/strong> Gerade f\u00fcr kleine Balkone sind Spiegel eine tolle Idee, denn dadurch k\u00f6nnen Sie erreichen, dass der Freisitz gr\u00f6\u00dfer erscheint, als er tats\u00e4chlich ist.<br \/>\n\u2022 <strong>Da h\u00e4ngt doch was:<\/strong> Wenn Sie ein Dach oder einen Balkon \u00fcber sich haben, k\u00f6nnen Sie diesen Bereich auch f\u00fcr Deko nutzen. Nicht nur Hanging Baskets, Blumenampeln und Lichterketten k\u00f6nnen hier angebracht werden, wie w\u00e4re es mit einem Haselnusszweig? Daran lassen sich viele tolle Dekoartikel einfach aufh\u00e4ngen. Gleichzeitig kann der Ast als Rankhilfe f\u00fcr eine Kletterpflanze dienen.<br \/>\n\u2022 <strong>Fantastische Kl\u00e4nge:<\/strong> Windspiele k\u00f6nnen durch ein laues L\u00fcftchen nicht nur tolle Formen und Muster wiedergeben, sie dienen auch als Instrument, das mit tollen Kl\u00e4ngen begeistert.<\/p>\n<p><strong>Und nun sind Sie dran! Gestalten Sie Ihren Balkon nach Lust und Laune, Hauptsache, er wird gem\u00fctlich.<\/strong><\/p>\n","protected":false},"excerpt":{"rendered":"<p>Die Gem\u00fctlichkeit darf auf einem Balkon oder einer Terrasse nicht zu kurz kommen \u2013 sofern Sie nicht nur W\u00e4sche aufh\u00e4ngen wollen. Dabei gibt es f\u00fcr jeden Geschmack die passenden Gestaltungsm\u00f6glichkeiten. Diese h\u00e4ngen jedoch immer davon ab, wie gro\u00df der Freisitz ist. Lange, schmale Balkone werden anders gestaltet, als kurze, breite. Ist ein Dach vorhanden, kann dies ebenfalls in die Gestaltung mit einbezogen werden. Am sch\u00f6nsten sind nat\u00fcrlich gro\u00dfe Balkone, auf denen Sie sogar einzelne Bereiche wie Sitzgelegenheiten, Liegem\u00f6glichkeiten und die Kr\u00e4uter- und Pflanzenecke nach Belieben einrichten k\u00f6nnen. Balkonm\u00f6bel \u2013 so wird\u00b4s gem\u00fctlich Kaffee trinken, ein Nickerchen machen, Sonnenbaden, ein Buch lesen \u2013 der Balkon ist nicht nur in der oftmals sp\u00e4rlichen Freizeit ein R\u00fcckzugsort, er versch\u00f6nert auch vielen Daheimgebliebenen den Urlaub. Dann aber bitte mit den richtigen Balkonm\u00f6beln. F\u00fcr den schnellen Kaffee zwischendurch oder die Zigarettenpause, gen\u00fcgen sicherlich g\u00fcnstige Balkonm\u00f6bel aus Kunststoff. Sie sind zudem leicht zu reinigen und nicht selten stapelbar, was gerade f\u00fcr kleine Balkone sinnvoll ist. Optisch sind sie dagegen nicht der Renner. Darf es ein paar Euro mehr kosten, tut es auch eine klappbare Bistrogarnitur, die zwar nicht f\u00fcr stundenlanges Sitzen geeignet ist, aber f\u00fcr den Plausch mit der Nachbarin allemal. Wer dagegen seinen Freisitz l\u00e4nger [&hellip;]<\/p>\n","protected":false},"author":13,"featured_media":1112,"comment_status":"open","ping_status":"open","sticky":false,"template":"","format":"standard","meta":{"_acf_changed":false,"footnotes":""},"categories":[16],"tags":[],"hersteller":[],"class_list":["post-867","post","type-post","status-publish","format-standard","has-post-thumbnail","hentry","category-balkon-und-terrasse"],"acf":[],"yoast_head":"<!-- This site is optimized with the Yoast SEO plugin v27.4 - https:\/\/yoast.com\/product\/yoast-seo-wordpress\/ -->\n<title>Wie w\u00e4r\u00b4s mal mit Gem\u00fctlichkeit? - Samenhaus Gartenblog<\/title>\n<meta name=\"description\" content=\"Ein Balkon soll gem\u00fctlich sein. Pflanzen geh\u00f6ren unbedingt dazu, um das richtige Dschungelfeeling zu schaffen. Wir haben auch Tipps f\u00fcr Deko und M\u00f6bel.\" \/>\n<meta name=\"robots\" content=\"index, follow, max-snippet:-1, max-image-preview:large, max-video-preview:-1\" \/>\n<link rel=\"canonical\" href=\"https:\/\/www.samenhaus.de\/gartenblog\/wie-waers-mal-mit-gemuetlichkeit\" \/>\n<meta property=\"og:locale\" content=\"de_DE\" \/>\n<meta property=\"og:type\" content=\"article\" \/>\n<meta property=\"og:title\" content=\"Wie w\u00e4r\u00b4s mal mit Gem\u00fctlichkeit? - Samenhaus Gartenblog\" \/>\n<meta property=\"og:description\" content=\"Ein Balkon soll gem\u00fctlich sein. Pflanzen geh\u00f6ren unbedingt dazu, um das richtige Dschungelfeeling zu schaffen. Wir haben auch Tipps f\u00fcr Deko und M\u00f6bel.\" \/>\n<meta property=\"og:url\" content=\"https:\/\/www.samenhaus.de\/gartenblog\/wie-waers-mal-mit-gemuetlichkeit\" \/>\n<meta property=\"og:site_name\" content=\"Samenhaus Gartenblog\" \/>\n<meta property=\"article:publisher\" content=\"https:\/\/de-de.facebook.com\/samenhaus\" \/>\n<meta property=\"article:published_time\" content=\"2021-08-27T11:57:30+00:00\" \/>\n<meta property=\"article:modified_time\" content=\"2023-06-26T11:26:21+00:00\" \/>\n<meta property=\"og:image\" content=\"https:\/\/www.samenhaus.de\/gartenblog\/wp-content\/uploads\/2021\/05\/AdobeStock_362221788.jpg\" \/>\n\t<meta property=\"og:image:width\" content=\"1000\" \/>\n\t<meta property=\"og:image:height\" content=\"563\" \/>\n\t<meta property=\"og:image:type\" content=\"image\/jpeg\" \/>\n<meta name=\"author\" content=\"Holger\" \/>\n<meta name=\"twitter:card\" content=\"summary_large_image\" \/>\n<meta name=\"twitter:creator\" content=\"@samenhaus\" \/>\n<meta name=\"twitter:site\" content=\"@samenhaus\" \/>\n<meta name=\"twitter:label1\" content=\"Verfasst von\" \/>\n\t<meta name=\"twitter:data1\" content=\"Holger\" \/>\n\t<meta name=\"twitter:label2\" content=\"Gesch\u00e4tzte Lesezeit\" \/>\n\t<meta name=\"twitter:data2\" content=\"8\u00a0Minuten\" \/>\n<script type=\"application\/ld+json\" class=\"yoast-schema-graph\">{\"@context\":\"https:\\\/\\\/schema.org\",\"@graph\":[{\"@type\":\"Article\",\"@id\":\"https:\\\/\\\/www.samenhaus.de\\\/gartenblog\\\/wie-waers-mal-mit-gemuetlichkeit#article\",\"isPartOf\":{\"@id\":\"https:\\\/\\\/www.samenhaus.de\\\/gartenblog\\\/wie-waers-mal-mit-gemuetlichkeit\"},\"author\":{\"name\":\"Holger\",\"@id\":\"https:\\\/\\\/www.samenhaus.de\\\/gartenblog\\\/#\\\/schema\\\/person\\\/de169769587431893823f62b2ce06c04\"},\"headline\":\"Wie w\u00e4r\u00b4s mal mit Gem\u00fctlichkeit?\",\"datePublished\":\"2021-08-27T11:57:30+00:00\",\"dateModified\":\"2023-06-26T11:26:21+00:00\",\"mainEntityOfPage\":{\"@id\":\"https:\\\/\\\/www.samenhaus.de\\\/gartenblog\\\/wie-waers-mal-mit-gemuetlichkeit\"},\"wordCount\":1285,\"commentCount\":0,\"publisher\":{\"@id\":\"https:\\\/\\\/www.samenhaus.de\\\/gartenblog\\\/#organization\"},\"image\":{\"@id\":\"https:\\\/\\\/www.samenhaus.de\\\/gartenblog\\\/wie-waers-mal-mit-gemuetlichkeit#primaryimage\"},\"thumbnailUrl\":\"https:\\\/\\\/www.samenhaus.de\\\/gartenblog\\\/wp-content\\\/uploads\\\/2021\\\/05\\\/AdobeStock_362221788.jpg\",\"articleSection\":[\"Balkon und Terrasse\"],\"inLanguage\":\"de\",\"potentialAction\":[{\"@type\":\"CommentAction\",\"name\":\"Comment\",\"target\":[\"https:\\\/\\\/www.samenhaus.de\\\/gartenblog\\\/wie-waers-mal-mit-gemuetlichkeit#respond\"]}],\"copyrightYear\":\"2021\",\"copyrightHolder\":{\"@id\":\"https:\\\/\\\/www.samenhaus.de\\\/gartenblog\\\/#organization\"}},{\"@type\":\"WebPage\",\"@id\":\"https:\\\/\\\/www.samenhaus.de\\\/gartenblog\\\/wie-waers-mal-mit-gemuetlichkeit\",\"url\":\"https:\\\/\\\/www.samenhaus.de\\\/gartenblog\\\/wie-waers-mal-mit-gemuetlichkeit\",\"name\":\"Wie w\u00e4r\u00b4s mal mit Gem\u00fctlichkeit? - Samenhaus Gartenblog\",\"isPartOf\":{\"@id\":\"https:\\\/\\\/www.samenhaus.de\\\/gartenblog\\\/#website\"},\"primaryImageOfPage\":{\"@id\":\"https:\\\/\\\/www.samenhaus.de\\\/gartenblog\\\/wie-waers-mal-mit-gemuetlichkeit#primaryimage\"},\"image\":{\"@id\":\"https:\\\/\\\/www.samenhaus.de\\\/gartenblog\\\/wie-waers-mal-mit-gemuetlichkeit#primaryimage\"},\"thumbnailUrl\":\"https:\\\/\\\/www.samenhaus.de\\\/gartenblog\\\/wp-content\\\/uploads\\\/2021\\\/05\\\/AdobeStock_362221788.jpg\",\"datePublished\":\"2021-08-27T11:57:30+00:00\",\"dateModified\":\"2023-06-26T11:26:21+00:00\",\"description\":\"Ein Balkon soll gem\u00fctlich sein. Pflanzen geh\u00f6ren unbedingt dazu, um das richtige Dschungelfeeling zu schaffen. Wir haben auch Tipps f\u00fcr Deko und M\u00f6bel.\",\"breadcrumb\":{\"@id\":\"https:\\\/\\\/www.samenhaus.de\\\/gartenblog\\\/wie-waers-mal-mit-gemuetlichkeit#breadcrumb\"},\"inLanguage\":\"de\",\"potentialAction\":[{\"@type\":\"ReadAction\",\"target\":[\"https:\\\/\\\/www.samenhaus.de\\\/gartenblog\\\/wie-waers-mal-mit-gemuetlichkeit\"]}]},{\"@type\":\"ImageObject\",\"inLanguage\":\"de\",\"@id\":\"https:\\\/\\\/www.samenhaus.de\\\/gartenblog\\\/wie-waers-mal-mit-gemuetlichkeit#primaryimage\",\"url\":\"https:\\\/\\\/www.samenhaus.de\\\/gartenblog\\\/wp-content\\\/uploads\\\/2021\\\/05\\\/AdobeStock_362221788.jpg\",\"contentUrl\":\"https:\\\/\\\/www.samenhaus.de\\\/gartenblog\\\/wp-content\\\/uploads\\\/2021\\\/05\\\/AdobeStock_362221788.jpg\",\"width\":1000,\"height\":563,\"caption\":\"Sitzecke Balkon\"},{\"@type\":\"BreadcrumbList\",\"@id\":\"https:\\\/\\\/www.samenhaus.de\\\/gartenblog\\\/wie-waers-mal-mit-gemuetlichkeit#breadcrumb\",\"itemListElement\":[{\"@type\":\"ListItem\",\"position\":1,\"name\":\"Startseite\",\"item\":\"https:\\\/\\\/www.samenhaus.de\\\/gartenblog\\\/\"},{\"@type\":\"ListItem\",\"position\":2,\"name\":\"Wie w\u00e4r\u00b4s mal mit Gem\u00fctlichkeit?\"}]},{\"@type\":\"WebSite\",\"@id\":\"https:\\\/\\\/www.samenhaus.de\\\/gartenblog\\\/#website\",\"url\":\"https:\\\/\\\/www.samenhaus.de\\\/gartenblog\\\/\",\"name\":\"Samenhaus Gartenblog\",\"description\":\"\",\"publisher\":{\"@id\":\"https:\\\/\\\/www.samenhaus.de\\\/gartenblog\\\/#organization\"},\"potentialAction\":[{\"@type\":\"SearchAction\",\"target\":{\"@type\":\"EntryPoint\",\"urlTemplate\":\"https:\\\/\\\/www.samenhaus.de\\\/gartenblog\\\/?s={search_term_string}\"},\"query-input\":{\"@type\":\"PropertyValueSpecification\",\"valueRequired\":true,\"valueName\":\"search_term_string\"}}],\"inLanguage\":\"de\"},{\"@type\":\"Organization\",\"@id\":\"https:\\\/\\\/www.samenhaus.de\\\/gartenblog\\\/#organization\",\"name\":\"Samenhaus.de Gartenblog\",\"url\":\"https:\\\/\\\/www.samenhaus.de\\\/gartenblog\\\/\",\"logo\":{\"@type\":\"ImageObject\",\"inLanguage\":\"de\",\"@id\":\"https:\\\/\\\/www.samenhaus.de\\\/gartenblog\\\/#\\\/schema\\\/logo\\\/image\\\/\",\"url\":\"https:\\\/\\\/www.samenhaus.de\\\/gartenblog\\\/wp-content\\\/uploads\\\/2020\\\/11\\\/logo.svg\",\"contentUrl\":\"https:\\\/\\\/www.samenhaus.de\\\/gartenblog\\\/wp-content\\\/uploads\\\/2020\\\/11\\\/logo.svg\",\"width\":1,\"height\":1,\"caption\":\"Samenhaus.de Gartenblog\"},\"image\":{\"@id\":\"https:\\\/\\\/www.samenhaus.de\\\/gartenblog\\\/#\\\/schema\\\/logo\\\/image\\\/\"},\"sameAs\":[\"https:\\\/\\\/de-de.facebook.com\\\/samenhaus\",\"https:\\\/\\\/x.com\\\/samenhaus\"]},{\"@type\":\"Person\",\"@id\":\"https:\\\/\\\/www.samenhaus.de\\\/gartenblog\\\/#\\\/schema\\\/person\\\/de169769587431893823f62b2ce06c04\",\"name\":\"Holger\",\"image\":{\"@type\":\"ImageObject\",\"inLanguage\":\"de\",\"@id\":\"https:\\\/\\\/www.samenhaus.de\\\/gartenblog\\\/wp-content\\\/uploads\\\/2026\\\/03\\\/Holger-150x150.png\",\"url\":\"https:\\\/\\\/www.samenhaus.de\\\/gartenblog\\\/wp-content\\\/uploads\\\/2026\\\/03\\\/Holger-150x150.png\",\"contentUrl\":\"https:\\\/\\\/www.samenhaus.de\\\/gartenblog\\\/wp-content\\\/uploads\\\/2026\\\/03\\\/Holger-150x150.png\",\"caption\":\"Holger\"},\"description\":\"6.000.000 W\u00f6rter \u2013 so viel k\u00f6nnen Sie in etwa von mir online lesen. Das F\u00fcllen des Internets entwickelte sich nach meiner Ausbildung zum TV-Redakteur und der langj\u00e4hrigen Arbeit bei SAT.1 zu einem Fulltime-Job. Trotzdem finde ich noch gen\u00fcgend Zeit, um in meinem Garten zu werkeln. Eine Staude hier, ein Bl\u00fcmchen dort und ein bisschen Gem\u00fcse darf auch nicht fehlen \u2013 einen Schnitzelbaum gibt es ja noch nicht \u2026 Die besten geistigen Erg\u00fcsse habe ich \u00fcbrigens, wenn ich IM Garten \u00dcBER den Garten schreiben kann. So vereinen sich Beruf und Hobby perfekt \u2013 was gibt es Sch\u00f6neres?\",\"url\":\"https:\\\/\\\/www.samenhaus.de\\\/gartenblog\\\/author\\\/holger\"}]}<\/script>\n<!-- \/ Yoast SEO plugin. -->","yoast_head_json":{"title":"Wie w\u00e4r\u00b4s mal mit Gem\u00fctlichkeit? - Samenhaus Gartenblog","description":"Ein Balkon soll gem\u00fctlich sein. Pflanzen geh\u00f6ren unbedingt dazu, um das richtige Dschungelfeeling zu schaffen. Wir haben auch Tipps f\u00fcr Deko und M\u00f6bel.","robots":{"index":"index","follow":"follow","max-snippet":"max-snippet:-1","max-image-preview":"max-image-preview:large","max-video-preview":"max-video-preview:-1"},"canonical":"https:\/\/www.samenhaus.de\/gartenblog\/wie-waers-mal-mit-gemuetlichkeit","og_locale":"de_DE","og_type":"article","og_title":"Wie w\u00e4r\u00b4s mal mit Gem\u00fctlichkeit? - Samenhaus Gartenblog","og_description":"Ein Balkon soll gem\u00fctlich sein. Pflanzen geh\u00f6ren unbedingt dazu, um das richtige Dschungelfeeling zu schaffen. Wir haben auch Tipps f\u00fcr Deko und M\u00f6bel.","og_url":"https:\/\/www.samenhaus.de\/gartenblog\/wie-waers-mal-mit-gemuetlichkeit","og_site_name":"Samenhaus Gartenblog","article_publisher":"https:\/\/de-de.facebook.com\/samenhaus","article_published_time":"2021-08-27T11:57:30+00:00","article_modified_time":"2023-06-26T11:26:21+00:00","og_image":[{"width":1000,"height":563,"url":"https:\/\/www.samenhaus.de\/gartenblog\/wp-content\/uploads\/2021\/05\/AdobeStock_362221788.jpg","type":"image\/jpeg"}],"author":"Holger","twitter_card":"summary_large_image","twitter_creator":"@samenhaus","twitter_site":"@samenhaus","twitter_misc":{"Verfasst von":"Holger","Gesch\u00e4tzte Lesezeit":"8\u00a0Minuten"},"schema":{"@context":"https:\/\/schema.org","@graph":[{"@type":"Article","@id":"https:\/\/www.samenhaus.de\/gartenblog\/wie-waers-mal-mit-gemuetlichkeit#article","isPartOf":{"@id":"https:\/\/www.samenhaus.de\/gartenblog\/wie-waers-mal-mit-gemuetlichkeit"},"author":{"name":"Holger","@id":"https:\/\/www.samenhaus.de\/gartenblog\/#\/schema\/person\/de169769587431893823f62b2ce06c04"},"headline":"Wie w\u00e4r\u00b4s mal mit Gem\u00fctlichkeit?","datePublished":"2021-08-27T11:57:30+00:00","dateModified":"2023-06-26T11:26:21+00:00","mainEntityOfPage":{"@id":"https:\/\/www.samenhaus.de\/gartenblog\/wie-waers-mal-mit-gemuetlichkeit"},"wordCount":1285,"commentCount":0,"publisher":{"@id":"https:\/\/www.samenhaus.de\/gartenblog\/#organization"},"image":{"@id":"https:\/\/www.samenhaus.de\/gartenblog\/wie-waers-mal-mit-gemuetlichkeit#primaryimage"},"thumbnailUrl":"https:\/\/www.samenhaus.de\/gartenblog\/wp-content\/uploads\/2021\/05\/AdobeStock_362221788.jpg","articleSection":["Balkon und Terrasse"],"inLanguage":"de","potentialAction":[{"@type":"CommentAction","name":"Comment","target":["https:\/\/www.samenhaus.de\/gartenblog\/wie-waers-mal-mit-gemuetlichkeit#respond"]}],"copyrightYear":"2021","copyrightHolder":{"@id":"https:\/\/www.samenhaus.de\/gartenblog\/#organization"}},{"@type":"WebPage","@id":"https:\/\/www.samenhaus.de\/gartenblog\/wie-waers-mal-mit-gemuetlichkeit","url":"https:\/\/www.samenhaus.de\/gartenblog\/wie-waers-mal-mit-gemuetlichkeit","name":"Wie w\u00e4r\u00b4s mal mit Gem\u00fctlichkeit? - Samenhaus Gartenblog","isPartOf":{"@id":"https:\/\/www.samenhaus.de\/gartenblog\/#website"},"primaryImageOfPage":{"@id":"https:\/\/www.samenhaus.de\/gartenblog\/wie-waers-mal-mit-gemuetlichkeit#primaryimage"},"image":{"@id":"https:\/\/www.samenhaus.de\/gartenblog\/wie-waers-mal-mit-gemuetlichkeit#primaryimage"},"thumbnailUrl":"https:\/\/www.samenhaus.de\/gartenblog\/wp-content\/uploads\/2021\/05\/AdobeStock_362221788.jpg","datePublished":"2021-08-27T11:57:30+00:00","dateModified":"2023-06-26T11:26:21+00:00","description":"Ein Balkon soll gem\u00fctlich sein. Pflanzen geh\u00f6ren unbedingt dazu, um das richtige Dschungelfeeling zu schaffen. Wir haben auch Tipps f\u00fcr Deko und M\u00f6bel.","breadcrumb":{"@id":"https:\/\/www.samenhaus.de\/gartenblog\/wie-waers-mal-mit-gemuetlichkeit#breadcrumb"},"inLanguage":"de","potentialAction":[{"@type":"ReadAction","target":["https:\/\/www.samenhaus.de\/gartenblog\/wie-waers-mal-mit-gemuetlichkeit"]}]},{"@type":"ImageObject","inLanguage":"de","@id":"https:\/\/www.samenhaus.de\/gartenblog\/wie-waers-mal-mit-gemuetlichkeit#primaryimage","url":"https:\/\/www.samenhaus.de\/gartenblog\/wp-content\/uploads\/2021\/05\/AdobeStock_362221788.jpg","contentUrl":"https:\/\/www.samenhaus.de\/gartenblog\/wp-content\/uploads\/2021\/05\/AdobeStock_362221788.jpg","width":1000,"height":563,"caption":"Sitzecke Balkon"},{"@type":"BreadcrumbList","@id":"https:\/\/www.samenhaus.de\/gartenblog\/wie-waers-mal-mit-gemuetlichkeit#breadcrumb","itemListElement":[{"@type":"ListItem","position":1,"name":"Startseite","item":"https:\/\/www.samenhaus.de\/gartenblog\/"},{"@type":"ListItem","position":2,"name":"Wie w\u00e4r\u00b4s mal mit Gem\u00fctlichkeit?"}]},{"@type":"WebSite","@id":"https:\/\/www.samenhaus.de\/gartenblog\/#website","url":"https:\/\/www.samenhaus.de\/gartenblog\/","name":"Samenhaus Gartenblog","description":"","publisher":{"@id":"https:\/\/www.samenhaus.de\/gartenblog\/#organization"},"potentialAction":[{"@type":"SearchAction","target":{"@type":"EntryPoint","urlTemplate":"https:\/\/www.samenhaus.de\/gartenblog\/?s={search_term_string}"},"query-input":{"@type":"PropertyValueSpecification","valueRequired":true,"valueName":"search_term_string"}}],"inLanguage":"de"},{"@type":"Organization","@id":"https:\/\/www.samenhaus.de\/gartenblog\/#organization","name":"Samenhaus.de Gartenblog","url":"https:\/\/www.samenhaus.de\/gartenblog\/","logo":{"@type":"ImageObject","inLanguage":"de","@id":"https:\/\/www.samenhaus.de\/gartenblog\/#\/schema\/logo\/image\/","url":"https:\/\/www.samenhaus.de\/gartenblog\/wp-content\/uploads\/2020\/11\/logo.svg","contentUrl":"https:\/\/www.samenhaus.de\/gartenblog\/wp-content\/uploads\/2020\/11\/logo.svg","width":1,"height":1,"caption":"Samenhaus.de Gartenblog"},"image":{"@id":"https:\/\/www.samenhaus.de\/gartenblog\/#\/schema\/logo\/image\/"},"sameAs":["https:\/\/de-de.facebook.com\/samenhaus","https:\/\/x.com\/samenhaus"]},{"@type":"Person","@id":"https:\/\/www.samenhaus.de\/gartenblog\/#\/schema\/person\/de169769587431893823f62b2ce06c04","name":"Holger","image":{"@type":"ImageObject","inLanguage":"de","@id":"https:\/\/www.samenhaus.de\/gartenblog\/wp-content\/uploads\/2026\/03\/Holger-150x150.png","url":"https:\/\/www.samenhaus.de\/gartenblog\/wp-content\/uploads\/2026\/03\/Holger-150x150.png","contentUrl":"https:\/\/www.samenhaus.de\/gartenblog\/wp-content\/uploads\/2026\/03\/Holger-150x150.png","caption":"Holger"},"description":"6.000.000 W\u00f6rter \u2013 so viel k\u00f6nnen Sie in etwa von mir online lesen. Das F\u00fcllen des Internets entwickelte sich nach meiner Ausbildung zum TV-Redakteur und der langj\u00e4hrigen Arbeit bei SAT.1 zu einem Fulltime-Job. Trotzdem finde ich noch gen\u00fcgend Zeit, um in meinem Garten zu werkeln. Eine Staude hier, ein Bl\u00fcmchen dort und ein bisschen Gem\u00fcse darf auch nicht fehlen \u2013 einen Schnitzelbaum gibt es ja noch nicht \u2026 Die besten geistigen Erg\u00fcsse habe ich \u00fcbrigens, wenn ich IM Garten \u00dcBER den Garten schreiben kann. So vereinen sich Beruf und Hobby perfekt \u2013 was gibt es Sch\u00f6neres?","url":"https:\/\/www.samenhaus.de\/gartenblog\/author\/holger"}]}},"wp-worthy-pixel":{"ignored":false,"public":"a606b0ca393c484d9fa94017ff6349da","server":"vg06.met.vgwort.de","url":"https:\/\/vg06.met.vgwort.de\/na\/a606b0ca393c484d9fa94017ff6349da"},"wp-worthy-type":"normal","_links":{"self":[{"href":"https:\/\/www.samenhaus.de\/gartenblog\/wp-json\/wp\/v2\/posts\/867","targetHints":{"allow":["GET"]}}],"collection":[{"href":"https:\/\/www.samenhaus.de\/gartenblog\/wp-json\/wp\/v2\/posts"}],"about":[{"href":"https:\/\/www.samenhaus.de\/gartenblog\/wp-json\/wp\/v2\/types\/post"}],"author":[{"embeddable":true,"href":"https:\/\/www.samenhaus.de\/gartenblog\/wp-json\/wp\/v2\/users\/13"}],"replies":[{"embeddable":true,"href":"https:\/\/www.samenhaus.de\/gartenblog\/wp-json\/wp\/v2\/comments?post=867"}],"version-history":[{"count":8,"href":"https:\/\/www.samenhaus.de\/gartenblog\/wp-json\/wp\/v2\/posts\/867\/revisions"}],"predecessor-version":[{"id":11947,"href":"https:\/\/www.samenhaus.de\/gartenblog\/wp-json\/wp\/v2\/posts\/867\/revisions\/11947"}],"wp:featuredmedia":[{"embeddable":true,"href":"https:\/\/www.samenhaus.de\/gartenblog\/wp-json\/wp\/v2\/media\/1112"}],"wp:attachment":[{"href":"https:\/\/www.samenhaus.de\/gartenblog\/wp-json\/wp\/v2\/media?parent=867"}],"wp:term":[{"taxonomy":"category","embeddable":true,"href":"https:\/\/www.samenhaus.de\/gartenblog\/wp-json\/wp\/v2\/categories?post=867"},{"taxonomy":"post_tag","embeddable":true,"href":"https:\/\/www.samenhaus.de\/gartenblog\/wp-json\/wp\/v2\/tags?post=867"},{"taxonomy":"hersteller","embeddable":true,"href":"https:\/\/www.samenhaus.de\/gartenblog\/wp-json\/wp\/v2\/hersteller?post=867"}],"curies":[{"name":"wp","href":"https:\/\/api.w.org\/{rel}","templated":true}]}}