{"id":8793,"date":"2023-02-01T09:00:26","date_gmt":"2023-02-01T09:00:26","guid":{"rendered":"https:\/\/www.samenhaus.de\/gartenblog\/?p=8793"},"modified":"2023-08-16T08:27:47","modified_gmt":"2023-08-16T08:27:47","slug":"mondkalender-februar-2023","status":"publish","type":"post","link":"https:\/\/www.samenhaus.de\/gartenblog\/mondkalender-februar-2023","title":{"rendered":"Mondkalender Februar 2023"},"content":{"rendered":"<p>Noch sind sich die Wetterg\u00f6tter nicht einig, welches Wetter in diesem Winter noch kommt. W\u00e4hrend einige von der Eispeitsche reden, sagen andere, dass es eher zu warm wird. Im Grunde k\u00f6nnen wir so und so nur abwarten und Sie k\u00f6nnen sich inzwischen schon den Mondkalender f\u00fcr den Februar anschauen. Denn auch hier gibt es einiges zu tun, egal, wie das Wetter jetzt ist.<\/p>\n<h2 class=\"western\">G\u00e4rtnern nach dem Mondkalender im Februar 2023<\/h2>\n<p>Der Monat Februar startet damit, dass Sie auf das Gie\u00dfen von Balkon- und Zimmerpflanzen verzichten sollten. Allerdings ist am 01. Februar ein sehr guter Tag, um Blumen und bl\u00fchende Kr\u00e4uter anzupflanzen oder einzus\u00e4en.<\/p>\n<p>Am 02. und 03.02.2023 d\u00fcrfen Sie Ihre Pflanzen aber wieder gie\u00dfen. Zudem ist ein hervorragender und effektiver Tag, um Rasen zu m\u00e4hen. Auch die Aussaat und Anpflanzung von Blattgem\u00fcse steht unter einem guten Stern.<\/p>\n<p>Auf das D\u00fcngen mit chemischem D\u00fcnger sollten Sie am 04. bis 06. verzichten, da die Pflanzen sonst verbrennen k\u00f6nnten. Daf\u00fcr k\u00f6nnen Sie aber Obstpflanzen auss\u00e4en und anpflanzen oder Obst sammeln und Einfrieren. Insbesondere f\u00fcr das Einfrieren ist heute ein ausgezeichneter Tag. Zudem ist das J\u00e4ten von Unkraut ist am 04. Februar effektiv.<\/p>\n<p>Am 07. und 08. Februar ist weder die Ernte noch die Vorbereitung von Obst gut. Das vorbereitete Obst kann schnell schlecht werden, weshalb Sie an diesen beiden Tagen darauf verzichten sollten. Da Sie sich hier Zeit sparen, k\u00f6nnen Sie diese Zeit f\u00fcr allgemeine Gartenarbeiten nutzen. Das J\u00e4ten des Unkrauts ist ebenfalls ideal an diesen Tagen. Doch auch die Aussaat und Anpflanzung von Wurzelgem\u00fcse kann erfolgen.<\/p>\n<p>Vom 09. bis 11. Februar ist das Gie\u00dfen der Balkon- und Zimmerpflanzen nicht so gut, da sie sonst schnell krank werden oder die Wurzeln faulen.<\/p>\n<p>Dies k\u00f6nnen Sie am 12. und 13. Februar nachholen. Auch das M\u00e4hen Ihres Rasens ist effektiv und er w\u00e4chst nicht so schnell wieder nach.<\/p>\n<p>Die Tage vom 14. bis 16.02. stehen ganz im Zeichen von Obst. An diesen drei Tagen ist ein guter Zeitpunkt, um Obst zu ernten, zu sammeln, zu lagern und einzufrieren.<\/p>\n<p>Insbesondere am 16. und 17. sollten Sie jedoch auf das Unkraut j\u00e4ten verzichten, da es nicht sehr gewinnbringend ist. Daf\u00fcr k\u00f6nnen sie diese Tage dazu nutzen, um Wurzelgem\u00fcse zu sammeln und zu konservieren. Auch die Aussaat und Anpflanzung von Wurzelgem\u00fcse verspricht eine gute und \u00fcppige Ernte.<\/p>\n<p>Am 18. und 19. Februar sollten Sie Obst ernten, sammeln und lagern. Dieser Zeitpunkt eignet sich hervorragend dazu. Allerdings sollten Sie auch das Gie\u00dfen von Zimmer- und Balkonpflanzen verzichten.<\/p>\n<p>Obst zu ernten und zu lagern sollten Sie am 20. und 21. Februar eher nicht, da die Lagerung nicht gut sein wird. Diese Zeit k\u00f6nnen Sie nutzen, um Ihre Balkon- und Zimmerpflanzen zu gie\u00dfen oder den Rasen zu m\u00e4hen. Au\u00dferdem eignet sich der 21. Februar auch daf\u00fcr, um Blattgem\u00fcse auszus\u00e4en oder anzupflanzen.<\/p>\n<p>Auch der 22. und 26.02. stehen wieder ganz im Zeichen des Obstes. Es ist ein optimaler Zeitpunkt, um Obst zu sammeln und zu lagern und auch zu konservieren. Zudem ist das Anpflanzen und Auss\u00e4en von Obstpflanzen am 22. und 23.02. sehr gut geeignet, da es eine gute Ernte verspricht.<\/p>\n<p>Sind Sie eher der Wurzelgem\u00fcse-Typ, nutzen Sie die Tage vom 24. bis 26. Februar. Diese sind perfekt geeignet, um Wurzelgem\u00fcse zu sammeln, zu ernten und zu lagern.<\/p>\n<p>An den letzten beiden Tagen des Februars sollten Sie wieder auf das Gie\u00dfen der Balkon- und Zimmerpflanzen verzichten. Sie k\u00f6nnen aber Blumen und bl\u00fchende Kr\u00e4uter auss\u00e4hen oder anpflanzen.<\/p>\n<table class=\"custom-table-1\" width=\"100%\" cellspacing=\"0\" cellpadding=\"4\">\n<tbody>\n<tr valign=\"TOP\">\n<td width=\"60\" height=\"25\">01. Feb 23<\/td>\n<td width=\"547\">Balkon- und Zimmerpflanzen sollten heute nicht gegossen werden; guter Zeitpunkt, um Blumen und bl\u00fchende Kr\u00e4uter anzupflanzen;<\/td>\n<\/tr>\n<tr valign=\"TOP\">\n<td width=\"27\" height=\"27\">02. Feb 23<\/td>\n<td width=\"547\">Ung\u00fcnstiger Zeitpunkt, um Obst zu ernten oder zu lagern; Sehr guter Tag, um Rasen zu m\u00e4hen; Balkon- und Zimmerpflanzen gie\u00dfen; Aussaat und Anpflanzung von Blattgem\u00fcse;<\/td>\n<\/tr>\n<tr valign=\"TOP\">\n<td width=\"27\" height=\"27\">03. Feb 23<\/td>\n<td width=\"547\">Ung\u00fcnstiger Zeitpunkt, um Obst zu ernten oder zu lagern; Sehr guter Tag, um Rasen zu m\u00e4hen; Balkon- und Zimmerpflanzen gie\u00dfen; Aussaat und Anpflanzung von Blattgem\u00fcse;<\/td>\n<\/tr>\n<tr valign=\"TOP\">\n<td width=\"27\" height=\"26\">04. Feb 23<\/td>\n<td width=\"547\">F\u00fcr das D\u00fcngen mit chemischen D\u00fcnger ist sehr ung\u00fcnstig; Effektives J\u00e4ten von Unkraut; Anpflanzung und Aussaat von Obstpflanzen; Sammeln und Einfrieren von Obst ist heute besonders gut;<\/td>\n<\/tr>\n<tr valign=\"TOP\">\n<td width=\"27\" height=\"26\">05. Feb 23<\/td>\n<td width=\"547\">Chemische D\u00fcnger sollten heute nicht verwendet werden; Sammeln und Einfrieren von Obst ist heute sehr gut;<\/td>\n<\/tr>\n<tr valign=\"TOP\">\n<td width=\"27\" height=\"27\">06. Feb 23<\/td>\n<td width=\"547\">Chemische D\u00fcnger sollten heute nicht verwendet werden; Sammeln und Einfrieren von Obst ist heute optimal;<\/td>\n<\/tr>\n<tr valign=\"TOP\">\n<td width=\"27\" height=\"26\">07. Feb 23<\/td>\n<td width=\"547\">Die Ernte, das Sammeln und Vorbereitung von Obst ist heute nicht gut; Allgemein guter Tag f\u00fcr Gartenarbeiten; Unkraut j\u00e4ten, ist sehr effektiv; Anpflanzung und Aussaat von Wurzelgem\u00fcse ist ebenfalls gut;<\/td>\n<\/tr>\n<tr valign=\"TOP\">\n<td width=\"27\" height=\"27\">08. Feb 23<\/td>\n<td width=\"547\">Die Ernte, das Sammeln und Vorbereitung von Obst ist heute nicht gut; Allgemein guter Tag f\u00fcr Gartenarbeiten; Unkraut j\u00e4ten, ist sehr effektiv; Anpflanzung und Aussaat von Wurzelgem\u00fcse ist ebenfalls gut;<\/td>\n<\/tr>\n<tr valign=\"TOP\">\n<td width=\"27\" height=\"25\">09. Feb 23<\/td>\n<td width=\"547\">Balkon- und Zimmerpflanzen sollten heute nicht gegossen werden;<\/td>\n<\/tr>\n<tr valign=\"TOP\">\n<td width=\"27\" height=\"27\">10. Feb 23<\/td>\n<td width=\"547\">Balkon- und Zimmerpflanzen sollten heute nicht gegossen werden;<\/td>\n<\/tr>\n<tr valign=\"TOP\">\n<td width=\"27\" height=\"25\">11. Feb 23<\/td>\n<td width=\"547\">Balkon- und Zimmerpflanzen sollte heute nicht gegossen werden;<\/td>\n<\/tr>\n<tr valign=\"TOP\">\n<td width=\"27\" height=\"26\">12. Feb 23<\/td>\n<td width=\"547\">Das Rasenm\u00e4hen ist heute sehr effektiv; Zimmer- und Balkonpflanzen k\u00f6nnen heute wieder bew\u00e4ssert werden;<\/td>\n<\/tr>\n<tr valign=\"TOP\">\n<td width=\"27\" height=\"26\">13. Feb 23<\/td>\n<td width=\"547\">Das Rasenm\u00e4hen ist heute sehr effektiv; Zimmer- und Balkonpflanzen k\u00f6nnen heute wieder bew\u00e4ssert werden;<\/td>\n<\/tr>\n<tr valign=\"TOP\">\n<td width=\"27\" height=\"26\">14. Feb 23<\/td>\n<td width=\"547\">Guter Zeitpunkt, um Obst zu ernten, zu sammeln und einzufrieren;<\/td>\n<\/tr>\n<tr valign=\"TOP\">\n<td width=\"27\" height=\"27\">15. Feb 23<\/td>\n<td width=\"547\">Guter Zeitpunkt, um Obst zu ernten, zu sammeln und zu lagern und einzufrieren;<\/td>\n<\/tr>\n<tr valign=\"TOP\">\n<td width=\"27\" height=\"26\">16. Feb 23<\/td>\n<td width=\"547\">Guter Zeitpunkt, um Obst zu ernten, zu sammeln und zu lagern; f\u00fcr das J\u00e4ten von Unkraut ist ein guter Tag; Auch Wurzelgem\u00fcsen kann gesammelt und konserviert werden; Anpflanzung und Aussaat von Wurzelgem\u00fcse;<\/td>\n<\/tr>\n<tr valign=\"TOP\">\n<td width=\"27\" height=\"25\">17. Feb 23<\/td>\n<td width=\"547\">Guter Zeitpunkt, um Obst zu ernten, zu sammeln und zu lagern; f\u00fcr das J\u00e4ten von Unkraut ist ein guter Tag; Auch Wurzelgem\u00fcsen kann gesammelt und konserviert werden; Anpflanzung und Aussaat von Wurzelgem\u00fcse;<\/td>\n<\/tr>\n<tr valign=\"TOP\">\n<td width=\"27\" height=\"27\">18. Feb 23<\/td>\n<td width=\"547\">Die Ernte, das Sammeln und das Lagern von Obst ist gut; Balkon- und Zimmerpflanzen sollten nicht gegossen werden;<\/td>\n<\/tr>\n<tr valign=\"TOP\">\n<td width=\"27\" height=\"25\">19. Feb 23<\/td>\n<td width=\"547\">Die Ernte, das Sammeln und das Lagern von Obst ist gut; Balkon- und Zimmerpflanzen sollten nicht gegossen werden;<\/td>\n<\/tr>\n<tr valign=\"TOP\">\n<td width=\"27\" height=\"26\">20. Feb 23<\/td>\n<td width=\"547\">Kein g\u00fcnstiger Zeitpunkt, um Obst zu ernten und zu lagern; Balkon- und Zimmerpflanzen k\u00f6nnen bew\u00e4ssert werden und Rasenm\u00e4hen ist heute ebenfalls effektiv;<\/td>\n<\/tr>\n<tr valign=\"TOP\">\n<td width=\"27\" height=\"26\">21. Feb 23<\/td>\n<td width=\"547\">Kein g\u00fcnstiger Zeitpunkt, um Obst zu ernten und zu lagern; Balkon- und Zimmerpflanzen k\u00f6nnen bew\u00e4ssert werden und Rasenm\u00e4hen ist heute ebenfalls effektiv; Aussaat und Anpflanzung von Blattgem\u00fcse;<\/td>\n<\/tr>\n<tr valign=\"TOP\">\n<td width=\"27\" height=\"25\">22. Feb 23<\/td>\n<td width=\"547\">Heute ist Obsttag und das Ernten, Sammeln, Lagern und Konservieren ist perfekt; auch Obstpflanzen k\u00f6nnen ausges\u00e4t und angepflanzt werden;<\/td>\n<\/tr>\n<tr valign=\"TOP\">\n<td width=\"27\" height=\"27\">23. Feb 23<\/td>\n<td width=\"547\">Heute ist Obsttag und das Ernten, Sammeln, Lagern und Konservieren ist perfekt; auch Obstpflanzen k\u00f6nnen ausges\u00e4t und angepflanzt werden;<\/td>\n<\/tr>\n<tr valign=\"TOP\">\n<td width=\"27\" height=\"26\">24. Feb 23<\/td>\n<td width=\"547\">Die Ernte und Sammlung von Obst und Wurzelgem\u00fcse sowie die Lagerung sind sehr gut;<\/td>\n<\/tr>\n<tr valign=\"TOP\">\n<td width=\"27\" height=\"25\">25. Feb 23<\/td>\n<td width=\"547\">Die Ernte und Sammlung von Obst und Wurzelgem\u00fcse sowie die Lagerung sind sehr gut;<\/td>\n<\/tr>\n<tr valign=\"TOP\">\n<td width=\"27\" height=\"25\">26. Feb 23<\/td>\n<td width=\"547\">Die Ernte und Sammlung von Obst und Wurzelgem\u00fcse sowie die Lagerung sind sehr gut;<\/td>\n<\/tr>\n<tr valign=\"TOP\">\n<td width=\"27\" height=\"25\">27. Feb 23<\/td>\n<td width=\"547\">Auf das Gie\u00dfen von Balkon- und Zimmerpflanzen verzichten; Blumen und bl\u00fchende Kr\u00e4uter k\u00f6nnen angepflanzt oder ausges\u00e4t werden;<\/td>\n<\/tr>\n<tr valign=\"TOP\">\n<td width=\"27\" height=\"24\">28. Feb 23<\/td>\n<td width=\"547\">Auf das Gie\u00dfen von Balkon- und Zimmerpflanzen verzichten; Blumen und bl\u00fchende Kr\u00e4uter k\u00f6nnen angepflanzt oder ausges\u00e4t werden;<\/td>\n<\/tr>\n<\/tbody>\n<\/table>\n<h2 class=\"western\">Hausarbeiten im Februar nach dem Mondkalender<\/h2>\n<p>Auch die Hausarbeiten k\u00f6nnen Sie, wenn Sie m\u00f6chten, nach dem Mondkalender erledigen.<\/p>\n<p>Die Tage vom 0<span style=\"color: #000000;\"><span style=\"font-family: Calibri, serif;\">1., 04. &#8211; 06., 09. &#8211; 11., 14., 15., 18., 19., 22., 23., 27. und 28. Februar 2023 sind sehr g\u00fcnstig, um die Wohnung oder das Haus zu l\u00fcften. An diesen Tagen kommt Ihnen das Staubwischen deutlich einfacher vor und Sie werden erstaunt sein, wie effektiv das Abstauben heute ist. <\/span><\/span><\/p>\n<p>Steht das Fensterputen an, sollten Sie diese Hausarbeiten auf die Tage vom 0<span style=\"color: #000000;\"><span style=\"font-family: Calibri, serif;\">6., 09. &#8211; 11., 14., 15., 18., 19. Februar legen. Der Grund hierf\u00fcr ist, dass das Fensterputzen deutlich leichter f\u00e4llt und Sie die Scheiben auch streifenfrei putzen k\u00f6nnen. <\/span><\/span><\/p>\n<p>Waschen und Putzen im Allgemeinen sollten Sie zwischen dem 06. und 19. Februar 2023 erledigen. Diese Tage sind perfekt daf\u00fcr geeignet, dass das Waschen und Putzen wesentlich einfacher f\u00e4llt und nicht so anstrengend ist. Zudem ben\u00f6tigen Sie in dieser Zeit signifikant weniger Wasch- und Reinigungsmittel und k\u00f6nnen bares Geld sparen.<\/p>\n<p>In der k\u00fchleren Jahreszeit ist es ja h\u00e4ufig der Fall, dass kleine Sch\u00f6nheitsarbeiten am Haus oder in der Wohnung ausgef\u00fchrt werden. F\u00fcr kleine Anstrich- oder Lackierungsarbeiten durchf\u00fchren m\u00f6chte, sollte sich die Tage vom <span style=\"color: #000000;\"><span style=\"font-family: Calibri, serif;\">7. &#8211; 11., 14. &#8211; 19. Februar vormerken. <\/span><\/span><\/p>\n<p>Wo Anstricharbeiten oder Gartenarbeiten durchgef\u00fchrt werden, tauchen auch Flecken auf der Kleidung auf. Um diese zu entfernen, sind die Tage vom 12. und 13. Februar 2023 besonders gut geeignet. Zum einen ben\u00f6tigen Sie deutlich weniger Fleckenentferner und zum anderen lassen sich die Flecken an diesen beiden Tagen viel besser entfernen. Gleichzeitig wird auch die W\u00e4sche an diesen Tagen viel sauberer. Haben Sie also wei\u00dfe W\u00e4sche, legen Sie das Waschen auf diese beiden Tage, um den Grauschleier zu vermeiden.<\/p>\n<p>Wenn auch Sie noch Tipps und Tricks f\u00fcr Haus- und Gartenarbeit haben, teilen Sie uns dies gerne in den Kommentaren mit. Wir freuen uns darauf.<\/p>\n","protected":false},"excerpt":{"rendered":"<p>Noch sind sich die Wetterg\u00f6tter nicht einig, welches Wetter in diesem Winter noch kommt. W\u00e4hrend einige von der Eispeitsche reden, sagen andere, dass es eher zu warm wird. Im Grunde k\u00f6nnen wir so und so nur abwarten und Sie k\u00f6nnen sich inzwischen schon den Mondkalender f\u00fcr den Februar anschauen. Denn auch hier gibt es einiges zu tun, egal, wie das Wetter jetzt ist. G\u00e4rtnern nach dem Mondkalender im Februar 2023 Der Monat Februar startet damit, dass Sie auf das Gie\u00dfen von Balkon- und Zimmerpflanzen verzichten sollten. Allerdings ist am 01. Februar ein sehr guter Tag, um Blumen und bl\u00fchende Kr\u00e4uter anzupflanzen oder einzus\u00e4en. Am 02. und 03.02.2023 d\u00fcrfen Sie Ihre Pflanzen aber wieder gie\u00dfen. Zudem ist ein hervorragender und effektiver Tag, um Rasen zu m\u00e4hen. Auch die Aussaat und Anpflanzung von Blattgem\u00fcse steht unter einem guten Stern. Auf das D\u00fcngen mit chemischem D\u00fcnger sollten Sie am 04. bis 06. verzichten, da die Pflanzen sonst verbrennen k\u00f6nnten. Daf\u00fcr k\u00f6nnen Sie aber Obstpflanzen auss\u00e4en und anpflanzen oder Obst sammeln und Einfrieren. Insbesondere f\u00fcr das Einfrieren ist heute ein ausgezeichneter Tag. Zudem ist das J\u00e4ten von Unkraut ist am 04. Februar effektiv. Am 07. und 08. Februar ist weder die Ernte noch die [&hellip;]<\/p>\n","protected":false},"author":12,"featured_media":8798,"comment_status":"open","ping_status":"open","sticky":false,"template":"","format":"standard","meta":{"_acf_changed":false,"footnotes":""},"categories":[20],"tags":[],"hersteller":[],"class_list":["post-8793","post","type-post","status-publish","format-standard","has-post-thumbnail","hentry","category-februar"],"acf":[],"yoast_head":"<!-- This site is optimized with the Yoast SEO plugin v27.4 - https:\/\/yoast.com\/product\/yoast-seo-wordpress\/ -->\n<title>Mondkalender Februar 2023 - Samenhaus Gartenblog<\/title>\n<meta name=\"description\" content=\"Im Ferbuar sollte nicht mit dem Blumengie\u00dfen begonnen werden. Daf\u00fcr kann das Haus mal richtig durchgel\u00fcftet werden\" \/>\n<meta name=\"robots\" content=\"index, follow, max-snippet:-1, max-image-preview:large, max-video-preview:-1\" \/>\n<link rel=\"canonical\" href=\"https:\/\/www.samenhaus.de\/gartenblog\/mondkalender-februar-2023\" \/>\n<meta property=\"og:locale\" content=\"de_DE\" \/>\n<meta property=\"og:type\" content=\"article\" \/>\n<meta property=\"og:title\" content=\"Mondkalender Februar 2023 - Samenhaus Gartenblog\" \/>\n<meta property=\"og:description\" content=\"Im Ferbuar sollte nicht mit dem Blumengie\u00dfen begonnen werden. Daf\u00fcr kann das Haus mal richtig durchgel\u00fcftet werden\" \/>\n<meta property=\"og:url\" content=\"https:\/\/www.samenhaus.de\/gartenblog\/mondkalender-februar-2023\" \/>\n<meta property=\"og:site_name\" content=\"Samenhaus Gartenblog\" \/>\n<meta property=\"article:publisher\" content=\"https:\/\/de-de.facebook.com\/samenhaus\" \/>\n<meta property=\"article:published_time\" content=\"2023-02-01T09:00:26+00:00\" \/>\n<meta property=\"article:modified_time\" content=\"2023-08-16T08:27:47+00:00\" \/>\n<meta property=\"og:image\" content=\"https:\/\/www.samenhaus.de\/gartenblog\/wp-content\/uploads\/2023\/01\/AdobeStock_Mondkalender-Februar-scaled.jpg\" \/>\n\t<meta property=\"og:image:width\" content=\"2560\" \/>\n\t<meta property=\"og:image:height\" content=\"977\" \/>\n\t<meta property=\"og:image:type\" content=\"image\/jpeg\" \/>\n<meta name=\"author\" content=\"Stephanie\" \/>\n<meta name=\"twitter:card\" content=\"summary_large_image\" \/>\n<meta name=\"twitter:creator\" content=\"@samenhaus\" \/>\n<meta name=\"twitter:site\" content=\"@samenhaus\" \/>\n<meta name=\"twitter:label1\" content=\"Verfasst von\" \/>\n\t<meta name=\"twitter:data1\" content=\"Stephanie\" \/>\n\t<meta name=\"twitter:label2\" content=\"Gesch\u00e4tzte Lesezeit\" \/>\n\t<meta name=\"twitter:data2\" content=\"9\u00a0Minuten\" \/>\n<script type=\"application\/ld+json\" class=\"yoast-schema-graph\">{\"@context\":\"https:\\\/\\\/schema.org\",\"@graph\":[{\"@type\":\"Article\",\"@id\":\"https:\\\/\\\/www.samenhaus.de\\\/gartenblog\\\/mondkalender-februar-2023#article\",\"isPartOf\":{\"@id\":\"https:\\\/\\\/www.samenhaus.de\\\/gartenblog\\\/mondkalender-februar-2023\"},\"author\":{\"name\":\"Stephanie\",\"@id\":\"https:\\\/\\\/www.samenhaus.de\\\/gartenblog\\\/#\\\/schema\\\/person\\\/97f059f6e72cec571c88cb48b4582118\"},\"headline\":\"Mondkalender Februar 2023\",\"datePublished\":\"2023-02-01T09:00:26+00:00\",\"dateModified\":\"2023-08-16T08:27:47+00:00\",\"mainEntityOfPage\":{\"@id\":\"https:\\\/\\\/www.samenhaus.de\\\/gartenblog\\\/mondkalender-februar-2023\"},\"wordCount\":1500,\"commentCount\":0,\"publisher\":{\"@id\":\"https:\\\/\\\/www.samenhaus.de\\\/gartenblog\\\/#organization\"},\"image\":{\"@id\":\"https:\\\/\\\/www.samenhaus.de\\\/gartenblog\\\/mondkalender-februar-2023#primaryimage\"},\"thumbnailUrl\":\"https:\\\/\\\/www.samenhaus.de\\\/gartenblog\\\/wp-content\\\/uploads\\\/2023\\\/01\\\/AdobeStock_Mondkalender-Februar-scaled.jpg\",\"articleSection\":[\"Februar\"],\"inLanguage\":\"de\",\"potentialAction\":[{\"@type\":\"CommentAction\",\"name\":\"Comment\",\"target\":[\"https:\\\/\\\/www.samenhaus.de\\\/gartenblog\\\/mondkalender-februar-2023#respond\"]}],\"copyrightYear\":\"2023\",\"copyrightHolder\":{\"@id\":\"https:\\\/\\\/www.samenhaus.de\\\/gartenblog\\\/#organization\"}},{\"@type\":\"WebPage\",\"@id\":\"https:\\\/\\\/www.samenhaus.de\\\/gartenblog\\\/mondkalender-februar-2023\",\"url\":\"https:\\\/\\\/www.samenhaus.de\\\/gartenblog\\\/mondkalender-februar-2023\",\"name\":\"Mondkalender Februar 2023 - Samenhaus Gartenblog\",\"isPartOf\":{\"@id\":\"https:\\\/\\\/www.samenhaus.de\\\/gartenblog\\\/#website\"},\"primaryImageOfPage\":{\"@id\":\"https:\\\/\\\/www.samenhaus.de\\\/gartenblog\\\/mondkalender-februar-2023#primaryimage\"},\"image\":{\"@id\":\"https:\\\/\\\/www.samenhaus.de\\\/gartenblog\\\/mondkalender-februar-2023#primaryimage\"},\"thumbnailUrl\":\"https:\\\/\\\/www.samenhaus.de\\\/gartenblog\\\/wp-content\\\/uploads\\\/2023\\\/01\\\/AdobeStock_Mondkalender-Februar-scaled.jpg\",\"datePublished\":\"2023-02-01T09:00:26+00:00\",\"dateModified\":\"2023-08-16T08:27:47+00:00\",\"description\":\"Im Ferbuar sollte nicht mit dem Blumengie\u00dfen begonnen werden. Daf\u00fcr kann das Haus mal richtig durchgel\u00fcftet werden\",\"breadcrumb\":{\"@id\":\"https:\\\/\\\/www.samenhaus.de\\\/gartenblog\\\/mondkalender-februar-2023#breadcrumb\"},\"inLanguage\":\"de\",\"potentialAction\":[{\"@type\":\"ReadAction\",\"target\":[\"https:\\\/\\\/www.samenhaus.de\\\/gartenblog\\\/mondkalender-februar-2023\"]}]},{\"@type\":\"ImageObject\",\"inLanguage\":\"de\",\"@id\":\"https:\\\/\\\/www.samenhaus.de\\\/gartenblog\\\/mondkalender-februar-2023#primaryimage\",\"url\":\"https:\\\/\\\/www.samenhaus.de\\\/gartenblog\\\/wp-content\\\/uploads\\\/2023\\\/01\\\/AdobeStock_Mondkalender-Februar-scaled.jpg\",\"contentUrl\":\"https:\\\/\\\/www.samenhaus.de\\\/gartenblog\\\/wp-content\\\/uploads\\\/2023\\\/01\\\/AdobeStock_Mondkalender-Februar-scaled.jpg\",\"width\":2560,\"height\":977,\"caption\":\"Mondkalender Februar\"},{\"@type\":\"BreadcrumbList\",\"@id\":\"https:\\\/\\\/www.samenhaus.de\\\/gartenblog\\\/mondkalender-februar-2023#breadcrumb\",\"itemListElement\":[{\"@type\":\"ListItem\",\"position\":1,\"name\":\"Startseite\",\"item\":\"https:\\\/\\\/www.samenhaus.de\\\/gartenblog\\\/\"},{\"@type\":\"ListItem\",\"position\":2,\"name\":\"Mondkalender Februar 2023\"}]},{\"@type\":\"WebSite\",\"@id\":\"https:\\\/\\\/www.samenhaus.de\\\/gartenblog\\\/#website\",\"url\":\"https:\\\/\\\/www.samenhaus.de\\\/gartenblog\\\/\",\"name\":\"Samenhaus Gartenblog\",\"description\":\"\",\"publisher\":{\"@id\":\"https:\\\/\\\/www.samenhaus.de\\\/gartenblog\\\/#organization\"},\"potentialAction\":[{\"@type\":\"SearchAction\",\"target\":{\"@type\":\"EntryPoint\",\"urlTemplate\":\"https:\\\/\\\/www.samenhaus.de\\\/gartenblog\\\/?s={search_term_string}\"},\"query-input\":{\"@type\":\"PropertyValueSpecification\",\"valueRequired\":true,\"valueName\":\"search_term_string\"}}],\"inLanguage\":\"de\"},{\"@type\":\"Organization\",\"@id\":\"https:\\\/\\\/www.samenhaus.de\\\/gartenblog\\\/#organization\",\"name\":\"Samenhaus.de Gartenblog\",\"url\":\"https:\\\/\\\/www.samenhaus.de\\\/gartenblog\\\/\",\"logo\":{\"@type\":\"ImageObject\",\"inLanguage\":\"de\",\"@id\":\"https:\\\/\\\/www.samenhaus.de\\\/gartenblog\\\/#\\\/schema\\\/logo\\\/image\\\/\",\"url\":\"https:\\\/\\\/www.samenhaus.de\\\/gartenblog\\\/wp-content\\\/uploads\\\/2020\\\/11\\\/logo.svg\",\"contentUrl\":\"https:\\\/\\\/www.samenhaus.de\\\/gartenblog\\\/wp-content\\\/uploads\\\/2020\\\/11\\\/logo.svg\",\"width\":1,\"height\":1,\"caption\":\"Samenhaus.de Gartenblog\"},\"image\":{\"@id\":\"https:\\\/\\\/www.samenhaus.de\\\/gartenblog\\\/#\\\/schema\\\/logo\\\/image\\\/\"},\"sameAs\":[\"https:\\\/\\\/de-de.facebook.com\\\/samenhaus\",\"https:\\\/\\\/x.com\\\/samenhaus\"]},{\"@type\":\"Person\",\"@id\":\"https:\\\/\\\/www.samenhaus.de\\\/gartenblog\\\/#\\\/schema\\\/person\\\/97f059f6e72cec571c88cb48b4582118\",\"name\":\"Stephanie\",\"image\":{\"@type\":\"ImageObject\",\"inLanguage\":\"de\",\"@id\":\"https:\\\/\\\/www.samenhaus.de\\\/gartenblog\\\/wp-content\\\/uploads\\\/2026\\\/03\\\/stefanie-150x150.png\",\"url\":\"https:\\\/\\\/www.samenhaus.de\\\/gartenblog\\\/wp-content\\\/uploads\\\/2026\\\/03\\\/stefanie-150x150.png\",\"contentUrl\":\"https:\\\/\\\/www.samenhaus.de\\\/gartenblog\\\/wp-content\\\/uploads\\\/2026\\\/03\\\/stefanie-150x150.png\",\"caption\":\"Stephanie\"},\"description\":\"Garten und Pflanzen waren schon immer meine Leidenschaft. Wahrscheinlich deshalb, weil ich damit aufgewachsen bin. Ich verwerte in der Regel alles und mache Lik\u00f6re, Marmeladen und nutze Kr\u00e4uter auch als Heilpflanzen, indem ich \u00d6le und Tinkturen herstelle. Leider habe ich meinen gr\u00fcnen Daumen beim Auswandern nach Spanien in Deutschland vergessen. Langsam kehrt er aber wieder zur\u00fcck und die Anpassung an die neue Klimazone war gar nicht so einfach. Mittlerweile schaffe ich es sogar, dass gekaufter Basilikum \u00fcberlebt.\",\"url\":\"https:\\\/\\\/www.samenhaus.de\\\/gartenblog\\\/author\\\/stephanie\"}]}<\/script>\n<!-- \/ Yoast SEO plugin. -->","yoast_head_json":{"title":"Mondkalender Februar 2023 - Samenhaus Gartenblog","description":"Im Ferbuar sollte nicht mit dem Blumengie\u00dfen begonnen werden. Daf\u00fcr kann das Haus mal richtig durchgel\u00fcftet werden","robots":{"index":"index","follow":"follow","max-snippet":"max-snippet:-1","max-image-preview":"max-image-preview:large","max-video-preview":"max-video-preview:-1"},"canonical":"https:\/\/www.samenhaus.de\/gartenblog\/mondkalender-februar-2023","og_locale":"de_DE","og_type":"article","og_title":"Mondkalender Februar 2023 - Samenhaus Gartenblog","og_description":"Im Ferbuar sollte nicht mit dem Blumengie\u00dfen begonnen werden. Daf\u00fcr kann das Haus mal richtig durchgel\u00fcftet werden","og_url":"https:\/\/www.samenhaus.de\/gartenblog\/mondkalender-februar-2023","og_site_name":"Samenhaus Gartenblog","article_publisher":"https:\/\/de-de.facebook.com\/samenhaus","article_published_time":"2023-02-01T09:00:26+00:00","article_modified_time":"2023-08-16T08:27:47+00:00","og_image":[{"width":2560,"height":977,"url":"https:\/\/www.samenhaus.de\/gartenblog\/wp-content\/uploads\/2023\/01\/AdobeStock_Mondkalender-Februar-scaled.jpg","type":"image\/jpeg"}],"author":"Stephanie","twitter_card":"summary_large_image","twitter_creator":"@samenhaus","twitter_site":"@samenhaus","twitter_misc":{"Verfasst von":"Stephanie","Gesch\u00e4tzte Lesezeit":"9\u00a0Minuten"},"schema":{"@context":"https:\/\/schema.org","@graph":[{"@type":"Article","@id":"https:\/\/www.samenhaus.de\/gartenblog\/mondkalender-februar-2023#article","isPartOf":{"@id":"https:\/\/www.samenhaus.de\/gartenblog\/mondkalender-februar-2023"},"author":{"name":"Stephanie","@id":"https:\/\/www.samenhaus.de\/gartenblog\/#\/schema\/person\/97f059f6e72cec571c88cb48b4582118"},"headline":"Mondkalender Februar 2023","datePublished":"2023-02-01T09:00:26+00:00","dateModified":"2023-08-16T08:27:47+00:00","mainEntityOfPage":{"@id":"https:\/\/www.samenhaus.de\/gartenblog\/mondkalender-februar-2023"},"wordCount":1500,"commentCount":0,"publisher":{"@id":"https:\/\/www.samenhaus.de\/gartenblog\/#organization"},"image":{"@id":"https:\/\/www.samenhaus.de\/gartenblog\/mondkalender-februar-2023#primaryimage"},"thumbnailUrl":"https:\/\/www.samenhaus.de\/gartenblog\/wp-content\/uploads\/2023\/01\/AdobeStock_Mondkalender-Februar-scaled.jpg","articleSection":["Februar"],"inLanguage":"de","potentialAction":[{"@type":"CommentAction","name":"Comment","target":["https:\/\/www.samenhaus.de\/gartenblog\/mondkalender-februar-2023#respond"]}],"copyrightYear":"2023","copyrightHolder":{"@id":"https:\/\/www.samenhaus.de\/gartenblog\/#organization"}},{"@type":"WebPage","@id":"https:\/\/www.samenhaus.de\/gartenblog\/mondkalender-februar-2023","url":"https:\/\/www.samenhaus.de\/gartenblog\/mondkalender-februar-2023","name":"Mondkalender Februar 2023 - Samenhaus Gartenblog","isPartOf":{"@id":"https:\/\/www.samenhaus.de\/gartenblog\/#website"},"primaryImageOfPage":{"@id":"https:\/\/www.samenhaus.de\/gartenblog\/mondkalender-februar-2023#primaryimage"},"image":{"@id":"https:\/\/www.samenhaus.de\/gartenblog\/mondkalender-februar-2023#primaryimage"},"thumbnailUrl":"https:\/\/www.samenhaus.de\/gartenblog\/wp-content\/uploads\/2023\/01\/AdobeStock_Mondkalender-Februar-scaled.jpg","datePublished":"2023-02-01T09:00:26+00:00","dateModified":"2023-08-16T08:27:47+00:00","description":"Im Ferbuar sollte nicht mit dem Blumengie\u00dfen begonnen werden. Daf\u00fcr kann das Haus mal richtig durchgel\u00fcftet werden","breadcrumb":{"@id":"https:\/\/www.samenhaus.de\/gartenblog\/mondkalender-februar-2023#breadcrumb"},"inLanguage":"de","potentialAction":[{"@type":"ReadAction","target":["https:\/\/www.samenhaus.de\/gartenblog\/mondkalender-februar-2023"]}]},{"@type":"ImageObject","inLanguage":"de","@id":"https:\/\/www.samenhaus.de\/gartenblog\/mondkalender-februar-2023#primaryimage","url":"https:\/\/www.samenhaus.de\/gartenblog\/wp-content\/uploads\/2023\/01\/AdobeStock_Mondkalender-Februar-scaled.jpg","contentUrl":"https:\/\/www.samenhaus.de\/gartenblog\/wp-content\/uploads\/2023\/01\/AdobeStock_Mondkalender-Februar-scaled.jpg","width":2560,"height":977,"caption":"Mondkalender Februar"},{"@type":"BreadcrumbList","@id":"https:\/\/www.samenhaus.de\/gartenblog\/mondkalender-februar-2023#breadcrumb","itemListElement":[{"@type":"ListItem","position":1,"name":"Startseite","item":"https:\/\/www.samenhaus.de\/gartenblog\/"},{"@type":"ListItem","position":2,"name":"Mondkalender Februar 2023"}]},{"@type":"WebSite","@id":"https:\/\/www.samenhaus.de\/gartenblog\/#website","url":"https:\/\/www.samenhaus.de\/gartenblog\/","name":"Samenhaus Gartenblog","description":"","publisher":{"@id":"https:\/\/www.samenhaus.de\/gartenblog\/#organization"},"potentialAction":[{"@type":"SearchAction","target":{"@type":"EntryPoint","urlTemplate":"https:\/\/www.samenhaus.de\/gartenblog\/?s={search_term_string}"},"query-input":{"@type":"PropertyValueSpecification","valueRequired":true,"valueName":"search_term_string"}}],"inLanguage":"de"},{"@type":"Organization","@id":"https:\/\/www.samenhaus.de\/gartenblog\/#organization","name":"Samenhaus.de Gartenblog","url":"https:\/\/www.samenhaus.de\/gartenblog\/","logo":{"@type":"ImageObject","inLanguage":"de","@id":"https:\/\/www.samenhaus.de\/gartenblog\/#\/schema\/logo\/image\/","url":"https:\/\/www.samenhaus.de\/gartenblog\/wp-content\/uploads\/2020\/11\/logo.svg","contentUrl":"https:\/\/www.samenhaus.de\/gartenblog\/wp-content\/uploads\/2020\/11\/logo.svg","width":1,"height":1,"caption":"Samenhaus.de Gartenblog"},"image":{"@id":"https:\/\/www.samenhaus.de\/gartenblog\/#\/schema\/logo\/image\/"},"sameAs":["https:\/\/de-de.facebook.com\/samenhaus","https:\/\/x.com\/samenhaus"]},{"@type":"Person","@id":"https:\/\/www.samenhaus.de\/gartenblog\/#\/schema\/person\/97f059f6e72cec571c88cb48b4582118","name":"Stephanie","image":{"@type":"ImageObject","inLanguage":"de","@id":"https:\/\/www.samenhaus.de\/gartenblog\/wp-content\/uploads\/2026\/03\/stefanie-150x150.png","url":"https:\/\/www.samenhaus.de\/gartenblog\/wp-content\/uploads\/2026\/03\/stefanie-150x150.png","contentUrl":"https:\/\/www.samenhaus.de\/gartenblog\/wp-content\/uploads\/2026\/03\/stefanie-150x150.png","caption":"Stephanie"},"description":"Garten und Pflanzen waren schon immer meine Leidenschaft. Wahrscheinlich deshalb, weil ich damit aufgewachsen bin. Ich verwerte in der Regel alles und mache Lik\u00f6re, Marmeladen und nutze Kr\u00e4uter auch als Heilpflanzen, indem ich \u00d6le und Tinkturen herstelle. Leider habe ich meinen gr\u00fcnen Daumen beim Auswandern nach Spanien in Deutschland vergessen. Langsam kehrt er aber wieder zur\u00fcck und die Anpassung an die neue Klimazone war gar nicht so einfach. Mittlerweile schaffe ich es sogar, dass gekaufter Basilikum \u00fcberlebt.","url":"https:\/\/www.samenhaus.de\/gartenblog\/author\/stephanie"}]}},"wp-worthy-pixel":{"ignored":false,"public":"a3a7bdfcb1314d908d6b137032d04a1a","server":"vg08.met.vgwort.de","url":"https:\/\/vg08.met.vgwort.de\/na\/a3a7bdfcb1314d908d6b137032d04a1a"},"wp-worthy-type":"normal","_links":{"self":[{"href":"https:\/\/www.samenhaus.de\/gartenblog\/wp-json\/wp\/v2\/posts\/8793","targetHints":{"allow":["GET"]}}],"collection":[{"href":"https:\/\/www.samenhaus.de\/gartenblog\/wp-json\/wp\/v2\/posts"}],"about":[{"href":"https:\/\/www.samenhaus.de\/gartenblog\/wp-json\/wp\/v2\/types\/post"}],"author":[{"embeddable":true,"href":"https:\/\/www.samenhaus.de\/gartenblog\/wp-json\/wp\/v2\/users\/12"}],"replies":[{"embeddable":true,"href":"https:\/\/www.samenhaus.de\/gartenblog\/wp-json\/wp\/v2\/comments?post=8793"}],"version-history":[{"count":7,"href":"https:\/\/www.samenhaus.de\/gartenblog\/wp-json\/wp\/v2\/posts\/8793\/revisions"}],"predecessor-version":[{"id":13077,"href":"https:\/\/www.samenhaus.de\/gartenblog\/wp-json\/wp\/v2\/posts\/8793\/revisions\/13077"}],"wp:featuredmedia":[{"embeddable":true,"href":"https:\/\/www.samenhaus.de\/gartenblog\/wp-json\/wp\/v2\/media\/8798"}],"wp:attachment":[{"href":"https:\/\/www.samenhaus.de\/gartenblog\/wp-json\/wp\/v2\/media?parent=8793"}],"wp:term":[{"taxonomy":"category","embeddable":true,"href":"https:\/\/www.samenhaus.de\/gartenblog\/wp-json\/wp\/v2\/categories?post=8793"},{"taxonomy":"post_tag","embeddable":true,"href":"https:\/\/www.samenhaus.de\/gartenblog\/wp-json\/wp\/v2\/tags?post=8793"},{"taxonomy":"hersteller","embeddable":true,"href":"https:\/\/www.samenhaus.de\/gartenblog\/wp-json\/wp\/v2\/hersteller?post=8793"}],"curies":[{"name":"wp","href":"https:\/\/api.w.org\/{rel}","templated":true}]}}