{"id":9242,"date":"2023-04-01T15:00:29","date_gmt":"2023-04-01T15:00:29","guid":{"rendered":"https:\/\/www.samenhaus.de\/gartenblog\/?p=9242"},"modified":"2023-08-16T11:16:24","modified_gmt":"2023-08-16T11:16:24","slug":"aussaat-im-april-es-gibt-viel-zu-tun","status":"publish","type":"post","link":"https:\/\/www.samenhaus.de\/gartenblog\/aussaat-im-april-es-gibt-viel-zu-tun","title":{"rendered":"Aussaat im April \u2013 es gibt viel zu tun"},"content":{"rendered":"<p lang=\"de-DE\">Sie m\u00f6chten frisches Gem\u00fcse, frische Kr\u00e4uter, frischen Salat und nat\u00fcrlich tolle Blumen \u2013 wir verraten Ihnen, was Sie jetzt im April daf\u00fcr tun sollten. Mit vielen Sorten k\u00f6nnen Sie bereits ab Januar in Vorkultur gehen. Wenn Sie lieber direkt drau\u00dfen ans\u00e4en, dann gibt es im April ebenfalls schon einiges zu tun. Zahlreiche Pflanzen werden ja nicht nur in einem Monat ges\u00e4t, die Aussaat zieht sich \u00fcber mehrere Monate hin. Was im April auf Sie wartet, wo Sie welche Samen ausbringen k\u00f6nnen, das zeigt Ihnen unsere Aussaat-\u00dcbersicht.<\/p>\n<h2 lang=\"de-DE\"><span class=\"ez-toc-section\" id=\"Aussaat_im_April_%E2%80%93_Gemuese_und_Salate_fuer_draussen\"><\/span>Aussaat im April \u2013 Gem\u00fcse und Salate f\u00fcr drau\u00dfen<span class=\"ez-toc-section-end\"><\/span><\/h2>\n<p lang=\"de-DE\">Sie m\u00f6chten nicht in Vorkultur gehen, sondern die Gem\u00fcse- und Salatsamen direkt im Gem\u00fcsebeet im Garten s\u00e4en? Dann sagen wir Ihnen, welche Sorten jetzt dran sind. Denken Sie daran, die Beete entsprechend vorzubereiten. Dazu geh\u00f6ren das Auflockern, das Entfernen von Unkr\u00e4utern und das Anreichern der Erde mit N\u00e4hrstoffen. Letzteres k\u00f6nnen Sie bereits im Herbst mit einer Gr\u00fcnd\u00fcngung tun. Achten Sie darauf, dass die Pflanzen noch vor dem Winter wachsen. Dann k\u00f6nnen sie diese noch schneiden und in den Boden einarbeiten. Zu den schnellwachsenden Pflanzen, die sich als Gr\u00fcnd\u00fcngung eignen, geh\u00f6ren zum Beispiel Vogelmiere, Lupine, Klee, Erbsen, Wicken und Phacelia.<\/p>\n<table class=\"custom-table-1\" width=\"100%\" cellspacing=\"0\" cellpadding=\"4\">\n<tbody>\n<tr valign=\"TOP\">\n<td width=\"101\">\n<p lang=\"de-DE\"><strong>Gem\u00fcsesorte<\/strong><\/p>\n<\/td>\n<td width=\"109\">\n<p lang=\"de-DE\"><strong>Standort<\/strong><\/p>\n<\/td>\n<td width=\"109\">\n<p lang=\"de-DE\"><strong>Pflanzabstand<\/strong><\/p>\n<\/td>\n<td width=\"109\">\n<p lang=\"de-DE\"><strong>Ernte<\/strong><\/p>\n<\/td>\n<td width=\"109\">\n<p lang=\"de-DE\"><strong>Pflege<\/strong><\/p>\n<\/td>\n<\/tr>\n<tr valign=\"TOP\">\n<td width=\"101\"><\/td>\n<td width=\"109\"><\/td>\n<td width=\"109\"><\/td>\n<td width=\"109\"><\/td>\n<td width=\"109\"><\/td>\n<\/tr>\n<tr valign=\"TOP\">\n<td width=\"101\">\n<p lang=\"de-DE\">Blumenkohl<\/p>\n<\/td>\n<td width=\"109\">\n<p lang=\"de-DE\">Sonne<\/p>\n<\/td>\n<td width=\"109\">\n<p lang=\"de-DE\">60 cm<\/p>\n<\/td>\n<td width=\"109\">\n<p lang=\"de-DE\">Ab Juli<\/p>\n<\/td>\n<td width=\"109\">\n<ul>\n<li>\n<p lang=\"de-DE\">Gut gie\u00dfen<\/p>\n<\/li>\n<li>\n<p lang=\"de-DE\">Regelm\u00e4\u00dfig d\u00fcngen<\/p>\n<\/li>\n<li>\n<p lang=\"de-DE\">Kompost oder Mist einarbeiten<\/p>\n<\/li>\n<\/ul>\n<\/td>\n<\/tr>\n<tr valign=\"TOP\">\n<td width=\"101\">\n<p lang=\"de-DE\">Chinakohl<\/p>\n<\/td>\n<td width=\"109\">\n<p lang=\"de-DE\">Sonne bis Halbschatten<\/p>\n<\/td>\n<td width=\"109\">\n<p lang=\"de-DE\">40 cm<\/p>\n<\/td>\n<td width=\"109\">\n<p lang=\"de-DE\">Ab Juni<\/p>\n<\/td>\n<td width=\"109\">\n<ul>\n<li>\n<p lang=\"de-DE\">Gut gie\u00dfen<\/p>\n<\/li>\n<li>\n<p lang=\"de-DE\">Keine Staun\u00e4sse<\/p>\n<\/li>\n<li>\n<p lang=\"de-DE\">Regelm\u00e4\u00dfig d\u00fcngen<\/p>\n<\/li>\n<li>\n<p lang=\"de-DE\">Windgesch\u00fctzt anpflanzen<\/p>\n<\/li>\n<\/ul>\n<\/td>\n<\/tr>\n<tr valign=\"TOP\">\n<td width=\"101\">\n<p lang=\"de-DE\">Eisbergsalat<\/p>\n<\/td>\n<td width=\"109\">\n<p lang=\"de-DE\">Sonne bis Halbschatten<\/p>\n<\/td>\n<td width=\"109\">\n<p lang=\"de-DE\">40 cm<\/p>\n<\/td>\n<td width=\"109\">\n<p lang=\"de-DE\">Ab Juni<\/p>\n<\/td>\n<td width=\"109\">\n<ul>\n<li>\n<p lang=\"de-DE\">Regelm\u00e4\u00dfig gie\u00dfen<\/p>\n<\/li>\n<li>\n<p lang=\"de-DE\">Mit Brennnesseljauche d\u00fcngen<\/p>\n<\/li>\n<li>\n<p lang=\"de-DE\">Staun\u00e4sse vermeiden<\/p>\n<\/li>\n<\/ul>\n<\/td>\n<\/tr>\n<tr valign=\"TOP\">\n<td width=\"101\">\n<p lang=\"de-DE\">Endiviensalat<\/p>\n<\/td>\n<td width=\"109\">\n<p lang=\"de-DE\">Sonne<\/p>\n<\/td>\n<td width=\"109\">\n<p lang=\"de-DE\">30 cm<\/p>\n<\/td>\n<td width=\"109\">\n<p lang=\"de-DE\">Ab Juli<\/p>\n<\/td>\n<td width=\"109\">\n<ul>\n<li>\n<p lang=\"de-DE\">Gut gie\u00dfen<\/p>\n<\/li>\n<li>\n<p lang=\"de-DE\">Staun\u00e4sse vermeiden<\/p>\n<\/li>\n<\/ul>\n<\/td>\n<\/tr>\n<tr valign=\"TOP\">\n<td width=\"101\">\n<p lang=\"de-DE\">Erbsen<\/p>\n<\/td>\n<td width=\"109\">\n<p lang=\"de-DE\">Sonne<\/p>\n<\/td>\n<td width=\"109\">\n<p lang=\"de-DE\">8 bis 10 cm<\/p>\n<\/td>\n<td width=\"109\">\n<p lang=\"de-DE\">Ab Juli<\/p>\n<\/td>\n<td width=\"109\">\n<ul>\n<li>\n<p lang=\"de-DE\">Nach Bl\u00fcte gut gie\u00dfen<\/p>\n<\/li>\n<li>\n<p lang=\"de-DE\">An Rankhilfe denken<\/p>\n<\/li>\n<\/ul>\n<\/td>\n<\/tr>\n<tr valign=\"TOP\">\n<td width=\"101\">\n<p lang=\"de-DE\">Feldsalat<\/p>\n<\/td>\n<td width=\"109\">\n<p lang=\"de-DE\">Sonne<\/p>\n<\/td>\n<td width=\"109\">\n<p lang=\"de-DE\">5 cm<\/p>\n<\/td>\n<td width=\"109\">\n<p lang=\"de-DE\">Ab April<\/p>\n<\/td>\n<td width=\"109\">\n<ul>\n<li>\n<p lang=\"de-DE\">M\u00e4\u00dfig gie\u00dfen<\/p>\n<\/li>\n<li>\n<p lang=\"de-DE\">Muss nicht ged\u00fcngt werden<\/p>\n<\/li>\n<\/ul>\n<\/td>\n<\/tr>\n<tr valign=\"TOP\">\n<td width=\"101\">\n<p lang=\"de-DE\">Fenchel<\/p>\n<\/td>\n<td width=\"109\">\n<p lang=\"de-DE\">Sonne<\/p>\n<\/td>\n<td width=\"109\">\n<p lang=\"de-DE\">30 cm<\/p>\n<\/td>\n<td width=\"109\">\n<p lang=\"de-DE\">Ab Juni<\/p>\n<\/td>\n<td width=\"109\">\n<ul>\n<li>\n<p lang=\"de-DE\">Feucht halten<\/p>\n<\/li>\n<li>\n<p lang=\"de-DE\">D\u00fcngen nicht zwingend n\u00f6tig<\/p>\n<\/li>\n<li>\n<p lang=\"de-DE\">Unkrautfrei halten<\/p>\n<\/li>\n<\/ul>\n<\/td>\n<\/tr>\n<tr valign=\"TOP\">\n<td width=\"101\">\n<p lang=\"de-DE\">Fr\u00fchlingszwiebeln<\/p>\n<\/td>\n<td width=\"109\">\n<p lang=\"de-DE\">Sonne<\/p>\n<\/td>\n<td width=\"109\">\n<p lang=\"de-DE\">3 bis 4 cm<\/p>\n<\/td>\n<td width=\"109\">\n<p lang=\"de-DE\">Ab Juni<\/p>\n<\/td>\n<td width=\"109\">\n<ul>\n<li>\n<p lang=\"de-DE\">Feucht halten<\/p>\n<\/li>\n<li>\n<p lang=\"de-DE\">M\u00e4\u00dfig d\u00fcngen<\/p>\n<\/li>\n<li>\n<p lang=\"de-DE\">Unkraut entfernen<\/p>\n<\/li>\n<\/ul>\n<\/td>\n<\/tr>\n<tr valign=\"TOP\">\n<td width=\"101\">\n<p lang=\"de-DE\">Karotten<\/p>\n<\/td>\n<td width=\"109\">\n<p lang=\"de-DE\">Sonne<\/p>\n<\/td>\n<td width=\"109\">\n<p lang=\"de-DE\">5 cm<\/p>\n<\/td>\n<td width=\"109\">\n<p lang=\"de-DE\">Ab Juni<\/p>\n<\/td>\n<td width=\"109\">\n<ul>\n<li>\n<p lang=\"de-DE\">Gut feucht halten<\/p>\n<\/li>\n<li>\n<p lang=\"de-DE\">Boden lockern<\/p>\n<\/li>\n<li>\n<p lang=\"de-DE\">Kompost aufbringen<\/p>\n<\/li>\n<\/ul>\n<\/td>\n<\/tr>\n<tr valign=\"TOP\">\n<td width=\"101\">\n<p lang=\"de-DE\">Kartoffeln<\/p>\n<\/td>\n<td width=\"109\">\n<p lang=\"de-DE\">Sonne<\/p>\n<\/td>\n<td width=\"109\">\n<p lang=\"de-DE\">40 cm<\/p>\n<\/td>\n<td width=\"109\">\n<p lang=\"de-DE\">Ab Juli<\/p>\n<\/td>\n<td width=\"109\">\n<ul>\n<li>\n<p lang=\"de-DE\">Regelm\u00e4\u00dfig gie\u00dfen<\/p>\n<\/li>\n<li>\n<p lang=\"de-DE\">Keine Staun\u00e4sse<\/p>\n<\/li>\n<li>\n<p lang=\"de-DE\">Immer wieder anh\u00e4ufeln<\/p>\n<\/li>\n<li>\n<p lang=\"de-DE\">Regelm\u00e4\u00dfig d\u00fcngen<\/p>\n<\/li>\n<\/ul>\n<\/td>\n<\/tr>\n<tr valign=\"TOP\">\n<td width=\"101\">\n<p lang=\"de-DE\">Knoblauch<\/p>\n<\/td>\n<td width=\"109\">\n<p lang=\"de-DE\">Sonne<\/p>\n<\/td>\n<td width=\"109\">\n<p lang=\"de-DE\">10 bis 15 cm<\/p>\n<\/td>\n<td width=\"109\">\n<p lang=\"de-DE\">Ab Juni<\/p>\n<\/td>\n<td width=\"109\">\n<ul>\n<li>\n<p lang=\"de-DE\">Wenig gie\u00dfen<\/p>\n<\/li>\n<li>\n<p lang=\"de-DE\">Keine Staun\u00e4sse<\/p>\n<\/li>\n<li>\n<p lang=\"de-DE\">D\u00fcngen nicht notwendig<\/p>\n<\/li>\n<li>\n<p lang=\"de-DE\">Unkrautfrei halten<\/p>\n<\/li>\n<\/ul>\n<\/td>\n<\/tr>\n<tr valign=\"TOP\">\n<td width=\"101\">\n<p lang=\"de-DE\">Knollensellerie<\/p>\n<\/td>\n<td width=\"109\">\n<p lang=\"de-DE\">Sonne<\/p>\n<\/td>\n<td width=\"109\">\n<p lang=\"de-DE\">30 bis 40 cm<\/p>\n<\/td>\n<td width=\"109\">\n<p lang=\"de-DE\">Ab September<\/p>\n<\/td>\n<td width=\"109\">\n<ul>\n<li>\n<p lang=\"de-DE\">Gut gie\u00dfen<\/p>\n<\/li>\n<li>\n<p lang=\"de-DE\">Regelm\u00e4\u00dfig d\u00fcngen<\/p>\n<\/li>\n<li>\n<p lang=\"de-DE\">Kompost ausbringen<\/p>\n<\/li>\n<\/ul>\n<\/td>\n<\/tr>\n<tr valign=\"TOP\">\n<td width=\"101\">\n<p lang=\"de-DE\">Kohlrabi<\/p>\n<\/td>\n<td width=\"109\">\n<p lang=\"de-DE\">Sonne bis Halbschatten<\/p>\n<\/td>\n<td width=\"109\">\n<p lang=\"de-DE\">25 cm<\/p>\n<\/td>\n<td width=\"109\">\n<p lang=\"de-DE\">Ab Juli<\/p>\n<\/td>\n<td width=\"109\">\n<ul>\n<li>\n<p lang=\"de-DE\">Regelm\u00e4\u00dfig gie\u00dfen<\/p>\n<\/li>\n<li>\n<p lang=\"de-DE\">Boden mulchen<\/p>\n<\/li>\n<li>\n<p lang=\"de-DE\">Regelm\u00e4\u00dfig d\u00fcngen<\/p>\n<\/li>\n<li>\n<p lang=\"de-DE\">Pflanzenjauche ausbringen<\/p>\n<\/li>\n<\/ul>\n<\/td>\n<\/tr>\n<tr valign=\"TOP\">\n<td width=\"101\">\n<p lang=\"de-DE\">Kopfsalat<\/p>\n<\/td>\n<td width=\"109\">\n<p lang=\"de-DE\">Sonne<\/p>\n<\/td>\n<td width=\"109\">\n<p lang=\"de-DE\">30 cm<\/p>\n<\/td>\n<td width=\"109\">\n<p lang=\"de-DE\">Ab Mai<\/p>\n<\/td>\n<td width=\"109\">\n<ul>\n<li>\n<p lang=\"de-DE\">Feucht halten<\/p>\n<\/li>\n<li>\n<p lang=\"de-DE\">Kompost ausbringen<\/p>\n<\/li>\n<li>\n<p lang=\"de-DE\">Wenig d\u00fcngen<\/p>\n<\/li>\n<\/ul>\n<\/td>\n<\/tr>\n<tr valign=\"TOP\">\n<td width=\"101\">\n<p lang=\"de-DE\">K\u00fcrbis<\/p>\n<\/td>\n<td width=\"109\">\n<p lang=\"de-DE\">Sonne<\/p>\n<\/td>\n<td width=\"109\">\n<p lang=\"de-DE\">150 cm<\/p>\n<\/td>\n<td width=\"109\">\n<p lang=\"de-DE\">Ab August<\/p>\n<\/td>\n<td width=\"109\">\n<ul>\n<li>\n<p lang=\"de-DE\">Gut gie\u00dfen<\/p>\n<\/li>\n<li>\n<p lang=\"de-DE\">Regelm\u00e4\u00dfig d\u00fcngen<\/p>\n<\/li>\n<li>\n<p lang=\"de-DE\">Wenn zu gro\u00df, Pflanze schneiden<\/p>\n<\/li>\n<\/ul>\n<\/td>\n<\/tr>\n<tr valign=\"TOP\">\n<td width=\"101\">\n<p lang=\"de-DE\">Lauch<\/p>\n<\/td>\n<td width=\"109\">\n<p lang=\"de-DE\">Sonne bis Halbschatten<\/p>\n<\/td>\n<td width=\"109\">\n<p lang=\"de-DE\">10 cm<\/p>\n<\/td>\n<td width=\"109\">\n<p lang=\"de-DE\">Ab August<\/p>\n<\/td>\n<td width=\"109\">\n<ul>\n<li>\n<p lang=\"de-DE\">Gut gie\u00dfen<\/p>\n<\/li>\n<li>\n<p lang=\"de-DE\">Regelm\u00e4\u00dfig d\u00fcngen<\/p>\n<\/li>\n<li>\n<p lang=\"de-DE\">Unkraut entfernen<\/p>\n<\/li>\n<\/ul>\n<\/td>\n<\/tr>\n<tr valign=\"TOP\">\n<td width=\"101\">\n<p lang=\"de-DE\">Mais<\/p>\n<\/td>\n<td width=\"109\">\n<p lang=\"de-DE\">Sonne<\/p>\n<\/td>\n<td width=\"109\">\n<p lang=\"de-DE\">120 bis 150 cm<\/p>\n<\/td>\n<td width=\"109\">\n<p lang=\"de-DE\">Ab Juni<\/p>\n<\/td>\n<td width=\"109\">\n<ul>\n<li>\n<p lang=\"de-DE\">Gut feucht halten<\/p>\n<\/li>\n<li>\n<p lang=\"de-DE\">Regelm\u00e4\u00dfig d\u00fcngen<\/p>\n<\/li>\n<li>\n<p lang=\"de-DE\">Kompost einarbeiten<\/p>\n<\/li>\n<\/ul>\n<\/td>\n<\/tr>\n<tr valign=\"TOP\">\n<td width=\"101\">\n<p lang=\"de-DE\">Mangold<\/p>\n<\/td>\n<td width=\"109\">\n<p lang=\"de-DE\">Sonne bis Halbschatten<\/p>\n<\/td>\n<td width=\"109\">\n<p lang=\"de-DE\">30 cm<\/p>\n<\/td>\n<td width=\"109\">\n<p lang=\"de-DE\">Ab Juni<\/p>\n<\/td>\n<td width=\"109\">\n<ul>\n<li>\n<p lang=\"de-DE\">Regelm\u00e4\u00dfig gie\u00dfen<\/p>\n<\/li>\n<li>\n<p lang=\"de-DE\">Kompost aufbringen<\/p>\n<\/li>\n<\/ul>\n<\/td>\n<\/tr>\n<tr valign=\"TOP\">\n<td width=\"101\">\n<p lang=\"de-DE\">Pak Choi<\/p>\n<\/td>\n<td width=\"109\">\n<p lang=\"de-DE\">Sonne bis Halbschatten<\/p>\n<\/td>\n<td width=\"109\">\n<p lang=\"de-DE\">25 cm<\/p>\n<\/td>\n<td width=\"109\">\n<p lang=\"de-DE\">Ab Mai<\/p>\n<\/td>\n<td width=\"109\">\n<ul>\n<li>\n<p lang=\"de-DE\">Regelm\u00e4\u00dfig gie\u00dfen<\/p>\n<\/li>\n<li>\n<p lang=\"de-DE\">Keine Staun\u00e4sse<\/p>\n<\/li>\n<li>\n<p lang=\"de-DE\">Boden mulchen<\/p>\n<\/li>\n<li>\n<p lang=\"de-DE\">D\u00fcngen nicht notwendig<\/p>\n<\/li>\n<\/ul>\n<\/td>\n<\/tr>\n<tr valign=\"TOP\">\n<td width=\"101\">\n<p lang=\"de-DE\">Pastinaken<\/p>\n<\/td>\n<td width=\"109\">\n<p lang=\"de-DE\">Sonne<\/p>\n<\/td>\n<td width=\"109\">\n<p lang=\"de-DE\">5 bis 10 cm<\/p>\n<\/td>\n<td width=\"109\">\n<p lang=\"de-DE\">Ab August<\/p>\n<\/td>\n<td width=\"109\">\n<ul>\n<li>\n<p lang=\"de-DE\">Gut feucht halten<\/p>\n<\/li>\n<li>\n<p lang=\"de-DE\">Boden lockern<\/p>\n<\/li>\n<li>\n<p lang=\"de-DE\">Kompost aufbringen<\/p>\n<\/li>\n<li>\n<p lang=\"de-DE\">Unkraut entfernen<\/p>\n<\/li>\n<\/ul>\n<\/td>\n<\/tr>\n<tr valign=\"TOP\">\n<td width=\"101\">\n<p lang=\"de-DE\">Radieschen<\/p>\n<\/td>\n<td width=\"109\">\n<p lang=\"de-DE\">Sonne<\/p>\n<\/td>\n<td width=\"109\">\n<p lang=\"de-DE\">5 cm<\/p>\n<\/td>\n<td width=\"109\">\n<p lang=\"de-DE\">Ab April<\/p>\n<\/td>\n<td width=\"109\">\n<ul>\n<li>\n<p lang=\"de-DE\">Gut gie\u00dfen<\/p>\n<\/li>\n<li>\n<p lang=\"de-DE\">Boden lockern<\/p>\n<\/li>\n<li>\n<p lang=\"de-DE\">Kein Kompost<\/p>\n<\/li>\n<\/ul>\n<\/td>\n<\/tr>\n<tr valign=\"TOP\">\n<td width=\"101\">\n<p lang=\"de-DE\">Rettich<\/p>\n<\/td>\n<td width=\"109\">\n<p lang=\"de-DE\">Sonne bis Halbschatten<\/p>\n<\/td>\n<td width=\"109\">\n<p lang=\"de-DE\">6 bis 8 cm<\/p>\n<\/td>\n<td width=\"109\">\n<p lang=\"de-DE\">Ab April<\/p>\n<\/td>\n<td width=\"109\">\n<ul>\n<li>\n<p lang=\"de-DE\">Ausreichend gie\u00dfen<\/p>\n<\/li>\n<li>\n<p lang=\"de-DE\">Unkraut entfernen<\/p>\n<\/li>\n<li>\n<p lang=\"de-DE\">Kompost aufbringen<\/p>\n<\/li>\n<\/ul>\n<\/td>\n<\/tr>\n<tr valign=\"TOP\">\n<td width=\"101\">\n<p lang=\"de-DE\">R\u00f6mersalat<\/p>\n<\/td>\n<td width=\"109\">\n<p lang=\"de-DE\">Sonne<\/p>\n<\/td>\n<td width=\"109\">\n<p lang=\"de-DE\">25 cm<\/p>\n<\/td>\n<td width=\"109\">\n<p lang=\"de-DE\">Ab Juni<\/p>\n<\/td>\n<td width=\"109\">\n<ul>\n<li>\n<p lang=\"de-DE\">Regelm\u00e4\u00dfig gie\u00dfen<\/p>\n<\/li>\n<li>\n<p lang=\"de-DE\">D\u00fcngen nicht notwendig<\/p>\n<\/li>\n<\/ul>\n<\/td>\n<\/tr>\n<tr valign=\"TOP\">\n<td width=\"101\">\n<p lang=\"de-DE\">Romanesco<\/p>\n<\/td>\n<td width=\"109\">\n<p lang=\"de-DE\">Sonne<\/p>\n<\/td>\n<td width=\"109\">\n<p lang=\"de-DE\">60 cm<\/p>\n<\/td>\n<td width=\"109\">\n<p lang=\"de-DE\">Ab Juli<\/p>\n<\/td>\n<td width=\"109\">\n<ul>\n<li>\n<p lang=\"de-DE\">Gut gie\u00dfen<\/p>\n<\/li>\n<li>\n<p lang=\"de-DE\">Regelm\u00e4\u00dfig d\u00fcngen<\/p>\n<\/li>\n<li>\n<p lang=\"de-DE\">Kompost oder Gr\u00fcnd\u00fcngung<\/p>\n<\/li>\n<li>\n<p lang=\"de-DE\">Unkrautfrei halten<\/p>\n<\/li>\n<\/ul>\n<\/td>\n<\/tr>\n<tr valign=\"TOP\">\n<td width=\"101\">\n<p lang=\"de-DE\">Rote Bete<\/p>\n<\/td>\n<td width=\"109\">\n<p lang=\"de-DE\">Sonne<\/p>\n<\/td>\n<td width=\"109\">\n<p lang=\"de-DE\">10 cm<\/p>\n<\/td>\n<td width=\"109\">\n<p lang=\"de-DE\">Ab Mai<\/p>\n<\/td>\n<td width=\"109\">\n<ul>\n<li>\n<p lang=\"de-DE\">Feucht halten<\/p>\n<\/li>\n<li>\n<p lang=\"de-DE\">Kompost einarbeiten<\/p>\n<\/li>\n<li>\n<p lang=\"de-DE\">Unkraut entfernen<\/p>\n<\/li>\n<\/ul>\n<\/td>\n<\/tr>\n<tr valign=\"TOP\">\n<td width=\"101\">\n<p lang=\"de-DE\">Rotkohl<\/p>\n<\/td>\n<td width=\"109\">\n<p lang=\"de-DE\">Sonne bis Halbschatten<\/p>\n<\/td>\n<td width=\"109\">\n<p lang=\"de-DE\">50 cm<\/p>\n<\/td>\n<td width=\"109\">\n<p lang=\"de-DE\">Ab Juli<\/p>\n<\/td>\n<td width=\"109\">\n<ul>\n<li>\n<p lang=\"de-DE\">Gut gie\u00dfen<\/p>\n<\/li>\n<li>\n<p lang=\"de-DE\">Regelm\u00e4\u00dfig d\u00fcngen<\/p>\n<\/li>\n<li>\n<p lang=\"de-DE\">Kompost einarbeiten<\/p>\n<\/li>\n<li>\n<p lang=\"de-DE\">Boden mulchen<\/p>\n<\/li>\n<\/ul>\n<\/td>\n<\/tr>\n<tr valign=\"TOP\">\n<td width=\"101\">\n<p lang=\"de-DE\">Schalotten<\/p>\n<\/td>\n<td width=\"109\">\n<p lang=\"de-DE\">Sonne<\/p>\n<\/td>\n<td width=\"109\">\n<p lang=\"de-DE\">10 cm<\/p>\n<\/td>\n<td width=\"109\">\n<p lang=\"de-DE\">Ab Juli<\/p>\n<\/td>\n<td width=\"109\">\n<ul>\n<li>\n<p lang=\"de-DE\">Regelm\u00e4\u00dfig gie\u00dfen<\/p>\n<\/li>\n<li>\n<p lang=\"de-DE\">Unkraut entfernen<\/p>\n<\/li>\n<\/ul>\n<\/td>\n<\/tr>\n<tr valign=\"TOP\">\n<td width=\"101\">\n<p lang=\"de-DE\">Schwarzwurzel<\/p>\n<\/td>\n<td width=\"109\">\n<p lang=\"de-DE\">Sonne bis Halbschatten<\/p>\n<\/td>\n<td width=\"109\">\n<p lang=\"de-DE\">7 bis 10 cm<\/p>\n<\/td>\n<td width=\"109\">\n<p lang=\"de-DE\">Ab Oktober<\/p>\n<\/td>\n<td width=\"109\">\n<ul>\n<li>\n<p lang=\"de-DE\">Feucht halten<\/p>\n<\/li>\n<li>\n<p lang=\"de-DE\">Boden lockern<\/p>\n<\/li>\n<li>\n<p lang=\"de-DE\">Unkraut entfernen<\/p>\n<\/li>\n<\/ul>\n<\/td>\n<\/tr>\n<tr valign=\"TOP\">\n<td width=\"101\">\n<p lang=\"de-DE\">Spinat<\/p>\n<\/td>\n<td width=\"109\">\n<p lang=\"de-DE\">Sonne bis Halbschatten<\/p>\n<\/td>\n<td width=\"109\">\n<p lang=\"de-DE\">7 cm<\/p>\n<\/td>\n<td width=\"109\">\n<p lang=\"de-DE\">Ab April<\/p>\n<\/td>\n<td width=\"109\">\n<ul>\n<li>\n<p lang=\"de-DE\">Gut gie\u00dfen<\/p>\n<\/li>\n<li>\n<p lang=\"de-DE\">Nicht d\u00fcngen<\/p>\n<\/li>\n<\/ul>\n<\/td>\n<\/tr>\n<tr valign=\"TOP\">\n<td width=\"101\">\n<p lang=\"de-DE\">Stangensellerie<\/p>\n<\/td>\n<td width=\"109\">\n<p lang=\"de-DE\">Halbschatten bis Schatten<\/p>\n<\/td>\n<td width=\"109\">\n<p lang=\"de-DE\">35 cm<\/p>\n<\/td>\n<td width=\"109\">\n<p lang=\"de-DE\">Ab August<\/p>\n<\/td>\n<td width=\"109\">\n<ul>\n<li>\n<p lang=\"de-DE\">Feucht halten<\/p>\n<\/li>\n<li>\n<p lang=\"de-DE\">Regelm\u00e4\u00dfig d\u00fcngen<\/p>\n<\/li>\n<\/ul>\n<\/td>\n<\/tr>\n<tr valign=\"TOP\">\n<td width=\"101\">\n<p lang=\"de-DE\">Wei\u00dfkohl<\/p>\n<\/td>\n<td width=\"109\">\n<p lang=\"de-DE\">Sonne bis Halbschatten<\/p>\n<\/td>\n<td width=\"109\">\n<p lang=\"de-DE\">50 cm<\/p>\n<\/td>\n<td width=\"109\">\n<p lang=\"de-DE\">Ab Juli<\/p>\n<\/td>\n<td width=\"109\">\n<ul>\n<li>\n<p lang=\"de-DE\">Gut gie\u00dfen<\/p>\n<\/li>\n<li>\n<p lang=\"de-DE\">Regelm\u00e4\u00dfig d\u00fcngen<\/p>\n<\/li>\n<li>\n<p lang=\"de-DE\">Kompost einarbeiten<\/p>\n<\/li>\n<li>\n<p lang=\"de-DE\">Boden mulchen<\/p>\n<\/li>\n<\/ul>\n<\/td>\n<\/tr>\n<tr valign=\"TOP\">\n<td width=\"101\">\n<p lang=\"de-DE\">Wirsing<\/p>\n<\/td>\n<td width=\"109\">\n<p lang=\"de-DE\">Sonne bis Halbschatten<\/p>\n<\/td>\n<td width=\"109\">\n<p lang=\"de-DE\">40 cm<\/p>\n<\/td>\n<td width=\"109\">\n<p lang=\"de-DE\">Ab Juni<\/p>\n<\/td>\n<td width=\"109\">\n<ul>\n<li>\n<p lang=\"de-DE\">Gut gie\u00dfen<\/p>\n<\/li>\n<li>\n<p lang=\"de-DE\">Regelm\u00e4\u00dfig d\u00fcngen<\/p>\n<\/li>\n<li>\n<p lang=\"de-DE\">Kompost einarbeiten<\/p>\n<\/li>\n<li>\n<p lang=\"de-DE\">Boden mulchen<\/p>\n<\/li>\n<\/ul>\n<\/td>\n<\/tr>\n<tr valign=\"TOP\">\n<td width=\"101\">\n<p lang=\"de-DE\">Wurzelpetersilie<\/p>\n<\/td>\n<td width=\"109\">\n<p lang=\"de-DE\">Sonne bis Halbschatten<\/p>\n<\/td>\n<td width=\"109\">\n<p lang=\"de-DE\">25 bis 30 cm<\/p>\n<\/td>\n<td width=\"109\">\n<p lang=\"de-DE\">Ab September<\/p>\n<\/td>\n<td width=\"109\">\n<ul>\n<li>\n<p lang=\"de-DE\">Feucht halten<\/p>\n<\/li>\n<li>\n<p lang=\"de-DE\">Unkraut entfernen<\/p>\n<\/li>\n<li>\n<p lang=\"de-DE\">Nicht d\u00fcngen<\/p>\n<\/li>\n<\/ul>\n<\/td>\n<\/tr>\n<tr valign=\"TOP\">\n<td width=\"101\">\n<p lang=\"de-DE\">Zuckerschoten<\/p>\n<\/td>\n<td width=\"109\">\n<p lang=\"de-DE\">Sonne<\/p>\n<\/td>\n<td width=\"109\">\n<p lang=\"de-DE\">5 cm<\/p>\n<\/td>\n<td width=\"109\">\n<p lang=\"de-DE\">Ab Juni<\/p>\n<\/td>\n<td width=\"109\">\n<ul>\n<li>\n<p lang=\"de-DE\">Regelm\u00e4\u00dfig gie\u00dfen<\/p>\n<\/li>\n<li>\n<p lang=\"de-DE\">D\u00fcngen nicht notwendig<\/p>\n<\/li>\n<li>\n<p lang=\"de-DE\">Erde gut lockern<\/p>\n<\/li>\n<\/ul>\n<\/td>\n<\/tr>\n<tr valign=\"TOP\">\n<td width=\"101\">\n<p lang=\"de-DE\">Zwiebeln<\/p>\n<\/td>\n<td width=\"109\">\n<p lang=\"de-DE\">Sonne<\/p>\n<\/td>\n<td width=\"109\">\n<p lang=\"de-DE\">10 cm<\/p>\n<\/td>\n<td width=\"109\">\n<p lang=\"de-DE\">Ab August<\/p>\n<\/td>\n<td width=\"109\">\n<ul>\n<li>\n<p lang=\"de-DE\">Regelm\u00e4\u00dfig gie\u00dfen<\/p>\n<\/li>\n<li>\n<p lang=\"de-DE\">Unkraut entfernen<\/p>\n<\/li>\n<\/ul>\n<\/td>\n<\/tr>\n<\/tbody>\n<\/table>\n<h2 lang=\"de-DE\"><span class=\"ez-toc-section\" id=\"Aussaat_im_April_%E2%80%93_Kraeuter_fuer_draussen\"><\/span>Aussaat im April \u2013 Kr\u00e4uter f\u00fcr drau\u00dfen<span class=\"ez-toc-section-end\"><\/span><\/h2>\n<p lang=\"de-DE\">Wenn Sie Ihre Kr\u00e4uter ohne Vorkultur direkt ins Beet pflanzen m\u00f6chten, dann k\u00f6nnen Sie im April bereits einiges drau\u00dfen s\u00e4en. Denken Sie daran, dass es noch immer Fr\u00f6ste geben kann, empfindliche Kr\u00e4uter sollten Sie demnach gut sch\u00fctzen oder ins Fr\u00fchbeet s\u00e4en.<\/p>\n<table class=\"custom-table-1\" width=\"100%\" cellspacing=\"0\" cellpadding=\"4\">\n<tbody>\n<tr valign=\"TOP\">\n<td width=\"101\">\n<p lang=\"de-DE\"><strong>Kr\u00e4utersorte<\/strong><\/p>\n<\/td>\n<td width=\"109\">\n<p lang=\"de-DE\"><strong>Standort<\/strong><\/p>\n<\/td>\n<td width=\"109\">\n<p lang=\"de-DE\"><strong>Pflanzabstand<\/strong><\/p>\n<\/td>\n<td width=\"109\">\n<p lang=\"de-DE\"><strong>Ernte<\/strong><\/p>\n<\/td>\n<td width=\"109\">\n<p lang=\"de-DE\"><strong>Pflege<\/strong><\/p>\n<\/td>\n<\/tr>\n<tr valign=\"TOP\">\n<td width=\"101\"><\/td>\n<td width=\"109\"><\/td>\n<td width=\"109\"><\/td>\n<td width=\"109\"><\/td>\n<td width=\"109\"><\/td>\n<\/tr>\n<tr valign=\"TOP\">\n<td width=\"101\">\n<p lang=\"de-DE\">Bohnenkraut<\/p>\n<\/td>\n<td width=\"109\">\n<p lang=\"de-DE\">Sonne<\/p>\n<\/td>\n<td width=\"109\">\n<p lang=\"de-DE\">30 cm<\/p>\n<\/td>\n<td width=\"109\">\n<p lang=\"de-DE\">Ab Mai<\/p>\n<\/td>\n<td width=\"109\">\n<ul>\n<li>\n<p lang=\"de-DE\">M\u00e4\u00dfig gie\u00dfen<\/p>\n<\/li>\n<li>\n<p lang=\"de-DE\">Kompost ausbringen<\/p>\n<\/li>\n<li>\n<p lang=\"de-DE\">Regelm\u00e4\u00dfig schneiden<\/p>\n<\/li>\n<\/ul>\n<\/td>\n<\/tr>\n<tr valign=\"TOP\">\n<td width=\"101\">\n<p lang=\"de-DE\">Dill<\/p>\n<\/td>\n<td width=\"109\">\n<p lang=\"de-DE\">Sonne<\/p>\n<\/td>\n<td width=\"109\">\n<p lang=\"de-DE\">15 cm<\/p>\n<\/td>\n<td width=\"109\">\n<p lang=\"de-DE\">Ab Juni<\/p>\n<\/td>\n<td width=\"109\">\n<ul>\n<li>\n<p lang=\"de-DE\">Feucht halten<\/p>\n<\/li>\n<li>\n<p lang=\"de-DE\">Nicht zwingend d\u00fcngen<\/p>\n<\/li>\n<\/ul>\n<\/td>\n<\/tr>\n<tr valign=\"TOP\">\n<td width=\"101\">\n<p lang=\"de-DE\">Estragon<\/p>\n<\/td>\n<td width=\"109\">\n<p lang=\"de-DE\">Sonne bis Halbschatten<\/p>\n<\/td>\n<td width=\"109\">\n<p lang=\"de-DE\">40 cm<\/p>\n<\/td>\n<td width=\"109\">\n<p lang=\"de-DE\">Ab Juli<\/p>\n<\/td>\n<td width=\"109\">\n<ul>\n<li>\n<p lang=\"de-DE\">Feucht halten<\/p>\n<\/li>\n<li>\n<p lang=\"de-DE\">Wenig d\u00fcngen<\/p>\n<\/li>\n<li>\n<p lang=\"de-DE\">Unkrautfrei halten<\/p>\n<\/li>\n<li>\n<p lang=\"de-DE\">Windgesch\u00fctzt<\/p>\n<\/li>\n<\/ul>\n<\/td>\n<\/tr>\n<tr valign=\"TOP\">\n<td width=\"101\">\n<p lang=\"de-DE\">Kerbel<\/p>\n<\/td>\n<td width=\"109\">\n<p lang=\"de-DE\">Sonne bis Halbschatten<\/p>\n<\/td>\n<td width=\"109\">\n<p lang=\"de-DE\">20 bis 25 cm<\/p>\n<\/td>\n<td width=\"109\">\n<p lang=\"de-DE\">Ab Mai<\/p>\n<\/td>\n<td width=\"109\">\n<ul>\n<li>\n<p lang=\"de-DE\">Feucht halten<\/p>\n<\/li>\n<li>\n<p lang=\"de-DE\">Nicht d\u00fcngen<\/p>\n<\/li>\n<li>\n<p lang=\"de-DE\">Lichtkeimer<\/p>\n<\/li>\n<\/ul>\n<\/td>\n<\/tr>\n<tr valign=\"TOP\">\n<td width=\"101\">\n<p lang=\"de-DE\">Koriander<\/p>\n<\/td>\n<td width=\"109\">\n<p lang=\"de-DE\">Sonne, Halbschatten, Schatten<\/p>\n<\/td>\n<td width=\"109\">\n<p lang=\"de-DE\">20 bis 30 cm<\/p>\n<\/td>\n<td width=\"109\">\n<p lang=\"de-DE\">Ab Mai<\/p>\n<\/td>\n<td width=\"109\">\n<ul>\n<li>\n<p lang=\"de-DE\">Regelm\u00e4\u00dfig gie\u00dfen<\/p>\n<\/li>\n<li>\n<p lang=\"de-DE\">D\u00fcngen nicht notwendig<\/p>\n<\/li>\n<li>\n<p lang=\"de-DE\">Unkraut entfernen<\/p>\n<\/li>\n<\/ul>\n<\/td>\n<\/tr>\n<tr valign=\"TOP\">\n<td width=\"101\">\n<p lang=\"de-DE\">K\u00fcmmel<\/p>\n<\/td>\n<td width=\"109\">\n<p lang=\"de-DE\">Sonne bis Halbschatten<\/p>\n<\/td>\n<td width=\"109\">\n<p lang=\"de-DE\">40 cm<\/p>\n<\/td>\n<td width=\"109\">\n<p lang=\"de-DE\">Ab Juli<\/p>\n<\/td>\n<td width=\"109\">\n<ul>\n<li>\n<p lang=\"de-DE\">Feucht halten<\/p>\n<\/li>\n<li>\n<p lang=\"de-DE\">Keine Staun\u00e4sse<\/p>\n<\/li>\n<li>\n<p lang=\"de-DE\">Regelm\u00e4\u00dfig d\u00fcngen<\/p>\n<\/li>\n<li>\n<p lang=\"de-DE\">Unkrautfrei halten<\/p>\n<\/li>\n<\/ul>\n<\/td>\n<\/tr>\n<tr valign=\"TOP\">\n<td width=\"101\">\n<p lang=\"de-DE\">Liebst\u00f6ckel<\/p>\n<\/td>\n<td width=\"109\">\n<p lang=\"de-DE\">Sonne bis Halbschatten<\/p>\n<\/td>\n<td width=\"109\">\n<p lang=\"de-DE\">30 cm<\/p>\n<\/td>\n<td width=\"109\">\n<p lang=\"de-DE\">Ab April<\/p>\n<\/td>\n<td width=\"109\">\n<ul>\n<li>\n<p lang=\"de-DE\">Feucht halten<\/p>\n<\/li>\n<li>\n<p lang=\"de-DE\">Im Fr\u00fchjahr d\u00fcngen<\/p>\n<\/li>\n<li>\n<p lang=\"de-DE\">Kompost ausbringen<\/p>\n<\/li>\n<\/ul>\n<\/td>\n<\/tr>\n<tr valign=\"TOP\">\n<td width=\"101\">\n<p lang=\"de-DE\">Majoran<\/p>\n<\/td>\n<td width=\"109\">\n<p lang=\"de-DE\">Sonne<\/p>\n<\/td>\n<td width=\"109\">\n<p lang=\"de-DE\">25 cm<\/p>\n<\/td>\n<td width=\"109\">\n<p lang=\"de-DE\">Ab Mai<\/p>\n<\/td>\n<td width=\"109\">\n<ul>\n<li>\n<p lang=\"de-DE\">Wenig gie\u00dfen<\/p>\n<\/li>\n<li>\n<p lang=\"de-DE\">Nicht d\u00fcngen<\/p>\n<\/li>\n<\/ul>\n<\/td>\n<\/tr>\n<tr valign=\"TOP\">\n<td width=\"101\">\n<p lang=\"de-DE\">Oregano<\/p>\n<\/td>\n<td width=\"109\">\n<p lang=\"de-DE\">Sonne<\/p>\n<\/td>\n<td width=\"109\">\n<p lang=\"de-DE\">30 cm<\/p>\n<\/td>\n<td width=\"109\">\n<p lang=\"de-DE\">Ab April<\/p>\n<\/td>\n<td width=\"109\">\n<ul>\n<li>\n<p lang=\"de-DE\">M\u00e4\u00dfig gie\u00dfen<\/p>\n<\/li>\n<li>\n<p lang=\"de-DE\">D\u00fcngen nicht notwendig<\/p>\n<\/li>\n<\/ul>\n<\/td>\n<\/tr>\n<tr valign=\"TOP\">\n<td width=\"101\">\n<p lang=\"de-DE\">Petersilie<\/p>\n<\/td>\n<td width=\"109\">\n<p lang=\"de-DE\">Sonne bis Halbschatten<\/p>\n<\/td>\n<td width=\"109\">\n<p lang=\"de-DE\">20 cm<\/p>\n<\/td>\n<td width=\"109\">\n<p lang=\"de-DE\">Ab Juli<\/p>\n<\/td>\n<td width=\"109\">\n<ul>\n<li>\n<p lang=\"de-DE\">Feucht halten<\/p>\n<\/li>\n<li>\n<p lang=\"de-DE\">Boden lockern<\/p>\n<\/li>\n<li>\n<p lang=\"de-DE\">Nicht zwingend d\u00fcngen<\/p>\n<\/li>\n<\/ul>\n<\/td>\n<\/tr>\n<tr valign=\"TOP\">\n<td width=\"101\">\n<p lang=\"de-DE\">Pfefferminze<\/p>\n<\/td>\n<td width=\"109\">\n<p lang=\"de-DE\">Sonne bis Halbschatten<\/p>\n<\/td>\n<td width=\"109\">\n<p lang=\"de-DE\">30 cm<\/p>\n<\/td>\n<td width=\"109\">\n<p lang=\"de-DE\">Ab Juni<\/p>\n<\/td>\n<td width=\"109\">\n<ul>\n<li>\n<p lang=\"de-DE\">Feucht halten<\/p>\n<\/li>\n<li>\n<p lang=\"de-DE\">D\u00fcngen nicht notwendig<\/p>\n<\/li>\n<li>\n<p lang=\"de-DE\">An Wurzelsperre denken<\/p>\n<\/li>\n<\/ul>\n<\/td>\n<\/tr>\n<tr valign=\"TOP\">\n<td width=\"101\">\n<p lang=\"de-DE\">Rosmarin<\/p>\n<\/td>\n<td width=\"109\">\n<p lang=\"de-DE\">Sonne<\/p>\n<\/td>\n<td width=\"109\">\n<p lang=\"de-DE\">30 bis 40 cm<\/p>\n<\/td>\n<td width=\"109\">\n<p lang=\"de-DE\">Ab Juni<\/p>\n<\/td>\n<td width=\"109\">\n<ul>\n<li>\n<p lang=\"de-DE\">Wenig gie\u00dfen<\/p>\n<\/li>\n<li>\n<p lang=\"de-DE\">Keine Staun\u00e4sse<\/p>\n<\/li>\n<li>\n<p lang=\"de-DE\">Nicht d\u00fcngen<\/p>\n<\/li>\n<\/ul>\n<\/td>\n<\/tr>\n<tr valign=\"TOP\">\n<td width=\"101\">\n<p lang=\"de-DE\">Salbei<\/p>\n<\/td>\n<td width=\"109\">\n<p lang=\"de-DE\">Sonne<\/p>\n<\/td>\n<td width=\"109\">\n<p lang=\"de-DE\">30 bis 40 cm<\/p>\n<\/td>\n<td width=\"109\">\n<p lang=\"de-DE\">Ab Juni<\/p>\n<\/td>\n<td width=\"109\">\n<ul>\n<li>\n<p lang=\"de-DE\">Wenig gie\u00dfen<\/p>\n<\/li>\n<li>\n<p lang=\"de-DE\">Wenig d\u00fcngen<\/p>\n<\/li>\n<\/ul>\n<\/td>\n<\/tr>\n<tr valign=\"TOP\">\n<td width=\"101\">\n<p lang=\"de-DE\">Schnittknoblauch<\/p>\n<\/td>\n<td width=\"109\">\n<p lang=\"de-DE\">Sonne bis Halbschatten<\/p>\n<\/td>\n<td width=\"109\">\n<p lang=\"de-DE\">20 bis 25 cm<\/p>\n<\/td>\n<td width=\"109\">\n<p lang=\"de-DE\">Ab Juni<\/p>\n<\/td>\n<td width=\"109\">\n<ul>\n<li>\n<p lang=\"de-DE\">Feucht halten<\/p>\n<\/li>\n<li>\n<p lang=\"de-DE\">Unkraut entfernen<\/p>\n<\/li>\n<li>\n<p lang=\"de-DE\">Kompost aufbringen<\/p>\n<\/li>\n<\/ul>\n<\/td>\n<\/tr>\n<tr valign=\"TOP\">\n<td width=\"101\">\n<p lang=\"de-DE\">Schnittlauch<\/p>\n<\/td>\n<td width=\"109\">\n<p lang=\"de-DE\">Sonne bis Halbschatten<\/p>\n<\/td>\n<td width=\"109\">\n<p lang=\"de-DE\">15 cm<\/p>\n<\/td>\n<td width=\"109\">\n<p lang=\"de-DE\">Ab April<\/p>\n<\/td>\n<td width=\"109\">\n<ul>\n<li>\n<p lang=\"de-DE\">Gut feucht halten<\/p>\n<\/li>\n<li>\n<p lang=\"de-DE\">Regelm\u00e4\u00dfig d\u00fcngen<\/p>\n<\/li>\n<li>\n<p lang=\"de-DE\">Vor der Bl\u00fcte schneiden<\/p>\n<\/li>\n<\/ul>\n<\/td>\n<\/tr>\n<tr valign=\"TOP\">\n<td width=\"101\">\n<p lang=\"de-DE\">Thymian<\/p>\n<\/td>\n<td width=\"109\">\n<p lang=\"de-DE\">Sonne<\/p>\n<\/td>\n<td width=\"109\">\n<p lang=\"de-DE\">20 bis 25 cm<\/p>\n<\/td>\n<td width=\"109\">\n<p lang=\"de-DE\">Ab Juli<\/p>\n<\/td>\n<td width=\"109\">\n<ul>\n<li>\n<p lang=\"de-DE\">Regelm\u00e4\u00dfig gie\u00dfen<\/p>\n<\/li>\n<li>\n<p lang=\"de-DE\">Wenig d\u00fcngen<\/p>\n<\/li>\n<\/ul>\n<\/td>\n<\/tr>\n<\/tbody>\n<\/table>\n<h2 lang=\"de-DE\"><span class=\"ez-toc-section\" id=\"Aussaat_im_April_%E2%80%93_Blumen_fuer_draussen\"><\/span>Aussaat im April \u2013 Blumen f\u00fcr drau\u00dfen<span class=\"ez-toc-section-end\"><\/span><\/h2>\n<p lang=\"de-DE\">Blumen und Stauden \u2013 wenn alles sch\u00f6n bunt ist im Garten ist das eine Augenweide. Bis dahin ist es noch etwas Arbeit, denn zuerst ist die Aussaat dran. Im April d\u00fcrfen bereits zahlreiche Blumen direkt im Beet ausges\u00e4t werden.<\/p>\n<table class=\"custom-table-1\" width=\"100%\" cellspacing=\"0\" cellpadding=\"4\">\n<tbody>\n<tr valign=\"TOP\">\n<td width=\"101\">\n<p lang=\"de-DE\"><strong>Pflanzensorte<\/strong><\/p>\n<\/td>\n<td width=\"108\">\n<p lang=\"de-DE\"><strong>Standort<\/strong><\/p>\n<\/td>\n<td width=\"108\">\n<p lang=\"de-DE\"><strong>Pflanzabstand<\/strong><\/p>\n<\/td>\n<td width=\"108\">\n<p lang=\"de-DE\"><strong>Bl\u00fcte<\/strong><\/p>\n<\/td>\n<td width=\"115\">\n<p lang=\"de-DE\"><strong>Pflege<\/strong><\/p>\n<\/td>\n<\/tr>\n<tr valign=\"TOP\">\n<td width=\"101\"><\/td>\n<td width=\"108\"><\/td>\n<td width=\"108\"><\/td>\n<td width=\"108\"><\/td>\n<td width=\"115\"><\/td>\n<\/tr>\n<tr valign=\"TOP\">\n<td width=\"101\">\n<p lang=\"de-DE\">Astern<\/p>\n<\/td>\n<td width=\"108\">\n<p lang=\"de-DE\">Sonne<\/p>\n<\/td>\n<td width=\"108\">\n<p lang=\"de-DE\">25 cm<\/p>\n<\/td>\n<td width=\"108\">\n<p lang=\"de-DE\">Ab Juni<\/p>\n<\/td>\n<td width=\"115\">\n<ul>\n<li>\n<p lang=\"de-DE\">Feucht halten<\/p>\n<\/li>\n<li>\n<p lang=\"de-DE\">Regelm\u00e4\u00dfig d\u00fcngen<\/p>\n<\/li>\n<li>\n<p lang=\"de-DE\">Winterhart<\/p>\n<\/li>\n<\/ul>\n<\/td>\n<\/tr>\n<tr valign=\"TOP\">\n<td width=\"101\">\n<p lang=\"de-DE\">Atlasblume<\/p>\n<\/td>\n<td width=\"108\">\n<p lang=\"de-DE\">Sonne<\/p>\n<\/td>\n<td width=\"108\">\n<p lang=\"de-DE\">30 cm<\/p>\n<\/td>\n<td width=\"108\">\n<p lang=\"de-DE\">Ab Juli<\/p>\n<\/td>\n<td width=\"115\">\n<ul>\n<li>\n<p lang=\"de-DE\">Wenig gie\u00dfen<\/p>\n<\/li>\n<li>\n<p lang=\"de-DE\">Nicht d\u00fcngen<\/p>\n<\/li>\n<li>\n<p lang=\"de-DE\">Nicht winterhart<\/p>\n<\/li>\n<\/ul>\n<\/td>\n<\/tr>\n<tr valign=\"TOP\">\n<td width=\"101\">\n<p lang=\"de-DE\">Bechermalven<\/p>\n<\/td>\n<td width=\"108\">\n<p lang=\"de-DE\">Sonne bis Halbschatten<\/p>\n<\/td>\n<td width=\"108\">\n<p lang=\"de-DE\">40 cm<\/p>\n<\/td>\n<td width=\"108\">\n<p lang=\"de-DE\">Ab Juli<\/p>\n<\/td>\n<td width=\"115\">\n<ul>\n<li>\n<p lang=\"de-DE\">Regelm\u00e4\u00dfig gie\u00dfen<\/p>\n<\/li>\n<li>\n<p lang=\"de-DE\">Nicht d\u00fcngen<\/p>\n<\/li>\n<li>\n<p lang=\"de-DE\">Frostempfindlich<\/p>\n<\/li>\n<\/ul>\n<\/td>\n<\/tr>\n<tr valign=\"TOP\">\n<td width=\"101\">\n<p lang=\"de-DE\">Chrysanthemen<\/p>\n<\/td>\n<td width=\"108\">\n<p lang=\"de-DE\">Halbschatten<\/p>\n<\/td>\n<td width=\"108\">\n<p lang=\"de-DE\">60 cm<\/p>\n<\/td>\n<td width=\"108\">\n<p lang=\"de-DE\">Ab August<\/p>\n<\/td>\n<td width=\"115\">\n<ul>\n<li>\n<p lang=\"de-DE\">Gut gie\u00dfen<\/p>\n<\/li>\n<li>\n<p lang=\"de-DE\">Regelm\u00e4\u00dfig d\u00fcngen<\/p>\n<\/li>\n<li>\n<p lang=\"de-DE\">Kompost einarbeiten<\/p>\n<\/li>\n<li>\n<p lang=\"de-DE\">Winterhart<\/p>\n<\/li>\n<\/ul>\n<\/td>\n<\/tr>\n<tr valign=\"TOP\">\n<td width=\"101\">\n<p lang=\"de-DE\">Kapuzinerkresse<\/p>\n<\/td>\n<td width=\"108\">\n<p lang=\"de-DE\">Sonne bis Halbschatten<\/p>\n<\/td>\n<td width=\"108\">\n<p lang=\"de-DE\">30 cm<\/p>\n<\/td>\n<td width=\"108\">\n<p lang=\"de-DE\">Ab Juli<\/p>\n<\/td>\n<td width=\"115\">\n<ul>\n<li>\n<p lang=\"de-DE\">Viel gie\u00dfen<\/p>\n<\/li>\n<li>\n<p lang=\"de-DE\">Nicht d\u00fcngen<\/p>\n<\/li>\n<li>\n<p lang=\"de-DE\">Einj\u00e4hrig<\/p>\n<\/li>\n<li>\n<p lang=\"de-DE\">An Rankhilfe denken<\/p>\n<\/li>\n<\/ul>\n<\/td>\n<\/tr>\n<tr valign=\"TOP\">\n<td width=\"101\">\n<p lang=\"de-DE\">Klatschmohn<\/p>\n<\/td>\n<td width=\"108\">\n<p lang=\"de-DE\">Sonne<\/p>\n<\/td>\n<td width=\"108\">\n<p lang=\"de-DE\">40 cm<\/p>\n<\/td>\n<td width=\"108\">\n<p lang=\"de-DE\">Ab Mai<\/p>\n<\/td>\n<td width=\"115\">\n<ul>\n<li>\n<p lang=\"de-DE\">Feucht halten<\/p>\n<\/li>\n<li>\n<p lang=\"de-DE\">Regelm\u00e4\u00dfig d\u00fcngen<\/p>\n<\/li>\n<li>\n<p lang=\"de-DE\">Winterhart<\/p>\n<\/li>\n<li>\n<p lang=\"de-DE\">Giftig<\/p>\n<\/li>\n<\/ul>\n<\/td>\n<\/tr>\n<tr valign=\"TOP\">\n<td width=\"101\">\n<p lang=\"de-DE\">Kornblumen<\/p>\n<\/td>\n<td width=\"108\">\n<p lang=\"de-DE\">Sonne<\/p>\n<\/td>\n<td width=\"108\">\n<p lang=\"de-DE\">15 cm<\/p>\n<\/td>\n<td width=\"108\">\n<p lang=\"de-DE\">Ab Juni<\/p>\n<\/td>\n<td width=\"115\">\n<ul>\n<li>\n<p lang=\"de-DE\">Sparsam gie\u00dfen<\/p>\n<\/li>\n<li>\n<p lang=\"de-DE\">Nicht d\u00fcngen<\/p>\n<\/li>\n<li>\n<p lang=\"de-DE\">Nicht winterhart<\/p>\n<\/li>\n<\/ul>\n<\/td>\n<\/tr>\n<tr valign=\"TOP\">\n<td width=\"101\">\n<p lang=\"de-DE\">Kornraden<\/p>\n<\/td>\n<td width=\"108\">\n<p lang=\"de-DE\">Sonne<\/p>\n<\/td>\n<td width=\"108\">\n<p lang=\"de-DE\">20 cm<\/p>\n<\/td>\n<td width=\"108\">\n<p lang=\"de-DE\">Ab Juni<\/p>\n<\/td>\n<td width=\"115\">\n<ul>\n<li>\n<p lang=\"de-DE\">Wenig gie\u00dfen<\/p>\n<\/li>\n<li>\n<p lang=\"de-DE\">Nicht d\u00fcngen<\/p>\n<\/li>\n<li>\n<p lang=\"de-DE\">Nicht winterhart<\/p>\n<\/li>\n<li>\n<p lang=\"de-DE\">Giftig<\/p>\n<\/li>\n<\/ul>\n<\/td>\n<\/tr>\n<tr valign=\"TOP\">\n<td width=\"101\">\n<p lang=\"de-DE\">L\u00f6wenm\u00e4ulchen<\/p>\n<\/td>\n<td width=\"108\">\n<p lang=\"de-DE\">Sonne bis Halbschatten<\/p>\n<\/td>\n<td width=\"108\">\n<p lang=\"de-DE\">25 cm<\/p>\n<\/td>\n<td width=\"108\">\n<p lang=\"de-DE\">Ab Juni<\/p>\n<\/td>\n<td width=\"115\">\n<ul>\n<li>\n<p lang=\"de-DE\">Gut gie\u00dfen<\/p>\n<\/li>\n<li>\n<p lang=\"de-DE\">Regelm\u00e4\u00dfig d\u00fcngen<\/p>\n<\/li>\n<li>\n<p lang=\"de-DE\">Bodennah ausputzen<\/p>\n<\/li>\n<li>\n<p lang=\"de-DE\">Einj\u00e4hrig<\/p>\n<\/li>\n<\/ul>\n<\/td>\n<\/tr>\n<tr valign=\"TOP\">\n<td width=\"101\">\n<p lang=\"de-DE\">Lupine<\/p>\n<\/td>\n<td width=\"108\">\n<p lang=\"de-DE\">Sonne bis Halbschatten<\/p>\n<\/td>\n<td width=\"108\">\n<p lang=\"de-DE\">50 cm<\/p>\n<\/td>\n<td width=\"108\">\n<p lang=\"de-DE\">Ab Juli<\/p>\n<\/td>\n<td width=\"115\">\n<ul>\n<li>\n<p lang=\"de-DE\">Wenig gie\u00dfen<\/p>\n<\/li>\n<li>\n<p lang=\"de-DE\">Nicht d\u00fcngen<\/p>\n<\/li>\n<li>\n<p lang=\"de-DE\">Als Gr\u00fcnd\u00fcngung zu verwenden<\/p>\n<\/li>\n<li>\n<p lang=\"de-DE\">Winterhart<\/p>\n<\/li>\n<li>\n<p lang=\"de-DE\">Giftig<\/p>\n<\/li>\n<\/ul>\n<\/td>\n<\/tr>\n<tr valign=\"TOP\">\n<td width=\"101\">\n<p lang=\"de-DE\">Mittagsblumen<\/p>\n<\/td>\n<td width=\"108\">\n<p lang=\"de-DE\">Sonne<\/p>\n<\/td>\n<td width=\"108\">\n<p lang=\"de-DE\">30 cm<\/p>\n<\/td>\n<td width=\"108\">\n<p lang=\"de-DE\">Ab Juni<\/p>\n<\/td>\n<td width=\"115\">\n<ul>\n<li>\n<p lang=\"de-DE\">Wenig gie\u00dfen<\/p>\n<\/li>\n<li>\n<p lang=\"de-DE\">Nicht d\u00fcngen<\/p>\n<\/li>\n<li>\n<p lang=\"de-DE\">Einj\u00e4hrig<\/p>\n<\/li>\n<\/ul>\n<\/td>\n<\/tr>\n<tr valign=\"TOP\">\n<td width=\"101\">\n<p lang=\"de-DE\">Natternkopf<\/p>\n<\/td>\n<td width=\"108\">\n<p lang=\"de-DE\">Sonne<\/p>\n<\/td>\n<td width=\"108\">\n<p lang=\"de-DE\">40 cm<\/p>\n<\/td>\n<td width=\"108\">\n<p lang=\"de-DE\">Ab Juli<\/p>\n<\/td>\n<td width=\"115\">\n<ul>\n<li>\n<p lang=\"de-DE\">Gie\u00dfen nicht n\u00f6tig<\/p>\n<\/li>\n<li>\n<p lang=\"de-DE\">Nicht d\u00fcngen<\/p>\n<\/li>\n<li>\n<p lang=\"de-DE\">Winterhart<\/p>\n<\/li>\n<li>\n<p lang=\"de-DE\">Schwach giftig<\/p>\n<\/li>\n<\/ul>\n<\/td>\n<\/tr>\n<tr valign=\"TOP\">\n<td width=\"101\">\n<p lang=\"de-DE\">Prunkwinde<\/p>\n<\/td>\n<td width=\"108\">\n<p lang=\"de-DE\">Sonne<\/p>\n<\/td>\n<td width=\"108\">\n<p lang=\"de-DE\">40 cm<\/p>\n<\/td>\n<td width=\"108\">\n<p lang=\"de-DE\">Ab Juli<\/p>\n<\/td>\n<td width=\"115\">\n<ul>\n<li>\n<p lang=\"de-DE\">Regelm\u00e4\u00dfig gie\u00dfen<\/p>\n<\/li>\n<li>\n<p lang=\"de-DE\">Keine Staun\u00e4sse<\/p>\n<\/li>\n<li>\n<p lang=\"de-DE\">Gut d\u00fcngen<\/p>\n<\/li>\n<li>\n<p lang=\"de-DE\">Kompost einarbeiten<\/p>\n<\/li>\n<li>\n<p lang=\"de-DE\">Einj\u00e4hrig<\/p>\n<\/li>\n<li>\n<p lang=\"de-DE\">An Rankhilfe denken<\/p>\n<\/li>\n<li>\n<p lang=\"de-DE\">Schwach giftig<\/p>\n<\/li>\n<\/ul>\n<\/td>\n<\/tr>\n<tr valign=\"TOP\">\n<td width=\"101\">\n<p lang=\"de-DE\">Ringelblumen<\/p>\n<\/td>\n<td width=\"108\">\n<p lang=\"de-DE\">Sonne bis Halbschatten<\/p>\n<\/td>\n<td width=\"108\">\n<p lang=\"de-DE\">25 bis 30 cm<\/p>\n<\/td>\n<td width=\"108\">\n<p lang=\"de-DE\">Ab Juli<\/p>\n<\/td>\n<td width=\"115\">\n<ul>\n<li>\n<p lang=\"de-DE\">M\u00e4\u00dfig gie\u00dfen<\/p>\n<\/li>\n<li>\n<p lang=\"de-DE\">Regelm\u00e4\u00dfig d\u00fcngen<\/p>\n<\/li>\n<li>\n<p lang=\"de-DE\">Nicht winterhart<\/p>\n<\/li>\n<\/ul>\n<\/td>\n<\/tr>\n<tr valign=\"TOP\">\n<td width=\"101\">\n<p lang=\"de-DE\">Rittersporn<\/p>\n<\/td>\n<td width=\"108\">\n<p lang=\"de-DE\">Sonne<\/p>\n<\/td>\n<td width=\"108\">\n<p lang=\"de-DE\">60 cm<\/p>\n<\/td>\n<td width=\"108\">\n<p lang=\"de-DE\">Ab Juni<\/p>\n<\/td>\n<td width=\"115\">\n<ul>\n<li>\n<p lang=\"de-DE\">M\u00e4\u00dfig gie\u00dfen<\/p>\n<\/li>\n<li>\n<p lang=\"de-DE\">Regelm\u00e4\u00dfig d\u00fcngen<\/p>\n<\/li>\n<li>\n<p lang=\"de-DE\">Winterhart<\/p>\n<\/li>\n<li>\n<p lang=\"de-DE\">Giftig<\/p>\n<\/li>\n<\/ul>\n<\/td>\n<\/tr>\n<tr valign=\"TOP\">\n<td width=\"101\">\n<p lang=\"de-DE\">Schleierkraut<\/p>\n<\/td>\n<td width=\"108\">\n<p lang=\"de-DE\">Sonne<\/p>\n<\/td>\n<td width=\"108\">\n<p lang=\"de-DE\">60 bis 70 cm<\/p>\n<\/td>\n<td width=\"108\">\n<p lang=\"de-DE\">Ab Juli<\/p>\n<\/td>\n<td width=\"115\">\n<ul>\n<li>\n<p lang=\"de-DE\">Wenig gie\u00dfen<\/p>\n<\/li>\n<li>\n<p lang=\"de-DE\">Nicht d\u00fcngen<\/p>\n<\/li>\n<li>\n<p lang=\"de-DE\">Winterhart<\/p>\n<\/li>\n<li>\n<p lang=\"de-DE\">Giftig<\/p>\n<\/li>\n<\/ul>\n<\/td>\n<\/tr>\n<tr valign=\"TOP\">\n<td width=\"101\">\n<p lang=\"de-DE\">Schmuckk\u00f6rbchen<\/p>\n<\/td>\n<td width=\"108\">\n<p lang=\"de-DE\">Sonne bis Halbschatten<\/p>\n<\/td>\n<td width=\"108\">\n<p lang=\"de-DE\">30 cm<\/p>\n<\/td>\n<td width=\"108\">\n<p lang=\"de-DE\">Ab Juli<\/p>\n<\/td>\n<td width=\"115\">\n<ul>\n<li>\n<p lang=\"de-DE\">Regelm\u00e4\u00dfig gie\u00dfen<\/p>\n<\/li>\n<li>\n<p lang=\"de-DE\">D\u00fcngen nicht notwendig<\/p>\n<\/li>\n<li>\n<p lang=\"de-DE\">Frostempfindlich<\/p>\n<\/li>\n<li>\n<p lang=\"de-DE\">Einj\u00e4hrig<\/p>\n<\/li>\n<\/ul>\n<\/td>\n<\/tr>\n<tr valign=\"TOP\">\n<td width=\"101\">\n<p lang=\"de-DE\">Sonnenblumen<\/p>\n<\/td>\n<td width=\"108\">\n<p lang=\"de-DE\">Sonne<\/p>\n<\/td>\n<td width=\"108\">\n<p lang=\"de-DE\">50 cm<\/p>\n<\/td>\n<td width=\"108\">\n<p lang=\"de-DE\">Ab Juli<\/p>\n<\/td>\n<td width=\"115\">\n<ul>\n<li>\n<p lang=\"de-DE\">Gut gie\u00dfen<\/p>\n<\/li>\n<li>\n<p lang=\"de-DE\">D\u00fcngen nicht n\u00f6tig<\/p>\n<\/li>\n<li>\n<p lang=\"de-DE\">Nicht winterhart<\/p>\n<\/li>\n<\/ul>\n<\/td>\n<\/tr>\n<tr valign=\"TOP\">\n<td width=\"101\">\n<p lang=\"de-DE\">Steinkraut<\/p>\n<\/td>\n<td width=\"108\">\n<p lang=\"de-DE\">Sonne<\/p>\n<\/td>\n<td width=\"108\">\n<p lang=\"de-DE\">30 cm<\/p>\n<\/td>\n<td width=\"108\">\n<p lang=\"de-DE\">Ab Juni<\/p>\n<\/td>\n<td width=\"115\">\n<ul>\n<li>\n<p lang=\"de-DE\">M\u00e4\u00dfig gie\u00dfen<\/p>\n<\/li>\n<li>\n<p lang=\"de-DE\">D\u00fcngen nach Sommerschnitt<\/p>\n<\/li>\n<li>\n<p lang=\"de-DE\">Winterhart<\/p>\n<\/li>\n<\/ul>\n<\/td>\n<\/tr>\n<tr valign=\"TOP\">\n<td width=\"101\">\n<p lang=\"de-DE\">Veilchen<\/p>\n<\/td>\n<td width=\"108\">\n<p lang=\"de-DE\">Halbschatten<\/p>\n<\/td>\n<td width=\"108\">\n<p lang=\"de-DE\">20 cm<\/p>\n<\/td>\n<td width=\"108\">\n<p lang=\"de-DE\">Ab April<\/p>\n<\/td>\n<td width=\"115\">\n<ul>\n<li>\n<p lang=\"de-DE\">Feucht halten<\/p>\n<\/li>\n<li>\n<p lang=\"de-DE\">D\u00fcngen nicht notwendig<\/p>\n<\/li>\n<li>\n<p lang=\"de-DE\">Nach Bl\u00fcte teilen<\/p>\n<\/li>\n<li>\n<p lang=\"de-DE\">Bl\u00fchen im 2. Jahr<\/p>\n<\/li>\n<\/ul>\n<\/td>\n<\/tr>\n<tr valign=\"TOP\">\n<td width=\"101\">\n<p lang=\"de-DE\">Wicken<\/p>\n<\/td>\n<td width=\"108\">\n<p lang=\"de-DE\">Sonne bis Halbschatten<\/p>\n<\/td>\n<td width=\"108\">\n<p lang=\"de-DE\">10 cm<\/p>\n<\/td>\n<td width=\"108\">\n<p lang=\"de-DE\">Ab Juni<\/p>\n<\/td>\n<td width=\"115\">\n<ul>\n<li>\n<p lang=\"de-DE\">Gut gie\u00dfen<\/p>\n<\/li>\n<li>\n<p lang=\"de-DE\">Regelm\u00e4\u00dfig d\u00fcngen<\/p>\n<\/li>\n<li>\n<p lang=\"de-DE\">Einj\u00e4hrig<\/p>\n<\/li>\n<li>\n<p lang=\"de-DE\">Kletterpflanze<\/p>\n<\/li>\n<li>\n<p lang=\"de-DE\">Giftig<\/p>\n<\/li>\n<\/ul>\n<\/td>\n<\/tr>\n<\/tbody>\n<\/table>\n<h2 lang=\"de-DE\"><span class=\"ez-toc-section\" id=\"Aussaat_im_April_%E2%80%93_Gemuese_in_Vorkultur\"><\/span>Aussaat im April \u2013 Gem\u00fcse in Vorkultur<span class=\"ez-toc-section-end\"><\/span><\/h2>\n<p lang=\"de-DE\">Auch wenn Gem\u00fcse und Salate direkt im Beet ausges\u00e4t werden k\u00f6nnen, ist es bei manchen Pflanzen sinnvoll, mit diesen in Vorkultur zu gehen. Die Vorteile: Die Pflanzen k\u00f6nnen sich im Warmen gut entwickeln und auch die Ernte kann fr\u00fcher beginnen. Empfindliche Pflanzen wie etwa die Tomate m\u00fcssen sowieso immer in Vorkultur gehen, da diese keinen Frost aushalten.<\/p>\n<table class=\"custom-table-1\" width=\"100%\" cellspacing=\"0\" cellpadding=\"4\">\n<tbody>\n<tr valign=\"TOP\">\n<td width=\"101\">\n<p lang=\"de-DE\"><strong>Gem\u00fcsesorte<\/strong><\/p>\n<\/td>\n<td width=\"109\">\n<p lang=\"de-DE\"><strong>Standort<\/strong><\/p>\n<\/td>\n<td width=\"109\">\n<p lang=\"de-DE\"><strong>Pflanzabstand<\/strong><\/p>\n<\/td>\n<td width=\"109\">\n<p lang=\"de-DE\"><strong>Ernte<\/strong><\/p>\n<\/td>\n<td width=\"109\">\n<p lang=\"de-DE\"><strong>Pflege<\/strong><\/p>\n<\/td>\n<\/tr>\n<tr valign=\"TOP\">\n<td width=\"101\"><\/td>\n<td width=\"109\"><\/td>\n<td width=\"109\"><\/td>\n<td width=\"109\"><\/td>\n<td width=\"109\"><\/td>\n<\/tr>\n<tr valign=\"TOP\">\n<td width=\"101\">\n<p lang=\"de-DE\">Artischocken<\/p>\n<\/td>\n<td width=\"109\">\n<p lang=\"de-DE\">Sonne<\/p>\n<\/td>\n<td width=\"109\">\n<p lang=\"de-DE\">70 bis 80 cm<\/p>\n<\/td>\n<td width=\"109\">\n<p lang=\"de-DE\">Ab August<\/p>\n<\/td>\n<td width=\"109\">\n<ul>\n<li>\n<p lang=\"de-DE\">Gut gie\u00dfen<\/p>\n<\/li>\n<li>\n<p lang=\"de-DE\">Staun\u00e4sse vermeiden<\/p>\n<\/li>\n<li>\n<p lang=\"de-DE\">Regelm\u00e4\u00dfig d\u00fcngen<\/p>\n<\/li>\n<li>\n<p lang=\"de-DE\">Humus einarbeiten<\/p>\n<\/li>\n<\/ul>\n<\/td>\n<\/tr>\n<tr valign=\"TOP\">\n<td width=\"101\">\n<p lang=\"de-DE\">Aubergine<\/p>\n<\/td>\n<td width=\"109\">\n<p lang=\"de-DE\">Sonne<\/p>\n<\/td>\n<td width=\"109\">\n<p lang=\"de-DE\">60 cm<\/p>\n<\/td>\n<td width=\"109\">\n<p lang=\"de-DE\">Ab August<\/p>\n<\/td>\n<td width=\"109\">\n<ul>\n<li>\n<p lang=\"de-DE\">Viel gie\u00dfen<\/p>\n<\/li>\n<li>\n<p lang=\"de-DE\">Regelm\u00e4\u00dfig d\u00fcngen<\/p>\n<\/li>\n<li>\n<p lang=\"de-DE\">Warmer Standort, \u00fcber 18 Grad<\/p>\n<\/li>\n<\/ul>\n<\/td>\n<\/tr>\n<tr valign=\"TOP\">\n<td width=\"101\">\n<p lang=\"de-DE\">Brokkoli<\/p>\n<\/td>\n<td width=\"109\">\n<p lang=\"de-DE\">Sonne bis Halbschatten<\/p>\n<\/td>\n<td width=\"109\">\n<p lang=\"de-DE\">40 cm<\/p>\n<\/td>\n<td width=\"109\">\n<p lang=\"de-DE\">Ab Juni<\/p>\n<\/td>\n<td width=\"109\">\n<ul>\n<li>\n<p lang=\"de-DE\">Feucht halten<\/p>\n<\/li>\n<li>\n<p lang=\"de-DE\">Regelm\u00e4\u00dfig d\u00fcngen<\/p>\n<\/li>\n<\/ul>\n<\/td>\n<\/tr>\n<tr valign=\"TOP\">\n<td width=\"101\">\n<p lang=\"de-DE\">Chinakohl<\/p>\n<\/td>\n<td width=\"109\">\n<p lang=\"de-DE\">Sonne bis Halbschatten<\/p>\n<\/td>\n<td width=\"109\">\n<p lang=\"de-DE\">40 cm<\/p>\n<\/td>\n<td width=\"109\">\n<p lang=\"de-DE\">Ab Juni<\/p>\n<\/td>\n<td width=\"109\">\n<ul>\n<li>\n<p lang=\"de-DE\">Gut gie\u00dfen<\/p>\n<\/li>\n<li>\n<p lang=\"de-DE\">Keine Staun\u00e4sse<\/p>\n<\/li>\n<li>\n<p lang=\"de-DE\">Regelm\u00e4\u00dfig d\u00fcngen<\/p>\n<\/li>\n<li>\n<p lang=\"de-DE\">Windgesch\u00fctzt anpflanzen<\/p>\n<\/li>\n<\/ul>\n<\/td>\n<\/tr>\n<tr valign=\"TOP\">\n<td width=\"101\">\n<p lang=\"de-DE\">Eisbergsalat<\/p>\n<\/td>\n<td width=\"109\">\n<p lang=\"de-DE\">Sonne bis Halbschatten<\/p>\n<\/td>\n<td width=\"109\">\n<p lang=\"de-DE\">30 bis 35 cm<\/p>\n<\/td>\n<td width=\"109\">\n<p lang=\"de-DE\">Ab Mai<\/p>\n<\/td>\n<td width=\"109\">\n<ul>\n<li>\n<p lang=\"de-DE\">Regelm\u00e4\u00dfig gie\u00dfen<\/p>\n<\/li>\n<li>\n<p lang=\"de-DE\">Nach Auspflanzen Langzeitd\u00fcnger<\/p>\n<\/li>\n<\/ul>\n<\/td>\n<\/tr>\n<tr valign=\"TOP\">\n<td width=\"101\">\n<p lang=\"de-DE\">Endiviensalat<\/p>\n<\/td>\n<td width=\"109\">\n<p lang=\"de-DE\">Sonne<\/p>\n<\/td>\n<td width=\"109\">\n<p lang=\"de-DE\">30 cm<\/p>\n<\/td>\n<td width=\"109\">\n<p lang=\"de-DE\">Ab Juli<\/p>\n<\/td>\n<td width=\"109\">\n<ul>\n<li>\n<p lang=\"de-DE\">Feucht halten<\/p>\n<\/li>\n<li>\n<p lang=\"de-DE\">Ab und zu d\u00fcngen<\/p>\n<\/li>\n<li>\n<p lang=\"de-DE\">Boden lockern<\/p>\n<\/li>\n<li>\n<p lang=\"de-DE\">Unkraut entfernen<\/p>\n<\/li>\n<\/ul>\n<\/td>\n<\/tr>\n<tr valign=\"TOP\">\n<td width=\"101\">\n<p lang=\"de-DE\">Fenchel<\/p>\n<\/td>\n<td width=\"109\">\n<p lang=\"de-DE\">Sonne<\/p>\n<\/td>\n<td width=\"109\">\n<p lang=\"de-DE\">30 cm<\/p>\n<\/td>\n<td width=\"109\">\n<p lang=\"de-DE\">Ab Juni<\/p>\n<\/td>\n<td width=\"109\">\n<ul>\n<li>\n<p lang=\"de-DE\">Feucht halten<\/p>\n<\/li>\n<li>\n<p lang=\"de-DE\">D\u00fcngen nicht zwingend n\u00f6tig<\/p>\n<\/li>\n<li>\n<p lang=\"de-DE\">Unkrautfrei halten<\/p>\n<\/li>\n<\/ul>\n<\/td>\n<\/tr>\n<tr valign=\"TOP\">\n<td width=\"101\">\n<p lang=\"de-DE\">Fr\u00fchlingszwiebeln<\/p>\n<\/td>\n<td width=\"109\">\n<p lang=\"de-DE\">Sonne<\/p>\n<\/td>\n<td width=\"109\">\n<p lang=\"de-DE\">3 bis 4 cm<\/p>\n<\/td>\n<td width=\"109\">\n<p lang=\"de-DE\">Ab Juni<\/p>\n<\/td>\n<td width=\"109\">\n<ul>\n<li>\n<p lang=\"de-DE\">Feucht halten<\/p>\n<\/li>\n<li>\n<p lang=\"de-DE\">M\u00e4\u00dfig d\u00fcngen<\/p>\n<\/li>\n<li>\n<p lang=\"de-DE\">Unkraut entfernen<\/p>\n<\/li>\n<\/ul>\n<\/td>\n<\/tr>\n<tr valign=\"TOP\">\n<td width=\"101\">\n<p lang=\"de-DE\">Gr\u00fcne Bohnen<\/p>\n<\/td>\n<td width=\"109\">\n<p lang=\"de-DE\">Sonne<\/p>\n<\/td>\n<td width=\"109\">\n<p lang=\"de-DE\">10 cm<\/p>\n<\/td>\n<td width=\"109\">\n<p lang=\"de-DE\">Ab August<\/p>\n<\/td>\n<td width=\"109\">\n<ul>\n<li>\n<p lang=\"de-DE\">Regelm\u00e4\u00dfig gie\u00dfen<\/p>\n<\/li>\n<li>\n<p lang=\"de-DE\">D\u00fcngen nicht notwendig<\/p>\n<\/li>\n<li>\n<p lang=\"de-DE\">Unkraut entfernen<\/p>\n<\/li>\n<\/ul>\n<\/td>\n<\/tr>\n<tr valign=\"TOP\">\n<td width=\"101\">\n<p lang=\"de-DE\">Gurken<\/p>\n<\/td>\n<td width=\"109\">\n<p lang=\"de-DE\">Sonne bis Halbschatten<\/p>\n<\/td>\n<td width=\"109\">\n<p lang=\"de-DE\">40 cm<\/p>\n<\/td>\n<td width=\"109\">\n<p lang=\"de-DE\">Ab August<\/p>\n<\/td>\n<td width=\"109\">\n<ul>\n<li>\n<p lang=\"de-DE\">Viel gie\u00dfen<\/p>\n<\/li>\n<li>\n<p lang=\"de-DE\">Wenig d\u00fcngen<\/p>\n<\/li>\n<li>\n<p lang=\"de-DE\">Kompost ausbringen<\/p>\n<\/li>\n<\/ul>\n<\/td>\n<\/tr>\n<tr valign=\"TOP\">\n<td width=\"101\">\n<p lang=\"de-DE\">Knollensellerie<\/p>\n<\/td>\n<td width=\"109\">\n<p lang=\"de-DE\">Sonne bis Halbschatten<\/p>\n<\/td>\n<td width=\"109\">\n<p lang=\"de-DE\">35 bis 40 cm<\/p>\n<\/td>\n<td width=\"109\">\n<p lang=\"de-DE\">Ab September<\/p>\n<\/td>\n<td width=\"109\">\n<ul>\n<li>\n<p lang=\"de-DE\">Regelm\u00e4\u00dfig gie\u00dfen<\/p>\n<\/li>\n<li>\n<p lang=\"de-DE\">Boden lockern<\/p>\n<\/li>\n<li>\n<p lang=\"de-DE\">Unkraut entfernen<\/p>\n<\/li>\n<\/ul>\n<\/td>\n<\/tr>\n<tr valign=\"TOP\">\n<td width=\"101\">\n<p lang=\"de-DE\">Kohlrabi<\/p>\n<\/td>\n<td width=\"109\">\n<p lang=\"de-DE\">Halbschatten<\/p>\n<\/td>\n<td width=\"109\">\n<p lang=\"de-DE\">25 bis 30 cm<\/p>\n<\/td>\n<td width=\"109\">\n<p lang=\"de-DE\">Ab Juni<\/p>\n<\/td>\n<td width=\"109\">\n<ul>\n<li>\n<p lang=\"de-DE\">Regelm\u00e4\u00dfig gie\u00dfen<\/p>\n<\/li>\n<li>\n<p lang=\"de-DE\">Boden mulchen<\/p>\n<\/li>\n<li>\n<p lang=\"de-DE\">Ab und zu d\u00fcngen<\/p>\n<\/li>\n<li>\n<p lang=\"de-DE\">Unkraut entfernen<\/p>\n<\/li>\n<\/ul>\n<\/td>\n<\/tr>\n<tr valign=\"TOP\">\n<td width=\"101\">\n<p lang=\"de-DE\">Kopfsalat<\/p>\n<\/td>\n<td width=\"109\">\n<p lang=\"de-DE\">Sonne<\/p>\n<\/td>\n<td width=\"109\">\n<p lang=\"de-DE\">30 cm<\/p>\n<\/td>\n<td width=\"109\">\n<p lang=\"de-DE\">Ab Mai<\/p>\n<\/td>\n<td width=\"109\">\n<ul>\n<li>\n<p lang=\"de-DE\">Feucht halten<\/p>\n<\/li>\n<li>\n<p lang=\"de-DE\">Kompost ausbringen<\/p>\n<\/li>\n<li>\n<p lang=\"de-DE\">Wenig d\u00fcngen<\/p>\n<\/li>\n<\/ul>\n<\/td>\n<\/tr>\n<tr valign=\"TOP\">\n<td width=\"101\">\n<p lang=\"de-DE\">K\u00fcrbis<\/p>\n<\/td>\n<td width=\"109\">\n<p lang=\"de-DE\">Sonne<\/p>\n<\/td>\n<td width=\"109\">\n<p lang=\"de-DE\">150 cm<\/p>\n<\/td>\n<td width=\"109\">\n<p lang=\"de-DE\">Ab September<\/p>\n<\/td>\n<td width=\"109\">\n<ul>\n<li>\n<p lang=\"de-DE\">Regelm\u00e4\u00dfig gie\u00dfen<\/p>\n<\/li>\n<li>\n<p lang=\"de-DE\">Kompost ausbringen<\/p>\n<\/li>\n<li>\n<p lang=\"de-DE\">Nicht \u00fcber Bl\u00e4tter gie\u00dfen<\/p>\n<\/li>\n<\/ul>\n<\/td>\n<\/tr>\n<tr valign=\"TOP\">\n<td width=\"101\">\n<p lang=\"de-DE\">Mais<\/p>\n<\/td>\n<td width=\"109\">\n<p lang=\"de-DE\">Sonne<\/p>\n<\/td>\n<td width=\"109\">\n<p lang=\"de-DE\">120 bis 150 cm<\/p>\n<\/td>\n<td width=\"109\">\n<p lang=\"de-DE\">Ab Juni<\/p>\n<\/td>\n<td width=\"109\">\n<ul>\n<li>\n<p lang=\"de-DE\">Gut feucht halten<\/p>\n<\/li>\n<li>\n<p lang=\"de-DE\">Regelm\u00e4\u00dfig d\u00fcngen<\/p>\n<\/li>\n<li>\n<p lang=\"de-DE\">Kompost einarbeiten<\/p>\n<\/li>\n<\/ul>\n<\/td>\n<\/tr>\n<tr valign=\"TOP\">\n<td width=\"101\">\n<p lang=\"de-DE\">Mangold<\/p>\n<\/td>\n<td width=\"109\">\n<p lang=\"de-DE\">Sonne bis Halbschatten<\/p>\n<\/td>\n<td width=\"109\">\n<p lang=\"de-DE\">30 cm<\/p>\n<\/td>\n<td width=\"109\">\n<p lang=\"de-DE\">Ab Juni<\/p>\n<\/td>\n<td width=\"109\">\n<ul>\n<li>\n<p lang=\"de-DE\">Regelm\u00e4\u00dfig gie\u00dfen<\/p>\n<\/li>\n<li>\n<p lang=\"de-DE\">Kompost aufbringen<\/p>\n<\/li>\n<\/ul>\n<\/td>\n<\/tr>\n<tr valign=\"TOP\">\n<td width=\"101\">\n<p lang=\"de-DE\">Pak Choi<\/p>\n<\/td>\n<td width=\"109\">\n<p lang=\"de-DE\">Sonne bis Halbschatten<\/p>\n<\/td>\n<td width=\"109\">\n<p lang=\"de-DE\">25 cm<\/p>\n<\/td>\n<td width=\"109\">\n<p lang=\"de-DE\">Ab Mai<\/p>\n<\/td>\n<td width=\"109\">\n<ul>\n<li>\n<p lang=\"de-DE\">Regelm\u00e4\u00dfig gie\u00dfen<\/p>\n<\/li>\n<li>\n<p lang=\"de-DE\">Keine Staun\u00e4sse<\/p>\n<\/li>\n<li>\n<p lang=\"de-DE\">Boden mulchen<\/p>\n<\/li>\n<li>\n<p lang=\"de-DE\">D\u00fcngen nicht notwendig<\/p>\n<\/li>\n<\/ul>\n<\/td>\n<\/tr>\n<tr valign=\"TOP\">\n<td width=\"101\">\n<p lang=\"de-DE\">Paprika<\/p>\n<\/td>\n<td width=\"109\">\n<p lang=\"de-DE\">Sonne<\/p>\n<\/td>\n<td width=\"109\">\n<p lang=\"de-DE\">40 bis 50 cm<\/p>\n<\/td>\n<td width=\"109\">\n<p lang=\"de-DE\">Ab August<\/p>\n<\/td>\n<td width=\"109\">\n<ul>\n<li>\n<p lang=\"de-DE\">Viel gie\u00dfen<\/p>\n<\/li>\n<li>\n<p lang=\"de-DE\">Regelm\u00e4\u00dfig d\u00fcngen<\/p>\n<\/li>\n<\/ul>\n<\/td>\n<\/tr>\n<tr valign=\"TOP\">\n<td width=\"101\">\n<p lang=\"de-DE\">Rettich<\/p>\n<\/td>\n<td width=\"109\">\n<p lang=\"de-DE\">Sonne bis Halbschatten<\/p>\n<\/td>\n<td width=\"109\">\n<p lang=\"de-DE\">6 bis 8 cm<\/p>\n<\/td>\n<td width=\"109\">\n<p lang=\"de-DE\">Ab April<\/p>\n<\/td>\n<td width=\"109\">\n<ul>\n<li>\n<p lang=\"de-DE\">Ausreichend gie\u00dfen<\/p>\n<\/li>\n<li>\n<p lang=\"de-DE\">Unkraut entfernen<\/p>\n<\/li>\n<li>\n<p lang=\"de-DE\">Kompost aufbringen<\/p>\n<\/li>\n<\/ul>\n<\/td>\n<\/tr>\n<tr valign=\"TOP\">\n<td width=\"101\">\n<p lang=\"de-DE\">Rhabarber<\/p>\n<\/td>\n<td width=\"109\">\n<p lang=\"de-DE\">Sonne bis Halbschatten<\/p>\n<\/td>\n<td width=\"109\">\n<p lang=\"de-DE\">50 cm<\/p>\n<\/td>\n<td width=\"109\">\n<p lang=\"de-DE\">Ab April<\/p>\n<\/td>\n<td width=\"109\">\n<ul>\n<li>\n<p lang=\"de-DE\">Gut gie\u00dfen<\/p>\n<\/li>\n<li>\n<p lang=\"de-DE\">Regelm\u00e4\u00dfig d\u00fcngen<\/p>\n<\/li>\n<li>\n<p lang=\"de-DE\">Kompost oder Hornsp\u00e4ne ausbringen<\/p>\n<\/li>\n<\/ul>\n<\/td>\n<\/tr>\n<tr valign=\"TOP\">\n<td width=\"101\">\n<p lang=\"de-DE\">R\u00f6mersalat<\/p>\n<\/td>\n<td width=\"109\">\n<p lang=\"de-DE\">Sonne<\/p>\n<\/td>\n<td width=\"109\">\n<p lang=\"de-DE\">25 cm<\/p>\n<\/td>\n<td width=\"109\">\n<p lang=\"de-DE\">Ab Juni<\/p>\n<\/td>\n<td width=\"109\">\n<ul>\n<li>\n<p lang=\"de-DE\">Regelm\u00e4\u00dfig gie\u00dfen<\/p>\n<\/li>\n<li>\n<p lang=\"de-DE\">D\u00fcngen nicht notwendig<\/p>\n<\/li>\n<\/ul>\n<\/td>\n<\/tr>\n<tr valign=\"TOP\">\n<td width=\"101\">\n<p lang=\"de-DE\">Romanesco<\/p>\n<\/td>\n<td width=\"109\">\n<p lang=\"de-DE\">Sonne<\/p>\n<\/td>\n<td width=\"109\">\n<p lang=\"de-DE\">60 cm<\/p>\n<\/td>\n<td width=\"109\">\n<p lang=\"de-DE\">Ab Juli<\/p>\n<\/td>\n<td width=\"109\">\n<ul>\n<li>\n<p lang=\"de-DE\">Gut gie\u00dfen<\/p>\n<\/li>\n<li>\n<p lang=\"de-DE\">Regelm\u00e4\u00dfig d\u00fcngen<\/p>\n<\/li>\n<li>\n<p lang=\"de-DE\">Kompost oder Gr\u00fcnd\u00fcngung<\/p>\n<\/li>\n<li>\n<p lang=\"de-DE\">Unkrautfrei halten<\/p>\n<\/li>\n<\/ul>\n<\/td>\n<\/tr>\n<tr valign=\"TOP\">\n<td width=\"101\">\n<p lang=\"de-DE\">Rosenkohl<\/p>\n<\/td>\n<td width=\"109\">\n<p lang=\"de-DE\">Sonne bis Halbschatten<\/p>\n<\/td>\n<td width=\"109\">\n<p lang=\"de-DE\">50 cm<\/p>\n<\/td>\n<td width=\"109\">\n<p lang=\"de-DE\">Ab Oktober<\/p>\n<\/td>\n<td width=\"109\">\n<ul>\n<li>\n<p lang=\"de-DE\">Ausreichend gie\u00dfen<\/p>\n<\/li>\n<li>\n<p lang=\"de-DE\">Kompost ausbringen<\/p>\n<\/li>\n<li>\n<p lang=\"de-DE\">D\u00fcngen mit Jauche<\/p>\n<\/li>\n<li>\n<p lang=\"de-DE\">An St\u00fctzhilfe denken<\/p>\n<\/li>\n<\/ul>\n<\/td>\n<\/tr>\n<tr valign=\"TOP\">\n<td width=\"101\">\n<p lang=\"de-DE\">Spinat<\/p>\n<\/td>\n<td width=\"109\">\n<p lang=\"de-DE\">Sonne bis Halbschatten<\/p>\n<\/td>\n<td width=\"109\">\n<p lang=\"de-DE\">7 cm<\/p>\n<\/td>\n<td width=\"109\">\n<p lang=\"de-DE\">Ab April<\/p>\n<\/td>\n<td width=\"109\">\n<ul>\n<li>\n<p lang=\"de-DE\">Gut gie\u00dfen<\/p>\n<\/li>\n<li>\n<p lang=\"de-DE\">Nicht d\u00fcngen<\/p>\n<\/li>\n<\/ul>\n<\/td>\n<\/tr>\n<tr valign=\"TOP\">\n<td width=\"101\">\n<p lang=\"de-DE\">Stangensellerie<\/p>\n<\/td>\n<td width=\"109\">\n<p lang=\"de-DE\">Sonne<\/p>\n<\/td>\n<td width=\"109\">\n<p lang=\"de-DE\">50 cm<\/p>\n<\/td>\n<td width=\"109\">\n<p lang=\"de-DE\">Ab Juli<\/p>\n<\/td>\n<td width=\"109\">\n<ul>\n<li>\n<p lang=\"de-DE\">Regelm\u00e4\u00dfig gie\u00dfen<\/p>\n<\/li>\n<li>\n<p lang=\"de-DE\">Boden lockern<\/p>\n<\/li>\n<li>\n<p lang=\"de-DE\">Unkraut entfernen<\/p>\n<\/li>\n<\/ul>\n<\/td>\n<\/tr>\n<tr valign=\"TOP\">\n<td width=\"101\">\n<p lang=\"de-DE\">Tomaten<\/p>\n<\/td>\n<td width=\"109\">\n<p lang=\"de-DE\">Sonne<\/p>\n<\/td>\n<td width=\"109\">\n<p lang=\"de-DE\">50 cm<\/p>\n<\/td>\n<td width=\"109\">\n<p lang=\"de-DE\">Ab Juli<\/p>\n<\/td>\n<td width=\"109\">\n<ul>\n<li>\n<p lang=\"de-DE\">Feucht halten<\/p>\n<\/li>\n<li>\n<p lang=\"de-DE\">Regelm\u00e4\u00dfig d\u00fcngen<\/p>\n<\/li>\n<li>\n<p lang=\"de-DE\">Ausgeizen!<\/p>\n<\/li>\n<li>\n<p lang=\"de-DE\">An Rankhilfe denken<\/p>\n<\/li>\n<\/ul>\n<\/td>\n<\/tr>\n<tr valign=\"TOP\">\n<td width=\"101\">\n<p lang=\"de-DE\">Wirsing<\/p>\n<\/td>\n<td width=\"109\">\n<p lang=\"de-DE\">Sonne bis Halbschatten<\/p>\n<\/td>\n<td width=\"109\">\n<p lang=\"de-DE\">40 cm<\/p>\n<\/td>\n<td width=\"109\">\n<p lang=\"de-DE\">Ab Juni<\/p>\n<\/td>\n<td width=\"109\">\n<ul>\n<li>\n<p lang=\"de-DE\">Gut gie\u00dfen<\/p>\n<\/li>\n<li>\n<p lang=\"de-DE\">Regelm\u00e4\u00dfig d\u00fcngen<\/p>\n<\/li>\n<li>\n<p lang=\"de-DE\">Kompost einarbeiten<\/p>\n<\/li>\n<li>\n<p lang=\"de-DE\">Boden mulchen<\/p>\n<\/li>\n<\/ul>\n<\/td>\n<\/tr>\n<tr valign=\"TOP\">\n<td width=\"101\">\n<p lang=\"de-DE\">Zucchini<\/p>\n<\/td>\n<td width=\"109\">\n<p lang=\"de-DE\">Sonne<\/p>\n<\/td>\n<td width=\"109\">\n<p lang=\"de-DE\">150 cm<\/p>\n<\/td>\n<td width=\"109\">\n<p lang=\"de-DE\">Ab Juli<\/p>\n<\/td>\n<td width=\"109\">\n<ul>\n<li>\n<p lang=\"de-DE\">Viel gie\u00dfen<\/p>\n<\/li>\n<li>\n<p lang=\"de-DE\">Regelm\u00e4\u00dfig d\u00fcngen<\/p>\n<\/li>\n<\/ul>\n<\/td>\n<\/tr>\n<\/tbody>\n<\/table>\n<h2 lang=\"de-DE\"><span class=\"ez-toc-section\" id=\"Aussaat_im_April_%E2%80%93_Kraeuter_in_Vorkultur\"><\/span>Aussaat im April \u2013 Kr\u00e4uter in Vorkultur<span class=\"ez-toc-section-end\"><\/span><\/h2>\n<p lang=\"de-DE\">Es gibt viele Kr\u00e4uter, die das ganze Jahr \u00fcber drinnen ausges\u00e4t werden k\u00f6nnen. Andere, die Sie gerne nach drau\u00dfen pflanzen m\u00f6chten, wie etwa Basilikum, sollten im April ebenfalls noch in Vorkultur gehen, da sie anf\u00e4llig f\u00fcr Fr\u00f6ste sind.<\/p>\n<table class=\"custom-table-1\" width=\"100%\" cellspacing=\"0\" cellpadding=\"4\">\n<tbody>\n<tr valign=\"TOP\">\n<td width=\"101\">\n<p lang=\"de-DE\"><strong>Kr\u00e4utersorte<\/strong><\/p>\n<\/td>\n<td width=\"109\">\n<p lang=\"de-DE\"><strong>Standort<\/strong><\/p>\n<\/td>\n<td width=\"109\">\n<p lang=\"de-DE\"><strong>Pflanzabstand<\/strong><\/p>\n<\/td>\n<td width=\"109\">\n<p lang=\"de-DE\"><strong>Ernte<\/strong><\/p>\n<\/td>\n<td width=\"109\">\n<p lang=\"de-DE\"><strong>Pflege<\/strong><\/p>\n<\/td>\n<\/tr>\n<tr valign=\"TOP\">\n<td width=\"101\"><\/td>\n<td width=\"109\"><\/td>\n<td width=\"109\"><\/td>\n<td width=\"109\"><\/td>\n<td width=\"109\"><\/td>\n<\/tr>\n<tr valign=\"TOP\">\n<td width=\"101\">\n<p lang=\"de-DE\">Basilikum<\/p>\n<\/td>\n<td width=\"109\">\n<p lang=\"de-DE\">Sonne<\/p>\n<\/td>\n<td width=\"109\">\n<p lang=\"de-DE\">25 cm<\/p>\n<\/td>\n<td width=\"109\">\n<p lang=\"de-DE\">Ab Juli<\/p>\n<\/td>\n<td width=\"109\">\n<ul>\n<li>\n<p lang=\"de-DE\">Gut gie\u00dfen<\/p>\n<\/li>\n<li>\n<p lang=\"de-DE\">Ab und zu d\u00fcngen<\/p>\n<\/li>\n<\/ul>\n<\/td>\n<\/tr>\n<tr valign=\"TOP\">\n<td width=\"101\">\n<p lang=\"de-DE\">Dill<\/p>\n<\/td>\n<td width=\"109\">\n<p lang=\"de-DE\">Sonne<\/p>\n<\/td>\n<td width=\"109\">\n<p lang=\"de-DE\">15 cm<\/p>\n<\/td>\n<td width=\"109\">\n<p lang=\"de-DE\">Ab Juni<\/p>\n<\/td>\n<td width=\"109\">\n<ul>\n<li>\n<p lang=\"de-DE\">Feucht halten<\/p>\n<\/li>\n<li>\n<p lang=\"de-DE\">Nicht zwingend d\u00fcngen<\/p>\n<\/li>\n<\/ul>\n<\/td>\n<\/tr>\n<tr valign=\"TOP\">\n<td width=\"101\">\n<p lang=\"de-DE\">Estragon<\/p>\n<\/td>\n<td width=\"109\">\n<p lang=\"de-DE\">Sonne bis Halbschatten<\/p>\n<\/td>\n<td width=\"109\">\n<p lang=\"de-DE\">40 cm<\/p>\n<\/td>\n<td width=\"109\">\n<p lang=\"de-DE\">Ab Juli<\/p>\n<\/td>\n<td width=\"109\">\n<ul>\n<li>\n<p lang=\"de-DE\">Feucht halten<\/p>\n<\/li>\n<li>\n<p lang=\"de-DE\">Wenig d\u00fcngen<\/p>\n<\/li>\n<li>\n<p lang=\"de-DE\">Unkrautfrei halten<\/p>\n<\/li>\n<li>\n<p lang=\"de-DE\">Windgesch\u00fctzt<\/p>\n<\/li>\n<\/ul>\n<\/td>\n<\/tr>\n<tr valign=\"TOP\">\n<td width=\"101\">\n<p lang=\"de-DE\">Koriander<\/p>\n<\/td>\n<td width=\"109\">\n<p lang=\"de-DE\">Sonne, Halbschatten, Schatten<\/p>\n<\/td>\n<td width=\"109\">\n<p lang=\"de-DE\">20 bis 30 cm<\/p>\n<\/td>\n<td width=\"109\">\n<p lang=\"de-DE\">Ab Mai<\/p>\n<\/td>\n<td width=\"109\">\n<ul>\n<li>\n<p lang=\"de-DE\">Regelm\u00e4\u00dfig gie\u00dfen<\/p>\n<\/li>\n<li>\n<p lang=\"de-DE\">D\u00fcngen nicht notwendig<\/p>\n<\/li>\n<li>\n<p lang=\"de-DE\">Unkraut entfernen<\/p>\n<\/li>\n<\/ul>\n<\/td>\n<\/tr>\n<tr valign=\"TOP\">\n<td width=\"101\">\n<p lang=\"de-DE\">Majoran<\/p>\n<\/td>\n<td width=\"109\">\n<p lang=\"de-DE\">Sonne<\/p>\n<\/td>\n<td width=\"109\">\n<p lang=\"de-DE\">25 cm<\/p>\n<\/td>\n<td width=\"109\">\n<p lang=\"de-DE\">Ab Mai<\/p>\n<\/td>\n<td width=\"109\">\n<ul>\n<li>\n<p lang=\"de-DE\">Wenig gie\u00dfen<\/p>\n<\/li>\n<li>\n<p lang=\"de-DE\">Nicht d\u00fcngen<\/p>\n<\/li>\n<\/ul>\n<\/td>\n<\/tr>\n<tr valign=\"TOP\">\n<td width=\"101\">\n<p lang=\"de-DE\">Oregano<\/p>\n<\/td>\n<td width=\"109\">\n<p lang=\"de-DE\">Sonne<\/p>\n<\/td>\n<td width=\"109\">\n<p lang=\"de-DE\">30 cm<\/p>\n<\/td>\n<td width=\"109\">\n<p lang=\"de-DE\">Ab April<\/p>\n<\/td>\n<td width=\"109\">\n<ul>\n<li>\n<p lang=\"de-DE\">M\u00e4\u00dfig gie\u00dfen<\/p>\n<\/li>\n<li>\n<p lang=\"de-DE\">D\u00fcngen nicht notwendig<\/p>\n<\/li>\n<\/ul>\n<\/td>\n<\/tr>\n<tr valign=\"TOP\">\n<td width=\"101\">\n<p lang=\"de-DE\">Pfefferminze<\/p>\n<\/td>\n<td width=\"109\">\n<p lang=\"de-DE\">Sonne bis Halbschatten<\/p>\n<\/td>\n<td width=\"109\">\n<p lang=\"de-DE\">30 cm<\/p>\n<\/td>\n<td width=\"109\">\n<p lang=\"de-DE\">Ab Juni<\/p>\n<\/td>\n<td width=\"109\">\n<ul>\n<li>\n<p lang=\"de-DE\">Feucht halten<\/p>\n<\/li>\n<li>\n<p lang=\"de-DE\">D\u00fcngen nicht n\u00f6tig<\/p>\n<\/li>\n<li>\n<p lang=\"de-DE\">An Wurzelsperre denken<\/p>\n<\/li>\n<\/ul>\n<\/td>\n<\/tr>\n<tr valign=\"TOP\">\n<td width=\"101\">\n<p lang=\"de-DE\">Rosmarin<\/p>\n<\/td>\n<td width=\"109\">\n<p lang=\"de-DE\">Sonne<\/p>\n<\/td>\n<td width=\"109\">\n<p lang=\"de-DE\">30 bis 40 cm<\/p>\n<\/td>\n<td width=\"109\">\n<p lang=\"de-DE\">Ab Juni<\/p>\n<\/td>\n<td width=\"109\">\n<ul>\n<li>\n<p lang=\"de-DE\">Wenig gie\u00dfen<\/p>\n<\/li>\n<li>\n<p lang=\"de-DE\">Keine Staun\u00e4sse<\/p>\n<\/li>\n<li>\n<p lang=\"de-DE\">Nicht d\u00fcngen<\/p>\n<\/li>\n<\/ul>\n<\/td>\n<\/tr>\n<tr valign=\"TOP\">\n<td width=\"101\">\n<p lang=\"de-DE\">Salbei<\/p>\n<\/td>\n<td width=\"109\">\n<p lang=\"de-DE\">Sonne<\/p>\n<\/td>\n<td width=\"109\">\n<p lang=\"de-DE\">30 bis 40 cm<\/p>\n<\/td>\n<td width=\"109\">\n<p lang=\"de-DE\">Ab Juni<\/p>\n<\/td>\n<td width=\"109\">\n<ul>\n<li>\n<p lang=\"de-DE\">Wenig gie\u00dfen<\/p>\n<\/li>\n<li>\n<p lang=\"de-DE\">Wenig d\u00fcngen<\/p>\n<\/li>\n<\/ul>\n<\/td>\n<\/tr>\n<tr valign=\"TOP\">\n<td width=\"101\">\n<p lang=\"de-DE\">Schnittknoblauch<\/p>\n<\/td>\n<td width=\"109\">\n<p lang=\"de-DE\">Sonne bis Halbschatten<\/p>\n<\/td>\n<td width=\"109\">\n<p lang=\"de-DE\">20 bis 25 cm<\/p>\n<\/td>\n<td width=\"109\">\n<p lang=\"de-DE\">Ab Juni<\/p>\n<\/td>\n<td width=\"109\">\n<ul>\n<li>\n<p lang=\"de-DE\">Feucht halten<\/p>\n<\/li>\n<li>\n<p lang=\"de-DE\">Unkraut entfernen<\/p>\n<\/li>\n<li>\n<p lang=\"de-DE\">Kompost aufbringen<\/p>\n<\/li>\n<\/ul>\n<\/td>\n<\/tr>\n<tr valign=\"TOP\">\n<td width=\"101\">\n<p lang=\"de-DE\">Thymian<\/p>\n<\/td>\n<td width=\"109\">\n<p lang=\"de-DE\">Sonne<\/p>\n<\/td>\n<td width=\"109\">\n<p lang=\"de-DE\">20 bis 25 cm<\/p>\n<\/td>\n<td width=\"109\">\n<p lang=\"de-DE\">Ab Juli<\/p>\n<\/td>\n<td width=\"109\">\n<ul>\n<li>\n<p lang=\"de-DE\">Regelm\u00e4\u00dfig gie\u00dfen<\/p>\n<\/li>\n<li>\n<p lang=\"de-DE\">Wenig d\u00fcngen<\/p>\n<\/li>\n<\/ul>\n<\/td>\n<\/tr>\n<tr valign=\"TOP\">\n<td width=\"101\">\n<p lang=\"de-DE\">Zitronenmelisse<\/p>\n<\/td>\n<td width=\"109\">\n<p lang=\"de-DE\">Sonne bis Halbschatten<\/p>\n<\/td>\n<td width=\"109\">\n<p lang=\"de-DE\">45 cm<\/p>\n<\/td>\n<td width=\"109\">\n<p lang=\"de-DE\">Ab Juli<\/p>\n<\/td>\n<td width=\"109\">\n<ul>\n<li>\n<p lang=\"de-DE\">Feucht halten<\/p>\n<\/li>\n<li>\n<p lang=\"de-DE\">D\u00fcngen nicht n\u00f6tig<\/p>\n<\/li>\n<li>\n<p lang=\"de-DE\">An Wurzelsperre denken<\/p>\n<\/li>\n<\/ul>\n<\/td>\n<\/tr>\n<\/tbody>\n<\/table>\n<h2 lang=\"de-DE\"><span class=\"ez-toc-section\" id=\"Aussaat_im_April_%E2%80%93_Blumen_in_Vorkultur\"><\/span>Aussaat im April \u2013 Blumen in Vorkultur<span class=\"ez-toc-section-end\"><\/span><\/h2>\n<p lang=\"de-DE\">Gehen wir zum Schluss noch mal nach drinnen und sehen uns an, mit welchen Blumen Sie im April noch in Vorkultur gehen k\u00f6nnen, was bei manchen, die frostempfindlich sind, durchaus sinnvoll ist.<\/p>\n<table class=\"custom-table-1\" width=\"100%\" cellspacing=\"0\" cellpadding=\"4\">\n<tbody>\n<tr valign=\"TOP\">\n<td width=\"101\">\n<p lang=\"de-DE\"><strong>Pflanzensorte<\/strong><\/p>\n<\/td>\n<td width=\"108\">\n<p lang=\"de-DE\"><strong>Standort<\/strong><\/p>\n<\/td>\n<td width=\"108\">\n<p lang=\"de-DE\"><strong>Pflanzabstand<\/strong><\/p>\n<\/td>\n<td width=\"108\">\n<p lang=\"de-DE\"><strong>Bl\u00fcte<\/strong><\/p>\n<\/td>\n<td width=\"115\">\n<p lang=\"de-DE\"><strong>Pflege<\/strong><\/p>\n<\/td>\n<\/tr>\n<tr valign=\"TOP\">\n<td width=\"101\"><\/td>\n<td width=\"108\"><\/td>\n<td width=\"108\"><\/td>\n<td width=\"108\"><\/td>\n<td width=\"115\"><\/td>\n<\/tr>\n<tr valign=\"TOP\">\n<td width=\"101\">\n<p lang=\"de-DE\">Akelei<\/p>\n<\/td>\n<td width=\"108\">\n<p lang=\"de-DE\">Sonne bis Halbschatten<\/p>\n<\/td>\n<td width=\"108\">\n<p lang=\"de-DE\">30 cm<\/p>\n<\/td>\n<td width=\"108\">\n<p lang=\"de-DE\">Ab Mai<\/p>\n<\/td>\n<td width=\"115\">\n<ul>\n<li>\n<p lang=\"de-DE\">Feucht halten<\/p>\n<\/li>\n<li>\n<p lang=\"de-DE\">Keine Staun\u00e4sse<\/p>\n<\/li>\n<li>\n<p lang=\"de-DE\">D\u00fcngen nicht notwendig<\/p>\n<\/li>\n<li>\n<p lang=\"de-DE\">Winterhart<\/p>\n<\/li>\n<\/ul>\n<\/td>\n<\/tr>\n<tr valign=\"TOP\">\n<td width=\"101\">\n<p lang=\"de-DE\">Astern<\/p>\n<\/td>\n<td width=\"108\">\n<p lang=\"de-DE\">Sonne<\/p>\n<\/td>\n<td width=\"108\">\n<p lang=\"de-DE\">25 cm<\/p>\n<\/td>\n<td width=\"108\">\n<p lang=\"de-DE\">Ab Juni<\/p>\n<\/td>\n<td width=\"115\">\n<ul>\n<li>\n<p lang=\"de-DE\">Feucht halten<\/p>\n<\/li>\n<li>\n<p lang=\"de-DE\">Regelm\u00e4\u00dfig d\u00fcngen<\/p>\n<\/li>\n<li>\n<p lang=\"de-DE\">Winterhart<\/p>\n<\/li>\n<\/ul>\n<\/td>\n<\/tr>\n<tr valign=\"TOP\">\n<td width=\"101\">\n<p lang=\"de-DE\">Bechermalve<\/p>\n<\/td>\n<td width=\"108\">\n<p lang=\"de-DE\">Sonne bis Halbschatten<\/p>\n<\/td>\n<td width=\"108\">\n<p lang=\"de-DE\">40 cm<\/p>\n<\/td>\n<td width=\"108\">\n<p lang=\"de-DE\">Ab Juli<\/p>\n<\/td>\n<td width=\"115\">\n<ul>\n<li>\n<p lang=\"de-DE\">Regem\u00e4\u00dfig gie\u00dfen<\/p>\n<\/li>\n<li>\n<p lang=\"de-DE\">Nicht d\u00fcngen<\/p>\n<\/li>\n<li>\n<p lang=\"de-DE\">Frostempfindlich<\/p>\n<\/li>\n<\/ul>\n<\/td>\n<\/tr>\n<tr valign=\"TOP\">\n<td width=\"101\">\n<p lang=\"de-DE\">Blaukissen<\/p>\n<\/td>\n<td width=\"108\">\n<p lang=\"de-DE\">Sonne<\/p>\n<\/td>\n<td width=\"108\">\n<p lang=\"de-DE\">20 cm<\/p>\n<\/td>\n<td width=\"108\">\n<p lang=\"de-DE\">Ab April<\/p>\n<\/td>\n<td width=\"115\">\n<ul>\n<li>\n<p lang=\"de-DE\">Regelm\u00e4\u00dfig gie\u00dfen<\/p>\n<\/li>\n<li>\n<p lang=\"de-DE\">Keine Staun\u00e4sse<\/p>\n<\/li>\n<li>\n<p lang=\"de-DE\">Nicht d\u00fcngen<\/p>\n<\/li>\n<li>\n<p lang=\"de-DE\">Winterhart<\/p>\n<\/li>\n<\/ul>\n<\/td>\n<\/tr>\n<tr valign=\"TOP\">\n<td width=\"101\">\n<p lang=\"de-DE\">Chrysanthemen<\/p>\n<\/td>\n<td width=\"108\">\n<p lang=\"de-DE\">Halbschatten<\/p>\n<\/td>\n<td width=\"108\">\n<p lang=\"de-DE\">60 cm<\/p>\n<\/td>\n<td width=\"108\">\n<p lang=\"de-DE\">Ab August<\/p>\n<\/td>\n<td width=\"115\">\n<ul>\n<li>\n<p lang=\"de-DE\">Gut gie\u00dfen<\/p>\n<\/li>\n<li>\n<p lang=\"de-DE\">Regelm\u00e4\u00dfig d\u00fcngen<\/p>\n<\/li>\n<li>\n<p lang=\"de-DE\">Kompost einarbeiten<\/p>\n<\/li>\n<li>\n<p lang=\"de-DE\">Winterhart<\/p>\n<\/li>\n<\/ul>\n<\/td>\n<\/tr>\n<tr valign=\"TOP\">\n<td width=\"101\">\n<p lang=\"de-DE\">Edelwei\u00df<\/p>\n<\/td>\n<td width=\"108\">\n<p lang=\"de-DE\">Sonne<\/p>\n<\/td>\n<td width=\"108\">\n<p lang=\"de-DE\">20 bis 30 cm<\/p>\n<\/td>\n<td width=\"108\">\n<p lang=\"de-DE\">Ab Juni<\/p>\n<\/td>\n<td width=\"115\">\n<ul>\n<li>\n<p lang=\"de-DE\">Regelm\u00e4\u00dfig gie\u00dfen<\/p>\n<\/li>\n<li>\n<p lang=\"de-DE\">Nicht d\u00fcngen<\/p>\n<\/li>\n<li>\n<p lang=\"de-DE\">Alle paar Jahre teilen<\/p>\n<\/li>\n<li>\n<p lang=\"de-DE\">Winterhart<\/p>\n<\/li>\n<\/ul>\n<\/td>\n<\/tr>\n<tr valign=\"TOP\">\n<td width=\"101\">\n<p lang=\"de-DE\">Eisenkraut<\/p>\n<\/td>\n<td width=\"108\">\n<p lang=\"de-DE\">Sonne<\/p>\n<\/td>\n<td width=\"108\">\n<p lang=\"de-DE\">30 bis 40 cm<\/p>\n<\/td>\n<td width=\"108\">\n<p lang=\"de-DE\">Ab Juni<\/p>\n<\/td>\n<td width=\"115\">\n<ul>\n<li>\n<p lang=\"de-DE\">Feucht halten<\/p>\n<\/li>\n<li>\n<p lang=\"de-DE\">Regelm\u00e4\u00dfig d\u00fcngen<\/p>\n<\/li>\n<li>\n<p lang=\"de-DE\">Winterhart<\/p>\n<\/li>\n<li>\n<p lang=\"de-DE\">Schwach giftig<\/p>\n<\/li>\n<\/ul>\n<\/td>\n<\/tr>\n<tr valign=\"TOP\">\n<td width=\"101\">\n<p lang=\"de-DE\">Fingerhut<\/p>\n<\/td>\n<td width=\"108\">\n<p lang=\"de-DE\">Halbschatten bis Schatten<\/p>\n<\/td>\n<td width=\"108\">\n<p lang=\"de-DE\">30 bis 60 cm<\/p>\n<\/td>\n<td width=\"108\">\n<p lang=\"de-DE\">Ab Juni<\/p>\n<\/td>\n<td width=\"115\">\n<ul>\n<li>\n<p lang=\"de-DE\">Regelm\u00e4\u00dfig gie\u00dfen<\/p>\n<\/li>\n<li>\n<p lang=\"de-DE\">Boden mulchen<\/p>\n<\/li>\n<li>\n<p lang=\"de-DE\">Winterhart<\/p>\n<\/li>\n<li>\n<p lang=\"de-DE\">Giftig<\/p>\n<\/li>\n<\/ul>\n<\/td>\n<\/tr>\n<tr valign=\"TOP\">\n<td width=\"101\">\n<p lang=\"de-DE\">Flei\u00dfiges Lieschen<\/p>\n<\/td>\n<td width=\"108\">\n<p lang=\"de-DE\">Sonne<\/p>\n<\/td>\n<td width=\"108\">\n<p lang=\"de-DE\">20 cm<\/p>\n<\/td>\n<td width=\"108\">\n<p lang=\"de-DE\">Ab Juni<\/p>\n<\/td>\n<td width=\"115\">\n<ul>\n<li>\n<p lang=\"de-DE\">M\u00e4\u00dfig gie\u00dfen<\/p>\n<\/li>\n<li>\n<p lang=\"de-DE\">Ab und zu d\u00fcngen<\/p>\n<\/li>\n<li>\n<p lang=\"de-DE\">Nicht winterhart<\/p>\n<\/li>\n<\/ul>\n<\/td>\n<\/tr>\n<tr valign=\"TOP\">\n<td width=\"101\">\n<p lang=\"de-DE\">G\u00e4nsebl\u00fcmchen<\/p>\n<\/td>\n<td width=\"108\">\n<p lang=\"de-DE\">Sonne bis Halbschatten<\/p>\n<\/td>\n<td width=\"108\">\n<p lang=\"de-DE\">15 cm<\/p>\n<\/td>\n<td width=\"108\">\n<p lang=\"de-DE\">Ab Mai<\/p>\n<\/td>\n<td width=\"115\">\n<ul>\n<li>\n<p lang=\"de-DE\">Ab und an gie\u00dfen<\/p>\n<\/li>\n<li>\n<p lang=\"de-DE\">D\u00fcngen nicht n\u00f6tig<\/p>\n<\/li>\n<li>\n<p lang=\"de-DE\">Winterhart<\/p>\n<\/li>\n<\/ul>\n<\/td>\n<\/tr>\n<tr valign=\"TOP\">\n<td width=\"101\">\n<p lang=\"de-DE\">Gerbera<\/p>\n<\/td>\n<td width=\"108\">\n<p lang=\"de-DE\">Sonne<\/p>\n<\/td>\n<td width=\"108\">\n<p lang=\"de-DE\">40 bis 50 cm<\/p>\n<\/td>\n<td width=\"108\">\n<p lang=\"de-DE\">Ab April<\/p>\n<\/td>\n<td width=\"115\">\n<ul>\n<li>\n<p lang=\"de-DE\">Regelm\u00e4\u00dfig gie\u00dfen<\/p>\n<\/li>\n<li>\n<p lang=\"de-DE\">Keine Staun\u00e4sse<\/p>\n<\/li>\n<li>\n<p lang=\"de-DE\">Regelm\u00e4\u00dfig d\u00fcngen<\/p>\n<\/li>\n<li>\n<p lang=\"de-DE\">Frostempfindlich<\/p>\n<\/li>\n<li>\n<p lang=\"de-DE\">Leicht giftig<\/p>\n<\/li>\n<\/ul>\n<\/td>\n<\/tr>\n<tr valign=\"TOP\">\n<td width=\"101\">\n<p lang=\"de-DE\">Kapuzinerkresse<\/p>\n<\/td>\n<td width=\"108\">\n<p lang=\"de-DE\">Sonne bis Halbschatten<\/p>\n<\/td>\n<td width=\"108\">\n<p lang=\"de-DE\">30 cm<\/p>\n<\/td>\n<td width=\"108\">\n<p lang=\"de-DE\">Ab Juli<\/p>\n<\/td>\n<td width=\"115\">\n<ul>\n<li>\n<p lang=\"de-DE\">Viel gie\u00dfen<\/p>\n<\/li>\n<li>\n<p lang=\"de-DE\">Nicht d\u00fcngen<\/p>\n<\/li>\n<li>\n<p lang=\"de-DE\">An Rankhilfe denken<\/p>\n<\/li>\n<li>\n<p lang=\"de-DE\">Einj\u00e4hrig<\/p>\n<\/li>\n<\/ul>\n<\/td>\n<\/tr>\n<tr valign=\"TOP\">\n<td width=\"101\">\n<p lang=\"de-DE\">Kokardenblume<\/p>\n<\/td>\n<td width=\"108\">\n<p lang=\"de-DE\">Sonne<\/p>\n<\/td>\n<td width=\"108\">\n<p lang=\"de-DE\">30 cm<\/p>\n<\/td>\n<td width=\"108\">\n<p lang=\"de-DE\">Ab Juli<\/p>\n<\/td>\n<td width=\"115\">\n<ul>\n<li>\n<p lang=\"de-DE\">Gut gie\u00dfen<\/p>\n<\/li>\n<li>\n<p lang=\"de-DE\">D\u00fcngen nicht notwendig<\/p>\n<\/li>\n<li>\n<p lang=\"de-DE\">Im Herbst bodennah zur\u00fcckschneiden<\/p>\n<\/li>\n<li>\n<p lang=\"de-DE\">Winterhart<\/p>\n<\/li>\n<\/ul>\n<\/td>\n<\/tr>\n<tr valign=\"TOP\">\n<td width=\"101\">\n<p lang=\"de-DE\">Kornblumen<\/p>\n<\/td>\n<td width=\"108\">\n<p lang=\"de-DE\">Sonne<\/p>\n<\/td>\n<td width=\"108\">\n<p lang=\"de-DE\">15 cm<\/p>\n<\/td>\n<td width=\"108\">\n<p lang=\"de-DE\">Ab Juni<\/p>\n<\/td>\n<td width=\"115\">\n<ul>\n<li>\n<p lang=\"de-DE\">Sparsam gie\u00dfen<\/p>\n<\/li>\n<li>\n<p lang=\"de-DE\">Nicht d\u00fcngen<\/p>\n<\/li>\n<li>\n<p lang=\"de-DE\">Nicht winterhart<\/p>\n<\/li>\n<\/ul>\n<\/td>\n<\/tr>\n<tr valign=\"TOP\">\n<td width=\"101\">\n<p lang=\"de-DE\">Leberbalsam<\/p>\n<\/td>\n<td width=\"108\">\n<p lang=\"de-DE\">Sonne<\/p>\n<\/td>\n<td width=\"108\">\n<p lang=\"de-DE\">20 cm<\/p>\n<\/td>\n<td width=\"108\">\n<p lang=\"de-DE\">Ab Juni<\/p>\n<\/td>\n<td width=\"115\">\n<ul>\n<li>\n<p lang=\"de-DE\">Regelm\u00e4\u00dfig gie\u00dfen<\/p>\n<\/li>\n<li>\n<p lang=\"de-DE\">Ab und zu d\u00fcngen<\/p>\n<\/li>\n<li>\n<p lang=\"de-DE\">Nicht winterhart<\/p>\n<\/li>\n<li>\n<p lang=\"de-DE\">Giftig<\/p>\n<\/li>\n<\/ul>\n<\/td>\n<\/tr>\n<tr valign=\"TOP\">\n<td width=\"101\">\n<p lang=\"de-DE\">L\u00f6wenm\u00e4ulchen<\/p>\n<\/td>\n<td width=\"108\">\n<p lang=\"de-DE\">Sonne bis Halbschatten<\/p>\n<\/td>\n<td width=\"108\">\n<p lang=\"de-DE\">25 cm<\/p>\n<\/td>\n<td width=\"108\">\n<p lang=\"de-DE\">Ab Juni<\/p>\n<\/td>\n<td width=\"115\">\n<ul>\n<li>\n<p lang=\"de-DE\">Gut gie\u00dfen<\/p>\n<\/li>\n<li>\n<p lang=\"de-DE\">Regelm\u00e4\u00dfig d\u00fcngen<\/p>\n<\/li>\n<li>\n<p lang=\"de-DE\">Bodennah ausputzen<\/p>\n<\/li>\n<li>\n<p lang=\"de-DE\">Einj\u00e4hrig<\/p>\n<\/li>\n<\/ul>\n<\/td>\n<\/tr>\n<tr valign=\"TOP\">\n<td width=\"101\">\n<p lang=\"de-DE\">M\u00e4nnertreu<\/p>\n<\/td>\n<td width=\"108\">\n<p lang=\"de-DE\">Sonne<\/p>\n<\/td>\n<td width=\"108\">\n<p lang=\"de-DE\">10 cm<\/p>\n<\/td>\n<td width=\"108\">\n<p lang=\"de-DE\">Ab Mai<\/p>\n<\/td>\n<td width=\"115\">\n<ul>\n<li>\n<p lang=\"de-DE\">Viel gie\u00dfen<\/p>\n<\/li>\n<li>\n<p lang=\"de-DE\">Keine Staun\u00e4sse<\/p>\n<\/li>\n<li>\n<p lang=\"de-DE\">Regelm\u00e4\u00dfig d\u00fcngen<\/p>\n<\/li>\n<li>\n<p lang=\"de-DE\">Nicht winterhart<\/p>\n<\/li>\n<\/ul>\n<\/td>\n<\/tr>\n<tr valign=\"TOP\">\n<td width=\"101\">\n<p lang=\"de-DE\">Mittagsblumen<\/p>\n<\/td>\n<td width=\"108\">\n<p lang=\"de-DE\">Sonne<\/p>\n<\/td>\n<td width=\"108\">\n<p lang=\"de-DE\">30 cm<\/p>\n<\/td>\n<td width=\"108\">\n<p lang=\"de-DE\">Ab Juni<\/p>\n<\/td>\n<td width=\"115\">\n<ul>\n<li>\n<p lang=\"de-DE\">Wenig gie\u00dfen<\/p>\n<\/li>\n<li>\n<p lang=\"de-DE\">Nicht d\u00fcngen<\/p>\n<\/li>\n<li>\n<p lang=\"de-DE\">Einj\u00e4hrig<\/p>\n<\/li>\n<\/ul>\n<\/td>\n<\/tr>\n<tr valign=\"TOP\">\n<td width=\"101\">\n<p lang=\"de-DE\">Nelken<\/p>\n<\/td>\n<td width=\"108\">\n<p lang=\"de-DE\">Sonne<\/p>\n<\/td>\n<td width=\"108\">\n<p lang=\"de-DE\">20 bis 30 cm<\/p>\n<\/td>\n<td width=\"108\">\n<p lang=\"de-DE\">Ab Juni<\/p>\n<\/td>\n<td width=\"115\">\n<ul>\n<li>\n<p lang=\"de-DE\">Wenig gie\u00dfen<\/p>\n<\/li>\n<li>\n<p lang=\"de-DE\">D\u00fcngen nicht notwendig<\/p>\n<\/li>\n<li>\n<p lang=\"de-DE\">Winterhart<\/p>\n<\/li>\n<\/ul>\n<\/td>\n<\/tr>\n<tr valign=\"TOP\">\n<td width=\"101\">\n<p lang=\"de-DE\">Passionsblumen<\/p>\n<\/td>\n<td width=\"108\">\n<p lang=\"de-DE\">Sonne<\/p>\n<\/td>\n<td width=\"108\">\n<p lang=\"de-DE\">50 cm<\/p>\n<\/td>\n<td width=\"108\">\n<p lang=\"de-DE\">Ab Juni<\/p>\n<\/td>\n<td width=\"115\">\n<ul>\n<li>\n<p lang=\"de-DE\">Regelm\u00e4\u00dfig gie\u00dfen<\/p>\n<\/li>\n<li>\n<p lang=\"de-DE\">Keine Staun\u00e4sse<\/p>\n<\/li>\n<li>\n<p lang=\"de-DE\">Nicht winterhart<\/p>\n<\/li>\n<\/ul>\n<\/td>\n<\/tr>\n<tr valign=\"TOP\">\n<td width=\"101\">\n<p lang=\"de-DE\">Petunien<\/p>\n<\/td>\n<td width=\"108\">\n<p lang=\"de-DE\">Sonne<\/p>\n<\/td>\n<td width=\"108\">\n<p lang=\"de-DE\">20 bis 25 cm<\/p>\n<\/td>\n<td width=\"108\">\n<p lang=\"de-DE\">Ab Mai<\/p>\n<\/td>\n<td width=\"115\">\n<ul>\n<li>\n<p lang=\"de-DE\">Viel gie\u00dfen<\/p>\n<\/li>\n<li>\n<p lang=\"de-DE\">Regelm\u00e4\u00dfig d\u00fcngen<\/p>\n<\/li>\n<li>\n<p lang=\"de-DE\">Nicht winterhart<\/p>\n<\/li>\n<\/ul>\n<\/td>\n<\/tr>\n<tr valign=\"TOP\">\n<td width=\"101\">\n<p lang=\"de-DE\">Prachtkerzen<\/p>\n<\/td>\n<td width=\"108\">\n<p lang=\"de-DE\">Sonne<\/p>\n<\/td>\n<td width=\"108\">\n<p lang=\"de-DE\">30 cm<\/p>\n<\/td>\n<td width=\"108\">\n<p lang=\"de-DE\">Ab Juni<\/p>\n<\/td>\n<td width=\"115\">\n<ul>\n<li>\n<p lang=\"de-DE\">M\u00e4\u00dfig gie\u00dfen<\/p>\n<\/li>\n<li>\n<p lang=\"de-DE\">Nicht d\u00fcngen<\/p>\n<\/li>\n<li>\n<p lang=\"de-DE\">Winterhart<\/p>\n<\/li>\n<\/ul>\n<\/td>\n<\/tr>\n<tr valign=\"TOP\">\n<td width=\"101\">\n<p lang=\"de-DE\">Prachtscharte<\/p>\n<\/td>\n<td width=\"108\">\n<p lang=\"de-DE\">Sonne<\/p>\n<\/td>\n<td width=\"108\">\n<p lang=\"de-DE\">25 cm<\/p>\n<\/td>\n<td width=\"108\">\n<p lang=\"de-DE\">Ab Juli<\/p>\n<\/td>\n<td width=\"115\">\n<ul>\n<li>\n<p lang=\"de-DE\">Gut gie\u00dfen<\/p>\n<\/li>\n<li>\n<p lang=\"de-DE\">Keine Staun\u00e4sse<\/p>\n<\/li>\n<li>\n<p lang=\"de-DE\">Im Fr\u00fchling Kompost geben<\/p>\n<\/li>\n<li>\n<p lang=\"de-DE\">Winterhart<\/p>\n<\/li>\n<\/ul>\n<\/td>\n<\/tr>\n<tr valign=\"TOP\">\n<td width=\"101\">\n<p lang=\"de-DE\">Primeln<\/p>\n<\/td>\n<td width=\"108\">\n<p lang=\"de-DE\">Halbschatten<\/p>\n<\/td>\n<td width=\"108\">\n<p lang=\"de-DE\">15 bis 30 cm<\/p>\n<\/td>\n<td width=\"108\">\n<p lang=\"de-DE\">Ab M\u00e4rz<\/p>\n<\/td>\n<td width=\"115\">\n<ul>\n<li>\n<p lang=\"de-DE\">Feucht halten<\/p>\n<\/li>\n<li>\n<p lang=\"de-DE\">Keine Staun\u00e4sse<\/p>\n<\/li>\n<li>\n<p lang=\"de-DE\">Meist winterhart<\/p>\n<\/li>\n<\/ul>\n<\/td>\n<\/tr>\n<tr valign=\"TOP\">\n<td width=\"101\">\n<p lang=\"de-DE\">Prunkwinden<\/p>\n<\/td>\n<td width=\"108\">\n<p lang=\"de-DE\">Sonne<\/p>\n<\/td>\n<td width=\"108\">\n<p lang=\"de-DE\">40<\/p>\n<\/td>\n<td width=\"108\">\n<p lang=\"de-DE\">Ab Juli<\/p>\n<\/td>\n<td width=\"115\">\n<ul>\n<li>\n<p lang=\"de-DE\">Regelm\u00e4\u00dfig gie\u00dfen<\/p>\n<\/li>\n<li>\n<p lang=\"de-DE\">Keine Staun\u00e4sse<\/p>\n<\/li>\n<li>\n<p lang=\"de-DE\">Gut d\u00fcngen<\/p>\n<\/li>\n<li>\n<p lang=\"de-DE\">Kompost einarbeiten<\/p>\n<\/li>\n<li>\n<p lang=\"de-DE\">An Rankhilfe denken<\/p>\n<\/li>\n<li>\n<p lang=\"de-DE\">Einj\u00e4hrig<\/p>\n<\/li>\n<li>\n<p lang=\"de-DE\">Schwach giftig<\/p>\n<\/li>\n<\/ul>\n<\/td>\n<\/tr>\n<tr valign=\"TOP\">\n<td width=\"101\">\n<p lang=\"de-DE\">Rittersporn<\/p>\n<\/td>\n<td width=\"108\">\n<p lang=\"de-DE\">Sonne<\/p>\n<\/td>\n<td width=\"108\">\n<p lang=\"de-DE\">60 cm<\/p>\n<\/td>\n<td width=\"108\">\n<p lang=\"de-DE\">Ab Juni<\/p>\n<\/td>\n<td width=\"115\">\n<ul>\n<li>\n<p lang=\"de-DE\">M\u00e4\u00dfig gie\u00dfen<\/p>\n<\/li>\n<li>\n<p lang=\"de-DE\">Regelm\u00e4\u00dfig d\u00fcngen<\/p>\n<\/li>\n<li>\n<p lang=\"de-DE\">Winterhart<\/p>\n<\/li>\n<li>\n<p lang=\"de-DE\">Giftig<\/p>\n<\/li>\n<\/ul>\n<\/td>\n<\/tr>\n<tr valign=\"TOP\">\n<td width=\"101\">\n<p lang=\"de-DE\">Schwarz\u00e4ugige Susanne<\/p>\n<\/td>\n<td width=\"108\">\n<p lang=\"de-DE\">Sonne<\/p>\n<\/td>\n<td width=\"108\">\n<p lang=\"de-DE\">25 cm<\/p>\n<\/td>\n<td width=\"108\">\n<p lang=\"de-DE\">Ab Mai<\/p>\n<\/td>\n<td width=\"115\">\n<ul>\n<li>\n<p lang=\"de-DE\">Feucht halten<\/p>\n<\/li>\n<li>\n<p lang=\"de-DE\">Regelm\u00e4\u00dfig d\u00fcngen<\/p>\n<\/li>\n<li>\n<p lang=\"de-DE\">Kompost oder Hornsp\u00e4ne einarbeiten<\/p>\n<\/li>\n<li>\n<p lang=\"de-DE\">Nicht winterhart<\/p>\n<\/li>\n<\/ul>\n<\/td>\n<\/tr>\n<tr valign=\"TOP\">\n<td width=\"101\">\n<p lang=\"de-DE\">Sonnenblumen<\/p>\n<\/td>\n<td width=\"108\">\n<p lang=\"de-DE\">Sonne<\/p>\n<\/td>\n<td width=\"108\">\n<p lang=\"de-DE\">50 cm<\/p>\n<\/td>\n<td width=\"108\">\n<p lang=\"de-DE\">Ab Juli<\/p>\n<\/td>\n<td width=\"115\">\n<ul>\n<li>\n<p lang=\"de-DE\">Gut gie\u00dfen<\/p>\n<\/li>\n<li>\n<p lang=\"de-DE\">D\u00fcngen nicht n\u00f6tig<\/p>\n<\/li>\n<li>\n<p lang=\"de-DE\">Nicht winterhart<\/p>\n<\/li>\n<\/ul>\n<\/td>\n<\/tr>\n<tr valign=\"TOP\">\n<td width=\"101\">\n<p lang=\"de-DE\">Sonnenhut<\/p>\n<\/td>\n<td width=\"108\">\n<p lang=\"de-DE\">Sonne bis Halbschatten<\/p>\n<\/td>\n<td width=\"108\">\n<p lang=\"de-DE\">30 cm<\/p>\n<\/td>\n<td width=\"108\">\n<p lang=\"de-DE\">Ab Juli<\/p>\n<\/td>\n<td width=\"115\">\n<ul>\n<li>\n<p lang=\"de-DE\">Feucht halten<\/p>\n<\/li>\n<li>\n<p lang=\"de-DE\">Ab und zu d\u00fcngen<\/p>\n<\/li>\n<li>\n<p lang=\"de-DE\">Winterhart<\/p>\n<\/li>\n<\/ul>\n<\/td>\n<\/tr>\n<tr valign=\"TOP\">\n<td width=\"101\">\n<p lang=\"de-DE\">Stockrosen<\/p>\n<\/td>\n<td width=\"108\">\n<p lang=\"de-DE\">Sonne<\/p>\n<\/td>\n<td width=\"108\">\n<p lang=\"de-DE\">50 bis 60 cm<\/p>\n<\/td>\n<td width=\"108\">\n<p lang=\"de-DE\">Ab Juli<\/p>\n<\/td>\n<td width=\"115\">\n<ul>\n<li>\n<p lang=\"de-DE\">Regelm\u00e4\u00dfig gie\u00dfen<\/p>\n<\/li>\n<li>\n<p lang=\"de-DE\">Wenig d\u00fcngen<\/p>\n<\/li>\n<li>\n<p lang=\"de-DE\">Kompost einarbeiten<\/p>\n<\/li>\n<li>\n<p lang=\"de-DE\">An St\u00fctzhilfe denken<\/p>\n<\/li>\n<\/ul>\n<\/td>\n<\/tr>\n<tr valign=\"TOP\">\n<td width=\"101\">\n<p lang=\"de-DE\">Tagetes<\/p>\n<\/td>\n<td width=\"108\">\n<p lang=\"de-DE\">Sonne bis Halbschatten<\/p>\n<\/td>\n<td width=\"108\">\n<p lang=\"de-DE\">35 cm<\/p>\n<\/td>\n<td width=\"108\">\n<p lang=\"de-DE\">Ab Juli<\/p>\n<\/td>\n<td width=\"115\">\n<ul>\n<li>\n<p lang=\"de-DE\">Feucht halten<\/p>\n<\/li>\n<li>\n<p lang=\"de-DE\">D\u00fcngen nicht n\u00f6tig<\/p>\n<\/li>\n<li>\n<p lang=\"de-DE\">Nicht winterhart<\/p>\n<\/li>\n<\/ul>\n<\/td>\n<\/tr>\n<tr valign=\"TOP\">\n<td width=\"101\">\n<p lang=\"de-DE\">Veilchen<\/p>\n<\/td>\n<td width=\"108\">\n<p lang=\"de-DE\">Halbschatten<\/p>\n<\/td>\n<td width=\"108\">\n<p lang=\"de-DE\">20 cm<\/p>\n<\/td>\n<td width=\"108\">\n<p lang=\"de-DE\">Ab April<\/p>\n<\/td>\n<td width=\"115\">\n<ul>\n<li>\n<p lang=\"de-DE\">Feucht halten<\/p>\n<\/li>\n<li>\n<p lang=\"de-DE\">D\u00fcngen nicht notwendig<\/p>\n<\/li>\n<li>\n<p lang=\"de-DE\">Nach Bl\u00fcte teilen<\/p>\n<\/li>\n<li>\n<p lang=\"de-DE\">Bl\u00fchen im 2. Jahr<\/p>\n<\/li>\n<\/ul>\n<\/td>\n<\/tr>\n<tr valign=\"TOP\">\n<td width=\"101\">\n<p lang=\"de-DE\">Vergissmeinnicht<\/p>\n<\/td>\n<td width=\"108\">\n<p lang=\"de-DE\">Sonne<\/p>\n<\/td>\n<td width=\"108\">\n<p lang=\"de-DE\">15 cm<\/p>\n<\/td>\n<td width=\"108\">\n<p lang=\"de-DE\">Ab M\u00e4rz<\/p>\n<\/td>\n<td width=\"115\">\n<ul>\n<li>\n<p lang=\"de-DE\">Feucht halten<\/p>\n<\/li>\n<li>\n<p lang=\"de-DE\">Nicht d\u00fcngen<\/p>\n<\/li>\n<li>\n<p lang=\"de-DE\">Winterhart<\/p>\n<\/li>\n<\/ul>\n<\/td>\n<\/tr>\n<tr valign=\"TOP\">\n<td width=\"101\">\n<p lang=\"de-DE\">Zaubergl\u00f6ckchen<\/p>\n<\/td>\n<td width=\"108\">\n<p lang=\"de-DE\">Sonne<\/p>\n<\/td>\n<td width=\"108\">\n<p lang=\"de-DE\">20 cm<\/p>\n<\/td>\n<td width=\"108\">\n<p lang=\"de-DE\">Ab Juli<\/p>\n<\/td>\n<td width=\"115\">\n<ul>\n<li>\n<p lang=\"de-DE\">Regelm\u00e4\u00dfig gie\u00dfen<\/p>\n<\/li>\n<li>\n<p lang=\"de-DE\">Ab und zu d\u00fcngen<\/p>\n<\/li>\n<li>\n<p lang=\"de-DE\">Nicht winterhart<\/p>\n<\/li>\n<li>\n<p lang=\"de-DE\">Giftig<\/p>\n<\/li>\n<\/ul>\n<\/td>\n<\/tr>\n<tr valign=\"TOP\">\n<td width=\"101\">\n<p lang=\"de-DE\">Zinnien<\/p>\n<\/td>\n<td width=\"108\">\n<p lang=\"de-DE\">Sonne bis Halbschatten<\/p>\n<\/td>\n<td width=\"108\">\n<p lang=\"de-DE\">20 bis 30 cm<\/p>\n<\/td>\n<td width=\"108\">\n<p lang=\"de-DE\">Ab Juli<\/p>\n<\/td>\n<td width=\"115\">\n<ul>\n<li>\n<p lang=\"de-DE\">Feucht halten<\/p>\n<\/li>\n<li>\n<p lang=\"de-DE\">Nicht d\u00fcngen<\/p>\n<\/li>\n<li>\n<p lang=\"de-DE\">Nicht winterhart<\/p>\n<\/li>\n<\/ul>\n<\/td>\n<\/tr>\n<\/tbody>\n<\/table>\n","protected":false},"excerpt":{"rendered":"<p>Sie m\u00f6chten frisches Gem\u00fcse, frische Kr\u00e4uter, frischen Salat und nat\u00fcrlich tolle Blumen \u2013 wir verraten Ihnen, was Sie jetzt im April daf\u00fcr tun sollten. Mit vielen Sorten k\u00f6nnen Sie bereits ab Januar in Vorkultur gehen. Wenn Sie lieber direkt drau\u00dfen ans\u00e4en, dann gibt es im April ebenfalls schon einiges zu tun. Zahlreiche Pflanzen werden ja nicht nur in einem Monat ges\u00e4t, die Aussaat zieht sich \u00fcber mehrere Monate hin. Was im April auf Sie wartet, wo Sie welche Samen ausbringen k\u00f6nnen, das zeigt Ihnen unsere Aussaat-\u00dcbersicht. Aussaat im April \u2013 Gem\u00fcse und Salate f\u00fcr drau\u00dfen Sie m\u00f6chten nicht in Vorkultur gehen, sondern die Gem\u00fcse- und Salatsamen direkt im Gem\u00fcsebeet im Garten s\u00e4en? Dann sagen wir Ihnen, welche Sorten jetzt dran sind. Denken Sie daran, die Beete entsprechend vorzubereiten. Dazu geh\u00f6ren das Auflockern, das Entfernen von Unkr\u00e4utern und das Anreichern der Erde mit N\u00e4hrstoffen. Letzteres k\u00f6nnen Sie bereits im Herbst mit einer Gr\u00fcnd\u00fcngung tun. Achten Sie darauf, dass die Pflanzen noch vor dem Winter wachsen. Dann k\u00f6nnen sie diese noch schneiden und in den Boden einarbeiten. Zu den schnellwachsenden Pflanzen, die sich als Gr\u00fcnd\u00fcngung eignen, geh\u00f6ren zum Beispiel Vogelmiere, Lupine, Klee, Erbsen, Wicken und Phacelia. Gem\u00fcsesorte Standort Pflanzabstand Ernte Pflege Blumenkohl [&hellip;]<\/p>\n","protected":false},"author":13,"featured_media":9452,"comment_status":"open","ping_status":"open","sticky":false,"template":"","format":"standard","meta":{"_acf_changed":false,"footnotes":""},"categories":[22],"tags":[],"hersteller":[],"class_list":["post-9242","post","type-post","status-publish","format-standard","has-post-thumbnail","hentry","category-april"],"acf":[],"yoast_head":"<!-- This site is optimized with the Yoast SEO plugin v27.4 - https:\/\/yoast.com\/product\/yoast-seo-wordpress\/ -->\n<title>Aussaat im April \u2013 es gibt viel zu tun - Samenhaus Gartenblog<\/title>\n<meta name=\"description\" content=\"Im April l\u00e4sst sich schon viel Gem\u00fcse, Kr\u00e4uter und Salat auss\u00e4en. Besonders wer direkt im Freien auss\u00e4en m\u00f6chte, kann im Garten schon einiges machen.\" \/>\n<meta name=\"robots\" content=\"index, follow, max-snippet:-1, max-image-preview:large, max-video-preview:-1\" \/>\n<link rel=\"canonical\" href=\"https:\/\/www.samenhaus.de\/gartenblog\/aussaat-im-april-es-gibt-viel-zu-tun\" \/>\n<meta property=\"og:locale\" content=\"de_DE\" \/>\n<meta property=\"og:type\" content=\"article\" \/>\n<meta property=\"og:title\" content=\"Aussaat im April \u2013 es gibt viel zu tun - Samenhaus Gartenblog\" \/>\n<meta property=\"og:description\" content=\"Im April l\u00e4sst sich schon viel Gem\u00fcse, Kr\u00e4uter und Salat auss\u00e4en. Besonders wer direkt im Freien auss\u00e4en m\u00f6chte, kann im Garten schon einiges machen.\" \/>\n<meta property=\"og:url\" content=\"https:\/\/www.samenhaus.de\/gartenblog\/aussaat-im-april-es-gibt-viel-zu-tun\" \/>\n<meta property=\"og:site_name\" content=\"Samenhaus Gartenblog\" \/>\n<meta property=\"article:publisher\" content=\"https:\/\/de-de.facebook.com\/samenhaus\" \/>\n<meta property=\"article:published_time\" content=\"2023-04-01T15:00:29+00:00\" \/>\n<meta property=\"article:modified_time\" content=\"2023-08-16T11:16:24+00:00\" \/>\n<meta property=\"og:image\" content=\"https:\/\/www.samenhaus.de\/gartenblog\/wp-content\/uploads\/2023\/01\/Aussaat-April_482749636-scaled.jpg\" \/>\n\t<meta property=\"og:image:width\" content=\"2560\" \/>\n\t<meta property=\"og:image:height\" content=\"973\" \/>\n\t<meta property=\"og:image:type\" content=\"image\/jpeg\" \/>\n<meta name=\"author\" content=\"Holger\" \/>\n<meta name=\"twitter:card\" content=\"summary_large_image\" \/>\n<meta name=\"twitter:creator\" content=\"@samenhaus\" \/>\n<meta name=\"twitter:site\" content=\"@samenhaus\" \/>\n<meta name=\"twitter:label1\" content=\"Verfasst von\" \/>\n\t<meta name=\"twitter:data1\" content=\"Holger\" \/>\n\t<meta name=\"twitter:label2\" content=\"Gesch\u00e4tzte Lesezeit\" \/>\n\t<meta name=\"twitter:data2\" content=\"15\u00a0Minuten\" \/>\n<script type=\"application\/ld+json\" class=\"yoast-schema-graph\">{\"@context\":\"https:\\\/\\\/schema.org\",\"@graph\":[{\"@type\":\"Article\",\"@id\":\"https:\\\/\\\/www.samenhaus.de\\\/gartenblog\\\/aussaat-im-april-es-gibt-viel-zu-tun#article\",\"isPartOf\":{\"@id\":\"https:\\\/\\\/www.samenhaus.de\\\/gartenblog\\\/aussaat-im-april-es-gibt-viel-zu-tun\"},\"author\":{\"name\":\"Holger\",\"@id\":\"https:\\\/\\\/www.samenhaus.de\\\/gartenblog\\\/#\\\/schema\\\/person\\\/de169769587431893823f62b2ce06c04\"},\"headline\":\"Aussaat im April \u2013 es gibt viel zu tun\",\"datePublished\":\"2023-04-01T15:00:29+00:00\",\"dateModified\":\"2023-08-16T11:16:24+00:00\",\"mainEntityOfPage\":{\"@id\":\"https:\\\/\\\/www.samenhaus.de\\\/gartenblog\\\/aussaat-im-april-es-gibt-viel-zu-tun\"},\"wordCount\":2838,\"commentCount\":0,\"publisher\":{\"@id\":\"https:\\\/\\\/www.samenhaus.de\\\/gartenblog\\\/#organization\"},\"image\":{\"@id\":\"https:\\\/\\\/www.samenhaus.de\\\/gartenblog\\\/aussaat-im-april-es-gibt-viel-zu-tun#primaryimage\"},\"thumbnailUrl\":\"https:\\\/\\\/www.samenhaus.de\\\/gartenblog\\\/wp-content\\\/uploads\\\/2023\\\/01\\\/Aussaat-April_482749636-scaled.jpg\",\"articleSection\":[\"April\"],\"inLanguage\":\"de\",\"potentialAction\":[{\"@type\":\"CommentAction\",\"name\":\"Comment\",\"target\":[\"https:\\\/\\\/www.samenhaus.de\\\/gartenblog\\\/aussaat-im-april-es-gibt-viel-zu-tun#respond\"]}],\"copyrightYear\":\"2023\",\"copyrightHolder\":{\"@id\":\"https:\\\/\\\/www.samenhaus.de\\\/gartenblog\\\/#organization\"}},{\"@type\":\"WebPage\",\"@id\":\"https:\\\/\\\/www.samenhaus.de\\\/gartenblog\\\/aussaat-im-april-es-gibt-viel-zu-tun\",\"url\":\"https:\\\/\\\/www.samenhaus.de\\\/gartenblog\\\/aussaat-im-april-es-gibt-viel-zu-tun\",\"name\":\"Aussaat im April \u2013 es gibt viel zu tun - Samenhaus Gartenblog\",\"isPartOf\":{\"@id\":\"https:\\\/\\\/www.samenhaus.de\\\/gartenblog\\\/#website\"},\"primaryImageOfPage\":{\"@id\":\"https:\\\/\\\/www.samenhaus.de\\\/gartenblog\\\/aussaat-im-april-es-gibt-viel-zu-tun#primaryimage\"},\"image\":{\"@id\":\"https:\\\/\\\/www.samenhaus.de\\\/gartenblog\\\/aussaat-im-april-es-gibt-viel-zu-tun#primaryimage\"},\"thumbnailUrl\":\"https:\\\/\\\/www.samenhaus.de\\\/gartenblog\\\/wp-content\\\/uploads\\\/2023\\\/01\\\/Aussaat-April_482749636-scaled.jpg\",\"datePublished\":\"2023-04-01T15:00:29+00:00\",\"dateModified\":\"2023-08-16T11:16:24+00:00\",\"description\":\"Im April l\u00e4sst sich schon viel Gem\u00fcse, Kr\u00e4uter und Salat auss\u00e4en. Besonders wer direkt im Freien auss\u00e4en m\u00f6chte, kann im Garten schon einiges machen.\",\"breadcrumb\":{\"@id\":\"https:\\\/\\\/www.samenhaus.de\\\/gartenblog\\\/aussaat-im-april-es-gibt-viel-zu-tun#breadcrumb\"},\"inLanguage\":\"de\",\"potentialAction\":[{\"@type\":\"ReadAction\",\"target\":[\"https:\\\/\\\/www.samenhaus.de\\\/gartenblog\\\/aussaat-im-april-es-gibt-viel-zu-tun\"]}]},{\"@type\":\"ImageObject\",\"inLanguage\":\"de\",\"@id\":\"https:\\\/\\\/www.samenhaus.de\\\/gartenblog\\\/aussaat-im-april-es-gibt-viel-zu-tun#primaryimage\",\"url\":\"https:\\\/\\\/www.samenhaus.de\\\/gartenblog\\\/wp-content\\\/uploads\\\/2023\\\/01\\\/Aussaat-April_482749636-scaled.jpg\",\"contentUrl\":\"https:\\\/\\\/www.samenhaus.de\\\/gartenblog\\\/wp-content\\\/uploads\\\/2023\\\/01\\\/Aussaat-April_482749636-scaled.jpg\",\"width\":2560,\"height\":973,\"caption\":\"Aussaat April\"},{\"@type\":\"BreadcrumbList\",\"@id\":\"https:\\\/\\\/www.samenhaus.de\\\/gartenblog\\\/aussaat-im-april-es-gibt-viel-zu-tun#breadcrumb\",\"itemListElement\":[{\"@type\":\"ListItem\",\"position\":1,\"name\":\"Startseite\",\"item\":\"https:\\\/\\\/www.samenhaus.de\\\/gartenblog\\\/\"},{\"@type\":\"ListItem\",\"position\":2,\"name\":\"Aussaat im April \u2013 es gibt viel zu tun\"}]},{\"@type\":\"WebSite\",\"@id\":\"https:\\\/\\\/www.samenhaus.de\\\/gartenblog\\\/#website\",\"url\":\"https:\\\/\\\/www.samenhaus.de\\\/gartenblog\\\/\",\"name\":\"Samenhaus Gartenblog\",\"description\":\"\",\"publisher\":{\"@id\":\"https:\\\/\\\/www.samenhaus.de\\\/gartenblog\\\/#organization\"},\"potentialAction\":[{\"@type\":\"SearchAction\",\"target\":{\"@type\":\"EntryPoint\",\"urlTemplate\":\"https:\\\/\\\/www.samenhaus.de\\\/gartenblog\\\/?s={search_term_string}\"},\"query-input\":{\"@type\":\"PropertyValueSpecification\",\"valueRequired\":true,\"valueName\":\"search_term_string\"}}],\"inLanguage\":\"de\"},{\"@type\":\"Organization\",\"@id\":\"https:\\\/\\\/www.samenhaus.de\\\/gartenblog\\\/#organization\",\"name\":\"Samenhaus.de Gartenblog\",\"url\":\"https:\\\/\\\/www.samenhaus.de\\\/gartenblog\\\/\",\"logo\":{\"@type\":\"ImageObject\",\"inLanguage\":\"de\",\"@id\":\"https:\\\/\\\/www.samenhaus.de\\\/gartenblog\\\/#\\\/schema\\\/logo\\\/image\\\/\",\"url\":\"https:\\\/\\\/www.samenhaus.de\\\/gartenblog\\\/wp-content\\\/uploads\\\/2020\\\/11\\\/logo.svg\",\"contentUrl\":\"https:\\\/\\\/www.samenhaus.de\\\/gartenblog\\\/wp-content\\\/uploads\\\/2020\\\/11\\\/logo.svg\",\"width\":1,\"height\":1,\"caption\":\"Samenhaus.de Gartenblog\"},\"image\":{\"@id\":\"https:\\\/\\\/www.samenhaus.de\\\/gartenblog\\\/#\\\/schema\\\/logo\\\/image\\\/\"},\"sameAs\":[\"https:\\\/\\\/de-de.facebook.com\\\/samenhaus\",\"https:\\\/\\\/x.com\\\/samenhaus\"]},{\"@type\":\"Person\",\"@id\":\"https:\\\/\\\/www.samenhaus.de\\\/gartenblog\\\/#\\\/schema\\\/person\\\/de169769587431893823f62b2ce06c04\",\"name\":\"Holger\",\"image\":{\"@type\":\"ImageObject\",\"inLanguage\":\"de\",\"@id\":\"https:\\\/\\\/www.samenhaus.de\\\/gartenblog\\\/wp-content\\\/uploads\\\/2026\\\/03\\\/Holger-150x150.png\",\"url\":\"https:\\\/\\\/www.samenhaus.de\\\/gartenblog\\\/wp-content\\\/uploads\\\/2026\\\/03\\\/Holger-150x150.png\",\"contentUrl\":\"https:\\\/\\\/www.samenhaus.de\\\/gartenblog\\\/wp-content\\\/uploads\\\/2026\\\/03\\\/Holger-150x150.png\",\"caption\":\"Holger\"},\"description\":\"6.000.000 W\u00f6rter \u2013 so viel k\u00f6nnen Sie in etwa von mir online lesen. Das F\u00fcllen des Internets entwickelte sich nach meiner Ausbildung zum TV-Redakteur und der langj\u00e4hrigen Arbeit bei SAT.1 zu einem Fulltime-Job. Trotzdem finde ich noch gen\u00fcgend Zeit, um in meinem Garten zu werkeln. Eine Staude hier, ein Bl\u00fcmchen dort und ein bisschen Gem\u00fcse darf auch nicht fehlen \u2013 einen Schnitzelbaum gibt es ja noch nicht \u2026 Die besten geistigen Erg\u00fcsse habe ich \u00fcbrigens, wenn ich IM Garten \u00dcBER den Garten schreiben kann. So vereinen sich Beruf und Hobby perfekt \u2013 was gibt es Sch\u00f6neres?\",\"url\":\"https:\\\/\\\/www.samenhaus.de\\\/gartenblog\\\/author\\\/holger\"}]}<\/script>\n<!-- \/ Yoast SEO plugin. -->","yoast_head_json":{"title":"Aussaat im April \u2013 es gibt viel zu tun - Samenhaus Gartenblog","description":"Im April l\u00e4sst sich schon viel Gem\u00fcse, Kr\u00e4uter und Salat auss\u00e4en. Besonders wer direkt im Freien auss\u00e4en m\u00f6chte, kann im Garten schon einiges machen.","robots":{"index":"index","follow":"follow","max-snippet":"max-snippet:-1","max-image-preview":"max-image-preview:large","max-video-preview":"max-video-preview:-1"},"canonical":"https:\/\/www.samenhaus.de\/gartenblog\/aussaat-im-april-es-gibt-viel-zu-tun","og_locale":"de_DE","og_type":"article","og_title":"Aussaat im April \u2013 es gibt viel zu tun - Samenhaus Gartenblog","og_description":"Im April l\u00e4sst sich schon viel Gem\u00fcse, Kr\u00e4uter und Salat auss\u00e4en. Besonders wer direkt im Freien auss\u00e4en m\u00f6chte, kann im Garten schon einiges machen.","og_url":"https:\/\/www.samenhaus.de\/gartenblog\/aussaat-im-april-es-gibt-viel-zu-tun","og_site_name":"Samenhaus Gartenblog","article_publisher":"https:\/\/de-de.facebook.com\/samenhaus","article_published_time":"2023-04-01T15:00:29+00:00","article_modified_time":"2023-08-16T11:16:24+00:00","og_image":[{"width":2560,"height":973,"url":"https:\/\/www.samenhaus.de\/gartenblog\/wp-content\/uploads\/2023\/01\/Aussaat-April_482749636-scaled.jpg","type":"image\/jpeg"}],"author":"Holger","twitter_card":"summary_large_image","twitter_creator":"@samenhaus","twitter_site":"@samenhaus","twitter_misc":{"Verfasst von":"Holger","Gesch\u00e4tzte Lesezeit":"15\u00a0Minuten"},"schema":{"@context":"https:\/\/schema.org","@graph":[{"@type":"Article","@id":"https:\/\/www.samenhaus.de\/gartenblog\/aussaat-im-april-es-gibt-viel-zu-tun#article","isPartOf":{"@id":"https:\/\/www.samenhaus.de\/gartenblog\/aussaat-im-april-es-gibt-viel-zu-tun"},"author":{"name":"Holger","@id":"https:\/\/www.samenhaus.de\/gartenblog\/#\/schema\/person\/de169769587431893823f62b2ce06c04"},"headline":"Aussaat im April \u2013 es gibt viel zu tun","datePublished":"2023-04-01T15:00:29+00:00","dateModified":"2023-08-16T11:16:24+00:00","mainEntityOfPage":{"@id":"https:\/\/www.samenhaus.de\/gartenblog\/aussaat-im-april-es-gibt-viel-zu-tun"},"wordCount":2838,"commentCount":0,"publisher":{"@id":"https:\/\/www.samenhaus.de\/gartenblog\/#organization"},"image":{"@id":"https:\/\/www.samenhaus.de\/gartenblog\/aussaat-im-april-es-gibt-viel-zu-tun#primaryimage"},"thumbnailUrl":"https:\/\/www.samenhaus.de\/gartenblog\/wp-content\/uploads\/2023\/01\/Aussaat-April_482749636-scaled.jpg","articleSection":["April"],"inLanguage":"de","potentialAction":[{"@type":"CommentAction","name":"Comment","target":["https:\/\/www.samenhaus.de\/gartenblog\/aussaat-im-april-es-gibt-viel-zu-tun#respond"]}],"copyrightYear":"2023","copyrightHolder":{"@id":"https:\/\/www.samenhaus.de\/gartenblog\/#organization"}},{"@type":"WebPage","@id":"https:\/\/www.samenhaus.de\/gartenblog\/aussaat-im-april-es-gibt-viel-zu-tun","url":"https:\/\/www.samenhaus.de\/gartenblog\/aussaat-im-april-es-gibt-viel-zu-tun","name":"Aussaat im April \u2013 es gibt viel zu tun - Samenhaus Gartenblog","isPartOf":{"@id":"https:\/\/www.samenhaus.de\/gartenblog\/#website"},"primaryImageOfPage":{"@id":"https:\/\/www.samenhaus.de\/gartenblog\/aussaat-im-april-es-gibt-viel-zu-tun#primaryimage"},"image":{"@id":"https:\/\/www.samenhaus.de\/gartenblog\/aussaat-im-april-es-gibt-viel-zu-tun#primaryimage"},"thumbnailUrl":"https:\/\/www.samenhaus.de\/gartenblog\/wp-content\/uploads\/2023\/01\/Aussaat-April_482749636-scaled.jpg","datePublished":"2023-04-01T15:00:29+00:00","dateModified":"2023-08-16T11:16:24+00:00","description":"Im April l\u00e4sst sich schon viel Gem\u00fcse, Kr\u00e4uter und Salat auss\u00e4en. Besonders wer direkt im Freien auss\u00e4en m\u00f6chte, kann im Garten schon einiges machen.","breadcrumb":{"@id":"https:\/\/www.samenhaus.de\/gartenblog\/aussaat-im-april-es-gibt-viel-zu-tun#breadcrumb"},"inLanguage":"de","potentialAction":[{"@type":"ReadAction","target":["https:\/\/www.samenhaus.de\/gartenblog\/aussaat-im-april-es-gibt-viel-zu-tun"]}]},{"@type":"ImageObject","inLanguage":"de","@id":"https:\/\/www.samenhaus.de\/gartenblog\/aussaat-im-april-es-gibt-viel-zu-tun#primaryimage","url":"https:\/\/www.samenhaus.de\/gartenblog\/wp-content\/uploads\/2023\/01\/Aussaat-April_482749636-scaled.jpg","contentUrl":"https:\/\/www.samenhaus.de\/gartenblog\/wp-content\/uploads\/2023\/01\/Aussaat-April_482749636-scaled.jpg","width":2560,"height":973,"caption":"Aussaat April"},{"@type":"BreadcrumbList","@id":"https:\/\/www.samenhaus.de\/gartenblog\/aussaat-im-april-es-gibt-viel-zu-tun#breadcrumb","itemListElement":[{"@type":"ListItem","position":1,"name":"Startseite","item":"https:\/\/www.samenhaus.de\/gartenblog\/"},{"@type":"ListItem","position":2,"name":"Aussaat im April \u2013 es gibt viel zu tun"}]},{"@type":"WebSite","@id":"https:\/\/www.samenhaus.de\/gartenblog\/#website","url":"https:\/\/www.samenhaus.de\/gartenblog\/","name":"Samenhaus Gartenblog","description":"","publisher":{"@id":"https:\/\/www.samenhaus.de\/gartenblog\/#organization"},"potentialAction":[{"@type":"SearchAction","target":{"@type":"EntryPoint","urlTemplate":"https:\/\/www.samenhaus.de\/gartenblog\/?s={search_term_string}"},"query-input":{"@type":"PropertyValueSpecification","valueRequired":true,"valueName":"search_term_string"}}],"inLanguage":"de"},{"@type":"Organization","@id":"https:\/\/www.samenhaus.de\/gartenblog\/#organization","name":"Samenhaus.de Gartenblog","url":"https:\/\/www.samenhaus.de\/gartenblog\/","logo":{"@type":"ImageObject","inLanguage":"de","@id":"https:\/\/www.samenhaus.de\/gartenblog\/#\/schema\/logo\/image\/","url":"https:\/\/www.samenhaus.de\/gartenblog\/wp-content\/uploads\/2020\/11\/logo.svg","contentUrl":"https:\/\/www.samenhaus.de\/gartenblog\/wp-content\/uploads\/2020\/11\/logo.svg","width":1,"height":1,"caption":"Samenhaus.de Gartenblog"},"image":{"@id":"https:\/\/www.samenhaus.de\/gartenblog\/#\/schema\/logo\/image\/"},"sameAs":["https:\/\/de-de.facebook.com\/samenhaus","https:\/\/x.com\/samenhaus"]},{"@type":"Person","@id":"https:\/\/www.samenhaus.de\/gartenblog\/#\/schema\/person\/de169769587431893823f62b2ce06c04","name":"Holger","image":{"@type":"ImageObject","inLanguage":"de","@id":"https:\/\/www.samenhaus.de\/gartenblog\/wp-content\/uploads\/2026\/03\/Holger-150x150.png","url":"https:\/\/www.samenhaus.de\/gartenblog\/wp-content\/uploads\/2026\/03\/Holger-150x150.png","contentUrl":"https:\/\/www.samenhaus.de\/gartenblog\/wp-content\/uploads\/2026\/03\/Holger-150x150.png","caption":"Holger"},"description":"6.000.000 W\u00f6rter \u2013 so viel k\u00f6nnen Sie in etwa von mir online lesen. Das F\u00fcllen des Internets entwickelte sich nach meiner Ausbildung zum TV-Redakteur und der langj\u00e4hrigen Arbeit bei SAT.1 zu einem Fulltime-Job. Trotzdem finde ich noch gen\u00fcgend Zeit, um in meinem Garten zu werkeln. Eine Staude hier, ein Bl\u00fcmchen dort und ein bisschen Gem\u00fcse darf auch nicht fehlen \u2013 einen Schnitzelbaum gibt es ja noch nicht \u2026 Die besten geistigen Erg\u00fcsse habe ich \u00fcbrigens, wenn ich IM Garten \u00dcBER den Garten schreiben kann. So vereinen sich Beruf und Hobby perfekt \u2013 was gibt es Sch\u00f6neres?","url":"https:\/\/www.samenhaus.de\/gartenblog\/author\/holger"}]}},"wp-worthy-pixel":{"ignored":false,"public":"871f630721d04037b4b97b395d9a4725","server":"vg08.met.vgwort.de","url":"https:\/\/vg08.met.vgwort.de\/na\/871f630721d04037b4b97b395d9a4725"},"wp-worthy-type":"normal","_links":{"self":[{"href":"https:\/\/www.samenhaus.de\/gartenblog\/wp-json\/wp\/v2\/posts\/9242","targetHints":{"allow":["GET"]}}],"collection":[{"href":"https:\/\/www.samenhaus.de\/gartenblog\/wp-json\/wp\/v2\/posts"}],"about":[{"href":"https:\/\/www.samenhaus.de\/gartenblog\/wp-json\/wp\/v2\/types\/post"}],"author":[{"embeddable":true,"href":"https:\/\/www.samenhaus.de\/gartenblog\/wp-json\/wp\/v2\/users\/13"}],"replies":[{"embeddable":true,"href":"https:\/\/www.samenhaus.de\/gartenblog\/wp-json\/wp\/v2\/comments?post=9242"}],"version-history":[{"count":6,"href":"https:\/\/www.samenhaus.de\/gartenblog\/wp-json\/wp\/v2\/posts\/9242\/revisions"}],"predecessor-version":[{"id":13123,"href":"https:\/\/www.samenhaus.de\/gartenblog\/wp-json\/wp\/v2\/posts\/9242\/revisions\/13123"}],"wp:featuredmedia":[{"embeddable":true,"href":"https:\/\/www.samenhaus.de\/gartenblog\/wp-json\/wp\/v2\/media\/9452"}],"wp:attachment":[{"href":"https:\/\/www.samenhaus.de\/gartenblog\/wp-json\/wp\/v2\/media?parent=9242"}],"wp:term":[{"taxonomy":"category","embeddable":true,"href":"https:\/\/www.samenhaus.de\/gartenblog\/wp-json\/wp\/v2\/categories?post=9242"},{"taxonomy":"post_tag","embeddable":true,"href":"https:\/\/www.samenhaus.de\/gartenblog\/wp-json\/wp\/v2\/tags?post=9242"},{"taxonomy":"hersteller","embeddable":true,"href":"https:\/\/www.samenhaus.de\/gartenblog\/wp-json\/wp\/v2\/hersteller?post=9242"}],"curies":[{"name":"wp","href":"https:\/\/api.w.org\/{rel}","templated":true}]}}