{"id":9311,"date":"2023-07-10T09:00:18","date_gmt":"2023-07-10T09:00:18","guid":{"rendered":"https:\/\/www.samenhaus.de\/gartenblog\/?p=9311"},"modified":"2024-04-22T09:54:01","modified_gmt":"2024-04-22T07:54:01","slug":"salat-von-der-wiese-schmackhafte-und-naehrstoffreiche-wildkraeuter","status":"publish","type":"post","link":"https:\/\/www.samenhaus.de\/gartenblog\/salat-von-der-wiese-schmackhafte-und-naehrstoffreiche-wildkraeuter","title":{"rendered":"Salat von der Wiese: schmackhafte und n\u00e4hrstoffreiche Wildkr\u00e4uter"},"content":{"rendered":"<p>Viele Wildkr\u00e4uter werden als Unkraut bek\u00e4mpft, obwohl sie n\u00e4hrstoffreich und lecker sind. Stattdessen werden verschiedene gez\u00fcchtete Salatsorten angebaut, die kaum N\u00e4hrstoffe enthalten. Wie w\u00e4re es, Wildkr\u00e4uter zu sammeln und daraus einen schmackhaften Salat zu bereiten?<\/p>\n<h2 class=\"western\"><span class=\"ez-toc-section\" id=\"Wildkraeuter_als_Salat_lecker_und_naehrstoffreich\"><\/span>Wildkr\u00e4uter als Salat: lecker und n\u00e4hrstoffreich<span class=\"ez-toc-section-end\"><\/span><\/h2>\n<p><img loading=\"lazy\" decoding=\"async\" class=\"size-full wp-image-12036 alignright\" src=\"https:\/\/www.samenhaus.de\/gartenblog\/wp-content\/uploads\/2023\/06\/Wildkraeuter_107924359.jpg\" alt=\"Wildkr\u00e4utermischung\" width=\"300\" height=\"200\" \/>Um einen schmackhaften Salat zuzubereiten, m\u00fcssen Sie nicht Eisbergsalat oder R\u00f6mersalat im Supermarkt kaufen, da viele Kr\u00e4uter f\u00fcr einen schmackhaften Salat auf der <a href=\"https:\/\/www.samenhaus.de\/wildblumenwiese\" target=\"_blank\" rel=\"noopener\">Wiese<\/a> oder sogar im Garten wachsen. H\u00e4ufig werden diese Kr\u00e4uter gar nicht beachtet oder sogar als Unkraut bek\u00e4mpft. Diese Wildkr\u00e4uter sollten Sie nicht untersch\u00e4tzen, denn sie haben einen hohen N\u00e4hrwert und sind reich an Vitaminen, Mineralstoffen und sekund\u00e4ren Pflanzenstoffen.<\/p>\n<p>Diese Inhaltsstoffe machen die Wildkr\u00e4uter nicht nur wertvoll f\u00fcr die Gesundheit, sondern auch wunderbar aromatisch. Kultivierte Sorten wie Kopf- oder Schnittsalat enthalten oft nur noch wenige sekund\u00e4re Pflanzenstoffe, da sie im Laufe der Zeit w\u00e4hrend der Kultur verlorengegangen sind.<\/p>\n<h2 class=\"western\"><span class=\"ez-toc-section\" id=\"Wildkraeuter_sammeln_nur_das_nehmen_was_Sie_kennen\"><\/span>Wildkr\u00e4uter sammeln: nur das nehmen, was Sie kennen<span class=\"ez-toc-section-end\"><\/span><\/h2>\n<p>Nicht jedes Wildkraut ist schmackhaft und essbar, denn einige Wildpflanzen sind giftig und f\u00fchren zu Magenverstimmungen oder schlimmstenfalls zu schweren Vergiftungen. Ein Kr\u00e4uterbuch kann Ihnen helfen, die Kr\u00e4uter zu erkennen. Auch bei einer Kr\u00e4uterwanderung oder einem Kr\u00e4uterseminar k\u00f6nnen Sie essbare und nicht essbare Wildkr\u00e4uter kennenlernen. Bestenfalls kennen Sie selbst verschiedene Wildkr\u00e4uter und nehmen nur das mit, was Sie kennen und bei dem Sie sicher sind, dass es nicht giftig ist.<\/p>\n<p>Sammeln Sie Wildkr\u00e4uter nur abseits von befahrenen Stra\u00dfen, damit sie frei von Abgasen sind. Achten Sie auch darauf, die Kr\u00e4uter nicht an einer Hundeauslaufzone zu sammeln. Nehmen Sie nur so viel mit, wie Sie tats\u00e4chlich ben\u00f6tigen, und transportieren Sie die Kr\u00e4uter in einem Beutel oder einer Dose, damit sie nicht zerdr\u00fcckt werden. Verwenden Sie am besten nur die jungen Triebe, da sie am schmackhaftesten sind. Sp\u00fclen Sie die Kr\u00e4uter vor der Verarbeitung mit lauwarmem Wasser ab.<\/p>\n<h2 class=\"western\"><span class=\"ez-toc-section\" id=\"Die_besten_Wildkraeuter_fuer_Salat_reich_an_Vitaminen_und_Mineralstoffen\"><\/span>Die besten Wildkr\u00e4uter f\u00fcr Salat: reich an Vitaminen und Mineralstoffen<span class=\"ez-toc-section-end\"><\/span><\/h2>\n<p>M\u00f6chten Sie Wildkr\u00e4uter f\u00fcr Salat sammeln, kommt es auf den richtigen Zeitpunkt an. Einige Sorten schmecken am besten, bevor sie bl\u00fchen. Einige Kr\u00e4uter haben einen w\u00fcrzigen Geschmack, andere schmecken leicht s\u00e4uerlich.<\/p>\n<h3 class=\"western\"><span class=\"ez-toc-section\" id=\"Giersch_oft_als_Unkraut_verteufelt\"><\/span>Giersch: oft als Unkraut verteufelt<span class=\"ez-toc-section-end\"><\/span><\/h3>\n<p><img loading=\"lazy\" decoding=\"async\" class=\"alignleft wp-image-12042 size-thumbnail\" src=\"https:\/\/www.samenhaus.de\/gartenblog\/wp-content\/uploads\/2023\/06\/Wildkraeuter_278415510-150x150.jpg\" alt=\"Giersch\" width=\"150\" height=\"150\" srcset=\"https:\/\/www.samenhaus.de\/gartenblog\/wp-content\/uploads\/2023\/06\/Wildkraeuter_278415510-150x150.jpg 150w, https:\/\/www.samenhaus.de\/gartenblog\/wp-content\/uploads\/2023\/06\/Wildkraeuter_278415510-80x80.jpg 80w\" sizes=\"auto, (max-width: 150px) 100vw, 150px\" \/>Giersch wird als Unkraut verteufelt, da er sich schnell im gesamten Garten ausbreiten kann. Haben Sie ihn im Garten, bereiten Sie daraus einen schmackhaften Salat oder verwenden ihn f\u00fcr einen Kr\u00e4uterquark. Er hat einen w\u00fcrzigen Geschmack und w\u00e4chst bis in den Winter hinein. Schon im M\u00e4rz ernten Sie die ersten zarten Bl\u00e4tter. Giersch ist reich an den Vitaminen A und C sowie an Eiwei\u00df.<\/p>\n<hr \/>\n<h3 class=\"western\"><span class=\"ez-toc-section\" id=\"Fuenffingerkraut_auffaellig_mit_gelben_Blueten\"><\/span>F\u00fcnffingerkraut: auff\u00e4llig mit gelben Bl\u00fcten<span class=\"ez-toc-section-end\"><\/span><\/h3>\n<p><img loading=\"lazy\" decoding=\"async\" class=\"alignleft wp-image-12044 size-thumbnail\" src=\"https:\/\/www.samenhaus.de\/gartenblog\/wp-content\/uploads\/2023\/06\/Wildkraeuter_352995747-150x150.jpg\" alt=\"F\u00fcnffingerkraut\" width=\"150\" height=\"150\" srcset=\"https:\/\/www.samenhaus.de\/gartenblog\/wp-content\/uploads\/2023\/06\/Wildkraeuter_352995747-150x150.jpg 150w, https:\/\/www.samenhaus.de\/gartenblog\/wp-content\/uploads\/2023\/06\/Wildkraeuter_352995747-80x80.jpg 80w\" sizes=\"auto, (max-width: 150px) 100vw, 150px\" \/>F\u00fcnffingerkraut ist an seinen Bl\u00e4ttern, die an f\u00fcnf Finger erinnern, und seinen grellgelben Bl\u00fcten zu erkennen. Die krautige Pflanze kriecht am Boden und ist h\u00e4ufig in G\u00e4rten, aber auch an Wegen und Ufern zu finden. Von dem Kraut mit dem s\u00e4uerlich-herben Geschmack verwenden Sie die jungen Bl\u00e4tter und die Bl\u00fcten, die von Juni bis September erscheinen. Da die Bl\u00e4tter aufgrund ihrer harten Struktur schwer zu kauen sind, zerkleinern Sie sie fein, wenn Sie sie f\u00fcr Salat, Frischk\u00e4se oder Kr\u00e4uterquark verwenden. F\u00fcnffingerkraut wird aufgrund seiner entz\u00fcndungshemmenden und antibakteriellen Wirkung auch als Heilkraut verwendet.<\/p>\n<hr \/>\n<h3 class=\"western\"><span class=\"ez-toc-section\" id=\"Loewenzahn_Salatzugabe_mit_bitterem_Geschmack\"><\/span>L\u00f6wenzahn: Salatzugabe mit bitterem Geschmack<span class=\"ez-toc-section-end\"><\/span><\/h3>\n<p><img loading=\"lazy\" decoding=\"async\" class=\"alignleft wp-image-12040 size-thumbnail\" src=\"https:\/\/www.samenhaus.de\/gartenblog\/wp-content\/uploads\/2023\/06\/Wildkraeuter_204376030-150x150.jpg\" alt=\"L\u00f6wenzahn\" width=\"150\" height=\"150\" srcset=\"https:\/\/www.samenhaus.de\/gartenblog\/wp-content\/uploads\/2023\/06\/Wildkraeuter_204376030-150x150.jpg 150w, https:\/\/www.samenhaus.de\/gartenblog\/wp-content\/uploads\/2023\/06\/Wildkraeuter_204376030-80x80.jpg 80w\" sizes=\"auto, (max-width: 150px) 100vw, 150px\" \/><a href=\"https:\/\/www.samenhaus.de\/loewenzahnsamen\" target=\"_blank\" rel=\"noopener\">L\u00f6wenzahn<\/a> wird im Garten als Unkraut bek\u00e4mpft, da er hartn\u00e4ckig ist und sich schnell vermehrt. Er hat einen bitteren Geschmack und eignet sich daher als Salatzugabe. In seinem Geschmack erinnert L\u00f6wenzahn an Chicoree. Von L\u00f6wenzahn k\u00f6nnen Sie die Bl\u00e4tter und die Bl\u00fcten verwenden. Der Geschmack wird milder, wenn Sie die Bl\u00e4tter fein schneiden oder mit Salz bestreuen. Schon im M\u00e4rz oder Anfang April erscheinen die ersten jungen Bl\u00e4tter. L\u00f6wenzahn enth\u00e4lt viel Vitamin C, Kalium und Magnesium. Aus den Bl\u00fcten von L\u00f6wenzahn k\u00f6nnen Sie auch einen schmackhaften Honig bereiten.<\/p>\n<hr \/>\n<h3 class=\"western\"><span class=\"ez-toc-section\" id=\"Gundermann_junge_Blaetter_mit_herbem_Geschmack\"><\/span>Gundermann: junge Bl\u00e4tter mit herbem Geschmack<span class=\"ez-toc-section-end\"><\/span><\/h3>\n<p><img loading=\"lazy\" decoding=\"async\" class=\"alignleft wp-image-12043 size-thumbnail\" src=\"https:\/\/www.samenhaus.de\/gartenblog\/wp-content\/uploads\/2023\/06\/Wildkraeuter_301237519-150x150.jpg\" alt=\"Gundermann\" width=\"150\" height=\"150\" srcset=\"https:\/\/www.samenhaus.de\/gartenblog\/wp-content\/uploads\/2023\/06\/Wildkraeuter_301237519-150x150.jpg 150w, https:\/\/www.samenhaus.de\/gartenblog\/wp-content\/uploads\/2023\/06\/Wildkraeuter_301237519-80x80.jpg 80w\" sizes=\"auto, (max-width: 150px) 100vw, 150px\" \/><a href=\"https:\/\/www.samenhaus.de\/search?query=Gundermann\" target=\"_blank\" rel=\"noopener\">Gundermann<\/a> tritt in vielen G\u00e4rten auf und ist eher klein und unauff\u00e4llig. Da das Wildkraut mit seinen violetten Bl\u00fcten eine entz\u00fcndungshemmende Wirkung hat, wurde es fr\u00fcher f\u00fcr die Heilung schlecht heilender Wunden verwendet. Gundermann hat einen vierkantigen Stiel, an dem herzf\u00f6rmige Bl\u00e4tter erscheinen. Mit ihrem herben, bitteren Geschmack eignen sich die Bl\u00e4tter als Salatzugabe oder zum W\u00fcrzen, \u00e4hnlich wie Petersilie.<\/p>\n<hr \/>\n<h3 class=\"western\"><span class=\"ez-toc-section\" id=\"Baerlauch_ein_Geschmack_wie_Knoblauch\"><\/span>B\u00e4rlauch: ein Geschmack wie Knoblauch<span class=\"ez-toc-section-end\"><\/span><\/h3>\n<p><a href=\"https:\/\/www.samenhaus.de\/baerlauchsamen\" target=\"_blank\" rel=\"noopener\">B\u00e4rlauch<\/a> w\u00e4chst im Wald und ist an seinem Geruch nach Knoblauch leicht zu erkennen. Die Bl\u00e4tter, die im April und Anfang Mai geerntet werden k\u00f6nnen, sind vielf\u00e4ltig verwendbar:<\/p>\n<p><img loading=\"lazy\" decoding=\"async\" class=\"alignleft wp-image-12035 size-thumbnail\" src=\"https:\/\/www.samenhaus.de\/gartenblog\/wp-content\/uploads\/2023\/06\/Wildkraeuter_89783873-150x150.jpg\" alt=\"B\u00e4rlauch\" width=\"150\" height=\"150\" srcset=\"https:\/\/www.samenhaus.de\/gartenblog\/wp-content\/uploads\/2023\/06\/Wildkraeuter_89783873-150x150.jpg 150w, https:\/\/www.samenhaus.de\/gartenblog\/wp-content\/uploads\/2023\/06\/Wildkraeuter_89783873-80x80.jpg 80w\" sizes=\"auto, (max-width: 150px) 100vw, 150px\" \/><\/p>\n<p>&#8211; Salatzugabe<br \/>\n&#8211; zum W\u00fcrzen<br \/>\n&#8211; Kr\u00e4uterquark oder Frischk\u00e4se<br \/>\n&#8211; B\u00e4rlauchbutter<br \/>\n&#8211; B\u00e4rlauchpesto<br \/>\n&#8211; B\u00e4rlauchbrot<\/p>\n<p>&nbsp;<\/p>\n<p>Erscheinen die Bl\u00fcten, sollten Sie B\u00e4rlauch nicht mehr verwenden, da er dann stark an Geschmack verliert. B\u00e4rlauch wirkt sich positiv auf den Blutdruck aus, ist entz\u00fcndungshemmend und reich an den Vitaminen A und C. Er schmeckt nach Knoblauch, doch bleibt nach dem Verzehr keine Knoblauchfahne zur\u00fcck. Nehmen Sie B\u00e4rlauch nur mit, wenn Sie ihn wirklich kennen. Verwechslungsgefahr besteht mit giftigen Maigl\u00f6ckchen und Herbstzeitlose.<\/p>\n<hr \/>\n<h3 class=\"western\"><span class=\"ez-toc-section\" id=\"Sauerampfer_guter_Eiweisslieferant\"><\/span>Sauerampfer: guter Eiwei\u00dflieferant<span class=\"ez-toc-section-end\"><\/span><\/h3>\n<p><img loading=\"lazy\" decoding=\"async\" class=\"alignleft wp-image-12041 size-thumbnail\" src=\"https:\/\/www.samenhaus.de\/gartenblog\/wp-content\/uploads\/2023\/06\/Wildkraeuter_258751029-150x150.jpg\" alt=\"Sauerampfer\" width=\"150\" height=\"150\" srcset=\"https:\/\/www.samenhaus.de\/gartenblog\/wp-content\/uploads\/2023\/06\/Wildkraeuter_258751029-150x150.jpg 150w, https:\/\/www.samenhaus.de\/gartenblog\/wp-content\/uploads\/2023\/06\/Wildkraeuter_258751029-80x80.jpg 80w\" sizes=\"auto, (max-width: 150px) 100vw, 150px\" \/><a href=\"https:\/\/www.samenhaus.de\/sauerampfersamen\" target=\"_blank\" rel=\"noopener\">Sauerampfer<\/a> wurzelt tief und kommt in vielen G\u00e4rten vor. Die Bl\u00e4tter mit dem wunderbar s\u00e4uerlichen Geschmack sind Bestandteil der Gr\u00fcnen Sauce, einer Frankfurter Spezialit\u00e4t. Sauerampfer ist reich an Eiwei\u00df und Vitamin C. Die jungen Bl\u00e4tter eignen sich hervorragend f\u00fcr einen Salat.<\/p>\n<hr \/>\n<h3 class=\"western\"><span class=\"ez-toc-section\" id=\"Brennnessel_eine_gute_Eiweissquelle\"><\/span>Brennnessel: eine gute Eiwei\u00dfquelle<span class=\"ez-toc-section-end\"><\/span><\/h3>\n<p><img loading=\"lazy\" decoding=\"async\" class=\"alignleft wp-image-12039 size-thumbnail\" src=\"https:\/\/www.samenhaus.de\/gartenblog\/wp-content\/uploads\/2023\/06\/Wildkraeuter_177813496-150x150.jpg\" alt=\"Brennnessel\" width=\"150\" height=\"150\" srcset=\"https:\/\/www.samenhaus.de\/gartenblog\/wp-content\/uploads\/2023\/06\/Wildkraeuter_177813496-150x150.jpg 150w, https:\/\/www.samenhaus.de\/gartenblog\/wp-content\/uploads\/2023\/06\/Wildkraeuter_177813496-80x80.jpg 80w\" sizes=\"auto, (max-width: 150px) 100vw, 150px\" \/>Bei vielen Hobbyg\u00e4rtnern ist die <a href=\"https:\/\/www.samenhaus.de\/search?query=brennnessel\" target=\"_blank\" rel=\"noopener\">Brennnessel<\/a> ein verhasstes Unkraut, da sie sich schnell im Garten ausbreitet und bei Ber\u00fchrung zu schmerzenden und juckenden Quaddeln f\u00fchrt. Die n\u00e4hrstoffreiche Pflanze ist nicht nur f\u00fcr eine Brennnesseljauche als D\u00fcnger f\u00fcr den Garten geeignet, sondern ist auch essbar. Sie hat einen w\u00fcrzigen Geschmack und kann f\u00fcr Salate, aber auch f\u00fcr Tee verwendet werden.<\/p>\n<p>Die Brennnessel wirkt entschlackend und ist reich an Eiwei\u00df. Sie ist auch reich an Eisen, Magnesium, Vitamin A und Vitamin C. Ernten Sie die Bl\u00e4tter mit Gummihandschuhen und streifen Sie sie von unten nach oben ab. Damit sie beim Verzehr nicht im Mund brennen, waschen Sie sie mit warmem Wasser oder blanchieren sie kurz mit kochendem Wasser.<\/p>\n<hr \/>\n<h3 class=\"western\"><span class=\"ez-toc-section\" id=\"Vogelmiere_Vitaminlieferant_mit_nussigem_Geschmack\"><\/span>Vogelmiere: Vitaminlieferant mit nussigem Geschmack<span class=\"ez-toc-section-end\"><\/span><\/h3>\n<p><img loading=\"lazy\" decoding=\"async\" class=\"alignleft wp-image-12037 size-thumbnail\" src=\"https:\/\/www.samenhaus.de\/gartenblog\/wp-content\/uploads\/2023\/06\/Wildkraeuter_141479810-150x150.jpg\" alt=\"Vogelmiere\" width=\"150\" height=\"150\" srcset=\"https:\/\/www.samenhaus.de\/gartenblog\/wp-content\/uploads\/2023\/06\/Wildkraeuter_141479810-150x150.jpg 150w, https:\/\/www.samenhaus.de\/gartenblog\/wp-content\/uploads\/2023\/06\/Wildkraeuter_141479810-80x80.jpg 80w\" sizes=\"auto, (max-width: 150px) 100vw, 150px\" \/>Die Vogelmiere breitet sich schnell im Garten aus und wird daher als Unkraut bek\u00e4mpft. Sie eignet sich aber auch gut als Salatzutat, da sie einen milden, nussigen Geschmack hat. Vogelmiere ist ein guter Vitamin-C-Lieferant und ist reich an Kalium sowie Calcium. Sie w\u00e4chst das ganze Jahr \u00fcber und bevorzugt stickstoffhaltige B\u00f6den.<\/p>\n<hr \/>\n<h3 class=\"western\"><span class=\"ez-toc-section\" id=\"Knoblauchsrauke_Blaetter_mit_wuerzigem_knoblauchartigem_Geschmack\"><\/span>Knoblauchsrauke: Bl\u00e4tter mit w\u00fcrzigem, knoblauchartigem Geschmack<span class=\"ez-toc-section-end\"><\/span><\/h3>\n<p><img loading=\"lazy\" decoding=\"async\" class=\"alignleft wp-image-12034 size-thumbnail\" src=\"https:\/\/www.samenhaus.de\/gartenblog\/wp-content\/uploads\/2023\/06\/Wildkraeuter_31932471-150x150.jpg\" alt=\"Knoblauchsrauke\" width=\"150\" height=\"150\" srcset=\"https:\/\/www.samenhaus.de\/gartenblog\/wp-content\/uploads\/2023\/06\/Wildkraeuter_31932471-150x150.jpg 150w, https:\/\/www.samenhaus.de\/gartenblog\/wp-content\/uploads\/2023\/06\/Wildkraeuter_31932471-80x80.jpg 80w\" sizes=\"auto, (max-width: 150px) 100vw, 150px\" \/>Knoblauchsrauke w\u00e4chst in G\u00e4rten und an Wegen. Sie ist reich an Senfglycosiden, Vitamin A, Vitamin C und \u00e4therischen \u00d6len. Die Bl\u00e4tter, die an Brennnesselbl\u00e4tter erinnern, schmecken w\u00fcrzig nach Knoblauch, doch erinnern sie auch an Senf. Am zartesten und schmackhaftesten sind die Bl\u00e4tter im Fr\u00fchjahr. Sie eignen sich als Salat und zum W\u00fcrzen.<\/p>\n<hr \/>\n<h3 class=\"western\"><span class=\"ez-toc-section\" id=\"Scharbockskraut_Vitamin-C-Lieferant_mit_saeuerlichem_Geschmack\"><\/span>Scharbockskraut: Vitamin-C-Lieferant mit s\u00e4uerlichem Geschmack<span class=\"ez-toc-section-end\"><\/span><\/h3>\n<p><img loading=\"lazy\" decoding=\"async\" class=\"alignleft wp-image-12045 size-thumbnail\" src=\"https:\/\/www.samenhaus.de\/gartenblog\/wp-content\/uploads\/2023\/06\/Wildkraeuter_560373364-150x150.jpg\" alt=\"Scharbockskraut\" width=\"150\" height=\"150\" srcset=\"https:\/\/www.samenhaus.de\/gartenblog\/wp-content\/uploads\/2023\/06\/Wildkraeuter_560373364-150x150.jpg 150w, https:\/\/www.samenhaus.de\/gartenblog\/wp-content\/uploads\/2023\/06\/Wildkraeuter_560373364-80x80.jpg 80w\" sizes=\"auto, (max-width: 150px) 100vw, 150px\" \/>Scharbockskraut hat herzf\u00f6rmige Bl\u00e4tter und h\u00fcbsche gelbe Bl\u00fcten, die im April erscheinen. Aufgrund seines hohen Vitamin-C-Gehalts wurde es fr\u00fcher als Heilkraut bei Skorbut verwendet, weshalb es seinen Namen erhalten hat. Die Bl\u00e4tter eignen sich hervorragend f\u00fcr Salate und haben einen s\u00e4uerlichen Geschmack mit pfeffriger Note. Verwenden Sie es nur in kleineren Mengen, da es die Schleimh\u00e4ute reizen kann. Nach der Bl\u00fcte verwenden Sie Scharbockskraut nicht mehr.<\/p>\n<p>&nbsp;<\/p>\n<h2 class=\"western\"><span class=\"ez-toc-section\" id=\"Salat_aus_Wildkraeutern_bereiten_Fantasie_ist_erwuenscht\"><\/span>Salat aus Wildkr\u00e4utern bereiten: Fantasie ist erw\u00fcnscht<span class=\"ez-toc-section-end\"><\/span><\/h2>\n<p>Lassen Sie Ihre Fantasie spielen, wenn Sie einen Salat aus Wildkr\u00e4utern bereiten m\u00f6chten. Die verschiedenen Wildkr\u00e4uter k\u00f6nnen Sie zusammen mit anderen Zutaten, beispielsweise <a href=\"https:\/\/www.samenhaus.de\/tomatensamen\" target=\"_blank\" rel=\"noopener\">Tomaten,<\/a> <a href=\"https:\/\/www.samenhaus.de\/gurkensamen\" target=\"_blank\" rel=\"noopener\">Gurken,<\/a> <a href=\"https:\/\/www.samenhaus.de\/gurkensamen\" target=\"_blank\" rel=\"noopener\">Radieschen<\/a> und <a href=\"https:\/\/www.samenhaus.de\/paprikasamen\" target=\"_blank\" rel=\"noopener\">Paprika,<\/a> verwenden. Als Dekoration eignen sich Bl\u00fcten von <a href=\"https:\/\/www.samenhaus.de\/gaensebluemchensamen\" target=\"_blank\" rel=\"noopener\">G\u00e4nsebl\u00fcmchen<\/a> oder Ehrenpreis. Ein Dressing bereiten Sie aus \u00d6l, Apfelessig und kleingehackten Wildkr\u00e4utern.<\/p>\n","protected":false},"excerpt":{"rendered":"<p>Viele Wildkr\u00e4uter werden als Unkraut bek\u00e4mpft, obwohl sie n\u00e4hrstoffreich und lecker sind. Stattdessen werden verschiedene gez\u00fcchtete Salatsorten angebaut, die kaum N\u00e4hrstoffe enthalten. Wie w\u00e4re es, Wildkr\u00e4uter zu sammeln und daraus einen schmackhaften Salat zu bereiten? Wildkr\u00e4uter als Salat: lecker und n\u00e4hrstoffreich Um einen schmackhaften Salat zuzubereiten, m\u00fcssen Sie nicht Eisbergsalat oder R\u00f6mersalat im Supermarkt kaufen, da viele Kr\u00e4uter f\u00fcr einen schmackhaften Salat auf der Wiese oder sogar im Garten wachsen. H\u00e4ufig werden diese Kr\u00e4uter gar nicht beachtet oder sogar als Unkraut bek\u00e4mpft. Diese Wildkr\u00e4uter sollten Sie nicht untersch\u00e4tzen, denn sie haben einen hohen N\u00e4hrwert und sind reich an Vitaminen, Mineralstoffen und sekund\u00e4ren Pflanzenstoffen. Diese Inhaltsstoffe machen die Wildkr\u00e4uter nicht nur wertvoll f\u00fcr die Gesundheit, sondern auch wunderbar aromatisch. Kultivierte Sorten wie Kopf- oder Schnittsalat enthalten oft nur noch wenige sekund\u00e4re Pflanzenstoffe, da sie im Laufe der Zeit w\u00e4hrend der Kultur verlorengegangen sind. Wildkr\u00e4uter sammeln: nur das nehmen, was Sie kennen Nicht jedes Wildkraut ist schmackhaft und essbar, denn einige Wildpflanzen sind giftig und f\u00fchren zu Magenverstimmungen oder schlimmstenfalls zu schweren Vergiftungen. Ein Kr\u00e4uterbuch kann Ihnen helfen, die Kr\u00e4uter zu erkennen. Auch bei einer Kr\u00e4uterwanderung oder einem Kr\u00e4uterseminar k\u00f6nnen Sie essbare und nicht essbare Wildkr\u00e4uter kennenlernen. Bestenfalls kennen Sie selbst verschiedene [&hellip;]<\/p>\n","protected":false},"author":11,"featured_media":12038,"comment_status":"open","ping_status":"open","sticky":false,"template":"","format":"standard","meta":{"_acf_changed":false,"footnotes":""},"categories":[5],"tags":[],"hersteller":[],"class_list":["post-9311","post","type-post","status-publish","format-standard","has-post-thumbnail","hentry","category-kraeuter"],"acf":[],"yoast_head":"<!-- This site is optimized with the Yoast SEO plugin v27.4 - https:\/\/yoast.com\/product\/yoast-seo-wordpress\/ -->\n<title>Salat von der Wiese: schmackhafte und n\u00e4hrstoffreiche Wildkr\u00e4uter - Samenhaus Gartenblog<\/title>\n<meta name=\"description\" content=\"Wildkr\u00e4uter wachsen zu Hauf auf den Wiesen. Warum sich also nicht an den leckeren Kr\u00e4utern bedienen und einen frischen Geschmack in die Gerichte bringen?\" \/>\n<meta name=\"robots\" content=\"index, follow, max-snippet:-1, max-image-preview:large, max-video-preview:-1\" \/>\n<link rel=\"canonical\" href=\"https:\/\/www.samenhaus.de\/gartenblog\/salat-von-der-wiese-schmackhafte-und-naehrstoffreiche-wildkraeuter\" \/>\n<meta property=\"og:locale\" content=\"de_DE\" \/>\n<meta property=\"og:type\" content=\"article\" \/>\n<meta property=\"og:title\" content=\"Salat von der Wiese: schmackhafte und n\u00e4hrstoffreiche Wildkr\u00e4uter - Samenhaus Gartenblog\" \/>\n<meta property=\"og:description\" content=\"Wildkr\u00e4uter wachsen zu Hauf auf den Wiesen. Warum sich also nicht an den leckeren Kr\u00e4utern bedienen und einen frischen Geschmack in die Gerichte bringen?\" \/>\n<meta property=\"og:url\" content=\"https:\/\/www.samenhaus.de\/gartenblog\/salat-von-der-wiese-schmackhafte-und-naehrstoffreiche-wildkraeuter\" \/>\n<meta property=\"og:site_name\" content=\"Samenhaus Gartenblog\" \/>\n<meta property=\"article:publisher\" content=\"https:\/\/de-de.facebook.com\/samenhaus\" \/>\n<meta property=\"article:published_time\" content=\"2023-07-10T09:00:18+00:00\" \/>\n<meta property=\"article:modified_time\" content=\"2024-04-22T07:54:01+00:00\" \/>\n<meta property=\"og:image\" content=\"https:\/\/www.samenhaus.de\/gartenblog\/wp-content\/uploads\/2023\/06\/Wildkraeuter_165883891.jpg\" \/>\n\t<meta property=\"og:image:width\" content=\"846\" \/>\n\t<meta property=\"og:image:height\" content=\"563\" \/>\n\t<meta property=\"og:image:type\" content=\"image\/jpeg\" \/>\n<meta name=\"author\" content=\"Sabine\" \/>\n<meta name=\"twitter:card\" content=\"summary_large_image\" \/>\n<meta name=\"twitter:creator\" content=\"@samenhaus\" \/>\n<meta name=\"twitter:site\" content=\"@samenhaus\" \/>\n<meta name=\"twitter:label1\" content=\"Verfasst von\" \/>\n\t<meta name=\"twitter:data1\" content=\"Sabine\" \/>\n\t<meta name=\"twitter:label2\" content=\"Gesch\u00e4tzte Lesezeit\" \/>\n\t<meta name=\"twitter:data2\" content=\"9\u00a0Minuten\" \/>\n<script type=\"application\/ld+json\" class=\"yoast-schema-graph\">{\"@context\":\"https:\\\/\\\/schema.org\",\"@graph\":[{\"@type\":\"Article\",\"@id\":\"https:\\\/\\\/www.samenhaus.de\\\/gartenblog\\\/salat-von-der-wiese-schmackhafte-und-naehrstoffreiche-wildkraeuter#article\",\"isPartOf\":{\"@id\":\"https:\\\/\\\/www.samenhaus.de\\\/gartenblog\\\/salat-von-der-wiese-schmackhafte-und-naehrstoffreiche-wildkraeuter\"},\"author\":{\"name\":\"Sabine\",\"@id\":\"https:\\\/\\\/www.samenhaus.de\\\/gartenblog\\\/#\\\/schema\\\/person\\\/e4c837ea32ec74c39497c1e69976fed5\"},\"headline\":\"Salat von der Wiese: schmackhafte und n\u00e4hrstoffreiche Wildkr\u00e4uter\",\"datePublished\":\"2023-07-10T09:00:18+00:00\",\"dateModified\":\"2024-04-22T07:54:01+00:00\",\"mainEntityOfPage\":{\"@id\":\"https:\\\/\\\/www.samenhaus.de\\\/gartenblog\\\/salat-von-der-wiese-schmackhafte-und-naehrstoffreiche-wildkraeuter\"},\"wordCount\":1365,\"commentCount\":0,\"publisher\":{\"@id\":\"https:\\\/\\\/www.samenhaus.de\\\/gartenblog\\\/#organization\"},\"image\":{\"@id\":\"https:\\\/\\\/www.samenhaus.de\\\/gartenblog\\\/salat-von-der-wiese-schmackhafte-und-naehrstoffreiche-wildkraeuter#primaryimage\"},\"thumbnailUrl\":\"https:\\\/\\\/www.samenhaus.de\\\/gartenblog\\\/wp-content\\\/uploads\\\/2023\\\/06\\\/Wildkraeuter_165883891.jpg\",\"articleSection\":[\"Kr\u00e4uter\"],\"inLanguage\":\"de\",\"potentialAction\":[{\"@type\":\"CommentAction\",\"name\":\"Comment\",\"target\":[\"https:\\\/\\\/www.samenhaus.de\\\/gartenblog\\\/salat-von-der-wiese-schmackhafte-und-naehrstoffreiche-wildkraeuter#respond\"]}],\"copyrightYear\":\"2023\",\"copyrightHolder\":{\"@id\":\"https:\\\/\\\/www.samenhaus.de\\\/gartenblog\\\/#organization\"}},{\"@type\":\"WebPage\",\"@id\":\"https:\\\/\\\/www.samenhaus.de\\\/gartenblog\\\/salat-von-der-wiese-schmackhafte-und-naehrstoffreiche-wildkraeuter\",\"url\":\"https:\\\/\\\/www.samenhaus.de\\\/gartenblog\\\/salat-von-der-wiese-schmackhafte-und-naehrstoffreiche-wildkraeuter\",\"name\":\"Salat von der Wiese: schmackhafte und n\u00e4hrstoffreiche Wildkr\u00e4uter - Samenhaus Gartenblog\",\"isPartOf\":{\"@id\":\"https:\\\/\\\/www.samenhaus.de\\\/gartenblog\\\/#website\"},\"primaryImageOfPage\":{\"@id\":\"https:\\\/\\\/www.samenhaus.de\\\/gartenblog\\\/salat-von-der-wiese-schmackhafte-und-naehrstoffreiche-wildkraeuter#primaryimage\"},\"image\":{\"@id\":\"https:\\\/\\\/www.samenhaus.de\\\/gartenblog\\\/salat-von-der-wiese-schmackhafte-und-naehrstoffreiche-wildkraeuter#primaryimage\"},\"thumbnailUrl\":\"https:\\\/\\\/www.samenhaus.de\\\/gartenblog\\\/wp-content\\\/uploads\\\/2023\\\/06\\\/Wildkraeuter_165883891.jpg\",\"datePublished\":\"2023-07-10T09:00:18+00:00\",\"dateModified\":\"2024-04-22T07:54:01+00:00\",\"description\":\"Wildkr\u00e4uter wachsen zu Hauf auf den Wiesen. Warum sich also nicht an den leckeren Kr\u00e4utern bedienen und einen frischen Geschmack in die Gerichte bringen?\",\"breadcrumb\":{\"@id\":\"https:\\\/\\\/www.samenhaus.de\\\/gartenblog\\\/salat-von-der-wiese-schmackhafte-und-naehrstoffreiche-wildkraeuter#breadcrumb\"},\"inLanguage\":\"de\",\"potentialAction\":[{\"@type\":\"ReadAction\",\"target\":[\"https:\\\/\\\/www.samenhaus.de\\\/gartenblog\\\/salat-von-der-wiese-schmackhafte-und-naehrstoffreiche-wildkraeuter\"]}]},{\"@type\":\"ImageObject\",\"inLanguage\":\"de\",\"@id\":\"https:\\\/\\\/www.samenhaus.de\\\/gartenblog\\\/salat-von-der-wiese-schmackhafte-und-naehrstoffreiche-wildkraeuter#primaryimage\",\"url\":\"https:\\\/\\\/www.samenhaus.de\\\/gartenblog\\\/wp-content\\\/uploads\\\/2023\\\/06\\\/Wildkraeuter_165883891.jpg\",\"contentUrl\":\"https:\\\/\\\/www.samenhaus.de\\\/gartenblog\\\/wp-content\\\/uploads\\\/2023\\\/06\\\/Wildkraeuter_165883891.jpg\",\"width\":846,\"height\":563,\"caption\":\"Wildkr\u00e4uter\"},{\"@type\":\"BreadcrumbList\",\"@id\":\"https:\\\/\\\/www.samenhaus.de\\\/gartenblog\\\/salat-von-der-wiese-schmackhafte-und-naehrstoffreiche-wildkraeuter#breadcrumb\",\"itemListElement\":[{\"@type\":\"ListItem\",\"position\":1,\"name\":\"Startseite\",\"item\":\"https:\\\/\\\/www.samenhaus.de\\\/gartenblog\\\/\"},{\"@type\":\"ListItem\",\"position\":2,\"name\":\"Salat von der Wiese: schmackhafte und n\u00e4hrstoffreiche Wildkr\u00e4uter\"}]},{\"@type\":\"WebSite\",\"@id\":\"https:\\\/\\\/www.samenhaus.de\\\/gartenblog\\\/#website\",\"url\":\"https:\\\/\\\/www.samenhaus.de\\\/gartenblog\\\/\",\"name\":\"Samenhaus Gartenblog\",\"description\":\"\",\"publisher\":{\"@id\":\"https:\\\/\\\/www.samenhaus.de\\\/gartenblog\\\/#organization\"},\"potentialAction\":[{\"@type\":\"SearchAction\",\"target\":{\"@type\":\"EntryPoint\",\"urlTemplate\":\"https:\\\/\\\/www.samenhaus.de\\\/gartenblog\\\/?s={search_term_string}\"},\"query-input\":{\"@type\":\"PropertyValueSpecification\",\"valueRequired\":true,\"valueName\":\"search_term_string\"}}],\"inLanguage\":\"de\"},{\"@type\":\"Organization\",\"@id\":\"https:\\\/\\\/www.samenhaus.de\\\/gartenblog\\\/#organization\",\"name\":\"Samenhaus.de Gartenblog\",\"url\":\"https:\\\/\\\/www.samenhaus.de\\\/gartenblog\\\/\",\"logo\":{\"@type\":\"ImageObject\",\"inLanguage\":\"de\",\"@id\":\"https:\\\/\\\/www.samenhaus.de\\\/gartenblog\\\/#\\\/schema\\\/logo\\\/image\\\/\",\"url\":\"https:\\\/\\\/www.samenhaus.de\\\/gartenblog\\\/wp-content\\\/uploads\\\/2020\\\/11\\\/logo.svg\",\"contentUrl\":\"https:\\\/\\\/www.samenhaus.de\\\/gartenblog\\\/wp-content\\\/uploads\\\/2020\\\/11\\\/logo.svg\",\"width\":1,\"height\":1,\"caption\":\"Samenhaus.de Gartenblog\"},\"image\":{\"@id\":\"https:\\\/\\\/www.samenhaus.de\\\/gartenblog\\\/#\\\/schema\\\/logo\\\/image\\\/\"},\"sameAs\":[\"https:\\\/\\\/de-de.facebook.com\\\/samenhaus\",\"https:\\\/\\\/x.com\\\/samenhaus\"]},{\"@type\":\"Person\",\"@id\":\"https:\\\/\\\/www.samenhaus.de\\\/gartenblog\\\/#\\\/schema\\\/person\\\/e4c837ea32ec74c39497c1e69976fed5\",\"name\":\"Sabine\",\"image\":{\"@type\":\"ImageObject\",\"inLanguage\":\"de\",\"@id\":\"https:\\\/\\\/www.samenhaus.de\\\/gartenblog\\\/wp-content\\\/uploads\\\/2026\\\/03\\\/sabine-150x150.png\",\"url\":\"https:\\\/\\\/www.samenhaus.de\\\/gartenblog\\\/wp-content\\\/uploads\\\/2026\\\/03\\\/sabine-150x150.png\",\"contentUrl\":\"https:\\\/\\\/www.samenhaus.de\\\/gartenblog\\\/wp-content\\\/uploads\\\/2026\\\/03\\\/sabine-150x150.png\",\"caption\":\"Sabine\"},\"description\":\"Sabine schreibt am liebsten \u00fcber Themen rund um den Selbstversorgergarten. Ob Gem\u00fcseanbau, Obstgarten, H\u00fchnerhaltung oder Konservierung und Verarbeitung, sie hat jede Menge eigene Erfahrung beizusteuern. Sie liebt es, den Blick \u00fcber die ersten zarten Pflanzen des Jahres schweifen zu lassen oder die gewaltige Ernte im Sommer und Herbst zu b\u00e4ndigen.\",\"url\":\"https:\\\/\\\/www.samenhaus.de\\\/gartenblog\\\/author\\\/sabine\"}]}<\/script>\n<!-- \/ Yoast SEO plugin. -->","yoast_head_json":{"title":"Salat von der Wiese: schmackhafte und n\u00e4hrstoffreiche Wildkr\u00e4uter - Samenhaus Gartenblog","description":"Wildkr\u00e4uter wachsen zu Hauf auf den Wiesen. Warum sich also nicht an den leckeren Kr\u00e4utern bedienen und einen frischen Geschmack in die Gerichte bringen?","robots":{"index":"index","follow":"follow","max-snippet":"max-snippet:-1","max-image-preview":"max-image-preview:large","max-video-preview":"max-video-preview:-1"},"canonical":"https:\/\/www.samenhaus.de\/gartenblog\/salat-von-der-wiese-schmackhafte-und-naehrstoffreiche-wildkraeuter","og_locale":"de_DE","og_type":"article","og_title":"Salat von der Wiese: schmackhafte und n\u00e4hrstoffreiche Wildkr\u00e4uter - Samenhaus Gartenblog","og_description":"Wildkr\u00e4uter wachsen zu Hauf auf den Wiesen. Warum sich also nicht an den leckeren Kr\u00e4utern bedienen und einen frischen Geschmack in die Gerichte bringen?","og_url":"https:\/\/www.samenhaus.de\/gartenblog\/salat-von-der-wiese-schmackhafte-und-naehrstoffreiche-wildkraeuter","og_site_name":"Samenhaus Gartenblog","article_publisher":"https:\/\/de-de.facebook.com\/samenhaus","article_published_time":"2023-07-10T09:00:18+00:00","article_modified_time":"2024-04-22T07:54:01+00:00","og_image":[{"width":846,"height":563,"url":"https:\/\/www.samenhaus.de\/gartenblog\/wp-content\/uploads\/2023\/06\/Wildkraeuter_165883891.jpg","type":"image\/jpeg"}],"author":"Sabine","twitter_card":"summary_large_image","twitter_creator":"@samenhaus","twitter_site":"@samenhaus","twitter_misc":{"Verfasst von":"Sabine","Gesch\u00e4tzte Lesezeit":"9\u00a0Minuten"},"schema":{"@context":"https:\/\/schema.org","@graph":[{"@type":"Article","@id":"https:\/\/www.samenhaus.de\/gartenblog\/salat-von-der-wiese-schmackhafte-und-naehrstoffreiche-wildkraeuter#article","isPartOf":{"@id":"https:\/\/www.samenhaus.de\/gartenblog\/salat-von-der-wiese-schmackhafte-und-naehrstoffreiche-wildkraeuter"},"author":{"name":"Sabine","@id":"https:\/\/www.samenhaus.de\/gartenblog\/#\/schema\/person\/e4c837ea32ec74c39497c1e69976fed5"},"headline":"Salat von der Wiese: schmackhafte und n\u00e4hrstoffreiche Wildkr\u00e4uter","datePublished":"2023-07-10T09:00:18+00:00","dateModified":"2024-04-22T07:54:01+00:00","mainEntityOfPage":{"@id":"https:\/\/www.samenhaus.de\/gartenblog\/salat-von-der-wiese-schmackhafte-und-naehrstoffreiche-wildkraeuter"},"wordCount":1365,"commentCount":0,"publisher":{"@id":"https:\/\/www.samenhaus.de\/gartenblog\/#organization"},"image":{"@id":"https:\/\/www.samenhaus.de\/gartenblog\/salat-von-der-wiese-schmackhafte-und-naehrstoffreiche-wildkraeuter#primaryimage"},"thumbnailUrl":"https:\/\/www.samenhaus.de\/gartenblog\/wp-content\/uploads\/2023\/06\/Wildkraeuter_165883891.jpg","articleSection":["Kr\u00e4uter"],"inLanguage":"de","potentialAction":[{"@type":"CommentAction","name":"Comment","target":["https:\/\/www.samenhaus.de\/gartenblog\/salat-von-der-wiese-schmackhafte-und-naehrstoffreiche-wildkraeuter#respond"]}],"copyrightYear":"2023","copyrightHolder":{"@id":"https:\/\/www.samenhaus.de\/gartenblog\/#organization"}},{"@type":"WebPage","@id":"https:\/\/www.samenhaus.de\/gartenblog\/salat-von-der-wiese-schmackhafte-und-naehrstoffreiche-wildkraeuter","url":"https:\/\/www.samenhaus.de\/gartenblog\/salat-von-der-wiese-schmackhafte-und-naehrstoffreiche-wildkraeuter","name":"Salat von der Wiese: schmackhafte und n\u00e4hrstoffreiche Wildkr\u00e4uter - Samenhaus Gartenblog","isPartOf":{"@id":"https:\/\/www.samenhaus.de\/gartenblog\/#website"},"primaryImageOfPage":{"@id":"https:\/\/www.samenhaus.de\/gartenblog\/salat-von-der-wiese-schmackhafte-und-naehrstoffreiche-wildkraeuter#primaryimage"},"image":{"@id":"https:\/\/www.samenhaus.de\/gartenblog\/salat-von-der-wiese-schmackhafte-und-naehrstoffreiche-wildkraeuter#primaryimage"},"thumbnailUrl":"https:\/\/www.samenhaus.de\/gartenblog\/wp-content\/uploads\/2023\/06\/Wildkraeuter_165883891.jpg","datePublished":"2023-07-10T09:00:18+00:00","dateModified":"2024-04-22T07:54:01+00:00","description":"Wildkr\u00e4uter wachsen zu Hauf auf den Wiesen. Warum sich also nicht an den leckeren Kr\u00e4utern bedienen und einen frischen Geschmack in die Gerichte bringen?","breadcrumb":{"@id":"https:\/\/www.samenhaus.de\/gartenblog\/salat-von-der-wiese-schmackhafte-und-naehrstoffreiche-wildkraeuter#breadcrumb"},"inLanguage":"de","potentialAction":[{"@type":"ReadAction","target":["https:\/\/www.samenhaus.de\/gartenblog\/salat-von-der-wiese-schmackhafte-und-naehrstoffreiche-wildkraeuter"]}]},{"@type":"ImageObject","inLanguage":"de","@id":"https:\/\/www.samenhaus.de\/gartenblog\/salat-von-der-wiese-schmackhafte-und-naehrstoffreiche-wildkraeuter#primaryimage","url":"https:\/\/www.samenhaus.de\/gartenblog\/wp-content\/uploads\/2023\/06\/Wildkraeuter_165883891.jpg","contentUrl":"https:\/\/www.samenhaus.de\/gartenblog\/wp-content\/uploads\/2023\/06\/Wildkraeuter_165883891.jpg","width":846,"height":563,"caption":"Wildkr\u00e4uter"},{"@type":"BreadcrumbList","@id":"https:\/\/www.samenhaus.de\/gartenblog\/salat-von-der-wiese-schmackhafte-und-naehrstoffreiche-wildkraeuter#breadcrumb","itemListElement":[{"@type":"ListItem","position":1,"name":"Startseite","item":"https:\/\/www.samenhaus.de\/gartenblog\/"},{"@type":"ListItem","position":2,"name":"Salat von der Wiese: schmackhafte und n\u00e4hrstoffreiche Wildkr\u00e4uter"}]},{"@type":"WebSite","@id":"https:\/\/www.samenhaus.de\/gartenblog\/#website","url":"https:\/\/www.samenhaus.de\/gartenblog\/","name":"Samenhaus Gartenblog","description":"","publisher":{"@id":"https:\/\/www.samenhaus.de\/gartenblog\/#organization"},"potentialAction":[{"@type":"SearchAction","target":{"@type":"EntryPoint","urlTemplate":"https:\/\/www.samenhaus.de\/gartenblog\/?s={search_term_string}"},"query-input":{"@type":"PropertyValueSpecification","valueRequired":true,"valueName":"search_term_string"}}],"inLanguage":"de"},{"@type":"Organization","@id":"https:\/\/www.samenhaus.de\/gartenblog\/#organization","name":"Samenhaus.de Gartenblog","url":"https:\/\/www.samenhaus.de\/gartenblog\/","logo":{"@type":"ImageObject","inLanguage":"de","@id":"https:\/\/www.samenhaus.de\/gartenblog\/#\/schema\/logo\/image\/","url":"https:\/\/www.samenhaus.de\/gartenblog\/wp-content\/uploads\/2020\/11\/logo.svg","contentUrl":"https:\/\/www.samenhaus.de\/gartenblog\/wp-content\/uploads\/2020\/11\/logo.svg","width":1,"height":1,"caption":"Samenhaus.de Gartenblog"},"image":{"@id":"https:\/\/www.samenhaus.de\/gartenblog\/#\/schema\/logo\/image\/"},"sameAs":["https:\/\/de-de.facebook.com\/samenhaus","https:\/\/x.com\/samenhaus"]},{"@type":"Person","@id":"https:\/\/www.samenhaus.de\/gartenblog\/#\/schema\/person\/e4c837ea32ec74c39497c1e69976fed5","name":"Sabine","image":{"@type":"ImageObject","inLanguage":"de","@id":"https:\/\/www.samenhaus.de\/gartenblog\/wp-content\/uploads\/2026\/03\/sabine-150x150.png","url":"https:\/\/www.samenhaus.de\/gartenblog\/wp-content\/uploads\/2026\/03\/sabine-150x150.png","contentUrl":"https:\/\/www.samenhaus.de\/gartenblog\/wp-content\/uploads\/2026\/03\/sabine-150x150.png","caption":"Sabine"},"description":"Sabine schreibt am liebsten \u00fcber Themen rund um den Selbstversorgergarten. Ob Gem\u00fcseanbau, Obstgarten, H\u00fchnerhaltung oder Konservierung und Verarbeitung, sie hat jede Menge eigene Erfahrung beizusteuern. Sie liebt es, den Blick \u00fcber die ersten zarten Pflanzen des Jahres schweifen zu lassen oder die gewaltige Ernte im Sommer und Herbst zu b\u00e4ndigen.","url":"https:\/\/www.samenhaus.de\/gartenblog\/author\/sabine"}]}},"wp-worthy-pixel":{"ignored":false,"public":"f1411597b1554bbdb4a4ec0d9a2ed620","server":"vg07.met.vgwort.de","url":"https:\/\/vg07.met.vgwort.de\/na\/f1411597b1554bbdb4a4ec0d9a2ed620"},"wp-worthy-type":"normal","_links":{"self":[{"href":"https:\/\/www.samenhaus.de\/gartenblog\/wp-json\/wp\/v2\/posts\/9311","targetHints":{"allow":["GET"]}}],"collection":[{"href":"https:\/\/www.samenhaus.de\/gartenblog\/wp-json\/wp\/v2\/posts"}],"about":[{"href":"https:\/\/www.samenhaus.de\/gartenblog\/wp-json\/wp\/v2\/types\/post"}],"author":[{"embeddable":true,"href":"https:\/\/www.samenhaus.de\/gartenblog\/wp-json\/wp\/v2\/users\/11"}],"replies":[{"embeddable":true,"href":"https:\/\/www.samenhaus.de\/gartenblog\/wp-json\/wp\/v2\/comments?post=9311"}],"version-history":[{"count":11,"href":"https:\/\/www.samenhaus.de\/gartenblog\/wp-json\/wp\/v2\/posts\/9311\/revisions"}],"predecessor-version":[{"id":12032,"href":"https:\/\/www.samenhaus.de\/gartenblog\/wp-json\/wp\/v2\/posts\/9311\/revisions\/12032"}],"wp:featuredmedia":[{"embeddable":true,"href":"https:\/\/www.samenhaus.de\/gartenblog\/wp-json\/wp\/v2\/media\/12038"}],"wp:attachment":[{"href":"https:\/\/www.samenhaus.de\/gartenblog\/wp-json\/wp\/v2\/media?parent=9311"}],"wp:term":[{"taxonomy":"category","embeddable":true,"href":"https:\/\/www.samenhaus.de\/gartenblog\/wp-json\/wp\/v2\/categories?post=9311"},{"taxonomy":"post_tag","embeddable":true,"href":"https:\/\/www.samenhaus.de\/gartenblog\/wp-json\/wp\/v2\/tags?post=9311"},{"taxonomy":"hersteller","embeddable":true,"href":"https:\/\/www.samenhaus.de\/gartenblog\/wp-json\/wp\/v2\/hersteller?post=9311"}],"curies":[{"name":"wp","href":"https:\/\/api.w.org\/{rel}","templated":true}]}}