{"id":9401,"date":"2023-09-25T09:00:24","date_gmt":"2023-09-25T09:00:24","guid":{"rendered":"https:\/\/www.samenhaus.de\/gartenblog\/?p=9401"},"modified":"2023-09-20T17:28:09","modified_gmt":"2023-09-20T17:28:09","slug":"frostschutz-fuer-pflanzen-so-schuetzen-sie-sie-im-winter","status":"publish","type":"post","link":"https:\/\/www.samenhaus.de\/gartenblog\/frostschutz-fuer-pflanzen-so-schuetzen-sie-sie-im-winter","title":{"rendered":"Frostschutz f\u00fcr Pflanzen: So sch\u00fctzen Sie sie im Winter"},"content":{"rendered":"<p>Sch\u00fctzen Sie empfindliche Pflanzen nicht rechtzeitig vor Frostsch\u00e4den, kann das verheerende Folgen haben. Nicht nur Zierpflanzen, sondern auch Gem\u00fcsepflanzen und Kr\u00e4uter ben\u00f6tigen einen Frostschutz. Einige Pflanzen k\u00f6nnen Sie in einen k\u00fchlen, frostfreien Raum bringen, w\u00e4hrend andere eine Verpackung als Frostschutz bekommen.<\/p>\n<h2 class=\"western\"><span class=\"ez-toc-section\" id=\"Temperatur_ab_der_ein_Frostschutz_erforderlich_ist_abhaengig_von_der_Pflanzenart\"><\/span>Temperatur, ab der ein Frostschutz erforderlich ist: abh\u00e4ngig von der Pflanzenart<span class=\"ez-toc-section-end\"><\/span><\/h2>\n<p><img loading=\"lazy\" decoding=\"async\" class=\"size-full wp-image-14552 alignright\" src=\"https:\/\/www.samenhaus.de\/gartenblog\/wp-content\/uploads\/2023\/09\/Frostschutz-Pflanzen_134055613.jpg\" alt=\"Frostschutz B\u00e4ume\" width=\"300\" height=\"200\" \/>Eine pauschale Antwort, ab welcher Temperatur Sie Pflanzen vor Frost sch\u00fctzen sollten, gibt es nicht. Es h\u00e4ngt von der jeweiligen Pflanzenart ab, wann ein Frostschutz erforderlich ist. Einige Pflanzen sind winterhart und kommen den ganzen Winter \u00fcber ohne Frostschutz aus. Andere Pflanzen gelten zwar als winterhart, doch in ungesch\u00fctzten Lagen ist es f\u00fcr sie bei Temperaturen unter minus 10 Grad Celsius zu kalt, sodass sie einen Frostschutz ben\u00f6tigen.<\/p>\n<p>Den <a href=\"https:\/\/www.samenhaus.de\/winterschutz\" target=\"_blank\" rel=\"noopener\">Frostschutz<\/a> m\u00fcssen Sie au\u00dferdem den Umst\u00e4nden anpassen. Junge B\u00e4ume, aber auch bestimmte Stauden sollten einen Frostschutz bekommen, wenn sie gerade erst gepflanzt wurden. \u00c4ltere Pflanzen sind hingegen unempfindlicher und haben sich bereits an raue Temperaturen gew\u00f6hnt.<\/p>\n<h2 class=\"western\"><span class=\"ez-toc-section\" id=\"Frostschutz_fuer_Obstbaeume_Pfirsiche_und_Aprikosen\"><\/span>Frostschutz f\u00fcr Obstb\u00e4ume: Pfirsiche und Aprikosen<span class=\"ez-toc-section-end\"><\/span><\/h2>\n<p>Einige Obstb\u00e4ume k\u00f6nnen in k\u00e4lteren Lagen Frostsch\u00e4den erleiden, beispielsweise Pfirsich-, Aprikosen- und Kirschb\u00e4ume. Junge Obstb\u00e4ume, die Sie im Herbst erst gepflanzt haben, sch\u00fctzen Sie im Wurzelbereich mit einer dicken Laubschicht. Empfindliche B\u00e4ume erhalten zus\u00e4tzlich ein Frostschutzvlies als Verpackung.<\/p>\n<p>Nicht nur im Herbst und Winter, sondern auch im zeitigen Fr\u00fchjahr kann Frost f\u00fcr einige Obstb\u00e4ume zum Problem werden. Sp\u00e4tfrost kann zu empfindlichen Sch\u00e4den f\u00fchren, vor allem, wenn die B\u00e4ume bereits bl\u00fchen. Sch\u00fctzen Sie die B\u00e4ume mit einem Vlies, das Sie mit St\u00e4ben st\u00fctzen, damit die Bl\u00fcten nicht besch\u00e4digt werden.<\/p>\n<p><strong>Tipp:<\/strong> Profis im Obst- und Weinbau verwenden zum Schutz vor Sp\u00e4tfr\u00f6sten Frostkerzen, bei denen es sich um mit Paraffin gef\u00fcllte Eimer handelt, in denen ein Docht steckt. Die Kerzen werden in der N\u00e4he des Baumes aufgestellt und angez\u00fcndet, wenn die Temperatur unter Null Grad f\u00e4llt.<\/p>\n<h2 class=\"western\"><span class=\"ez-toc-section\" id=\"Pflanzen_im_Kuebel_vor_Frost_schuetzen_Schutz_des_Wurzelballens_und_richtig_bewaessern\"><\/span>Pflanzen im K\u00fcbel vor Frost sch\u00fctzen: Schutz des Wurzelballens und richtig bew\u00e4ssern<span class=\"ez-toc-section-end\"><\/span><\/h2>\n<p><img loading=\"lazy\" decoding=\"async\" class=\"size-full wp-image-14553 alignright\" src=\"https:\/\/www.samenhaus.de\/gartenblog\/wp-content\/uploads\/2023\/09\/Frostschutz-Pflanzen_375943664.jpg\" alt=\"Frostschutz K\u00fcbelpflanzen\" width=\"300\" height=\"200\" \/>Wie Sie Pflanzen in K\u00fcbeln vor Frost sch\u00fctzen, h\u00e4ngt von der Art und der Gr\u00f6\u00dfe der Pflanzen ab. Einige K\u00fcbelpflanzen wie<\/p>\n<ul>\n<li>Olivenb\u00e4umchen,<\/li>\n<li>Oleander,<\/li>\n<li>Zitrusb\u00e4umchen oder<\/li>\n<li>Datura (Engelstrompete)<\/li>\n<\/ul>\n<p>k\u00f6nnen Sie in einen frostfreien Raum oder ins Gew\u00e4chshaus bringen, wenn dort kein Frost herrscht. Sind die Pflanzen bereits gr\u00f6\u00dfer und k\u00f6nnen sie nicht mehr hereingenommen werden, ben\u00f6tigt die Wurzel einen Frostschutz. Umwickeln Sie den K\u00fcbel mit Jute oder Luftpolsterfolie. Auf die Erde k\u00f6nnen Sie zum Schutz der Wurzel und vor dem Austrocknen eine dicke Schicht Laub oder Rindenmulch geben.<\/p>\n<p>Zus\u00e4tzlich ben\u00f6tigt die Pflanze einen Schutz, beispielsweise Vlies, Kokosmatte, Jute oder Schilfmatte. Steigen die Temperaturen am Tage deutlich \u00fcber den Gefrierpunkt, sollten Sie den Frostschutz entfernen, damit die Pflanzen gen\u00fcgend Luft bekommen und nicht faulen. Achten Sie auch auf die Bew\u00e4sserung und lassen Sie die Erde nicht austrocknen. W\u00e4ssern Sie einmal in der Woche oder alle zwei Wochen.<\/p>\n<h2 class=\"western\"><span class=\"ez-toc-section\" id=\"Pflanzen_im_Freiland_die_einen_Frostschutz_benoetigen\"><\/span>Pflanzen im Freiland, die einen Frostschutz ben\u00f6tigen<span class=\"ez-toc-section-end\"><\/span><\/h2>\n<p>Haben Sie exotische Zierstr\u00e4ucher in Ihrem Garten, sollten Sie rechtzeitig an einen Frostschutz denken. Einige dieser Zierstr\u00e4ucher wie<\/p>\n<ul>\n<li>Freilandhibiskus,<\/li>\n<li>Magnolie,<\/li>\n<li>Schmetterlingsflieder oder<\/li>\n<li>Hortensien<\/li>\n<\/ul>\n<p>gelten zwar als winterhart, doch sind sie in klimatisch ung\u00fcnstigen Lagen oft nur bedingt winterhart. Sinkt die Temperatur unter den Nullpunkt, ben\u00f6tigen diese Pflanzen einen Frostschutz. Geeignet ist ein Vlies.<\/p>\n<p>Einige Pflanzen sind nur im ersten Jahr, wenn sie frisch gepflanzt wurden, frostempfindlich und sollten einen Frostschutz bekommen, beispielsweise Lavendel, der mit der Zeit immer robuster wird. Kiwi wird teilweise als winterhart angeboten, doch zur Sicherheit ist ein Frostschutz aus Vlies sinnvoll. Sch\u00fctzen Sie den empfindlichen Wurzelbereich mit einer dicken Laubschicht oder mit Rindenmulch.<\/p>\n<p>Ein Frostschutz ist unbedingt f\u00fcr Kamelien, Bougainvillea oder Pampasgras erforderlich. Abh\u00e4ngig von der Gr\u00f6\u00dfe der Pflanzen verwenden Sie Vlies, Jutematten, Schilfmatten, Strohmatten oder Kokosmatten. Kleinere Pflanzen decken Sie mit Tannenreisig ab. Pampasgras binden Sie zusammen und sch\u00fctzen es dann mit einer Schilf- oder Jutematte.<\/p>\n<p><strong>Tipp:<\/strong> D\u00fcngen Sie bereits im Sp\u00e4therbst nicht mehr mit stickstoffhaltigem D\u00fcnger. Stickstoff l\u00e4sst die Pflanzen stark wachsen, macht sie aber auch frostempfindlicher.<\/p>\n<h2 class=\"western\"><span class=\"ez-toc-section\" id=\"Schutz_fuer_Balkonpflanzen_und_Pflanzen_in_Blumenkaesten\"><\/span>Schutz f\u00fcr Balkonpflanzen und Pflanzen in Blumenk\u00e4sten<span class=\"ez-toc-section-end\"><\/span><\/h2>\n<p><img loading=\"lazy\" decoding=\"async\" class=\"size-full wp-image-14555 alignright\" src=\"https:\/\/www.samenhaus.de\/gartenblog\/wp-content\/uploads\/2023\/09\/Frostschutz-Pflanzen_478628939.jpg\" alt=\"Frost Balkon\" width=\"300\" height=\"200\" \/>Balkonpflanzen wie Fuchsien, Geranien, Wandelr\u00f6schen oder Portulakr\u00f6schen sind schon empfindlich, wenn die Quecksilbers\u00e4ule unter 5 Grad rutscht. Damit Sie sich auch in der n\u00e4chsten Saison noch an diesen Pflanzen erfreuen k\u00f6nnen, bringen Sie sie im Oktober an einen gesch\u00fctzten, warmen Standort. Wird es k\u00e4lter, \u00fcberwintern Sie die Pflanzen in einem frostfreien, hellen Raum, beispielsweise im Gew\u00e4chshaus. Vergessen Sie nicht, die Pflanzen regelm\u00e4\u00dfig zu gie\u00dfen, damit die Wurzeln nicht vertrocknen. Achten Sie darauf, dass die Erde nicht austrocknet.<\/p>\n<h2 class=\"western\"><span class=\"ez-toc-section\" id=\"Frostschutz_fuer_Rosen_Anhaeufeln_der_Zweigbasis\"><\/span>Frostschutz f\u00fcr Rosen: Anh\u00e4ufeln der Zweigbasis<span class=\"ez-toc-section-end\"><\/span><\/h2>\n<p>Die meisten Rosensorten sind nur bedingt winterhart und ben\u00f6tigen daher einen Frostschutz. Am wichtigsten ist das Anh\u00e4ufeln der Zweigbasis, damit die empfindlichen Wurzeln und die Veredlungsstelle nicht erfrieren. Zus\u00e4tzlich k\u00f6nnen Sie die Erde mit Mutterboden und Kompost anreichern, da sie dann besser w\u00e4rmt. Die oberirdische Triebbasis sollte ungef\u00e4hr 15 bis 20 Zentimeter hoch bedeckt sein. Die herausragenden Triebe sch\u00fctzen Sie mit Tannen- oder Fichtenreisig. F\u00fcr Rosenst\u00e4mmchen ist ein Vlies oder Jutegewebe als Frostschutz geeignet. Verwenden Sie keine Folie, da sich darunter Feuchtigkeit staut und die Rosen faulen k\u00f6nnten. Vlies, Jutegewebe oder Reisig eignen sich auch als Frostschutz f\u00fcr Kletter- oder Ramblerrosen.<\/p>\n<p><strong>Tipp:<\/strong> D\u00fcngen Sie Ihre Rosen ab Juli nicht mehr mit Stickstoff, sondern Ende August mit Patentkali, um das Aush\u00e4rten der Triebe zu f\u00f6rdern.<\/p>\n<h2 class=\"western\"><span class=\"ez-toc-section\" id=\"Gemuese_und_Kraeuter_vor_Frost_schuetzen_abhaengig_von_der_Sorte\"><\/span>Gem\u00fcse und Kr\u00e4uter vor Frost sch\u00fctzen: abh\u00e4ngig von der Sorte<span class=\"ez-toc-section-end\"><\/span><\/h2>\n<p><img loading=\"lazy\" decoding=\"async\" class=\"size-full wp-image-14551 alignright\" src=\"https:\/\/www.samenhaus.de\/gartenblog\/wp-content\/uploads\/2023\/09\/Frostschutz-Pflanzen_61531491.jpg\" alt=\"Vlies Gem\u00fcse\" width=\"267\" height=\"200\" \/>Einige Gem\u00fcsesorten wie Schwarzwurzeln, Pastinaken oder Gr\u00fcnkohl k\u00f6nnen Sie den Winter \u00fcber im Beet lassen. Sie sind ziemlich winterhart, vor allem Gr\u00fcnkohl. Um Schwarzwurzeln oder anderes Wurzelgem\u00fcse im Winter leichter ernten zu k\u00f6nnen, ist eine Abdeckung aus Laub oder Reisig sinnvoll. Andere Gem\u00fcsesorten sind bedingt winterhart und k\u00f6nnen mit einem Vlies vor Frost gesch\u00fctzt werden. Bestimmte Kr\u00e4uter wie Bergbohnenkraut oder einige Rosmarin-Sorten sind zumindest bedingt winterhart. Um Frostsch\u00e4den zu vermeiden, sch\u00fctzen Sie die Kr\u00e4uter mit einem Vlies.<\/p>\n<h2 class=\"western\"><span class=\"ez-toc-section\" id=\"Moeglichkeiten_fuer_den_Frostschutz_abhaengig_von_Art_und_Groesse_der_Pflanzen\"><\/span>M\u00f6glichkeiten f\u00fcr den Frostschutz: abh\u00e4ngig von Art und Gr\u00f6\u00dfe der Pflanzen<span class=\"ez-toc-section-end\"><\/span><\/h2>\n<p>F\u00fcr den Frostschutz gibt es viele M\u00f6glichkeiten. Zum Schutz der Wurzel verwenden Sie Herbstlaub, Rindenmulch oder Tannenreisig. Frostschutzfolie ist eine Art Luftpolsterfolie, die sich nur bedingt als Frostschutz eignet, da sich die Feuchtigkeit darunter staut und die Pflanzen faulen k\u00f6nnten. Besser geeignet ist Vlies, das Sie in unterschiedlichen Gr\u00f6\u00dfen, teilweise auch als S\u00e4cke, erhalten. Jute ist ebenfalls ein guter Frostschutz und kann zurechtgeschnitten werden. Ben\u00f6tigen die Pflanzen eine dickere Umh\u00fcllung, da sie empfindlicher sind, eignen sich Kokos- oder Hanfmatten. Auch Schilf- oder Strohmatten sind als Frostschutz vor allem f\u00fcr Geh\u00f6lze oder Pampasgras geeignet.<\/p>\n","protected":false},"excerpt":{"rendered":"<p>Sch\u00fctzen Sie empfindliche Pflanzen nicht rechtzeitig vor Frostsch\u00e4den, kann das verheerende Folgen haben. Nicht nur Zierpflanzen, sondern auch Gem\u00fcsepflanzen und Kr\u00e4uter ben\u00f6tigen einen Frostschutz. Einige Pflanzen k\u00f6nnen Sie in einen k\u00fchlen, frostfreien Raum bringen, w\u00e4hrend andere eine Verpackung als Frostschutz bekommen. Temperatur, ab der ein Frostschutz erforderlich ist: abh\u00e4ngig von der Pflanzenart Eine pauschale Antwort, ab welcher Temperatur Sie Pflanzen vor Frost sch\u00fctzen sollten, gibt es nicht. Es h\u00e4ngt von der jeweiligen Pflanzenart ab, wann ein Frostschutz erforderlich ist. Einige Pflanzen sind winterhart und kommen den ganzen Winter \u00fcber ohne Frostschutz aus. Andere Pflanzen gelten zwar als winterhart, doch in ungesch\u00fctzten Lagen ist es f\u00fcr sie bei Temperaturen unter minus 10 Grad Celsius zu kalt, sodass sie einen Frostschutz ben\u00f6tigen. Den Frostschutz m\u00fcssen Sie au\u00dferdem den Umst\u00e4nden anpassen. Junge B\u00e4ume, aber auch bestimmte Stauden sollten einen Frostschutz bekommen, wenn sie gerade erst gepflanzt wurden. \u00c4ltere Pflanzen sind hingegen unempfindlicher und haben sich bereits an raue Temperaturen gew\u00f6hnt. Frostschutz f\u00fcr Obstb\u00e4ume: Pfirsiche und Aprikosen Einige Obstb\u00e4ume k\u00f6nnen in k\u00e4lteren Lagen Frostsch\u00e4den erleiden, beispielsweise Pfirsich-, Aprikosen- und Kirschb\u00e4ume. Junge Obstb\u00e4ume, die Sie im Herbst erst gepflanzt haben, sch\u00fctzen Sie im Wurzelbereich mit einer dicken Laubschicht. Empfindliche B\u00e4ume erhalten zus\u00e4tzlich ein Frostschutzvlies als [&hellip;]<\/p>\n","protected":false},"author":11,"featured_media":14554,"comment_status":"open","ping_status":"open","sticky":false,"template":"","format":"standard","meta":{"_acf_changed":false,"footnotes":""},"categories":[1],"tags":[],"hersteller":[],"class_list":["post-9401","post","type-post","status-publish","format-standard","has-post-thumbnail","hentry","category-allgemein"],"acf":[],"yoast_head":"<!-- This site is optimized with the Yoast SEO plugin v27.4 - https:\/\/yoast.com\/product\/yoast-seo-wordpress\/ -->\n<title>Frostschutz f\u00fcr Pflanzen: So sch\u00fctzen Sie sie im Winter - Samenhaus Gartenblog<\/title>\n<meta name=\"description\" content=\"Wer empfindliche Pflanzen im Garten hat, sollte diese gr\u00fcndlich auf den Winter vorbereiten. Ein ordentlicher Frostschutz hilft den Pflanzen beim \u00dcberwintern.\" \/>\n<meta name=\"robots\" content=\"index, follow, max-snippet:-1, max-image-preview:large, max-video-preview:-1\" \/>\n<link rel=\"canonical\" href=\"https:\/\/www.samenhaus.de\/gartenblog\/frostschutz-fuer-pflanzen-so-schuetzen-sie-sie-im-winter\" \/>\n<meta property=\"og:locale\" content=\"de_DE\" \/>\n<meta property=\"og:type\" content=\"article\" \/>\n<meta property=\"og:title\" content=\"Frostschutz f\u00fcr Pflanzen: So sch\u00fctzen Sie sie im Winter - Samenhaus Gartenblog\" \/>\n<meta property=\"og:description\" content=\"Wer empfindliche Pflanzen im Garten hat, sollte diese gr\u00fcndlich auf den Winter vorbereiten. Ein ordentlicher Frostschutz hilft den Pflanzen beim \u00dcberwintern.\" \/>\n<meta property=\"og:url\" content=\"https:\/\/www.samenhaus.de\/gartenblog\/frostschutz-fuer-pflanzen-so-schuetzen-sie-sie-im-winter\" \/>\n<meta property=\"og:site_name\" content=\"Samenhaus Gartenblog\" \/>\n<meta property=\"article:publisher\" content=\"https:\/\/de-de.facebook.com\/samenhaus\" \/>\n<meta property=\"article:published_time\" content=\"2023-09-25T09:00:24+00:00\" \/>\n<meta property=\"og:image\" content=\"https:\/\/www.samenhaus.de\/gartenblog\/wp-content\/uploads\/2023\/09\/Frostschutz-Pflanzen_401937950.jpg\" \/>\n\t<meta property=\"og:image:width\" content=\"750\" \/>\n\t<meta property=\"og:image:height\" content=\"500\" \/>\n\t<meta property=\"og:image:type\" content=\"image\/jpeg\" \/>\n<meta name=\"author\" content=\"Sabine\" \/>\n<meta name=\"twitter:card\" content=\"summary_large_image\" \/>\n<meta name=\"twitter:creator\" content=\"@samenhaus\" \/>\n<meta name=\"twitter:site\" content=\"@samenhaus\" \/>\n<meta name=\"twitter:label1\" content=\"Verfasst von\" \/>\n\t<meta name=\"twitter:data1\" content=\"Sabine\" \/>\n\t<meta name=\"twitter:label2\" content=\"Gesch\u00e4tzte Lesezeit\" \/>\n\t<meta name=\"twitter:data2\" content=\"7\u00a0Minuten\" \/>\n<script type=\"application\/ld+json\" class=\"yoast-schema-graph\">{\"@context\":\"https:\\\/\\\/schema.org\",\"@graph\":[{\"@type\":\"Article\",\"@id\":\"https:\\\/\\\/www.samenhaus.de\\\/gartenblog\\\/frostschutz-fuer-pflanzen-so-schuetzen-sie-sie-im-winter#article\",\"isPartOf\":{\"@id\":\"https:\\\/\\\/www.samenhaus.de\\\/gartenblog\\\/frostschutz-fuer-pflanzen-so-schuetzen-sie-sie-im-winter\"},\"author\":{\"name\":\"Sabine\",\"@id\":\"https:\\\/\\\/www.samenhaus.de\\\/gartenblog\\\/#\\\/schema\\\/person\\\/e4c837ea32ec74c39497c1e69976fed5\"},\"headline\":\"Frostschutz f\u00fcr Pflanzen: So sch\u00fctzen Sie sie im Winter\",\"datePublished\":\"2023-09-25T09:00:24+00:00\",\"mainEntityOfPage\":{\"@id\":\"https:\\\/\\\/www.samenhaus.de\\\/gartenblog\\\/frostschutz-fuer-pflanzen-so-schuetzen-sie-sie-im-winter\"},\"wordCount\":1189,\"commentCount\":3,\"publisher\":{\"@id\":\"https:\\\/\\\/www.samenhaus.de\\\/gartenblog\\\/#organization\"},\"image\":{\"@id\":\"https:\\\/\\\/www.samenhaus.de\\\/gartenblog\\\/frostschutz-fuer-pflanzen-so-schuetzen-sie-sie-im-winter#primaryimage\"},\"thumbnailUrl\":\"https:\\\/\\\/www.samenhaus.de\\\/gartenblog\\\/wp-content\\\/uploads\\\/2023\\\/09\\\/Frostschutz-Pflanzen_401937950.jpg\",\"inLanguage\":\"de\",\"potentialAction\":[{\"@type\":\"CommentAction\",\"name\":\"Comment\",\"target\":[\"https:\\\/\\\/www.samenhaus.de\\\/gartenblog\\\/frostschutz-fuer-pflanzen-so-schuetzen-sie-sie-im-winter#respond\"]}],\"copyrightYear\":\"2023\",\"copyrightHolder\":{\"@id\":\"https:\\\/\\\/www.samenhaus.de\\\/gartenblog\\\/#organization\"}},{\"@type\":\"WebPage\",\"@id\":\"https:\\\/\\\/www.samenhaus.de\\\/gartenblog\\\/frostschutz-fuer-pflanzen-so-schuetzen-sie-sie-im-winter\",\"url\":\"https:\\\/\\\/www.samenhaus.de\\\/gartenblog\\\/frostschutz-fuer-pflanzen-so-schuetzen-sie-sie-im-winter\",\"name\":\"Frostschutz f\u00fcr Pflanzen: So sch\u00fctzen Sie sie im Winter - Samenhaus Gartenblog\",\"isPartOf\":{\"@id\":\"https:\\\/\\\/www.samenhaus.de\\\/gartenblog\\\/#website\"},\"primaryImageOfPage\":{\"@id\":\"https:\\\/\\\/www.samenhaus.de\\\/gartenblog\\\/frostschutz-fuer-pflanzen-so-schuetzen-sie-sie-im-winter#primaryimage\"},\"image\":{\"@id\":\"https:\\\/\\\/www.samenhaus.de\\\/gartenblog\\\/frostschutz-fuer-pflanzen-so-schuetzen-sie-sie-im-winter#primaryimage\"},\"thumbnailUrl\":\"https:\\\/\\\/www.samenhaus.de\\\/gartenblog\\\/wp-content\\\/uploads\\\/2023\\\/09\\\/Frostschutz-Pflanzen_401937950.jpg\",\"datePublished\":\"2023-09-25T09:00:24+00:00\",\"description\":\"Wer empfindliche Pflanzen im Garten hat, sollte diese gr\u00fcndlich auf den Winter vorbereiten. Ein ordentlicher Frostschutz hilft den Pflanzen beim \u00dcberwintern.\",\"breadcrumb\":{\"@id\":\"https:\\\/\\\/www.samenhaus.de\\\/gartenblog\\\/frostschutz-fuer-pflanzen-so-schuetzen-sie-sie-im-winter#breadcrumb\"},\"inLanguage\":\"de\",\"potentialAction\":[{\"@type\":\"ReadAction\",\"target\":[\"https:\\\/\\\/www.samenhaus.de\\\/gartenblog\\\/frostschutz-fuer-pflanzen-so-schuetzen-sie-sie-im-winter\"]}]},{\"@type\":\"ImageObject\",\"inLanguage\":\"de\",\"@id\":\"https:\\\/\\\/www.samenhaus.de\\\/gartenblog\\\/frostschutz-fuer-pflanzen-so-schuetzen-sie-sie-im-winter#primaryimage\",\"url\":\"https:\\\/\\\/www.samenhaus.de\\\/gartenblog\\\/wp-content\\\/uploads\\\/2023\\\/09\\\/Frostschutz-Pflanzen_401937950.jpg\",\"contentUrl\":\"https:\\\/\\\/www.samenhaus.de\\\/gartenblog\\\/wp-content\\\/uploads\\\/2023\\\/09\\\/Frostschutz-Pflanzen_401937950.jpg\",\"width\":750,\"height\":500,\"caption\":\"Frostschutz\"},{\"@type\":\"BreadcrumbList\",\"@id\":\"https:\\\/\\\/www.samenhaus.de\\\/gartenblog\\\/frostschutz-fuer-pflanzen-so-schuetzen-sie-sie-im-winter#breadcrumb\",\"itemListElement\":[{\"@type\":\"ListItem\",\"position\":1,\"name\":\"Startseite\",\"item\":\"https:\\\/\\\/www.samenhaus.de\\\/gartenblog\\\/\"},{\"@type\":\"ListItem\",\"position\":2,\"name\":\"Frostschutz f\u00fcr Pflanzen: So sch\u00fctzen Sie sie im Winter\"}]},{\"@type\":\"WebSite\",\"@id\":\"https:\\\/\\\/www.samenhaus.de\\\/gartenblog\\\/#website\",\"url\":\"https:\\\/\\\/www.samenhaus.de\\\/gartenblog\\\/\",\"name\":\"Samenhaus Gartenblog\",\"description\":\"\",\"publisher\":{\"@id\":\"https:\\\/\\\/www.samenhaus.de\\\/gartenblog\\\/#organization\"},\"potentialAction\":[{\"@type\":\"SearchAction\",\"target\":{\"@type\":\"EntryPoint\",\"urlTemplate\":\"https:\\\/\\\/www.samenhaus.de\\\/gartenblog\\\/?s={search_term_string}\"},\"query-input\":{\"@type\":\"PropertyValueSpecification\",\"valueRequired\":true,\"valueName\":\"search_term_string\"}}],\"inLanguage\":\"de\"},{\"@type\":\"Organization\",\"@id\":\"https:\\\/\\\/www.samenhaus.de\\\/gartenblog\\\/#organization\",\"name\":\"Samenhaus.de Gartenblog\",\"url\":\"https:\\\/\\\/www.samenhaus.de\\\/gartenblog\\\/\",\"logo\":{\"@type\":\"ImageObject\",\"inLanguage\":\"de\",\"@id\":\"https:\\\/\\\/www.samenhaus.de\\\/gartenblog\\\/#\\\/schema\\\/logo\\\/image\\\/\",\"url\":\"https:\\\/\\\/www.samenhaus.de\\\/gartenblog\\\/wp-content\\\/uploads\\\/2020\\\/11\\\/logo.svg\",\"contentUrl\":\"https:\\\/\\\/www.samenhaus.de\\\/gartenblog\\\/wp-content\\\/uploads\\\/2020\\\/11\\\/logo.svg\",\"width\":1,\"height\":1,\"caption\":\"Samenhaus.de Gartenblog\"},\"image\":{\"@id\":\"https:\\\/\\\/www.samenhaus.de\\\/gartenblog\\\/#\\\/schema\\\/logo\\\/image\\\/\"},\"sameAs\":[\"https:\\\/\\\/de-de.facebook.com\\\/samenhaus\",\"https:\\\/\\\/x.com\\\/samenhaus\"]},{\"@type\":\"Person\",\"@id\":\"https:\\\/\\\/www.samenhaus.de\\\/gartenblog\\\/#\\\/schema\\\/person\\\/e4c837ea32ec74c39497c1e69976fed5\",\"name\":\"Sabine\",\"image\":{\"@type\":\"ImageObject\",\"inLanguage\":\"de\",\"@id\":\"https:\\\/\\\/www.samenhaus.de\\\/gartenblog\\\/wp-content\\\/uploads\\\/2026\\\/03\\\/sabine-150x150.png\",\"url\":\"https:\\\/\\\/www.samenhaus.de\\\/gartenblog\\\/wp-content\\\/uploads\\\/2026\\\/03\\\/sabine-150x150.png\",\"contentUrl\":\"https:\\\/\\\/www.samenhaus.de\\\/gartenblog\\\/wp-content\\\/uploads\\\/2026\\\/03\\\/sabine-150x150.png\",\"caption\":\"Sabine\"},\"description\":\"Sabine schreibt am liebsten \u00fcber Themen rund um den Selbstversorgergarten. Ob Gem\u00fcseanbau, Obstgarten, H\u00fchnerhaltung oder Konservierung und Verarbeitung, sie hat jede Menge eigene Erfahrung beizusteuern. Sie liebt es, den Blick \u00fcber die ersten zarten Pflanzen des Jahres schweifen zu lassen oder die gewaltige Ernte im Sommer und Herbst zu b\u00e4ndigen.\",\"url\":\"https:\\\/\\\/www.samenhaus.de\\\/gartenblog\\\/author\\\/sabine\"}]}<\/script>\n<!-- \/ Yoast SEO plugin. -->","yoast_head_json":{"title":"Frostschutz f\u00fcr Pflanzen: So sch\u00fctzen Sie sie im Winter - Samenhaus Gartenblog","description":"Wer empfindliche Pflanzen im Garten hat, sollte diese gr\u00fcndlich auf den Winter vorbereiten. Ein ordentlicher Frostschutz hilft den Pflanzen beim \u00dcberwintern.","robots":{"index":"index","follow":"follow","max-snippet":"max-snippet:-1","max-image-preview":"max-image-preview:large","max-video-preview":"max-video-preview:-1"},"canonical":"https:\/\/www.samenhaus.de\/gartenblog\/frostschutz-fuer-pflanzen-so-schuetzen-sie-sie-im-winter","og_locale":"de_DE","og_type":"article","og_title":"Frostschutz f\u00fcr Pflanzen: So sch\u00fctzen Sie sie im Winter - Samenhaus Gartenblog","og_description":"Wer empfindliche Pflanzen im Garten hat, sollte diese gr\u00fcndlich auf den Winter vorbereiten. Ein ordentlicher Frostschutz hilft den Pflanzen beim \u00dcberwintern.","og_url":"https:\/\/www.samenhaus.de\/gartenblog\/frostschutz-fuer-pflanzen-so-schuetzen-sie-sie-im-winter","og_site_name":"Samenhaus Gartenblog","article_publisher":"https:\/\/de-de.facebook.com\/samenhaus","article_published_time":"2023-09-25T09:00:24+00:00","og_image":[{"width":750,"height":500,"url":"https:\/\/www.samenhaus.de\/gartenblog\/wp-content\/uploads\/2023\/09\/Frostschutz-Pflanzen_401937950.jpg","type":"image\/jpeg"}],"author":"Sabine","twitter_card":"summary_large_image","twitter_creator":"@samenhaus","twitter_site":"@samenhaus","twitter_misc":{"Verfasst von":"Sabine","Gesch\u00e4tzte Lesezeit":"7\u00a0Minuten"},"schema":{"@context":"https:\/\/schema.org","@graph":[{"@type":"Article","@id":"https:\/\/www.samenhaus.de\/gartenblog\/frostschutz-fuer-pflanzen-so-schuetzen-sie-sie-im-winter#article","isPartOf":{"@id":"https:\/\/www.samenhaus.de\/gartenblog\/frostschutz-fuer-pflanzen-so-schuetzen-sie-sie-im-winter"},"author":{"name":"Sabine","@id":"https:\/\/www.samenhaus.de\/gartenblog\/#\/schema\/person\/e4c837ea32ec74c39497c1e69976fed5"},"headline":"Frostschutz f\u00fcr Pflanzen: So sch\u00fctzen Sie sie im Winter","datePublished":"2023-09-25T09:00:24+00:00","mainEntityOfPage":{"@id":"https:\/\/www.samenhaus.de\/gartenblog\/frostschutz-fuer-pflanzen-so-schuetzen-sie-sie-im-winter"},"wordCount":1189,"commentCount":3,"publisher":{"@id":"https:\/\/www.samenhaus.de\/gartenblog\/#organization"},"image":{"@id":"https:\/\/www.samenhaus.de\/gartenblog\/frostschutz-fuer-pflanzen-so-schuetzen-sie-sie-im-winter#primaryimage"},"thumbnailUrl":"https:\/\/www.samenhaus.de\/gartenblog\/wp-content\/uploads\/2023\/09\/Frostschutz-Pflanzen_401937950.jpg","inLanguage":"de","potentialAction":[{"@type":"CommentAction","name":"Comment","target":["https:\/\/www.samenhaus.de\/gartenblog\/frostschutz-fuer-pflanzen-so-schuetzen-sie-sie-im-winter#respond"]}],"copyrightYear":"2023","copyrightHolder":{"@id":"https:\/\/www.samenhaus.de\/gartenblog\/#organization"}},{"@type":"WebPage","@id":"https:\/\/www.samenhaus.de\/gartenblog\/frostschutz-fuer-pflanzen-so-schuetzen-sie-sie-im-winter","url":"https:\/\/www.samenhaus.de\/gartenblog\/frostschutz-fuer-pflanzen-so-schuetzen-sie-sie-im-winter","name":"Frostschutz f\u00fcr Pflanzen: So sch\u00fctzen Sie sie im Winter - Samenhaus Gartenblog","isPartOf":{"@id":"https:\/\/www.samenhaus.de\/gartenblog\/#website"},"primaryImageOfPage":{"@id":"https:\/\/www.samenhaus.de\/gartenblog\/frostschutz-fuer-pflanzen-so-schuetzen-sie-sie-im-winter#primaryimage"},"image":{"@id":"https:\/\/www.samenhaus.de\/gartenblog\/frostschutz-fuer-pflanzen-so-schuetzen-sie-sie-im-winter#primaryimage"},"thumbnailUrl":"https:\/\/www.samenhaus.de\/gartenblog\/wp-content\/uploads\/2023\/09\/Frostschutz-Pflanzen_401937950.jpg","datePublished":"2023-09-25T09:00:24+00:00","description":"Wer empfindliche Pflanzen im Garten hat, sollte diese gr\u00fcndlich auf den Winter vorbereiten. Ein ordentlicher Frostschutz hilft den Pflanzen beim \u00dcberwintern.","breadcrumb":{"@id":"https:\/\/www.samenhaus.de\/gartenblog\/frostschutz-fuer-pflanzen-so-schuetzen-sie-sie-im-winter#breadcrumb"},"inLanguage":"de","potentialAction":[{"@type":"ReadAction","target":["https:\/\/www.samenhaus.de\/gartenblog\/frostschutz-fuer-pflanzen-so-schuetzen-sie-sie-im-winter"]}]},{"@type":"ImageObject","inLanguage":"de","@id":"https:\/\/www.samenhaus.de\/gartenblog\/frostschutz-fuer-pflanzen-so-schuetzen-sie-sie-im-winter#primaryimage","url":"https:\/\/www.samenhaus.de\/gartenblog\/wp-content\/uploads\/2023\/09\/Frostschutz-Pflanzen_401937950.jpg","contentUrl":"https:\/\/www.samenhaus.de\/gartenblog\/wp-content\/uploads\/2023\/09\/Frostschutz-Pflanzen_401937950.jpg","width":750,"height":500,"caption":"Frostschutz"},{"@type":"BreadcrumbList","@id":"https:\/\/www.samenhaus.de\/gartenblog\/frostschutz-fuer-pflanzen-so-schuetzen-sie-sie-im-winter#breadcrumb","itemListElement":[{"@type":"ListItem","position":1,"name":"Startseite","item":"https:\/\/www.samenhaus.de\/gartenblog\/"},{"@type":"ListItem","position":2,"name":"Frostschutz f\u00fcr Pflanzen: So sch\u00fctzen Sie sie im Winter"}]},{"@type":"WebSite","@id":"https:\/\/www.samenhaus.de\/gartenblog\/#website","url":"https:\/\/www.samenhaus.de\/gartenblog\/","name":"Samenhaus Gartenblog","description":"","publisher":{"@id":"https:\/\/www.samenhaus.de\/gartenblog\/#organization"},"potentialAction":[{"@type":"SearchAction","target":{"@type":"EntryPoint","urlTemplate":"https:\/\/www.samenhaus.de\/gartenblog\/?s={search_term_string}"},"query-input":{"@type":"PropertyValueSpecification","valueRequired":true,"valueName":"search_term_string"}}],"inLanguage":"de"},{"@type":"Organization","@id":"https:\/\/www.samenhaus.de\/gartenblog\/#organization","name":"Samenhaus.de Gartenblog","url":"https:\/\/www.samenhaus.de\/gartenblog\/","logo":{"@type":"ImageObject","inLanguage":"de","@id":"https:\/\/www.samenhaus.de\/gartenblog\/#\/schema\/logo\/image\/","url":"https:\/\/www.samenhaus.de\/gartenblog\/wp-content\/uploads\/2020\/11\/logo.svg","contentUrl":"https:\/\/www.samenhaus.de\/gartenblog\/wp-content\/uploads\/2020\/11\/logo.svg","width":1,"height":1,"caption":"Samenhaus.de Gartenblog"},"image":{"@id":"https:\/\/www.samenhaus.de\/gartenblog\/#\/schema\/logo\/image\/"},"sameAs":["https:\/\/de-de.facebook.com\/samenhaus","https:\/\/x.com\/samenhaus"]},{"@type":"Person","@id":"https:\/\/www.samenhaus.de\/gartenblog\/#\/schema\/person\/e4c837ea32ec74c39497c1e69976fed5","name":"Sabine","image":{"@type":"ImageObject","inLanguage":"de","@id":"https:\/\/www.samenhaus.de\/gartenblog\/wp-content\/uploads\/2026\/03\/sabine-150x150.png","url":"https:\/\/www.samenhaus.de\/gartenblog\/wp-content\/uploads\/2026\/03\/sabine-150x150.png","contentUrl":"https:\/\/www.samenhaus.de\/gartenblog\/wp-content\/uploads\/2026\/03\/sabine-150x150.png","caption":"Sabine"},"description":"Sabine schreibt am liebsten \u00fcber Themen rund um den Selbstversorgergarten. Ob Gem\u00fcseanbau, Obstgarten, H\u00fchnerhaltung oder Konservierung und Verarbeitung, sie hat jede Menge eigene Erfahrung beizusteuern. Sie liebt es, den Blick \u00fcber die ersten zarten Pflanzen des Jahres schweifen zu lassen oder die gewaltige Ernte im Sommer und Herbst zu b\u00e4ndigen.","url":"https:\/\/www.samenhaus.de\/gartenblog\/author\/sabine"}]}},"wp-worthy-pixel":{"ignored":false,"public":"9cd83ecfd9154e45a468672645af0288","server":"vg07.met.vgwort.de","url":"https:\/\/vg07.met.vgwort.de\/na\/9cd83ecfd9154e45a468672645af0288"},"wp-worthy-type":"normal","_links":{"self":[{"href":"https:\/\/www.samenhaus.de\/gartenblog\/wp-json\/wp\/v2\/posts\/9401","targetHints":{"allow":["GET"]}}],"collection":[{"href":"https:\/\/www.samenhaus.de\/gartenblog\/wp-json\/wp\/v2\/posts"}],"about":[{"href":"https:\/\/www.samenhaus.de\/gartenblog\/wp-json\/wp\/v2\/types\/post"}],"author":[{"embeddable":true,"href":"https:\/\/www.samenhaus.de\/gartenblog\/wp-json\/wp\/v2\/users\/11"}],"replies":[{"embeddable":true,"href":"https:\/\/www.samenhaus.de\/gartenblog\/wp-json\/wp\/v2\/comments?post=9401"}],"version-history":[{"count":7,"href":"https:\/\/www.samenhaus.de\/gartenblog\/wp-json\/wp\/v2\/posts\/9401\/revisions"}],"predecessor-version":[{"id":14612,"href":"https:\/\/www.samenhaus.de\/gartenblog\/wp-json\/wp\/v2\/posts\/9401\/revisions\/14612"}],"wp:featuredmedia":[{"embeddable":true,"href":"https:\/\/www.samenhaus.de\/gartenblog\/wp-json\/wp\/v2\/media\/14554"}],"wp:attachment":[{"href":"https:\/\/www.samenhaus.de\/gartenblog\/wp-json\/wp\/v2\/media?parent=9401"}],"wp:term":[{"taxonomy":"category","embeddable":true,"href":"https:\/\/www.samenhaus.de\/gartenblog\/wp-json\/wp\/v2\/categories?post=9401"},{"taxonomy":"post_tag","embeddable":true,"href":"https:\/\/www.samenhaus.de\/gartenblog\/wp-json\/wp\/v2\/tags?post=9401"},{"taxonomy":"hersteller","embeddable":true,"href":"https:\/\/www.samenhaus.de\/gartenblog\/wp-json\/wp\/v2\/hersteller?post=9401"}],"curies":[{"name":"wp","href":"https:\/\/api.w.org\/{rel}","templated":true}]}}