{"id":9842,"date":"2023-03-01T09:00:32","date_gmt":"2023-03-01T09:00:32","guid":{"rendered":"https:\/\/www.samenhaus.de\/gartenblog\/?p=9842"},"modified":"2023-02-28T08:06:52","modified_gmt":"2023-02-28T08:06:52","slug":"mondkalender-maerz-2023","status":"publish","type":"post","link":"https:\/\/www.samenhaus.de\/gartenblog\/mondkalender-maerz-2023","title":{"rendered":"Mondkalender M\u00e4rz 2023"},"content":{"rendered":"<p>Der Fr\u00fchling kommt mit gro\u00dfen Schritten auf uns zu und die Gartenarbeit ruft bereits. Damit Sie auch im M\u00e4rz nach dem Mondkalender g\u00e4rtnern k\u00f6nnen, haben wir hier die Daten f\u00fcr Sie und welche Arbeiten an welchem Tag gut oder eher schlecht sind.<\/p>\n<h2>G\u00e4rtnern nach dem Mondkalender im M\u00e4rz 2023<\/h2>\n<p>Die Tage vom 01. bis zum 03. M\u00e4rz sind f\u00fcr Obst denkbar schlecht. Es l\u00e4sst sich schlecht lagern und fault schneller. Sie haben aber an diesen Tag genug andere Arbeiten im Garten zu erledigen. Das M\u00e4hen des Rasens ist sehr effektiv. Zudem k\u00f6nnen Sie die Blattgem\u00fcse anpflanzen oder auss\u00e4en und die Balkon- und Zimmerpflanzen gie\u00dfen.<\/p>\n<p>Auf das D\u00fcngen sollten Sie am 04. und 05. M\u00e4rz verzichten, da das Risiko, dass die Pflanzen verbrennen oder austrocknen sehr gro\u00df ist. Daf\u00fcr sollten Sie unbedingt Unkraut j\u00e4ten, da es an diesen Tagen besonders effektiv ist. Au\u00dferdem ist die Zeit f\u00fcr die Anpflanzung und Aussaat von Obstpflanzen gut und auch das Einfrieren von Obst ist heute kein Problem mehr.<\/p>\n<p>Auch die Tage vom 06. bis zum 08. M\u00e4rz sind nicht optimal, um Obst zu ernten, zu lagern oder vorzubereiten. Die Tage sind aber bestens f\u00fcr allgemeine Gartenarbeiten geeignet.<\/p>\n<p>Am 07. M\u00e4rz ist auch eine D\u00fcngung der Pflanzen wieder gut.<\/p>\n<p>Der 08. M\u00e4rz hingegen sollte genutzt werden, um Unkraut zu j\u00e4ten oder Wurzelgem\u00fcse anzupflanzen oder auszus\u00e4hen.<\/p>\n<p>An den Tagen vom 09. und 10. M\u00e4rz sollten Sie auf das Gie\u00dfen der Zimmer- und Balkonpflanzen verzichten, da die Gefahr der Sch\u00e4dlinge gro\u00df ist.<\/p>\n<p>Dies k\u00f6nnen Sie dann am 11. und 12. M\u00e4rz nachholen. Auch das M\u00e4hen des Rasens ist \u00e4u\u00dferst effektiv an diesen beiden Tagen.<\/p>\n<p>Die n\u00e4chsten Tage stehen ganz im Zeichen von Obst und Wurzelgem\u00fcse. Zwischen dem 13. und 19. M\u00e4rz k\u00f6nnen Sie problemlos Obst ernten, sammeln, lagern und konservieren.<\/p>\n<p>Au\u00dferdem sind die Tage vom 15. bis 17. M\u00e4rz auch perfekt geeignet, um Wurzelgem\u00fcse zu sammeln und zu lagern. Auch das Auss\u00e4en und Anpflanzen von Wurzelgem\u00fcse verspricht eine gute Ernte. Gleichzeitig sind die Tage auch sehr effektiv, wenn Sie Unkraut j\u00e4ten m\u00f6chten.<\/p>\n<p>Am 18. und 19. M\u00e4rz sollten Sie jedoch wieder auf das Gie\u00dfen der Balkon- und Zimmerpflanzen verzichten, um Sch\u00e4dlingsbefall zu vermeiden.<\/p>\n<p>Die Obsttage sind vorbei und in der Zeit vom 20. und 21. M\u00e4rz ist weder das Sammeln, das Ernten noch das Lagern gut. Diese Tage k\u00f6nnen Sie aber nutzen, um die Balkon- und Zimmerpflanzen zu gie\u00dfen und Rasen zu m\u00e4hen.<\/p>\n<p>Vom 22. bis zum 25. M\u00e4rz starten wieder die Obsttage. Sie sind gut, um Obst zu ernten, zu sammeln, zu konservieren, zu lagern und einzufrieren. Auch die Aussaat und Anpflanzung verspricht eine gute Ernte, wenn diese zwischen dem 22. und 23. M\u00e4rz erfolgt.<\/p>\n<p>Die Tage vom 24. und 25. M\u00e4rz k\u00f6nnen Sie nutzen, um sich ein wenig auszuruhen. Lediglich die Ernte und das Lagern von Obst und Wurzelgem\u00fcse steht heute an. Ansonsten sollten Sie keine Gartenarbeiten verrichten.<\/p>\n<p>Am 26. und 30. M\u00e4rz sind die Blumentage. Hier k\u00f6nnen Sie die Balkon- und Zimmerpflanzen wieder gie\u00dfen und auch Blumen und bl\u00fchende Kr\u00e4uter auss\u00e4en oder anpflanzen.<\/p>\n<p>Auf eine Obsternte und das Lagern von Obst sollten Sie vom 28. bis zum 30. M\u00e4rz verzichten. Die Lagerung ist nicht gut und es kommt schneller zur F\u00e4ule. Nutzen Sie die Zeit besser daf\u00fcr, um Rasen zu m\u00e4hen, da diese Tage perfekt geeignet sind. Auch f\u00fcr die Aussaat und Anpflanzung von Blattgem\u00fcse ist ein guter Zeitpunkt.<\/p>\n<p>Der letzte Tag des Monats steht haupts\u00e4chlich f\u00fcr das J\u00e4ten von Unkraut. Sie k\u00f6nnen auch wieder Obst sammeln und lagern oder Obstpflanzen anpflanzen oder auss\u00e4en. Auf das D\u00fcngen m\u00fcssen sie heute jedoch verzichten, damit die Pflanzen nicht austrocknen oder verbrennen.<\/p>\n<table class=\"custom-table-1\" width=\"100%\" cellspacing=\"0\" cellpadding=\"4\">\n<tbody>\n<tr valign=\"TOP\">\n<td width=\"26\" height=\"25\">01. Mrz 23<\/td>\n<td width=\"563\">kein guter Tag , um Obst zu ernten und zu lagern; besonders g\u00fcnstiger Tag, um Rasen zu m\u00e4hen; Balkon- und Zimmerpflanzen k\u00f6nnen heute gegossen werden; die Zeit, um Blattgem\u00fcse anzupflanzen und zu s\u00e4en ist sehr gut;<\/td>\n<\/tr>\n<tr valign=\"TOP\">\n<td width=\"26\" height=\"27\">02. Mrz 23<\/td>\n<td width=\"563\">kein guter Tag , um Obst zu ernten und zu lagern; besonders g\u00fcnstiger Tag, um Rasen zu m\u00e4hen; Balkon- und Zimmerpflanzen k\u00f6nnen heute gegossen werden; die Zeit, um Blattgem\u00fcse anzupflanzen und zu s\u00e4en ist sehr gut;<\/td>\n<\/tr>\n<tr valign=\"TOP\">\n<td width=\"26\" height=\"27\">03. Mrz 23<\/td>\n<td width=\"563\">kein guter Tag , um Obst zu ernten und zu lagern; besonders g\u00fcnstiger Tag, um Rasen zu m\u00e4hen; Balkon- und Zimmerpflanzen k\u00f6nnen heute gegossen werden; die Zeit, um Blattgem\u00fcse anzupflanzen und zu s\u00e4en ist sehr gut;<\/td>\n<\/tr>\n<tr valign=\"TOP\">\n<td width=\"26\" height=\"26\">04. Mrz 23<\/td>\n<td width=\"563\">kein guter Tag, um zu d\u00fcngen; das J\u00e4ten von Unkraut ist heute sehr effektiv; Obst kann heute sehr gut eingefroren werden; die Zeit f\u00fcr den Anbau und die Aussaat von Obstpflanzen ist gut;<\/td>\n<\/tr>\n<tr valign=\"TOP\">\n<td width=\"26\" height=\"26\">05. Mrz 23<\/td>\n<td width=\"563\">kein guter Tag, um zu d\u00fcngen; das J\u00e4ten von Unkraut ist heute sehr effektiv; Obst kann heute sehr gut eingefroren werden; die Zeit f\u00fcr den Anbau und die Aussaat von Obstpflanzen ist gut;<\/td>\n<\/tr>\n<tr valign=\"TOP\">\n<td width=\"26\" height=\"27\">06. Mrz 23<\/td>\n<td width=\"563\">Obst sollte heute weder geerntet noch gelagert oder vorbereitet werden; sehr guter Tag, f\u00fcr allgemeine Gartenarbeiten;<\/td>\n<\/tr>\n<tr valign=\"TOP\">\n<td width=\"26\" height=\"26\">07. Mrz 23<\/td>\n<td width=\"563\">Obst sollte heute weder geerntet noch gelagert oder vorbereitet werden; sehr guter Tag, f\u00fcr allgemeine Gartenarbeiten; heute kann auch wieder ged\u00fcngt werden;<\/td>\n<\/tr>\n<tr valign=\"TOP\">\n<td width=\"26\" height=\"27\">08. Mrz 23<\/td>\n<td width=\"563\">Obst sollte heute weder geerntet noch gelagert oder vorbereitet werden; sehr guter Tag, f\u00fcr allgemeine Gartenarbeiten; das J\u00e4ten von Unkraut ist ebenfalls effektiv und die Aussaat und Anpflanzung von Wurzelgem\u00fcse kann erfolgen;<\/td>\n<\/tr>\n<tr valign=\"TOP\">\n<td width=\"26\" height=\"25\">09. Mrz 23<\/td>\n<td width=\"563\">Balkon- und Zimmerpflanzen sollten heute nicht gegossen werden.<\/td>\n<\/tr>\n<tr valign=\"TOP\">\n<td width=\"26\" height=\"27\">10. Mrz 23<\/td>\n<td width=\"563\">Balkon- und Zimmerpflanzen sollten heute nicht gegossen werden.<\/td>\n<\/tr>\n<tr valign=\"TOP\">\n<td width=\"26\" height=\"25\">11. Mrz 23<\/td>\n<td width=\"563\">Heute ist das Gie\u00dfen der Balkon- und Zimmerpflanzen wieder m\u00f6glich und auch das M\u00e4hen des Rasens ist effektiv;<\/td>\n<\/tr>\n<tr valign=\"TOP\">\n<td width=\"26\" height=\"26\">12. Mrz 23<\/td>\n<td width=\"563\">Heute ist das Gie\u00dfen der Balkon- und Zimmerpflanzen wieder m\u00f6glich und auch das M\u00e4hen des Rasens ist effektiv;<\/td>\n<\/tr>\n<tr valign=\"TOP\">\n<td width=\"26\" height=\"26\">13. Mrz 23<\/td>\n<td width=\"563\">Der Zeitpunkt um Obst zu ernten, zu sammeln, zu lagern und zu konservieren ist sehr gut;<\/td>\n<\/tr>\n<tr valign=\"TOP\">\n<td width=\"26\" height=\"26\">14. Mrz 23<\/td>\n<td width=\"563\">Der Zeitpunkt um Obst zu ernten, zu sammeln, zu lagern und zu konservieren ist sehr gut;<\/td>\n<\/tr>\n<tr valign=\"TOP\">\n<td width=\"26\" height=\"27\">15. Mrz 23<\/td>\n<td width=\"563\">Guter Zeitpunkt, um Obst und Wurzelgem\u00fcse zu sammeln und zu lagern; Anpflanzung und Aussaat von Wurzelgem\u00fcse; J\u00e4ten von Unkraut;<\/td>\n<\/tr>\n<tr valign=\"TOP\">\n<td width=\"26\" height=\"26\">16. Mrz 23<\/td>\n<td width=\"563\">Guter Zeitpunkt, um Obst und Wurzelgem\u00fcse zu sammeln und zu lagern; Anpflanzung und Aussaat von Wurzelgem\u00fcse; J\u00e4ten von Unkraut;<\/td>\n<\/tr>\n<tr valign=\"TOP\">\n<td width=\"26\" height=\"25\">17. Mrz 23<\/td>\n<td width=\"563\">Guter Zeitpunkt, um Obst und Wurzelgem\u00fcse zu sammeln und zu lagern; Anpflanzung und Aussaat von Wurzelgem\u00fcse; J\u00e4ten von Unkraut;<\/td>\n<\/tr>\n<tr valign=\"TOP\">\n<td width=\"26\" height=\"27\">18. Mrz 23<\/td>\n<td width=\"563\">Obst kann gesammelt und gelagert werden; auf das Gie\u00dfen von Balkon- und Zimmerpflanzen sollte heute verzichtet werden;<\/td>\n<\/tr>\n<tr valign=\"TOP\">\n<td width=\"26\" height=\"25\">19. Mrz 23<\/td>\n<td width=\"563\">Obst kann gesammelt und gelagert werden; auf das Gie\u00dfen von Balkon- und Zimmerpflanzen sollte heute verzichtet werden;<\/td>\n<\/tr>\n<tr valign=\"TOP\">\n<td width=\"26\" height=\"26\">20. Mrz 23<\/td>\n<td width=\"563\">Auf das Sammeln und Lagern von Obst sollte heute verzichtet werden; Rasen m\u00e4hen und Balkon- und Zimmerpflanzen gie\u00dfen ist jedoch wieder m\u00f6glich;<\/td>\n<\/tr>\n<tr valign=\"TOP\">\n<td width=\"26\" height=\"26\">21. Mrz 23<\/td>\n<td width=\"563\">Auf das Sammeln und Lagern von Obst sollte heute verzichtet werden; Rasen m\u00e4hen und Balkon- und Zimmerpflanzen gie\u00dfen ist jedoch wieder m\u00f6glich;<\/td>\n<\/tr>\n<tr valign=\"TOP\">\n<td width=\"26\" height=\"25\">22. Mrz 23<\/td>\n<td width=\"563\">Alles, was mit Obst zu tun hat, ist heute gut; Ernten und sammeln, konservieren, lagern und einfrieren von Obst; Aussaat und Anpflanzung von Obstpflanzen;<\/td>\n<\/tr>\n<tr valign=\"TOP\">\n<td width=\"26\" height=\"27\">23. Mrz 23<\/td>\n<td width=\"563\">Alles, was mit Obst zu tun hat, ist heute gut; Ernten und sammeln, konservieren, lagern und einfrieren von Obst; Aussaat und Anpflanzung von Obstpflanzen;<\/td>\n<\/tr>\n<tr valign=\"TOP\">\n<td width=\"26\" height=\"26\">24. Mrz 23<\/td>\n<td width=\"563\">Heute sollte Wurzelgem\u00fcse und Obst gesammelt, geerntet und gelagert werden;<\/td>\n<\/tr>\n<tr valign=\"TOP\">\n<td width=\"26\" height=\"25\">25. Mrz 23<\/td>\n<td width=\"563\">Heute sollte Wurzelgem\u00fcse und Obst gesammelt, geerntet und gelagert werden;<\/td>\n<\/tr>\n<tr valign=\"TOP\">\n<td width=\"26\" height=\"25\">26. Mrz 23<\/td>\n<td width=\"563\">Auf das Gie\u00dfen von Balkon- und Zimmerpflanzen heute verzichten; Anpflanzung und Aussaat von Blumen und bl\u00fchenden Kr\u00e4utern;<\/td>\n<\/tr>\n<tr valign=\"TOP\">\n<td width=\"26\" height=\"25\">27. Mrz 23<\/td>\n<td width=\"563\">Auf das Gie\u00dfen von Balkon- und Zimmerpflanzen heute verzichten; Anpflanzung und Aussaat von Blumen und bl\u00fchenden Kr\u00e4utern;<\/td>\n<\/tr>\n<tr valign=\"TOP\">\n<td width=\"26\" height=\"25\">28. Mrz 23<\/td>\n<td width=\"563\">Kein guter Tag, um Obst zu ernten und lagern; Rasen m\u00e4hen ist dagegen sehr effektiv; auch die Balkon- und Zimmerpflanzen k\u00f6nnen wieder gegossen werden; Aussaat und Anpflanzung von Blattgem\u00fcse;<\/td>\n<\/tr>\n<tr valign=\"TOP\">\n<td width=\"26\" height=\"26\">29. Mrz 23<\/td>\n<td width=\"563\">Kein guter Tag, um Obst zu ernten und lagern; Rasen m\u00e4hen ist dagegen sehr effektiv; auch die Balkon- und Zimmerpflanzen k\u00f6nnen wieder gegossen werden; Aussaat und Anpflanzung von Blattgem\u00fcse;<\/td>\n<\/tr>\n<tr valign=\"TOP\">\n<td width=\"26\" height=\"25\">30. Mrz 23<\/td>\n<td width=\"563\">Kein guter Tag, um Obst zu ernten und lagern; Rasen m\u00e4hen ist dagegen sehr effektiv; auch die Balkon- und Zimmerpflanzen k\u00f6nnen wieder gegossen werden; Aussaat und Anpflanzung von Blattgem\u00fcse;<\/td>\n<\/tr>\n<tr valign=\"TOP\">\n<td width=\"26\" height=\"25\">31. Mrz 23<\/td>\n<td width=\"563\">Auf das D\u00fcngen sollte heute verzichtet werden; Obst kann sehr gut gesammelt und gelagert werden; Obstpflanzen k\u00f6nnen au\u00dferdem heute ausges\u00e4t oder angepflanzt werden; gute Zeit zum J\u00e4ten von Unkraut;<\/td>\n<\/tr>\n<\/tbody>\n<\/table>\n<h2><\/h2>\n<h2 class=\"western\">Den Haushalt nach dem Mondkalender bestreiten<\/h2>\n<p>Wie in den letzten Monaten auch, geben wir Ihnen hier noch ein paar Tipps, wann ein guter Zeitpunkt ist, um zu l\u00fcften, zu waschen und andere Arbeiten im Haushalt zu verrichten. Das L\u00fcften ist das A und O in den eigenen vier W\u00e4nden, um zum einen frische Luft ins Haus zu lassen und zum anderen Schimmel zu vermeiden.<\/p>\n<p>Das L\u00fcften ist an den Tagen vom 4., 5., 9., 10., 13., 14., 18., 19., 22., 23., 26. und 27. M\u00e4rz sehr effektiv. Selbstverst\u00e4ndlich k\u00f6nnen Sie auch an den anderen Tagen l\u00fcften. Die Daten sind nicht in Stein gemei\u00dfelt. Allerdings sind sie besonders effektiv und das Staubwischen f\u00e4llt an diesen Tagen ebenfalls leichter.<\/p>\n<p>Im Fr\u00fchling steht der Fr\u00fchjahrsputz an und das Putzen der Fenster steht ebenfalls auf dem Programm. Wenn Sie streifenfreie Fenster haben m\u00f6chte, sollten Sie die Tage vom 9., 10., 13. und 14. M\u00e4rz nutzen. An diesen Tagen f\u00e4llt Ihnen die Arbeit leichter und die Fenster werden besser sauber.<\/p>\n<p>Gleiches gilt auch f\u00fcr das Putzen und Waschen. In den Tagen vom 08. bis 20. M\u00e4rz werden Sie nicht nur weniger Reinigungs- und Waschmittel ben\u00f6tigen, sondern die Arbeiten fallen Ihnen deutlich leichter und Sie m\u00fcssen sich nicht so abm\u00fchen.<\/p>\n<p>Stehen Anstricharbeiten an, sind die Tage vom 8. bis 10. und vom 13. bis 19. M\u00e4rz optimal. Im Grunde sind diese Tage f\u00fcr alle Anstrich- und Lackierungsarbeiten sowie f\u00fcr kleine Renovierungen perfekt geeignet.<\/p>\n<p>Haben Sie nach der Renovierung Flecken in den Kleidern, sollten Sie diese am 11., 12. Oder 20. M\u00e4rz entfernen. An diesen Tagen lassen sich die Flecken leichter entfernen. Au\u00dferdem ben\u00f6tigen Sie weniger Fleckenentferner und auch die W\u00e4sche wird sauberer.<\/p>\n<p>Mit diesen Daten haben Sie nun die M\u00f6glichkeit, Garten- und Hausarbeiten nach dem Mondkalender zu bestreiten und sich die Arbeit zu erleichtern. Haben Sie noch Tipps oder m\u00f6chten Sie Ihre Erfahrungen mitteilen, dann k\u00f6nnen Sie gerne die Kommentarfunktion nutzen. Wir freuen uns darauf!<\/p>\n","protected":false},"excerpt":{"rendered":"<p>Der Fr\u00fchling kommt mit gro\u00dfen Schritten auf uns zu und die Gartenarbeit ruft bereits. Damit Sie auch im M\u00e4rz nach dem Mondkalender g\u00e4rtnern k\u00f6nnen, haben wir hier die Daten f\u00fcr Sie und welche Arbeiten an welchem Tag gut oder eher schlecht sind. G\u00e4rtnern nach dem Mondkalender im M\u00e4rz 2023 Die Tage vom 01. bis zum 03. M\u00e4rz sind f\u00fcr Obst denkbar schlecht. Es l\u00e4sst sich schlecht lagern und fault schneller. Sie haben aber an diesen Tag genug andere Arbeiten im Garten zu erledigen. Das M\u00e4hen des Rasens ist sehr effektiv. Zudem k\u00f6nnen Sie die Blattgem\u00fcse anpflanzen oder auss\u00e4en und die Balkon- und Zimmerpflanzen gie\u00dfen. Auf das D\u00fcngen sollten Sie am 04. und 05. M\u00e4rz verzichten, da das Risiko, dass die Pflanzen verbrennen oder austrocknen sehr gro\u00df ist. Daf\u00fcr sollten Sie unbedingt Unkraut j\u00e4ten, da es an diesen Tagen besonders effektiv ist. Au\u00dferdem ist die Zeit f\u00fcr die Anpflanzung und Aussaat von Obstpflanzen gut und auch das Einfrieren von Obst ist heute kein Problem mehr. Auch die Tage vom 06. bis zum 08. M\u00e4rz sind nicht optimal, um Obst zu ernten, zu lagern oder vorzubereiten. Die Tage sind aber bestens f\u00fcr allgemeine Gartenarbeiten geeignet. Am 07. M\u00e4rz ist auch eine D\u00fcngung [&hellip;]<\/p>\n","protected":false},"author":12,"featured_media":10236,"comment_status":"open","ping_status":"open","sticky":false,"template":"","format":"standard","meta":{"_acf_changed":false,"footnotes":""},"categories":[21],"tags":[],"hersteller":[],"class_list":["post-9842","post","type-post","status-publish","format-standard","has-post-thumbnail","hentry","category-maerz"],"acf":[],"yoast_head":"<!-- This site is optimized with the Yoast SEO plugin v27.4 - https:\/\/yoast.com\/product\/yoast-seo-wordpress\/ -->\n<title>Mondkalender M\u00e4rz 2023 - Samenhaus Gartenblog<\/title>\n<meta name=\"description\" content=\"Im M\u00e4rz fallen einige Gartenarbeiten an. Zu Beginn des Monats ist die Rasenpflege im Vordergrund. Am Ende kann sich um das Obst gek\u00fcmmert werden.\" \/>\n<meta name=\"robots\" content=\"index, follow, max-snippet:-1, max-image-preview:large, max-video-preview:-1\" \/>\n<link rel=\"canonical\" href=\"https:\/\/www.samenhaus.de\/gartenblog\/mondkalender-maerz-2023\" \/>\n<meta property=\"og:locale\" content=\"de_DE\" \/>\n<meta property=\"og:type\" content=\"article\" \/>\n<meta property=\"og:title\" content=\"Mondkalender M\u00e4rz 2023 - Samenhaus Gartenblog\" \/>\n<meta property=\"og:description\" content=\"Im M\u00e4rz fallen einige Gartenarbeiten an. Zu Beginn des Monats ist die Rasenpflege im Vordergrund. Am Ende kann sich um das Obst gek\u00fcmmert werden.\" \/>\n<meta property=\"og:url\" content=\"https:\/\/www.samenhaus.de\/gartenblog\/mondkalender-maerz-2023\" \/>\n<meta property=\"og:site_name\" content=\"Samenhaus Gartenblog\" \/>\n<meta property=\"article:publisher\" content=\"https:\/\/de-de.facebook.com\/samenhaus\" \/>\n<meta property=\"article:published_time\" content=\"2023-03-01T09:00:32+00:00\" \/>\n<meta property=\"og:image\" content=\"https:\/\/www.samenhaus.de\/gartenblog\/wp-content\/uploads\/2023\/02\/AdobeStock_Mondkalender-Maerz-scaled.jpg\" \/>\n\t<meta property=\"og:image:width\" content=\"2560\" \/>\n\t<meta property=\"og:image:height\" content=\"977\" \/>\n\t<meta property=\"og:image:type\" content=\"image\/jpeg\" \/>\n<meta name=\"author\" content=\"Stephanie\" \/>\n<meta name=\"twitter:card\" content=\"summary_large_image\" \/>\n<meta name=\"twitter:creator\" content=\"@samenhaus\" \/>\n<meta name=\"twitter:site\" content=\"@samenhaus\" \/>\n<meta name=\"twitter:label1\" content=\"Verfasst von\" \/>\n\t<meta name=\"twitter:data1\" content=\"Stephanie\" \/>\n\t<meta name=\"twitter:label2\" content=\"Gesch\u00e4tzte Lesezeit\" \/>\n\t<meta name=\"twitter:data2\" content=\"10\u00a0Minuten\" \/>\n<script type=\"application\/ld+json\" class=\"yoast-schema-graph\">{\"@context\":\"https:\\\/\\\/schema.org\",\"@graph\":[{\"@type\":\"Article\",\"@id\":\"https:\\\/\\\/www.samenhaus.de\\\/gartenblog\\\/mondkalender-maerz-2023#article\",\"isPartOf\":{\"@id\":\"https:\\\/\\\/www.samenhaus.de\\\/gartenblog\\\/mondkalender-maerz-2023\"},\"author\":{\"name\":\"Stephanie\",\"@id\":\"https:\\\/\\\/www.samenhaus.de\\\/gartenblog\\\/#\\\/schema\\\/person\\\/97f059f6e72cec571c88cb48b4582118\"},\"headline\":\"Mondkalender M\u00e4rz 2023\",\"datePublished\":\"2023-03-01T09:00:32+00:00\",\"mainEntityOfPage\":{\"@id\":\"https:\\\/\\\/www.samenhaus.de\\\/gartenblog\\\/mondkalender-maerz-2023\"},\"wordCount\":1751,\"commentCount\":0,\"publisher\":{\"@id\":\"https:\\\/\\\/www.samenhaus.de\\\/gartenblog\\\/#organization\"},\"image\":{\"@id\":\"https:\\\/\\\/www.samenhaus.de\\\/gartenblog\\\/mondkalender-maerz-2023#primaryimage\"},\"thumbnailUrl\":\"https:\\\/\\\/www.samenhaus.de\\\/gartenblog\\\/wp-content\\\/uploads\\\/2023\\\/02\\\/AdobeStock_Mondkalender-Maerz-scaled.jpg\",\"articleSection\":[\"M\u00e4rz\"],\"inLanguage\":\"de\",\"potentialAction\":[{\"@type\":\"CommentAction\",\"name\":\"Comment\",\"target\":[\"https:\\\/\\\/www.samenhaus.de\\\/gartenblog\\\/mondkalender-maerz-2023#respond\"]}],\"copyrightYear\":\"2023\",\"copyrightHolder\":{\"@id\":\"https:\\\/\\\/www.samenhaus.de\\\/gartenblog\\\/#organization\"}},{\"@type\":\"WebPage\",\"@id\":\"https:\\\/\\\/www.samenhaus.de\\\/gartenblog\\\/mondkalender-maerz-2023\",\"url\":\"https:\\\/\\\/www.samenhaus.de\\\/gartenblog\\\/mondkalender-maerz-2023\",\"name\":\"Mondkalender M\u00e4rz 2023 - Samenhaus Gartenblog\",\"isPartOf\":{\"@id\":\"https:\\\/\\\/www.samenhaus.de\\\/gartenblog\\\/#website\"},\"primaryImageOfPage\":{\"@id\":\"https:\\\/\\\/www.samenhaus.de\\\/gartenblog\\\/mondkalender-maerz-2023#primaryimage\"},\"image\":{\"@id\":\"https:\\\/\\\/www.samenhaus.de\\\/gartenblog\\\/mondkalender-maerz-2023#primaryimage\"},\"thumbnailUrl\":\"https:\\\/\\\/www.samenhaus.de\\\/gartenblog\\\/wp-content\\\/uploads\\\/2023\\\/02\\\/AdobeStock_Mondkalender-Maerz-scaled.jpg\",\"datePublished\":\"2023-03-01T09:00:32+00:00\",\"description\":\"Im M\u00e4rz fallen einige Gartenarbeiten an. Zu Beginn des Monats ist die Rasenpflege im Vordergrund. Am Ende kann sich um das Obst gek\u00fcmmert werden.\",\"breadcrumb\":{\"@id\":\"https:\\\/\\\/www.samenhaus.de\\\/gartenblog\\\/mondkalender-maerz-2023#breadcrumb\"},\"inLanguage\":\"de\",\"potentialAction\":[{\"@type\":\"ReadAction\",\"target\":[\"https:\\\/\\\/www.samenhaus.de\\\/gartenblog\\\/mondkalender-maerz-2023\"]}]},{\"@type\":\"ImageObject\",\"inLanguage\":\"de\",\"@id\":\"https:\\\/\\\/www.samenhaus.de\\\/gartenblog\\\/mondkalender-maerz-2023#primaryimage\",\"url\":\"https:\\\/\\\/www.samenhaus.de\\\/gartenblog\\\/wp-content\\\/uploads\\\/2023\\\/02\\\/AdobeStock_Mondkalender-Maerz-scaled.jpg\",\"contentUrl\":\"https:\\\/\\\/www.samenhaus.de\\\/gartenblog\\\/wp-content\\\/uploads\\\/2023\\\/02\\\/AdobeStock_Mondkalender-Maerz-scaled.jpg\",\"width\":2560,\"height\":977,\"caption\":\"Mondkalender M\u00e4rz\"},{\"@type\":\"BreadcrumbList\",\"@id\":\"https:\\\/\\\/www.samenhaus.de\\\/gartenblog\\\/mondkalender-maerz-2023#breadcrumb\",\"itemListElement\":[{\"@type\":\"ListItem\",\"position\":1,\"name\":\"Startseite\",\"item\":\"https:\\\/\\\/www.samenhaus.de\\\/gartenblog\\\/\"},{\"@type\":\"ListItem\",\"position\":2,\"name\":\"Mondkalender M\u00e4rz 2023\"}]},{\"@type\":\"WebSite\",\"@id\":\"https:\\\/\\\/www.samenhaus.de\\\/gartenblog\\\/#website\",\"url\":\"https:\\\/\\\/www.samenhaus.de\\\/gartenblog\\\/\",\"name\":\"Samenhaus Gartenblog\",\"description\":\"\",\"publisher\":{\"@id\":\"https:\\\/\\\/www.samenhaus.de\\\/gartenblog\\\/#organization\"},\"potentialAction\":[{\"@type\":\"SearchAction\",\"target\":{\"@type\":\"EntryPoint\",\"urlTemplate\":\"https:\\\/\\\/www.samenhaus.de\\\/gartenblog\\\/?s={search_term_string}\"},\"query-input\":{\"@type\":\"PropertyValueSpecification\",\"valueRequired\":true,\"valueName\":\"search_term_string\"}}],\"inLanguage\":\"de\"},{\"@type\":\"Organization\",\"@id\":\"https:\\\/\\\/www.samenhaus.de\\\/gartenblog\\\/#organization\",\"name\":\"Samenhaus.de Gartenblog\",\"url\":\"https:\\\/\\\/www.samenhaus.de\\\/gartenblog\\\/\",\"logo\":{\"@type\":\"ImageObject\",\"inLanguage\":\"de\",\"@id\":\"https:\\\/\\\/www.samenhaus.de\\\/gartenblog\\\/#\\\/schema\\\/logo\\\/image\\\/\",\"url\":\"https:\\\/\\\/www.samenhaus.de\\\/gartenblog\\\/wp-content\\\/uploads\\\/2020\\\/11\\\/logo.svg\",\"contentUrl\":\"https:\\\/\\\/www.samenhaus.de\\\/gartenblog\\\/wp-content\\\/uploads\\\/2020\\\/11\\\/logo.svg\",\"width\":1,\"height\":1,\"caption\":\"Samenhaus.de Gartenblog\"},\"image\":{\"@id\":\"https:\\\/\\\/www.samenhaus.de\\\/gartenblog\\\/#\\\/schema\\\/logo\\\/image\\\/\"},\"sameAs\":[\"https:\\\/\\\/de-de.facebook.com\\\/samenhaus\",\"https:\\\/\\\/x.com\\\/samenhaus\"]},{\"@type\":\"Person\",\"@id\":\"https:\\\/\\\/www.samenhaus.de\\\/gartenblog\\\/#\\\/schema\\\/person\\\/97f059f6e72cec571c88cb48b4582118\",\"name\":\"Stephanie\",\"image\":{\"@type\":\"ImageObject\",\"inLanguage\":\"de\",\"@id\":\"https:\\\/\\\/www.samenhaus.de\\\/gartenblog\\\/wp-content\\\/uploads\\\/2026\\\/03\\\/stefanie-150x150.png\",\"url\":\"https:\\\/\\\/www.samenhaus.de\\\/gartenblog\\\/wp-content\\\/uploads\\\/2026\\\/03\\\/stefanie-150x150.png\",\"contentUrl\":\"https:\\\/\\\/www.samenhaus.de\\\/gartenblog\\\/wp-content\\\/uploads\\\/2026\\\/03\\\/stefanie-150x150.png\",\"caption\":\"Stephanie\"},\"description\":\"Garten und Pflanzen waren schon immer meine Leidenschaft. Wahrscheinlich deshalb, weil ich damit aufgewachsen bin. Ich verwerte in der Regel alles und mache Lik\u00f6re, Marmeladen und nutze Kr\u00e4uter auch als Heilpflanzen, indem ich \u00d6le und Tinkturen herstelle. Leider habe ich meinen gr\u00fcnen Daumen beim Auswandern nach Spanien in Deutschland vergessen. Langsam kehrt er aber wieder zur\u00fcck und die Anpassung an die neue Klimazone war gar nicht so einfach. Mittlerweile schaffe ich es sogar, dass gekaufter Basilikum \u00fcberlebt.\",\"url\":\"https:\\\/\\\/www.samenhaus.de\\\/gartenblog\\\/author\\\/stephanie\"}]}<\/script>\n<!-- \/ Yoast SEO plugin. -->","yoast_head_json":{"title":"Mondkalender M\u00e4rz 2023 - Samenhaus Gartenblog","description":"Im M\u00e4rz fallen einige Gartenarbeiten an. Zu Beginn des Monats ist die Rasenpflege im Vordergrund. Am Ende kann sich um das Obst gek\u00fcmmert werden.","robots":{"index":"index","follow":"follow","max-snippet":"max-snippet:-1","max-image-preview":"max-image-preview:large","max-video-preview":"max-video-preview:-1"},"canonical":"https:\/\/www.samenhaus.de\/gartenblog\/mondkalender-maerz-2023","og_locale":"de_DE","og_type":"article","og_title":"Mondkalender M\u00e4rz 2023 - Samenhaus Gartenblog","og_description":"Im M\u00e4rz fallen einige Gartenarbeiten an. Zu Beginn des Monats ist die Rasenpflege im Vordergrund. Am Ende kann sich um das Obst gek\u00fcmmert werden.","og_url":"https:\/\/www.samenhaus.de\/gartenblog\/mondkalender-maerz-2023","og_site_name":"Samenhaus Gartenblog","article_publisher":"https:\/\/de-de.facebook.com\/samenhaus","article_published_time":"2023-03-01T09:00:32+00:00","og_image":[{"width":2560,"height":977,"url":"https:\/\/www.samenhaus.de\/gartenblog\/wp-content\/uploads\/2023\/02\/AdobeStock_Mondkalender-Maerz-scaled.jpg","type":"image\/jpeg"}],"author":"Stephanie","twitter_card":"summary_large_image","twitter_creator":"@samenhaus","twitter_site":"@samenhaus","twitter_misc":{"Verfasst von":"Stephanie","Gesch\u00e4tzte Lesezeit":"10\u00a0Minuten"},"schema":{"@context":"https:\/\/schema.org","@graph":[{"@type":"Article","@id":"https:\/\/www.samenhaus.de\/gartenblog\/mondkalender-maerz-2023#article","isPartOf":{"@id":"https:\/\/www.samenhaus.de\/gartenblog\/mondkalender-maerz-2023"},"author":{"name":"Stephanie","@id":"https:\/\/www.samenhaus.de\/gartenblog\/#\/schema\/person\/97f059f6e72cec571c88cb48b4582118"},"headline":"Mondkalender M\u00e4rz 2023","datePublished":"2023-03-01T09:00:32+00:00","mainEntityOfPage":{"@id":"https:\/\/www.samenhaus.de\/gartenblog\/mondkalender-maerz-2023"},"wordCount":1751,"commentCount":0,"publisher":{"@id":"https:\/\/www.samenhaus.de\/gartenblog\/#organization"},"image":{"@id":"https:\/\/www.samenhaus.de\/gartenblog\/mondkalender-maerz-2023#primaryimage"},"thumbnailUrl":"https:\/\/www.samenhaus.de\/gartenblog\/wp-content\/uploads\/2023\/02\/AdobeStock_Mondkalender-Maerz-scaled.jpg","articleSection":["M\u00e4rz"],"inLanguage":"de","potentialAction":[{"@type":"CommentAction","name":"Comment","target":["https:\/\/www.samenhaus.de\/gartenblog\/mondkalender-maerz-2023#respond"]}],"copyrightYear":"2023","copyrightHolder":{"@id":"https:\/\/www.samenhaus.de\/gartenblog\/#organization"}},{"@type":"WebPage","@id":"https:\/\/www.samenhaus.de\/gartenblog\/mondkalender-maerz-2023","url":"https:\/\/www.samenhaus.de\/gartenblog\/mondkalender-maerz-2023","name":"Mondkalender M\u00e4rz 2023 - Samenhaus Gartenblog","isPartOf":{"@id":"https:\/\/www.samenhaus.de\/gartenblog\/#website"},"primaryImageOfPage":{"@id":"https:\/\/www.samenhaus.de\/gartenblog\/mondkalender-maerz-2023#primaryimage"},"image":{"@id":"https:\/\/www.samenhaus.de\/gartenblog\/mondkalender-maerz-2023#primaryimage"},"thumbnailUrl":"https:\/\/www.samenhaus.de\/gartenblog\/wp-content\/uploads\/2023\/02\/AdobeStock_Mondkalender-Maerz-scaled.jpg","datePublished":"2023-03-01T09:00:32+00:00","description":"Im M\u00e4rz fallen einige Gartenarbeiten an. Zu Beginn des Monats ist die Rasenpflege im Vordergrund. Am Ende kann sich um das Obst gek\u00fcmmert werden.","breadcrumb":{"@id":"https:\/\/www.samenhaus.de\/gartenblog\/mondkalender-maerz-2023#breadcrumb"},"inLanguage":"de","potentialAction":[{"@type":"ReadAction","target":["https:\/\/www.samenhaus.de\/gartenblog\/mondkalender-maerz-2023"]}]},{"@type":"ImageObject","inLanguage":"de","@id":"https:\/\/www.samenhaus.de\/gartenblog\/mondkalender-maerz-2023#primaryimage","url":"https:\/\/www.samenhaus.de\/gartenblog\/wp-content\/uploads\/2023\/02\/AdobeStock_Mondkalender-Maerz-scaled.jpg","contentUrl":"https:\/\/www.samenhaus.de\/gartenblog\/wp-content\/uploads\/2023\/02\/AdobeStock_Mondkalender-Maerz-scaled.jpg","width":2560,"height":977,"caption":"Mondkalender M\u00e4rz"},{"@type":"BreadcrumbList","@id":"https:\/\/www.samenhaus.de\/gartenblog\/mondkalender-maerz-2023#breadcrumb","itemListElement":[{"@type":"ListItem","position":1,"name":"Startseite","item":"https:\/\/www.samenhaus.de\/gartenblog\/"},{"@type":"ListItem","position":2,"name":"Mondkalender M\u00e4rz 2023"}]},{"@type":"WebSite","@id":"https:\/\/www.samenhaus.de\/gartenblog\/#website","url":"https:\/\/www.samenhaus.de\/gartenblog\/","name":"Samenhaus Gartenblog","description":"","publisher":{"@id":"https:\/\/www.samenhaus.de\/gartenblog\/#organization"},"potentialAction":[{"@type":"SearchAction","target":{"@type":"EntryPoint","urlTemplate":"https:\/\/www.samenhaus.de\/gartenblog\/?s={search_term_string}"},"query-input":{"@type":"PropertyValueSpecification","valueRequired":true,"valueName":"search_term_string"}}],"inLanguage":"de"},{"@type":"Organization","@id":"https:\/\/www.samenhaus.de\/gartenblog\/#organization","name":"Samenhaus.de Gartenblog","url":"https:\/\/www.samenhaus.de\/gartenblog\/","logo":{"@type":"ImageObject","inLanguage":"de","@id":"https:\/\/www.samenhaus.de\/gartenblog\/#\/schema\/logo\/image\/","url":"https:\/\/www.samenhaus.de\/gartenblog\/wp-content\/uploads\/2020\/11\/logo.svg","contentUrl":"https:\/\/www.samenhaus.de\/gartenblog\/wp-content\/uploads\/2020\/11\/logo.svg","width":1,"height":1,"caption":"Samenhaus.de Gartenblog"},"image":{"@id":"https:\/\/www.samenhaus.de\/gartenblog\/#\/schema\/logo\/image\/"},"sameAs":["https:\/\/de-de.facebook.com\/samenhaus","https:\/\/x.com\/samenhaus"]},{"@type":"Person","@id":"https:\/\/www.samenhaus.de\/gartenblog\/#\/schema\/person\/97f059f6e72cec571c88cb48b4582118","name":"Stephanie","image":{"@type":"ImageObject","inLanguage":"de","@id":"https:\/\/www.samenhaus.de\/gartenblog\/wp-content\/uploads\/2026\/03\/stefanie-150x150.png","url":"https:\/\/www.samenhaus.de\/gartenblog\/wp-content\/uploads\/2026\/03\/stefanie-150x150.png","contentUrl":"https:\/\/www.samenhaus.de\/gartenblog\/wp-content\/uploads\/2026\/03\/stefanie-150x150.png","caption":"Stephanie"},"description":"Garten und Pflanzen waren schon immer meine Leidenschaft. Wahrscheinlich deshalb, weil ich damit aufgewachsen bin. Ich verwerte in der Regel alles und mache Lik\u00f6re, Marmeladen und nutze Kr\u00e4uter auch als Heilpflanzen, indem ich \u00d6le und Tinkturen herstelle. Leider habe ich meinen gr\u00fcnen Daumen beim Auswandern nach Spanien in Deutschland vergessen. Langsam kehrt er aber wieder zur\u00fcck und die Anpassung an die neue Klimazone war gar nicht so einfach. Mittlerweile schaffe ich es sogar, dass gekaufter Basilikum \u00fcberlebt.","url":"https:\/\/www.samenhaus.de\/gartenblog\/author\/stephanie"}]}},"wp-worthy-pixel":{"ignored":false,"public":"04a72c3576304867990d40d0f61b55b7","server":"vg04.met.vgwort.de","url":"https:\/\/vg04.met.vgwort.de\/na\/04a72c3576304867990d40d0f61b55b7"},"wp-worthy-type":"normal","_links":{"self":[{"href":"https:\/\/www.samenhaus.de\/gartenblog\/wp-json\/wp\/v2\/posts\/9842","targetHints":{"allow":["GET"]}}],"collection":[{"href":"https:\/\/www.samenhaus.de\/gartenblog\/wp-json\/wp\/v2\/posts"}],"about":[{"href":"https:\/\/www.samenhaus.de\/gartenblog\/wp-json\/wp\/v2\/types\/post"}],"author":[{"embeddable":true,"href":"https:\/\/www.samenhaus.de\/gartenblog\/wp-json\/wp\/v2\/users\/12"}],"replies":[{"embeddable":true,"href":"https:\/\/www.samenhaus.de\/gartenblog\/wp-json\/wp\/v2\/comments?post=9842"}],"version-history":[{"count":4,"href":"https:\/\/www.samenhaus.de\/gartenblog\/wp-json\/wp\/v2\/posts\/9842\/revisions"}],"predecessor-version":[{"id":10237,"href":"https:\/\/www.samenhaus.de\/gartenblog\/wp-json\/wp\/v2\/posts\/9842\/revisions\/10237"}],"wp:featuredmedia":[{"embeddable":true,"href":"https:\/\/www.samenhaus.de\/gartenblog\/wp-json\/wp\/v2\/media\/10236"}],"wp:attachment":[{"href":"https:\/\/www.samenhaus.de\/gartenblog\/wp-json\/wp\/v2\/media?parent=9842"}],"wp:term":[{"taxonomy":"category","embeddable":true,"href":"https:\/\/www.samenhaus.de\/gartenblog\/wp-json\/wp\/v2\/categories?post=9842"},{"taxonomy":"post_tag","embeddable":true,"href":"https:\/\/www.samenhaus.de\/gartenblog\/wp-json\/wp\/v2\/tags?post=9842"},{"taxonomy":"hersteller","embeddable":true,"href":"https:\/\/www.samenhaus.de\/gartenblog\/wp-json\/wp\/v2\/hersteller?post=9842"}],"curies":[{"name":"wp","href":"https:\/\/api.w.org\/{rel}","templated":true}]}}