{"id":9866,"date":"2023-07-15T09:00:25","date_gmt":"2023-07-15T09:00:25","guid":{"rendered":"https:\/\/www.samenhaus.de\/gartenblog\/?p=9866"},"modified":"2023-12-21T14:51:22","modified_gmt":"2023-12-21T13:51:22","slug":"gartenirrtuemer-von-duenger-containerpflanzen-maeusen-und-duftenden-blueten","status":"publish","type":"post","link":"https:\/\/www.samenhaus.de\/gartenblog\/gartenirrtuemer-von-duenger-containerpflanzen-maeusen-und-duftenden-blueten","title":{"rendered":"Gartenirrt\u00fcmer \u2013 von D\u00fcnger, Containerpflanzen, M\u00e4usen und duftenden Bl\u00fcten"},"content":{"rendered":"<p>Pflanzen m\u00fcssen immer reichlich ged\u00fcngt werden, damit sie gut wachsen. H\u00f6rt sich doch vern\u00fcnftig an, oder? Pilze sind Pflanzen \u2013 was sollten sie auch sonst sein? M\u00e4use im Garten sind Sch\u00e4dlinge und Insekten werden nur von herrlich duftenden Bl\u00fcten abgelockt. Wir haben wieder 4 Gartenirrt\u00fcmer f\u00fcr Sie ausgegraben, die sich hartn\u00e4ckig halten. Doch sind das tats\u00e4chlich alles Irrt\u00fcmer oder ist auch etwas Wahres dran?<\/p>\n<h2><span class=\"ez-toc-section\" id=\"Pflanzen_benoetigen_reichlich_Duenger\"><\/span>Pflanzen ben\u00f6tigen reichlich D\u00fcnger<span class=\"ez-toc-section-end\"><\/span><\/h2>\n<p><img loading=\"lazy\" decoding=\"async\" class=\"size-full wp-image-12144 alignright\" src=\"https:\/\/www.samenhaus.de\/gartenblog\/wp-content\/uploads\/2023\/06\/Gartenirrtuemer-Maeuse-Duftende-Blueten_204287225.jpg\" alt=\"zu viel d\u00fcngen\" width=\"300\" height=\"200\" \/>Wenn wir Menschen nicht gen\u00fcgend Vitamine und Mineralstoffe aufnehmen, dann greifen viele zu Nahrungserg\u00e4nzungsmitteln. Wenn wir allerdings zu viel davon konsumieren, kann das sch\u00e4dlich werden. Es gibt zwar manche Stoffe, die der K\u00f6rper ungenutzt ausscheidet, andere aber f\u00fchren unweigerlich zu weitreichenden Reaktionen. \u00dcberdosierungen k\u00f6nnen beispielsweise in Erbrechen, Durchfall oder Kopfschmerzen, ja sogar in Kalkablagerungen und Nierensch\u00e4den m\u00fcnden.<\/p>\n<p>Zwar k\u00f6nnen Pflanzen keine Kopfschmerzen entwickeln, \u00dcberd\u00fcngungen k\u00f6nnen sich aber anderweitig zeigen. In manchen F\u00e4llen wachsen Pflanzen bei zu viel <a href=\"https:\/\/www.samenhaus.de\/duenger\" target=\"_blank\" rel=\"noopener\">D\u00fcnger<\/a> tats\u00e4chlich augenscheinlich erst einmal besser und entwickeln vielleicht gr\u00f6\u00dfere Fr\u00fcchte. Doch das liegt einzig an Pflanzengewebe, das durch Wasser aufgeschwemmt wird. Zu viel D\u00fcnger ist also genauso sch\u00e4dlich, wie Pflanzen zu wenige N\u00e4hrstoffe zu geben. \u00dcberd\u00fcngungen haben dabei weitreichende Folgen:<\/p>\n<p>\u2022 Durch die hohe Wasseraufnahme schmecken <a href=\"https:\/\/www.samenhaus.de\/obstsamen\" target=\"_blank\" rel=\"noopener\">Obst<\/a> und <a href=\"https:\/\/www.samenhaus.de\/gemuesesamen\" target=\"_blank\" rel=\"noopener\">Gem\u00fcse<\/a> w\u00e4ssrig, die Konsistenz ist weicher und die Haltbarkeit geringer.<br \/>\n\u2022 Bei <a href=\"https:\/\/www.samenhaus.de\/blumensamen\" target=\"_blank\" rel=\"noopener\">Blumen<\/a> und Stauden f\u00fchren \u00dcberd\u00fcngungen zu Krankheiten. Au\u00dferdem sind die Pflanzen anf\u00e4lliger f\u00fcr Sch\u00e4dlinge.<br \/>\n\u2022 Befindet sich zu viel D\u00fcnger in der Erde, k\u00f6nnen die kleinen Wurzeln von Jungpflanzen im schlimmsten Fall gar kein Wasser mehr aufnehmen und vertrocknen dadurch.<br \/>\n\u2022 Zu viel D\u00fcnger ist au\u00dferdem schlecht f\u00fcr unser Grundwasser. D\u00fcnger, der von den Pflanzen nicht mehr aufgenommen werden kann, versickert in tiefere Erdschichten und landet im Grundwasser.<\/p>\n<p><strong>Fazit:<\/strong> Die richtige Dosierung finden Sie als D\u00fcngeempfehlung auf den Verpackungen oder im Internet. Alternativ hilft ein Langzeitd\u00fcnger weiter, denn dieser gibt die N\u00e4hrstoffe nach und nach ab, sodass eine D\u00fcngergabe in der Saison oftmals schon ausreicht.<\/p>\n<h2><span class=\"ez-toc-section\" id=\"Pilze_sind_Pflanzen\"><\/span>Pilze sind Pflanzen<span class=\"ez-toc-section-end\"><\/span><\/h2>\n<p><img loading=\"lazy\" decoding=\"async\" class=\"size-full wp-image-12145 alignright\" src=\"https:\/\/www.samenhaus.de\/gartenblog\/wp-content\/uploads\/2023\/06\/Gartenirrtuemer-Maeuse-Duftende-Blueten_387187588.jpg\" alt=\"Pilze\" width=\"300\" height=\"200\" \/>Es wird gesch\u00e4tzt, dass es weltweit bis zu 3,8 Millionen unterschiedliche Pilzarten gibt. Das w\u00e4re nach den Tieren das zweitgr\u00f6\u00dfte Reich an Organismen \u00fcberhaupt, sogar noch vor den Pflanzen. Aus diesem Satz ist eigentlich schon zu h\u00f6ren, dass <a href=\"https:\/\/www.samenhaus.de\/pilzbrut\" target=\"_blank\" rel=\"noopener\">Pilze<\/a> somit keine Pflanzen sind, wenn sie als Organismen zwischen Tieren und Pflanzen anzusiedeln sind. Das bedeutet, dass Pilze ein eigenst\u00e4ndiges Reich bilden und somit auch nicht zu den Tieren gez\u00e4hlt werden k\u00f6nnen, was ebenfalls immer wieder zu lesen ist.<\/p>\n<p>Warum aber geh\u00f6ren Pilze einer eigenen &#8222;Spezies&#8220; an? Warum kann man sie nicht zu den Pflanzen oder gar zu den Tieren z\u00e4hlen? Hier sind einige Unterschiede zu nennen:<\/p>\n<p>\u2022 Der Stoffwechsel von Pilzen und Pflanzen unterscheidet sich deutlich. Das sieht man schon daran, dass Pilze keine Bl\u00e4tter besitzen und somit auch keine Photosynthese betreiben k\u00f6nnen.<br \/>\n\u2022 Pilze nehmen ihre Nahrung durch die Zellwand auf und sind dabei auf organische N\u00e4hrstoffe angewiesen \u2013 also wie bei Tieren. Pilze holen sich die fremde Biomasse entweder aus dem Boden oder gehen mit Pflanzen eine Symbiose ein, indem sie auf diesen wachsen und die N\u00e4hrstoffe mit nutzen.<br \/>\n\u2022 Pilze haben im Gegensatz zu Tieren aber einen anderen Zellaufbau. Neben der Zellmembran besitzen Pilze eine feste Zellwand, was bei Tieren nicht der Fall ist.<br \/>\n\u2022 Pilze dienen auch der Zersetzung von Stoffen, \u00e4hnlich wie Bakterien. So sind beispielsweise Schimmelpilze am Abbau organischer Materie wie etwa toten Lebewesen oder Exkrementen beteiligt.<\/p>\n<p>Im Grunde sind Pilze auch nicht die Gebilde, die wir im Wald sammeln, denn dabei handelt es sich \u2013 genau genommen \u2013 nur um die Fr\u00fcchte. Der eigentliche Pilz lebt als Myzel im Boden und ist von uns in der Regel gar nicht wahrnehmbar. Pilze sind also weder Pflanzen, noch Tiere, noch Bakterien, sondern m\u00fcssen als eigenst\u00e4ndige Organismengruppe bezeichnet werden.<\/p>\n<h2><span class=\"ez-toc-section\" id=\"Jede_Maus_im_Garten_ist_auch_ein_Schaedling\"><\/span>Jede Maus im Garten ist auch ein Sch\u00e4dling<span class=\"ez-toc-section-end\"><\/span><\/h2>\n<p><img loading=\"lazy\" decoding=\"async\" class=\"size-full wp-image-12143 alignright\" src=\"https:\/\/www.samenhaus.de\/gartenblog\/wp-content\/uploads\/2023\/06\/Gartenirrtuemer-Maeuse-Duftende-Blueten_163359543.jpg\" alt=\"Waldmaus\" width=\"300\" height=\"194\" \/>M\u00e4use sind klein und niedlich, aber leider auch Sch\u00e4dlinge, die man am liebsten aus dem Garten vertreibt. Woher kommt dieses Vorurteil? Vermutlich von zwei bestimmten Artgenossen. Zum einen von der Hausmaus, die vor allem im Innern anzutreffen ist und dort ihr Unwesen treibt, indem sie Nahrungsmittel anknabbert. Zum anderen durch die W\u00fchlmaus, die im Garten beim Durchw\u00fchlen des Gartenbodens alles, was ihr in den Weg kommt, frisst. Hier sind vor allem Wurzeln und Blumenzwiebeln, Knollen und Rhizome zu nennen, also alles, was unter der Erde w\u00e4chst und f\u00fcr Pflanzen lebenswichtig ist. Abhilfe k\u00f6nnen dabei Drahtk\u00f6rbe schaffen, die man beim Pflanzen um das Wurzelwerk gibt.<\/p>\n<p>Doch das hei\u00dft nun noch lange nicht, dass jede Maus, die man im Garten sichtet, auch ein potenzieller Sch\u00e4dling ist. Denn es gibt eine Vielzahl an M\u00e4usen, die sogar als N\u00fctzlinge auftreten:<\/p>\n<p>\u2022 <strong>Waldmaus:<\/strong> Der Name sagt es schon, diese kleine Maus lebt vorzugsweise im Wald. Daher ist sie nur in G\u00e4rten anzutreffen, die sich in Waldn\u00e4he befinden. Ist dies der Fall, kann sich ein G\u00e4rtner gl\u00fccklich sch\u00e4tzen, denn Waldm\u00e4use ern\u00e4hren sich von Insekten, W\u00fcrmer und vor allem von Schnecken.<br \/>\n\u2022 <strong>Feldmaus:<\/strong> Zwar kann sich eine Feldmaus auch mal \u00fcber Bl\u00e4tter, Bl\u00fcten oder Knospen hermachen, in der Regel verputzt sie aber vor allem Gr\u00e4ser, Klee, Raps und viele weitere krautige Pflanzen. Das Besondere: Sie fressen die Pflanzenteile, die sich \u00fcber der Erde befinden, sch\u00e4digen also nicht die Wurzeln, Knollen oder Zwiebeln, weswegen die Pflanzen in aller Regel wieder neu austreiben. Wie auch bei der Waldmaus sind Feldm\u00e4use \u00fcberwiegend im l\u00e4ndlichen Bereich anzutreffen und leben dort auf Feldern, Wiesen, Brachfl\u00e4chen und in lichten W\u00e4ldern.<br \/>\n\u2022 <strong>Haselmaus:<\/strong> Zwar geh\u00f6rt die Haselmaus zu den Nagetieren, eine Maus ist sie im eigentlichen Sinne aber nicht. Stattdessen geh\u00f6rt sie zu den Bilchen und sind mit dem Siebenschl\u00e4fer verwandt. Ihr Lebensraum liegt in W\u00e4ldern, kommt sie in den Garten, dann baut sie ihr Nest meist in B\u00e4umen oder Str\u00e4uchern. Sie ern\u00e4hrt sich von Knospen, Samen, Pollen und Insekten und ist somit ebenfalls kein Sch\u00e4dling.<br \/>\n\u2022 <strong>Spitzmaus:<\/strong> Ein weiterer Kandidat, der eigentlich keine Maus ist, aber dennoch zu den Nagetieren geh\u00f6rt, ist die Spitzmaus. Die Insektenfresser leben in W\u00e4ldern und auf Feldern und k\u00f6nnen sich auch im Garten ansiedeln. Dar\u00fcber sollten G\u00e4rtner sogar froh sein, denn die nachtaktiven Tiere verzehren t\u00e4glich ihr Eigengewicht, wobei Larven, Insekten und Schnecken auf der Speisekarte stehen.<\/p>\n<p>Leider sind M\u00e4use im Garten meist nicht zu sehen. Ersp\u00e4ht man doch mal eine, kann man meist kaum erkennen, um welche Art es sich handelt. Daher sollte man nicht pauschal M\u00e4use bek\u00e4mpfen, sondern regelm\u00e4\u00dfig kontrollieren, ob Pflanzen Sch\u00e4den aufweisen und ob M\u00e4useg\u00e4nge in der Erde zu erkennen sind. Ist dies der Fall, k\u00f6nnen Pflanzen und Beete mit M\u00e4usedraht gesichert werden.<\/p>\n<h2><span class=\"ez-toc-section\" id=\"Nur_duftende_Blueten_locken_Bienen_Schmetterlinge_Co_an\"><\/span>Nur duftende Bl\u00fcten locken Bienen, Schmetterlinge &amp; Co. an<span class=\"ez-toc-section-end\"><\/span><\/h2>\n<p><img loading=\"lazy\" decoding=\"async\" class=\"size-full wp-image-12142 alignright\" src=\"https:\/\/www.samenhaus.de\/gartenblog\/wp-content\/uploads\/2023\/06\/Gartenirrtuemer-Maeuse-Duftende-Blueten_64079908.jpg\" alt=\"Insekten Blume\" width=\"300\" height=\"200\" \/>Wenn es im Garten wunderbar bl\u00fcht, ist das schon mal die halbe Miete. Wenn dann noch zahlreiche Duftpflanzen vorhanden sind, k\u00f6nnen Bienen, Hummeln, Schmetterlinge und viele weitere Pollensammler kommen. Doch kommen die Insekten wirklich nur dann, wenn es sich um besonders gut duftende Bl\u00fcten handelt? Nein, denn das ist nur ein Lockmittel, das sich die Natur ausgedacht hat.<\/p>\n<p>\u2022 Insekten k\u00f6nnen Farben erkennen und somit von besonders leuchtenden, bunten, intensiv gef\u00e4rbten oder auf eine besondere Art gestalteten Bl\u00fcten angelockt werden.<br \/>\n\u2022 Farbliche Lockmittel sind im \u00dcbrigen auch im ultravioletten Bereich vorhanden, also in einem Bereich, der f\u00fcr Menschen nicht sichtbar ist, f\u00fcr Insekten aber schon.<br \/>\n\u2022 Auch die Form von Bl\u00fcten macht Insekten neugierig. So gaukeln zum Beispiel gewisse Orchideenarten paarungsbereite Insekten, was diese anlockt und der Pollen somit weitergetragen werden kann.<br \/>\n\u2022 Besitzt eine Bl\u00fcte besonders viel Nektar oder bietet ein \u00fcberreiches Angebot an Pollen, ben\u00f6tigen diese Pflanzen keine weiteren Lockmittel.<\/p>\n<p>Insekten fliegen also auch Pflanzen an, die f\u00fcr uns wom\u00f6glich unscheinbar sind, die \u00fcberhaupt keinen Duft aussenden oder f\u00fcr uns Menschen unangenehm riechen.<\/p>\n","protected":false},"excerpt":{"rendered":"<p>Pflanzen m\u00fcssen immer reichlich ged\u00fcngt werden, damit sie gut wachsen. H\u00f6rt sich doch vern\u00fcnftig an, oder? Pilze sind Pflanzen \u2013 was sollten sie auch sonst sein? M\u00e4use im Garten sind Sch\u00e4dlinge und Insekten werden nur von herrlich duftenden Bl\u00fcten abgelockt. Wir haben wieder 4 Gartenirrt\u00fcmer f\u00fcr Sie ausgegraben, die sich hartn\u00e4ckig halten. Doch sind das tats\u00e4chlich alles Irrt\u00fcmer oder ist auch etwas Wahres dran? Pflanzen ben\u00f6tigen reichlich D\u00fcnger Wenn wir Menschen nicht gen\u00fcgend Vitamine und Mineralstoffe aufnehmen, dann greifen viele zu Nahrungserg\u00e4nzungsmitteln. Wenn wir allerdings zu viel davon konsumieren, kann das sch\u00e4dlich werden. Es gibt zwar manche Stoffe, die der K\u00f6rper ungenutzt ausscheidet, andere aber f\u00fchren unweigerlich zu weitreichenden Reaktionen. \u00dcberdosierungen k\u00f6nnen beispielsweise in Erbrechen, Durchfall oder Kopfschmerzen, ja sogar in Kalkablagerungen und Nierensch\u00e4den m\u00fcnden. Zwar k\u00f6nnen Pflanzen keine Kopfschmerzen entwickeln, \u00dcberd\u00fcngungen k\u00f6nnen sich aber anderweitig zeigen. In manchen F\u00e4llen wachsen Pflanzen bei zu viel D\u00fcnger tats\u00e4chlich augenscheinlich erst einmal besser und entwickeln vielleicht gr\u00f6\u00dfere Fr\u00fcchte. Doch das liegt einzig an Pflanzengewebe, das durch Wasser aufgeschwemmt wird. Zu viel D\u00fcnger ist also genauso sch\u00e4dlich, wie Pflanzen zu wenige N\u00e4hrstoffe zu geben. \u00dcberd\u00fcngungen haben dabei weitreichende Folgen: \u2022 Durch die hohe Wasseraufnahme schmecken Obst und Gem\u00fcse w\u00e4ssrig, die Konsistenz ist weicher [&hellip;]<\/p>\n","protected":false},"author":13,"featured_media":12141,"comment_status":"open","ping_status":"open","sticky":false,"template":"","format":"standard","meta":{"_acf_changed":false,"footnotes":""},"categories":[1],"tags":[],"hersteller":[],"class_list":["post-9866","post","type-post","status-publish","format-standard","has-post-thumbnail","hentry","category-allgemein"],"acf":[],"yoast_head":"<!-- This site is optimized with the Yoast SEO plugin v27.4 - https:\/\/yoast.com\/product\/yoast-seo-wordpress\/ -->\n<title>Gartenirrt\u00fcmer \u2013 von D\u00fcnger, Containerpflanzen, M\u00e4usen und duftenden Bl\u00fcten - Samenhaus Gartenblog<\/title>\n<meta name=\"description\" content=\"Wenn die Gartensaison los geht, werden auch bekannte Gartenirrt\u00fcmer wieder ausgeraben. Diese n\u00e4her unter die Lupe zu nehmen, lohnt sich.\" \/>\n<meta name=\"robots\" content=\"index, follow, max-snippet:-1, max-image-preview:large, max-video-preview:-1\" \/>\n<link rel=\"canonical\" href=\"https:\/\/www.samenhaus.de\/gartenblog\/gartenirrtuemer-von-duenger-containerpflanzen-maeusen-und-duftenden-blueten\" \/>\n<meta property=\"og:locale\" content=\"de_DE\" \/>\n<meta property=\"og:type\" content=\"article\" \/>\n<meta property=\"og:title\" content=\"Gartenirrt\u00fcmer \u2013 von D\u00fcnger, Containerpflanzen, M\u00e4usen und duftenden Bl\u00fcten - Samenhaus Gartenblog\" \/>\n<meta property=\"og:description\" content=\"Wenn die Gartensaison los geht, werden auch bekannte Gartenirrt\u00fcmer wieder ausgeraben. Diese n\u00e4her unter die Lupe zu nehmen, lohnt sich.\" \/>\n<meta property=\"og:url\" content=\"https:\/\/www.samenhaus.de\/gartenblog\/gartenirrtuemer-von-duenger-containerpflanzen-maeusen-und-duftenden-blueten\" \/>\n<meta property=\"og:site_name\" content=\"Samenhaus Gartenblog\" \/>\n<meta property=\"article:publisher\" content=\"https:\/\/de-de.facebook.com\/samenhaus\" \/>\n<meta property=\"article:published_time\" content=\"2023-07-15T09:00:25+00:00\" \/>\n<meta property=\"article:modified_time\" content=\"2023-12-21T13:51:22+00:00\" \/>\n<meta property=\"og:image\" content=\"https:\/\/www.samenhaus.de\/gartenblog\/wp-content\/uploads\/2023\/06\/Gartenirrtuemer-Maeuse-Duftende-Blueten_38013854.jpg\" \/>\n\t<meta property=\"og:image:width\" content=\"847\" \/>\n\t<meta property=\"og:image:height\" content=\"563\" \/>\n\t<meta property=\"og:image:type\" content=\"image\/jpeg\" \/>\n<meta name=\"author\" content=\"Holger\" \/>\n<meta name=\"twitter:card\" content=\"summary_large_image\" \/>\n<meta name=\"twitter:creator\" content=\"@samenhaus\" \/>\n<meta name=\"twitter:site\" content=\"@samenhaus\" \/>\n<meta name=\"twitter:label1\" content=\"Verfasst von\" \/>\n\t<meta name=\"twitter:data1\" content=\"Holger\" \/>\n\t<meta name=\"twitter:label2\" content=\"Gesch\u00e4tzte Lesezeit\" \/>\n\t<meta name=\"twitter:data2\" content=\"8\u00a0Minuten\" \/>\n<script type=\"application\/ld+json\" class=\"yoast-schema-graph\">{\"@context\":\"https:\\\/\\\/schema.org\",\"@graph\":[{\"@type\":\"Article\",\"@id\":\"https:\\\/\\\/www.samenhaus.de\\\/gartenblog\\\/gartenirrtuemer-von-duenger-containerpflanzen-maeusen-und-duftenden-blueten#article\",\"isPartOf\":{\"@id\":\"https:\\\/\\\/www.samenhaus.de\\\/gartenblog\\\/gartenirrtuemer-von-duenger-containerpflanzen-maeusen-und-duftenden-blueten\"},\"author\":{\"name\":\"Holger\",\"@id\":\"https:\\\/\\\/www.samenhaus.de\\\/gartenblog\\\/#\\\/schema\\\/person\\\/de169769587431893823f62b2ce06c04\"},\"headline\":\"Gartenirrt\u00fcmer \u2013 von D\u00fcnger, Containerpflanzen, M\u00e4usen und duftenden Bl\u00fcten\",\"datePublished\":\"2023-07-15T09:00:25+00:00\",\"dateModified\":\"2023-12-21T13:51:22+00:00\",\"mainEntityOfPage\":{\"@id\":\"https:\\\/\\\/www.samenhaus.de\\\/gartenblog\\\/gartenirrtuemer-von-duenger-containerpflanzen-maeusen-und-duftenden-blueten\"},\"wordCount\":1374,\"commentCount\":0,\"publisher\":{\"@id\":\"https:\\\/\\\/www.samenhaus.de\\\/gartenblog\\\/#organization\"},\"image\":{\"@id\":\"https:\\\/\\\/www.samenhaus.de\\\/gartenblog\\\/gartenirrtuemer-von-duenger-containerpflanzen-maeusen-und-duftenden-blueten#primaryimage\"},\"thumbnailUrl\":\"https:\\\/\\\/www.samenhaus.de\\\/gartenblog\\\/wp-content\\\/uploads\\\/2023\\\/06\\\/Gartenirrtuemer-Maeuse-Duftende-Blueten_38013854.jpg\",\"inLanguage\":\"de\",\"potentialAction\":[{\"@type\":\"CommentAction\",\"name\":\"Comment\",\"target\":[\"https:\\\/\\\/www.samenhaus.de\\\/gartenblog\\\/gartenirrtuemer-von-duenger-containerpflanzen-maeusen-und-duftenden-blueten#respond\"]}],\"copyrightYear\":\"2023\",\"copyrightHolder\":{\"@id\":\"https:\\\/\\\/www.samenhaus.de\\\/gartenblog\\\/#organization\"}},{\"@type\":\"WebPage\",\"@id\":\"https:\\\/\\\/www.samenhaus.de\\\/gartenblog\\\/gartenirrtuemer-von-duenger-containerpflanzen-maeusen-und-duftenden-blueten\",\"url\":\"https:\\\/\\\/www.samenhaus.de\\\/gartenblog\\\/gartenirrtuemer-von-duenger-containerpflanzen-maeusen-und-duftenden-blueten\",\"name\":\"Gartenirrt\u00fcmer \u2013 von D\u00fcnger, Containerpflanzen, M\u00e4usen und duftenden Bl\u00fcten - Samenhaus Gartenblog\",\"isPartOf\":{\"@id\":\"https:\\\/\\\/www.samenhaus.de\\\/gartenblog\\\/#website\"},\"primaryImageOfPage\":{\"@id\":\"https:\\\/\\\/www.samenhaus.de\\\/gartenblog\\\/gartenirrtuemer-von-duenger-containerpflanzen-maeusen-und-duftenden-blueten#primaryimage\"},\"image\":{\"@id\":\"https:\\\/\\\/www.samenhaus.de\\\/gartenblog\\\/gartenirrtuemer-von-duenger-containerpflanzen-maeusen-und-duftenden-blueten#primaryimage\"},\"thumbnailUrl\":\"https:\\\/\\\/www.samenhaus.de\\\/gartenblog\\\/wp-content\\\/uploads\\\/2023\\\/06\\\/Gartenirrtuemer-Maeuse-Duftende-Blueten_38013854.jpg\",\"datePublished\":\"2023-07-15T09:00:25+00:00\",\"dateModified\":\"2023-12-21T13:51:22+00:00\",\"description\":\"Wenn die Gartensaison los geht, werden auch bekannte Gartenirrt\u00fcmer wieder ausgeraben. Diese n\u00e4her unter die Lupe zu nehmen, lohnt sich.\",\"breadcrumb\":{\"@id\":\"https:\\\/\\\/www.samenhaus.de\\\/gartenblog\\\/gartenirrtuemer-von-duenger-containerpflanzen-maeusen-und-duftenden-blueten#breadcrumb\"},\"inLanguage\":\"de\",\"potentialAction\":[{\"@type\":\"ReadAction\",\"target\":[\"https:\\\/\\\/www.samenhaus.de\\\/gartenblog\\\/gartenirrtuemer-von-duenger-containerpflanzen-maeusen-und-duftenden-blueten\"]}]},{\"@type\":\"ImageObject\",\"inLanguage\":\"de\",\"@id\":\"https:\\\/\\\/www.samenhaus.de\\\/gartenblog\\\/gartenirrtuemer-von-duenger-containerpflanzen-maeusen-und-duftenden-blueten#primaryimage\",\"url\":\"https:\\\/\\\/www.samenhaus.de\\\/gartenblog\\\/wp-content\\\/uploads\\\/2023\\\/06\\\/Gartenirrtuemer-Maeuse-Duftende-Blueten_38013854.jpg\",\"contentUrl\":\"https:\\\/\\\/www.samenhaus.de\\\/gartenblog\\\/wp-content\\\/uploads\\\/2023\\\/06\\\/Gartenirrtuemer-Maeuse-Duftende-Blueten_38013854.jpg\",\"width\":847,\"height\":563,\"caption\":\"Gartenirrt\u00fcmer Maus\"},{\"@type\":\"BreadcrumbList\",\"@id\":\"https:\\\/\\\/www.samenhaus.de\\\/gartenblog\\\/gartenirrtuemer-von-duenger-containerpflanzen-maeusen-und-duftenden-blueten#breadcrumb\",\"itemListElement\":[{\"@type\":\"ListItem\",\"position\":1,\"name\":\"Startseite\",\"item\":\"https:\\\/\\\/www.samenhaus.de\\\/gartenblog\\\/\"},{\"@type\":\"ListItem\",\"position\":2,\"name\":\"Gartenirrt\u00fcmer \u2013 von D\u00fcnger, Containerpflanzen, M\u00e4usen und duftenden Bl\u00fcten\"}]},{\"@type\":\"WebSite\",\"@id\":\"https:\\\/\\\/www.samenhaus.de\\\/gartenblog\\\/#website\",\"url\":\"https:\\\/\\\/www.samenhaus.de\\\/gartenblog\\\/\",\"name\":\"Samenhaus Gartenblog\",\"description\":\"\",\"publisher\":{\"@id\":\"https:\\\/\\\/www.samenhaus.de\\\/gartenblog\\\/#organization\"},\"potentialAction\":[{\"@type\":\"SearchAction\",\"target\":{\"@type\":\"EntryPoint\",\"urlTemplate\":\"https:\\\/\\\/www.samenhaus.de\\\/gartenblog\\\/?s={search_term_string}\"},\"query-input\":{\"@type\":\"PropertyValueSpecification\",\"valueRequired\":true,\"valueName\":\"search_term_string\"}}],\"inLanguage\":\"de\"},{\"@type\":\"Organization\",\"@id\":\"https:\\\/\\\/www.samenhaus.de\\\/gartenblog\\\/#organization\",\"name\":\"Samenhaus.de Gartenblog\",\"url\":\"https:\\\/\\\/www.samenhaus.de\\\/gartenblog\\\/\",\"logo\":{\"@type\":\"ImageObject\",\"inLanguage\":\"de\",\"@id\":\"https:\\\/\\\/www.samenhaus.de\\\/gartenblog\\\/#\\\/schema\\\/logo\\\/image\\\/\",\"url\":\"https:\\\/\\\/www.samenhaus.de\\\/gartenblog\\\/wp-content\\\/uploads\\\/2020\\\/11\\\/logo.svg\",\"contentUrl\":\"https:\\\/\\\/www.samenhaus.de\\\/gartenblog\\\/wp-content\\\/uploads\\\/2020\\\/11\\\/logo.svg\",\"width\":1,\"height\":1,\"caption\":\"Samenhaus.de Gartenblog\"},\"image\":{\"@id\":\"https:\\\/\\\/www.samenhaus.de\\\/gartenblog\\\/#\\\/schema\\\/logo\\\/image\\\/\"},\"sameAs\":[\"https:\\\/\\\/de-de.facebook.com\\\/samenhaus\",\"https:\\\/\\\/x.com\\\/samenhaus\"]},{\"@type\":\"Person\",\"@id\":\"https:\\\/\\\/www.samenhaus.de\\\/gartenblog\\\/#\\\/schema\\\/person\\\/de169769587431893823f62b2ce06c04\",\"name\":\"Holger\",\"image\":{\"@type\":\"ImageObject\",\"inLanguage\":\"de\",\"@id\":\"https:\\\/\\\/www.samenhaus.de\\\/gartenblog\\\/wp-content\\\/uploads\\\/2026\\\/03\\\/Holger-150x150.png\",\"url\":\"https:\\\/\\\/www.samenhaus.de\\\/gartenblog\\\/wp-content\\\/uploads\\\/2026\\\/03\\\/Holger-150x150.png\",\"contentUrl\":\"https:\\\/\\\/www.samenhaus.de\\\/gartenblog\\\/wp-content\\\/uploads\\\/2026\\\/03\\\/Holger-150x150.png\",\"caption\":\"Holger\"},\"description\":\"6.000.000 W\u00f6rter \u2013 so viel k\u00f6nnen Sie in etwa von mir online lesen. Das F\u00fcllen des Internets entwickelte sich nach meiner Ausbildung zum TV-Redakteur und der langj\u00e4hrigen Arbeit bei SAT.1 zu einem Fulltime-Job. Trotzdem finde ich noch gen\u00fcgend Zeit, um in meinem Garten zu werkeln. Eine Staude hier, ein Bl\u00fcmchen dort und ein bisschen Gem\u00fcse darf auch nicht fehlen \u2013 einen Schnitzelbaum gibt es ja noch nicht \u2026 Die besten geistigen Erg\u00fcsse habe ich \u00fcbrigens, wenn ich IM Garten \u00dcBER den Garten schreiben kann. So vereinen sich Beruf und Hobby perfekt \u2013 was gibt es Sch\u00f6neres?\",\"url\":\"https:\\\/\\\/www.samenhaus.de\\\/gartenblog\\\/author\\\/holger\"}]}<\/script>\n<!-- \/ Yoast SEO plugin. -->","yoast_head_json":{"title":"Gartenirrt\u00fcmer \u2013 von D\u00fcnger, Containerpflanzen, M\u00e4usen und duftenden Bl\u00fcten - Samenhaus Gartenblog","description":"Wenn die Gartensaison los geht, werden auch bekannte Gartenirrt\u00fcmer wieder ausgeraben. Diese n\u00e4her unter die Lupe zu nehmen, lohnt sich.","robots":{"index":"index","follow":"follow","max-snippet":"max-snippet:-1","max-image-preview":"max-image-preview:large","max-video-preview":"max-video-preview:-1"},"canonical":"https:\/\/www.samenhaus.de\/gartenblog\/gartenirrtuemer-von-duenger-containerpflanzen-maeusen-und-duftenden-blueten","og_locale":"de_DE","og_type":"article","og_title":"Gartenirrt\u00fcmer \u2013 von D\u00fcnger, Containerpflanzen, M\u00e4usen und duftenden Bl\u00fcten - Samenhaus Gartenblog","og_description":"Wenn die Gartensaison los geht, werden auch bekannte Gartenirrt\u00fcmer wieder ausgeraben. Diese n\u00e4her unter die Lupe zu nehmen, lohnt sich.","og_url":"https:\/\/www.samenhaus.de\/gartenblog\/gartenirrtuemer-von-duenger-containerpflanzen-maeusen-und-duftenden-blueten","og_site_name":"Samenhaus Gartenblog","article_publisher":"https:\/\/de-de.facebook.com\/samenhaus","article_published_time":"2023-07-15T09:00:25+00:00","article_modified_time":"2023-12-21T13:51:22+00:00","og_image":[{"width":847,"height":563,"url":"https:\/\/www.samenhaus.de\/gartenblog\/wp-content\/uploads\/2023\/06\/Gartenirrtuemer-Maeuse-Duftende-Blueten_38013854.jpg","type":"image\/jpeg"}],"author":"Holger","twitter_card":"summary_large_image","twitter_creator":"@samenhaus","twitter_site":"@samenhaus","twitter_misc":{"Verfasst von":"Holger","Gesch\u00e4tzte Lesezeit":"8\u00a0Minuten"},"schema":{"@context":"https:\/\/schema.org","@graph":[{"@type":"Article","@id":"https:\/\/www.samenhaus.de\/gartenblog\/gartenirrtuemer-von-duenger-containerpflanzen-maeusen-und-duftenden-blueten#article","isPartOf":{"@id":"https:\/\/www.samenhaus.de\/gartenblog\/gartenirrtuemer-von-duenger-containerpflanzen-maeusen-und-duftenden-blueten"},"author":{"name":"Holger","@id":"https:\/\/www.samenhaus.de\/gartenblog\/#\/schema\/person\/de169769587431893823f62b2ce06c04"},"headline":"Gartenirrt\u00fcmer \u2013 von D\u00fcnger, Containerpflanzen, M\u00e4usen und duftenden Bl\u00fcten","datePublished":"2023-07-15T09:00:25+00:00","dateModified":"2023-12-21T13:51:22+00:00","mainEntityOfPage":{"@id":"https:\/\/www.samenhaus.de\/gartenblog\/gartenirrtuemer-von-duenger-containerpflanzen-maeusen-und-duftenden-blueten"},"wordCount":1374,"commentCount":0,"publisher":{"@id":"https:\/\/www.samenhaus.de\/gartenblog\/#organization"},"image":{"@id":"https:\/\/www.samenhaus.de\/gartenblog\/gartenirrtuemer-von-duenger-containerpflanzen-maeusen-und-duftenden-blueten#primaryimage"},"thumbnailUrl":"https:\/\/www.samenhaus.de\/gartenblog\/wp-content\/uploads\/2023\/06\/Gartenirrtuemer-Maeuse-Duftende-Blueten_38013854.jpg","inLanguage":"de","potentialAction":[{"@type":"CommentAction","name":"Comment","target":["https:\/\/www.samenhaus.de\/gartenblog\/gartenirrtuemer-von-duenger-containerpflanzen-maeusen-und-duftenden-blueten#respond"]}],"copyrightYear":"2023","copyrightHolder":{"@id":"https:\/\/www.samenhaus.de\/gartenblog\/#organization"}},{"@type":"WebPage","@id":"https:\/\/www.samenhaus.de\/gartenblog\/gartenirrtuemer-von-duenger-containerpflanzen-maeusen-und-duftenden-blueten","url":"https:\/\/www.samenhaus.de\/gartenblog\/gartenirrtuemer-von-duenger-containerpflanzen-maeusen-und-duftenden-blueten","name":"Gartenirrt\u00fcmer \u2013 von D\u00fcnger, Containerpflanzen, M\u00e4usen und duftenden Bl\u00fcten - Samenhaus Gartenblog","isPartOf":{"@id":"https:\/\/www.samenhaus.de\/gartenblog\/#website"},"primaryImageOfPage":{"@id":"https:\/\/www.samenhaus.de\/gartenblog\/gartenirrtuemer-von-duenger-containerpflanzen-maeusen-und-duftenden-blueten#primaryimage"},"image":{"@id":"https:\/\/www.samenhaus.de\/gartenblog\/gartenirrtuemer-von-duenger-containerpflanzen-maeusen-und-duftenden-blueten#primaryimage"},"thumbnailUrl":"https:\/\/www.samenhaus.de\/gartenblog\/wp-content\/uploads\/2023\/06\/Gartenirrtuemer-Maeuse-Duftende-Blueten_38013854.jpg","datePublished":"2023-07-15T09:00:25+00:00","dateModified":"2023-12-21T13:51:22+00:00","description":"Wenn die Gartensaison los geht, werden auch bekannte Gartenirrt\u00fcmer wieder ausgeraben. Diese n\u00e4her unter die Lupe zu nehmen, lohnt sich.","breadcrumb":{"@id":"https:\/\/www.samenhaus.de\/gartenblog\/gartenirrtuemer-von-duenger-containerpflanzen-maeusen-und-duftenden-blueten#breadcrumb"},"inLanguage":"de","potentialAction":[{"@type":"ReadAction","target":["https:\/\/www.samenhaus.de\/gartenblog\/gartenirrtuemer-von-duenger-containerpflanzen-maeusen-und-duftenden-blueten"]}]},{"@type":"ImageObject","inLanguage":"de","@id":"https:\/\/www.samenhaus.de\/gartenblog\/gartenirrtuemer-von-duenger-containerpflanzen-maeusen-und-duftenden-blueten#primaryimage","url":"https:\/\/www.samenhaus.de\/gartenblog\/wp-content\/uploads\/2023\/06\/Gartenirrtuemer-Maeuse-Duftende-Blueten_38013854.jpg","contentUrl":"https:\/\/www.samenhaus.de\/gartenblog\/wp-content\/uploads\/2023\/06\/Gartenirrtuemer-Maeuse-Duftende-Blueten_38013854.jpg","width":847,"height":563,"caption":"Gartenirrt\u00fcmer Maus"},{"@type":"BreadcrumbList","@id":"https:\/\/www.samenhaus.de\/gartenblog\/gartenirrtuemer-von-duenger-containerpflanzen-maeusen-und-duftenden-blueten#breadcrumb","itemListElement":[{"@type":"ListItem","position":1,"name":"Startseite","item":"https:\/\/www.samenhaus.de\/gartenblog\/"},{"@type":"ListItem","position":2,"name":"Gartenirrt\u00fcmer \u2013 von D\u00fcnger, Containerpflanzen, M\u00e4usen und duftenden Bl\u00fcten"}]},{"@type":"WebSite","@id":"https:\/\/www.samenhaus.de\/gartenblog\/#website","url":"https:\/\/www.samenhaus.de\/gartenblog\/","name":"Samenhaus Gartenblog","description":"","publisher":{"@id":"https:\/\/www.samenhaus.de\/gartenblog\/#organization"},"potentialAction":[{"@type":"SearchAction","target":{"@type":"EntryPoint","urlTemplate":"https:\/\/www.samenhaus.de\/gartenblog\/?s={search_term_string}"},"query-input":{"@type":"PropertyValueSpecification","valueRequired":true,"valueName":"search_term_string"}}],"inLanguage":"de"},{"@type":"Organization","@id":"https:\/\/www.samenhaus.de\/gartenblog\/#organization","name":"Samenhaus.de Gartenblog","url":"https:\/\/www.samenhaus.de\/gartenblog\/","logo":{"@type":"ImageObject","inLanguage":"de","@id":"https:\/\/www.samenhaus.de\/gartenblog\/#\/schema\/logo\/image\/","url":"https:\/\/www.samenhaus.de\/gartenblog\/wp-content\/uploads\/2020\/11\/logo.svg","contentUrl":"https:\/\/www.samenhaus.de\/gartenblog\/wp-content\/uploads\/2020\/11\/logo.svg","width":1,"height":1,"caption":"Samenhaus.de Gartenblog"},"image":{"@id":"https:\/\/www.samenhaus.de\/gartenblog\/#\/schema\/logo\/image\/"},"sameAs":["https:\/\/de-de.facebook.com\/samenhaus","https:\/\/x.com\/samenhaus"]},{"@type":"Person","@id":"https:\/\/www.samenhaus.de\/gartenblog\/#\/schema\/person\/de169769587431893823f62b2ce06c04","name":"Holger","image":{"@type":"ImageObject","inLanguage":"de","@id":"https:\/\/www.samenhaus.de\/gartenblog\/wp-content\/uploads\/2026\/03\/Holger-150x150.png","url":"https:\/\/www.samenhaus.de\/gartenblog\/wp-content\/uploads\/2026\/03\/Holger-150x150.png","contentUrl":"https:\/\/www.samenhaus.de\/gartenblog\/wp-content\/uploads\/2026\/03\/Holger-150x150.png","caption":"Holger"},"description":"6.000.000 W\u00f6rter \u2013 so viel k\u00f6nnen Sie in etwa von mir online lesen. Das F\u00fcllen des Internets entwickelte sich nach meiner Ausbildung zum TV-Redakteur und der langj\u00e4hrigen Arbeit bei SAT.1 zu einem Fulltime-Job. Trotzdem finde ich noch gen\u00fcgend Zeit, um in meinem Garten zu werkeln. Eine Staude hier, ein Bl\u00fcmchen dort und ein bisschen Gem\u00fcse darf auch nicht fehlen \u2013 einen Schnitzelbaum gibt es ja noch nicht \u2026 Die besten geistigen Erg\u00fcsse habe ich \u00fcbrigens, wenn ich IM Garten \u00dcBER den Garten schreiben kann. So vereinen sich Beruf und Hobby perfekt \u2013 was gibt es Sch\u00f6neres?","url":"https:\/\/www.samenhaus.de\/gartenblog\/author\/holger"}]}},"wp-worthy-pixel":{"ignored":false,"public":"5d494752d50a42b4affc5deaf2d5fec2","server":"vg08.met.vgwort.de","url":"https:\/\/vg08.met.vgwort.de\/na\/5d494752d50a42b4affc5deaf2d5fec2"},"wp-worthy-type":"normal","_links":{"self":[{"href":"https:\/\/www.samenhaus.de\/gartenblog\/wp-json\/wp\/v2\/posts\/9866","targetHints":{"allow":["GET"]}}],"collection":[{"href":"https:\/\/www.samenhaus.de\/gartenblog\/wp-json\/wp\/v2\/posts"}],"about":[{"href":"https:\/\/www.samenhaus.de\/gartenblog\/wp-json\/wp\/v2\/types\/post"}],"author":[{"embeddable":true,"href":"https:\/\/www.samenhaus.de\/gartenblog\/wp-json\/wp\/v2\/users\/13"}],"replies":[{"embeddable":true,"href":"https:\/\/www.samenhaus.de\/gartenblog\/wp-json\/wp\/v2\/comments?post=9866"}],"version-history":[{"count":6,"href":"https:\/\/www.samenhaus.de\/gartenblog\/wp-json\/wp\/v2\/posts\/9866\/revisions"}],"predecessor-version":[{"id":15998,"href":"https:\/\/www.samenhaus.de\/gartenblog\/wp-json\/wp\/v2\/posts\/9866\/revisions\/15998"}],"wp:featuredmedia":[{"embeddable":true,"href":"https:\/\/www.samenhaus.de\/gartenblog\/wp-json\/wp\/v2\/media\/12141"}],"wp:attachment":[{"href":"https:\/\/www.samenhaus.de\/gartenblog\/wp-json\/wp\/v2\/media?parent=9866"}],"wp:term":[{"taxonomy":"category","embeddable":true,"href":"https:\/\/www.samenhaus.de\/gartenblog\/wp-json\/wp\/v2\/categories?post=9866"},{"taxonomy":"post_tag","embeddable":true,"href":"https:\/\/www.samenhaus.de\/gartenblog\/wp-json\/wp\/v2\/tags?post=9866"},{"taxonomy":"hersteller","embeddable":true,"href":"https:\/\/www.samenhaus.de\/gartenblog\/wp-json\/wp\/v2\/hersteller?post=9866"}],"curies":[{"name":"wp","href":"https:\/\/api.w.org\/{rel}","templated":true}]}}