{"id":12,"name":"Stephanie","url":"","description":"Garten und Pflanzen waren schon immer meine Leidenschaft. Wahrscheinlich deshalb, weil ich damit aufgewachsen bin. Ich verwerte in der Regel alles und mache Lik\u00f6re, Marmeladen und nutze Kr\u00e4uter auch als Heilpflanzen, indem ich \u00d6le und Tinkturen herstelle. Leider habe ich meinen gr\u00fcnen Daumen beim Auswandern nach Spanien in Deutschland vergessen. Langsam kehrt er aber wieder zur\u00fcck und die Anpassung an die neue Klimazone war gar nicht so einfach. Mittlerweile schaffe ich es sogar, dass gekaufter Basilikum \u00fcberlebt.","link":"https:\/\/www.samenhaus.de\/gartenblog\/author\/stephanie","slug":"stephanie","avatar_urls":{"24":"https:\/\/www.samenhaus.de\/gartenblog\/wp-content\/uploads\/2026\/03\/stefanie-80x80.png","48":"https:\/\/www.samenhaus.de\/gartenblog\/wp-content\/uploads\/2026\/03\/stefanie-80x80.png","96":"https:\/\/www.samenhaus.de\/gartenblog\/wp-content\/uploads\/2026\/03\/stefanie-150x150.png"},"meta":[],"acf":[],"yoast_head":"<!-- This site is optimized with the Yoast SEO plugin v27.4 - https:\/\/yoast.com\/product\/yoast-seo-wordpress\/ -->\n<title>Stephanie, Autor bei Samenhaus Gartenblog<\/title>\n<meta name=\"robots\" content=\"index, follow, max-snippet:-1, max-image-preview:large, max-video-preview:-1\" \/>\n<link rel=\"canonical\" href=\"https:\/\/www.samenhaus.de\/gartenblog\/author\/stephanie\" \/>\n<meta property=\"og:locale\" content=\"de_DE\" \/>\n<meta property=\"og:type\" content=\"profile\" \/>\n<meta property=\"og:title\" content=\"Stephanie, Autor bei Samenhaus Gartenblog\" \/>\n<meta property=\"og:url\" content=\"https:\/\/www.samenhaus.de\/gartenblog\/author\/stephanie\" \/>\n<meta property=\"og:site_name\" content=\"Samenhaus Gartenblog\" \/>\n<meta property=\"og:image\" content=\"https:\/\/www.samenhaus.de\/gartenblog\/wp-content\/uploads\/2026\/03\/stefanie.png\" \/>\n\t<meta property=\"og:image:width\" content=\"512\" \/>\n\t<meta property=\"og:image:height\" content=\"512\" \/>\n\t<meta property=\"og:image:type\" content=\"image\/png\" \/>\n<meta name=\"twitter:card\" content=\"summary_large_image\" \/>\n<meta name=\"twitter:site\" content=\"@samenhaus\" \/>\n<script type=\"application\/ld+json\" class=\"yoast-schema-graph\">{\"@context\":\"https:\\\/\\\/schema.org\",\"@graph\":[{\"@type\":\"ProfilePage\",\"@id\":\"https:\\\/\\\/www.samenhaus.de\\\/gartenblog\\\/author\\\/stephanie\",\"url\":\"https:\\\/\\\/www.samenhaus.de\\\/gartenblog\\\/author\\\/stephanie\",\"name\":\"Stephanie, Autor bei Samenhaus Gartenblog\",\"isPartOf\":{\"@id\":\"https:\\\/\\\/www.samenhaus.de\\\/gartenblog\\\/#website\"},\"breadcrumb\":{\"@id\":\"https:\\\/\\\/www.samenhaus.de\\\/gartenblog\\\/author\\\/stephanie#breadcrumb\"},\"inLanguage\":\"de\",\"potentialAction\":[{\"@type\":\"ReadAction\",\"target\":[\"https:\\\/\\\/www.samenhaus.de\\\/gartenblog\\\/author\\\/stephanie\"]}]},{\"@type\":\"BreadcrumbList\",\"@id\":\"https:\\\/\\\/www.samenhaus.de\\\/gartenblog\\\/author\\\/stephanie#breadcrumb\",\"itemListElement\":[{\"@type\":\"ListItem\",\"position\":1,\"name\":\"Startseite\",\"item\":\"https:\\\/\\\/www.samenhaus.de\\\/gartenblog\\\/\"},{\"@type\":\"ListItem\",\"position\":2,\"name\":\"Archive f\u00fcr Stephanie\"}]},{\"@type\":\"WebSite\",\"@id\":\"https:\\\/\\\/www.samenhaus.de\\\/gartenblog\\\/#website\",\"url\":\"https:\\\/\\\/www.samenhaus.de\\\/gartenblog\\\/\",\"name\":\"Samenhaus Gartenblog\",\"description\":\"\",\"publisher\":{\"@id\":\"https:\\\/\\\/www.samenhaus.de\\\/gartenblog\\\/#organization\"},\"potentialAction\":[{\"@type\":\"SearchAction\",\"target\":{\"@type\":\"EntryPoint\",\"urlTemplate\":\"https:\\\/\\\/www.samenhaus.de\\\/gartenblog\\\/?s={search_term_string}\"},\"query-input\":{\"@type\":\"PropertyValueSpecification\",\"valueRequired\":true,\"valueName\":\"search_term_string\"}}],\"inLanguage\":\"de\"},{\"@type\":\"Organization\",\"@id\":\"https:\\\/\\\/www.samenhaus.de\\\/gartenblog\\\/#organization\",\"name\":\"Samenhaus.de Gartenblog\",\"url\":\"https:\\\/\\\/www.samenhaus.de\\\/gartenblog\\\/\",\"logo\":{\"@type\":\"ImageObject\",\"inLanguage\":\"de\",\"@id\":\"https:\\\/\\\/www.samenhaus.de\\\/gartenblog\\\/#\\\/schema\\\/logo\\\/image\\\/\",\"url\":\"https:\\\/\\\/www.samenhaus.de\\\/gartenblog\\\/wp-content\\\/uploads\\\/2020\\\/11\\\/logo.svg\",\"contentUrl\":\"https:\\\/\\\/www.samenhaus.de\\\/gartenblog\\\/wp-content\\\/uploads\\\/2020\\\/11\\\/logo.svg\",\"width\":1,\"height\":1,\"caption\":\"Samenhaus.de Gartenblog\"},\"image\":{\"@id\":\"https:\\\/\\\/www.samenhaus.de\\\/gartenblog\\\/#\\\/schema\\\/logo\\\/image\\\/\"},\"sameAs\":[\"https:\\\/\\\/de-de.facebook.com\\\/samenhaus\",\"https:\\\/\\\/x.com\\\/samenhaus\"]},{\"@type\":\"Person\",\"@id\":\"https:\\\/\\\/www.samenhaus.de\\\/gartenblog\\\/#\\\/schema\\\/person\\\/97f059f6e72cec571c88cb48b4582118\",\"name\":\"Stephanie\",\"image\":{\"@type\":\"ImageObject\",\"inLanguage\":\"de\",\"@id\":\"https:\\\/\\\/www.samenhaus.de\\\/gartenblog\\\/wp-content\\\/uploads\\\/2026\\\/03\\\/stefanie-150x150.png\",\"url\":\"https:\\\/\\\/www.samenhaus.de\\\/gartenblog\\\/wp-content\\\/uploads\\\/2026\\\/03\\\/stefanie-150x150.png\",\"contentUrl\":\"https:\\\/\\\/www.samenhaus.de\\\/gartenblog\\\/wp-content\\\/uploads\\\/2026\\\/03\\\/stefanie-150x150.png\",\"caption\":\"Stephanie\"},\"description\":\"Garten und Pflanzen waren schon immer meine Leidenschaft. Wahrscheinlich deshalb, weil ich damit aufgewachsen bin. Ich verwerte in der Regel alles und mache Lik\u00f6re, Marmeladen und nutze Kr\u00e4uter auch als Heilpflanzen, indem ich \u00d6le und Tinkturen herstelle. Leider habe ich meinen gr\u00fcnen Daumen beim Auswandern nach Spanien in Deutschland vergessen. Langsam kehrt er aber wieder zur\u00fcck und die Anpassung an die neue Klimazone war gar nicht so einfach. Mittlerweile schaffe ich es sogar, dass gekaufter Basilikum \u00fcberlebt.\",\"mainEntityOfPage\":{\"@id\":\"https:\\\/\\\/www.samenhaus.de\\\/gartenblog\\\/author\\\/stephanie\"}}]}<\/script>\n<!-- \/ Yoast SEO plugin. -->","yoast_head_json":{"title":"Stephanie, Autor bei Samenhaus Gartenblog","robots":{"index":"index","follow":"follow","max-snippet":"max-snippet:-1","max-image-preview":"max-image-preview:large","max-video-preview":"max-video-preview:-1"},"canonical":"https:\/\/www.samenhaus.de\/gartenblog\/author\/stephanie","og_locale":"de_DE","og_type":"profile","og_title":"Stephanie, Autor bei Samenhaus Gartenblog","og_url":"https:\/\/www.samenhaus.de\/gartenblog\/author\/stephanie","og_site_name":"Samenhaus Gartenblog","og_image":[{"width":512,"height":512,"url":"https:\/\/www.samenhaus.de\/gartenblog\/wp-content\/uploads\/2026\/03\/stefanie.png","type":"image\/png"}],"twitter_card":"summary_large_image","twitter_site":"@samenhaus","schema":{"@context":"https:\/\/schema.org","@graph":[{"@type":"ProfilePage","@id":"https:\/\/www.samenhaus.de\/gartenblog\/author\/stephanie","url":"https:\/\/www.samenhaus.de\/gartenblog\/author\/stephanie","name":"Stephanie, Autor bei Samenhaus Gartenblog","isPartOf":{"@id":"https:\/\/www.samenhaus.de\/gartenblog\/#website"},"breadcrumb":{"@id":"https:\/\/www.samenhaus.de\/gartenblog\/author\/stephanie#breadcrumb"},"inLanguage":"de","potentialAction":[{"@type":"ReadAction","target":["https:\/\/www.samenhaus.de\/gartenblog\/author\/stephanie"]}]},{"@type":"BreadcrumbList","@id":"https:\/\/www.samenhaus.de\/gartenblog\/author\/stephanie#breadcrumb","itemListElement":[{"@type":"ListItem","position":1,"name":"Startseite","item":"https:\/\/www.samenhaus.de\/gartenblog\/"},{"@type":"ListItem","position":2,"name":"Archive f\u00fcr Stephanie"}]},{"@type":"WebSite","@id":"https:\/\/www.samenhaus.de\/gartenblog\/#website","url":"https:\/\/www.samenhaus.de\/gartenblog\/","name":"Samenhaus Gartenblog","description":"","publisher":{"@id":"https:\/\/www.samenhaus.de\/gartenblog\/#organization"},"potentialAction":[{"@type":"SearchAction","target":{"@type":"EntryPoint","urlTemplate":"https:\/\/www.samenhaus.de\/gartenblog\/?s={search_term_string}"},"query-input":{"@type":"PropertyValueSpecification","valueRequired":true,"valueName":"search_term_string"}}],"inLanguage":"de"},{"@type":"Organization","@id":"https:\/\/www.samenhaus.de\/gartenblog\/#organization","name":"Samenhaus.de Gartenblog","url":"https:\/\/www.samenhaus.de\/gartenblog\/","logo":{"@type":"ImageObject","inLanguage":"de","@id":"https:\/\/www.samenhaus.de\/gartenblog\/#\/schema\/logo\/image\/","url":"https:\/\/www.samenhaus.de\/gartenblog\/wp-content\/uploads\/2020\/11\/logo.svg","contentUrl":"https:\/\/www.samenhaus.de\/gartenblog\/wp-content\/uploads\/2020\/11\/logo.svg","width":1,"height":1,"caption":"Samenhaus.de Gartenblog"},"image":{"@id":"https:\/\/www.samenhaus.de\/gartenblog\/#\/schema\/logo\/image\/"},"sameAs":["https:\/\/de-de.facebook.com\/samenhaus","https:\/\/x.com\/samenhaus"]},{"@type":"Person","@id":"https:\/\/www.samenhaus.de\/gartenblog\/#\/schema\/person\/97f059f6e72cec571c88cb48b4582118","name":"Stephanie","image":{"@type":"ImageObject","inLanguage":"de","@id":"https:\/\/www.samenhaus.de\/gartenblog\/wp-content\/uploads\/2026\/03\/stefanie-150x150.png","url":"https:\/\/www.samenhaus.de\/gartenblog\/wp-content\/uploads\/2026\/03\/stefanie-150x150.png","contentUrl":"https:\/\/www.samenhaus.de\/gartenblog\/wp-content\/uploads\/2026\/03\/stefanie-150x150.png","caption":"Stephanie"},"description":"Garten und Pflanzen waren schon immer meine Leidenschaft. Wahrscheinlich deshalb, weil ich damit aufgewachsen bin. Ich verwerte in der Regel alles und mache Lik\u00f6re, Marmeladen und nutze Kr\u00e4uter auch als Heilpflanzen, indem ich \u00d6le und Tinkturen herstelle. Leider habe ich meinen gr\u00fcnen Daumen beim Auswandern nach Spanien in Deutschland vergessen. Langsam kehrt er aber wieder zur\u00fcck und die Anpassung an die neue Klimazone war gar nicht so einfach. Mittlerweile schaffe ich es sogar, dass gekaufter Basilikum \u00fcberlebt.","mainEntityOfPage":{"@id":"https:\/\/www.samenhaus.de\/gartenblog\/author\/stephanie"}}]}},"_links":{"self":[{"href":"https:\/\/www.samenhaus.de\/gartenblog\/wp-json\/wp\/v2\/users\/12","targetHints":{"allow":["GET"]}}],"collection":[{"href":"https:\/\/www.samenhaus.de\/gartenblog\/wp-json\/wp\/v2\/users"}]}}